{"id":15533,"date":"2014-09-12T09:00:37","date_gmt":"2014-09-12T07:00:37","guid":{"rendered":"https:\/\/www.gold.fr\/news\/?p=15533"},"modified":"2017-11-02T11:41:18","modified_gmt":"2017-11-02T10:41:18","slug":"evolution-de-lor-des-perspectives-plus-optimistes","status":"publish","type":"post","link":"https:\/\/www.gold.fr\/news\/2014\/09\/12\/evolution-de-lor-des-perspectives-plus-optimistes\/","title":{"rendered":"Evolution de l\u2019or : Des perspectives plus optimistes"},"content":{"rendered":"<p><img loading=\"lazy\" decoding=\"async\" class=\"alignleft size-thumbnail wp-image-13754\" title=\"Evolution de l\u2019or : Des perspectives plus optimistes\" src=\"https:\/\/www.gold.fr\/news\/wp-content\/uploads\/2014\/01\/Perspectives-mitig\u00e9es-150x150.jpg\" alt=\"\" width=\"150\" height=\"150\" \/><span style=\"font-size: small;\">Et ce n&rsquo;est pourtant pas une conjoncture g\u00e9n\u00e9rale favorable qui se profile \u00e0 l&rsquo;horizon. Mais bon nombre d&rsquo;experts se d\u00e9clarent optimistes quant aux perspectives \u00e0 court et moyen terme du march\u00e9 aurif\u00e8re, affirmant que le <a href='https:\/\/www.gold.fr\/news\/tags\/or' class='esk-seo-plu-link'>m\u00e9tal jaune<\/a> pourrait bien profiter d&rsquo;une imminente charni\u00e8re \u00e9conomique am\u00e9ricaine \u2013bien que br\u00e8ve- pour rebondir vers un pic mensuel.<\/span>    <span style=\"font-size: small;\"> Tout cet optimisme fait pourtant suite \u00e0 la publication d&rsquo;un rapport officiel qui a r\u00e9cemment r\u00e9v\u00e9l\u00e9 que l&rsquo;indice de la peur, appel\u00e9 le <strong>VIX<\/strong> et repr\u00e9sentant l&rsquo;outil de mesure professionnel de la volatilit\u00e9 du march\u00e9 actions am\u00e9ricain. Le rapport explique en effet que cette volatilit\u00e9 serait actuellement quasi non-existante, ajoutant que \u00ab <em>ni les troubles g\u00e9opolitiques, ni les mauvaises nouvelles \u00e9conomiques en provenance de la zone euro, ni l&rsquo;av\u00e8nement toujours plus proche d&rsquo;un resserrement mon\u00e9taire aux Etats-Unis n&rsquo;ont r\u00e9ussi pour l&rsquo;instant \u00e0 faire d\u00e9railler s\u00e9rieusement les march\u00e9s<\/em> \u00bb.<\/span>    <span style=\"font-size: small;\"> Cette solidit\u00e9 de  la reprise \u00e9conomique US a d&rsquo;ailleurs \u00e9t\u00e9 confirm\u00e9e, tout au long de la saison estivale, renfor\u00e7ant une performance globalement dans le vert, depuis le d\u00e9but du deuxi\u00e8me trimestre <strong>2014<\/strong>. De quoi, en principe, plomber le march\u00e9 aurif\u00e8re.<\/span>    <span style=\"font-size: small;\"> Mais les analystes internationaux continuent \u00e0 tabler sur un \u00ab r<em>etour du <a href='https:\/\/www.gold.fr\/news\/tags\/or' class='esk-seo-plu-link'>m\u00e9tal jaune<\/a> dans les portefeuilles<\/em> \u00bb, dans la mesure o\u00f9 il demeure \u00ab <em>la meilleure assurance possible, c&rsquo;est-\u00e0-dire la moins ch\u00e8re et la plus efficace<\/em> \u00bb en toutes circonstances. Et avec l&rsquo;attitude obstin\u00e9ment vague et myst\u00e9rieuse des responsables de la <strong>FED<\/strong>, l&rsquo;<a href='https:\/\/www.gold.fr\/news\/tags\/or' class='esk-seo-plu-link'>or<\/a> pourrait bien revenir sur le devant de la sc\u00e8ne plus rapidement que pr\u00e9vu.<\/span><\/p>\n<!-- AddThis Advanced Settings generic via filter on the_content --><!-- AddThis Share Buttons generic via filter on the_content -->","protected":false},"excerpt":{"rendered":"<p>Et ce n&rsquo;est pourtant pas une conjoncture g\u00e9n\u00e9rale favorable qui se profile \u00e0 l&rsquo;horizon. Mais bon nombre d&rsquo;experts se d\u00e9clarent optimistes quant aux perspectives \u00e0 court et moyen terme du march\u00e9 aurif\u00e8re, affirmant que le m\u00e9tal [&hellip;]<\/p>\n","protected":false},"author":18,"featured_media":13754,"comment_status":"open","ping_status":"open","sticky":false,"template":"","format":"standard","meta":{"_mbp_gutenberg_autopost":false,"_pgmb_is_evergreen":false,"_pgmb_ap_template_id":0,"footnotes":""},"categories":[6],"tags":[1167,144,1047],"ppma_author":[2565],"class_list":["post-15533","post","type-post","status-publish","format-standard","has-post-thumbnail","hentry","category-articles-de-presse","tag-evolution-or","tag-fed","tag-marche-aurifere"],"yoast_head":"<!-- This site is optimized with the Yoast SEO plugin v27.5 - https:\/\/yoast.com\/product\/yoast-seo-wordpress\/ -->\n<title>Evolution de l\u2019or : Des perspectives plus optimistes - Gold.fr<\/title>\n<meta name=\"robots\" content=\"index, follow, max-snippet:-1, max-image-preview:large, max-video-preview:-1\" \/>\n<link rel=\"canonical\" href=\"https:\/\/www.gold.fr\/news\/2014\/09\/12\/evolution-de-lor-des-perspectives-plus-optimistes\/\" \/>\n<meta property=\"og:locale\" content=\"fr_FR\" \/>\n<meta property=\"og:type\" content=\"article\" \/>\n<meta property=\"og:title\" content=\"Evolution de l\u2019or : Des perspectives plus optimistes - Gold.fr\" \/>\n<meta property=\"og:description\" content=\"Et ce n&rsquo;est pourtant pas une conjoncture g\u00e9n\u00e9rale favorable qui se profile \u00e0 l&rsquo;horizon. Mais bon nombre d&rsquo;experts se d\u00e9clarent optimistes quant aux perspectives \u00e0 court et moyen terme du march\u00e9 aurif\u00e8re, affirmant que le m\u00e9tal [&hellip;]\" \/>\n<meta property=\"og:url\" content=\"https:\/\/www.gold.fr\/news\/2014\/09\/12\/evolution-de-lor-des-perspectives-plus-optimistes\/\" \/>\n<meta property=\"og:site_name\" content=\"Gold.fr\" \/>\n<meta property=\"article:publisher\" content=\"https:\/\/www.facebook.com\/Goldfr\/\" \/>\n<meta property=\"article:published_time\" content=\"2014-09-12T07:00:37+00:00\" \/>\n<meta property=\"article:modified_time\" content=\"2017-11-02T10:41:18+00:00\" \/>\n<meta property=\"og:image\" content=\"https:\/\/www.gold.fr\/news\/wp-content\/uploads\/2014\/01\/Perspectives-mitig\u00e9es-e1390492763243.jpg\" \/>\n\t<meta property=\"og:image:width\" content=\"600\" \/>\n\t<meta property=\"og:image:height\" content=\"351\" \/>\n\t<meta property=\"og:image:type\" content=\"image\/jpeg\" \/>\n<meta name=\"author\" content=\"Comptoir National de l&#039;Or\" \/>\n<meta name=\"twitter:card\" content=\"summary_large_image\" \/>\n<meta name=\"twitter:label1\" content=\"\u00c9crit par\" \/>\n\t<meta name=\"twitter:data1\" content=\"Comptoir National de l&#039;Or\" \/>\n\t<meta name=\"twitter:label2\" content=\"Dur\u00e9e de lecture estim\u00e9e\" \/>\n\t<meta name=\"twitter:data2\" content=\"1 minute\" \/>\n<script type=\"application\/ld+json\" class=\"yoast-schema-graph\">{\"@context\":\"https:\\\/\\\/schema.org\",\"@graph\":[{\"@type\":\"Article\",\"@id\":\"https:\\\/\\\/www.gold.fr\\\/news\\\/2014\\\/09\\\/12\\\/evolution-de-lor-des-perspectives-plus-optimistes\\\/#article\",\"isPartOf\":{\"@id\":\"https:\\\/\\\/www.gold.fr\\\/news\\\/2014\\\/09\\\/12\\\/evolution-de-lor-des-perspectives-plus-optimistes\\\/\"},\"author\":{\"name\":\"Comptoir National de l'Or\",\"@id\":\"https:\\\/\\\/www.gold.fr\\\/news\\\/#\\\/schema\\\/person\\\/070491b4b4fb7671bf59b3be20302ce9\"},\"headline\":\"Evolution de l\u2019or : Des perspectives plus optimistes\",\"datePublished\":\"2014-09-12T07:00:37+00:00\",\"dateModified\":\"2017-11-02T10:41:18+00:00\",\"mainEntityOfPage\":{\"@id\":\"https:\\\/\\\/www.gold.fr\\\/news\\\/2014\\\/09\\\/12\\\/evolution-de-lor-des-perspectives-plus-optimistes\\\/\"},\"wordCount\":292,\"commentCount\":0,\"image\":{\"@id\":\"https:\\\/\\\/www.gold.fr\\\/news\\\/2014\\\/09\\\/12\\\/evolution-de-lor-des-perspectives-plus-optimistes\\\/#primaryimage\"},\"thumbnailUrl\":\"https:\\\/\\\/www.gold.fr\\\/news\\\/wp-content\\\/uploads\\\/2014\\\/01\\\/Perspectives-mitig\u00e9es-e1390492763243.jpg\",\"keywords\":[\"evolution or\",\"fed\",\"march\u00e9 aurif\u00e8re\"],\"articleSection\":[\"Articles de presse\"],\"inLanguage\":\"fr-FR\"},{\"@type\":\"WebPage\",\"@id\":\"https:\\\/\\\/www.gold.fr\\\/news\\\/2014\\\/09\\\/12\\\/evolution-de-lor-des-perspectives-plus-optimistes\\\/\",\"url\":\"https:\\\/\\\/www.gold.fr\\\/news\\\/2014\\\/09\\\/12\\\/evolution-de-lor-des-perspectives-plus-optimistes\\\/\",\"name\":\"Evolution de l\u2019or : Des perspectives plus optimistes - Gold.fr\",\"isPartOf\":{\"@id\":\"https:\\\/\\\/www.gold.fr\\\/news\\\/#website\"},\"primaryImageOfPage\":{\"@id\":\"https:\\\/\\\/www.gold.fr\\\/news\\\/2014\\\/09\\\/12\\\/evolution-de-lor-des-perspectives-plus-optimistes\\\/#primaryimage\"},\"image\":{\"@id\":\"https:\\\/\\\/www.gold.fr\\\/news\\\/2014\\\/09\\\/12\\\/evolution-de-lor-des-perspectives-plus-optimistes\\\/#primaryimage\"},\"thumbnailUrl\":\"https:\\\/\\\/www.gold.fr\\\/news\\\/wp-content\\\/uploads\\\/2014\\\/01\\\/Perspectives-mitig\u00e9es-e1390492763243.jpg\",\"datePublished\":\"2014-09-12T07:00:37+00:00\",\"dateModified\":\"2017-11-02T10:41:18+00:00\",\"author\":{\"@id\":\"https:\\\/\\\/www.gold.fr\\\/news\\\/#\\\/schema\\\/person\\\/070491b4b4fb7671bf59b3be20302ce9\"},\"breadcrumb\":{\"@id\":\"https:\\\/\\\/www.gold.fr\\\/news\\\/2014\\\/09\\\/12\\\/evolution-de-lor-des-perspectives-plus-optimistes\\\/#breadcrumb\"},\"inLanguage\":\"fr-FR\",\"potentialAction\":[{\"@type\":\"ReadAction\",\"target\":[\"https:\\\/\\\/www.gold.fr\\\/news\\\/2014\\\/09\\\/12\\\/evolution-de-lor-des-perspectives-plus-optimistes\\\/\"]}]},{\"@type\":\"ImageObject\",\"inLanguage\":\"fr-FR\",\"@id\":\"https:\\\/\\\/www.gold.fr\\\/news\\\/2014\\\/09\\\/12\\\/evolution-de-lor-des-perspectives-plus-optimistes\\\/#primaryimage\",\"url\":\"https:\\\/\\\/www.gold.fr\\\/news\\\/wp-content\\\/uploads\\\/2014\\\/01\\\/Perspectives-mitig\u00e9es-e1390492763243.jpg\",\"contentUrl\":\"https:\\\/\\\/www.gold.fr\\\/news\\\/wp-content\\\/uploads\\\/2014\\\/01\\\/Perspectives-mitig\u00e9es-e1390492763243.jpg\",\"width\":\"600\",\"height\":\"351\",\"caption\":\"Or : Un excellent premier trimestre 2016\u2026 Le moment d\u2019acheter ?\"},{\"@type\":\"BreadcrumbList\",\"@id\":\"https:\\\/\\\/www.gold.fr\\\/news\\\/2014\\\/09\\\/12\\\/evolution-de-lor-des-perspectives-plus-optimistes\\\/#breadcrumb\",\"itemListElement\":[{\"@type\":\"ListItem\",\"position\":1,\"name\":\"Accueil\",\"item\":\"https:\\\/\\\/www.gold.fr\\\/\"},{\"@type\":\"ListItem\",\"position\":2,\"name\":\"Actualit\u00e9s\",\"item\":\"https:\\\/\\\/www.gold.fr\\\/news\\\/\"},{\"@type\":\"ListItem\",\"position\":3,\"name\":\"Evolution de l\u2019or : Des perspectives plus optimistes\"}]},{\"@type\":\"WebSite\",\"@id\":\"https:\\\/\\\/www.gold.fr\\\/news\\\/#website\",\"url\":\"https:\\\/\\\/www.gold.fr\\\/news\\\/\",\"name\":\"Gold.fr\",\"description\":\"Actualit\u00e9s de l&#039;Or et des m\u00e9taux pr\u00e9cieux\",\"potentialAction\":[{\"@type\":\"SearchAction\",\"target\":{\"@type\":\"EntryPoint\",\"urlTemplate\":\"https:\\\/\\\/www.gold.fr\\\/news\\\/?s={search_term_string}\"},\"query-input\":{\"@type\":\"PropertyValueSpecification\",\"valueRequired\":true,\"valueName\":\"search_term_string\"}}],\"inLanguage\":\"fr-FR\"},{\"@type\":\"Person\",\"@id\":\"https:\\\/\\\/www.gold.fr\\\/news\\\/#\\\/schema\\\/person\\\/070491b4b4fb7671bf59b3be20302ce9\",\"name\":\"Comptoir National de l'Or\",\"image\":{\"@type\":\"ImageObject\",\"inLanguage\":\"fr-FR\",\"@id\":\"https:\\\/\\\/secure.gravatar.com\\\/avatar\\\/0a2867fd5abe37bed95d5a65e9d58f01756e11efc68af9888dfc50cfa7f65948?s=96&d=mm&r=gb490554db0a38188709de567aa58480d\",\"url\":\"https:\\\/\\\/secure.gravatar.com\\\/avatar\\\/0a2867fd5abe37bed95d5a65e9d58f01756e11efc68af9888dfc50cfa7f65948?s=96&d=mm&r=g\",\"contentUrl\":\"https:\\\/\\\/secure.gravatar.com\\\/avatar\\\/0a2867fd5abe37bed95d5a65e9d58f01756e11efc68af9888dfc50cfa7f65948?s=96&d=mm&r=g\",\"caption\":\"Comptoir National de l'Or\"},\"description\":\"Notre r\u00e9daction est constitu\u00e9e de membres experts dans les m\u00e9tiers de l'\u00e9conomie et la gestion, des Responsables d'agence Comptoir National de l'Or, des analystes financiers qui publient r\u00e9guli\u00e8rement des \u00e9tudes sur les politiques des banques centrales, le cours de l'or, prix de l'or, cours de l'argent, prix de l'argent, cours du platine, cours du palladium,... la situation en zone euro et l'impact de la strat\u00e9gie mon\u00e9taire de la FED. Notre \u00e9quipe scrute \u00e9galement une information plus g\u00e9n\u00e9raliste \u00e0 la recherche d'actualit\u00e9 \\\"p\u00e9pite\\\" \u00e0 vous partager. Depuis 5 ans, nous avons publi\u00e9 un peu plus de 4000 articles qui s'adressent \u00e0 un public large et vari\u00e9 ayant pour objectif de satisfaire votre curiosit\u00e9 et de partager avec vous une certaine fascination pour le m\u00e9tal jaune, le rachat d'or, et pour ceux qui veulent investir dans l'or, vendre leur or tout simplement en savoir plus... Pour tous vos achat or et argent, n'h\u00e9sitez pas \u00e0 prendre rendez-vous dans l'un de nos nombreux comptoirs.\",\"sameAs\":[\"https:\\\/\\\/www.gold.fr\"]}]}<\/script>\n<!-- \/ Yoast SEO plugin. -->","yoast_head_json":{"title":"Evolution de l\u2019or : Des perspectives plus optimistes - Gold.fr","robots":{"index":"index","follow":"follow","max-snippet":"max-snippet:-1","max-image-preview":"max-image-preview:large","max-video-preview":"max-video-preview:-1"},"canonical":"https:\/\/www.gold.fr\/news\/2014\/09\/12\/evolution-de-lor-des-perspectives-plus-optimistes\/","og_locale":"fr_FR","og_type":"article","og_title":"Evolution de l\u2019or : Des perspectives plus optimistes - Gold.fr","og_description":"Et ce n&rsquo;est pourtant pas une conjoncture g\u00e9n\u00e9rale favorable qui se profile \u00e0 l&rsquo;horizon. Mais bon nombre d&rsquo;experts se d\u00e9clarent optimistes quant aux perspectives \u00e0 court et moyen terme du march\u00e9 aurif\u00e8re, affirmant que le m\u00e9tal [&hellip;]","og_url":"https:\/\/www.gold.fr\/news\/2014\/09\/12\/evolution-de-lor-des-perspectives-plus-optimistes\/","og_site_name":"Gold.fr","article_publisher":"https:\/\/www.facebook.com\/Goldfr\/","article_published_time":"2014-09-12T07:00:37+00:00","article_modified_time":"2017-11-02T10:41:18+00:00","og_image":[{"width":600,"height":351,"url":"https:\/\/www.gold.fr\/news\/wp-content\/uploads\/2014\/01\/Perspectives-mitig\u00e9es-e1390492763243.jpg","type":"image\/jpeg"}],"author":"Comptoir National de l'Or","twitter_card":"summary_large_image","twitter_misc":{"\u00c9crit par":"Comptoir National de l'Or","Dur\u00e9e de lecture estim\u00e9e":"1 minute"},"schema":{"@context":"https:\/\/schema.org","@graph":[{"@type":"Article","@id":"https:\/\/www.gold.fr\/news\/2014\/09\/12\/evolution-de-lor-des-perspectives-plus-optimistes\/#article","isPartOf":{"@id":"https:\/\/www.gold.fr\/news\/2014\/09\/12\/evolution-de-lor-des-perspectives-plus-optimistes\/"},"author":{"name":"Comptoir National de l'Or","@id":"https:\/\/www.gold.fr\/news\/#\/schema\/person\/070491b4b4fb7671bf59b3be20302ce9"},"headline":"Evolution de l\u2019or : Des perspectives plus optimistes","datePublished":"2014-09-12T07:00:37+00:00","dateModified":"2017-11-02T10:41:18+00:00","mainEntityOfPage":{"@id":"https:\/\/www.gold.fr\/news\/2014\/09\/12\/evolution-de-lor-des-perspectives-plus-optimistes\/"},"wordCount":292,"commentCount":0,"image":{"@id":"https:\/\/www.gold.fr\/news\/2014\/09\/12\/evolution-de-lor-des-perspectives-plus-optimistes\/#primaryimage"},"thumbnailUrl":"https:\/\/www.gold.fr\/news\/wp-content\/uploads\/2014\/01\/Perspectives-mitig\u00e9es-e1390492763243.jpg","keywords":["evolution or","fed","march\u00e9 aurif\u00e8re"],"articleSection":["Articles de presse"],"inLanguage":"fr-FR"},{"@type":"WebPage","@id":"https:\/\/www.gold.fr\/news\/2014\/09\/12\/evolution-de-lor-des-perspectives-plus-optimistes\/","url":"https:\/\/www.gold.fr\/news\/2014\/09\/12\/evolution-de-lor-des-perspectives-plus-optimistes\/","name":"Evolution de l\u2019or : Des perspectives plus optimistes - Gold.fr","isPartOf":{"@id":"https:\/\/www.gold.fr\/news\/#website"},"primaryImageOfPage":{"@id":"https:\/\/www.gold.fr\/news\/2014\/09\/12\/evolution-de-lor-des-perspectives-plus-optimistes\/#primaryimage"},"image":{"@id":"https:\/\/www.gold.fr\/news\/2014\/09\/12\/evolution-de-lor-des-perspectives-plus-optimistes\/#primaryimage"},"thumbnailUrl":"https:\/\/www.gold.fr\/news\/wp-content\/uploads\/2014\/01\/Perspectives-mitig\u00e9es-e1390492763243.jpg","datePublished":"2014-09-12T07:00:37+00:00","dateModified":"2017-11-02T10:41:18+00:00","author":{"@id":"https:\/\/www.gold.fr\/news\/#\/schema\/person\/070491b4b4fb7671bf59b3be20302ce9"},"breadcrumb":{"@id":"https:\/\/www.gold.fr\/news\/2014\/09\/12\/evolution-de-lor-des-perspectives-plus-optimistes\/#breadcrumb"},"inLanguage":"fr-FR","potentialAction":[{"@type":"ReadAction","target":["https:\/\/www.gold.fr\/news\/2014\/09\/12\/evolution-de-lor-des-perspectives-plus-optimistes\/"]}]},{"@type":"ImageObject","inLanguage":"fr-FR","@id":"https:\/\/www.gold.fr\/news\/2014\/09\/12\/evolution-de-lor-des-perspectives-plus-optimistes\/#primaryimage","url":"https:\/\/www.gold.fr\/news\/wp-content\/uploads\/2014\/01\/Perspectives-mitig\u00e9es-e1390492763243.jpg","contentUrl":"https:\/\/www.gold.fr\/news\/wp-content\/uploads\/2014\/01\/Perspectives-mitig\u00e9es-e1390492763243.jpg","width":"600","height":"351","caption":"Or : Un excellent premier trimestre 2016\u2026 Le moment d\u2019acheter ?"},{"@type":"BreadcrumbList","@id":"https:\/\/www.gold.fr\/news\/2014\/09\/12\/evolution-de-lor-des-perspectives-plus-optimistes\/#breadcrumb","itemListElement":[{"@type":"ListItem","position":1,"name":"Accueil","item":"https:\/\/www.gold.fr\/"},{"@type":"ListItem","position":2,"name":"Actualit\u00e9s","item":"https:\/\/www.gold.fr\/news\/"},{"@type":"ListItem","position":3,"name":"Evolution de l\u2019or : Des perspectives plus optimistes"}]},{"@type":"WebSite","@id":"https:\/\/www.gold.fr\/news\/#website","url":"https:\/\/www.gold.fr\/news\/","name":"Gold.fr","description":"Actualit\u00e9s de l&#039;Or et des m\u00e9taux pr\u00e9cieux","potentialAction":[{"@type":"SearchAction","target":{"@type":"EntryPoint","urlTemplate":"https:\/\/www.gold.fr\/news\/?s={search_term_string}"},"query-input":{"@type":"PropertyValueSpecification","valueRequired":true,"valueName":"search_term_string"}}],"inLanguage":"fr-FR"},{"@type":"Person","@id":"https:\/\/www.gold.fr\/news\/#\/schema\/person\/070491b4b4fb7671bf59b3be20302ce9","name":"Comptoir National de l'Or","image":{"@type":"ImageObject","inLanguage":"fr-FR","@id":"https:\/\/secure.gravatar.com\/avatar\/0a2867fd5abe37bed95d5a65e9d58f01756e11efc68af9888dfc50cfa7f65948?s=96&d=mm&r=gb490554db0a38188709de567aa58480d","url":"https:\/\/secure.gravatar.com\/avatar\/0a2867fd5abe37bed95d5a65e9d58f01756e11efc68af9888dfc50cfa7f65948?s=96&d=mm&r=g","contentUrl":"https:\/\/secure.gravatar.com\/avatar\/0a2867fd5abe37bed95d5a65e9d58f01756e11efc68af9888dfc50cfa7f65948?s=96&d=mm&r=g","caption":"Comptoir National de l'Or"},"description":"Notre r\u00e9daction est constitu\u00e9e de membres experts dans les m\u00e9tiers de l'\u00e9conomie et la gestion, des Responsables d'agence Comptoir National de l'Or, des analystes financiers qui publient r\u00e9guli\u00e8rement des \u00e9tudes sur les politiques des banques centrales, le cours de l'or, prix de l'or, cours de l'argent, prix de l'argent, cours du platine, cours du palladium,... la situation en zone euro et l'impact de la strat\u00e9gie mon\u00e9taire de la FED. Notre \u00e9quipe scrute \u00e9galement une information plus g\u00e9n\u00e9raliste \u00e0 la recherche d'actualit\u00e9 \"p\u00e9pite\" \u00e0 vous partager. Depuis 5 ans, nous avons publi\u00e9 un peu plus de 4000 articles qui s'adressent \u00e0 un public large et vari\u00e9 ayant pour objectif de satisfaire votre curiosit\u00e9 et de partager avec vous une certaine fascination pour le m\u00e9tal jaune, le rachat d'or, et pour ceux qui veulent investir dans l'or, vendre leur or tout simplement en savoir plus... Pour tous vos achat or et argent, n'h\u00e9sitez pas \u00e0 prendre rendez-vous dans l'un de nos nombreux comptoirs.","sameAs":["https:\/\/www.gold.fr"]}]}},"authors":[{"term_id":2565,"user_id":18,"is_guest":0,"slug":"julie","display_name":"Comptoir National de l'Or","avatar_url":"https:\/\/secure.gravatar.com\/avatar\/713f289e398d35ead876c4a4cc08607f0d6d266058cfc25683fffb6092d0e572?s=96&d=mm&r=g","0":null,"1":"","2":"","3":"","4":"","5":"","6":"","7":"","8":""}],"_links":{"self":[{"href":"https:\/\/www.gold.fr\/news\/wp-json\/wp\/v2\/posts\/15533","targetHints":{"allow":["GET"]}}],"collection":[{"href":"https:\/\/www.gold.fr\/news\/wp-json\/wp\/v2\/posts"}],"about":[{"href":"https:\/\/www.gold.fr\/news\/wp-json\/wp\/v2\/types\/post"}],"author":[{"embeddable":true,"href":"https:\/\/www.gold.fr\/news\/wp-json\/wp\/v2\/users\/18"}],"replies":[{"embeddable":true,"href":"https:\/\/www.gold.fr\/news\/wp-json\/wp\/v2\/comments?post=15533"}],"version-history":[{"count":0,"href":"https:\/\/www.gold.fr\/news\/wp-json\/wp\/v2\/posts\/15533\/revisions"}],"wp:featuredmedia":[{"embeddable":true,"href":"https:\/\/www.gold.fr\/news\/wp-json\/wp\/v2\/media\/13754"}],"wp:attachment":[{"href":"https:\/\/www.gold.fr\/news\/wp-json\/wp\/v2\/media?parent=15533"}],"wp:term":[{"taxonomy":"category","embeddable":true,"href":"https:\/\/www.gold.fr\/news\/wp-json\/wp\/v2\/categories?post=15533"},{"taxonomy":"post_tag","embeddable":true,"href":"https:\/\/www.gold.fr\/news\/wp-json\/wp\/v2\/tags?post=15533"},{"taxonomy":"author","embeddable":true,"href":"https:\/\/www.gold.fr\/news\/wp-json\/wp\/v2\/ppma_author?post=15533"}],"curies":[{"name":"wp","href":"https:\/\/api.w.org\/{rel}","templated":true}]}}