{"id":15514,"date":"2014-09-11T18:21:37","date_gmt":"2014-09-11T16:21:37","guid":{"rendered":"https:\/\/www.gold.fr\/news\/?p=15514"},"modified":"2021-01-13T16:16:08","modified_gmt":"2021-01-13T15:16:08","slug":"demande-dor-des-banques-centrales-au-second-trimestre","status":"publish","type":"post","link":"https:\/\/www.gold.fr\/news\/2014\/09\/11\/demande-dor-des-banques-centrales-au-second-trimestre\/","title":{"rendered":"Demande d\u2019or des banques centrales au second trimestre"},"content":{"rendered":"<p><a href=\"https:\/\/www.gold.fr\/news\/wp-content\/uploads\/2014\/09\/CBGA.jpg\"><img loading=\"lazy\" decoding=\"async\" class=\"alignleft size-thumbnail wp-image-15522\" src=\"https:\/\/www.gold.fr\/news\/wp-content\/uploads\/2014\/09\/CBGA-150x150.jpg\" alt=\"\" width=\"150\" height=\"150\" srcset=\"https:\/\/www.gold.fr\/news\/wp-content\/uploads\/2014\/09\/CBGA-150x150.jpg 150w, https:\/\/www.gold.fr\/news\/wp-content\/uploads\/2014\/09\/CBGA-80x80.jpg 80w, https:\/\/www.gold.fr\/news\/wp-content\/uploads\/2014\/09\/CBGA-1x1.jpg 1w\" sizes=\"auto, (max-width: 150px) 100vw, 150px\" \/><\/a>Les achats nets des banques centrales au cours de ce second trimestre ont totalis\u00e9 117,8 tonnes. Il s&rsquo;agit du 14\u00e8me trimestre cons\u00e9cutif d&rsquo;achats nets, soit 28% de plus par rapport \u00e0 2013. En termes de valeur, cela repr\u00e9sente 4,9 Milliards de dollars. Et les <a href=\"https:\/\/www.gold.fr\/achat-or\/\">achats d\u2019or<\/a> depuis \u00a0le d\u00e9but de l&rsquo;ann\u00e9e s&rsquo;\u00e9l\u00e8vent \u00e0 242,1 tonnes. Les banques centrales des march\u00e9s \u00e9mergents demeurent les principales acheteuses d&rsquo;<a class=\"esk-seo-plu-link\" href=\"https:\/\/www.gold.fr\/news\/tags\/or\">or<\/a> avec la Russie (54 tonnes), le Kazakhstan (7 tonnes) et le Tajikistan (3 tonnes). Par ailleurs, le Mexique, la Serbie et le Kyrgyzstan ont \u00e9galement augment\u00e9 leurs r\u00e9serves d&rsquo;<a class=\"esk-seo-plu-link\" href=\"https:\/\/www.gold.fr\/news\/tags\/or\">or<\/a>, mais avec des quantit\u00e9s plus faibles (moins de 1 tonne). Un cas particulier cependant, celui de l&rsquo;Equateur, qui a engag\u00e9 ses r\u00e9serves d&rsquo;<a class=\"esk-seo-plu-link\" href=\"https:\/\/www.gold.fr\/news\/tags\/or\">or<\/a> dans un \u00ab\u00a0swap\u00a0\u00bb avec Goldman Sachs, en vue d&rsquo;accroitre ses liquidit\u00e9s. Voici un graphique retra\u00e7ant les achats d&rsquo;<a class=\"esk-seo-plu-link\" href=\"https:\/\/www.gold.fr\/news\/tags\/or\">or<\/a> par les banques centrales depuis 2011: *H1 : premi\u00e8re moiti\u00e9 de l&rsquo;ann\u00e9e <a href=\"https:\/\/www.gold.fr\/news\/wp-content\/uploads\/2014\/09\/Graphique-or-bc1.jpg\"><img loading=\"lazy\" decoding=\"async\" class=\"aligncenter size-full wp-image-15517\" src=\"https:\/\/www.gold.fr\/news\/wp-content\/uploads\/2014\/09\/Graphique-or-bc1.jpg\" alt=\"\" width=\"574\" height=\"268\" srcset=\"https:\/\/www.gold.fr\/news\/wp-content\/uploads\/2014\/09\/Graphique-or-bc1.jpg 574w, https:\/\/www.gold.fr\/news\/wp-content\/uploads\/2014\/09\/Graphique-or-bc1-300x140.jpg 300w, https:\/\/www.gold.fr\/news\/wp-content\/uploads\/2014\/09\/Graphique-or-bc1-2x1.jpg 2w\" sizes=\"auto, (max-width: 574px) 100vw, 574px\" \/><\/a> \u00a0 \u00a0 Le second trimestre a \u00e9t\u00e9 marqu\u00e9 par un \u00e9l\u00e9ment cl\u00e9, avec l&rsquo;annonce d&rsquo;un quatri\u00e8me Central Bank Gold Agreement. Celui-ci a eu lieu le 19 mai dernier par les banques centrales de la zone euro, de Su\u00e8de, de Suisse ainsi que la Banque Centrale Europ\u00e9enne. Dans le souci de clarifier leurs intentions par rapport \u00e0 leurs avoirs en\u00a0<a href=\"https:\/\/www.gold.fr\/cours-or-prix-de-l-or\/\">or<\/a>, les signataires ont fait la d\u00e9claration suivante\u00a0: \u00ab\u00a0L&rsquo;<a class=\"esk-seo-plu-link\" href=\"https:\/\/www.gold.fr\/news\/tags\/or\">or<\/a> demeure un \u00e9l\u00e9ment important des r\u00e9serves mon\u00e9taires mondiales\u00a0\u00bb \u00ab\u00a0Les signataires continueront de coordonn\u00e9es leurs op\u00e9rations sur l&rsquo;<a class=\"esk-seo-plu-link\" href=\"https:\/\/www.gold.fr\/news\/tags\/or\">or<\/a> afin d&rsquo;\u00e9viter les perturbations du march\u00e9\u00a0\u00bb \u00ab\u00a0Les signataires n&rsquo;ont aucunement l&rsquo;intention de\u00a0<a href=\"https:\/\/www.gold.fr\/cours-or-prix-de-l-or\/lingot-1-kg\/\">vendre des quantit\u00e9s d\u2019or<\/a>\u00a0importantes\u00a0\u00bb Cet accord s&rsquo;appliquera \u00e0 compter du 27 septembre apr\u00e8s l&rsquo;expiration du pr\u00e9c\u00e9dent accord, il sera revu au bout de cinq ans. Au cours de ce trimestre, les ventes d&rsquo;<a class=\"esk-seo-plu-link\" href=\"https:\/\/www.gold.fr\/news\/tags\/or\">or<\/a> des banques centrales n&rsquo;ont pas d\u00e9pass\u00e9 les 2,5 tonnes, avec une nouvelle fois l&rsquo;Allemagne en t\u00eate, du fait de son programme de frappe de <a class=\"esk-seo-plu-link\" href=\"https:\/\/www.gold.fr\/news\/tags\/piece-dor\">pi\u00e8ces d&rsquo;or<\/a>. Les \u00e9v\u00e8nements \u00e9conomiques et g\u00e9opolitiques plongent le monde dans un climat charg\u00e9 d&rsquo;incertitudes et d&rsquo;instabilit\u00e9. Il est ind\u00e9niable, \u00e0 fortiori dans ce contexte, que les banques centrales continuent de vouloir g\u00e9rer les risques de fa\u00e7on optimale \u00e0 travers la diversification de leurs r\u00e9serves\u2026gr\u00e2ce \u00e0 l&rsquo;<a class=\"esk-seo-plu-link\" href=\"https:\/\/www.gold.fr\/news\/tags\/or\">or<\/a>\u00a0!<\/p>\n<p style=\"text-align: right;\">Feriel Belhassen<\/p>\n<p style=\"text-align: right;\">R\u00e9dactrice gold.fr<\/p>\n<p style=\"text-align: right;\">(Source : World Gold Council)<\/p>\n<p>&nbsp;<\/p>\n<!-- AddThis Advanced Settings generic via filter on the_content --><!-- AddThis Share Buttons generic via filter on the_content -->","protected":false},"excerpt":{"rendered":"<p>Les achats nets des banques centrales au cours de ce second trimestre ont totalis\u00e9 117,8 tonnes. Il s&rsquo;agit du 14\u00e8me trimestre cons\u00e9cutif d&rsquo;achats nets, soit 28% de plus par rapport \u00e0 2013. En termes de valeur, [&hellip;]<\/p>\n","protected":false},"author":18,"featured_media":15523,"comment_status":"closed","ping_status":"closed","sticky":false,"template":"","format":"standard","meta":{"_mbp_gutenberg_autopost":false,"_pgmb_is_evergreen":false,"_pgmb_ap_template_id":0,"footnotes":""},"categories":[4],"tags":[1023,137,76],"ppma_author":[2565],"class_list":["post-15514","post","type-post","status-publish","format-standard","has-post-thumbnail","hentry","category-analyses-economiques","tag-banque-centrale","tag-demande-dor","tag-or"],"yoast_head":"<!-- This site is optimized with the Yoast SEO plugin v27.5 - https:\/\/yoast.com\/product\/yoast-seo-wordpress\/ -->\n<title>Demande d\u2019or des banques centrales au second trimestre - Gold.fr<\/title>\n<meta name=\"description\" content=\"Demande d\u2019or des banques centrales au second trimestre. Toute l&#039;actualit\u00e9 sur l&#039;or et l&#039;\u00e9volution du cours de l&#039;or, de l&#039;argent et d&#039;autres m\u00e9taux pr\u00e9cieux en direct sur Gold.fr.\" \/>\n<meta name=\"robots\" content=\"index, follow, max-snippet:-1, max-image-preview:large, max-video-preview:-1\" \/>\n<link rel=\"canonical\" href=\"https:\/\/www.gold.fr\/news\/2014\/09\/11\/demande-dor-des-banques-centrales-au-second-trimestre\/\" \/>\n<meta property=\"og:locale\" content=\"fr_FR\" \/>\n<meta property=\"og:type\" content=\"article\" \/>\n<meta property=\"og:title\" content=\"Demande d\u2019or des banques centrales au second trimestre - Gold.fr\" \/>\n<meta property=\"og:description\" content=\"Demande d\u2019or des banques centrales au second trimestre. Toute l&#039;actualit\u00e9 sur l&#039;or et l&#039;\u00e9volution du cours de l&#039;or, de l&#039;argent et d&#039;autres m\u00e9taux pr\u00e9cieux en direct sur Gold.fr.\" \/>\n<meta property=\"og:url\" content=\"https:\/\/www.gold.fr\/news\/2014\/09\/11\/demande-dor-des-banques-centrales-au-second-trimestre\/\" \/>\n<meta property=\"og:site_name\" content=\"Gold.fr\" \/>\n<meta property=\"article:publisher\" content=\"https:\/\/www.facebook.com\/Goldfr\/\" \/>\n<meta property=\"article:published_time\" content=\"2014-09-11T16:21:37+00:00\" \/>\n<meta property=\"article:modified_time\" content=\"2021-01-13T15:16:08+00:00\" \/>\n<meta property=\"og:image\" content=\"https:\/\/www.gold.fr\/news\/wp-content\/uploads\/2014\/09\/Achats-or-BC.jpg\" \/>\n\t<meta property=\"og:image:width\" content=\"750\" \/>\n\t<meta property=\"og:image:height\" content=\"637\" \/>\n\t<meta property=\"og:image:type\" content=\"image\/jpeg\" \/>\n<meta name=\"author\" content=\"Comptoir National de l&#039;Or\" \/>\n<meta name=\"twitter:card\" content=\"summary_large_image\" \/>\n<meta name=\"twitter:label1\" content=\"\u00c9crit par\" \/>\n\t<meta name=\"twitter:data1\" content=\"Comptoir National de l&#039;Or\" \/>\n\t<meta name=\"twitter:label2\" content=\"Dur\u00e9e de lecture estim\u00e9e\" \/>\n\t<meta name=\"twitter:data2\" content=\"2 minutes\" \/>\n<script type=\"application\/ld+json\" class=\"yoast-schema-graph\">{\"@context\":\"https:\\\/\\\/schema.org\",\"@graph\":[{\"@type\":\"Article\",\"@id\":\"https:\\\/\\\/www.gold.fr\\\/news\\\/2014\\\/09\\\/11\\\/demande-dor-des-banques-centrales-au-second-trimestre\\\/#article\",\"isPartOf\":{\"@id\":\"https:\\\/\\\/www.gold.fr\\\/news\\\/2014\\\/09\\\/11\\\/demande-dor-des-banques-centrales-au-second-trimestre\\\/\"},\"author\":{\"name\":\"Comptoir National de l'Or\",\"@id\":\"https:\\\/\\\/www.gold.fr\\\/news\\\/#\\\/schema\\\/person\\\/070491b4b4fb7671bf59b3be20302ce9\"},\"headline\":\"Demande d\u2019or des banques centrales au second trimestre\",\"datePublished\":\"2014-09-11T16:21:37+00:00\",\"dateModified\":\"2021-01-13T15:16:08+00:00\",\"mainEntityOfPage\":{\"@id\":\"https:\\\/\\\/www.gold.fr\\\/news\\\/2014\\\/09\\\/11\\\/demande-dor-des-banques-centrales-au-second-trimestre\\\/\"},\"wordCount\":414,\"image\":{\"@id\":\"https:\\\/\\\/www.gold.fr\\\/news\\\/2014\\\/09\\\/11\\\/demande-dor-des-banques-centrales-au-second-trimestre\\\/#primaryimage\"},\"thumbnailUrl\":\"https:\\\/\\\/www.gold.fr\\\/news\\\/wp-content\\\/uploads\\\/2014\\\/09\\\/Achats-or-BC.jpg\",\"keywords\":[\"Banque centrale\",\"demande d'or\",\"Or\"],\"articleSection\":[\"Analyses Economiques\"],\"inLanguage\":\"fr-FR\"},{\"@type\":\"WebPage\",\"@id\":\"https:\\\/\\\/www.gold.fr\\\/news\\\/2014\\\/09\\\/11\\\/demande-dor-des-banques-centrales-au-second-trimestre\\\/\",\"url\":\"https:\\\/\\\/www.gold.fr\\\/news\\\/2014\\\/09\\\/11\\\/demande-dor-des-banques-centrales-au-second-trimestre\\\/\",\"name\":\"Demande d\u2019or des banques centrales au second trimestre - Gold.fr\",\"isPartOf\":{\"@id\":\"https:\\\/\\\/www.gold.fr\\\/news\\\/#website\"},\"primaryImageOfPage\":{\"@id\":\"https:\\\/\\\/www.gold.fr\\\/news\\\/2014\\\/09\\\/11\\\/demande-dor-des-banques-centrales-au-second-trimestre\\\/#primaryimage\"},\"image\":{\"@id\":\"https:\\\/\\\/www.gold.fr\\\/news\\\/2014\\\/09\\\/11\\\/demande-dor-des-banques-centrales-au-second-trimestre\\\/#primaryimage\"},\"thumbnailUrl\":\"https:\\\/\\\/www.gold.fr\\\/news\\\/wp-content\\\/uploads\\\/2014\\\/09\\\/Achats-or-BC.jpg\",\"datePublished\":\"2014-09-11T16:21:37+00:00\",\"dateModified\":\"2021-01-13T15:16:08+00:00\",\"author\":{\"@id\":\"https:\\\/\\\/www.gold.fr\\\/news\\\/#\\\/schema\\\/person\\\/070491b4b4fb7671bf59b3be20302ce9\"},\"description\":\"Demande d\u2019or des banques centrales au second trimestre. Toute l'actualit\u00e9 sur l'or et l'\u00e9volution du cours de l'or, de l'argent et d'autres m\u00e9taux pr\u00e9cieux en direct sur Gold.fr.\",\"breadcrumb\":{\"@id\":\"https:\\\/\\\/www.gold.fr\\\/news\\\/2014\\\/09\\\/11\\\/demande-dor-des-banques-centrales-au-second-trimestre\\\/#breadcrumb\"},\"inLanguage\":\"fr-FR\",\"potentialAction\":[{\"@type\":\"ReadAction\",\"target\":[\"https:\\\/\\\/www.gold.fr\\\/news\\\/2014\\\/09\\\/11\\\/demande-dor-des-banques-centrales-au-second-trimestre\\\/\"]}]},{\"@type\":\"ImageObject\",\"inLanguage\":\"fr-FR\",\"@id\":\"https:\\\/\\\/www.gold.fr\\\/news\\\/2014\\\/09\\\/11\\\/demande-dor-des-banques-centrales-au-second-trimestre\\\/#primaryimage\",\"url\":\"https:\\\/\\\/www.gold.fr\\\/news\\\/wp-content\\\/uploads\\\/2014\\\/09\\\/Achats-or-BC.jpg\",\"contentUrl\":\"https:\\\/\\\/www.gold.fr\\\/news\\\/wp-content\\\/uploads\\\/2014\\\/09\\\/Achats-or-BC.jpg\",\"width\":\"750\",\"height\":\"637\",\"caption\":\"L\u2019or : l\u2019investissement par excellence pour l\u2019ann\u00e9e 2017\"},{\"@type\":\"BreadcrumbList\",\"@id\":\"https:\\\/\\\/www.gold.fr\\\/news\\\/2014\\\/09\\\/11\\\/demande-dor-des-banques-centrales-au-second-trimestre\\\/#breadcrumb\",\"itemListElement\":[{\"@type\":\"ListItem\",\"position\":1,\"name\":\"Accueil\",\"item\":\"https:\\\/\\\/www.gold.fr\\\/\"},{\"@type\":\"ListItem\",\"position\":2,\"name\":\"Actualit\u00e9s\",\"item\":\"https:\\\/\\\/www.gold.fr\\\/news\\\/\"},{\"@type\":\"ListItem\",\"position\":3,\"name\":\"Demande d\u2019or des banques centrales au second trimestre\"}]},{\"@type\":\"WebSite\",\"@id\":\"https:\\\/\\\/www.gold.fr\\\/news\\\/#website\",\"url\":\"https:\\\/\\\/www.gold.fr\\\/news\\\/\",\"name\":\"Gold.fr\",\"description\":\"Actualit\u00e9s de l&#039;Or et des m\u00e9taux pr\u00e9cieux\",\"potentialAction\":[{\"@type\":\"SearchAction\",\"target\":{\"@type\":\"EntryPoint\",\"urlTemplate\":\"https:\\\/\\\/www.gold.fr\\\/news\\\/?s={search_term_string}\"},\"query-input\":{\"@type\":\"PropertyValueSpecification\",\"valueRequired\":true,\"valueName\":\"search_term_string\"}}],\"inLanguage\":\"fr-FR\"},{\"@type\":\"Person\",\"@id\":\"https:\\\/\\\/www.gold.fr\\\/news\\\/#\\\/schema\\\/person\\\/070491b4b4fb7671bf59b3be20302ce9\",\"name\":\"Comptoir National de l'Or\",\"image\":{\"@type\":\"ImageObject\",\"inLanguage\":\"fr-FR\",\"@id\":\"https:\\\/\\\/secure.gravatar.com\\\/avatar\\\/0a2867fd5abe37bed95d5a65e9d58f01756e11efc68af9888dfc50cfa7f65948?s=96&d=mm&r=gb490554db0a38188709de567aa58480d\",\"url\":\"https:\\\/\\\/secure.gravatar.com\\\/avatar\\\/0a2867fd5abe37bed95d5a65e9d58f01756e11efc68af9888dfc50cfa7f65948?s=96&d=mm&r=g\",\"contentUrl\":\"https:\\\/\\\/secure.gravatar.com\\\/avatar\\\/0a2867fd5abe37bed95d5a65e9d58f01756e11efc68af9888dfc50cfa7f65948?s=96&d=mm&r=g\",\"caption\":\"Comptoir National de l'Or\"},\"description\":\"Notre r\u00e9daction est constitu\u00e9e de membres experts dans les m\u00e9tiers de l'\u00e9conomie et la gestion, des Responsables d'agence Comptoir National de l'Or, des analystes financiers qui publient r\u00e9guli\u00e8rement des \u00e9tudes sur les politiques des banques centrales, le cours de l'or, prix de l'or, cours de l'argent, prix de l'argent, cours du platine, cours du palladium,... la situation en zone euro et l'impact de la strat\u00e9gie mon\u00e9taire de la FED. Notre \u00e9quipe scrute \u00e9galement une information plus g\u00e9n\u00e9raliste \u00e0 la recherche d'actualit\u00e9 \\\"p\u00e9pite\\\" \u00e0 vous partager. Depuis 5 ans, nous avons publi\u00e9 un peu plus de 4000 articles qui s'adressent \u00e0 un public large et vari\u00e9 ayant pour objectif de satisfaire votre curiosit\u00e9 et de partager avec vous une certaine fascination pour le m\u00e9tal jaune, le rachat d'or, et pour ceux qui veulent investir dans l'or, vendre leur or tout simplement en savoir plus... Pour tous vos achat or et argent, n'h\u00e9sitez pas \u00e0 prendre rendez-vous dans l'un de nos nombreux comptoirs.\",\"sameAs\":[\"https:\\\/\\\/www.gold.fr\"]}]}<\/script>\n<!-- \/ Yoast SEO plugin. -->","yoast_head_json":{"title":"Demande d\u2019or des banques centrales au second trimestre - Gold.fr","description":"Demande d\u2019or des banques centrales au second trimestre. Toute l'actualit\u00e9 sur l'or et l'\u00e9volution du cours de l'or, de l'argent et d'autres m\u00e9taux pr\u00e9cieux en direct sur Gold.fr.","robots":{"index":"index","follow":"follow","max-snippet":"max-snippet:-1","max-image-preview":"max-image-preview:large","max-video-preview":"max-video-preview:-1"},"canonical":"https:\/\/www.gold.fr\/news\/2014\/09\/11\/demande-dor-des-banques-centrales-au-second-trimestre\/","og_locale":"fr_FR","og_type":"article","og_title":"Demande d\u2019or des banques centrales au second trimestre - Gold.fr","og_description":"Demande d\u2019or des banques centrales au second trimestre. Toute l'actualit\u00e9 sur l'or et l'\u00e9volution du cours de l'or, de l'argent et d'autres m\u00e9taux pr\u00e9cieux en direct sur Gold.fr.","og_url":"https:\/\/www.gold.fr\/news\/2014\/09\/11\/demande-dor-des-banques-centrales-au-second-trimestre\/","og_site_name":"Gold.fr","article_publisher":"https:\/\/www.facebook.com\/Goldfr\/","article_published_time":"2014-09-11T16:21:37+00:00","article_modified_time":"2021-01-13T15:16:08+00:00","og_image":[{"width":750,"height":637,"url":"https:\/\/www.gold.fr\/news\/wp-content\/uploads\/2014\/09\/Achats-or-BC.jpg","type":"image\/jpeg"}],"author":"Comptoir National de l'Or","twitter_card":"summary_large_image","twitter_misc":{"\u00c9crit par":"Comptoir National de l'Or","Dur\u00e9e de lecture estim\u00e9e":"2 minutes"},"schema":{"@context":"https:\/\/schema.org","@graph":[{"@type":"Article","@id":"https:\/\/www.gold.fr\/news\/2014\/09\/11\/demande-dor-des-banques-centrales-au-second-trimestre\/#article","isPartOf":{"@id":"https:\/\/www.gold.fr\/news\/2014\/09\/11\/demande-dor-des-banques-centrales-au-second-trimestre\/"},"author":{"name":"Comptoir National de l'Or","@id":"https:\/\/www.gold.fr\/news\/#\/schema\/person\/070491b4b4fb7671bf59b3be20302ce9"},"headline":"Demande d\u2019or des banques centrales au second trimestre","datePublished":"2014-09-11T16:21:37+00:00","dateModified":"2021-01-13T15:16:08+00:00","mainEntityOfPage":{"@id":"https:\/\/www.gold.fr\/news\/2014\/09\/11\/demande-dor-des-banques-centrales-au-second-trimestre\/"},"wordCount":414,"image":{"@id":"https:\/\/www.gold.fr\/news\/2014\/09\/11\/demande-dor-des-banques-centrales-au-second-trimestre\/#primaryimage"},"thumbnailUrl":"https:\/\/www.gold.fr\/news\/wp-content\/uploads\/2014\/09\/Achats-or-BC.jpg","keywords":["Banque centrale","demande d'or","Or"],"articleSection":["Analyses Economiques"],"inLanguage":"fr-FR"},{"@type":"WebPage","@id":"https:\/\/www.gold.fr\/news\/2014\/09\/11\/demande-dor-des-banques-centrales-au-second-trimestre\/","url":"https:\/\/www.gold.fr\/news\/2014\/09\/11\/demande-dor-des-banques-centrales-au-second-trimestre\/","name":"Demande d\u2019or des banques centrales au second trimestre - Gold.fr","isPartOf":{"@id":"https:\/\/www.gold.fr\/news\/#website"},"primaryImageOfPage":{"@id":"https:\/\/www.gold.fr\/news\/2014\/09\/11\/demande-dor-des-banques-centrales-au-second-trimestre\/#primaryimage"},"image":{"@id":"https:\/\/www.gold.fr\/news\/2014\/09\/11\/demande-dor-des-banques-centrales-au-second-trimestre\/#primaryimage"},"thumbnailUrl":"https:\/\/www.gold.fr\/news\/wp-content\/uploads\/2014\/09\/Achats-or-BC.jpg","datePublished":"2014-09-11T16:21:37+00:00","dateModified":"2021-01-13T15:16:08+00:00","author":{"@id":"https:\/\/www.gold.fr\/news\/#\/schema\/person\/070491b4b4fb7671bf59b3be20302ce9"},"description":"Demande d\u2019or des banques centrales au second trimestre. Toute l'actualit\u00e9 sur l'or et l'\u00e9volution du cours de l'or, de l'argent et d'autres m\u00e9taux pr\u00e9cieux en direct sur Gold.fr.","breadcrumb":{"@id":"https:\/\/www.gold.fr\/news\/2014\/09\/11\/demande-dor-des-banques-centrales-au-second-trimestre\/#breadcrumb"},"inLanguage":"fr-FR","potentialAction":[{"@type":"ReadAction","target":["https:\/\/www.gold.fr\/news\/2014\/09\/11\/demande-dor-des-banques-centrales-au-second-trimestre\/"]}]},{"@type":"ImageObject","inLanguage":"fr-FR","@id":"https:\/\/www.gold.fr\/news\/2014\/09\/11\/demande-dor-des-banques-centrales-au-second-trimestre\/#primaryimage","url":"https:\/\/www.gold.fr\/news\/wp-content\/uploads\/2014\/09\/Achats-or-BC.jpg","contentUrl":"https:\/\/www.gold.fr\/news\/wp-content\/uploads\/2014\/09\/Achats-or-BC.jpg","width":"750","height":"637","caption":"L\u2019or : l\u2019investissement par excellence pour l\u2019ann\u00e9e 2017"},{"@type":"BreadcrumbList","@id":"https:\/\/www.gold.fr\/news\/2014\/09\/11\/demande-dor-des-banques-centrales-au-second-trimestre\/#breadcrumb","itemListElement":[{"@type":"ListItem","position":1,"name":"Accueil","item":"https:\/\/www.gold.fr\/"},{"@type":"ListItem","position":2,"name":"Actualit\u00e9s","item":"https:\/\/www.gold.fr\/news\/"},{"@type":"ListItem","position":3,"name":"Demande d\u2019or des banques centrales au second trimestre"}]},{"@type":"WebSite","@id":"https:\/\/www.gold.fr\/news\/#website","url":"https:\/\/www.gold.fr\/news\/","name":"Gold.fr","description":"Actualit\u00e9s de l&#039;Or et des m\u00e9taux pr\u00e9cieux","potentialAction":[{"@type":"SearchAction","target":{"@type":"EntryPoint","urlTemplate":"https:\/\/www.gold.fr\/news\/?s={search_term_string}"},"query-input":{"@type":"PropertyValueSpecification","valueRequired":true,"valueName":"search_term_string"}}],"inLanguage":"fr-FR"},{"@type":"Person","@id":"https:\/\/www.gold.fr\/news\/#\/schema\/person\/070491b4b4fb7671bf59b3be20302ce9","name":"Comptoir National de l'Or","image":{"@type":"ImageObject","inLanguage":"fr-FR","@id":"https:\/\/secure.gravatar.com\/avatar\/0a2867fd5abe37bed95d5a65e9d58f01756e11efc68af9888dfc50cfa7f65948?s=96&d=mm&r=gb490554db0a38188709de567aa58480d","url":"https:\/\/secure.gravatar.com\/avatar\/0a2867fd5abe37bed95d5a65e9d58f01756e11efc68af9888dfc50cfa7f65948?s=96&d=mm&r=g","contentUrl":"https:\/\/secure.gravatar.com\/avatar\/0a2867fd5abe37bed95d5a65e9d58f01756e11efc68af9888dfc50cfa7f65948?s=96&d=mm&r=g","caption":"Comptoir National de l'Or"},"description":"Notre r\u00e9daction est constitu\u00e9e de membres experts dans les m\u00e9tiers de l'\u00e9conomie et la gestion, des Responsables d'agence Comptoir National de l'Or, des analystes financiers qui publient r\u00e9guli\u00e8rement des \u00e9tudes sur les politiques des banques centrales, le cours de l'or, prix de l'or, cours de l'argent, prix de l'argent, cours du platine, cours du palladium,... la situation en zone euro et l'impact de la strat\u00e9gie mon\u00e9taire de la FED. Notre \u00e9quipe scrute \u00e9galement une information plus g\u00e9n\u00e9raliste \u00e0 la recherche d'actualit\u00e9 \"p\u00e9pite\" \u00e0 vous partager. Depuis 5 ans, nous avons publi\u00e9 un peu plus de 4000 articles qui s'adressent \u00e0 un public large et vari\u00e9 ayant pour objectif de satisfaire votre curiosit\u00e9 et de partager avec vous une certaine fascination pour le m\u00e9tal jaune, le rachat d'or, et pour ceux qui veulent investir dans l'or, vendre leur or tout simplement en savoir plus... Pour tous vos achat or et argent, n'h\u00e9sitez pas \u00e0 prendre rendez-vous dans l'un de nos nombreux comptoirs.","sameAs":["https:\/\/www.gold.fr"]}]}},"authors":[{"term_id":2565,"user_id":18,"is_guest":0,"slug":"julie","display_name":"Comptoir National de l'Or","avatar_url":"https:\/\/secure.gravatar.com\/avatar\/713f289e398d35ead876c4a4cc08607f0d6d266058cfc25683fffb6092d0e572?s=96&d=mm&r=g","0":null,"1":"","2":"","3":"","4":"","5":"","6":"","7":"","8":""}],"_links":{"self":[{"href":"https:\/\/www.gold.fr\/news\/wp-json\/wp\/v2\/posts\/15514","targetHints":{"allow":["GET"]}}],"collection":[{"href":"https:\/\/www.gold.fr\/news\/wp-json\/wp\/v2\/posts"}],"about":[{"href":"https:\/\/www.gold.fr\/news\/wp-json\/wp\/v2\/types\/post"}],"author":[{"embeddable":true,"href":"https:\/\/www.gold.fr\/news\/wp-json\/wp\/v2\/users\/18"}],"replies":[{"embeddable":true,"href":"https:\/\/www.gold.fr\/news\/wp-json\/wp\/v2\/comments?post=15514"}],"version-history":[{"count":0,"href":"https:\/\/www.gold.fr\/news\/wp-json\/wp\/v2\/posts\/15514\/revisions"}],"wp:featuredmedia":[{"embeddable":true,"href":"https:\/\/www.gold.fr\/news\/wp-json\/wp\/v2\/media\/15523"}],"wp:attachment":[{"href":"https:\/\/www.gold.fr\/news\/wp-json\/wp\/v2\/media?parent=15514"}],"wp:term":[{"taxonomy":"category","embeddable":true,"href":"https:\/\/www.gold.fr\/news\/wp-json\/wp\/v2\/categories?post=15514"},{"taxonomy":"post_tag","embeddable":true,"href":"https:\/\/www.gold.fr\/news\/wp-json\/wp\/v2\/tags?post=15514"},{"taxonomy":"author","embeddable":true,"href":"https:\/\/www.gold.fr\/news\/wp-json\/wp\/v2\/ppma_author?post=15514"}],"curies":[{"name":"wp","href":"https:\/\/api.w.org\/{rel}","templated":true}]}}