{"id":15509,"date":"2014-09-11T09:00:49","date_gmt":"2014-09-11T07:00:49","guid":{"rendered":"https:\/\/www.gold.fr\/news\/?p=15509"},"modified":"2020-07-07T09:55:41","modified_gmt":"2020-07-07T07:55:41","slug":"petit-rappel-de-la-composition-de-lor-colore","status":"publish","type":"post","link":"https:\/\/www.gold.fr\/news\/2014\/09\/11\/petit-rappel-de-la-composition-de-lor-colore\/","title":{"rendered":"Petit rappel de la composition de l&rsquo;or color\u00e9"},"content":{"rendered":"<p><img loading=\"lazy\" decoding=\"async\" class=\"alignleft size-thumbnail wp-image-10190\" title=\"Petit rappel de la composition de l'or color\u00e9 \" src=\"https:\/\/www.gold.fr\/news\/wp-content\/uploads\/2011\/05\/record-or-150x150.jpg\" alt=\"\" width=\"150\" height=\"150\" \/><span style=\"font-size: small;\">L&rsquo;<a class=\"esk-seo-plu-link\" href=\"https:\/\/www.gold.fr\/news\/tags\/or\">or<\/a>, m\u00e9tal noble, a pour caract\u00e9ristiques d&rsquo;\u00eatre mall\u00e9able et ductile, autrement dit \u00e9tirable \u00e0 souhait.<\/span> <span style=\"font-size: small;\"> En raison de ces caract\u00e9ristiques, les joailliers doivent m\u00e9langer le <a class=\"esk-seo-plu-link\" href=\"https:\/\/www.gold.fr\/news\/tags\/or\">m\u00e9tal pr\u00e9cieux<\/a> avec d&rsquo;autres m\u00e9taux pour qu&rsquo;il soit plus dur et qu&rsquo;il puisse \u00eatre travaill\u00e9.<\/span> <span style=\"font-size: small;\"> C&rsquo;est ainsi qu&rsquo;en France, l&rsquo;alliage le plus couramment utilis\u00e9 est compos\u00e9 de <strong>75%<\/strong> d&rsquo;<a class=\"esk-seo-plu-link\" href=\"https:\/\/www.gold.fr\/news\/tags\/or\">or<\/a> fin, qui correspond \u00e0 <strong>750 milli\u00e8mes<\/strong> et repr\u00e9sente le fameux <strong>18 carats<\/strong> et de <strong>25%<\/strong> d&rsquo;un autre m\u00e9tal au choix suivant la couleur recherch\u00e9e.<\/span> <span style=\"font-size: small;\"> En <a class=\"esk-seo-plu-link\" href=\"https:\/\/www.gold.fr\/news\/tags\/bijoux-or\">bijouterie<\/a>, (pour <span style=\"font-weight: 400;\"><a href=\"https:\/\/rivluxe.fr\/67-tous-les-bijoux\">bijoux en or<\/a> : <a href=\"https:\/\/rivluxe.fr\/3-bagues\">bague<\/a>, <a href=\"https:\/\/rivluxe.fr\/4-colliers-diamant\">collier<\/a>, pendentif, <a href=\"https:\/\/rivluxe.fr\/6-bracelets\">bracelet<\/a>, <a href=\"https:\/\/rivluxe.fr\/5-boucles-oreilles\">boucles d&rsquo;oreilles<\/a>, sautoir, <a href=\"https:\/\/rivluxe.fr\/110-montres\">montres<\/a>, <a href=\"https:\/\/rivluxe.fr\/111-boutons-de-manchettes\">boutons de manchette<\/a>, etc.) <\/span> les alliages les plus courants sont :<\/span> <span style=\"font-size: small;\"> &#8211; <em><a class=\"esk-seo-plu-link\" href=\"https:\/\/www.gold.fr\/news\/tags\/or\">Or<\/a> fin, <a class=\"esk-seo-plu-link\" href=\"https:\/\/www.gold.fr\/news\/tags\/argent\">argent<\/a> fin et cuivre<\/em> : cette combinaison de m\u00e9taux donne de l&rsquo;<a class=\"esk-seo-plu-link\" href=\"https:\/\/www.gold.fr\/news\/tags\/or\">or<\/a> jaune p\u00e2le<\/span> <span style=\"font-size: small;\"> &#8211; <em><a class=\"esk-seo-plu-link\" href=\"https:\/\/www.gold.fr\/news\/tags\/or\">Or<\/a> fin, cuivre, paladium ou magn\u00e9sium et zinc<\/em> : c&rsquo;est la composition de l&rsquo;<a class=\"esk-seo-plu-link\" href=\"https:\/\/www.gold.fr\/news\/tags\/or\">or<\/a> jaune, cet alliage est id\u00e9al pour les parures avec colliers, bracelets, boucles d&rsquo;oreilles et <a class=\"esk-seo-plu-link\" href=\"https:\/\/www.gold.fr\/news\/tags\/bijoux-or\">bagues<\/a>.<\/span> <span style=\"font-size: small;\"> &#8211; <em><a class=\"esk-seo-plu-link\" href=\"https:\/\/www.gold.fr\/news\/tags\/or\">Or<\/a> fin, cuivre, paladium ou magn\u00e9sium et zinc<\/em> plus une fine couche de rhodium : ce m\u00e9lange de m\u00e9taux donne l&rsquo;<a class=\"esk-seo-plu-link\" href=\"https:\/\/www.gold.fr\/news\/tags\/or\">or<\/a> gris<\/span> <span style=\"font-size: small;\"> &#8211; <em><a class=\"esk-seo-plu-link\" href=\"https:\/\/www.gold.fr\/news\/tags\/or\">Or<\/a> fin, <a class=\"esk-seo-plu-link\" href=\"https:\/\/www.gold.fr\/news\/tags\/argent\">argent<\/a> fin et cuivre<\/em> donnent l&rsquo;<a class=\"esk-seo-plu-link\" href=\"https:\/\/www.gold.fr\/news\/tags\/or\">or<\/a> rose, cet <a class=\"esk-seo-plu-link\" href=\"https:\/\/www.gold.fr\/news\/tags\/or\">or<\/a> est tr\u00e8s recherch\u00e9 car il repr\u00e9sente avec l&rsquo;<a class=\"esk-seo-plu-link\" href=\"https:\/\/www.gold.fr\/news\/tags\/or\">or<\/a> jaune et l&rsquo;<a class=\"esk-seo-plu-link\" href=\"https:\/\/www.gold.fr\/news\/tags\/or\">or<\/a> blanc des valeurs sacr\u00e9es telles que l&rsquo;amour, la fid\u00e9lit\u00e9 et l&rsquo;amiti\u00e9.<\/span> <span style=\"font-size: small;\"> &#8211; <em><a class=\"esk-seo-plu-link\" href=\"https:\/\/www.gold.fr\/news\/tags\/or\">Or<\/a> fin, <a class=\"esk-seo-plu-link\" href=\"https:\/\/www.gold.fr\/news\/tags\/argent\">argent<\/a> fin, et cuivre<\/em> donnent l&rsquo;<a class=\"esk-seo-plu-link\" href=\"https:\/\/www.gold.fr\/news\/tags\/or\">or<\/a> rouge, la seule diff\u00e9rence avec la composition de l&rsquo;<a class=\"esk-seo-plu-link\" href=\"https:\/\/www.gold.fr\/news\/tags\/or\">or<\/a> rose r\u00e9side dans les proportions de m\u00e9taux ajout\u00e9s \u00e0 l&rsquo;<a class=\"esk-seo-plu-link\" href=\"https:\/\/www.gold.fr\/news\/tags\/or\">or<\/a>.<\/span><\/p>\n<!-- AddThis Advanced Settings generic via filter on the_content --><!-- AddThis Share Buttons generic via filter on the_content -->","protected":false},"excerpt":{"rendered":"<p>L&rsquo;or, m\u00e9tal noble, a pour caract\u00e9ristiques d&rsquo;\u00eatre mall\u00e9able et ductile, autrement dit \u00e9tirable \u00e0 souhait. En raison de ces caract\u00e9ristiques, les joailliers doivent m\u00e9langer le m\u00e9tal pr\u00e9cieux avec d&rsquo;autres m\u00e9taux pour qu&rsquo;il soit plus dur et [&hellip;]<\/p>\n","protected":false},"author":18,"featured_media":10190,"comment_status":"closed","ping_status":"closed","sticky":false,"template":"","format":"standard","meta":{"_mbp_gutenberg_autopost":false,"_pgmb_is_evergreen":false,"_pgmb_ap_template_id":0,"footnotes":""},"categories":[6],"tags":[1929,429,1930,506,430],"ppma_author":[2565],"class_list":["post-15509","post","type-post","status-publish","format-standard","has-post-thumbnail","hentry","category-articles-de-presse","tag-composition-or","tag-or-blanc","tag-or-gris","tag-or-jaune","tag-or-rose"],"yoast_head":"<!-- This site is optimized with the Yoast SEO plugin v27.5 - https:\/\/yoast.com\/product\/yoast-seo-wordpress\/ -->\n<title>Petit rappel de la composition de l&#039;or color\u00e9 - Gold.fr<\/title>\n<meta name=\"robots\" content=\"index, follow, max-snippet:-1, max-image-preview:large, max-video-preview:-1\" \/>\n<link rel=\"canonical\" href=\"https:\/\/www.gold.fr\/news\/2014\/09\/11\/petit-rappel-de-la-composition-de-lor-colore\/\" \/>\n<meta property=\"og:locale\" content=\"fr_FR\" \/>\n<meta property=\"og:type\" content=\"article\" \/>\n<meta property=\"og:title\" content=\"Petit rappel de la composition de l&#039;or color\u00e9 - Gold.fr\" \/>\n<meta property=\"og:description\" content=\"L&rsquo;or, m\u00e9tal noble, a pour caract\u00e9ristiques d&rsquo;\u00eatre mall\u00e9able et ductile, autrement dit \u00e9tirable \u00e0 souhait. En raison de ces caract\u00e9ristiques, les joailliers doivent m\u00e9langer le m\u00e9tal pr\u00e9cieux avec d&rsquo;autres m\u00e9taux pour qu&rsquo;il soit plus dur et [&hellip;]\" \/>\n<meta property=\"og:url\" content=\"https:\/\/www.gold.fr\/news\/2014\/09\/11\/petit-rappel-de-la-composition-de-lor-colore\/\" \/>\n<meta property=\"og:site_name\" content=\"Gold.fr\" \/>\n<meta property=\"article:publisher\" content=\"https:\/\/www.facebook.com\/Goldfr\/\" \/>\n<meta property=\"article:published_time\" content=\"2014-09-11T07:00:49+00:00\" \/>\n<meta property=\"article:modified_time\" content=\"2020-07-07T07:55:41+00:00\" \/>\n<meta property=\"og:image\" content=\"https:\/\/www.gold.fr\/news\/wp-content\/uploads\/2011\/05\/record-or.jpg\" \/>\n\t<meta property=\"og:image:width\" content=\"600\" \/>\n\t<meta property=\"og:image:height\" content=\"406\" \/>\n\t<meta property=\"og:image:type\" content=\"image\/jpeg\" \/>\n<meta name=\"author\" content=\"Comptoir National de l&#039;Or\" \/>\n<meta name=\"twitter:card\" content=\"summary_large_image\" \/>\n<meta name=\"twitter:label1\" content=\"\u00c9crit par\" \/>\n\t<meta name=\"twitter:data1\" content=\"Comptoir National de l&#039;Or\" \/>\n\t<meta name=\"twitter:label2\" content=\"Dur\u00e9e de lecture estim\u00e9e\" \/>\n\t<meta name=\"twitter:data2\" content=\"1 minute\" \/>\n<script type=\"application\/ld+json\" class=\"yoast-schema-graph\">{\"@context\":\"https:\\\/\\\/schema.org\",\"@graph\":[{\"@type\":\"Article\",\"@id\":\"https:\\\/\\\/www.gold.fr\\\/news\\\/2014\\\/09\\\/11\\\/petit-rappel-de-la-composition-de-lor-colore\\\/#article\",\"isPartOf\":{\"@id\":\"https:\\\/\\\/www.gold.fr\\\/news\\\/2014\\\/09\\\/11\\\/petit-rappel-de-la-composition-de-lor-colore\\\/\"},\"author\":{\"name\":\"Comptoir National de l'Or\",\"@id\":\"https:\\\/\\\/www.gold.fr\\\/news\\\/#\\\/schema\\\/person\\\/070491b4b4fb7671bf59b3be20302ce9\"},\"headline\":\"Petit rappel de la composition de l&rsquo;or color\u00e9\",\"datePublished\":\"2014-09-11T07:00:49+00:00\",\"dateModified\":\"2020-07-07T07:55:41+00:00\",\"mainEntityOfPage\":{\"@id\":\"https:\\\/\\\/www.gold.fr\\\/news\\\/2014\\\/09\\\/11\\\/petit-rappel-de-la-composition-de-lor-colore\\\/\"},\"wordCount\":284,\"image\":{\"@id\":\"https:\\\/\\\/www.gold.fr\\\/news\\\/2014\\\/09\\\/11\\\/petit-rappel-de-la-composition-de-lor-colore\\\/#primaryimage\"},\"thumbnailUrl\":\"https:\\\/\\\/www.gold.fr\\\/news\\\/wp-content\\\/uploads\\\/2011\\\/05\\\/record-or.jpg\",\"keywords\":[\"composition or\",\"or blanc\",\"or gris\",\"Or jaune\",\"or rose\"],\"articleSection\":[\"Articles de presse\"],\"inLanguage\":\"fr-FR\"},{\"@type\":\"WebPage\",\"@id\":\"https:\\\/\\\/www.gold.fr\\\/news\\\/2014\\\/09\\\/11\\\/petit-rappel-de-la-composition-de-lor-colore\\\/\",\"url\":\"https:\\\/\\\/www.gold.fr\\\/news\\\/2014\\\/09\\\/11\\\/petit-rappel-de-la-composition-de-lor-colore\\\/\",\"name\":\"Petit rappel de la composition de l'or color\u00e9 - Gold.fr\",\"isPartOf\":{\"@id\":\"https:\\\/\\\/www.gold.fr\\\/news\\\/#website\"},\"primaryImageOfPage\":{\"@id\":\"https:\\\/\\\/www.gold.fr\\\/news\\\/2014\\\/09\\\/11\\\/petit-rappel-de-la-composition-de-lor-colore\\\/#primaryimage\"},\"image\":{\"@id\":\"https:\\\/\\\/www.gold.fr\\\/news\\\/2014\\\/09\\\/11\\\/petit-rappel-de-la-composition-de-lor-colore\\\/#primaryimage\"},\"thumbnailUrl\":\"https:\\\/\\\/www.gold.fr\\\/news\\\/wp-content\\\/uploads\\\/2011\\\/05\\\/record-or.jpg\",\"datePublished\":\"2014-09-11T07:00:49+00:00\",\"dateModified\":\"2020-07-07T07:55:41+00:00\",\"author\":{\"@id\":\"https:\\\/\\\/www.gold.fr\\\/news\\\/#\\\/schema\\\/person\\\/070491b4b4fb7671bf59b3be20302ce9\"},\"breadcrumb\":{\"@id\":\"https:\\\/\\\/www.gold.fr\\\/news\\\/2014\\\/09\\\/11\\\/petit-rappel-de-la-composition-de-lor-colore\\\/#breadcrumb\"},\"inLanguage\":\"fr-FR\",\"potentialAction\":[{\"@type\":\"ReadAction\",\"target\":[\"https:\\\/\\\/www.gold.fr\\\/news\\\/2014\\\/09\\\/11\\\/petit-rappel-de-la-composition-de-lor-colore\\\/\"]}]},{\"@type\":\"ImageObject\",\"inLanguage\":\"fr-FR\",\"@id\":\"https:\\\/\\\/www.gold.fr\\\/news\\\/2014\\\/09\\\/11\\\/petit-rappel-de-la-composition-de-lor-colore\\\/#primaryimage\",\"url\":\"https:\\\/\\\/www.gold.fr\\\/news\\\/wp-content\\\/uploads\\\/2011\\\/05\\\/record-or.jpg\",\"contentUrl\":\"https:\\\/\\\/www.gold.fr\\\/news\\\/wp-content\\\/uploads\\\/2011\\\/05\\\/record-or.jpg\",\"width\":\"600\",\"height\":\"406\",\"caption\":\"Petit rappel de la composition de l'or color\u00e9\"},{\"@type\":\"BreadcrumbList\",\"@id\":\"https:\\\/\\\/www.gold.fr\\\/news\\\/2014\\\/09\\\/11\\\/petit-rappel-de-la-composition-de-lor-colore\\\/#breadcrumb\",\"itemListElement\":[{\"@type\":\"ListItem\",\"position\":1,\"name\":\"Accueil\",\"item\":\"https:\\\/\\\/www.gold.fr\\\/\"},{\"@type\":\"ListItem\",\"position\":2,\"name\":\"Actualit\u00e9s\",\"item\":\"https:\\\/\\\/www.gold.fr\\\/news\\\/\"},{\"@type\":\"ListItem\",\"position\":3,\"name\":\"Petit rappel de la composition de l&rsquo;or color\u00e9\"}]},{\"@type\":\"WebSite\",\"@id\":\"https:\\\/\\\/www.gold.fr\\\/news\\\/#website\",\"url\":\"https:\\\/\\\/www.gold.fr\\\/news\\\/\",\"name\":\"Gold.fr\",\"description\":\"Actualit\u00e9s de l&#039;Or et des m\u00e9taux pr\u00e9cieux\",\"potentialAction\":[{\"@type\":\"SearchAction\",\"target\":{\"@type\":\"EntryPoint\",\"urlTemplate\":\"https:\\\/\\\/www.gold.fr\\\/news\\\/?s={search_term_string}\"},\"query-input\":{\"@type\":\"PropertyValueSpecification\",\"valueRequired\":true,\"valueName\":\"search_term_string\"}}],\"inLanguage\":\"fr-FR\"},{\"@type\":\"Person\",\"@id\":\"https:\\\/\\\/www.gold.fr\\\/news\\\/#\\\/schema\\\/person\\\/070491b4b4fb7671bf59b3be20302ce9\",\"name\":\"Comptoir National de l'Or\",\"image\":{\"@type\":\"ImageObject\",\"inLanguage\":\"fr-FR\",\"@id\":\"https:\\\/\\\/secure.gravatar.com\\\/avatar\\\/0a2867fd5abe37bed95d5a65e9d58f01756e11efc68af9888dfc50cfa7f65948?s=96&d=mm&r=gb490554db0a38188709de567aa58480d\",\"url\":\"https:\\\/\\\/secure.gravatar.com\\\/avatar\\\/0a2867fd5abe37bed95d5a65e9d58f01756e11efc68af9888dfc50cfa7f65948?s=96&d=mm&r=g\",\"contentUrl\":\"https:\\\/\\\/secure.gravatar.com\\\/avatar\\\/0a2867fd5abe37bed95d5a65e9d58f01756e11efc68af9888dfc50cfa7f65948?s=96&d=mm&r=g\",\"caption\":\"Comptoir National de l'Or\"},\"description\":\"Notre r\u00e9daction est constitu\u00e9e de membres experts dans les m\u00e9tiers de l'\u00e9conomie et la gestion, des Responsables d'agence Comptoir National de l'Or, des analystes financiers qui publient r\u00e9guli\u00e8rement des \u00e9tudes sur les politiques des banques centrales, le cours de l'or, prix de l'or, cours de l'argent, prix de l'argent, cours du platine, cours du palladium,... la situation en zone euro et l'impact de la strat\u00e9gie mon\u00e9taire de la FED. Notre \u00e9quipe scrute \u00e9galement une information plus g\u00e9n\u00e9raliste \u00e0 la recherche d'actualit\u00e9 \\\"p\u00e9pite\\\" \u00e0 vous partager. Depuis 5 ans, nous avons publi\u00e9 un peu plus de 4000 articles qui s'adressent \u00e0 un public large et vari\u00e9 ayant pour objectif de satisfaire votre curiosit\u00e9 et de partager avec vous une certaine fascination pour le m\u00e9tal jaune, le rachat d'or, et pour ceux qui veulent investir dans l'or, vendre leur or tout simplement en savoir plus... Pour tous vos achat or et argent, n'h\u00e9sitez pas \u00e0 prendre rendez-vous dans l'un de nos nombreux comptoirs.\",\"sameAs\":[\"https:\\\/\\\/www.gold.fr\"]}]}<\/script>\n<!-- \/ Yoast SEO plugin. -->","yoast_head_json":{"title":"Petit rappel de la composition de l'or color\u00e9 - Gold.fr","robots":{"index":"index","follow":"follow","max-snippet":"max-snippet:-1","max-image-preview":"max-image-preview:large","max-video-preview":"max-video-preview:-1"},"canonical":"https:\/\/www.gold.fr\/news\/2014\/09\/11\/petit-rappel-de-la-composition-de-lor-colore\/","og_locale":"fr_FR","og_type":"article","og_title":"Petit rappel de la composition de l'or color\u00e9 - Gold.fr","og_description":"L&rsquo;or, m\u00e9tal noble, a pour caract\u00e9ristiques d&rsquo;\u00eatre mall\u00e9able et ductile, autrement dit \u00e9tirable \u00e0 souhait. En raison de ces caract\u00e9ristiques, les joailliers doivent m\u00e9langer le m\u00e9tal pr\u00e9cieux avec d&rsquo;autres m\u00e9taux pour qu&rsquo;il soit plus dur et [&hellip;]","og_url":"https:\/\/www.gold.fr\/news\/2014\/09\/11\/petit-rappel-de-la-composition-de-lor-colore\/","og_site_name":"Gold.fr","article_publisher":"https:\/\/www.facebook.com\/Goldfr\/","article_published_time":"2014-09-11T07:00:49+00:00","article_modified_time":"2020-07-07T07:55:41+00:00","og_image":[{"width":600,"height":406,"url":"https:\/\/www.gold.fr\/news\/wp-content\/uploads\/2011\/05\/record-or.jpg","type":"image\/jpeg"}],"author":"Comptoir National de l'Or","twitter_card":"summary_large_image","twitter_misc":{"\u00c9crit par":"Comptoir National de l'Or","Dur\u00e9e de lecture estim\u00e9e":"1 minute"},"schema":{"@context":"https:\/\/schema.org","@graph":[{"@type":"Article","@id":"https:\/\/www.gold.fr\/news\/2014\/09\/11\/petit-rappel-de-la-composition-de-lor-colore\/#article","isPartOf":{"@id":"https:\/\/www.gold.fr\/news\/2014\/09\/11\/petit-rappel-de-la-composition-de-lor-colore\/"},"author":{"name":"Comptoir National de l'Or","@id":"https:\/\/www.gold.fr\/news\/#\/schema\/person\/070491b4b4fb7671bf59b3be20302ce9"},"headline":"Petit rappel de la composition de l&rsquo;or color\u00e9","datePublished":"2014-09-11T07:00:49+00:00","dateModified":"2020-07-07T07:55:41+00:00","mainEntityOfPage":{"@id":"https:\/\/www.gold.fr\/news\/2014\/09\/11\/petit-rappel-de-la-composition-de-lor-colore\/"},"wordCount":284,"image":{"@id":"https:\/\/www.gold.fr\/news\/2014\/09\/11\/petit-rappel-de-la-composition-de-lor-colore\/#primaryimage"},"thumbnailUrl":"https:\/\/www.gold.fr\/news\/wp-content\/uploads\/2011\/05\/record-or.jpg","keywords":["composition or","or blanc","or gris","Or jaune","or rose"],"articleSection":["Articles de presse"],"inLanguage":"fr-FR"},{"@type":"WebPage","@id":"https:\/\/www.gold.fr\/news\/2014\/09\/11\/petit-rappel-de-la-composition-de-lor-colore\/","url":"https:\/\/www.gold.fr\/news\/2014\/09\/11\/petit-rappel-de-la-composition-de-lor-colore\/","name":"Petit rappel de la composition de l'or color\u00e9 - Gold.fr","isPartOf":{"@id":"https:\/\/www.gold.fr\/news\/#website"},"primaryImageOfPage":{"@id":"https:\/\/www.gold.fr\/news\/2014\/09\/11\/petit-rappel-de-la-composition-de-lor-colore\/#primaryimage"},"image":{"@id":"https:\/\/www.gold.fr\/news\/2014\/09\/11\/petit-rappel-de-la-composition-de-lor-colore\/#primaryimage"},"thumbnailUrl":"https:\/\/www.gold.fr\/news\/wp-content\/uploads\/2011\/05\/record-or.jpg","datePublished":"2014-09-11T07:00:49+00:00","dateModified":"2020-07-07T07:55:41+00:00","author":{"@id":"https:\/\/www.gold.fr\/news\/#\/schema\/person\/070491b4b4fb7671bf59b3be20302ce9"},"breadcrumb":{"@id":"https:\/\/www.gold.fr\/news\/2014\/09\/11\/petit-rappel-de-la-composition-de-lor-colore\/#breadcrumb"},"inLanguage":"fr-FR","potentialAction":[{"@type":"ReadAction","target":["https:\/\/www.gold.fr\/news\/2014\/09\/11\/petit-rappel-de-la-composition-de-lor-colore\/"]}]},{"@type":"ImageObject","inLanguage":"fr-FR","@id":"https:\/\/www.gold.fr\/news\/2014\/09\/11\/petit-rappel-de-la-composition-de-lor-colore\/#primaryimage","url":"https:\/\/www.gold.fr\/news\/wp-content\/uploads\/2011\/05\/record-or.jpg","contentUrl":"https:\/\/www.gold.fr\/news\/wp-content\/uploads\/2011\/05\/record-or.jpg","width":"600","height":"406","caption":"Petit rappel de la composition de l'or color\u00e9"},{"@type":"BreadcrumbList","@id":"https:\/\/www.gold.fr\/news\/2014\/09\/11\/petit-rappel-de-la-composition-de-lor-colore\/#breadcrumb","itemListElement":[{"@type":"ListItem","position":1,"name":"Accueil","item":"https:\/\/www.gold.fr\/"},{"@type":"ListItem","position":2,"name":"Actualit\u00e9s","item":"https:\/\/www.gold.fr\/news\/"},{"@type":"ListItem","position":3,"name":"Petit rappel de la composition de l&rsquo;or color\u00e9"}]},{"@type":"WebSite","@id":"https:\/\/www.gold.fr\/news\/#website","url":"https:\/\/www.gold.fr\/news\/","name":"Gold.fr","description":"Actualit\u00e9s de l&#039;Or et des m\u00e9taux pr\u00e9cieux","potentialAction":[{"@type":"SearchAction","target":{"@type":"EntryPoint","urlTemplate":"https:\/\/www.gold.fr\/news\/?s={search_term_string}"},"query-input":{"@type":"PropertyValueSpecification","valueRequired":true,"valueName":"search_term_string"}}],"inLanguage":"fr-FR"},{"@type":"Person","@id":"https:\/\/www.gold.fr\/news\/#\/schema\/person\/070491b4b4fb7671bf59b3be20302ce9","name":"Comptoir National de l'Or","image":{"@type":"ImageObject","inLanguage":"fr-FR","@id":"https:\/\/secure.gravatar.com\/avatar\/0a2867fd5abe37bed95d5a65e9d58f01756e11efc68af9888dfc50cfa7f65948?s=96&d=mm&r=gb490554db0a38188709de567aa58480d","url":"https:\/\/secure.gravatar.com\/avatar\/0a2867fd5abe37bed95d5a65e9d58f01756e11efc68af9888dfc50cfa7f65948?s=96&d=mm&r=g","contentUrl":"https:\/\/secure.gravatar.com\/avatar\/0a2867fd5abe37bed95d5a65e9d58f01756e11efc68af9888dfc50cfa7f65948?s=96&d=mm&r=g","caption":"Comptoir National de l'Or"},"description":"Notre r\u00e9daction est constitu\u00e9e de membres experts dans les m\u00e9tiers de l'\u00e9conomie et la gestion, des Responsables d'agence Comptoir National de l'Or, des analystes financiers qui publient r\u00e9guli\u00e8rement des \u00e9tudes sur les politiques des banques centrales, le cours de l'or, prix de l'or, cours de l'argent, prix de l'argent, cours du platine, cours du palladium,... la situation en zone euro et l'impact de la strat\u00e9gie mon\u00e9taire de la FED. Notre \u00e9quipe scrute \u00e9galement une information plus g\u00e9n\u00e9raliste \u00e0 la recherche d'actualit\u00e9 \"p\u00e9pite\" \u00e0 vous partager. Depuis 5 ans, nous avons publi\u00e9 un peu plus de 4000 articles qui s'adressent \u00e0 un public large et vari\u00e9 ayant pour objectif de satisfaire votre curiosit\u00e9 et de partager avec vous une certaine fascination pour le m\u00e9tal jaune, le rachat d'or, et pour ceux qui veulent investir dans l'or, vendre leur or tout simplement en savoir plus... Pour tous vos achat or et argent, n'h\u00e9sitez pas \u00e0 prendre rendez-vous dans l'un de nos nombreux comptoirs.","sameAs":["https:\/\/www.gold.fr"]}]}},"authors":[{"term_id":2565,"user_id":18,"is_guest":0,"slug":"julie","display_name":"Comptoir National de l'Or","avatar_url":"https:\/\/secure.gravatar.com\/avatar\/713f289e398d35ead876c4a4cc08607f0d6d266058cfc25683fffb6092d0e572?s=96&d=mm&r=g","0":null,"1":"","2":"","3":"","4":"","5":"","6":"","7":"","8":""}],"_links":{"self":[{"href":"https:\/\/www.gold.fr\/news\/wp-json\/wp\/v2\/posts\/15509","targetHints":{"allow":["GET"]}}],"collection":[{"href":"https:\/\/www.gold.fr\/news\/wp-json\/wp\/v2\/posts"}],"about":[{"href":"https:\/\/www.gold.fr\/news\/wp-json\/wp\/v2\/types\/post"}],"author":[{"embeddable":true,"href":"https:\/\/www.gold.fr\/news\/wp-json\/wp\/v2\/users\/18"}],"replies":[{"embeddable":true,"href":"https:\/\/www.gold.fr\/news\/wp-json\/wp\/v2\/comments?post=15509"}],"version-history":[{"count":0,"href":"https:\/\/www.gold.fr\/news\/wp-json\/wp\/v2\/posts\/15509\/revisions"}],"wp:featuredmedia":[{"embeddable":true,"href":"https:\/\/www.gold.fr\/news\/wp-json\/wp\/v2\/media\/10190"}],"wp:attachment":[{"href":"https:\/\/www.gold.fr\/news\/wp-json\/wp\/v2\/media?parent=15509"}],"wp:term":[{"taxonomy":"category","embeddable":true,"href":"https:\/\/www.gold.fr\/news\/wp-json\/wp\/v2\/categories?post=15509"},{"taxonomy":"post_tag","embeddable":true,"href":"https:\/\/www.gold.fr\/news\/wp-json\/wp\/v2\/tags?post=15509"},{"taxonomy":"author","embeddable":true,"href":"https:\/\/www.gold.fr\/news\/wp-json\/wp\/v2\/ppma_author?post=15509"}],"curies":[{"name":"wp","href":"https:\/\/api.w.org\/{rel}","templated":true}]}}