{"id":15477,"date":"2014-09-08T09:56:29","date_gmt":"2014-09-08T07:56:29","guid":{"rendered":"https:\/\/www.gold.fr\/news\/?p=15477"},"modified":"2021-08-17T16:55:52","modified_gmt":"2021-08-17T14:55:52","slug":"demande-de-bijoux-en-or-au-second-trimestre-reveil-des-occidentaux","status":"publish","type":"post","link":"https:\/\/www.gold.fr\/news\/2014\/09\/08\/demande-de-bijoux-en-or-au-second-trimestre-reveil-des-occidentaux\/","title":{"rendered":"Demande de bijoux en or au second trimestre : r\u00e9veil des occidentaux ?"},"content":{"rendered":"<p><a href=\"https:\/\/www.gold.fr\/news\/wp-content\/uploads\/2014\/09\/image-2.jpg\"><img loading=\"lazy\" decoding=\"async\" class=\"alignleft size-thumbnail wp-image-15483\" src=\"https:\/\/www.gold.fr\/news\/wp-content\/uploads\/2014\/09\/image-2-150x150.jpg\" alt=\"\" width=\"150\" height=\"150\" srcset=\"https:\/\/www.gold.fr\/news\/wp-content\/uploads\/2014\/09\/image-2-150x150.jpg 150w, https:\/\/www.gold.fr\/news\/wp-content\/uploads\/2014\/09\/image-2-80x80.jpg 80w, https:\/\/www.gold.fr\/news\/wp-content\/uploads\/2014\/09\/image-2-1x1.jpg 1w\" sizes=\"auto, (max-width: 150px) 100vw, 150px\" \/><\/a>Au second trimestre, les achats de bijoux en <a href=\"https:\/\/www.gold.fr\/cours-or-prix-de-l-or\/\">or<\/a> ont enregistr\u00e9 510 tonnes, soit 30% de moins par rapport \u00e0 l&rsquo;ann\u00e9e derni\u00e8re mais par comparaison \u00e0 2012, il y a eu une progression de 11%. La demande de bijoux mondiale repr\u00e9sente \u00e0 elle seule environ 53% de la demande mondiale d&rsquo;<a class=\"esk-seo-plu-link\" href=\"https:\/\/www.gold.fr\/news\/tags\/or\">or<\/a>, dont la Chine et l&rsquo;Inde restent les piliers incontournables\u00a0! Pourtant durant cette deuxi\u00e8me tranche de l&rsquo;ann\u00e9e, les pays d&rsquo;Asie et du Moyen-Orient ont enregistr\u00e9 une baisse consid\u00e9rable d&rsquo;achats de bijoux en termes de chiffres. Par contre, un net rebond aux Etats-Unis et dans les pays occidentaux a \u00e9t\u00e9 constat\u00e9, \u00e0 l&rsquo;exception de l&rsquo;Italie. La Chine a \u00e9t\u00e9 le pays le plus marqu\u00e9 par le ralentissement de la demande de bijoux par rapport \u00e0 l&rsquo;ann\u00e9e pr\u00e9c\u00e9dente, particuli\u00e8rement \u00e9lev\u00e9e, en raison de la chute des prix de l&rsquo;<a class=\"esk-seo-plu-link\" href=\"https:\/\/www.gold.fr\/news\/tags\/or\">or<\/a>. Entre 2008 et 2014, la demande de bijoux au premier semestre a augment\u00e9 en moyenne de 16% par an avec un minimum de 10% et un maximum de 28%, \u00e0 l&rsquo;exception du premier trimestre 2013 o\u00f9 elle a enregistr\u00e9 48% de progression par rapport \u00e0 2012. Habituellement, les chinois ont plus tendance \u00e0 vouloir acheter des <a href=\"https:\/\/www.gold.fr\/vente-or\/\">bijoux<\/a> sign\u00e9s des plus grands joailliers, sauf que la faiblesse de leur monnaie a largement particip\u00e9 \u00e0 plomber ce type d&rsquo;achats, d&rsquo;apr\u00e8s le rapport du World Gold Council. Pour ce qui est de la demande indienne, elle s&rsquo;est tout de m\u00eame maintenue dans la mesure o\u00f9 elle a d\u00e9pass\u00e9 sa moyenne trimestrielle de 5 ans gr\u00e2ce notamment \u00e0 la stabilit\u00e9 des prix, bien qu&rsquo;elle ait \u00e9t\u00e9 en dessous du niveau du second trimestre de 2013. En fait, la demande de bijoux en <a class=\"esk-seo-plu-link\" href=\"https:\/\/www.gold.fr\/news\/tags\/or\">or<\/a> a brutalement diminu\u00e9 apr\u00e8s les \u00e9lections l\u00e9gislatives de la mi-mai, les consommateurs avaient esp\u00e9r\u00e9 des changements concernant les restrictions sur les importations d&rsquo;<a href=\"https:\/\/www.gold.fr\/cours-or-prix-de-l-or\/\">or<\/a>, qui n&rsquo;ont finalement pas \u00e9t\u00e9 lev\u00e9es\u2026 Ce qui par ailleurs n&rsquo;a pas pes\u00e9 sur les achats \u00ab\u00a0officieux\u00a0\u00bb et on s&rsquo;attend \u00e0 ce que ce mouvement s&rsquo;amplifie \u00e0 l&rsquo;approche de la saison des mariages\u2026 En Tha\u00eflande, les achats de bijoux ont enregistr\u00e9 une forte baisse par rapport \u00e0 la m\u00eame p\u00e9riode de l&rsquo;ann\u00e9e derni\u00e8re \u00e0 cause des tensions politiques qui touchent le pays depuis quelques mois. En Turquie la demande de bijoux a recul\u00e9 de 20% par rapport \u00e0 2013, faute aux restrictions impos\u00e9es concernant les paiements par carte bancaire, mais aussi \u00e0 cause du climat politique astreignant. Au Moyen-Orient, la demande de bijoux en <a class=\"esk-seo-plu-link\" href=\"https:\/\/www.gold.fr\/news\/tags\/or\">or<\/a> a perdu 8% par rapport \u00e0 l&rsquo;ann\u00e9e pr\u00e9c\u00e9dente et l&rsquo;escalade de la violence en Irak, en a \u00e9t\u00e9 la des cause majeure. Les indiens non r\u00e9sidents, ont fortement contribu\u00e9 \u00e0 maintenir la demande, principalement gr\u00e2ce \u00e0 leurs achats de bijoux 22 carats. A contrario, la demande de <span style=\"font-size: small;\"><span style=\"font-weight: 400;\"><a href=\"https:\/\/rivluxe.fr\/67-tous-les-bijoux\">bijoux en or<\/a> (<a href=\"https:\/\/rivluxe.fr\/3-bagues\">bague<\/a>, <a href=\"https:\/\/rivluxe.fr\/4-colliers-diamant\">collier<\/a>, pendentif, <a href=\"https:\/\/rivluxe.fr\/6-bracelets\">bracelet<\/a>, <a href=\"https:\/\/rivluxe.fr\/5-boucles-oreilles\">boucles d&rsquo;oreilles<\/a>, sautoir, <a href=\"https:\/\/rivluxe.fr\/110-montres\">montres<\/a>, <a href=\"https:\/\/rivluxe.fr\/111-boutons-de-manchettes\">boutons de manchette<\/a>, etc.) <\/span><\/span>aux Etats Unis a connu son cinqui\u00e8me trimestre de croissance cons\u00e9cutif, surtout des bijoux en provenance d&rsquo;Inde, de Chine et d&rsquo;Italie, les consommateurs \u00e9tant particuli\u00e8rement motiv\u00e9s par l&rsquo;am\u00e9lioration des indicateurs \u00e9conomiques. Le m\u00eame optimisme a \u00e9galement gagn\u00e9 les consommateurs britanniques lesquels ont vu leur consommation de bijoux en <a class=\"esk-seo-plu-link\" href=\"https:\/\/www.gold.fr\/news\/tags\/or\">or<\/a> tous titres, progresser de 25% par rapport \u00e0 la m\u00eame p\u00e9riode l&rsquo;ann\u00e9e pr\u00e9c\u00e9dente gr\u00e2ce notamment \u00e0 une forte monnaie nationale.<\/p>\n<p style=\"text-align: right;\">Feriel Belhassen<\/p>\n<p style=\"text-align: right;\">R\u00e9dactrice gold.fr<\/p>\n<p style=\"text-align: right;\"><span style=\"text-align: justify;\">(Source : World Gold Council)<\/span><\/p>\n<!-- AddThis Advanced Settings generic via filter on the_content --><!-- AddThis Share Buttons generic via filter on the_content -->","protected":false},"excerpt":{"rendered":"<p>Au second trimestre, les achats de bijoux en or ont enregistr\u00e9 510 tonnes, soit 30% de moins par rapport \u00e0 l&rsquo;ann\u00e9e derni\u00e8re mais par comparaison \u00e0 2012, il y a eu une progression de 11%. La [&hellip;]<\/p>\n","protected":false},"author":18,"featured_media":15484,"comment_status":"closed","ping_status":"closed","sticky":false,"template":"","format":"standard","meta":{"_mbp_gutenberg_autopost":false,"_pgmb_is_evergreen":false,"_pgmb_ap_template_id":0,"footnotes":""},"categories":[4],"tags":[592],"ppma_author":[2565],"class_list":["post-15477","post","type-post","status-publish","format-standard","has-post-thumbnail","hentry","category-analyses-economiques","tag-bijoux-or"],"yoast_head":"<!-- This site is optimized with the Yoast SEO plugin v27.5 - https:\/\/yoast.com\/product\/yoast-seo-wordpress\/ -->\n<title>Demande de bijoux en or au second trimestre : r\u00e9veil des occidentaux ? - Gold.fr<\/title>\n<meta name=\"description\" content=\"Demande de bijoux en or au second trimestre : r\u00e9veil des occidentaux ? Les dernieres actualit\u00e9s sur l&#039;or sur Gold.fr, le site d&#039;experts du Comptoir National de l&#039;Or.\" \/>\n<meta name=\"robots\" content=\"index, follow, max-snippet:-1, max-image-preview:large, max-video-preview:-1\" \/>\n<link rel=\"canonical\" href=\"https:\/\/www.gold.fr\/news\/2014\/09\/08\/demande-de-bijoux-en-or-au-second-trimestre-reveil-des-occidentaux\/\" \/>\n<meta property=\"og:locale\" content=\"fr_FR\" \/>\n<meta property=\"og:type\" content=\"article\" \/>\n<meta property=\"og:title\" content=\"Demande de bijoux en or au second trimestre : r\u00e9veil des occidentaux ? - Gold.fr\" \/>\n<meta property=\"og:description\" content=\"Demande de bijoux en or au second trimestre : r\u00e9veil des occidentaux ? Les dernieres actualit\u00e9s sur l&#039;or sur Gold.fr, le site d&#039;experts du Comptoir National de l&#039;Or.\" \/>\n<meta property=\"og:url\" content=\"https:\/\/www.gold.fr\/news\/2014\/09\/08\/demande-de-bijoux-en-or-au-second-trimestre-reveil-des-occidentaux\/\" \/>\n<meta property=\"og:site_name\" content=\"Gold.fr\" \/>\n<meta property=\"article:publisher\" content=\"https:\/\/www.facebook.com\/Goldfr\/\" \/>\n<meta property=\"article:published_time\" content=\"2014-09-08T07:56:29+00:00\" \/>\n<meta property=\"article:modified_time\" content=\"2021-08-17T14:55:52+00:00\" \/>\n<meta property=\"og:image\" content=\"https:\/\/www.gold.fr\/news\/wp-content\/uploads\/2014\/09\/image1.jpg\" \/>\n\t<meta property=\"og:image:width\" content=\"574\" \/>\n\t<meta property=\"og:image:height\" content=\"259\" \/>\n\t<meta property=\"og:image:type\" content=\"image\/jpeg\" \/>\n<meta name=\"author\" content=\"Comptoir National de l&#039;Or\" \/>\n<meta name=\"twitter:card\" content=\"summary_large_image\" \/>\n<meta name=\"twitter:label1\" content=\"\u00c9crit par\" \/>\n\t<meta name=\"twitter:data1\" content=\"Comptoir National de l&#039;Or\" \/>\n\t<meta name=\"twitter:label2\" content=\"Dur\u00e9e de lecture estim\u00e9e\" \/>\n\t<meta name=\"twitter:data2\" content=\"3 minutes\" \/>\n<script type=\"application\/ld+json\" class=\"yoast-schema-graph\">{\"@context\":\"https:\\\/\\\/schema.org\",\"@graph\":[{\"@type\":\"Article\",\"@id\":\"https:\\\/\\\/www.gold.fr\\\/news\\\/2014\\\/09\\\/08\\\/demande-de-bijoux-en-or-au-second-trimestre-reveil-des-occidentaux\\\/#article\",\"isPartOf\":{\"@id\":\"https:\\\/\\\/www.gold.fr\\\/news\\\/2014\\\/09\\\/08\\\/demande-de-bijoux-en-or-au-second-trimestre-reveil-des-occidentaux\\\/\"},\"author\":{\"name\":\"Comptoir National de l'Or\",\"@id\":\"https:\\\/\\\/www.gold.fr\\\/news\\\/#\\\/schema\\\/person\\\/070491b4b4fb7671bf59b3be20302ce9\"},\"headline\":\"Demande de bijoux en or au second trimestre : r\u00e9veil des occidentaux ?\",\"datePublished\":\"2014-09-08T07:56:29+00:00\",\"dateModified\":\"2021-08-17T14:55:52+00:00\",\"mainEntityOfPage\":{\"@id\":\"https:\\\/\\\/www.gold.fr\\\/news\\\/2014\\\/09\\\/08\\\/demande-de-bijoux-en-or-au-second-trimestre-reveil-des-occidentaux\\\/\"},\"wordCount\":588,\"image\":{\"@id\":\"https:\\\/\\\/www.gold.fr\\\/news\\\/2014\\\/09\\\/08\\\/demande-de-bijoux-en-or-au-second-trimestre-reveil-des-occidentaux\\\/#primaryimage\"},\"thumbnailUrl\":\"https:\\\/\\\/www.gold.fr\\\/news\\\/wp-content\\\/uploads\\\/2014\\\/09\\\/image1.jpg\",\"keywords\":[\"Bijoux Or\"],\"articleSection\":[\"Analyses Economiques\"],\"inLanguage\":\"fr-FR\"},{\"@type\":\"WebPage\",\"@id\":\"https:\\\/\\\/www.gold.fr\\\/news\\\/2014\\\/09\\\/08\\\/demande-de-bijoux-en-or-au-second-trimestre-reveil-des-occidentaux\\\/\",\"url\":\"https:\\\/\\\/www.gold.fr\\\/news\\\/2014\\\/09\\\/08\\\/demande-de-bijoux-en-or-au-second-trimestre-reveil-des-occidentaux\\\/\",\"name\":\"Demande de bijoux en or au second trimestre : r\u00e9veil des occidentaux ? - Gold.fr\",\"isPartOf\":{\"@id\":\"https:\\\/\\\/www.gold.fr\\\/news\\\/#website\"},\"primaryImageOfPage\":{\"@id\":\"https:\\\/\\\/www.gold.fr\\\/news\\\/2014\\\/09\\\/08\\\/demande-de-bijoux-en-or-au-second-trimestre-reveil-des-occidentaux\\\/#primaryimage\"},\"image\":{\"@id\":\"https:\\\/\\\/www.gold.fr\\\/news\\\/2014\\\/09\\\/08\\\/demande-de-bijoux-en-or-au-second-trimestre-reveil-des-occidentaux\\\/#primaryimage\"},\"thumbnailUrl\":\"https:\\\/\\\/www.gold.fr\\\/news\\\/wp-content\\\/uploads\\\/2014\\\/09\\\/image1.jpg\",\"datePublished\":\"2014-09-08T07:56:29+00:00\",\"dateModified\":\"2021-08-17T14:55:52+00:00\",\"author\":{\"@id\":\"https:\\\/\\\/www.gold.fr\\\/news\\\/#\\\/schema\\\/person\\\/070491b4b4fb7671bf59b3be20302ce9\"},\"description\":\"Demande de bijoux en or au second trimestre : r\u00e9veil des occidentaux ? Les dernieres actualit\u00e9s sur l'or sur Gold.fr, le site d'experts du Comptoir National de l'Or.\",\"breadcrumb\":{\"@id\":\"https:\\\/\\\/www.gold.fr\\\/news\\\/2014\\\/09\\\/08\\\/demande-de-bijoux-en-or-au-second-trimestre-reveil-des-occidentaux\\\/#breadcrumb\"},\"inLanguage\":\"fr-FR\",\"potentialAction\":[{\"@type\":\"ReadAction\",\"target\":[\"https:\\\/\\\/www.gold.fr\\\/news\\\/2014\\\/09\\\/08\\\/demande-de-bijoux-en-or-au-second-trimestre-reveil-des-occidentaux\\\/\"]}]},{\"@type\":\"ImageObject\",\"inLanguage\":\"fr-FR\",\"@id\":\"https:\\\/\\\/www.gold.fr\\\/news\\\/2014\\\/09\\\/08\\\/demande-de-bijoux-en-or-au-second-trimestre-reveil-des-occidentaux\\\/#primaryimage\",\"url\":\"https:\\\/\\\/www.gold.fr\\\/news\\\/wp-content\\\/uploads\\\/2014\\\/09\\\/image1.jpg\",\"contentUrl\":\"https:\\\/\\\/www.gold.fr\\\/news\\\/wp-content\\\/uploads\\\/2014\\\/09\\\/image1.jpg\",\"width\":\"574\",\"height\":\"259\",\"caption\":\"Tas or bijoux bagues\"},{\"@type\":\"BreadcrumbList\",\"@id\":\"https:\\\/\\\/www.gold.fr\\\/news\\\/2014\\\/09\\\/08\\\/demande-de-bijoux-en-or-au-second-trimestre-reveil-des-occidentaux\\\/#breadcrumb\",\"itemListElement\":[{\"@type\":\"ListItem\",\"position\":1,\"name\":\"Accueil\",\"item\":\"https:\\\/\\\/www.gold.fr\\\/\"},{\"@type\":\"ListItem\",\"position\":2,\"name\":\"Actualit\u00e9s\",\"item\":\"https:\\\/\\\/www.gold.fr\\\/news\\\/\"},{\"@type\":\"ListItem\",\"position\":3,\"name\":\"Demande de bijoux en or au second trimestre : r\u00e9veil des occidentaux ?\"}]},{\"@type\":\"WebSite\",\"@id\":\"https:\\\/\\\/www.gold.fr\\\/news\\\/#website\",\"url\":\"https:\\\/\\\/www.gold.fr\\\/news\\\/\",\"name\":\"Gold.fr\",\"description\":\"Actualit\u00e9s de l&#039;Or et des m\u00e9taux pr\u00e9cieux\",\"potentialAction\":[{\"@type\":\"SearchAction\",\"target\":{\"@type\":\"EntryPoint\",\"urlTemplate\":\"https:\\\/\\\/www.gold.fr\\\/news\\\/?s={search_term_string}\"},\"query-input\":{\"@type\":\"PropertyValueSpecification\",\"valueRequired\":true,\"valueName\":\"search_term_string\"}}],\"inLanguage\":\"fr-FR\"},{\"@type\":\"Person\",\"@id\":\"https:\\\/\\\/www.gold.fr\\\/news\\\/#\\\/schema\\\/person\\\/070491b4b4fb7671bf59b3be20302ce9\",\"name\":\"Comptoir National de l'Or\",\"image\":{\"@type\":\"ImageObject\",\"inLanguage\":\"fr-FR\",\"@id\":\"https:\\\/\\\/secure.gravatar.com\\\/avatar\\\/0a2867fd5abe37bed95d5a65e9d58f01756e11efc68af9888dfc50cfa7f65948?s=96&d=mm&r=gb490554db0a38188709de567aa58480d\",\"url\":\"https:\\\/\\\/secure.gravatar.com\\\/avatar\\\/0a2867fd5abe37bed95d5a65e9d58f01756e11efc68af9888dfc50cfa7f65948?s=96&d=mm&r=g\",\"contentUrl\":\"https:\\\/\\\/secure.gravatar.com\\\/avatar\\\/0a2867fd5abe37bed95d5a65e9d58f01756e11efc68af9888dfc50cfa7f65948?s=96&d=mm&r=g\",\"caption\":\"Comptoir National de l'Or\"},\"description\":\"Notre r\u00e9daction est constitu\u00e9e de membres experts dans les m\u00e9tiers de l'\u00e9conomie et la gestion, des Responsables d'agence Comptoir National de l'Or, des analystes financiers qui publient r\u00e9guli\u00e8rement des \u00e9tudes sur les politiques des banques centrales, le cours de l'or, prix de l'or, cours de l'argent, prix de l'argent, cours du platine, cours du palladium,... la situation en zone euro et l'impact de la strat\u00e9gie mon\u00e9taire de la FED. Notre \u00e9quipe scrute \u00e9galement une information plus g\u00e9n\u00e9raliste \u00e0 la recherche d'actualit\u00e9 \\\"p\u00e9pite\\\" \u00e0 vous partager. Depuis 5 ans, nous avons publi\u00e9 un peu plus de 4000 articles qui s'adressent \u00e0 un public large et vari\u00e9 ayant pour objectif de satisfaire votre curiosit\u00e9 et de partager avec vous une certaine fascination pour le m\u00e9tal jaune, le rachat d'or, et pour ceux qui veulent investir dans l'or, vendre leur or tout simplement en savoir plus... Pour tous vos achat or et argent, n'h\u00e9sitez pas \u00e0 prendre rendez-vous dans l'un de nos nombreux comptoirs.\",\"sameAs\":[\"https:\\\/\\\/www.gold.fr\"]}]}<\/script>\n<!-- \/ Yoast SEO plugin. -->","yoast_head_json":{"title":"Demande de bijoux en or au second trimestre : r\u00e9veil des occidentaux ? - Gold.fr","description":"Demande de bijoux en or au second trimestre : r\u00e9veil des occidentaux ? Les dernieres actualit\u00e9s sur l'or sur Gold.fr, le site d'experts du Comptoir National de l'Or.","robots":{"index":"index","follow":"follow","max-snippet":"max-snippet:-1","max-image-preview":"max-image-preview:large","max-video-preview":"max-video-preview:-1"},"canonical":"https:\/\/www.gold.fr\/news\/2014\/09\/08\/demande-de-bijoux-en-or-au-second-trimestre-reveil-des-occidentaux\/","og_locale":"fr_FR","og_type":"article","og_title":"Demande de bijoux en or au second trimestre : r\u00e9veil des occidentaux ? - Gold.fr","og_description":"Demande de bijoux en or au second trimestre : r\u00e9veil des occidentaux ? Les dernieres actualit\u00e9s sur l'or sur Gold.fr, le site d'experts du Comptoir National de l'Or.","og_url":"https:\/\/www.gold.fr\/news\/2014\/09\/08\/demande-de-bijoux-en-or-au-second-trimestre-reveil-des-occidentaux\/","og_site_name":"Gold.fr","article_publisher":"https:\/\/www.facebook.com\/Goldfr\/","article_published_time":"2014-09-08T07:56:29+00:00","article_modified_time":"2021-08-17T14:55:52+00:00","og_image":[{"width":574,"height":259,"url":"https:\/\/www.gold.fr\/news\/wp-content\/uploads\/2014\/09\/image1.jpg","type":"image\/jpeg"}],"author":"Comptoir National de l'Or","twitter_card":"summary_large_image","twitter_misc":{"\u00c9crit par":"Comptoir National de l'Or","Dur\u00e9e de lecture estim\u00e9e":"3 minutes"},"schema":{"@context":"https:\/\/schema.org","@graph":[{"@type":"Article","@id":"https:\/\/www.gold.fr\/news\/2014\/09\/08\/demande-de-bijoux-en-or-au-second-trimestre-reveil-des-occidentaux\/#article","isPartOf":{"@id":"https:\/\/www.gold.fr\/news\/2014\/09\/08\/demande-de-bijoux-en-or-au-second-trimestre-reveil-des-occidentaux\/"},"author":{"name":"Comptoir National de l'Or","@id":"https:\/\/www.gold.fr\/news\/#\/schema\/person\/070491b4b4fb7671bf59b3be20302ce9"},"headline":"Demande de bijoux en or au second trimestre : r\u00e9veil des occidentaux ?","datePublished":"2014-09-08T07:56:29+00:00","dateModified":"2021-08-17T14:55:52+00:00","mainEntityOfPage":{"@id":"https:\/\/www.gold.fr\/news\/2014\/09\/08\/demande-de-bijoux-en-or-au-second-trimestre-reveil-des-occidentaux\/"},"wordCount":588,"image":{"@id":"https:\/\/www.gold.fr\/news\/2014\/09\/08\/demande-de-bijoux-en-or-au-second-trimestre-reveil-des-occidentaux\/#primaryimage"},"thumbnailUrl":"https:\/\/www.gold.fr\/news\/wp-content\/uploads\/2014\/09\/image1.jpg","keywords":["Bijoux Or"],"articleSection":["Analyses Economiques"],"inLanguage":"fr-FR"},{"@type":"WebPage","@id":"https:\/\/www.gold.fr\/news\/2014\/09\/08\/demande-de-bijoux-en-or-au-second-trimestre-reveil-des-occidentaux\/","url":"https:\/\/www.gold.fr\/news\/2014\/09\/08\/demande-de-bijoux-en-or-au-second-trimestre-reveil-des-occidentaux\/","name":"Demande de bijoux en or au second trimestre : r\u00e9veil des occidentaux ? - Gold.fr","isPartOf":{"@id":"https:\/\/www.gold.fr\/news\/#website"},"primaryImageOfPage":{"@id":"https:\/\/www.gold.fr\/news\/2014\/09\/08\/demande-de-bijoux-en-or-au-second-trimestre-reveil-des-occidentaux\/#primaryimage"},"image":{"@id":"https:\/\/www.gold.fr\/news\/2014\/09\/08\/demande-de-bijoux-en-or-au-second-trimestre-reveil-des-occidentaux\/#primaryimage"},"thumbnailUrl":"https:\/\/www.gold.fr\/news\/wp-content\/uploads\/2014\/09\/image1.jpg","datePublished":"2014-09-08T07:56:29+00:00","dateModified":"2021-08-17T14:55:52+00:00","author":{"@id":"https:\/\/www.gold.fr\/news\/#\/schema\/person\/070491b4b4fb7671bf59b3be20302ce9"},"description":"Demande de bijoux en or au second trimestre : r\u00e9veil des occidentaux ? Les dernieres actualit\u00e9s sur l'or sur Gold.fr, le site d'experts du Comptoir National de l'Or.","breadcrumb":{"@id":"https:\/\/www.gold.fr\/news\/2014\/09\/08\/demande-de-bijoux-en-or-au-second-trimestre-reveil-des-occidentaux\/#breadcrumb"},"inLanguage":"fr-FR","potentialAction":[{"@type":"ReadAction","target":["https:\/\/www.gold.fr\/news\/2014\/09\/08\/demande-de-bijoux-en-or-au-second-trimestre-reveil-des-occidentaux\/"]}]},{"@type":"ImageObject","inLanguage":"fr-FR","@id":"https:\/\/www.gold.fr\/news\/2014\/09\/08\/demande-de-bijoux-en-or-au-second-trimestre-reveil-des-occidentaux\/#primaryimage","url":"https:\/\/www.gold.fr\/news\/wp-content\/uploads\/2014\/09\/image1.jpg","contentUrl":"https:\/\/www.gold.fr\/news\/wp-content\/uploads\/2014\/09\/image1.jpg","width":"574","height":"259","caption":"Tas or bijoux bagues"},{"@type":"BreadcrumbList","@id":"https:\/\/www.gold.fr\/news\/2014\/09\/08\/demande-de-bijoux-en-or-au-second-trimestre-reveil-des-occidentaux\/#breadcrumb","itemListElement":[{"@type":"ListItem","position":1,"name":"Accueil","item":"https:\/\/www.gold.fr\/"},{"@type":"ListItem","position":2,"name":"Actualit\u00e9s","item":"https:\/\/www.gold.fr\/news\/"},{"@type":"ListItem","position":3,"name":"Demande de bijoux en or au second trimestre : r\u00e9veil des occidentaux ?"}]},{"@type":"WebSite","@id":"https:\/\/www.gold.fr\/news\/#website","url":"https:\/\/www.gold.fr\/news\/","name":"Gold.fr","description":"Actualit\u00e9s de l&#039;Or et des m\u00e9taux pr\u00e9cieux","potentialAction":[{"@type":"SearchAction","target":{"@type":"EntryPoint","urlTemplate":"https:\/\/www.gold.fr\/news\/?s={search_term_string}"},"query-input":{"@type":"PropertyValueSpecification","valueRequired":true,"valueName":"search_term_string"}}],"inLanguage":"fr-FR"},{"@type":"Person","@id":"https:\/\/www.gold.fr\/news\/#\/schema\/person\/070491b4b4fb7671bf59b3be20302ce9","name":"Comptoir National de l'Or","image":{"@type":"ImageObject","inLanguage":"fr-FR","@id":"https:\/\/secure.gravatar.com\/avatar\/0a2867fd5abe37bed95d5a65e9d58f01756e11efc68af9888dfc50cfa7f65948?s=96&d=mm&r=gb490554db0a38188709de567aa58480d","url":"https:\/\/secure.gravatar.com\/avatar\/0a2867fd5abe37bed95d5a65e9d58f01756e11efc68af9888dfc50cfa7f65948?s=96&d=mm&r=g","contentUrl":"https:\/\/secure.gravatar.com\/avatar\/0a2867fd5abe37bed95d5a65e9d58f01756e11efc68af9888dfc50cfa7f65948?s=96&d=mm&r=g","caption":"Comptoir National de l'Or"},"description":"Notre r\u00e9daction est constitu\u00e9e de membres experts dans les m\u00e9tiers de l'\u00e9conomie et la gestion, des Responsables d'agence Comptoir National de l'Or, des analystes financiers qui publient r\u00e9guli\u00e8rement des \u00e9tudes sur les politiques des banques centrales, le cours de l'or, prix de l'or, cours de l'argent, prix de l'argent, cours du platine, cours du palladium,... la situation en zone euro et l'impact de la strat\u00e9gie mon\u00e9taire de la FED. Notre \u00e9quipe scrute \u00e9galement une information plus g\u00e9n\u00e9raliste \u00e0 la recherche d'actualit\u00e9 \"p\u00e9pite\" \u00e0 vous partager. Depuis 5 ans, nous avons publi\u00e9 un peu plus de 4000 articles qui s'adressent \u00e0 un public large et vari\u00e9 ayant pour objectif de satisfaire votre curiosit\u00e9 et de partager avec vous une certaine fascination pour le m\u00e9tal jaune, le rachat d'or, et pour ceux qui veulent investir dans l'or, vendre leur or tout simplement en savoir plus... Pour tous vos achat or et argent, n'h\u00e9sitez pas \u00e0 prendre rendez-vous dans l'un de nos nombreux comptoirs.","sameAs":["https:\/\/www.gold.fr"]}]}},"authors":[{"term_id":2565,"user_id":18,"is_guest":0,"slug":"julie","display_name":"Comptoir National de l'Or","avatar_url":"https:\/\/secure.gravatar.com\/avatar\/713f289e398d35ead876c4a4cc08607f0d6d266058cfc25683fffb6092d0e572?s=96&d=mm&r=g","0":null,"1":"","2":"","3":"","4":"","5":"","6":"","7":"","8":""}],"_links":{"self":[{"href":"https:\/\/www.gold.fr\/news\/wp-json\/wp\/v2\/posts\/15477","targetHints":{"allow":["GET"]}}],"collection":[{"href":"https:\/\/www.gold.fr\/news\/wp-json\/wp\/v2\/posts"}],"about":[{"href":"https:\/\/www.gold.fr\/news\/wp-json\/wp\/v2\/types\/post"}],"author":[{"embeddable":true,"href":"https:\/\/www.gold.fr\/news\/wp-json\/wp\/v2\/users\/18"}],"replies":[{"embeddable":true,"href":"https:\/\/www.gold.fr\/news\/wp-json\/wp\/v2\/comments?post=15477"}],"version-history":[{"count":0,"href":"https:\/\/www.gold.fr\/news\/wp-json\/wp\/v2\/posts\/15477\/revisions"}],"wp:featuredmedia":[{"embeddable":true,"href":"https:\/\/www.gold.fr\/news\/wp-json\/wp\/v2\/media\/15484"}],"wp:attachment":[{"href":"https:\/\/www.gold.fr\/news\/wp-json\/wp\/v2\/media?parent=15477"}],"wp:term":[{"taxonomy":"category","embeddable":true,"href":"https:\/\/www.gold.fr\/news\/wp-json\/wp\/v2\/categories?post=15477"},{"taxonomy":"post_tag","embeddable":true,"href":"https:\/\/www.gold.fr\/news\/wp-json\/wp\/v2\/tags?post=15477"},{"taxonomy":"author","embeddable":true,"href":"https:\/\/www.gold.fr\/news\/wp-json\/wp\/v2\/ppma_author?post=15477"}],"curies":[{"name":"wp","href":"https:\/\/api.w.org\/{rel}","templated":true}]}}