{"id":15459,"date":"2014-09-03T13:00:02","date_gmt":"2014-09-03T11:00:02","guid":{"rendered":"https:\/\/www.gold.fr\/news\/?p=15459"},"modified":"2017-11-02T11:31:16","modified_gmt":"2017-11-02T10:31:16","slug":"le-cours-de-lor-suspendu-a-la-reunion-de-la-bce","status":"publish","type":"post","link":"https:\/\/www.gold.fr\/news\/2014\/09\/03\/le-cours-de-lor-suspendu-a-la-reunion-de-la-bce\/","title":{"rendered":"Le cours de l&rsquo;or suspendu \u00e0 la r\u00e9union de la BCE"},"content":{"rendered":"<p><img loading=\"lazy\" decoding=\"async\" class=\"alignleft size-thumbnail wp-image-5283\" title=\"Cours de l'Or de Bourse\" src=\"https:\/\/www.gold.fr\/news\/wp-content\/uploads\/2011\/08\/monde-or-150x150.jpg\" alt=\"\" width=\"150\" height=\"150\" \/><span style=\"font-size: small;\">Les march\u00e9s continuent de s&rsquo;interroger sur les surprises que leur r\u00e9serve la <strong>BCE<\/strong> et c&rsquo;est l&rsquo;attente qui sera le ma\u00eetre mot jusqu&rsquo;\u00e0 ce que les minutes de la r\u00e9union de l&rsquo;organisme mon\u00e9taire soient r\u00e9v\u00e9l\u00e9es. C&rsquo;est en effet demain, jeudi, que nous saurons si <strong>Mario Draghi<\/strong> a mis en place de nouvelles mesures pour soutenir l&rsquo;\u00e9conomie.<\/span>    <span style=\"font-size: small;\"> C\u00f4t\u00e9 chinois, l&rsquo;indice manufacturier a ralenti, ce qui n&rsquo;est pas de bonne augure et laisse pr\u00e9sager que les investisseurs pourraient ralentir leurs achats.<\/span>  <span style=\"font-size: small;\"> Seul le conflit <strong>russo-ukrainien<\/strong> continue pour le moment \u00e0 contrebalancer ces mauvaises nouvelles pour l&rsquo;<a href='https:\/\/www.gold.fr\/news\/tags\/or' class='esk-seo-plu-link'>or<\/a>, en faisant briller \u00e0 nouveau son statut de valeur refuge.<\/span>    <span style=\"font-size: small;\"> L&rsquo;<a href='https:\/\/www.gold.fr\/news\/tags\/or' class='esk-seo-plu-link'>or<\/a> ouvre donc cette journ\u00e9e sur <a title=\"Prix de l'Or\" href=\"https:\/\/www.gold.fr\/cours-or-prix-de-l-or\/\" target=\"_blank\">un cours<\/a> encore en l\u00e9g\u00e8re baisse de <strong>1268.90 dollars<\/strong> <a title=\"Prix de l'Once d'or\" href=\"https:\/\/www.gold.fr\/once-en\/\" target=\"_blank\">l&rsquo;once<\/a>.<\/span><\/p>\n<!-- AddThis Advanced Settings generic via filter on the_content --><!-- AddThis Share Buttons generic via filter on the_content -->","protected":false},"excerpt":{"rendered":"<p>Les march\u00e9s continuent de s&rsquo;interroger sur les surprises que leur r\u00e9serve la BCE et c&rsquo;est l&rsquo;attente qui sera le ma\u00eetre mot jusqu&rsquo;\u00e0 ce que les minutes de la r\u00e9union de l&rsquo;organisme mon\u00e9taire soient r\u00e9v\u00e9l\u00e9es. C&rsquo;est en [&hellip;]<\/p>\n","protected":false},"author":18,"featured_media":5283,"comment_status":"open","ping_status":"open","sticky":false,"template":"","format":"standard","meta":{"_mbp_gutenberg_autopost":false,"_pgmb_is_evergreen":false,"_pgmb_ap_template_id":0,"footnotes":""},"categories":[5],"tags":[385,84,210,74],"ppma_author":[2565],"class_list":["post-15459","post","type-post","status-publish","format-standard","has-post-thumbnail","hentry","category-flash-infos","tag-cours-de-lor-de-bourse","tag-cours-de-lor","tag-_cours-de-lor_footer_","tag-_home-page_footer_"],"yoast_head":"<!-- This site is optimized with the Yoast SEO plugin v27.5 - https:\/\/yoast.com\/product\/yoast-seo-wordpress\/ -->\n<title>Le cours de l&#039;or suspendu \u00e0 la r\u00e9union de la BCE - Gold.fr<\/title>\n<meta name=\"robots\" content=\"index, follow, max-snippet:-1, max-image-preview:large, max-video-preview:-1\" \/>\n<link rel=\"canonical\" href=\"https:\/\/www.gold.fr\/news\/2014\/09\/03\/le-cours-de-lor-suspendu-a-la-reunion-de-la-bce\/\" \/>\n<meta property=\"og:locale\" content=\"fr_FR\" \/>\n<meta property=\"og:type\" content=\"article\" \/>\n<meta property=\"og:title\" content=\"Le cours de l&#039;or suspendu \u00e0 la r\u00e9union de la BCE - Gold.fr\" \/>\n<meta property=\"og:description\" content=\"Les march\u00e9s continuent de s&rsquo;interroger sur les surprises que leur r\u00e9serve la BCE et c&rsquo;est l&rsquo;attente qui sera le ma\u00eetre mot jusqu&rsquo;\u00e0 ce que les minutes de la r\u00e9union de l&rsquo;organisme mon\u00e9taire soient r\u00e9v\u00e9l\u00e9es. C&rsquo;est en [&hellip;]\" \/>\n<meta property=\"og:url\" content=\"https:\/\/www.gold.fr\/news\/2014\/09\/03\/le-cours-de-lor-suspendu-a-la-reunion-de-la-bce\/\" \/>\n<meta property=\"og:site_name\" content=\"Gold.fr\" \/>\n<meta property=\"article:publisher\" content=\"https:\/\/www.facebook.com\/Goldfr\/\" \/>\n<meta property=\"article:published_time\" content=\"2014-09-03T11:00:02+00:00\" \/>\n<meta property=\"article:modified_time\" content=\"2017-11-02T10:31:16+00:00\" \/>\n<meta property=\"og:image\" content=\"https:\/\/www.gold.fr\/news\/wp-content\/uploads\/2011\/08\/monde-or.jpg\" \/>\n\t<meta property=\"og:image:width\" content=\"600\" \/>\n\t<meta property=\"og:image:height\" content=\"400\" \/>\n\t<meta property=\"og:image:type\" content=\"image\/jpeg\" \/>\n<meta name=\"author\" content=\"Comptoir National de l&#039;Or\" \/>\n<meta name=\"twitter:card\" content=\"summary_large_image\" \/>\n<meta name=\"twitter:label1\" content=\"\u00c9crit par\" \/>\n\t<meta name=\"twitter:data1\" content=\"Comptoir National de l&#039;Or\" \/>\n\t<meta name=\"twitter:label2\" content=\"Dur\u00e9e de lecture estim\u00e9e\" \/>\n\t<meta name=\"twitter:data2\" content=\"1 minute\" \/>\n<script type=\"application\/ld+json\" class=\"yoast-schema-graph\">{\"@context\":\"https:\\\/\\\/schema.org\",\"@graph\":[{\"@type\":\"Article\",\"@id\":\"https:\\\/\\\/www.gold.fr\\\/news\\\/2014\\\/09\\\/03\\\/le-cours-de-lor-suspendu-a-la-reunion-de-la-bce\\\/#article\",\"isPartOf\":{\"@id\":\"https:\\\/\\\/www.gold.fr\\\/news\\\/2014\\\/09\\\/03\\\/le-cours-de-lor-suspendu-a-la-reunion-de-la-bce\\\/\"},\"author\":{\"name\":\"Comptoir National de l'Or\",\"@id\":\"https:\\\/\\\/www.gold.fr\\\/news\\\/#\\\/schema\\\/person\\\/070491b4b4fb7671bf59b3be20302ce9\"},\"headline\":\"Le cours de l&rsquo;or suspendu \u00e0 la r\u00e9union de la BCE\",\"datePublished\":\"2014-09-03T11:00:02+00:00\",\"dateModified\":\"2017-11-02T10:31:16+00:00\",\"mainEntityOfPage\":{\"@id\":\"https:\\\/\\\/www.gold.fr\\\/news\\\/2014\\\/09\\\/03\\\/le-cours-de-lor-suspendu-a-la-reunion-de-la-bce\\\/\"},\"wordCount\":152,\"commentCount\":0,\"image\":{\"@id\":\"https:\\\/\\\/www.gold.fr\\\/news\\\/2014\\\/09\\\/03\\\/le-cours-de-lor-suspendu-a-la-reunion-de-la-bce\\\/#primaryimage\"},\"thumbnailUrl\":\"https:\\\/\\\/www.gold.fr\\\/news\\\/wp-content\\\/uploads\\\/2011\\\/08\\\/monde-or.jpg\",\"keywords\":[\"cours de l'or de bourse\",\"Tout Cours de l'Or\",\"_Cours de l\u2019Or_Footer_\",\"_Home page Footer_\"],\"articleSection\":[\"Flash infos\"],\"inLanguage\":\"fr-FR\"},{\"@type\":\"WebPage\",\"@id\":\"https:\\\/\\\/www.gold.fr\\\/news\\\/2014\\\/09\\\/03\\\/le-cours-de-lor-suspendu-a-la-reunion-de-la-bce\\\/\",\"url\":\"https:\\\/\\\/www.gold.fr\\\/news\\\/2014\\\/09\\\/03\\\/le-cours-de-lor-suspendu-a-la-reunion-de-la-bce\\\/\",\"name\":\"Le cours de l'or suspendu \u00e0 la r\u00e9union de la BCE - Gold.fr\",\"isPartOf\":{\"@id\":\"https:\\\/\\\/www.gold.fr\\\/news\\\/#website\"},\"primaryImageOfPage\":{\"@id\":\"https:\\\/\\\/www.gold.fr\\\/news\\\/2014\\\/09\\\/03\\\/le-cours-de-lor-suspendu-a-la-reunion-de-la-bce\\\/#primaryimage\"},\"image\":{\"@id\":\"https:\\\/\\\/www.gold.fr\\\/news\\\/2014\\\/09\\\/03\\\/le-cours-de-lor-suspendu-a-la-reunion-de-la-bce\\\/#primaryimage\"},\"thumbnailUrl\":\"https:\\\/\\\/www.gold.fr\\\/news\\\/wp-content\\\/uploads\\\/2011\\\/08\\\/monde-or.jpg\",\"datePublished\":\"2014-09-03T11:00:02+00:00\",\"dateModified\":\"2017-11-02T10:31:16+00:00\",\"author\":{\"@id\":\"https:\\\/\\\/www.gold.fr\\\/news\\\/#\\\/schema\\\/person\\\/070491b4b4fb7671bf59b3be20302ce9\"},\"breadcrumb\":{\"@id\":\"https:\\\/\\\/www.gold.fr\\\/news\\\/2014\\\/09\\\/03\\\/le-cours-de-lor-suspendu-a-la-reunion-de-la-bce\\\/#breadcrumb\"},\"inLanguage\":\"fr-FR\",\"potentialAction\":[{\"@type\":\"ReadAction\",\"target\":[\"https:\\\/\\\/www.gold.fr\\\/news\\\/2014\\\/09\\\/03\\\/le-cours-de-lor-suspendu-a-la-reunion-de-la-bce\\\/\"]}]},{\"@type\":\"ImageObject\",\"inLanguage\":\"fr-FR\",\"@id\":\"https:\\\/\\\/www.gold.fr\\\/news\\\/2014\\\/09\\\/03\\\/le-cours-de-lor-suspendu-a-la-reunion-de-la-bce\\\/#primaryimage\",\"url\":\"https:\\\/\\\/www.gold.fr\\\/news\\\/wp-content\\\/uploads\\\/2011\\\/08\\\/monde-or.jpg\",\"contentUrl\":\"https:\\\/\\\/www.gold.fr\\\/news\\\/wp-content\\\/uploads\\\/2011\\\/08\\\/monde-or.jpg\",\"width\":\"600\",\"height\":\"400\",\"caption\":\"Retour sur les fluctuations de l\u2019once\"},{\"@type\":\"BreadcrumbList\",\"@id\":\"https:\\\/\\\/www.gold.fr\\\/news\\\/2014\\\/09\\\/03\\\/le-cours-de-lor-suspendu-a-la-reunion-de-la-bce\\\/#breadcrumb\",\"itemListElement\":[{\"@type\":\"ListItem\",\"position\":1,\"name\":\"Accueil\",\"item\":\"https:\\\/\\\/www.gold.fr\\\/\"},{\"@type\":\"ListItem\",\"position\":2,\"name\":\"Actualit\u00e9s\",\"item\":\"https:\\\/\\\/www.gold.fr\\\/news\\\/\"},{\"@type\":\"ListItem\",\"position\":3,\"name\":\"Le cours de l&rsquo;or suspendu \u00e0 la r\u00e9union de la BCE\"}]},{\"@type\":\"WebSite\",\"@id\":\"https:\\\/\\\/www.gold.fr\\\/news\\\/#website\",\"url\":\"https:\\\/\\\/www.gold.fr\\\/news\\\/\",\"name\":\"Gold.fr\",\"description\":\"Actualit\u00e9s de l&#039;Or et des m\u00e9taux pr\u00e9cieux\",\"potentialAction\":[{\"@type\":\"SearchAction\",\"target\":{\"@type\":\"EntryPoint\",\"urlTemplate\":\"https:\\\/\\\/www.gold.fr\\\/news\\\/?s={search_term_string}\"},\"query-input\":{\"@type\":\"PropertyValueSpecification\",\"valueRequired\":true,\"valueName\":\"search_term_string\"}}],\"inLanguage\":\"fr-FR\"},{\"@type\":\"Person\",\"@id\":\"https:\\\/\\\/www.gold.fr\\\/news\\\/#\\\/schema\\\/person\\\/070491b4b4fb7671bf59b3be20302ce9\",\"name\":\"Comptoir National de l'Or\",\"image\":{\"@type\":\"ImageObject\",\"inLanguage\":\"fr-FR\",\"@id\":\"https:\\\/\\\/secure.gravatar.com\\\/avatar\\\/0a2867fd5abe37bed95d5a65e9d58f01756e11efc68af9888dfc50cfa7f65948?s=96&d=mm&r=gb490554db0a38188709de567aa58480d\",\"url\":\"https:\\\/\\\/secure.gravatar.com\\\/avatar\\\/0a2867fd5abe37bed95d5a65e9d58f01756e11efc68af9888dfc50cfa7f65948?s=96&d=mm&r=g\",\"contentUrl\":\"https:\\\/\\\/secure.gravatar.com\\\/avatar\\\/0a2867fd5abe37bed95d5a65e9d58f01756e11efc68af9888dfc50cfa7f65948?s=96&d=mm&r=g\",\"caption\":\"Comptoir National de l'Or\"},\"description\":\"Notre r\u00e9daction est constitu\u00e9e de membres experts dans les m\u00e9tiers de l'\u00e9conomie et la gestion, des Responsables d'agence Comptoir National de l'Or, des analystes financiers qui publient r\u00e9guli\u00e8rement des \u00e9tudes sur les politiques des banques centrales, le cours de l'or, prix de l'or, cours de l'argent, prix de l'argent, cours du platine, cours du palladium,... la situation en zone euro et l'impact de la strat\u00e9gie mon\u00e9taire de la FED. Notre \u00e9quipe scrute \u00e9galement une information plus g\u00e9n\u00e9raliste \u00e0 la recherche d'actualit\u00e9 \\\"p\u00e9pite\\\" \u00e0 vous partager. Depuis 5 ans, nous avons publi\u00e9 un peu plus de 4000 articles qui s'adressent \u00e0 un public large et vari\u00e9 ayant pour objectif de satisfaire votre curiosit\u00e9 et de partager avec vous une certaine fascination pour le m\u00e9tal jaune, le rachat d'or, et pour ceux qui veulent investir dans l'or, vendre leur or tout simplement en savoir plus... Pour tous vos achat or et argent, n'h\u00e9sitez pas \u00e0 prendre rendez-vous dans l'un de nos nombreux comptoirs.\",\"sameAs\":[\"https:\\\/\\\/www.gold.fr\"]}]}<\/script>\n<!-- \/ Yoast SEO plugin. -->","yoast_head_json":{"title":"Le cours de l'or suspendu \u00e0 la r\u00e9union de la BCE - Gold.fr","robots":{"index":"index","follow":"follow","max-snippet":"max-snippet:-1","max-image-preview":"max-image-preview:large","max-video-preview":"max-video-preview:-1"},"canonical":"https:\/\/www.gold.fr\/news\/2014\/09\/03\/le-cours-de-lor-suspendu-a-la-reunion-de-la-bce\/","og_locale":"fr_FR","og_type":"article","og_title":"Le cours de l'or suspendu \u00e0 la r\u00e9union de la BCE - Gold.fr","og_description":"Les march\u00e9s continuent de s&rsquo;interroger sur les surprises que leur r\u00e9serve la BCE et c&rsquo;est l&rsquo;attente qui sera le ma\u00eetre mot jusqu&rsquo;\u00e0 ce que les minutes de la r\u00e9union de l&rsquo;organisme mon\u00e9taire soient r\u00e9v\u00e9l\u00e9es. C&rsquo;est en [&hellip;]","og_url":"https:\/\/www.gold.fr\/news\/2014\/09\/03\/le-cours-de-lor-suspendu-a-la-reunion-de-la-bce\/","og_site_name":"Gold.fr","article_publisher":"https:\/\/www.facebook.com\/Goldfr\/","article_published_time":"2014-09-03T11:00:02+00:00","article_modified_time":"2017-11-02T10:31:16+00:00","og_image":[{"width":600,"height":400,"url":"https:\/\/www.gold.fr\/news\/wp-content\/uploads\/2011\/08\/monde-or.jpg","type":"image\/jpeg"}],"author":"Comptoir National de l'Or","twitter_card":"summary_large_image","twitter_misc":{"\u00c9crit par":"Comptoir National de l'Or","Dur\u00e9e de lecture estim\u00e9e":"1 minute"},"schema":{"@context":"https:\/\/schema.org","@graph":[{"@type":"Article","@id":"https:\/\/www.gold.fr\/news\/2014\/09\/03\/le-cours-de-lor-suspendu-a-la-reunion-de-la-bce\/#article","isPartOf":{"@id":"https:\/\/www.gold.fr\/news\/2014\/09\/03\/le-cours-de-lor-suspendu-a-la-reunion-de-la-bce\/"},"author":{"name":"Comptoir National de l'Or","@id":"https:\/\/www.gold.fr\/news\/#\/schema\/person\/070491b4b4fb7671bf59b3be20302ce9"},"headline":"Le cours de l&rsquo;or suspendu \u00e0 la r\u00e9union de la BCE","datePublished":"2014-09-03T11:00:02+00:00","dateModified":"2017-11-02T10:31:16+00:00","mainEntityOfPage":{"@id":"https:\/\/www.gold.fr\/news\/2014\/09\/03\/le-cours-de-lor-suspendu-a-la-reunion-de-la-bce\/"},"wordCount":152,"commentCount":0,"image":{"@id":"https:\/\/www.gold.fr\/news\/2014\/09\/03\/le-cours-de-lor-suspendu-a-la-reunion-de-la-bce\/#primaryimage"},"thumbnailUrl":"https:\/\/www.gold.fr\/news\/wp-content\/uploads\/2011\/08\/monde-or.jpg","keywords":["cours de l'or de bourse","Tout Cours de l'Or","_Cours de l\u2019Or_Footer_","_Home page Footer_"],"articleSection":["Flash infos"],"inLanguage":"fr-FR"},{"@type":"WebPage","@id":"https:\/\/www.gold.fr\/news\/2014\/09\/03\/le-cours-de-lor-suspendu-a-la-reunion-de-la-bce\/","url":"https:\/\/www.gold.fr\/news\/2014\/09\/03\/le-cours-de-lor-suspendu-a-la-reunion-de-la-bce\/","name":"Le cours de l'or suspendu \u00e0 la r\u00e9union de la BCE - Gold.fr","isPartOf":{"@id":"https:\/\/www.gold.fr\/news\/#website"},"primaryImageOfPage":{"@id":"https:\/\/www.gold.fr\/news\/2014\/09\/03\/le-cours-de-lor-suspendu-a-la-reunion-de-la-bce\/#primaryimage"},"image":{"@id":"https:\/\/www.gold.fr\/news\/2014\/09\/03\/le-cours-de-lor-suspendu-a-la-reunion-de-la-bce\/#primaryimage"},"thumbnailUrl":"https:\/\/www.gold.fr\/news\/wp-content\/uploads\/2011\/08\/monde-or.jpg","datePublished":"2014-09-03T11:00:02+00:00","dateModified":"2017-11-02T10:31:16+00:00","author":{"@id":"https:\/\/www.gold.fr\/news\/#\/schema\/person\/070491b4b4fb7671bf59b3be20302ce9"},"breadcrumb":{"@id":"https:\/\/www.gold.fr\/news\/2014\/09\/03\/le-cours-de-lor-suspendu-a-la-reunion-de-la-bce\/#breadcrumb"},"inLanguage":"fr-FR","potentialAction":[{"@type":"ReadAction","target":["https:\/\/www.gold.fr\/news\/2014\/09\/03\/le-cours-de-lor-suspendu-a-la-reunion-de-la-bce\/"]}]},{"@type":"ImageObject","inLanguage":"fr-FR","@id":"https:\/\/www.gold.fr\/news\/2014\/09\/03\/le-cours-de-lor-suspendu-a-la-reunion-de-la-bce\/#primaryimage","url":"https:\/\/www.gold.fr\/news\/wp-content\/uploads\/2011\/08\/monde-or.jpg","contentUrl":"https:\/\/www.gold.fr\/news\/wp-content\/uploads\/2011\/08\/monde-or.jpg","width":"600","height":"400","caption":"Retour sur les fluctuations de l\u2019once"},{"@type":"BreadcrumbList","@id":"https:\/\/www.gold.fr\/news\/2014\/09\/03\/le-cours-de-lor-suspendu-a-la-reunion-de-la-bce\/#breadcrumb","itemListElement":[{"@type":"ListItem","position":1,"name":"Accueil","item":"https:\/\/www.gold.fr\/"},{"@type":"ListItem","position":2,"name":"Actualit\u00e9s","item":"https:\/\/www.gold.fr\/news\/"},{"@type":"ListItem","position":3,"name":"Le cours de l&rsquo;or suspendu \u00e0 la r\u00e9union de la BCE"}]},{"@type":"WebSite","@id":"https:\/\/www.gold.fr\/news\/#website","url":"https:\/\/www.gold.fr\/news\/","name":"Gold.fr","description":"Actualit\u00e9s de l&#039;Or et des m\u00e9taux pr\u00e9cieux","potentialAction":[{"@type":"SearchAction","target":{"@type":"EntryPoint","urlTemplate":"https:\/\/www.gold.fr\/news\/?s={search_term_string}"},"query-input":{"@type":"PropertyValueSpecification","valueRequired":true,"valueName":"search_term_string"}}],"inLanguage":"fr-FR"},{"@type":"Person","@id":"https:\/\/www.gold.fr\/news\/#\/schema\/person\/070491b4b4fb7671bf59b3be20302ce9","name":"Comptoir National de l'Or","image":{"@type":"ImageObject","inLanguage":"fr-FR","@id":"https:\/\/secure.gravatar.com\/avatar\/0a2867fd5abe37bed95d5a65e9d58f01756e11efc68af9888dfc50cfa7f65948?s=96&d=mm&r=gb490554db0a38188709de567aa58480d","url":"https:\/\/secure.gravatar.com\/avatar\/0a2867fd5abe37bed95d5a65e9d58f01756e11efc68af9888dfc50cfa7f65948?s=96&d=mm&r=g","contentUrl":"https:\/\/secure.gravatar.com\/avatar\/0a2867fd5abe37bed95d5a65e9d58f01756e11efc68af9888dfc50cfa7f65948?s=96&d=mm&r=g","caption":"Comptoir National de l'Or"},"description":"Notre r\u00e9daction est constitu\u00e9e de membres experts dans les m\u00e9tiers de l'\u00e9conomie et la gestion, des Responsables d'agence Comptoir National de l'Or, des analystes financiers qui publient r\u00e9guli\u00e8rement des \u00e9tudes sur les politiques des banques centrales, le cours de l'or, prix de l'or, cours de l'argent, prix de l'argent, cours du platine, cours du palladium,... la situation en zone euro et l'impact de la strat\u00e9gie mon\u00e9taire de la FED. Notre \u00e9quipe scrute \u00e9galement une information plus g\u00e9n\u00e9raliste \u00e0 la recherche d'actualit\u00e9 \"p\u00e9pite\" \u00e0 vous partager. Depuis 5 ans, nous avons publi\u00e9 un peu plus de 4000 articles qui s'adressent \u00e0 un public large et vari\u00e9 ayant pour objectif de satisfaire votre curiosit\u00e9 et de partager avec vous une certaine fascination pour le m\u00e9tal jaune, le rachat d'or, et pour ceux qui veulent investir dans l'or, vendre leur or tout simplement en savoir plus... Pour tous vos achat or et argent, n'h\u00e9sitez pas \u00e0 prendre rendez-vous dans l'un de nos nombreux comptoirs.","sameAs":["https:\/\/www.gold.fr"]}]}},"authors":[{"term_id":2565,"user_id":18,"is_guest":0,"slug":"julie","display_name":"Comptoir National de l'Or","avatar_url":"https:\/\/secure.gravatar.com\/avatar\/713f289e398d35ead876c4a4cc08607f0d6d266058cfc25683fffb6092d0e572?s=96&d=mm&r=g","0":null,"1":"","2":"","3":"","4":"","5":"","6":"","7":"","8":""}],"_links":{"self":[{"href":"https:\/\/www.gold.fr\/news\/wp-json\/wp\/v2\/posts\/15459","targetHints":{"allow":["GET"]}}],"collection":[{"href":"https:\/\/www.gold.fr\/news\/wp-json\/wp\/v2\/posts"}],"about":[{"href":"https:\/\/www.gold.fr\/news\/wp-json\/wp\/v2\/types\/post"}],"author":[{"embeddable":true,"href":"https:\/\/www.gold.fr\/news\/wp-json\/wp\/v2\/users\/18"}],"replies":[{"embeddable":true,"href":"https:\/\/www.gold.fr\/news\/wp-json\/wp\/v2\/comments?post=15459"}],"version-history":[{"count":0,"href":"https:\/\/www.gold.fr\/news\/wp-json\/wp\/v2\/posts\/15459\/revisions"}],"wp:featuredmedia":[{"embeddable":true,"href":"https:\/\/www.gold.fr\/news\/wp-json\/wp\/v2\/media\/5283"}],"wp:attachment":[{"href":"https:\/\/www.gold.fr\/news\/wp-json\/wp\/v2\/media?parent=15459"}],"wp:term":[{"taxonomy":"category","embeddable":true,"href":"https:\/\/www.gold.fr\/news\/wp-json\/wp\/v2\/categories?post=15459"},{"taxonomy":"post_tag","embeddable":true,"href":"https:\/\/www.gold.fr\/news\/wp-json\/wp\/v2\/tags?post=15459"},{"taxonomy":"author","embeddable":true,"href":"https:\/\/www.gold.fr\/news\/wp-json\/wp\/v2\/ppma_author?post=15459"}],"curies":[{"name":"wp","href":"https:\/\/api.w.org\/{rel}","templated":true}]}}