{"id":15441,"date":"2014-09-02T09:00:47","date_gmt":"2014-09-02T07:00:47","guid":{"rendered":"https:\/\/www.gold.fr\/news\/?p=15441"},"modified":"2018-02-23T16:00:07","modified_gmt":"2018-02-23T15:00:07","slug":"baisse-de-40-des-vols-de-colliers-en-or","status":"publish","type":"post","link":"https:\/\/www.gold.fr\/news\/2014\/09\/02\/baisse-de-40-des-vols-de-colliers-en-or\/","title":{"rendered":"Baisse de 40 % des vols de colliers en or"},"content":{"rendered":"<p><img loading=\"lazy\" decoding=\"async\" class=\"alignleft size-thumbnail wp-image-2404\" title=\"Baisse de 40 % des vols de colliers en or \" src=\"https:\/\/www.gold.fr\/news\/wp-content\/uploads\/2011\/09\/harga-emas1-150x150.jpg\" alt=\"\" width=\"150\" height=\"150\" \/><span style=\"font-size: small;\">En <strong>2012<\/strong>, suite \u00e0 l&rsquo;envol\u00e9e du <a title=\"Prix de l'Or\" href=\"https:\/\/www.gold.fr\/cours-or-prix-de-l-or\/\" target=\"_blank\" rel=\"noopener\">cours de l\u2019or<\/a> qui s&rsquo;\u00e9tait \u00e9tabli \u00e0 <strong>1300 \u20ac<\/strong> (<strong>1 600 $<\/strong> \u00e0 peu pr\u00e8s) <a title=\"Prix de l'Once d'or\" href=\"https:\/\/www.gold.fr\/once-en\/\" target=\"_blank\" rel=\"noopener\">l&rsquo;once<\/a>, les vols \u00e0 l&rsquo;arrach\u00e9e des colliers en or explosaient. <\/span> <span style=\"font-size: small;\"> En juillet <strong>2014<\/strong>, les services de police n&rsquo;ont enregistr\u00e9 que <strong>122<\/strong> vols contre <strong>235<\/strong> lors du m\u00eame mois de l&rsquo;ann\u00e9e <strong>2013<\/strong>.<\/span> <span style=\"font-size: small;\"> Sur les sept premiers mois de l&rsquo;ann\u00e9e en cours, les vols de colliers en or ont baiss\u00e9 de <strong>40%<\/strong> dans l&rsquo;ensemble de l&rsquo;agglom\u00e9ration parisienne (qui regroupe Paris, le Val-de-Marne, la Seine-Saint-Denis et les Hauts-de-Seine). Cette baisse peut \u00eatre imput\u00e9e \u00e0 plusieurs facteurs, certains tr\u00e8s positifs, d&rsquo;autres un peu moins.<\/span> <span style=\"font-size: small;\"> Le premier facteur de baisse est certainement \u00e0 attribuer \u00e0 la pr\u00e9fecture de police de Paris. En effet, celle-ci a mis en place un plan de lutte contre la d\u00e9linquance tr\u00e8s efficace avec entre autres, la mise \u00e0 disposition d&rsquo;un num\u00e9ro d&rsquo;urgence pour signaler les infractions.<\/span> <span style=\"font-size: small;\"> Le but \u00e9tant de prot\u00e9ger les personnes les plus fragiles, qui sont souvent les victimes de ce genre de larcin.<\/span> <span style=\"font-size: small;\"> Quant au butin, les <a class=\"esk-seo-plu-link\" href=\"https:\/\/www.gold.fr\/news\/tags\/bijoux-or\">bijoux en or<\/a> \u00e9taient il y a encore peu de temps tout aussi faciles \u00e0 d\u00e9rober qu&rsquo;\u00e0 revendre, ce qui attisait la convoitise des voleurs. En effet, un collier de 15g pouvait \u00eatre revendu sans aucune difficult\u00e9 pour jusqu&rsquo;\u00e0 <strong>350 \u20ac<\/strong> net.<\/span> <span style=\"font-size: small;\"> C&rsquo;est \u00e0 ce niveau qu&rsquo;un nouveau facteur entre en jeux. En effet, aujourd&rsquo;hui, les agences s\u00e9rieuses de professionnels de l&rsquo;or exigent des pi\u00e8ces d&rsquo;identit\u00e9 et des certificats d&rsquo;authentification qui compliquent grandement la t\u00e2che des voleurs et r\u00e9duisent consid\u00e9rablement les tentatives frauduleuses.<\/span> <span style=\"font-size: small;\"> Le dernier facteur de baisse est malheureusement moins positifs pour les amateurs de m\u00e9tal jaune puisque c&rsquo;est logiquement la baisse du cours de l&rsquo;or qui pousse les voleurs \u00e0 s&rsquo;int\u00e9resser \u00e0 d&rsquo;autres d\u00e9lits puisque les b\u00e9n\u00e9fices sont du coup moins importants.<\/span> <span style=\"font-size: small;\"> Ce que recommande la police en cas de vol :<\/span> <span style=\"font-size: small;\"> Prendre des photos des bijoux de valeur, pour les retrouver plus facilement en cas de vol.<\/span> <span style=\"font-size: small;\"> En cas d&rsquo;agression, essayer de m\u00e9moriser le signalement des malfaiteurs (sexe, \u00e2ge apparent, tenue vestimentaire, \u2026)<\/span><\/p>\n<!-- AddThis Advanced Settings generic via filter on the_content --><!-- AddThis Share Buttons generic via filter on the_content -->","protected":false},"excerpt":{"rendered":"<p>En 2012, suite \u00e0 l&rsquo;envol\u00e9e du cours de l\u2019or qui s&rsquo;\u00e9tait \u00e9tabli \u00e0 1300 \u20ac (1 600 $ \u00e0 peu pr\u00e8s) l&rsquo;once, les vols \u00e0 l&rsquo;arrach\u00e9e des colliers en or explosaient. En juillet 2014, les services [&hellip;]<\/p>\n","protected":false},"author":18,"featured_media":2404,"comment_status":"open","ping_status":"open","sticky":false,"template":"","format":"standard","meta":{"_mbp_gutenberg_autopost":false,"_pgmb_is_evergreen":false,"_pgmb_ap_template_id":0,"footnotes":""},"categories":[6],"tags":[1915,961,962,1914],"ppma_author":[2565],"class_list":["post-15441","post","type-post","status-publish","format-standard","has-post-thumbnail","hentry","category-articles-de-presse","tag-colliers","tag-cours-or","tag-prix-or","tag-vols"],"yoast_head":"<!-- This site is optimized with the Yoast SEO plugin v26.9 - https:\/\/yoast.com\/product\/yoast-seo-wordpress\/ -->\n<title>Baisse de 40 % des vols de colliers en or - Gold.fr<\/title>\n<meta name=\"robots\" content=\"index, follow, max-snippet:-1, max-image-preview:large, max-video-preview:-1\" \/>\n<link rel=\"canonical\" href=\"https:\/\/www.gold.fr\/news\/2014\/09\/02\/baisse-de-40-des-vols-de-colliers-en-or\/\" \/>\n<meta property=\"og:locale\" content=\"fr_FR\" \/>\n<meta property=\"og:type\" content=\"article\" \/>\n<meta property=\"og:title\" content=\"Baisse de 40 % des vols de colliers en or - Gold.fr\" \/>\n<meta property=\"og:description\" content=\"En 2012, suite \u00e0 l&rsquo;envol\u00e9e du cours de l\u2019or qui s&rsquo;\u00e9tait \u00e9tabli \u00e0 1300 \u20ac (1 600 $ \u00e0 peu pr\u00e8s) l&rsquo;once, les vols \u00e0 l&rsquo;arrach\u00e9e des colliers en or explosaient. En juillet 2014, les services [&hellip;]\" \/>\n<meta property=\"og:url\" content=\"https:\/\/www.gold.fr\/news\/2014\/09\/02\/baisse-de-40-des-vols-de-colliers-en-or\/\" \/>\n<meta property=\"og:site_name\" content=\"Gold.fr\" \/>\n<meta property=\"article:publisher\" content=\"https:\/\/www.facebook.com\/Goldfr\/\" \/>\n<meta property=\"article:published_time\" content=\"2014-09-02T07:00:47+00:00\" \/>\n<meta property=\"article:modified_time\" content=\"2018-02-23T15:00:07+00:00\" \/>\n<meta property=\"og:image\" content=\"https:\/\/www.gold.fr\/news\/wp-content\/uploads\/2011\/09\/harga-emas1.jpg\" \/>\n\t<meta property=\"og:image:width\" content=\"636\" \/>\n\t<meta property=\"og:image:height\" content=\"477\" \/>\n\t<meta property=\"og:image:type\" content=\"image\/jpeg\" \/>\n<meta name=\"author\" content=\"Comptoir National de l&#039;Or\" \/>\n<meta name=\"twitter:card\" content=\"summary_large_image\" \/>\n<meta name=\"twitter:label1\" content=\"\u00c9crit par\" \/>\n\t<meta name=\"twitter:data1\" content=\"Comptoir National de l&#039;Or\" \/>\n\t<meta name=\"twitter:label2\" content=\"Dur\u00e9e de lecture estim\u00e9e\" \/>\n\t<meta name=\"twitter:data2\" content=\"2 minutes\" \/>\n<script type=\"application\/ld+json\" class=\"yoast-schema-graph\">{\"@context\":\"https:\/\/schema.org\",\"@graph\":[{\"@type\":\"Article\",\"@id\":\"https:\/\/www.gold.fr\/news\/2014\/09\/02\/baisse-de-40-des-vols-de-colliers-en-or\/#article\",\"isPartOf\":{\"@id\":\"https:\/\/www.gold.fr\/news\/2014\/09\/02\/baisse-de-40-des-vols-de-colliers-en-or\/\"},\"author\":{\"name\":\"Comptoir National de l'Or\",\"@id\":\"https:\/\/www.gold.fr\/news\/#\/schema\/person\/760ee7cec237915eebf2be78df0404c4\"},\"headline\":\"Baisse de 40 % des vols de colliers en or\",\"datePublished\":\"2014-09-02T07:00:47+00:00\",\"dateModified\":\"2018-02-23T15:00:07+00:00\",\"mainEntityOfPage\":{\"@id\":\"https:\/\/www.gold.fr\/news\/2014\/09\/02\/baisse-de-40-des-vols-de-colliers-en-or\/\"},\"wordCount\":368,\"commentCount\":0,\"image\":{\"@id\":\"https:\/\/www.gold.fr\/news\/2014\/09\/02\/baisse-de-40-des-vols-de-colliers-en-or\/#primaryimage\"},\"thumbnailUrl\":\"https:\/\/www.gold.fr\/news\/wp-content\/uploads\/2011\/09\/harga-emas1.jpg\",\"keywords\":[\"colliers\",\"cours or\",\"prix or\",\"vols\"],\"articleSection\":[\"Articles de presse\"],\"inLanguage\":\"fr-FR\"},{\"@type\":\"WebPage\",\"@id\":\"https:\/\/www.gold.fr\/news\/2014\/09\/02\/baisse-de-40-des-vols-de-colliers-en-or\/\",\"url\":\"https:\/\/www.gold.fr\/news\/2014\/09\/02\/baisse-de-40-des-vols-de-colliers-en-or\/\",\"name\":\"Baisse de 40 % des vols de colliers en or - Gold.fr\",\"isPartOf\":{\"@id\":\"https:\/\/www.gold.fr\/news\/#website\"},\"primaryImageOfPage\":{\"@id\":\"https:\/\/www.gold.fr\/news\/2014\/09\/02\/baisse-de-40-des-vols-de-colliers-en-or\/#primaryimage\"},\"image\":{\"@id\":\"https:\/\/www.gold.fr\/news\/2014\/09\/02\/baisse-de-40-des-vols-de-colliers-en-or\/#primaryimage\"},\"thumbnailUrl\":\"https:\/\/www.gold.fr\/news\/wp-content\/uploads\/2011\/09\/harga-emas1.jpg\",\"datePublished\":\"2014-09-02T07:00:47+00:00\",\"dateModified\":\"2018-02-23T15:00:07+00:00\",\"author\":{\"@id\":\"https:\/\/www.gold.fr\/news\/#\/schema\/person\/760ee7cec237915eebf2be78df0404c4\"},\"breadcrumb\":{\"@id\":\"https:\/\/www.gold.fr\/news\/2014\/09\/02\/baisse-de-40-des-vols-de-colliers-en-or\/#breadcrumb\"},\"inLanguage\":\"fr-FR\",\"potentialAction\":[{\"@type\":\"ReadAction\",\"target\":[\"https:\/\/www.gold.fr\/news\/2014\/09\/02\/baisse-de-40-des-vols-de-colliers-en-or\/\"]}]},{\"@type\":\"ImageObject\",\"inLanguage\":\"fr-FR\",\"@id\":\"https:\/\/www.gold.fr\/news\/2014\/09\/02\/baisse-de-40-des-vols-de-colliers-en-or\/#primaryimage\",\"url\":\"https:\/\/www.gold.fr\/news\/wp-content\/uploads\/2011\/09\/harga-emas1.jpg\",\"contentUrl\":\"https:\/\/www.gold.fr\/news\/wp-content\/uploads\/2011\/09\/harga-emas1.jpg\",\"width\":\"636\",\"height\":\"477\",\"caption\":\"L\u2019once en hausse en d\u00e9pit de l\u2019instabilit\u00e9 politique\"},{\"@type\":\"BreadcrumbList\",\"@id\":\"https:\/\/www.gold.fr\/news\/2014\/09\/02\/baisse-de-40-des-vols-de-colliers-en-or\/#breadcrumb\",\"itemListElement\":[{\"@type\":\"ListItem\",\"position\":1,\"name\":\"Accueil\",\"item\":\"https:\/\/www.gold.fr\/\"},{\"@type\":\"ListItem\",\"position\":2,\"name\":\"Actualit\u00e9s\",\"item\":\"https:\/\/www.gold.fr\/news\/\"},{\"@type\":\"ListItem\",\"position\":3,\"name\":\"Baisse de 40 % des vols de colliers en or\"}]},{\"@type\":\"WebSite\",\"@id\":\"https:\/\/www.gold.fr\/news\/#website\",\"url\":\"https:\/\/www.gold.fr\/news\/\",\"name\":\"Gold.fr\",\"description\":\"Actualit\u00e9s de l&#039;Or et des m\u00e9taux pr\u00e9cieux\",\"potentialAction\":[{\"@type\":\"SearchAction\",\"target\":{\"@type\":\"EntryPoint\",\"urlTemplate\":\"https:\/\/www.gold.fr\/news\/?s={search_term_string}\"},\"query-input\":{\"@type\":\"PropertyValueSpecification\",\"valueRequired\":true,\"valueName\":\"search_term_string\"}}],\"inLanguage\":\"fr-FR\"},{\"@type\":\"Person\",\"@id\":\"https:\/\/www.gold.fr\/news\/#\/schema\/person\/760ee7cec237915eebf2be78df0404c4\",\"name\":\"Comptoir National de l'Or\",\"image\":{\"@type\":\"ImageObject\",\"inLanguage\":\"fr-FR\",\"@id\":\"https:\/\/www.gold.fr\/news\/#\/schema\/person\/image\/c36675942654553a86039d2dfa93c740\",\"url\":\"https:\/\/secure.gravatar.com\/avatar\/713f289e398d35ead876c4a4cc08607f0d6d266058cfc25683fffb6092d0e572?s=96&d=mm&r=g\",\"contentUrl\":\"https:\/\/secure.gravatar.com\/avatar\/713f289e398d35ead876c4a4cc08607f0d6d266058cfc25683fffb6092d0e572?s=96&d=mm&r=g\",\"caption\":\"Comptoir National de l'Or\"},\"description\":\"Notre r\u00e9daction est constitu\u00e9e de membres experts dans les m\u00e9tiers de l'\u00e9conomie et la gestion, des Responsables d'agence Comptoir National de l'Or, des analystes financiers qui publient r\u00e9guli\u00e8rement des \u00e9tudes sur les politiques des banques centrales, le cours de l'or, prix de l'or, cours de l'argent, prix de l'argent, cours du platine, cours du palladium,... la situation en zone euro et l'impact de la strat\u00e9gie mon\u00e9taire de la FED. Notre \u00e9quipe scrute \u00e9galement une information plus g\u00e9n\u00e9raliste \u00e0 la recherche d'actualit\u00e9 \\\"p\u00e9pite\\\" \u00e0 vous partager. Depuis 5 ans, nous avons publi\u00e9 un peu plus de 4000 articles qui s'adressent \u00e0 un public large et vari\u00e9 ayant pour objectif de satisfaire votre curiosit\u00e9 et de partager avec vous une certaine fascination pour le m\u00e9tal jaune, le rachat d'or, et pour ceux qui veulent investir dans l'or, vendre leur or tout simplement en savoir plus... Pour tous vos achat or et argent, n'h\u00e9sitez pas \u00e0 prendre rendez-vous dans l'un de nos nombreux comptoirs.\",\"sameAs\":[\"https:\/\/www.gold.fr\"]}]}<\/script>\n<!-- \/ Yoast SEO plugin. -->","yoast_head_json":{"title":"Baisse de 40 % des vols de colliers en or - Gold.fr","robots":{"index":"index","follow":"follow","max-snippet":"max-snippet:-1","max-image-preview":"max-image-preview:large","max-video-preview":"max-video-preview:-1"},"canonical":"https:\/\/www.gold.fr\/news\/2014\/09\/02\/baisse-de-40-des-vols-de-colliers-en-or\/","og_locale":"fr_FR","og_type":"article","og_title":"Baisse de 40 % des vols de colliers en or - Gold.fr","og_description":"En 2012, suite \u00e0 l&rsquo;envol\u00e9e du cours de l\u2019or qui s&rsquo;\u00e9tait \u00e9tabli \u00e0 1300 \u20ac (1 600 $ \u00e0 peu pr\u00e8s) l&rsquo;once, les vols \u00e0 l&rsquo;arrach\u00e9e des colliers en or explosaient. En juillet 2014, les services [&hellip;]","og_url":"https:\/\/www.gold.fr\/news\/2014\/09\/02\/baisse-de-40-des-vols-de-colliers-en-or\/","og_site_name":"Gold.fr","article_publisher":"https:\/\/www.facebook.com\/Goldfr\/","article_published_time":"2014-09-02T07:00:47+00:00","article_modified_time":"2018-02-23T15:00:07+00:00","og_image":[{"width":636,"height":477,"url":"https:\/\/www.gold.fr\/news\/wp-content\/uploads\/2011\/09\/harga-emas1.jpg","type":"image\/jpeg"}],"author":"Comptoir National de l'Or","twitter_card":"summary_large_image","twitter_misc":{"\u00c9crit par":"Comptoir National de l'Or","Dur\u00e9e de lecture estim\u00e9e":"2 minutes"},"schema":{"@context":"https:\/\/schema.org","@graph":[{"@type":"Article","@id":"https:\/\/www.gold.fr\/news\/2014\/09\/02\/baisse-de-40-des-vols-de-colliers-en-or\/#article","isPartOf":{"@id":"https:\/\/www.gold.fr\/news\/2014\/09\/02\/baisse-de-40-des-vols-de-colliers-en-or\/"},"author":{"name":"Comptoir National de l'Or","@id":"https:\/\/www.gold.fr\/news\/#\/schema\/person\/760ee7cec237915eebf2be78df0404c4"},"headline":"Baisse de 40 % des vols de colliers en or","datePublished":"2014-09-02T07:00:47+00:00","dateModified":"2018-02-23T15:00:07+00:00","mainEntityOfPage":{"@id":"https:\/\/www.gold.fr\/news\/2014\/09\/02\/baisse-de-40-des-vols-de-colliers-en-or\/"},"wordCount":368,"commentCount":0,"image":{"@id":"https:\/\/www.gold.fr\/news\/2014\/09\/02\/baisse-de-40-des-vols-de-colliers-en-or\/#primaryimage"},"thumbnailUrl":"https:\/\/www.gold.fr\/news\/wp-content\/uploads\/2011\/09\/harga-emas1.jpg","keywords":["colliers","cours or","prix or","vols"],"articleSection":["Articles de presse"],"inLanguage":"fr-FR"},{"@type":"WebPage","@id":"https:\/\/www.gold.fr\/news\/2014\/09\/02\/baisse-de-40-des-vols-de-colliers-en-or\/","url":"https:\/\/www.gold.fr\/news\/2014\/09\/02\/baisse-de-40-des-vols-de-colliers-en-or\/","name":"Baisse de 40 % des vols de colliers en or - Gold.fr","isPartOf":{"@id":"https:\/\/www.gold.fr\/news\/#website"},"primaryImageOfPage":{"@id":"https:\/\/www.gold.fr\/news\/2014\/09\/02\/baisse-de-40-des-vols-de-colliers-en-or\/#primaryimage"},"image":{"@id":"https:\/\/www.gold.fr\/news\/2014\/09\/02\/baisse-de-40-des-vols-de-colliers-en-or\/#primaryimage"},"thumbnailUrl":"https:\/\/www.gold.fr\/news\/wp-content\/uploads\/2011\/09\/harga-emas1.jpg","datePublished":"2014-09-02T07:00:47+00:00","dateModified":"2018-02-23T15:00:07+00:00","author":{"@id":"https:\/\/www.gold.fr\/news\/#\/schema\/person\/760ee7cec237915eebf2be78df0404c4"},"breadcrumb":{"@id":"https:\/\/www.gold.fr\/news\/2014\/09\/02\/baisse-de-40-des-vols-de-colliers-en-or\/#breadcrumb"},"inLanguage":"fr-FR","potentialAction":[{"@type":"ReadAction","target":["https:\/\/www.gold.fr\/news\/2014\/09\/02\/baisse-de-40-des-vols-de-colliers-en-or\/"]}]},{"@type":"ImageObject","inLanguage":"fr-FR","@id":"https:\/\/www.gold.fr\/news\/2014\/09\/02\/baisse-de-40-des-vols-de-colliers-en-or\/#primaryimage","url":"https:\/\/www.gold.fr\/news\/wp-content\/uploads\/2011\/09\/harga-emas1.jpg","contentUrl":"https:\/\/www.gold.fr\/news\/wp-content\/uploads\/2011\/09\/harga-emas1.jpg","width":"636","height":"477","caption":"L\u2019once en hausse en d\u00e9pit de l\u2019instabilit\u00e9 politique"},{"@type":"BreadcrumbList","@id":"https:\/\/www.gold.fr\/news\/2014\/09\/02\/baisse-de-40-des-vols-de-colliers-en-or\/#breadcrumb","itemListElement":[{"@type":"ListItem","position":1,"name":"Accueil","item":"https:\/\/www.gold.fr\/"},{"@type":"ListItem","position":2,"name":"Actualit\u00e9s","item":"https:\/\/www.gold.fr\/news\/"},{"@type":"ListItem","position":3,"name":"Baisse de 40 % des vols de colliers en or"}]},{"@type":"WebSite","@id":"https:\/\/www.gold.fr\/news\/#website","url":"https:\/\/www.gold.fr\/news\/","name":"Gold.fr","description":"Actualit\u00e9s de l&#039;Or et des m\u00e9taux pr\u00e9cieux","potentialAction":[{"@type":"SearchAction","target":{"@type":"EntryPoint","urlTemplate":"https:\/\/www.gold.fr\/news\/?s={search_term_string}"},"query-input":{"@type":"PropertyValueSpecification","valueRequired":true,"valueName":"search_term_string"}}],"inLanguage":"fr-FR"},{"@type":"Person","@id":"https:\/\/www.gold.fr\/news\/#\/schema\/person\/760ee7cec237915eebf2be78df0404c4","name":"Comptoir National de l'Or","image":{"@type":"ImageObject","inLanguage":"fr-FR","@id":"https:\/\/www.gold.fr\/news\/#\/schema\/person\/image\/c36675942654553a86039d2dfa93c740","url":"https:\/\/secure.gravatar.com\/avatar\/713f289e398d35ead876c4a4cc08607f0d6d266058cfc25683fffb6092d0e572?s=96&d=mm&r=g","contentUrl":"https:\/\/secure.gravatar.com\/avatar\/713f289e398d35ead876c4a4cc08607f0d6d266058cfc25683fffb6092d0e572?s=96&d=mm&r=g","caption":"Comptoir National de l'Or"},"description":"Notre r\u00e9daction est constitu\u00e9e de membres experts dans les m\u00e9tiers de l'\u00e9conomie et la gestion, des Responsables d'agence Comptoir National de l'Or, des analystes financiers qui publient r\u00e9guli\u00e8rement des \u00e9tudes sur les politiques des banques centrales, le cours de l'or, prix de l'or, cours de l'argent, prix de l'argent, cours du platine, cours du palladium,... la situation en zone euro et l'impact de la strat\u00e9gie mon\u00e9taire de la FED. Notre \u00e9quipe scrute \u00e9galement une information plus g\u00e9n\u00e9raliste \u00e0 la recherche d'actualit\u00e9 \"p\u00e9pite\" \u00e0 vous partager. Depuis 5 ans, nous avons publi\u00e9 un peu plus de 4000 articles qui s'adressent \u00e0 un public large et vari\u00e9 ayant pour objectif de satisfaire votre curiosit\u00e9 et de partager avec vous une certaine fascination pour le m\u00e9tal jaune, le rachat d'or, et pour ceux qui veulent investir dans l'or, vendre leur or tout simplement en savoir plus... Pour tous vos achat or et argent, n'h\u00e9sitez pas \u00e0 prendre rendez-vous dans l'un de nos nombreux comptoirs.","sameAs":["https:\/\/www.gold.fr"]}]}},"authors":[{"term_id":2565,"user_id":18,"is_guest":0,"slug":"julie","display_name":"Comptoir National de l'Or","avatar_url":"https:\/\/secure.gravatar.com\/avatar\/713f289e398d35ead876c4a4cc08607f0d6d266058cfc25683fffb6092d0e572?s=96&d=mm&r=g","0":null,"1":"","2":"","3":"","4":"","5":"","6":"","7":"","8":""}],"_links":{"self":[{"href":"https:\/\/www.gold.fr\/news\/wp-json\/wp\/v2\/posts\/15441","targetHints":{"allow":["GET"]}}],"collection":[{"href":"https:\/\/www.gold.fr\/news\/wp-json\/wp\/v2\/posts"}],"about":[{"href":"https:\/\/www.gold.fr\/news\/wp-json\/wp\/v2\/types\/post"}],"author":[{"embeddable":true,"href":"https:\/\/www.gold.fr\/news\/wp-json\/wp\/v2\/users\/18"}],"replies":[{"embeddable":true,"href":"https:\/\/www.gold.fr\/news\/wp-json\/wp\/v2\/comments?post=15441"}],"version-history":[{"count":0,"href":"https:\/\/www.gold.fr\/news\/wp-json\/wp\/v2\/posts\/15441\/revisions"}],"wp:featuredmedia":[{"embeddable":true,"href":"https:\/\/www.gold.fr\/news\/wp-json\/wp\/v2\/media\/2404"}],"wp:attachment":[{"href":"https:\/\/www.gold.fr\/news\/wp-json\/wp\/v2\/media?parent=15441"}],"wp:term":[{"taxonomy":"category","embeddable":true,"href":"https:\/\/www.gold.fr\/news\/wp-json\/wp\/v2\/categories?post=15441"},{"taxonomy":"post_tag","embeddable":true,"href":"https:\/\/www.gold.fr\/news\/wp-json\/wp\/v2\/tags?post=15441"},{"taxonomy":"author","embeddable":true,"href":"https:\/\/www.gold.fr\/news\/wp-json\/wp\/v2\/ppma_author?post=15441"}],"curies":[{"name":"wp","href":"https:\/\/api.w.org\/{rel}","templated":true}]}}