{"id":15434,"date":"2014-09-01T09:00:18","date_gmt":"2014-09-01T07:00:18","guid":{"rendered":"https:\/\/www.gold.fr\/news\/?p=15434"},"modified":"2017-11-02T11:31:17","modified_gmt":"2017-11-02T10:31:17","slug":"depenses-des-menages-us-lexception-qui-confirme-la-reprise","status":"publish","type":"post","link":"https:\/\/www.gold.fr\/news\/2014\/09\/01\/depenses-des-menages-us-lexception-qui-confirme-la-reprise\/","title":{"rendered":"D\u00e9penses des m\u00e9nages US : L\u2019exception qui confirme la reprise"},"content":{"rendered":"<p><img loading=\"lazy\" decoding=\"async\" class=\"alignleft size-thumbnail wp-image-14237\" title=\"D\u00e9penses des m\u00e9nages US : L\u2019exception qui confirme la reprise\" src=\"https:\/\/www.gold.fr\/news\/wp-content\/uploads\/2014\/03\/image21-150x150.jpg\" alt=\"\" width=\"150\" height=\"150\" \/><span style=\"font-size: small;\">C\u2019est le plus r\u00e9cent indicateur macro\u00e9conomique US et il est porteur \u2013pour changer- de r\u00e9sultats baissiers qui, loin de r\u00e9v\u00e9ler un d\u00e9but de faiblesse de la solide reprise \u00e9conomique du pays, semble uniquement renforcer le sentiment g\u00e9n\u00e9ral que cette reprise est \u00ab\u00a0<em>r\u00e9elle\u00a0<\/em>\u00bb.<\/span>    <span style=\"font-size: small;\"> Le rapport officiel, publi\u00e9 par le D\u00e9partement du Commerce des <strong>Etats-Unis<\/strong>, r\u00e9v\u00e8le en effet que les d\u00e9penses de consommation des m\u00e9nages am\u00e9ricains ont enregistr\u00e9 une baisse, durant le mois de juillet, de l\u2019ordre de <strong>0,1%<\/strong> le mois dernier, apr\u00e8s avoir progress\u00e9 de <strong>0,4%<\/strong> en juin. Ce repli, bien que relatif, est toutefois accentu\u00e9 par son caract\u00e8re surprenant, dans la mesure o\u00f9 les pr\u00e9visions des \u00e9conomistes le pla\u00e7aient haussier, mais aussi et surtout dans la mesure o\u00f9 les revenus desdits m\u00e9nages se sont accrus, selon des statistiques publi\u00e9es la semaine derni\u00e8re par le gouvernement am\u00e9ricain.<\/span>    <span style=\"font-size: small;\"> En tout cas, ces nouveaux r\u00e9sultats sont loin d\u2019\u00eatre au centre des inqui\u00e9tudes, puisqu\u2019ils sont largement \u00e9clips\u00e9s, \u00e0 ce niveau, par les derni\u00e8res tensions g\u00e9opolitiques ayant \u00e9merg\u00e9 en force sur le front russo-ukrainien. Les observateurs rapportent en effet que des troupes russes se trouvent actuellement en Ukraine, \u00ab\u00a0<em>o\u00f9 elles pr\u00eatent main-forte aux s\u00e9paratistes pro-russes, qui ont reconnu l&rsquo;aide de Moscou<\/em>\u00a0\u00bb. De son c\u00f4t\u00e9, l\u2019<strong>OTAN<\/strong> d\u00e9clare une \u00ab\u00a0<em>forte solidarit\u00e9<\/em>\u00a0\u00bb avec Kiev, condamnant s\u00e9v\u00e8rement \u00ab\u00a0<em>l\u2019intervention russe<\/em>\u00a0\u00bb.<\/span><\/p>\n<!-- AddThis Advanced Settings generic via filter on the_content --><!-- AddThis Share Buttons generic via filter on the_content -->","protected":false},"excerpt":{"rendered":"<p>C\u2019est le plus r\u00e9cent indicateur macro\u00e9conomique US et il est porteur \u2013pour changer- de r\u00e9sultats baissiers qui, loin de r\u00e9v\u00e9ler un d\u00e9but de faiblesse de la solide reprise \u00e9conomique du pays, semble uniquement renforcer le sentiment [&hellip;]<\/p>\n","protected":false},"author":18,"featured_media":14237,"comment_status":"open","ping_status":"open","sticky":false,"template":"","format":"standard","meta":{"_mbp_gutenberg_autopost":false,"_pgmb_is_evergreen":false,"_pgmb_ap_template_id":0,"footnotes":""},"categories":[6],"tags":[1909,1910,1499,1233],"ppma_author":[2565],"class_list":["post-15434","post","type-post","status-publish","format-standard","has-post-thumbnail","hentry","category-articles-de-presse","tag-menages-us","tag-resultats-baissiers","tag-tensions-geopolitiques","tag-ukraine"],"yoast_head":"<!-- This site is optimized with the Yoast SEO plugin v27.5 - https:\/\/yoast.com\/product\/yoast-seo-wordpress\/ -->\n<title>D\u00e9penses des m\u00e9nages US : L\u2019exception qui confirme la reprise - Gold.fr<\/title>\n<meta name=\"robots\" content=\"index, follow, max-snippet:-1, max-image-preview:large, max-video-preview:-1\" \/>\n<link rel=\"canonical\" href=\"https:\/\/www.gold.fr\/news\/2014\/09\/01\/depenses-des-menages-us-lexception-qui-confirme-la-reprise\/\" \/>\n<meta property=\"og:locale\" content=\"fr_FR\" \/>\n<meta property=\"og:type\" content=\"article\" \/>\n<meta property=\"og:title\" content=\"D\u00e9penses des m\u00e9nages US : L\u2019exception qui confirme la reprise - Gold.fr\" \/>\n<meta property=\"og:description\" content=\"C\u2019est le plus r\u00e9cent indicateur macro\u00e9conomique US et il est porteur \u2013pour changer- de r\u00e9sultats baissiers qui, loin de r\u00e9v\u00e9ler un d\u00e9but de faiblesse de la solide reprise \u00e9conomique du pays, semble uniquement renforcer le sentiment [&hellip;]\" \/>\n<meta property=\"og:url\" content=\"https:\/\/www.gold.fr\/news\/2014\/09\/01\/depenses-des-menages-us-lexception-qui-confirme-la-reprise\/\" \/>\n<meta property=\"og:site_name\" content=\"Gold.fr\" \/>\n<meta property=\"article:publisher\" content=\"https:\/\/www.facebook.com\/Goldfr\/\" \/>\n<meta property=\"article:published_time\" content=\"2014-09-01T07:00:18+00:00\" \/>\n<meta property=\"article:modified_time\" content=\"2017-11-02T10:31:17+00:00\" \/>\n<meta property=\"og:image\" content=\"https:\/\/www.gold.fr\/news\/wp-content\/uploads\/2014\/03\/image21.jpeg\" \/>\n\t<meta property=\"og:image:width\" content=\"614\" \/>\n\t<meta property=\"og:image:height\" content=\"669\" \/>\n\t<meta property=\"og:image:type\" content=\"image\/jpeg\" \/>\n<meta name=\"author\" content=\"Comptoir National de l&#039;Or\" \/>\n<meta name=\"twitter:card\" content=\"summary_large_image\" \/>\n<meta name=\"twitter:label1\" content=\"\u00c9crit par\" \/>\n\t<meta name=\"twitter:data1\" content=\"Comptoir National de l&#039;Or\" \/>\n\t<meta name=\"twitter:label2\" content=\"Dur\u00e9e de lecture estim\u00e9e\" \/>\n\t<meta name=\"twitter:data2\" content=\"1 minute\" \/>\n<script type=\"application\/ld+json\" class=\"yoast-schema-graph\">{\"@context\":\"https:\\\/\\\/schema.org\",\"@graph\":[{\"@type\":\"Article\",\"@id\":\"https:\\\/\\\/www.gold.fr\\\/news\\\/2014\\\/09\\\/01\\\/depenses-des-menages-us-lexception-qui-confirme-la-reprise\\\/#article\",\"isPartOf\":{\"@id\":\"https:\\\/\\\/www.gold.fr\\\/news\\\/2014\\\/09\\\/01\\\/depenses-des-menages-us-lexception-qui-confirme-la-reprise\\\/\"},\"author\":{\"name\":\"Comptoir National de l'Or\",\"@id\":\"https:\\\/\\\/www.gold.fr\\\/news\\\/#\\\/schema\\\/person\\\/070491b4b4fb7671bf59b3be20302ce9\"},\"headline\":\"D\u00e9penses des m\u00e9nages US : L\u2019exception qui confirme la reprise\",\"datePublished\":\"2014-09-01T07:00:18+00:00\",\"dateModified\":\"2017-11-02T10:31:17+00:00\",\"mainEntityOfPage\":{\"@id\":\"https:\\\/\\\/www.gold.fr\\\/news\\\/2014\\\/09\\\/01\\\/depenses-des-menages-us-lexception-qui-confirme-la-reprise\\\/\"},\"wordCount\":260,\"commentCount\":0,\"image\":{\"@id\":\"https:\\\/\\\/www.gold.fr\\\/news\\\/2014\\\/09\\\/01\\\/depenses-des-menages-us-lexception-qui-confirme-la-reprise\\\/#primaryimage\"},\"thumbnailUrl\":\"https:\\\/\\\/www.gold.fr\\\/news\\\/wp-content\\\/uploads\\\/2014\\\/03\\\/image21.jpeg\",\"keywords\":[\"m\u00e9nages US\",\"r\u00e9sultats baissiers\",\"tensions g\u00e9opolitiques\",\"Ukraine\"],\"articleSection\":[\"Articles de presse\"],\"inLanguage\":\"fr-FR\"},{\"@type\":\"WebPage\",\"@id\":\"https:\\\/\\\/www.gold.fr\\\/news\\\/2014\\\/09\\\/01\\\/depenses-des-menages-us-lexception-qui-confirme-la-reprise\\\/\",\"url\":\"https:\\\/\\\/www.gold.fr\\\/news\\\/2014\\\/09\\\/01\\\/depenses-des-menages-us-lexception-qui-confirme-la-reprise\\\/\",\"name\":\"D\u00e9penses des m\u00e9nages US : L\u2019exception qui confirme la reprise - Gold.fr\",\"isPartOf\":{\"@id\":\"https:\\\/\\\/www.gold.fr\\\/news\\\/#website\"},\"primaryImageOfPage\":{\"@id\":\"https:\\\/\\\/www.gold.fr\\\/news\\\/2014\\\/09\\\/01\\\/depenses-des-menages-us-lexception-qui-confirme-la-reprise\\\/#primaryimage\"},\"image\":{\"@id\":\"https:\\\/\\\/www.gold.fr\\\/news\\\/2014\\\/09\\\/01\\\/depenses-des-menages-us-lexception-qui-confirme-la-reprise\\\/#primaryimage\"},\"thumbnailUrl\":\"https:\\\/\\\/www.gold.fr\\\/news\\\/wp-content\\\/uploads\\\/2014\\\/03\\\/image21.jpeg\",\"datePublished\":\"2014-09-01T07:00:18+00:00\",\"dateModified\":\"2017-11-02T10:31:17+00:00\",\"author\":{\"@id\":\"https:\\\/\\\/www.gold.fr\\\/news\\\/#\\\/schema\\\/person\\\/070491b4b4fb7671bf59b3be20302ce9\"},\"breadcrumb\":{\"@id\":\"https:\\\/\\\/www.gold.fr\\\/news\\\/2014\\\/09\\\/01\\\/depenses-des-menages-us-lexception-qui-confirme-la-reprise\\\/#breadcrumb\"},\"inLanguage\":\"fr-FR\",\"potentialAction\":[{\"@type\":\"ReadAction\",\"target\":[\"https:\\\/\\\/www.gold.fr\\\/news\\\/2014\\\/09\\\/01\\\/depenses-des-menages-us-lexception-qui-confirme-la-reprise\\\/\"]}]},{\"@type\":\"ImageObject\",\"inLanguage\":\"fr-FR\",\"@id\":\"https:\\\/\\\/www.gold.fr\\\/news\\\/2014\\\/09\\\/01\\\/depenses-des-menages-us-lexception-qui-confirme-la-reprise\\\/#primaryimage\",\"url\":\"https:\\\/\\\/www.gold.fr\\\/news\\\/wp-content\\\/uploads\\\/2014\\\/03\\\/image21.jpeg\",\"contentUrl\":\"https:\\\/\\\/www.gold.fr\\\/news\\\/wp-content\\\/uploads\\\/2014\\\/03\\\/image21.jpeg\",\"width\":\"614\",\"height\":\"669\",\"caption\":\"L\u2019once en \u00e9quilibre face \u00e0 l\u2019envol\u00e9e des indices boursiers\"},{\"@type\":\"BreadcrumbList\",\"@id\":\"https:\\\/\\\/www.gold.fr\\\/news\\\/2014\\\/09\\\/01\\\/depenses-des-menages-us-lexception-qui-confirme-la-reprise\\\/#breadcrumb\",\"itemListElement\":[{\"@type\":\"ListItem\",\"position\":1,\"name\":\"Accueil\",\"item\":\"https:\\\/\\\/www.gold.fr\\\/\"},{\"@type\":\"ListItem\",\"position\":2,\"name\":\"Actualit\u00e9s\",\"item\":\"https:\\\/\\\/www.gold.fr\\\/news\\\/\"},{\"@type\":\"ListItem\",\"position\":3,\"name\":\"D\u00e9penses des m\u00e9nages US : L\u2019exception qui confirme la reprise\"}]},{\"@type\":\"WebSite\",\"@id\":\"https:\\\/\\\/www.gold.fr\\\/news\\\/#website\",\"url\":\"https:\\\/\\\/www.gold.fr\\\/news\\\/\",\"name\":\"Gold.fr\",\"description\":\"Actualit\u00e9s de l&#039;Or et des m\u00e9taux pr\u00e9cieux\",\"potentialAction\":[{\"@type\":\"SearchAction\",\"target\":{\"@type\":\"EntryPoint\",\"urlTemplate\":\"https:\\\/\\\/www.gold.fr\\\/news\\\/?s={search_term_string}\"},\"query-input\":{\"@type\":\"PropertyValueSpecification\",\"valueRequired\":true,\"valueName\":\"search_term_string\"}}],\"inLanguage\":\"fr-FR\"},{\"@type\":\"Person\",\"@id\":\"https:\\\/\\\/www.gold.fr\\\/news\\\/#\\\/schema\\\/person\\\/070491b4b4fb7671bf59b3be20302ce9\",\"name\":\"Comptoir National de l'Or\",\"image\":{\"@type\":\"ImageObject\",\"inLanguage\":\"fr-FR\",\"@id\":\"https:\\\/\\\/secure.gravatar.com\\\/avatar\\\/0a2867fd5abe37bed95d5a65e9d58f01756e11efc68af9888dfc50cfa7f65948?s=96&d=mm&r=gb490554db0a38188709de567aa58480d\",\"url\":\"https:\\\/\\\/secure.gravatar.com\\\/avatar\\\/0a2867fd5abe37bed95d5a65e9d58f01756e11efc68af9888dfc50cfa7f65948?s=96&d=mm&r=g\",\"contentUrl\":\"https:\\\/\\\/secure.gravatar.com\\\/avatar\\\/0a2867fd5abe37bed95d5a65e9d58f01756e11efc68af9888dfc50cfa7f65948?s=96&d=mm&r=g\",\"caption\":\"Comptoir National de l'Or\"},\"description\":\"Notre r\u00e9daction est constitu\u00e9e de membres experts dans les m\u00e9tiers de l'\u00e9conomie et la gestion, des Responsables d'agence Comptoir National de l'Or, des analystes financiers qui publient r\u00e9guli\u00e8rement des \u00e9tudes sur les politiques des banques centrales, le cours de l'or, prix de l'or, cours de l'argent, prix de l'argent, cours du platine, cours du palladium,... la situation en zone euro et l'impact de la strat\u00e9gie mon\u00e9taire de la FED. Notre \u00e9quipe scrute \u00e9galement une information plus g\u00e9n\u00e9raliste \u00e0 la recherche d'actualit\u00e9 \\\"p\u00e9pite\\\" \u00e0 vous partager. Depuis 5 ans, nous avons publi\u00e9 un peu plus de 4000 articles qui s'adressent \u00e0 un public large et vari\u00e9 ayant pour objectif de satisfaire votre curiosit\u00e9 et de partager avec vous une certaine fascination pour le m\u00e9tal jaune, le rachat d'or, et pour ceux qui veulent investir dans l'or, vendre leur or tout simplement en savoir plus... Pour tous vos achat or et argent, n'h\u00e9sitez pas \u00e0 prendre rendez-vous dans l'un de nos nombreux comptoirs.\",\"sameAs\":[\"https:\\\/\\\/www.gold.fr\"]}]}<\/script>\n<!-- \/ Yoast SEO plugin. -->","yoast_head_json":{"title":"D\u00e9penses des m\u00e9nages US : L\u2019exception qui confirme la reprise - Gold.fr","robots":{"index":"index","follow":"follow","max-snippet":"max-snippet:-1","max-image-preview":"max-image-preview:large","max-video-preview":"max-video-preview:-1"},"canonical":"https:\/\/www.gold.fr\/news\/2014\/09\/01\/depenses-des-menages-us-lexception-qui-confirme-la-reprise\/","og_locale":"fr_FR","og_type":"article","og_title":"D\u00e9penses des m\u00e9nages US : L\u2019exception qui confirme la reprise - Gold.fr","og_description":"C\u2019est le plus r\u00e9cent indicateur macro\u00e9conomique US et il est porteur \u2013pour changer- de r\u00e9sultats baissiers qui, loin de r\u00e9v\u00e9ler un d\u00e9but de faiblesse de la solide reprise \u00e9conomique du pays, semble uniquement renforcer le sentiment [&hellip;]","og_url":"https:\/\/www.gold.fr\/news\/2014\/09\/01\/depenses-des-menages-us-lexception-qui-confirme-la-reprise\/","og_site_name":"Gold.fr","article_publisher":"https:\/\/www.facebook.com\/Goldfr\/","article_published_time":"2014-09-01T07:00:18+00:00","article_modified_time":"2017-11-02T10:31:17+00:00","og_image":[{"width":614,"height":669,"url":"https:\/\/www.gold.fr\/news\/wp-content\/uploads\/2014\/03\/image21.jpeg","type":"image\/jpeg"}],"author":"Comptoir National de l'Or","twitter_card":"summary_large_image","twitter_misc":{"\u00c9crit par":"Comptoir National de l'Or","Dur\u00e9e de lecture estim\u00e9e":"1 minute"},"schema":{"@context":"https:\/\/schema.org","@graph":[{"@type":"Article","@id":"https:\/\/www.gold.fr\/news\/2014\/09\/01\/depenses-des-menages-us-lexception-qui-confirme-la-reprise\/#article","isPartOf":{"@id":"https:\/\/www.gold.fr\/news\/2014\/09\/01\/depenses-des-menages-us-lexception-qui-confirme-la-reprise\/"},"author":{"name":"Comptoir National de l'Or","@id":"https:\/\/www.gold.fr\/news\/#\/schema\/person\/070491b4b4fb7671bf59b3be20302ce9"},"headline":"D\u00e9penses des m\u00e9nages US : L\u2019exception qui confirme la reprise","datePublished":"2014-09-01T07:00:18+00:00","dateModified":"2017-11-02T10:31:17+00:00","mainEntityOfPage":{"@id":"https:\/\/www.gold.fr\/news\/2014\/09\/01\/depenses-des-menages-us-lexception-qui-confirme-la-reprise\/"},"wordCount":260,"commentCount":0,"image":{"@id":"https:\/\/www.gold.fr\/news\/2014\/09\/01\/depenses-des-menages-us-lexception-qui-confirme-la-reprise\/#primaryimage"},"thumbnailUrl":"https:\/\/www.gold.fr\/news\/wp-content\/uploads\/2014\/03\/image21.jpeg","keywords":["m\u00e9nages US","r\u00e9sultats baissiers","tensions g\u00e9opolitiques","Ukraine"],"articleSection":["Articles de presse"],"inLanguage":"fr-FR"},{"@type":"WebPage","@id":"https:\/\/www.gold.fr\/news\/2014\/09\/01\/depenses-des-menages-us-lexception-qui-confirme-la-reprise\/","url":"https:\/\/www.gold.fr\/news\/2014\/09\/01\/depenses-des-menages-us-lexception-qui-confirme-la-reprise\/","name":"D\u00e9penses des m\u00e9nages US : L\u2019exception qui confirme la reprise - Gold.fr","isPartOf":{"@id":"https:\/\/www.gold.fr\/news\/#website"},"primaryImageOfPage":{"@id":"https:\/\/www.gold.fr\/news\/2014\/09\/01\/depenses-des-menages-us-lexception-qui-confirme-la-reprise\/#primaryimage"},"image":{"@id":"https:\/\/www.gold.fr\/news\/2014\/09\/01\/depenses-des-menages-us-lexception-qui-confirme-la-reprise\/#primaryimage"},"thumbnailUrl":"https:\/\/www.gold.fr\/news\/wp-content\/uploads\/2014\/03\/image21.jpeg","datePublished":"2014-09-01T07:00:18+00:00","dateModified":"2017-11-02T10:31:17+00:00","author":{"@id":"https:\/\/www.gold.fr\/news\/#\/schema\/person\/070491b4b4fb7671bf59b3be20302ce9"},"breadcrumb":{"@id":"https:\/\/www.gold.fr\/news\/2014\/09\/01\/depenses-des-menages-us-lexception-qui-confirme-la-reprise\/#breadcrumb"},"inLanguage":"fr-FR","potentialAction":[{"@type":"ReadAction","target":["https:\/\/www.gold.fr\/news\/2014\/09\/01\/depenses-des-menages-us-lexception-qui-confirme-la-reprise\/"]}]},{"@type":"ImageObject","inLanguage":"fr-FR","@id":"https:\/\/www.gold.fr\/news\/2014\/09\/01\/depenses-des-menages-us-lexception-qui-confirme-la-reprise\/#primaryimage","url":"https:\/\/www.gold.fr\/news\/wp-content\/uploads\/2014\/03\/image21.jpeg","contentUrl":"https:\/\/www.gold.fr\/news\/wp-content\/uploads\/2014\/03\/image21.jpeg","width":"614","height":"669","caption":"L\u2019once en \u00e9quilibre face \u00e0 l\u2019envol\u00e9e des indices boursiers"},{"@type":"BreadcrumbList","@id":"https:\/\/www.gold.fr\/news\/2014\/09\/01\/depenses-des-menages-us-lexception-qui-confirme-la-reprise\/#breadcrumb","itemListElement":[{"@type":"ListItem","position":1,"name":"Accueil","item":"https:\/\/www.gold.fr\/"},{"@type":"ListItem","position":2,"name":"Actualit\u00e9s","item":"https:\/\/www.gold.fr\/news\/"},{"@type":"ListItem","position":3,"name":"D\u00e9penses des m\u00e9nages US : L\u2019exception qui confirme la reprise"}]},{"@type":"WebSite","@id":"https:\/\/www.gold.fr\/news\/#website","url":"https:\/\/www.gold.fr\/news\/","name":"Gold.fr","description":"Actualit\u00e9s de l&#039;Or et des m\u00e9taux pr\u00e9cieux","potentialAction":[{"@type":"SearchAction","target":{"@type":"EntryPoint","urlTemplate":"https:\/\/www.gold.fr\/news\/?s={search_term_string}"},"query-input":{"@type":"PropertyValueSpecification","valueRequired":true,"valueName":"search_term_string"}}],"inLanguage":"fr-FR"},{"@type":"Person","@id":"https:\/\/www.gold.fr\/news\/#\/schema\/person\/070491b4b4fb7671bf59b3be20302ce9","name":"Comptoir National de l'Or","image":{"@type":"ImageObject","inLanguage":"fr-FR","@id":"https:\/\/secure.gravatar.com\/avatar\/0a2867fd5abe37bed95d5a65e9d58f01756e11efc68af9888dfc50cfa7f65948?s=96&d=mm&r=gb490554db0a38188709de567aa58480d","url":"https:\/\/secure.gravatar.com\/avatar\/0a2867fd5abe37bed95d5a65e9d58f01756e11efc68af9888dfc50cfa7f65948?s=96&d=mm&r=g","contentUrl":"https:\/\/secure.gravatar.com\/avatar\/0a2867fd5abe37bed95d5a65e9d58f01756e11efc68af9888dfc50cfa7f65948?s=96&d=mm&r=g","caption":"Comptoir National de l'Or"},"description":"Notre r\u00e9daction est constitu\u00e9e de membres experts dans les m\u00e9tiers de l'\u00e9conomie et la gestion, des Responsables d'agence Comptoir National de l'Or, des analystes financiers qui publient r\u00e9guli\u00e8rement des \u00e9tudes sur les politiques des banques centrales, le cours de l'or, prix de l'or, cours de l'argent, prix de l'argent, cours du platine, cours du palladium,... la situation en zone euro et l'impact de la strat\u00e9gie mon\u00e9taire de la FED. Notre \u00e9quipe scrute \u00e9galement une information plus g\u00e9n\u00e9raliste \u00e0 la recherche d'actualit\u00e9 \"p\u00e9pite\" \u00e0 vous partager. Depuis 5 ans, nous avons publi\u00e9 un peu plus de 4000 articles qui s'adressent \u00e0 un public large et vari\u00e9 ayant pour objectif de satisfaire votre curiosit\u00e9 et de partager avec vous une certaine fascination pour le m\u00e9tal jaune, le rachat d'or, et pour ceux qui veulent investir dans l'or, vendre leur or tout simplement en savoir plus... Pour tous vos achat or et argent, n'h\u00e9sitez pas \u00e0 prendre rendez-vous dans l'un de nos nombreux comptoirs.","sameAs":["https:\/\/www.gold.fr"]}]}},"authors":[{"term_id":2565,"user_id":18,"is_guest":0,"slug":"julie","display_name":"Comptoir National de l'Or","avatar_url":"https:\/\/secure.gravatar.com\/avatar\/713f289e398d35ead876c4a4cc08607f0d6d266058cfc25683fffb6092d0e572?s=96&d=mm&r=g","0":null,"1":"","2":"","3":"","4":"","5":"","6":"","7":"","8":""}],"_links":{"self":[{"href":"https:\/\/www.gold.fr\/news\/wp-json\/wp\/v2\/posts\/15434","targetHints":{"allow":["GET"]}}],"collection":[{"href":"https:\/\/www.gold.fr\/news\/wp-json\/wp\/v2\/posts"}],"about":[{"href":"https:\/\/www.gold.fr\/news\/wp-json\/wp\/v2\/types\/post"}],"author":[{"embeddable":true,"href":"https:\/\/www.gold.fr\/news\/wp-json\/wp\/v2\/users\/18"}],"replies":[{"embeddable":true,"href":"https:\/\/www.gold.fr\/news\/wp-json\/wp\/v2\/comments?post=15434"}],"version-history":[{"count":0,"href":"https:\/\/www.gold.fr\/news\/wp-json\/wp\/v2\/posts\/15434\/revisions"}],"wp:featuredmedia":[{"embeddable":true,"href":"https:\/\/www.gold.fr\/news\/wp-json\/wp\/v2\/media\/14237"}],"wp:attachment":[{"href":"https:\/\/www.gold.fr\/news\/wp-json\/wp\/v2\/media?parent=15434"}],"wp:term":[{"taxonomy":"category","embeddable":true,"href":"https:\/\/www.gold.fr\/news\/wp-json\/wp\/v2\/categories?post=15434"},{"taxonomy":"post_tag","embeddable":true,"href":"https:\/\/www.gold.fr\/news\/wp-json\/wp\/v2\/tags?post=15434"},{"taxonomy":"author","embeddable":true,"href":"https:\/\/www.gold.fr\/news\/wp-json\/wp\/v2\/ppma_author?post=15434"}],"curies":[{"name":"wp","href":"https:\/\/api.w.org\/{rel}","templated":true}]}}