{"id":15431,"date":"2014-08-29T17:00:34","date_gmt":"2014-08-29T15:00:34","guid":{"rendered":"https:\/\/www.gold.fr\/news\/?p=15431"},"modified":"2021-09-09T14:36:05","modified_gmt":"2021-09-09T12:36:05","slug":"lukraine-ne-profite-pas-a-lor","status":"publish","type":"post","link":"https:\/\/www.gold.fr\/news\/2014\/08\/29\/lukraine-ne-profite-pas-a-lor\/","title":{"rendered":"L\u2019Ukraine ne profite pas \u00e0 l\u2019or"},"content":{"rendered":"<p><img loading=\"lazy\" decoding=\"async\" class=\"alignleft size-thumbnail wp-image-4649\" title=\"L\u2019Ukraine ne profite pas \u00e0 l\u2019or\" src=\"https:\/\/www.gold.fr\/news\/wp-content\/uploads\/2015\/02\/ukraine.jpg\" alt=\"\" width=\"150\" height=\"150\" \/><span style=\"font-size: small;\">Ce n&rsquo;est pas la premi\u00e8re fois, depuis le d\u00e9but de la saison estivale, que l&rsquo;<a class=\"esk-seo-plu-link\" href=\"https:\/\/www.gold.fr\/news\/tags\/or\">or<\/a> peine \u00e0 tirer profit d&rsquo;une conjoncture g\u00e9opolitique tendue et donc largement favorable \u00e0 une \u00e9volution haussi\u00e8re du march\u00e9 aurif\u00e8re. Le <a class=\"esk-seo-plu-link\" href=\"https:\/\/www.gold.fr\/news\/tags\/or\">m\u00e9tal jaune<\/a> affiche, encore une fois, un cours compl\u00e8tement indiff\u00e9rent \u00e0 des facteurs pourtant traditionnellement connus pour leur impact direct et significatif sur <a title=\"Prix de l'Or\" href=\"https:\/\/www.gold.fr\/cours-or-prix-de-l-or\/\" target=\"_blank\" rel=\"noopener\">le prix de l\u2019or<\/a>.<\/span> <span style=\"font-size: small;\"> En d\u00e9pit donc des tensions g\u00e9opolitiques, renouvel\u00e9es et constantes, diffus\u00e9es par la situation <strong>russo-ukrainienne<\/strong> (avec la pr\u00e9sence, confirm\u00e9e par l&rsquo;<strong>OTAN<\/strong>, des troupes russes sur le territoire ukrainien), <a title=\"L\u2019or et le dollar en repli relatif\" href=\"https:\/\/www.gold.fr\/news\/2014\/08\/29\/lor-et-le-dollar-en-repli-relatif\/15429\/\" target=\"_blank\" rel=\"noopener\">le prix aurif\u00e8re continue \u00e0 graviter autour des 1\u00a0285 dollars l\u2019once<\/a>, se rapprochant occasionnellement du seuil technique et surtout psychologique des 1 300 dollars, mais sans jamais connaitre le boost haussier n\u00e9cessaire \u00e0 garantir le franchissement permanent de ce palier.<\/span> <span style=\"font-size: small;\"> L&rsquo;appel \u00e0 l&rsquo;aide \u2013lanc\u00e9 r\u00e9cemment par le pr\u00e9sident ukrainien <strong>Petro Poroshenko<\/strong> via <strong>twitter<\/strong>&#8211; s&rsquo;adressait au gouvernement am\u00e9ricain, demandant que l&rsquo;Ukraine soit d\u00e9clar\u00e9e \u00ab <em>en tant qu&rsquo;alli\u00e9 majeur non-membre de l&rsquo;OTAN<\/em> \u00bb.<\/span> <span style=\"font-size: small;\"> Par ailleurs l&rsquo;<strong>OTAN<\/strong>, sous le commandement supr\u00eame du g\u00e9n\u00e9ral am\u00e9ricain <strong>Philip Breedlove<\/strong>, n&rsquo;a pas h\u00e9sit\u00e9 \u00e0 s&rsquo;indigner, dans le cadre d&rsquo;un communiqu\u00e9 publi\u00e9 cette semaine par son secr\u00e9taire g\u00e9n\u00e9ral, <strong>Anders Fogh Rasmussen<\/strong> que \u00ab <em>en d\u00e9pit des d\u00e9n\u00e9gations creuses de Moscou, il est d\u00e9sormais clair que des troupes et des \u00e9quipements russes ont franchi ill\u00e9galement la fronti\u00e8re dans l&rsquo;est et le sud-est de l&rsquo;Ukraine. Il ne s&rsquo;agit pas d&rsquo;une action isol\u00e9e, mais d&rsquo;un dangereux plan d&rsquo;ensemble destin\u00e9 \u00e0 d\u00e9stabiliser l&rsquo;Ukraine en tant que nation souveraine<\/em> \u00bb.<\/span><\/p>\n<!-- AddThis Advanced Settings generic via filter on the_content --><!-- AddThis Share Buttons generic via filter on the_content -->","protected":false},"excerpt":{"rendered":"<p>Ce n&rsquo;est pas la premi\u00e8re fois, depuis le d\u00e9but de la saison estivale, que l&rsquo;or peine \u00e0 tirer profit d&rsquo;une conjoncture g\u00e9opolitique tendue et donc largement favorable \u00e0 une \u00e9volution haussi\u00e8re du march\u00e9 aurif\u00e8re. Le m\u00e9tal [&hellip;]<\/p>\n","protected":false},"author":18,"featured_media":40248,"comment_status":"closed","ping_status":"closed","sticky":false,"template":"","format":"standard","meta":{"_mbp_gutenberg_autopost":false,"_pgmb_is_evergreen":false,"_pgmb_ap_template_id":0,"footnotes":""},"categories":[6],"tags":[1908,83,1233],"ppma_author":[2565],"class_list":["post-15431","post","type-post","status-publish","format-standard","has-post-thumbnail","hentry","category-articles-de-presse","tag-conjoncture-geopolitique","tag-prix-de-lor","tag-ukraine"],"yoast_head":"<!-- This site is optimized with the Yoast SEO plugin v27.5 - https:\/\/yoast.com\/product\/yoast-seo-wordpress\/ -->\n<title>L\u2019Ukraine ne profite pas \u00e0 l\u2019or - Gold.fr<\/title>\n<meta name=\"robots\" content=\"index, follow, max-snippet:-1, max-image-preview:large, max-video-preview:-1\" \/>\n<link rel=\"canonical\" href=\"https:\/\/www.gold.fr\/news\/2014\/08\/29\/lukraine-ne-profite-pas-a-lor\/\" \/>\n<meta property=\"og:locale\" content=\"fr_FR\" \/>\n<meta property=\"og:type\" content=\"article\" \/>\n<meta property=\"og:title\" content=\"L\u2019Ukraine ne profite pas \u00e0 l\u2019or - Gold.fr\" \/>\n<meta property=\"og:description\" content=\"Ce n&rsquo;est pas la premi\u00e8re fois, depuis le d\u00e9but de la saison estivale, que l&rsquo;or peine \u00e0 tirer profit d&rsquo;une conjoncture g\u00e9opolitique tendue et donc largement favorable \u00e0 une \u00e9volution haussi\u00e8re du march\u00e9 aurif\u00e8re. Le m\u00e9tal [&hellip;]\" \/>\n<meta property=\"og:url\" content=\"https:\/\/www.gold.fr\/news\/2014\/08\/29\/lukraine-ne-profite-pas-a-lor\/\" \/>\n<meta property=\"og:site_name\" content=\"Gold.fr\" \/>\n<meta property=\"article:publisher\" content=\"https:\/\/www.facebook.com\/Goldfr\/\" \/>\n<meta property=\"article:published_time\" content=\"2014-08-29T15:00:34+00:00\" \/>\n<meta property=\"article:modified_time\" content=\"2021-09-09T12:36:05+00:00\" \/>\n<meta property=\"og:image\" content=\"https:\/\/www.gold.fr\/news\/wp-content\/uploads\/2015\/02\/ukraine.jpg\" \/>\n\t<meta property=\"og:image:width\" content=\"626\" \/>\n\t<meta property=\"og:image:height\" content=\"409\" \/>\n\t<meta property=\"og:image:type\" content=\"image\/jpeg\" \/>\n<meta name=\"author\" content=\"Comptoir National de l&#039;Or\" \/>\n<meta name=\"twitter:card\" content=\"summary_large_image\" \/>\n<meta name=\"twitter:label1\" content=\"\u00c9crit par\" \/>\n\t<meta name=\"twitter:data1\" content=\"Comptoir National de l&#039;Or\" \/>\n\t<meta name=\"twitter:label2\" content=\"Dur\u00e9e de lecture estim\u00e9e\" \/>\n\t<meta name=\"twitter:data2\" content=\"1 minute\" \/>\n<script type=\"application\/ld+json\" class=\"yoast-schema-graph\">{\"@context\":\"https:\\\/\\\/schema.org\",\"@graph\":[{\"@type\":\"Article\",\"@id\":\"https:\\\/\\\/www.gold.fr\\\/news\\\/2014\\\/08\\\/29\\\/lukraine-ne-profite-pas-a-lor\\\/#article\",\"isPartOf\":{\"@id\":\"https:\\\/\\\/www.gold.fr\\\/news\\\/2014\\\/08\\\/29\\\/lukraine-ne-profite-pas-a-lor\\\/\"},\"author\":{\"name\":\"Comptoir National de l'Or\",\"@id\":\"https:\\\/\\\/www.gold.fr\\\/news\\\/#\\\/schema\\\/person\\\/070491b4b4fb7671bf59b3be20302ce9\"},\"headline\":\"L\u2019Ukraine ne profite pas \u00e0 l\u2019or\",\"datePublished\":\"2014-08-29T15:00:34+00:00\",\"dateModified\":\"2021-09-09T12:36:05+00:00\",\"mainEntityOfPage\":{\"@id\":\"https:\\\/\\\/www.gold.fr\\\/news\\\/2014\\\/08\\\/29\\\/lukraine-ne-profite-pas-a-lor\\\/\"},\"wordCount\":298,\"image\":{\"@id\":\"https:\\\/\\\/www.gold.fr\\\/news\\\/2014\\\/08\\\/29\\\/lukraine-ne-profite-pas-a-lor\\\/#primaryimage\"},\"thumbnailUrl\":\"https:\\\/\\\/www.gold.fr\\\/news\\\/wp-content\\\/uploads\\\/2015\\\/02\\\/ukraine.jpg\",\"keywords\":[\"conjoncture g\u00e9opolitique\",\"prix de l'or\",\"Ukraine\"],\"articleSection\":[\"Articles de presse\"],\"inLanguage\":\"fr-FR\"},{\"@type\":\"WebPage\",\"@id\":\"https:\\\/\\\/www.gold.fr\\\/news\\\/2014\\\/08\\\/29\\\/lukraine-ne-profite-pas-a-lor\\\/\",\"url\":\"https:\\\/\\\/www.gold.fr\\\/news\\\/2014\\\/08\\\/29\\\/lukraine-ne-profite-pas-a-lor\\\/\",\"name\":\"L\u2019Ukraine ne profite pas \u00e0 l\u2019or - Gold.fr\",\"isPartOf\":{\"@id\":\"https:\\\/\\\/www.gold.fr\\\/news\\\/#website\"},\"primaryImageOfPage\":{\"@id\":\"https:\\\/\\\/www.gold.fr\\\/news\\\/2014\\\/08\\\/29\\\/lukraine-ne-profite-pas-a-lor\\\/#primaryimage\"},\"image\":{\"@id\":\"https:\\\/\\\/www.gold.fr\\\/news\\\/2014\\\/08\\\/29\\\/lukraine-ne-profite-pas-a-lor\\\/#primaryimage\"},\"thumbnailUrl\":\"https:\\\/\\\/www.gold.fr\\\/news\\\/wp-content\\\/uploads\\\/2015\\\/02\\\/ukraine.jpg\",\"datePublished\":\"2014-08-29T15:00:34+00:00\",\"dateModified\":\"2021-09-09T12:36:05+00:00\",\"author\":{\"@id\":\"https:\\\/\\\/www.gold.fr\\\/news\\\/#\\\/schema\\\/person\\\/070491b4b4fb7671bf59b3be20302ce9\"},\"breadcrumb\":{\"@id\":\"https:\\\/\\\/www.gold.fr\\\/news\\\/2014\\\/08\\\/29\\\/lukraine-ne-profite-pas-a-lor\\\/#breadcrumb\"},\"inLanguage\":\"fr-FR\",\"potentialAction\":[{\"@type\":\"ReadAction\",\"target\":[\"https:\\\/\\\/www.gold.fr\\\/news\\\/2014\\\/08\\\/29\\\/lukraine-ne-profite-pas-a-lor\\\/\"]}]},{\"@type\":\"ImageObject\",\"inLanguage\":\"fr-FR\",\"@id\":\"https:\\\/\\\/www.gold.fr\\\/news\\\/2014\\\/08\\\/29\\\/lukraine-ne-profite-pas-a-lor\\\/#primaryimage\",\"url\":\"https:\\\/\\\/www.gold.fr\\\/news\\\/wp-content\\\/uploads\\\/2015\\\/02\\\/ukraine.jpg\",\"contentUrl\":\"https:\\\/\\\/www.gold.fr\\\/news\\\/wp-content\\\/uploads\\\/2015\\\/02\\\/ukraine.jpg\",\"width\":626,\"height\":409,\"caption\":\"ukraine\"},{\"@type\":\"BreadcrumbList\",\"@id\":\"https:\\\/\\\/www.gold.fr\\\/news\\\/2014\\\/08\\\/29\\\/lukraine-ne-profite-pas-a-lor\\\/#breadcrumb\",\"itemListElement\":[{\"@type\":\"ListItem\",\"position\":1,\"name\":\"Accueil\",\"item\":\"https:\\\/\\\/www.gold.fr\\\/\"},{\"@type\":\"ListItem\",\"position\":2,\"name\":\"Actualit\u00e9s\",\"item\":\"https:\\\/\\\/www.gold.fr\\\/news\\\/\"},{\"@type\":\"ListItem\",\"position\":3,\"name\":\"L\u2019Ukraine ne profite pas \u00e0 l\u2019or\"}]},{\"@type\":\"WebSite\",\"@id\":\"https:\\\/\\\/www.gold.fr\\\/news\\\/#website\",\"url\":\"https:\\\/\\\/www.gold.fr\\\/news\\\/\",\"name\":\"Gold.fr\",\"description\":\"Actualit\u00e9s de l&#039;Or et des m\u00e9taux pr\u00e9cieux\",\"potentialAction\":[{\"@type\":\"SearchAction\",\"target\":{\"@type\":\"EntryPoint\",\"urlTemplate\":\"https:\\\/\\\/www.gold.fr\\\/news\\\/?s={search_term_string}\"},\"query-input\":{\"@type\":\"PropertyValueSpecification\",\"valueRequired\":true,\"valueName\":\"search_term_string\"}}],\"inLanguage\":\"fr-FR\"},{\"@type\":\"Person\",\"@id\":\"https:\\\/\\\/www.gold.fr\\\/news\\\/#\\\/schema\\\/person\\\/070491b4b4fb7671bf59b3be20302ce9\",\"name\":\"Comptoir National de l'Or\",\"image\":{\"@type\":\"ImageObject\",\"inLanguage\":\"fr-FR\",\"@id\":\"https:\\\/\\\/secure.gravatar.com\\\/avatar\\\/0a2867fd5abe37bed95d5a65e9d58f01756e11efc68af9888dfc50cfa7f65948?s=96&d=mm&r=gb490554db0a38188709de567aa58480d\",\"url\":\"https:\\\/\\\/secure.gravatar.com\\\/avatar\\\/0a2867fd5abe37bed95d5a65e9d58f01756e11efc68af9888dfc50cfa7f65948?s=96&d=mm&r=g\",\"contentUrl\":\"https:\\\/\\\/secure.gravatar.com\\\/avatar\\\/0a2867fd5abe37bed95d5a65e9d58f01756e11efc68af9888dfc50cfa7f65948?s=96&d=mm&r=g\",\"caption\":\"Comptoir National de l'Or\"},\"description\":\"Notre r\u00e9daction est constitu\u00e9e de membres experts dans les m\u00e9tiers de l'\u00e9conomie et la gestion, des Responsables d'agence Comptoir National de l'Or, des analystes financiers qui publient r\u00e9guli\u00e8rement des \u00e9tudes sur les politiques des banques centrales, le cours de l'or, prix de l'or, cours de l'argent, prix de l'argent, cours du platine, cours du palladium,... la situation en zone euro et l'impact de la strat\u00e9gie mon\u00e9taire de la FED. Notre \u00e9quipe scrute \u00e9galement une information plus g\u00e9n\u00e9raliste \u00e0 la recherche d'actualit\u00e9 \\\"p\u00e9pite\\\" \u00e0 vous partager. Depuis 5 ans, nous avons publi\u00e9 un peu plus de 4000 articles qui s'adressent \u00e0 un public large et vari\u00e9 ayant pour objectif de satisfaire votre curiosit\u00e9 et de partager avec vous une certaine fascination pour le m\u00e9tal jaune, le rachat d'or, et pour ceux qui veulent investir dans l'or, vendre leur or tout simplement en savoir plus... Pour tous vos achat or et argent, n'h\u00e9sitez pas \u00e0 prendre rendez-vous dans l'un de nos nombreux comptoirs.\",\"sameAs\":[\"https:\\\/\\\/www.gold.fr\"]}]}<\/script>\n<!-- \/ Yoast SEO plugin. -->","yoast_head_json":{"title":"L\u2019Ukraine ne profite pas \u00e0 l\u2019or - Gold.fr","robots":{"index":"index","follow":"follow","max-snippet":"max-snippet:-1","max-image-preview":"max-image-preview:large","max-video-preview":"max-video-preview:-1"},"canonical":"https:\/\/www.gold.fr\/news\/2014\/08\/29\/lukraine-ne-profite-pas-a-lor\/","og_locale":"fr_FR","og_type":"article","og_title":"L\u2019Ukraine ne profite pas \u00e0 l\u2019or - Gold.fr","og_description":"Ce n&rsquo;est pas la premi\u00e8re fois, depuis le d\u00e9but de la saison estivale, que l&rsquo;or peine \u00e0 tirer profit d&rsquo;une conjoncture g\u00e9opolitique tendue et donc largement favorable \u00e0 une \u00e9volution haussi\u00e8re du march\u00e9 aurif\u00e8re. Le m\u00e9tal [&hellip;]","og_url":"https:\/\/www.gold.fr\/news\/2014\/08\/29\/lukraine-ne-profite-pas-a-lor\/","og_site_name":"Gold.fr","article_publisher":"https:\/\/www.facebook.com\/Goldfr\/","article_published_time":"2014-08-29T15:00:34+00:00","article_modified_time":"2021-09-09T12:36:05+00:00","og_image":[{"width":626,"height":409,"url":"https:\/\/www.gold.fr\/news\/wp-content\/uploads\/2015\/02\/ukraine.jpg","type":"image\/jpeg"}],"author":"Comptoir National de l'Or","twitter_card":"summary_large_image","twitter_misc":{"\u00c9crit par":"Comptoir National de l'Or","Dur\u00e9e de lecture estim\u00e9e":"1 minute"},"schema":{"@context":"https:\/\/schema.org","@graph":[{"@type":"Article","@id":"https:\/\/www.gold.fr\/news\/2014\/08\/29\/lukraine-ne-profite-pas-a-lor\/#article","isPartOf":{"@id":"https:\/\/www.gold.fr\/news\/2014\/08\/29\/lukraine-ne-profite-pas-a-lor\/"},"author":{"name":"Comptoir National de l'Or","@id":"https:\/\/www.gold.fr\/news\/#\/schema\/person\/070491b4b4fb7671bf59b3be20302ce9"},"headline":"L\u2019Ukraine ne profite pas \u00e0 l\u2019or","datePublished":"2014-08-29T15:00:34+00:00","dateModified":"2021-09-09T12:36:05+00:00","mainEntityOfPage":{"@id":"https:\/\/www.gold.fr\/news\/2014\/08\/29\/lukraine-ne-profite-pas-a-lor\/"},"wordCount":298,"image":{"@id":"https:\/\/www.gold.fr\/news\/2014\/08\/29\/lukraine-ne-profite-pas-a-lor\/#primaryimage"},"thumbnailUrl":"https:\/\/www.gold.fr\/news\/wp-content\/uploads\/2015\/02\/ukraine.jpg","keywords":["conjoncture g\u00e9opolitique","prix de l'or","Ukraine"],"articleSection":["Articles de presse"],"inLanguage":"fr-FR"},{"@type":"WebPage","@id":"https:\/\/www.gold.fr\/news\/2014\/08\/29\/lukraine-ne-profite-pas-a-lor\/","url":"https:\/\/www.gold.fr\/news\/2014\/08\/29\/lukraine-ne-profite-pas-a-lor\/","name":"L\u2019Ukraine ne profite pas \u00e0 l\u2019or - Gold.fr","isPartOf":{"@id":"https:\/\/www.gold.fr\/news\/#website"},"primaryImageOfPage":{"@id":"https:\/\/www.gold.fr\/news\/2014\/08\/29\/lukraine-ne-profite-pas-a-lor\/#primaryimage"},"image":{"@id":"https:\/\/www.gold.fr\/news\/2014\/08\/29\/lukraine-ne-profite-pas-a-lor\/#primaryimage"},"thumbnailUrl":"https:\/\/www.gold.fr\/news\/wp-content\/uploads\/2015\/02\/ukraine.jpg","datePublished":"2014-08-29T15:00:34+00:00","dateModified":"2021-09-09T12:36:05+00:00","author":{"@id":"https:\/\/www.gold.fr\/news\/#\/schema\/person\/070491b4b4fb7671bf59b3be20302ce9"},"breadcrumb":{"@id":"https:\/\/www.gold.fr\/news\/2014\/08\/29\/lukraine-ne-profite-pas-a-lor\/#breadcrumb"},"inLanguage":"fr-FR","potentialAction":[{"@type":"ReadAction","target":["https:\/\/www.gold.fr\/news\/2014\/08\/29\/lukraine-ne-profite-pas-a-lor\/"]}]},{"@type":"ImageObject","inLanguage":"fr-FR","@id":"https:\/\/www.gold.fr\/news\/2014\/08\/29\/lukraine-ne-profite-pas-a-lor\/#primaryimage","url":"https:\/\/www.gold.fr\/news\/wp-content\/uploads\/2015\/02\/ukraine.jpg","contentUrl":"https:\/\/www.gold.fr\/news\/wp-content\/uploads\/2015\/02\/ukraine.jpg","width":626,"height":409,"caption":"ukraine"},{"@type":"BreadcrumbList","@id":"https:\/\/www.gold.fr\/news\/2014\/08\/29\/lukraine-ne-profite-pas-a-lor\/#breadcrumb","itemListElement":[{"@type":"ListItem","position":1,"name":"Accueil","item":"https:\/\/www.gold.fr\/"},{"@type":"ListItem","position":2,"name":"Actualit\u00e9s","item":"https:\/\/www.gold.fr\/news\/"},{"@type":"ListItem","position":3,"name":"L\u2019Ukraine ne profite pas \u00e0 l\u2019or"}]},{"@type":"WebSite","@id":"https:\/\/www.gold.fr\/news\/#website","url":"https:\/\/www.gold.fr\/news\/","name":"Gold.fr","description":"Actualit\u00e9s de l&#039;Or et des m\u00e9taux pr\u00e9cieux","potentialAction":[{"@type":"SearchAction","target":{"@type":"EntryPoint","urlTemplate":"https:\/\/www.gold.fr\/news\/?s={search_term_string}"},"query-input":{"@type":"PropertyValueSpecification","valueRequired":true,"valueName":"search_term_string"}}],"inLanguage":"fr-FR"},{"@type":"Person","@id":"https:\/\/www.gold.fr\/news\/#\/schema\/person\/070491b4b4fb7671bf59b3be20302ce9","name":"Comptoir National de l'Or","image":{"@type":"ImageObject","inLanguage":"fr-FR","@id":"https:\/\/secure.gravatar.com\/avatar\/0a2867fd5abe37bed95d5a65e9d58f01756e11efc68af9888dfc50cfa7f65948?s=96&d=mm&r=gb490554db0a38188709de567aa58480d","url":"https:\/\/secure.gravatar.com\/avatar\/0a2867fd5abe37bed95d5a65e9d58f01756e11efc68af9888dfc50cfa7f65948?s=96&d=mm&r=g","contentUrl":"https:\/\/secure.gravatar.com\/avatar\/0a2867fd5abe37bed95d5a65e9d58f01756e11efc68af9888dfc50cfa7f65948?s=96&d=mm&r=g","caption":"Comptoir National de l'Or"},"description":"Notre r\u00e9daction est constitu\u00e9e de membres experts dans les m\u00e9tiers de l'\u00e9conomie et la gestion, des Responsables d'agence Comptoir National de l'Or, des analystes financiers qui publient r\u00e9guli\u00e8rement des \u00e9tudes sur les politiques des banques centrales, le cours de l'or, prix de l'or, cours de l'argent, prix de l'argent, cours du platine, cours du palladium,... la situation en zone euro et l'impact de la strat\u00e9gie mon\u00e9taire de la FED. Notre \u00e9quipe scrute \u00e9galement une information plus g\u00e9n\u00e9raliste \u00e0 la recherche d'actualit\u00e9 \"p\u00e9pite\" \u00e0 vous partager. Depuis 5 ans, nous avons publi\u00e9 un peu plus de 4000 articles qui s'adressent \u00e0 un public large et vari\u00e9 ayant pour objectif de satisfaire votre curiosit\u00e9 et de partager avec vous une certaine fascination pour le m\u00e9tal jaune, le rachat d'or, et pour ceux qui veulent investir dans l'or, vendre leur or tout simplement en savoir plus... Pour tous vos achat or et argent, n'h\u00e9sitez pas \u00e0 prendre rendez-vous dans l'un de nos nombreux comptoirs.","sameAs":["https:\/\/www.gold.fr"]}]}},"authors":[{"term_id":2565,"user_id":18,"is_guest":0,"slug":"julie","display_name":"Comptoir National de l'Or","avatar_url":"https:\/\/secure.gravatar.com\/avatar\/713f289e398d35ead876c4a4cc08607f0d6d266058cfc25683fffb6092d0e572?s=96&d=mm&r=g","0":null,"1":"","2":"","3":"","4":"","5":"","6":"","7":"","8":""}],"_links":{"self":[{"href":"https:\/\/www.gold.fr\/news\/wp-json\/wp\/v2\/posts\/15431","targetHints":{"allow":["GET"]}}],"collection":[{"href":"https:\/\/www.gold.fr\/news\/wp-json\/wp\/v2\/posts"}],"about":[{"href":"https:\/\/www.gold.fr\/news\/wp-json\/wp\/v2\/types\/post"}],"author":[{"embeddable":true,"href":"https:\/\/www.gold.fr\/news\/wp-json\/wp\/v2\/users\/18"}],"replies":[{"embeddable":true,"href":"https:\/\/www.gold.fr\/news\/wp-json\/wp\/v2\/comments?post=15431"}],"version-history":[{"count":0,"href":"https:\/\/www.gold.fr\/news\/wp-json\/wp\/v2\/posts\/15431\/revisions"}],"wp:featuredmedia":[{"embeddable":true,"href":"https:\/\/www.gold.fr\/news\/wp-json\/wp\/v2\/media\/40248"}],"wp:attachment":[{"href":"https:\/\/www.gold.fr\/news\/wp-json\/wp\/v2\/media?parent=15431"}],"wp:term":[{"taxonomy":"category","embeddable":true,"href":"https:\/\/www.gold.fr\/news\/wp-json\/wp\/v2\/categories?post=15431"},{"taxonomy":"post_tag","embeddable":true,"href":"https:\/\/www.gold.fr\/news\/wp-json\/wp\/v2\/tags?post=15431"},{"taxonomy":"author","embeddable":true,"href":"https:\/\/www.gold.fr\/news\/wp-json\/wp\/v2\/ppma_author?post=15431"}],"curies":[{"name":"wp","href":"https:\/\/api.w.org\/{rel}","templated":true}]}}