{"id":15419,"date":"2014-08-28T09:00:47","date_gmt":"2014-08-28T07:00:47","guid":{"rendered":"https:\/\/www.gold.fr\/news\/?p=15419"},"modified":"2017-11-02T11:31:18","modified_gmt":"2017-11-02T10:31:18","slug":"super-mario-rassure-en-depit-de-lallemagne","status":"publish","type":"post","link":"https:\/\/www.gold.fr\/news\/2014\/08\/28\/super-mario-rassure-en-depit-de-lallemagne\/","title":{"rendered":"\u2018Super Mario\u2019 rassure, en d\u00e9pit de l\u2019Allemagne"},"content":{"rendered":"<p><img loading=\"lazy\" decoding=\"async\" class=\"alignleft size-thumbnail wp-image-9061\" title=\"\u2018Super Mario\u2019 rassure, en d\u00e9pit de l\u2019Allemagne\" src=\"https:\/\/www.gold.fr\/news\/wp-content\/uploads\/2012\/08\/or-investissement-150x150.jpg\" alt=\"\" width=\"150\" height=\"150\" \/><span style=\"font-size: small;\">Car si le moindre doute persistait sur son extraordinaire aptitude \u00e0 rassurer les march\u00e9s, m\u00eame dans un contexte de conjoncture clairement d\u00e9favorable, la semaine boursi\u00e8re en cours aura vite fait de clarifier la situation, \u00e0 ce niveau. Les march\u00e9s europ\u00e9ens, g\u00e9n\u00e9ralement tr\u00e8s sensibles \u00e0 tout signe de faiblesse de la superpuissance \u00e9conomique allemande, demeurent euphoriques, en d\u00e9pit d\u2019un quasi-consensus concernant les pr\u00e9mices d\u2019une crise \u00e9conomique allemande.<\/span>    <span style=\"font-size: small;\"> Apr\u00e8s les baisses successives de l\u2019indice <strong>ifo<\/strong> (mesurant le climat \u00e9conomique du pays) et de l\u2019indice <strong>GfK<\/strong> (mesurant les perspectives de la consommation des m\u00e9nages allemands pour le mois \u00e0 venir), la tension \u00e9tait attendue. Une tension que les tentatives de relativisation et d\u2019optimisme des experts n\u2019auraient en rien calm\u00e9.<\/span>    <span style=\"font-size: small;\"> Et les sp\u00e9cialistes avaient tent\u00e9, pourtant, notamment l&rsquo;institut <strong>GfK<\/strong> lui-m\u00eame qui a rappel\u00e9 que \u00ab<em>\u00a0l&rsquo;escalade de la situation en Irak, en Isra\u00ebl ainsi que dans l&rsquo;Est de l&rsquo;Ukraine, de m\u00eame que la spirale des sanctions en Russie, ont \u00e0 pr\u00e9sent un impact n\u00e9gatif sur les perspectives \u00e9conomiques des Allemands<\/em>\u00a0\u00bb, concluant implicitement que les facteurs de baisse sont simplement conjoncturels. De son c\u00f4t\u00e9, <strong>Natixis<\/strong> avait d\u00e9clar\u00e9 s\u2019attendre \u00ab\u00a0<em>toujours \u00e0 ce que l&rsquo;\u00e9conomie allemande \u00e9chappe \u00e0 un retour en r\u00e9cession au troisi\u00e8me trimestre<\/em>\u00a0\u00bb.<\/span>    <span style=\"font-size: small;\"> Mais les march\u00e9s pr\u00eatent \u00e0 peine l\u2019oreille \u00e0 ces tentatives, surfant encore sur la vague de l\u2019euphorie diffus\u00e9e par les propos de <strong>Mario Draghi<\/strong>, pr\u00e9sident de la banque centrale europ\u00e9enne, reconnaissant \u00ab\u00a0<em>que les attentes autour de l&rsquo;inflation n&rsquo;\u00e9taient pas satisfaisantes et que les r\u00e9gulateurs feraient tout ce qui est en leur pouvoir afin de la relancer<\/em>\u00a0\u00bb.<\/span><\/p>\n<!-- AddThis Advanced Settings generic via filter on the_content --><!-- AddThis Share Buttons generic via filter on the_content -->","protected":false},"excerpt":{"rendered":"<p>Car si le moindre doute persistait sur son extraordinaire aptitude \u00e0 rassurer les march\u00e9s, m\u00eame dans un contexte de conjoncture clairement d\u00e9favorable, la semaine boursi\u00e8re en cours aura vite fait de clarifier la situation, \u00e0 ce [&hellip;]<\/p>\n","protected":false},"author":18,"featured_media":9061,"comment_status":"open","ping_status":"open","sticky":false,"template":"","format":"standard","meta":{"_mbp_gutenberg_autopost":false,"_pgmb_is_evergreen":false,"_pgmb_ap_template_id":0,"footnotes":""},"categories":[6],"tags":[111,1905,1864,1649],"ppma_author":[2565],"class_list":["post-15419","post","type-post","status-publish","format-standard","has-post-thumbnail","hentry","category-articles-de-presse","tag-allemagne","tag-indice-gfk","tag-indice-ifo","tag-marches"],"yoast_head":"<!-- This site is optimized with the Yoast SEO plugin v27.5 - https:\/\/yoast.com\/product\/yoast-seo-wordpress\/ -->\n<title>\u2018Super Mario\u2019 rassure, en d\u00e9pit de l\u2019Allemagne - Gold.fr<\/title>\n<meta name=\"robots\" content=\"index, follow, max-snippet:-1, max-image-preview:large, max-video-preview:-1\" \/>\n<link rel=\"canonical\" href=\"https:\/\/www.gold.fr\/news\/2014\/08\/28\/super-mario-rassure-en-depit-de-lallemagne\/\" \/>\n<meta property=\"og:locale\" content=\"fr_FR\" \/>\n<meta property=\"og:type\" content=\"article\" \/>\n<meta property=\"og:title\" content=\"\u2018Super Mario\u2019 rassure, en d\u00e9pit de l\u2019Allemagne - Gold.fr\" \/>\n<meta property=\"og:description\" content=\"Car si le moindre doute persistait sur son extraordinaire aptitude \u00e0 rassurer les march\u00e9s, m\u00eame dans un contexte de conjoncture clairement d\u00e9favorable, la semaine boursi\u00e8re en cours aura vite fait de clarifier la situation, \u00e0 ce [&hellip;]\" \/>\n<meta property=\"og:url\" content=\"https:\/\/www.gold.fr\/news\/2014\/08\/28\/super-mario-rassure-en-depit-de-lallemagne\/\" \/>\n<meta property=\"og:site_name\" content=\"Gold.fr\" \/>\n<meta property=\"article:publisher\" content=\"https:\/\/www.facebook.com\/Goldfr\/\" \/>\n<meta property=\"article:published_time\" content=\"2014-08-28T07:00:47+00:00\" \/>\n<meta property=\"article:modified_time\" content=\"2017-11-02T10:31:18+00:00\" \/>\n<meta property=\"og:image\" content=\"https:\/\/www.gold.fr\/news\/wp-content\/uploads\/2012\/08\/or-investissement.jpg\" \/>\n\t<meta property=\"og:image:width\" content=\"600\" \/>\n\t<meta property=\"og:image:height\" content=\"433\" \/>\n\t<meta property=\"og:image:type\" content=\"image\/jpeg\" \/>\n<meta name=\"author\" content=\"Comptoir National de l&#039;Or\" \/>\n<meta name=\"twitter:card\" content=\"summary_large_image\" \/>\n<meta name=\"twitter:label1\" content=\"\u00c9crit par\" \/>\n\t<meta name=\"twitter:data1\" content=\"Comptoir National de l&#039;Or\" \/>\n\t<meta name=\"twitter:label2\" content=\"Dur\u00e9e de lecture estim\u00e9e\" \/>\n\t<meta name=\"twitter:data2\" content=\"1 minute\" \/>\n<script type=\"application\/ld+json\" class=\"yoast-schema-graph\">{\"@context\":\"https:\\\/\\\/schema.org\",\"@graph\":[{\"@type\":\"Article\",\"@id\":\"https:\\\/\\\/www.gold.fr\\\/news\\\/2014\\\/08\\\/28\\\/super-mario-rassure-en-depit-de-lallemagne\\\/#article\",\"isPartOf\":{\"@id\":\"https:\\\/\\\/www.gold.fr\\\/news\\\/2014\\\/08\\\/28\\\/super-mario-rassure-en-depit-de-lallemagne\\\/\"},\"author\":{\"name\":\"Comptoir National de l'Or\",\"@id\":\"https:\\\/\\\/www.gold.fr\\\/news\\\/#\\\/schema\\\/person\\\/070491b4b4fb7671bf59b3be20302ce9\"},\"headline\":\"\u2018Super Mario\u2019 rassure, en d\u00e9pit de l\u2019Allemagne\",\"datePublished\":\"2014-08-28T07:00:47+00:00\",\"dateModified\":\"2017-11-02T10:31:18+00:00\",\"mainEntityOfPage\":{\"@id\":\"https:\\\/\\\/www.gold.fr\\\/news\\\/2014\\\/08\\\/28\\\/super-mario-rassure-en-depit-de-lallemagne\\\/\"},\"wordCount\":298,\"commentCount\":0,\"image\":{\"@id\":\"https:\\\/\\\/www.gold.fr\\\/news\\\/2014\\\/08\\\/28\\\/super-mario-rassure-en-depit-de-lallemagne\\\/#primaryimage\"},\"thumbnailUrl\":\"https:\\\/\\\/www.gold.fr\\\/news\\\/wp-content\\\/uploads\\\/2012\\\/08\\\/or-investissement.jpg\",\"keywords\":[\"Allemagne\",\"indice GfK\",\"indice Ifo\",\"march\u00e9s\"],\"articleSection\":[\"Articles de presse\"],\"inLanguage\":\"fr-FR\"},{\"@type\":\"WebPage\",\"@id\":\"https:\\\/\\\/www.gold.fr\\\/news\\\/2014\\\/08\\\/28\\\/super-mario-rassure-en-depit-de-lallemagne\\\/\",\"url\":\"https:\\\/\\\/www.gold.fr\\\/news\\\/2014\\\/08\\\/28\\\/super-mario-rassure-en-depit-de-lallemagne\\\/\",\"name\":\"\u2018Super Mario\u2019 rassure, en d\u00e9pit de l\u2019Allemagne - Gold.fr\",\"isPartOf\":{\"@id\":\"https:\\\/\\\/www.gold.fr\\\/news\\\/#website\"},\"primaryImageOfPage\":{\"@id\":\"https:\\\/\\\/www.gold.fr\\\/news\\\/2014\\\/08\\\/28\\\/super-mario-rassure-en-depit-de-lallemagne\\\/#primaryimage\"},\"image\":{\"@id\":\"https:\\\/\\\/www.gold.fr\\\/news\\\/2014\\\/08\\\/28\\\/super-mario-rassure-en-depit-de-lallemagne\\\/#primaryimage\"},\"thumbnailUrl\":\"https:\\\/\\\/www.gold.fr\\\/news\\\/wp-content\\\/uploads\\\/2012\\\/08\\\/or-investissement.jpg\",\"datePublished\":\"2014-08-28T07:00:47+00:00\",\"dateModified\":\"2017-11-02T10:31:18+00:00\",\"author\":{\"@id\":\"https:\\\/\\\/www.gold.fr\\\/news\\\/#\\\/schema\\\/person\\\/070491b4b4fb7671bf59b3be20302ce9\"},\"breadcrumb\":{\"@id\":\"https:\\\/\\\/www.gold.fr\\\/news\\\/2014\\\/08\\\/28\\\/super-mario-rassure-en-depit-de-lallemagne\\\/#breadcrumb\"},\"inLanguage\":\"fr-FR\",\"potentialAction\":[{\"@type\":\"ReadAction\",\"target\":[\"https:\\\/\\\/www.gold.fr\\\/news\\\/2014\\\/08\\\/28\\\/super-mario-rassure-en-depit-de-lallemagne\\\/\"]}]},{\"@type\":\"ImageObject\",\"inLanguage\":\"fr-FR\",\"@id\":\"https:\\\/\\\/www.gold.fr\\\/news\\\/2014\\\/08\\\/28\\\/super-mario-rassure-en-depit-de-lallemagne\\\/#primaryimage\",\"url\":\"https:\\\/\\\/www.gold.fr\\\/news\\\/wp-content\\\/uploads\\\/2012\\\/08\\\/or-investissement.jpg\",\"contentUrl\":\"https:\\\/\\\/www.gold.fr\\\/news\\\/wp-content\\\/uploads\\\/2012\\\/08\\\/or-investissement.jpg\",\"width\":\"600\",\"height\":\"433\",\"caption\":\"Les investisseurs renouent avec la valeur refuge apr\u00e8s le r\u00e9sultat des \u00e9lections\"},{\"@type\":\"BreadcrumbList\",\"@id\":\"https:\\\/\\\/www.gold.fr\\\/news\\\/2014\\\/08\\\/28\\\/super-mario-rassure-en-depit-de-lallemagne\\\/#breadcrumb\",\"itemListElement\":[{\"@type\":\"ListItem\",\"position\":1,\"name\":\"Accueil\",\"item\":\"https:\\\/\\\/www.gold.fr\\\/\"},{\"@type\":\"ListItem\",\"position\":2,\"name\":\"Actualit\u00e9s\",\"item\":\"https:\\\/\\\/www.gold.fr\\\/news\\\/\"},{\"@type\":\"ListItem\",\"position\":3,\"name\":\"\u2018Super Mario\u2019 rassure, en d\u00e9pit de l\u2019Allemagne\"}]},{\"@type\":\"WebSite\",\"@id\":\"https:\\\/\\\/www.gold.fr\\\/news\\\/#website\",\"url\":\"https:\\\/\\\/www.gold.fr\\\/news\\\/\",\"name\":\"Gold.fr\",\"description\":\"Actualit\u00e9s de l&#039;Or et des m\u00e9taux pr\u00e9cieux\",\"potentialAction\":[{\"@type\":\"SearchAction\",\"target\":{\"@type\":\"EntryPoint\",\"urlTemplate\":\"https:\\\/\\\/www.gold.fr\\\/news\\\/?s={search_term_string}\"},\"query-input\":{\"@type\":\"PropertyValueSpecification\",\"valueRequired\":true,\"valueName\":\"search_term_string\"}}],\"inLanguage\":\"fr-FR\"},{\"@type\":\"Person\",\"@id\":\"https:\\\/\\\/www.gold.fr\\\/news\\\/#\\\/schema\\\/person\\\/070491b4b4fb7671bf59b3be20302ce9\",\"name\":\"Comptoir National de l'Or\",\"image\":{\"@type\":\"ImageObject\",\"inLanguage\":\"fr-FR\",\"@id\":\"https:\\\/\\\/secure.gravatar.com\\\/avatar\\\/0a2867fd5abe37bed95d5a65e9d58f01756e11efc68af9888dfc50cfa7f65948?s=96&d=mm&r=gb490554db0a38188709de567aa58480d\",\"url\":\"https:\\\/\\\/secure.gravatar.com\\\/avatar\\\/0a2867fd5abe37bed95d5a65e9d58f01756e11efc68af9888dfc50cfa7f65948?s=96&d=mm&r=g\",\"contentUrl\":\"https:\\\/\\\/secure.gravatar.com\\\/avatar\\\/0a2867fd5abe37bed95d5a65e9d58f01756e11efc68af9888dfc50cfa7f65948?s=96&d=mm&r=g\",\"caption\":\"Comptoir National de l'Or\"},\"description\":\"Notre r\u00e9daction est constitu\u00e9e de membres experts dans les m\u00e9tiers de l'\u00e9conomie et la gestion, des Responsables d'agence Comptoir National de l'Or, des analystes financiers qui publient r\u00e9guli\u00e8rement des \u00e9tudes sur les politiques des banques centrales, le cours de l'or, prix de l'or, cours de l'argent, prix de l'argent, cours du platine, cours du palladium,... la situation en zone euro et l'impact de la strat\u00e9gie mon\u00e9taire de la FED. Notre \u00e9quipe scrute \u00e9galement une information plus g\u00e9n\u00e9raliste \u00e0 la recherche d'actualit\u00e9 \\\"p\u00e9pite\\\" \u00e0 vous partager. Depuis 5 ans, nous avons publi\u00e9 un peu plus de 4000 articles qui s'adressent \u00e0 un public large et vari\u00e9 ayant pour objectif de satisfaire votre curiosit\u00e9 et de partager avec vous une certaine fascination pour le m\u00e9tal jaune, le rachat d'or, et pour ceux qui veulent investir dans l'or, vendre leur or tout simplement en savoir plus... Pour tous vos achat or et argent, n'h\u00e9sitez pas \u00e0 prendre rendez-vous dans l'un de nos nombreux comptoirs.\",\"sameAs\":[\"https:\\\/\\\/www.gold.fr\"]}]}<\/script>\n<!-- \/ Yoast SEO plugin. -->","yoast_head_json":{"title":"\u2018Super Mario\u2019 rassure, en d\u00e9pit de l\u2019Allemagne - Gold.fr","robots":{"index":"index","follow":"follow","max-snippet":"max-snippet:-1","max-image-preview":"max-image-preview:large","max-video-preview":"max-video-preview:-1"},"canonical":"https:\/\/www.gold.fr\/news\/2014\/08\/28\/super-mario-rassure-en-depit-de-lallemagne\/","og_locale":"fr_FR","og_type":"article","og_title":"\u2018Super Mario\u2019 rassure, en d\u00e9pit de l\u2019Allemagne - Gold.fr","og_description":"Car si le moindre doute persistait sur son extraordinaire aptitude \u00e0 rassurer les march\u00e9s, m\u00eame dans un contexte de conjoncture clairement d\u00e9favorable, la semaine boursi\u00e8re en cours aura vite fait de clarifier la situation, \u00e0 ce [&hellip;]","og_url":"https:\/\/www.gold.fr\/news\/2014\/08\/28\/super-mario-rassure-en-depit-de-lallemagne\/","og_site_name":"Gold.fr","article_publisher":"https:\/\/www.facebook.com\/Goldfr\/","article_published_time":"2014-08-28T07:00:47+00:00","article_modified_time":"2017-11-02T10:31:18+00:00","og_image":[{"width":600,"height":433,"url":"https:\/\/www.gold.fr\/news\/wp-content\/uploads\/2012\/08\/or-investissement.jpg","type":"image\/jpeg"}],"author":"Comptoir National de l'Or","twitter_card":"summary_large_image","twitter_misc":{"\u00c9crit par":"Comptoir National de l'Or","Dur\u00e9e de lecture estim\u00e9e":"1 minute"},"schema":{"@context":"https:\/\/schema.org","@graph":[{"@type":"Article","@id":"https:\/\/www.gold.fr\/news\/2014\/08\/28\/super-mario-rassure-en-depit-de-lallemagne\/#article","isPartOf":{"@id":"https:\/\/www.gold.fr\/news\/2014\/08\/28\/super-mario-rassure-en-depit-de-lallemagne\/"},"author":{"name":"Comptoir National de l'Or","@id":"https:\/\/www.gold.fr\/news\/#\/schema\/person\/070491b4b4fb7671bf59b3be20302ce9"},"headline":"\u2018Super Mario\u2019 rassure, en d\u00e9pit de l\u2019Allemagne","datePublished":"2014-08-28T07:00:47+00:00","dateModified":"2017-11-02T10:31:18+00:00","mainEntityOfPage":{"@id":"https:\/\/www.gold.fr\/news\/2014\/08\/28\/super-mario-rassure-en-depit-de-lallemagne\/"},"wordCount":298,"commentCount":0,"image":{"@id":"https:\/\/www.gold.fr\/news\/2014\/08\/28\/super-mario-rassure-en-depit-de-lallemagne\/#primaryimage"},"thumbnailUrl":"https:\/\/www.gold.fr\/news\/wp-content\/uploads\/2012\/08\/or-investissement.jpg","keywords":["Allemagne","indice GfK","indice Ifo","march\u00e9s"],"articleSection":["Articles de presse"],"inLanguage":"fr-FR"},{"@type":"WebPage","@id":"https:\/\/www.gold.fr\/news\/2014\/08\/28\/super-mario-rassure-en-depit-de-lallemagne\/","url":"https:\/\/www.gold.fr\/news\/2014\/08\/28\/super-mario-rassure-en-depit-de-lallemagne\/","name":"\u2018Super Mario\u2019 rassure, en d\u00e9pit de l\u2019Allemagne - Gold.fr","isPartOf":{"@id":"https:\/\/www.gold.fr\/news\/#website"},"primaryImageOfPage":{"@id":"https:\/\/www.gold.fr\/news\/2014\/08\/28\/super-mario-rassure-en-depit-de-lallemagne\/#primaryimage"},"image":{"@id":"https:\/\/www.gold.fr\/news\/2014\/08\/28\/super-mario-rassure-en-depit-de-lallemagne\/#primaryimage"},"thumbnailUrl":"https:\/\/www.gold.fr\/news\/wp-content\/uploads\/2012\/08\/or-investissement.jpg","datePublished":"2014-08-28T07:00:47+00:00","dateModified":"2017-11-02T10:31:18+00:00","author":{"@id":"https:\/\/www.gold.fr\/news\/#\/schema\/person\/070491b4b4fb7671bf59b3be20302ce9"},"breadcrumb":{"@id":"https:\/\/www.gold.fr\/news\/2014\/08\/28\/super-mario-rassure-en-depit-de-lallemagne\/#breadcrumb"},"inLanguage":"fr-FR","potentialAction":[{"@type":"ReadAction","target":["https:\/\/www.gold.fr\/news\/2014\/08\/28\/super-mario-rassure-en-depit-de-lallemagne\/"]}]},{"@type":"ImageObject","inLanguage":"fr-FR","@id":"https:\/\/www.gold.fr\/news\/2014\/08\/28\/super-mario-rassure-en-depit-de-lallemagne\/#primaryimage","url":"https:\/\/www.gold.fr\/news\/wp-content\/uploads\/2012\/08\/or-investissement.jpg","contentUrl":"https:\/\/www.gold.fr\/news\/wp-content\/uploads\/2012\/08\/or-investissement.jpg","width":"600","height":"433","caption":"Les investisseurs renouent avec la valeur refuge apr\u00e8s le r\u00e9sultat des \u00e9lections"},{"@type":"BreadcrumbList","@id":"https:\/\/www.gold.fr\/news\/2014\/08\/28\/super-mario-rassure-en-depit-de-lallemagne\/#breadcrumb","itemListElement":[{"@type":"ListItem","position":1,"name":"Accueil","item":"https:\/\/www.gold.fr\/"},{"@type":"ListItem","position":2,"name":"Actualit\u00e9s","item":"https:\/\/www.gold.fr\/news\/"},{"@type":"ListItem","position":3,"name":"\u2018Super Mario\u2019 rassure, en d\u00e9pit de l\u2019Allemagne"}]},{"@type":"WebSite","@id":"https:\/\/www.gold.fr\/news\/#website","url":"https:\/\/www.gold.fr\/news\/","name":"Gold.fr","description":"Actualit\u00e9s de l&#039;Or et des m\u00e9taux pr\u00e9cieux","potentialAction":[{"@type":"SearchAction","target":{"@type":"EntryPoint","urlTemplate":"https:\/\/www.gold.fr\/news\/?s={search_term_string}"},"query-input":{"@type":"PropertyValueSpecification","valueRequired":true,"valueName":"search_term_string"}}],"inLanguage":"fr-FR"},{"@type":"Person","@id":"https:\/\/www.gold.fr\/news\/#\/schema\/person\/070491b4b4fb7671bf59b3be20302ce9","name":"Comptoir National de l'Or","image":{"@type":"ImageObject","inLanguage":"fr-FR","@id":"https:\/\/secure.gravatar.com\/avatar\/0a2867fd5abe37bed95d5a65e9d58f01756e11efc68af9888dfc50cfa7f65948?s=96&d=mm&r=gb490554db0a38188709de567aa58480d","url":"https:\/\/secure.gravatar.com\/avatar\/0a2867fd5abe37bed95d5a65e9d58f01756e11efc68af9888dfc50cfa7f65948?s=96&d=mm&r=g","contentUrl":"https:\/\/secure.gravatar.com\/avatar\/0a2867fd5abe37bed95d5a65e9d58f01756e11efc68af9888dfc50cfa7f65948?s=96&d=mm&r=g","caption":"Comptoir National de l'Or"},"description":"Notre r\u00e9daction est constitu\u00e9e de membres experts dans les m\u00e9tiers de l'\u00e9conomie et la gestion, des Responsables d'agence Comptoir National de l'Or, des analystes financiers qui publient r\u00e9guli\u00e8rement des \u00e9tudes sur les politiques des banques centrales, le cours de l'or, prix de l'or, cours de l'argent, prix de l'argent, cours du platine, cours du palladium,... la situation en zone euro et l'impact de la strat\u00e9gie mon\u00e9taire de la FED. Notre \u00e9quipe scrute \u00e9galement une information plus g\u00e9n\u00e9raliste \u00e0 la recherche d'actualit\u00e9 \"p\u00e9pite\" \u00e0 vous partager. Depuis 5 ans, nous avons publi\u00e9 un peu plus de 4000 articles qui s'adressent \u00e0 un public large et vari\u00e9 ayant pour objectif de satisfaire votre curiosit\u00e9 et de partager avec vous une certaine fascination pour le m\u00e9tal jaune, le rachat d'or, et pour ceux qui veulent investir dans l'or, vendre leur or tout simplement en savoir plus... Pour tous vos achat or et argent, n'h\u00e9sitez pas \u00e0 prendre rendez-vous dans l'un de nos nombreux comptoirs.","sameAs":["https:\/\/www.gold.fr"]}]}},"authors":[{"term_id":2565,"user_id":18,"is_guest":0,"slug":"julie","display_name":"Comptoir National de l'Or","avatar_url":"https:\/\/secure.gravatar.com\/avatar\/713f289e398d35ead876c4a4cc08607f0d6d266058cfc25683fffb6092d0e572?s=96&d=mm&r=g","0":null,"1":"","2":"","3":"","4":"","5":"","6":"","7":"","8":""}],"_links":{"self":[{"href":"https:\/\/www.gold.fr\/news\/wp-json\/wp\/v2\/posts\/15419","targetHints":{"allow":["GET"]}}],"collection":[{"href":"https:\/\/www.gold.fr\/news\/wp-json\/wp\/v2\/posts"}],"about":[{"href":"https:\/\/www.gold.fr\/news\/wp-json\/wp\/v2\/types\/post"}],"author":[{"embeddable":true,"href":"https:\/\/www.gold.fr\/news\/wp-json\/wp\/v2\/users\/18"}],"replies":[{"embeddable":true,"href":"https:\/\/www.gold.fr\/news\/wp-json\/wp\/v2\/comments?post=15419"}],"version-history":[{"count":0,"href":"https:\/\/www.gold.fr\/news\/wp-json\/wp\/v2\/posts\/15419\/revisions"}],"wp:featuredmedia":[{"embeddable":true,"href":"https:\/\/www.gold.fr\/news\/wp-json\/wp\/v2\/media\/9061"}],"wp:attachment":[{"href":"https:\/\/www.gold.fr\/news\/wp-json\/wp\/v2\/media?parent=15419"}],"wp:term":[{"taxonomy":"category","embeddable":true,"href":"https:\/\/www.gold.fr\/news\/wp-json\/wp\/v2\/categories?post=15419"},{"taxonomy":"post_tag","embeddable":true,"href":"https:\/\/www.gold.fr\/news\/wp-json\/wp\/v2\/tags?post=15419"},{"taxonomy":"author","embeddable":true,"href":"https:\/\/www.gold.fr\/news\/wp-json\/wp\/v2\/ppma_author?post=15419"}],"curies":[{"name":"wp","href":"https:\/\/api.w.org\/{rel}","templated":true}]}}