{"id":15382,"date":"2014-08-21T17:00:18","date_gmt":"2014-08-21T15:00:18","guid":{"rendered":"https:\/\/www.gold.fr\/news\/?p=15382"},"modified":"2017-11-02T11:41:20","modified_gmt":"2017-11-02T10:41:20","slug":"la-fed-diffuse-loptimisme-dans-les-marches","status":"publish","type":"post","link":"https:\/\/www.gold.fr\/news\/2014\/08\/21\/la-fed-diffuse-loptimisme-dans-les-marches\/","title":{"rendered":"La FED diffuse l\u2019optimisme dans les march\u00e9s"},"content":{"rendered":"<p style=\"text-align: left;\"><span style=\"font-size: small;\"><img loading=\"lazy\" decoding=\"async\" class=\"alignleft size-thumbnail wp-image-2965\" title=\"La FED diffuse l\u2019optimisme dans les march\u00e9s\" src=\"https:\/\/www.gold.fr\/news\/wp-content\/uploads\/2011\/10\/78327213-150x150.jpg\" alt=\"\" width=\"150\" height=\"150\" \/>Certes, les \u2018minutes\u2019, tant anticip\u00e9es par l\u2019ensemble de la communaut\u00e9 \u00e9conomique mondiale, n\u2019ont pas r\u00e9ellement apport\u00e9 tous les \u00e9l\u00e9ments de r\u00e9ponses n\u00e9cessaires \u00e0 un apaisement total des march\u00e9s, mais le compte-rendu a tout de m\u00eame eu pour effet d\u2019insuffler une \u00e9norme bouff\u00e9e d\u2019optimisme dans les principales places boursi\u00e8res mondiales. Bon nombre d\u2019observateurs estiment m\u00eame que le fameux rapport est parfaitement conforme aux attentes des op\u00e9rateurs et r\u00e9pond d\u00fbment \u00e0 leur besoin imm\u00e9diat d\u2019orientation.<\/span><\/p>\n<p style=\"text-align: left;\"><span style=\"font-size: small;\">Du coup, les march\u00e9s financiers affichent, \u00e0 l\u2019unisson, une bonne humeur g\u00e9n\u00e9ralis\u00e9e, traduite par des hausses plus ou moins importantes des bourses am\u00e9ricaines et europ\u00e9ennes.<\/span><\/p>\n<p style=\"text-align: left;\"><span style=\"font-size: small;\">Les \u2018minutes\u2019, faisant \u00e9tat des conclusions g\u00e9n\u00e9rales de la r\u00e9cente r\u00e9union du comit\u00e9 de direction de la politique mon\u00e9taire de la r\u00e9serve f\u00e9d\u00e9rale am\u00e9ricaine, r\u00e9v\u00e8lent que les responsables de l\u2019institution \u00ab <em>avaient \u00e9voqu\u00e9 le sc\u00e9nario d&rsquo;une sortie de crise face aux signaux d&rsquo;am\u00e9lioration de l&rsquo;\u00e9conomie am\u00e9ricaine<\/em> \u00bb. Chris Weston, strat\u00e8ge de march\u00e9 chez <strong>IG<\/strong>, r\u00e9sume en affirmant que \u00ab <em>le consensus d&rsquo;ensemble est que le message de la r\u00e9serve f\u00e9d\u00e9rale am\u00e9ricaine s&rsquo;est l\u00e9g\u00e8rement durci<\/em> \u00bb.<\/span><\/p>\n<p style=\"text-align: left;\"><span style=\"font-size: small;\">Toutefois, il n\u2019est absolument pas question pour l\u2019instant (ni dans le court ou moyen terme) de proc\u00e9der \u00e0 de solides mesures de durcissement mon\u00e9taire. En d\u2019autres termes, le <strong>FOMC<\/strong> n\u2019\u00e9voque \u2013ni directement ni indirectement- la possibilit\u00e9 d\u2019un prochain rel\u00e8vement de ses principaux taux directeurs.<\/span><\/p>\n<!-- AddThis Advanced Settings generic via filter on the_content --><!-- AddThis Share Buttons generic via filter on the_content -->","protected":false},"excerpt":{"rendered":"<p>Certes, les \u2018minutes\u2019, tant anticip\u00e9es par l\u2019ensemble de la communaut\u00e9 \u00e9conomique mondiale, n\u2019ont pas r\u00e9ellement apport\u00e9 tous les \u00e9l\u00e9ments de r\u00e9ponses n\u00e9cessaires \u00e0 un apaisement total des march\u00e9s, mais le compte-rendu a tout de m\u00eame eu [&hellip;]<\/p>\n","protected":false},"author":18,"featured_media":2965,"comment_status":"open","ping_status":"open","sticky":false,"template":"","format":"standard","meta":{"_mbp_gutenberg_autopost":false,"_pgmb_is_evergreen":false,"_pgmb_ap_template_id":0,"footnotes":""},"categories":[6],"tags":[1034,1410],"ppma_author":[2565],"class_list":["post-15382","post","type-post","status-publish","format-standard","has-post-thumbnail","hentry","category-articles-de-presse","tag-fomc","tag-marches-financiers"],"yoast_head":"<!-- This site is optimized with the Yoast SEO plugin v27.5 - https:\/\/yoast.com\/product\/yoast-seo-wordpress\/ -->\n<title>La FED diffuse l\u2019optimisme dans les march\u00e9s - Gold.fr<\/title>\n<meta name=\"robots\" content=\"index, follow, max-snippet:-1, max-image-preview:large, max-video-preview:-1\" \/>\n<link rel=\"canonical\" href=\"https:\/\/www.gold.fr\/news\/2014\/08\/21\/la-fed-diffuse-loptimisme-dans-les-marches\/\" \/>\n<meta property=\"og:locale\" content=\"fr_FR\" \/>\n<meta property=\"og:type\" content=\"article\" \/>\n<meta property=\"og:title\" content=\"La FED diffuse l\u2019optimisme dans les march\u00e9s - Gold.fr\" \/>\n<meta property=\"og:description\" content=\"Certes, les \u2018minutes\u2019, tant anticip\u00e9es par l\u2019ensemble de la communaut\u00e9 \u00e9conomique mondiale, n\u2019ont pas r\u00e9ellement apport\u00e9 tous les \u00e9l\u00e9ments de r\u00e9ponses n\u00e9cessaires \u00e0 un apaisement total des march\u00e9s, mais le compte-rendu a tout de m\u00eame eu [&hellip;]\" \/>\n<meta property=\"og:url\" content=\"https:\/\/www.gold.fr\/news\/2014\/08\/21\/la-fed-diffuse-loptimisme-dans-les-marches\/\" \/>\n<meta property=\"og:site_name\" content=\"Gold.fr\" \/>\n<meta property=\"article:publisher\" content=\"https:\/\/www.facebook.com\/Goldfr\/\" \/>\n<meta property=\"article:published_time\" content=\"2014-08-21T15:00:18+00:00\" \/>\n<meta property=\"article:modified_time\" content=\"2017-11-02T10:41:20+00:00\" \/>\n<meta property=\"og:image\" content=\"https:\/\/www.gold.fr\/news\/wp-content\/uploads\/2011\/10\/78327213.jpg\" \/>\n\t<meta property=\"og:image:width\" content=\"600\" \/>\n\t<meta property=\"og:image:height\" content=\"429\" \/>\n\t<meta property=\"og:image:type\" content=\"image\/jpeg\" \/>\n<meta name=\"author\" content=\"Comptoir National de l&#039;Or\" \/>\n<meta name=\"twitter:card\" content=\"summary_large_image\" \/>\n<meta name=\"twitter:label1\" content=\"\u00c9crit par\" \/>\n\t<meta name=\"twitter:data1\" content=\"Comptoir National de l&#039;Or\" \/>\n\t<meta name=\"twitter:label2\" content=\"Dur\u00e9e de lecture estim\u00e9e\" \/>\n\t<meta name=\"twitter:data2\" content=\"1 minute\" \/>\n<script type=\"application\/ld+json\" class=\"yoast-schema-graph\">{\"@context\":\"https:\\\/\\\/schema.org\",\"@graph\":[{\"@type\":\"Article\",\"@id\":\"https:\\\/\\\/www.gold.fr\\\/news\\\/2014\\\/08\\\/21\\\/la-fed-diffuse-loptimisme-dans-les-marches\\\/#article\",\"isPartOf\":{\"@id\":\"https:\\\/\\\/www.gold.fr\\\/news\\\/2014\\\/08\\\/21\\\/la-fed-diffuse-loptimisme-dans-les-marches\\\/\"},\"author\":{\"name\":\"Comptoir National de l'Or\",\"@id\":\"https:\\\/\\\/www.gold.fr\\\/news\\\/#\\\/schema\\\/person\\\/070491b4b4fb7671bf59b3be20302ce9\"},\"headline\":\"La FED diffuse l\u2019optimisme dans les march\u00e9s\",\"datePublished\":\"2014-08-21T15:00:18+00:00\",\"dateModified\":\"2017-11-02T10:41:20+00:00\",\"mainEntityOfPage\":{\"@id\":\"https:\\\/\\\/www.gold.fr\\\/news\\\/2014\\\/08\\\/21\\\/la-fed-diffuse-loptimisme-dans-les-marches\\\/\"},\"wordCount\":281,\"commentCount\":0,\"image\":{\"@id\":\"https:\\\/\\\/www.gold.fr\\\/news\\\/2014\\\/08\\\/21\\\/la-fed-diffuse-loptimisme-dans-les-marches\\\/#primaryimage\"},\"thumbnailUrl\":\"https:\\\/\\\/www.gold.fr\\\/news\\\/wp-content\\\/uploads\\\/2011\\\/10\\\/78327213.jpg\",\"keywords\":[\"FOMC\",\"march\u00e9s financiers\"],\"articleSection\":[\"Articles de presse\"],\"inLanguage\":\"fr-FR\"},{\"@type\":\"WebPage\",\"@id\":\"https:\\\/\\\/www.gold.fr\\\/news\\\/2014\\\/08\\\/21\\\/la-fed-diffuse-loptimisme-dans-les-marches\\\/\",\"url\":\"https:\\\/\\\/www.gold.fr\\\/news\\\/2014\\\/08\\\/21\\\/la-fed-diffuse-loptimisme-dans-les-marches\\\/\",\"name\":\"La FED diffuse l\u2019optimisme dans les march\u00e9s - Gold.fr\",\"isPartOf\":{\"@id\":\"https:\\\/\\\/www.gold.fr\\\/news\\\/#website\"},\"primaryImageOfPage\":{\"@id\":\"https:\\\/\\\/www.gold.fr\\\/news\\\/2014\\\/08\\\/21\\\/la-fed-diffuse-loptimisme-dans-les-marches\\\/#primaryimage\"},\"image\":{\"@id\":\"https:\\\/\\\/www.gold.fr\\\/news\\\/2014\\\/08\\\/21\\\/la-fed-diffuse-loptimisme-dans-les-marches\\\/#primaryimage\"},\"thumbnailUrl\":\"https:\\\/\\\/www.gold.fr\\\/news\\\/wp-content\\\/uploads\\\/2011\\\/10\\\/78327213.jpg\",\"datePublished\":\"2014-08-21T15:00:18+00:00\",\"dateModified\":\"2017-11-02T10:41:20+00:00\",\"author\":{\"@id\":\"https:\\\/\\\/www.gold.fr\\\/news\\\/#\\\/schema\\\/person\\\/070491b4b4fb7671bf59b3be20302ce9\"},\"breadcrumb\":{\"@id\":\"https:\\\/\\\/www.gold.fr\\\/news\\\/2014\\\/08\\\/21\\\/la-fed-diffuse-loptimisme-dans-les-marches\\\/#breadcrumb\"},\"inLanguage\":\"fr-FR\",\"potentialAction\":[{\"@type\":\"ReadAction\",\"target\":[\"https:\\\/\\\/www.gold.fr\\\/news\\\/2014\\\/08\\\/21\\\/la-fed-diffuse-loptimisme-dans-les-marches\\\/\"]}]},{\"@type\":\"ImageObject\",\"inLanguage\":\"fr-FR\",\"@id\":\"https:\\\/\\\/www.gold.fr\\\/news\\\/2014\\\/08\\\/21\\\/la-fed-diffuse-loptimisme-dans-les-marches\\\/#primaryimage\",\"url\":\"https:\\\/\\\/www.gold.fr\\\/news\\\/wp-content\\\/uploads\\\/2011\\\/10\\\/78327213.jpg\",\"contentUrl\":\"https:\\\/\\\/www.gold.fr\\\/news\\\/wp-content\\\/uploads\\\/2011\\\/10\\\/78327213.jpg\",\"width\":\"600\",\"height\":\"429\",\"caption\":\"Un calendrier hebdomadaire tr\u00e8s charg\u00e9\"},{\"@type\":\"BreadcrumbList\",\"@id\":\"https:\\\/\\\/www.gold.fr\\\/news\\\/2014\\\/08\\\/21\\\/la-fed-diffuse-loptimisme-dans-les-marches\\\/#breadcrumb\",\"itemListElement\":[{\"@type\":\"ListItem\",\"position\":1,\"name\":\"Accueil\",\"item\":\"https:\\\/\\\/www.gold.fr\\\/\"},{\"@type\":\"ListItem\",\"position\":2,\"name\":\"Actualit\u00e9s\",\"item\":\"https:\\\/\\\/www.gold.fr\\\/news\\\/\"},{\"@type\":\"ListItem\",\"position\":3,\"name\":\"La FED diffuse l\u2019optimisme dans les march\u00e9s\"}]},{\"@type\":\"WebSite\",\"@id\":\"https:\\\/\\\/www.gold.fr\\\/news\\\/#website\",\"url\":\"https:\\\/\\\/www.gold.fr\\\/news\\\/\",\"name\":\"Gold.fr\",\"description\":\"Actualit\u00e9s de l&#039;Or et des m\u00e9taux pr\u00e9cieux\",\"potentialAction\":[{\"@type\":\"SearchAction\",\"target\":{\"@type\":\"EntryPoint\",\"urlTemplate\":\"https:\\\/\\\/www.gold.fr\\\/news\\\/?s={search_term_string}\"},\"query-input\":{\"@type\":\"PropertyValueSpecification\",\"valueRequired\":true,\"valueName\":\"search_term_string\"}}],\"inLanguage\":\"fr-FR\"},{\"@type\":\"Person\",\"@id\":\"https:\\\/\\\/www.gold.fr\\\/news\\\/#\\\/schema\\\/person\\\/070491b4b4fb7671bf59b3be20302ce9\",\"name\":\"Comptoir National de l'Or\",\"image\":{\"@type\":\"ImageObject\",\"inLanguage\":\"fr-FR\",\"@id\":\"https:\\\/\\\/secure.gravatar.com\\\/avatar\\\/0a2867fd5abe37bed95d5a65e9d58f01756e11efc68af9888dfc50cfa7f65948?s=96&d=mm&r=gb490554db0a38188709de567aa58480d\",\"url\":\"https:\\\/\\\/secure.gravatar.com\\\/avatar\\\/0a2867fd5abe37bed95d5a65e9d58f01756e11efc68af9888dfc50cfa7f65948?s=96&d=mm&r=g\",\"contentUrl\":\"https:\\\/\\\/secure.gravatar.com\\\/avatar\\\/0a2867fd5abe37bed95d5a65e9d58f01756e11efc68af9888dfc50cfa7f65948?s=96&d=mm&r=g\",\"caption\":\"Comptoir National de l'Or\"},\"description\":\"Notre r\u00e9daction est constitu\u00e9e de membres experts dans les m\u00e9tiers de l'\u00e9conomie et la gestion, des Responsables d'agence Comptoir National de l'Or, des analystes financiers qui publient r\u00e9guli\u00e8rement des \u00e9tudes sur les politiques des banques centrales, le cours de l'or, prix de l'or, cours de l'argent, prix de l'argent, cours du platine, cours du palladium,... la situation en zone euro et l'impact de la strat\u00e9gie mon\u00e9taire de la FED. Notre \u00e9quipe scrute \u00e9galement une information plus g\u00e9n\u00e9raliste \u00e0 la recherche d'actualit\u00e9 \\\"p\u00e9pite\\\" \u00e0 vous partager. Depuis 5 ans, nous avons publi\u00e9 un peu plus de 4000 articles qui s'adressent \u00e0 un public large et vari\u00e9 ayant pour objectif de satisfaire votre curiosit\u00e9 et de partager avec vous une certaine fascination pour le m\u00e9tal jaune, le rachat d'or, et pour ceux qui veulent investir dans l'or, vendre leur or tout simplement en savoir plus... Pour tous vos achat or et argent, n'h\u00e9sitez pas \u00e0 prendre rendez-vous dans l'un de nos nombreux comptoirs.\",\"sameAs\":[\"https:\\\/\\\/www.gold.fr\"]}]}<\/script>\n<!-- \/ Yoast SEO plugin. -->","yoast_head_json":{"title":"La FED diffuse l\u2019optimisme dans les march\u00e9s - Gold.fr","robots":{"index":"index","follow":"follow","max-snippet":"max-snippet:-1","max-image-preview":"max-image-preview:large","max-video-preview":"max-video-preview:-1"},"canonical":"https:\/\/www.gold.fr\/news\/2014\/08\/21\/la-fed-diffuse-loptimisme-dans-les-marches\/","og_locale":"fr_FR","og_type":"article","og_title":"La FED diffuse l\u2019optimisme dans les march\u00e9s - Gold.fr","og_description":"Certes, les \u2018minutes\u2019, tant anticip\u00e9es par l\u2019ensemble de la communaut\u00e9 \u00e9conomique mondiale, n\u2019ont pas r\u00e9ellement apport\u00e9 tous les \u00e9l\u00e9ments de r\u00e9ponses n\u00e9cessaires \u00e0 un apaisement total des march\u00e9s, mais le compte-rendu a tout de m\u00eame eu [&hellip;]","og_url":"https:\/\/www.gold.fr\/news\/2014\/08\/21\/la-fed-diffuse-loptimisme-dans-les-marches\/","og_site_name":"Gold.fr","article_publisher":"https:\/\/www.facebook.com\/Goldfr\/","article_published_time":"2014-08-21T15:00:18+00:00","article_modified_time":"2017-11-02T10:41:20+00:00","og_image":[{"width":600,"height":429,"url":"https:\/\/www.gold.fr\/news\/wp-content\/uploads\/2011\/10\/78327213.jpg","type":"image\/jpeg"}],"author":"Comptoir National de l'Or","twitter_card":"summary_large_image","twitter_misc":{"\u00c9crit par":"Comptoir National de l'Or","Dur\u00e9e de lecture estim\u00e9e":"1 minute"},"schema":{"@context":"https:\/\/schema.org","@graph":[{"@type":"Article","@id":"https:\/\/www.gold.fr\/news\/2014\/08\/21\/la-fed-diffuse-loptimisme-dans-les-marches\/#article","isPartOf":{"@id":"https:\/\/www.gold.fr\/news\/2014\/08\/21\/la-fed-diffuse-loptimisme-dans-les-marches\/"},"author":{"name":"Comptoir National de l'Or","@id":"https:\/\/www.gold.fr\/news\/#\/schema\/person\/070491b4b4fb7671bf59b3be20302ce9"},"headline":"La FED diffuse l\u2019optimisme dans les march\u00e9s","datePublished":"2014-08-21T15:00:18+00:00","dateModified":"2017-11-02T10:41:20+00:00","mainEntityOfPage":{"@id":"https:\/\/www.gold.fr\/news\/2014\/08\/21\/la-fed-diffuse-loptimisme-dans-les-marches\/"},"wordCount":281,"commentCount":0,"image":{"@id":"https:\/\/www.gold.fr\/news\/2014\/08\/21\/la-fed-diffuse-loptimisme-dans-les-marches\/#primaryimage"},"thumbnailUrl":"https:\/\/www.gold.fr\/news\/wp-content\/uploads\/2011\/10\/78327213.jpg","keywords":["FOMC","march\u00e9s financiers"],"articleSection":["Articles de presse"],"inLanguage":"fr-FR"},{"@type":"WebPage","@id":"https:\/\/www.gold.fr\/news\/2014\/08\/21\/la-fed-diffuse-loptimisme-dans-les-marches\/","url":"https:\/\/www.gold.fr\/news\/2014\/08\/21\/la-fed-diffuse-loptimisme-dans-les-marches\/","name":"La FED diffuse l\u2019optimisme dans les march\u00e9s - Gold.fr","isPartOf":{"@id":"https:\/\/www.gold.fr\/news\/#website"},"primaryImageOfPage":{"@id":"https:\/\/www.gold.fr\/news\/2014\/08\/21\/la-fed-diffuse-loptimisme-dans-les-marches\/#primaryimage"},"image":{"@id":"https:\/\/www.gold.fr\/news\/2014\/08\/21\/la-fed-diffuse-loptimisme-dans-les-marches\/#primaryimage"},"thumbnailUrl":"https:\/\/www.gold.fr\/news\/wp-content\/uploads\/2011\/10\/78327213.jpg","datePublished":"2014-08-21T15:00:18+00:00","dateModified":"2017-11-02T10:41:20+00:00","author":{"@id":"https:\/\/www.gold.fr\/news\/#\/schema\/person\/070491b4b4fb7671bf59b3be20302ce9"},"breadcrumb":{"@id":"https:\/\/www.gold.fr\/news\/2014\/08\/21\/la-fed-diffuse-loptimisme-dans-les-marches\/#breadcrumb"},"inLanguage":"fr-FR","potentialAction":[{"@type":"ReadAction","target":["https:\/\/www.gold.fr\/news\/2014\/08\/21\/la-fed-diffuse-loptimisme-dans-les-marches\/"]}]},{"@type":"ImageObject","inLanguage":"fr-FR","@id":"https:\/\/www.gold.fr\/news\/2014\/08\/21\/la-fed-diffuse-loptimisme-dans-les-marches\/#primaryimage","url":"https:\/\/www.gold.fr\/news\/wp-content\/uploads\/2011\/10\/78327213.jpg","contentUrl":"https:\/\/www.gold.fr\/news\/wp-content\/uploads\/2011\/10\/78327213.jpg","width":"600","height":"429","caption":"Un calendrier hebdomadaire tr\u00e8s charg\u00e9"},{"@type":"BreadcrumbList","@id":"https:\/\/www.gold.fr\/news\/2014\/08\/21\/la-fed-diffuse-loptimisme-dans-les-marches\/#breadcrumb","itemListElement":[{"@type":"ListItem","position":1,"name":"Accueil","item":"https:\/\/www.gold.fr\/"},{"@type":"ListItem","position":2,"name":"Actualit\u00e9s","item":"https:\/\/www.gold.fr\/news\/"},{"@type":"ListItem","position":3,"name":"La FED diffuse l\u2019optimisme dans les march\u00e9s"}]},{"@type":"WebSite","@id":"https:\/\/www.gold.fr\/news\/#website","url":"https:\/\/www.gold.fr\/news\/","name":"Gold.fr","description":"Actualit\u00e9s de l&#039;Or et des m\u00e9taux pr\u00e9cieux","potentialAction":[{"@type":"SearchAction","target":{"@type":"EntryPoint","urlTemplate":"https:\/\/www.gold.fr\/news\/?s={search_term_string}"},"query-input":{"@type":"PropertyValueSpecification","valueRequired":true,"valueName":"search_term_string"}}],"inLanguage":"fr-FR"},{"@type":"Person","@id":"https:\/\/www.gold.fr\/news\/#\/schema\/person\/070491b4b4fb7671bf59b3be20302ce9","name":"Comptoir National de l'Or","image":{"@type":"ImageObject","inLanguage":"fr-FR","@id":"https:\/\/secure.gravatar.com\/avatar\/0a2867fd5abe37bed95d5a65e9d58f01756e11efc68af9888dfc50cfa7f65948?s=96&d=mm&r=gb490554db0a38188709de567aa58480d","url":"https:\/\/secure.gravatar.com\/avatar\/0a2867fd5abe37bed95d5a65e9d58f01756e11efc68af9888dfc50cfa7f65948?s=96&d=mm&r=g","contentUrl":"https:\/\/secure.gravatar.com\/avatar\/0a2867fd5abe37bed95d5a65e9d58f01756e11efc68af9888dfc50cfa7f65948?s=96&d=mm&r=g","caption":"Comptoir National de l'Or"},"description":"Notre r\u00e9daction est constitu\u00e9e de membres experts dans les m\u00e9tiers de l'\u00e9conomie et la gestion, des Responsables d'agence Comptoir National de l'Or, des analystes financiers qui publient r\u00e9guli\u00e8rement des \u00e9tudes sur les politiques des banques centrales, le cours de l'or, prix de l'or, cours de l'argent, prix de l'argent, cours du platine, cours du palladium,... la situation en zone euro et l'impact de la strat\u00e9gie mon\u00e9taire de la FED. Notre \u00e9quipe scrute \u00e9galement une information plus g\u00e9n\u00e9raliste \u00e0 la recherche d'actualit\u00e9 \"p\u00e9pite\" \u00e0 vous partager. Depuis 5 ans, nous avons publi\u00e9 un peu plus de 4000 articles qui s'adressent \u00e0 un public large et vari\u00e9 ayant pour objectif de satisfaire votre curiosit\u00e9 et de partager avec vous une certaine fascination pour le m\u00e9tal jaune, le rachat d'or, et pour ceux qui veulent investir dans l'or, vendre leur or tout simplement en savoir plus... Pour tous vos achat or et argent, n'h\u00e9sitez pas \u00e0 prendre rendez-vous dans l'un de nos nombreux comptoirs.","sameAs":["https:\/\/www.gold.fr"]}]}},"authors":[{"term_id":2565,"user_id":18,"is_guest":0,"slug":"julie","display_name":"Comptoir National de l'Or","avatar_url":"https:\/\/secure.gravatar.com\/avatar\/713f289e398d35ead876c4a4cc08607f0d6d266058cfc25683fffb6092d0e572?s=96&d=mm&r=g","0":null,"1":"","2":"","3":"","4":"","5":"","6":"","7":"","8":""}],"_links":{"self":[{"href":"https:\/\/www.gold.fr\/news\/wp-json\/wp\/v2\/posts\/15382","targetHints":{"allow":["GET"]}}],"collection":[{"href":"https:\/\/www.gold.fr\/news\/wp-json\/wp\/v2\/posts"}],"about":[{"href":"https:\/\/www.gold.fr\/news\/wp-json\/wp\/v2\/types\/post"}],"author":[{"embeddable":true,"href":"https:\/\/www.gold.fr\/news\/wp-json\/wp\/v2\/users\/18"}],"replies":[{"embeddable":true,"href":"https:\/\/www.gold.fr\/news\/wp-json\/wp\/v2\/comments?post=15382"}],"version-history":[{"count":0,"href":"https:\/\/www.gold.fr\/news\/wp-json\/wp\/v2\/posts\/15382\/revisions"}],"wp:featuredmedia":[{"embeddable":true,"href":"https:\/\/www.gold.fr\/news\/wp-json\/wp\/v2\/media\/2965"}],"wp:attachment":[{"href":"https:\/\/www.gold.fr\/news\/wp-json\/wp\/v2\/media?parent=15382"}],"wp:term":[{"taxonomy":"category","embeddable":true,"href":"https:\/\/www.gold.fr\/news\/wp-json\/wp\/v2\/categories?post=15382"},{"taxonomy":"post_tag","embeddable":true,"href":"https:\/\/www.gold.fr\/news\/wp-json\/wp\/v2\/tags?post=15382"},{"taxonomy":"author","embeddable":true,"href":"https:\/\/www.gold.fr\/news\/wp-json\/wp\/v2\/ppma_author?post=15382"}],"curies":[{"name":"wp","href":"https:\/\/api.w.org\/{rel}","templated":true}]}}