{"id":15344,"date":"2014-08-15T17:00:54","date_gmt":"2014-08-15T15:00:54","guid":{"rendered":"https:\/\/www.gold.fr\/news\/?p=15344"},"modified":"2021-09-09T14:37:12","modified_gmt":"2021-09-09T12:37:12","slug":"la-stagnation-japonaise-va-t-elle-plomber-le-marche-aurifere","status":"publish","type":"post","link":"https:\/\/www.gold.fr\/news\/2014\/08\/15\/la-stagnation-japonaise-va-t-elle-plomber-le-marche-aurifere\/","title":{"rendered":"La stagnation japonaise va-t-elle plomber le march\u00e9 aurif\u00e8re ?"},"content":{"rendered":"<p><img loading=\"lazy\" decoding=\"async\" class=\"alignleft size-thumbnail wp-image-2846\" title=\"La stagnation japonaise va-t-elle plomber le march\u00e9 aurif\u00e8re ?\" src=\"https:\/\/www.gold.fr\/news\/wp-content\/uploads\/2018\/01\/japon-1.jpg\" alt=\"\" width=\"150\" height=\"150\" \/><span style=\"font-size: small;\">La s\u00e9rie noire asiatique continue et c&rsquo;est au tour du <strong>PIB japonais<\/strong> de faire la une des (mauvaises) nouvelles refl\u00e9tant une \u00e9conomie pour le moins stagnante. Et c&rsquo;est une forme de correction qui pourrait bien avoir un impact direct et d\u00e9favorable sur l&rsquo;\u00e9volution -d\u00e9j\u00e0 pr\u00e9caire, <a title=\"\u00c9volution estivale de l\u2019or : Les facteurs de stagnation 1\" href=\"https:\/\/www.gold.fr\/news\/2014\/08\/04\/evolution-estivale-de-lor-les-facteurs-de-stagnation-1\/15275\/\" target=\"_blank\" rel=\"noopener\">depuis le d\u00e9but de la saison estivale- du march\u00e9 aurif\u00e8re<\/a>.<\/span> <span style=\"font-size: small;\"> D&rsquo;apr\u00e8s une r\u00e9cente estimation pr\u00e9liminaire et officielle du gouvernement japonais, le <strong>PIB<\/strong> du pays aurait chut\u00e9 de l&rsquo;ordre de<strong> 1,7%<\/strong>, durant le deuxi\u00e8me trimestre <strong>2014<\/strong>, par rapport au premier (<strong>-6,8%<\/strong> en rythme annualis\u00e9). Ce volet aurait \u00e9t\u00e9, selon les experts, \u00ab <em>p\u00e9nalis\u00e9 par l&rsquo;effet TVA<\/em> \u00bb. Rappelons en effet que le PIB avait enregistr\u00e9 une belle performance, durant le premier trimestre, marquant une croissance positive de l&rsquo;ordre de <strong>1,5%<\/strong>, mais aurait \u00e9t\u00e9 largement plomb\u00e9, durant les trois mois suivants, par \u00ab <em>une rechute de 5% de la consommation priv\u00e9e<\/em> \u00bb. Du coup, les observateurs estiment qu&rsquo;il \u00ab<em> s&rsquo;agit l\u00e0 du contrecoup de d\u00e9penses de consommation que les m\u00e9nages avaient concentr\u00e9es en d\u00e9but d&rsquo;ann\u00e9e, avant l&rsquo;entr\u00e9e en vigueur de la hausse de la TVA au 1er avril<\/em> \u00bb.<\/span> <span style=\"font-size: small;\"> Mais d&rsquo;autres facteurs ont \u00e9galement contribu\u00e9 \u00e0 cette performance n\u00e9gative, tel que le repli relatif de l&rsquo;investissement priv\u00e9 r\u00e9sidentiel (<strong>-10,3%<\/strong>) et non r\u00e9sidentiel (<strong>-2,5%<\/strong>).<\/span> <span style=\"font-size: small;\"> Toujours est-il que les sp\u00e9culations vont bon train concernant l&rsquo;aptitude du march\u00e9 aurif\u00e8re \u00e0 r\u00e9sister \u00e0 ce nouveau courant baissier en provenance de l&rsquo;un des plus importants consommateurs mondiaux de <a class=\"esk-seo-plu-link\" href=\"https:\/\/www.gold.fr\/news\/tags\/or\">m\u00e9tal jaune<\/a>.<\/span><\/p>\n<!-- AddThis Advanced Settings generic via filter on the_content --><!-- AddThis Share Buttons generic via filter on the_content -->","protected":false},"excerpt":{"rendered":"<p>La s\u00e9rie noire asiatique continue et c&rsquo;est au tour du PIB japonais de faire la une des (mauvaises) nouvelles refl\u00e9tant une \u00e9conomie pour le moins stagnante. Et c&rsquo;est une forme de correction qui pourrait bien avoir [&hellip;]<\/p>\n","protected":false},"author":18,"featured_media":29070,"comment_status":"closed","ping_status":"closed","sticky":false,"template":"","format":"standard","meta":{"_mbp_gutenberg_autopost":false,"_pgmb_is_evergreen":false,"_pgmb_ap_template_id":0,"footnotes":""},"categories":[6],"tags":[631,1047,1198],"ppma_author":[2565],"class_list":["post-15344","post","type-post","status-publish","format-standard","has-post-thumbnail","hentry","category-articles-de-presse","tag-japon","tag-marche-aurifere","tag-stagnation"],"yoast_head":"<!-- This site is optimized with the Yoast SEO plugin v27.5 - https:\/\/yoast.com\/product\/yoast-seo-wordpress\/ -->\n<title>La stagnation japonaise va-t-elle plomber le march\u00e9 aurif\u00e8re ? - Gold.fr<\/title>\n<meta name=\"robots\" content=\"index, follow, max-snippet:-1, max-image-preview:large, max-video-preview:-1\" \/>\n<link rel=\"canonical\" href=\"https:\/\/www.gold.fr\/news\/2014\/08\/15\/la-stagnation-japonaise-va-t-elle-plomber-le-marche-aurifere\/\" \/>\n<meta property=\"og:locale\" content=\"fr_FR\" \/>\n<meta property=\"og:type\" content=\"article\" \/>\n<meta property=\"og:title\" content=\"La stagnation japonaise va-t-elle plomber le march\u00e9 aurif\u00e8re ? - Gold.fr\" \/>\n<meta property=\"og:description\" content=\"La s\u00e9rie noire asiatique continue et c&rsquo;est au tour du PIB japonais de faire la une des (mauvaises) nouvelles refl\u00e9tant une \u00e9conomie pour le moins stagnante. Et c&rsquo;est une forme de correction qui pourrait bien avoir [&hellip;]\" \/>\n<meta property=\"og:url\" content=\"https:\/\/www.gold.fr\/news\/2014\/08\/15\/la-stagnation-japonaise-va-t-elle-plomber-le-marche-aurifere\/\" \/>\n<meta property=\"og:site_name\" content=\"Gold.fr\" \/>\n<meta property=\"article:publisher\" content=\"https:\/\/www.facebook.com\/Goldfr\/\" \/>\n<meta property=\"article:published_time\" content=\"2014-08-15T15:00:54+00:00\" \/>\n<meta property=\"article:modified_time\" content=\"2021-09-09T12:37:12+00:00\" \/>\n<meta property=\"og:image\" content=\"https:\/\/www.gold.fr\/news\/wp-content\/uploads\/2018\/01\/japon-1.jpg\" \/>\n\t<meta property=\"og:image:width\" content=\"300\" \/>\n\t<meta property=\"og:image:height\" content=\"165\" \/>\n\t<meta property=\"og:image:type\" content=\"image\/jpeg\" \/>\n<meta name=\"author\" content=\"Comptoir National de l&#039;Or\" \/>\n<meta name=\"twitter:card\" content=\"summary_large_image\" \/>\n<meta name=\"twitter:label1\" content=\"\u00c9crit par\" \/>\n\t<meta name=\"twitter:data1\" content=\"Comptoir National de l&#039;Or\" \/>\n\t<meta name=\"twitter:label2\" content=\"Dur\u00e9e de lecture estim\u00e9e\" \/>\n\t<meta name=\"twitter:data2\" content=\"1 minute\" \/>\n<script type=\"application\/ld+json\" class=\"yoast-schema-graph\">{\"@context\":\"https:\\\/\\\/schema.org\",\"@graph\":[{\"@type\":\"Article\",\"@id\":\"https:\\\/\\\/www.gold.fr\\\/news\\\/2014\\\/08\\\/15\\\/la-stagnation-japonaise-va-t-elle-plomber-le-marche-aurifere\\\/#article\",\"isPartOf\":{\"@id\":\"https:\\\/\\\/www.gold.fr\\\/news\\\/2014\\\/08\\\/15\\\/la-stagnation-japonaise-va-t-elle-plomber-le-marche-aurifere\\\/\"},\"author\":{\"name\":\"Comptoir National de l'Or\",\"@id\":\"https:\\\/\\\/www.gold.fr\\\/news\\\/#\\\/schema\\\/person\\\/070491b4b4fb7671bf59b3be20302ce9\"},\"headline\":\"La stagnation japonaise va-t-elle plomber le march\u00e9 aurif\u00e8re ?\",\"datePublished\":\"2014-08-15T15:00:54+00:00\",\"dateModified\":\"2021-09-09T12:37:12+00:00\",\"mainEntityOfPage\":{\"@id\":\"https:\\\/\\\/www.gold.fr\\\/news\\\/2014\\\/08\\\/15\\\/la-stagnation-japonaise-va-t-elle-plomber-le-marche-aurifere\\\/\"},\"wordCount\":275,\"image\":{\"@id\":\"https:\\\/\\\/www.gold.fr\\\/news\\\/2014\\\/08\\\/15\\\/la-stagnation-japonaise-va-t-elle-plomber-le-marche-aurifere\\\/#primaryimage\"},\"thumbnailUrl\":\"https:\\\/\\\/www.gold.fr\\\/news\\\/wp-content\\\/uploads\\\/2018\\\/01\\\/japon-1.jpg\",\"keywords\":[\"Japon\",\"march\u00e9 aurif\u00e8re\",\"stagnation\"],\"articleSection\":[\"Articles de presse\"],\"inLanguage\":\"fr-FR\"},{\"@type\":\"WebPage\",\"@id\":\"https:\\\/\\\/www.gold.fr\\\/news\\\/2014\\\/08\\\/15\\\/la-stagnation-japonaise-va-t-elle-plomber-le-marche-aurifere\\\/\",\"url\":\"https:\\\/\\\/www.gold.fr\\\/news\\\/2014\\\/08\\\/15\\\/la-stagnation-japonaise-va-t-elle-plomber-le-marche-aurifere\\\/\",\"name\":\"La stagnation japonaise va-t-elle plomber le march\u00e9 aurif\u00e8re ? - Gold.fr\",\"isPartOf\":{\"@id\":\"https:\\\/\\\/www.gold.fr\\\/news\\\/#website\"},\"primaryImageOfPage\":{\"@id\":\"https:\\\/\\\/www.gold.fr\\\/news\\\/2014\\\/08\\\/15\\\/la-stagnation-japonaise-va-t-elle-plomber-le-marche-aurifere\\\/#primaryimage\"},\"image\":{\"@id\":\"https:\\\/\\\/www.gold.fr\\\/news\\\/2014\\\/08\\\/15\\\/la-stagnation-japonaise-va-t-elle-plomber-le-marche-aurifere\\\/#primaryimage\"},\"thumbnailUrl\":\"https:\\\/\\\/www.gold.fr\\\/news\\\/wp-content\\\/uploads\\\/2018\\\/01\\\/japon-1.jpg\",\"datePublished\":\"2014-08-15T15:00:54+00:00\",\"dateModified\":\"2021-09-09T12:37:12+00:00\",\"author\":{\"@id\":\"https:\\\/\\\/www.gold.fr\\\/news\\\/#\\\/schema\\\/person\\\/070491b4b4fb7671bf59b3be20302ce9\"},\"breadcrumb\":{\"@id\":\"https:\\\/\\\/www.gold.fr\\\/news\\\/2014\\\/08\\\/15\\\/la-stagnation-japonaise-va-t-elle-plomber-le-marche-aurifere\\\/#breadcrumb\"},\"inLanguage\":\"fr-FR\",\"potentialAction\":[{\"@type\":\"ReadAction\",\"target\":[\"https:\\\/\\\/www.gold.fr\\\/news\\\/2014\\\/08\\\/15\\\/la-stagnation-japonaise-va-t-elle-plomber-le-marche-aurifere\\\/\"]}]},{\"@type\":\"ImageObject\",\"inLanguage\":\"fr-FR\",\"@id\":\"https:\\\/\\\/www.gold.fr\\\/news\\\/2014\\\/08\\\/15\\\/la-stagnation-japonaise-va-t-elle-plomber-le-marche-aurifere\\\/#primaryimage\",\"url\":\"https:\\\/\\\/www.gold.fr\\\/news\\\/wp-content\\\/uploads\\\/2018\\\/01\\\/japon-1.jpg\",\"contentUrl\":\"https:\\\/\\\/www.gold.fr\\\/news\\\/wp-content\\\/uploads\\\/2018\\\/01\\\/japon-1.jpg\",\"width\":300,\"height\":165,\"caption\":\"Tour du monde de l\u2019or : le Japon et le probl\u00e8me de la dette publique\"},{\"@type\":\"BreadcrumbList\",\"@id\":\"https:\\\/\\\/www.gold.fr\\\/news\\\/2014\\\/08\\\/15\\\/la-stagnation-japonaise-va-t-elle-plomber-le-marche-aurifere\\\/#breadcrumb\",\"itemListElement\":[{\"@type\":\"ListItem\",\"position\":1,\"name\":\"Accueil\",\"item\":\"https:\\\/\\\/www.gold.fr\\\/\"},{\"@type\":\"ListItem\",\"position\":2,\"name\":\"Actualit\u00e9s\",\"item\":\"https:\\\/\\\/www.gold.fr\\\/news\\\/\"},{\"@type\":\"ListItem\",\"position\":3,\"name\":\"La stagnation japonaise va-t-elle plomber le march\u00e9 aurif\u00e8re ?\"}]},{\"@type\":\"WebSite\",\"@id\":\"https:\\\/\\\/www.gold.fr\\\/news\\\/#website\",\"url\":\"https:\\\/\\\/www.gold.fr\\\/news\\\/\",\"name\":\"Gold.fr\",\"description\":\"Actualit\u00e9s de l&#039;Or et des m\u00e9taux pr\u00e9cieux\",\"potentialAction\":[{\"@type\":\"SearchAction\",\"target\":{\"@type\":\"EntryPoint\",\"urlTemplate\":\"https:\\\/\\\/www.gold.fr\\\/news\\\/?s={search_term_string}\"},\"query-input\":{\"@type\":\"PropertyValueSpecification\",\"valueRequired\":true,\"valueName\":\"search_term_string\"}}],\"inLanguage\":\"fr-FR\"},{\"@type\":\"Person\",\"@id\":\"https:\\\/\\\/www.gold.fr\\\/news\\\/#\\\/schema\\\/person\\\/070491b4b4fb7671bf59b3be20302ce9\",\"name\":\"Comptoir National de l'Or\",\"image\":{\"@type\":\"ImageObject\",\"inLanguage\":\"fr-FR\",\"@id\":\"https:\\\/\\\/secure.gravatar.com\\\/avatar\\\/0a2867fd5abe37bed95d5a65e9d58f01756e11efc68af9888dfc50cfa7f65948?s=96&d=mm&r=gb490554db0a38188709de567aa58480d\",\"url\":\"https:\\\/\\\/secure.gravatar.com\\\/avatar\\\/0a2867fd5abe37bed95d5a65e9d58f01756e11efc68af9888dfc50cfa7f65948?s=96&d=mm&r=g\",\"contentUrl\":\"https:\\\/\\\/secure.gravatar.com\\\/avatar\\\/0a2867fd5abe37bed95d5a65e9d58f01756e11efc68af9888dfc50cfa7f65948?s=96&d=mm&r=g\",\"caption\":\"Comptoir National de l'Or\"},\"description\":\"Notre r\u00e9daction est constitu\u00e9e de membres experts dans les m\u00e9tiers de l'\u00e9conomie et la gestion, des Responsables d'agence Comptoir National de l'Or, des analystes financiers qui publient r\u00e9guli\u00e8rement des \u00e9tudes sur les politiques des banques centrales, le cours de l'or, prix de l'or, cours de l'argent, prix de l'argent, cours du platine, cours du palladium,... la situation en zone euro et l'impact de la strat\u00e9gie mon\u00e9taire de la FED. Notre \u00e9quipe scrute \u00e9galement une information plus g\u00e9n\u00e9raliste \u00e0 la recherche d'actualit\u00e9 \\\"p\u00e9pite\\\" \u00e0 vous partager. Depuis 5 ans, nous avons publi\u00e9 un peu plus de 4000 articles qui s'adressent \u00e0 un public large et vari\u00e9 ayant pour objectif de satisfaire votre curiosit\u00e9 et de partager avec vous une certaine fascination pour le m\u00e9tal jaune, le rachat d'or, et pour ceux qui veulent investir dans l'or, vendre leur or tout simplement en savoir plus... Pour tous vos achat or et argent, n'h\u00e9sitez pas \u00e0 prendre rendez-vous dans l'un de nos nombreux comptoirs.\",\"sameAs\":[\"https:\\\/\\\/www.gold.fr\"]}]}<\/script>\n<!-- \/ Yoast SEO plugin. -->","yoast_head_json":{"title":"La stagnation japonaise va-t-elle plomber le march\u00e9 aurif\u00e8re ? - Gold.fr","robots":{"index":"index","follow":"follow","max-snippet":"max-snippet:-1","max-image-preview":"max-image-preview:large","max-video-preview":"max-video-preview:-1"},"canonical":"https:\/\/www.gold.fr\/news\/2014\/08\/15\/la-stagnation-japonaise-va-t-elle-plomber-le-marche-aurifere\/","og_locale":"fr_FR","og_type":"article","og_title":"La stagnation japonaise va-t-elle plomber le march\u00e9 aurif\u00e8re ? - Gold.fr","og_description":"La s\u00e9rie noire asiatique continue et c&rsquo;est au tour du PIB japonais de faire la une des (mauvaises) nouvelles refl\u00e9tant une \u00e9conomie pour le moins stagnante. Et c&rsquo;est une forme de correction qui pourrait bien avoir [&hellip;]","og_url":"https:\/\/www.gold.fr\/news\/2014\/08\/15\/la-stagnation-japonaise-va-t-elle-plomber-le-marche-aurifere\/","og_site_name":"Gold.fr","article_publisher":"https:\/\/www.facebook.com\/Goldfr\/","article_published_time":"2014-08-15T15:00:54+00:00","article_modified_time":"2021-09-09T12:37:12+00:00","og_image":[{"width":300,"height":165,"url":"https:\/\/www.gold.fr\/news\/wp-content\/uploads\/2018\/01\/japon-1.jpg","type":"image\/jpeg"}],"author":"Comptoir National de l'Or","twitter_card":"summary_large_image","twitter_misc":{"\u00c9crit par":"Comptoir National de l'Or","Dur\u00e9e de lecture estim\u00e9e":"1 minute"},"schema":{"@context":"https:\/\/schema.org","@graph":[{"@type":"Article","@id":"https:\/\/www.gold.fr\/news\/2014\/08\/15\/la-stagnation-japonaise-va-t-elle-plomber-le-marche-aurifere\/#article","isPartOf":{"@id":"https:\/\/www.gold.fr\/news\/2014\/08\/15\/la-stagnation-japonaise-va-t-elle-plomber-le-marche-aurifere\/"},"author":{"name":"Comptoir National de l'Or","@id":"https:\/\/www.gold.fr\/news\/#\/schema\/person\/070491b4b4fb7671bf59b3be20302ce9"},"headline":"La stagnation japonaise va-t-elle plomber le march\u00e9 aurif\u00e8re ?","datePublished":"2014-08-15T15:00:54+00:00","dateModified":"2021-09-09T12:37:12+00:00","mainEntityOfPage":{"@id":"https:\/\/www.gold.fr\/news\/2014\/08\/15\/la-stagnation-japonaise-va-t-elle-plomber-le-marche-aurifere\/"},"wordCount":275,"image":{"@id":"https:\/\/www.gold.fr\/news\/2014\/08\/15\/la-stagnation-japonaise-va-t-elle-plomber-le-marche-aurifere\/#primaryimage"},"thumbnailUrl":"https:\/\/www.gold.fr\/news\/wp-content\/uploads\/2018\/01\/japon-1.jpg","keywords":["Japon","march\u00e9 aurif\u00e8re","stagnation"],"articleSection":["Articles de presse"],"inLanguage":"fr-FR"},{"@type":"WebPage","@id":"https:\/\/www.gold.fr\/news\/2014\/08\/15\/la-stagnation-japonaise-va-t-elle-plomber-le-marche-aurifere\/","url":"https:\/\/www.gold.fr\/news\/2014\/08\/15\/la-stagnation-japonaise-va-t-elle-plomber-le-marche-aurifere\/","name":"La stagnation japonaise va-t-elle plomber le march\u00e9 aurif\u00e8re ? - Gold.fr","isPartOf":{"@id":"https:\/\/www.gold.fr\/news\/#website"},"primaryImageOfPage":{"@id":"https:\/\/www.gold.fr\/news\/2014\/08\/15\/la-stagnation-japonaise-va-t-elle-plomber-le-marche-aurifere\/#primaryimage"},"image":{"@id":"https:\/\/www.gold.fr\/news\/2014\/08\/15\/la-stagnation-japonaise-va-t-elle-plomber-le-marche-aurifere\/#primaryimage"},"thumbnailUrl":"https:\/\/www.gold.fr\/news\/wp-content\/uploads\/2018\/01\/japon-1.jpg","datePublished":"2014-08-15T15:00:54+00:00","dateModified":"2021-09-09T12:37:12+00:00","author":{"@id":"https:\/\/www.gold.fr\/news\/#\/schema\/person\/070491b4b4fb7671bf59b3be20302ce9"},"breadcrumb":{"@id":"https:\/\/www.gold.fr\/news\/2014\/08\/15\/la-stagnation-japonaise-va-t-elle-plomber-le-marche-aurifere\/#breadcrumb"},"inLanguage":"fr-FR","potentialAction":[{"@type":"ReadAction","target":["https:\/\/www.gold.fr\/news\/2014\/08\/15\/la-stagnation-japonaise-va-t-elle-plomber-le-marche-aurifere\/"]}]},{"@type":"ImageObject","inLanguage":"fr-FR","@id":"https:\/\/www.gold.fr\/news\/2014\/08\/15\/la-stagnation-japonaise-va-t-elle-plomber-le-marche-aurifere\/#primaryimage","url":"https:\/\/www.gold.fr\/news\/wp-content\/uploads\/2018\/01\/japon-1.jpg","contentUrl":"https:\/\/www.gold.fr\/news\/wp-content\/uploads\/2018\/01\/japon-1.jpg","width":300,"height":165,"caption":"Tour du monde de l\u2019or : le Japon et le probl\u00e8me de la dette publique"},{"@type":"BreadcrumbList","@id":"https:\/\/www.gold.fr\/news\/2014\/08\/15\/la-stagnation-japonaise-va-t-elle-plomber-le-marche-aurifere\/#breadcrumb","itemListElement":[{"@type":"ListItem","position":1,"name":"Accueil","item":"https:\/\/www.gold.fr\/"},{"@type":"ListItem","position":2,"name":"Actualit\u00e9s","item":"https:\/\/www.gold.fr\/news\/"},{"@type":"ListItem","position":3,"name":"La stagnation japonaise va-t-elle plomber le march\u00e9 aurif\u00e8re ?"}]},{"@type":"WebSite","@id":"https:\/\/www.gold.fr\/news\/#website","url":"https:\/\/www.gold.fr\/news\/","name":"Gold.fr","description":"Actualit\u00e9s de l&#039;Or et des m\u00e9taux pr\u00e9cieux","potentialAction":[{"@type":"SearchAction","target":{"@type":"EntryPoint","urlTemplate":"https:\/\/www.gold.fr\/news\/?s={search_term_string}"},"query-input":{"@type":"PropertyValueSpecification","valueRequired":true,"valueName":"search_term_string"}}],"inLanguage":"fr-FR"},{"@type":"Person","@id":"https:\/\/www.gold.fr\/news\/#\/schema\/person\/070491b4b4fb7671bf59b3be20302ce9","name":"Comptoir National de l'Or","image":{"@type":"ImageObject","inLanguage":"fr-FR","@id":"https:\/\/secure.gravatar.com\/avatar\/0a2867fd5abe37bed95d5a65e9d58f01756e11efc68af9888dfc50cfa7f65948?s=96&d=mm&r=gb490554db0a38188709de567aa58480d","url":"https:\/\/secure.gravatar.com\/avatar\/0a2867fd5abe37bed95d5a65e9d58f01756e11efc68af9888dfc50cfa7f65948?s=96&d=mm&r=g","contentUrl":"https:\/\/secure.gravatar.com\/avatar\/0a2867fd5abe37bed95d5a65e9d58f01756e11efc68af9888dfc50cfa7f65948?s=96&d=mm&r=g","caption":"Comptoir National de l'Or"},"description":"Notre r\u00e9daction est constitu\u00e9e de membres experts dans les m\u00e9tiers de l'\u00e9conomie et la gestion, des Responsables d'agence Comptoir National de l'Or, des analystes financiers qui publient r\u00e9guli\u00e8rement des \u00e9tudes sur les politiques des banques centrales, le cours de l'or, prix de l'or, cours de l'argent, prix de l'argent, cours du platine, cours du palladium,... la situation en zone euro et l'impact de la strat\u00e9gie mon\u00e9taire de la FED. Notre \u00e9quipe scrute \u00e9galement une information plus g\u00e9n\u00e9raliste \u00e0 la recherche d'actualit\u00e9 \"p\u00e9pite\" \u00e0 vous partager. Depuis 5 ans, nous avons publi\u00e9 un peu plus de 4000 articles qui s'adressent \u00e0 un public large et vari\u00e9 ayant pour objectif de satisfaire votre curiosit\u00e9 et de partager avec vous une certaine fascination pour le m\u00e9tal jaune, le rachat d'or, et pour ceux qui veulent investir dans l'or, vendre leur or tout simplement en savoir plus... Pour tous vos achat or et argent, n'h\u00e9sitez pas \u00e0 prendre rendez-vous dans l'un de nos nombreux comptoirs.","sameAs":["https:\/\/www.gold.fr"]}]}},"authors":[{"term_id":2565,"user_id":18,"is_guest":0,"slug":"julie","display_name":"Comptoir National de l'Or","avatar_url":"https:\/\/secure.gravatar.com\/avatar\/713f289e398d35ead876c4a4cc08607f0d6d266058cfc25683fffb6092d0e572?s=96&d=mm&r=g","0":null,"1":"","2":"","3":"","4":"","5":"","6":"","7":"","8":""}],"_links":{"self":[{"href":"https:\/\/www.gold.fr\/news\/wp-json\/wp\/v2\/posts\/15344","targetHints":{"allow":["GET"]}}],"collection":[{"href":"https:\/\/www.gold.fr\/news\/wp-json\/wp\/v2\/posts"}],"about":[{"href":"https:\/\/www.gold.fr\/news\/wp-json\/wp\/v2\/types\/post"}],"author":[{"embeddable":true,"href":"https:\/\/www.gold.fr\/news\/wp-json\/wp\/v2\/users\/18"}],"replies":[{"embeddable":true,"href":"https:\/\/www.gold.fr\/news\/wp-json\/wp\/v2\/comments?post=15344"}],"version-history":[{"count":0,"href":"https:\/\/www.gold.fr\/news\/wp-json\/wp\/v2\/posts\/15344\/revisions"}],"wp:featuredmedia":[{"embeddable":true,"href":"https:\/\/www.gold.fr\/news\/wp-json\/wp\/v2\/media\/29070"}],"wp:attachment":[{"href":"https:\/\/www.gold.fr\/news\/wp-json\/wp\/v2\/media?parent=15344"}],"wp:term":[{"taxonomy":"category","embeddable":true,"href":"https:\/\/www.gold.fr\/news\/wp-json\/wp\/v2\/categories?post=15344"},{"taxonomy":"post_tag","embeddable":true,"href":"https:\/\/www.gold.fr\/news\/wp-json\/wp\/v2\/tags?post=15344"},{"taxonomy":"author","embeddable":true,"href":"https:\/\/www.gold.fr\/news\/wp-json\/wp\/v2\/ppma_author?post=15344"}],"curies":[{"name":"wp","href":"https:\/\/api.w.org\/{rel}","templated":true}]}}