{"id":15318,"date":"2014-08-12T09:00:57","date_gmt":"2014-08-12T07:00:57","guid":{"rendered":"https:\/\/www.gold.fr\/news\/?p=15318"},"modified":"2017-11-02T11:31:24","modified_gmt":"2017-11-02T10:31:24","slug":"lor-continue-a-surfer-sur-la-vague-de-la-hausse","status":"publish","type":"post","link":"https:\/\/www.gold.fr\/news\/2014\/08\/12\/lor-continue-a-surfer-sur-la-vague-de-la-hausse\/","title":{"rendered":"L\u2019or continue \u00e0 surfer sur la vague de la hausse"},"content":{"rendered":"<p><img loading=\"lazy\" decoding=\"async\" class=\"alignleft size-thumbnail wp-image-444\" title=\"L\u2019or continue \u00e0 surfer sur la vague de la hausse\" src=\"https:\/\/www.gold.fr\/news\/wp-content\/uploads\/2011\/07\/1-150x150.jpg\" alt=\"\" width=\"150\" height=\"150\" \/><span style=\"font-size: small;\">Profitant du retour des tensions g\u00e9opolitiques (notamment en Ukraine\/Russie), le march\u00e9 aurif\u00e8re avait entam\u00e9, depuis la fin de la semaine derni\u00e8re, un tournant haussier qu&rsquo;il continue \u00e0 maintenir, <a title=\"L\u2019or toujours en hausse\" href=\"https:\/\/www.gold.fr\/news\/2014\/08\/11\/lor-toujours-en-hausse\/15314\/\" target=\"_blank\">m\u00eame s\u2019il ne s\u2019\u00e9loigne pas encore suffisamment du palier<\/a> des<strong> 1 300 dollars<\/strong> pour assurer ses arri\u00e8res.<\/span>    <span style=\"font-size: small;\"> Et c&rsquo;est une assurance dont il aura grand besoin, avec la d\u00e9sescalade de bon nombre des crises g\u00e9opolitiques mondiales. Chez <strong>Saxo Banque<\/strong>, on nuance en rappelant que l&rsquo;<a href='https:\/\/www.gold.fr\/news\/tags\/or' class='esk-seo-plu-link'>or<\/a> s&rsquo;\u00e9change actuellement \u00ab<em> proche de son plus haut niveau au cours des trois derni\u00e8res semaines et pourrait mettre fin \u00e0 la plus longue s\u00e9rie de perte hebdomadaire depuis septembre \u00e0 cause des troubles au Moyen-Orient et des tensions autour de la crise g\u00e9opolitique en Ukraine<\/em> \u00bb. Une analyse soutenue par l&rsquo;opinion de <strong>Commerzbank<\/strong> selon laquelle \u00ab <em>l&rsquo;aversion au risque des acteurs de march\u00e9 n&rsquo;en est que plus forte<\/em> \u00bb.<\/span>    <span style=\"font-size: small;\"> Pourtant, <strong>Stan Shamu<\/strong>, strat\u00e8ge du groupe <strong>IG<\/strong>, rappelle surtout que, avec le retour du calme \u2013pr\u00e9caire, certes, mais confirm\u00e9-, \u00ab<em> les investisseurs accueillent avec soulagement la retomb\u00e9e du risque g\u00e9opolitique<\/em> \u00bb, soulignant notamment que, depuis vendredi dernier, \u00ab <em>tout indique que la Russie semble opter pour une d\u00e9sescalade dans le conflit ukrainien <\/em>\u00bb, d&rsquo;autant plus que Washington ne compte pas \u00ab <em>d\u00e9ployer de troupes en sol en Irak et un nouveau cessez-le-feu a \u00e9t\u00e9 d\u00e9clar\u00e9 entre le Hamas et Isra\u00ebl. Reste \u00e0 savoir si ce dernier va durer <\/em>\u00bb.<\/span><\/p>\n<!-- AddThis Advanced Settings generic via filter on the_content --><!-- AddThis Share Buttons generic via filter on the_content -->","protected":false},"excerpt":{"rendered":"<p>Profitant du retour des tensions g\u00e9opolitiques (notamment en Ukraine\/Russie), le march\u00e9 aurif\u00e8re avait entam\u00e9, depuis la fin de la semaine derni\u00e8re, un tournant haussier qu&rsquo;il continue \u00e0 maintenir, m\u00eame s\u2019il ne s\u2019\u00e9loigne pas encore suffisamment du [&hellip;]<\/p>\n","protected":false},"author":18,"featured_media":0,"comment_status":"open","ping_status":"open","sticky":false,"template":"","format":"standard","meta":{"_mbp_gutenberg_autopost":false,"_pgmb_is_evergreen":false,"_pgmb_ap_template_id":0,"footnotes":""},"categories":[6],"tags":[961,1045,1047,1499],"ppma_author":[2565],"class_list":["post-15318","post","type-post","status-publish","format-standard","hentry","category-articles-de-presse","tag-cours-or","tag-hausse-or","tag-marche-aurifere","tag-tensions-geopolitiques"],"yoast_head":"<!-- This site is optimized with the Yoast SEO plugin v27.5 - https:\/\/yoast.com\/product\/yoast-seo-wordpress\/ -->\n<title>L\u2019or continue \u00e0 surfer sur la vague de la hausse - Gold.fr<\/title>\n<meta name=\"robots\" content=\"index, follow, max-snippet:-1, max-image-preview:large, max-video-preview:-1\" \/>\n<link rel=\"canonical\" href=\"https:\/\/www.gold.fr\/news\/2014\/08\/12\/lor-continue-a-surfer-sur-la-vague-de-la-hausse\/\" \/>\n<meta property=\"og:locale\" content=\"fr_FR\" \/>\n<meta property=\"og:type\" content=\"article\" \/>\n<meta property=\"og:title\" content=\"L\u2019or continue \u00e0 surfer sur la vague de la hausse - Gold.fr\" \/>\n<meta property=\"og:description\" content=\"Profitant du retour des tensions g\u00e9opolitiques (notamment en Ukraine\/Russie), le march\u00e9 aurif\u00e8re avait entam\u00e9, depuis la fin de la semaine derni\u00e8re, un tournant haussier qu&rsquo;il continue \u00e0 maintenir, m\u00eame s\u2019il ne s\u2019\u00e9loigne pas encore suffisamment du [&hellip;]\" \/>\n<meta property=\"og:url\" content=\"https:\/\/www.gold.fr\/news\/2014\/08\/12\/lor-continue-a-surfer-sur-la-vague-de-la-hausse\/\" \/>\n<meta property=\"og:site_name\" content=\"Gold.fr\" \/>\n<meta property=\"article:publisher\" content=\"https:\/\/www.facebook.com\/Goldfr\/\" \/>\n<meta property=\"article:published_time\" content=\"2014-08-12T07:00:57+00:00\" \/>\n<meta property=\"article:modified_time\" content=\"2017-11-02T10:31:24+00:00\" \/>\n<meta property=\"og:image\" content=\"https:\/\/www.gold.fr\/news\/wp-content\/uploads\/2011\/07\/1-150x150.jpg\" \/>\n<meta name=\"author\" content=\"Comptoir National de l&#039;Or\" \/>\n<meta name=\"twitter:card\" content=\"summary_large_image\" \/>\n<meta name=\"twitter:label1\" content=\"\u00c9crit par\" \/>\n\t<meta name=\"twitter:data1\" content=\"Comptoir National de l&#039;Or\" \/>\n\t<meta name=\"twitter:label2\" content=\"Dur\u00e9e de lecture estim\u00e9e\" \/>\n\t<meta name=\"twitter:data2\" content=\"1 minute\" \/>\n<script type=\"application\/ld+json\" class=\"yoast-schema-graph\">{\"@context\":\"https:\\\/\\\/schema.org\",\"@graph\":[{\"@type\":\"Article\",\"@id\":\"https:\\\/\\\/www.gold.fr\\\/news\\\/2014\\\/08\\\/12\\\/lor-continue-a-surfer-sur-la-vague-de-la-hausse\\\/#article\",\"isPartOf\":{\"@id\":\"https:\\\/\\\/www.gold.fr\\\/news\\\/2014\\\/08\\\/12\\\/lor-continue-a-surfer-sur-la-vague-de-la-hausse\\\/\"},\"author\":{\"name\":\"Comptoir National de l'Or\",\"@id\":\"https:\\\/\\\/www.gold.fr\\\/news\\\/#\\\/schema\\\/person\\\/070491b4b4fb7671bf59b3be20302ce9\"},\"headline\":\"L\u2019or continue \u00e0 surfer sur la vague de la hausse\",\"datePublished\":\"2014-08-12T07:00:57+00:00\",\"dateModified\":\"2017-11-02T10:31:24+00:00\",\"mainEntityOfPage\":{\"@id\":\"https:\\\/\\\/www.gold.fr\\\/news\\\/2014\\\/08\\\/12\\\/lor-continue-a-surfer-sur-la-vague-de-la-hausse\\\/\"},\"wordCount\":255,\"commentCount\":0,\"image\":{\"@id\":\"https:\\\/\\\/www.gold.fr\\\/news\\\/2014\\\/08\\\/12\\\/lor-continue-a-surfer-sur-la-vague-de-la-hausse\\\/#primaryimage\"},\"thumbnailUrl\":\"https:\\\/\\\/www.gold.fr\\\/news\\\/wp-content\\\/uploads\\\/2011\\\/07\\\/1-150x150.jpg\",\"keywords\":[\"cours or\",\"hausse or\",\"march\u00e9 aurif\u00e8re\",\"tensions g\u00e9opolitiques\"],\"articleSection\":[\"Articles de presse\"],\"inLanguage\":\"fr-FR\"},{\"@type\":\"WebPage\",\"@id\":\"https:\\\/\\\/www.gold.fr\\\/news\\\/2014\\\/08\\\/12\\\/lor-continue-a-surfer-sur-la-vague-de-la-hausse\\\/\",\"url\":\"https:\\\/\\\/www.gold.fr\\\/news\\\/2014\\\/08\\\/12\\\/lor-continue-a-surfer-sur-la-vague-de-la-hausse\\\/\",\"name\":\"L\u2019or continue \u00e0 surfer sur la vague de la hausse - Gold.fr\",\"isPartOf\":{\"@id\":\"https:\\\/\\\/www.gold.fr\\\/news\\\/#website\"},\"primaryImageOfPage\":{\"@id\":\"https:\\\/\\\/www.gold.fr\\\/news\\\/2014\\\/08\\\/12\\\/lor-continue-a-surfer-sur-la-vague-de-la-hausse\\\/#primaryimage\"},\"image\":{\"@id\":\"https:\\\/\\\/www.gold.fr\\\/news\\\/2014\\\/08\\\/12\\\/lor-continue-a-surfer-sur-la-vague-de-la-hausse\\\/#primaryimage\"},\"thumbnailUrl\":\"https:\\\/\\\/www.gold.fr\\\/news\\\/wp-content\\\/uploads\\\/2011\\\/07\\\/1-150x150.jpg\",\"datePublished\":\"2014-08-12T07:00:57+00:00\",\"dateModified\":\"2017-11-02T10:31:24+00:00\",\"author\":{\"@id\":\"https:\\\/\\\/www.gold.fr\\\/news\\\/#\\\/schema\\\/person\\\/070491b4b4fb7671bf59b3be20302ce9\"},\"breadcrumb\":{\"@id\":\"https:\\\/\\\/www.gold.fr\\\/news\\\/2014\\\/08\\\/12\\\/lor-continue-a-surfer-sur-la-vague-de-la-hausse\\\/#breadcrumb\"},\"inLanguage\":\"fr-FR\",\"potentialAction\":[{\"@type\":\"ReadAction\",\"target\":[\"https:\\\/\\\/www.gold.fr\\\/news\\\/2014\\\/08\\\/12\\\/lor-continue-a-surfer-sur-la-vague-de-la-hausse\\\/\"]}]},{\"@type\":\"ImageObject\",\"inLanguage\":\"fr-FR\",\"@id\":\"https:\\\/\\\/www.gold.fr\\\/news\\\/2014\\\/08\\\/12\\\/lor-continue-a-surfer-sur-la-vague-de-la-hausse\\\/#primaryimage\",\"url\":\"https:\\\/\\\/www.gold.fr\\\/news\\\/wp-content\\\/uploads\\\/2011\\\/07\\\/1-150x150.jpg\",\"contentUrl\":\"https:\\\/\\\/www.gold.fr\\\/news\\\/wp-content\\\/uploads\\\/2011\\\/07\\\/1-150x150.jpg\"},{\"@type\":\"BreadcrumbList\",\"@id\":\"https:\\\/\\\/www.gold.fr\\\/news\\\/2014\\\/08\\\/12\\\/lor-continue-a-surfer-sur-la-vague-de-la-hausse\\\/#breadcrumb\",\"itemListElement\":[{\"@type\":\"ListItem\",\"position\":1,\"name\":\"Accueil\",\"item\":\"https:\\\/\\\/www.gold.fr\\\/\"},{\"@type\":\"ListItem\",\"position\":2,\"name\":\"Actualit\u00e9s\",\"item\":\"https:\\\/\\\/www.gold.fr\\\/news\\\/\"},{\"@type\":\"ListItem\",\"position\":3,\"name\":\"L\u2019or continue \u00e0 surfer sur la vague de la hausse\"}]},{\"@type\":\"WebSite\",\"@id\":\"https:\\\/\\\/www.gold.fr\\\/news\\\/#website\",\"url\":\"https:\\\/\\\/www.gold.fr\\\/news\\\/\",\"name\":\"Gold.fr\",\"description\":\"Actualit\u00e9s de l&#039;Or et des m\u00e9taux pr\u00e9cieux\",\"potentialAction\":[{\"@type\":\"SearchAction\",\"target\":{\"@type\":\"EntryPoint\",\"urlTemplate\":\"https:\\\/\\\/www.gold.fr\\\/news\\\/?s={search_term_string}\"},\"query-input\":{\"@type\":\"PropertyValueSpecification\",\"valueRequired\":true,\"valueName\":\"search_term_string\"}}],\"inLanguage\":\"fr-FR\"},{\"@type\":\"Person\",\"@id\":\"https:\\\/\\\/www.gold.fr\\\/news\\\/#\\\/schema\\\/person\\\/070491b4b4fb7671bf59b3be20302ce9\",\"name\":\"Comptoir National de l'Or\",\"image\":{\"@type\":\"ImageObject\",\"inLanguage\":\"fr-FR\",\"@id\":\"https:\\\/\\\/secure.gravatar.com\\\/avatar\\\/0a2867fd5abe37bed95d5a65e9d58f01756e11efc68af9888dfc50cfa7f65948?s=96&d=mm&r=gb490554db0a38188709de567aa58480d\",\"url\":\"https:\\\/\\\/secure.gravatar.com\\\/avatar\\\/0a2867fd5abe37bed95d5a65e9d58f01756e11efc68af9888dfc50cfa7f65948?s=96&d=mm&r=g\",\"contentUrl\":\"https:\\\/\\\/secure.gravatar.com\\\/avatar\\\/0a2867fd5abe37bed95d5a65e9d58f01756e11efc68af9888dfc50cfa7f65948?s=96&d=mm&r=g\",\"caption\":\"Comptoir National de l'Or\"},\"description\":\"Notre r\u00e9daction est constitu\u00e9e de membres experts dans les m\u00e9tiers de l'\u00e9conomie et la gestion, des Responsables d'agence Comptoir National de l'Or, des analystes financiers qui publient r\u00e9guli\u00e8rement des \u00e9tudes sur les politiques des banques centrales, le cours de l'or, prix de l'or, cours de l'argent, prix de l'argent, cours du platine, cours du palladium,... la situation en zone euro et l'impact de la strat\u00e9gie mon\u00e9taire de la FED. Notre \u00e9quipe scrute \u00e9galement une information plus g\u00e9n\u00e9raliste \u00e0 la recherche d'actualit\u00e9 \\\"p\u00e9pite\\\" \u00e0 vous partager. Depuis 5 ans, nous avons publi\u00e9 un peu plus de 4000 articles qui s'adressent \u00e0 un public large et vari\u00e9 ayant pour objectif de satisfaire votre curiosit\u00e9 et de partager avec vous une certaine fascination pour le m\u00e9tal jaune, le rachat d'or, et pour ceux qui veulent investir dans l'or, vendre leur or tout simplement en savoir plus... Pour tous vos achat or et argent, n'h\u00e9sitez pas \u00e0 prendre rendez-vous dans l'un de nos nombreux comptoirs.\",\"sameAs\":[\"https:\\\/\\\/www.gold.fr\"]}]}<\/script>\n<!-- \/ Yoast SEO plugin. -->","yoast_head_json":{"title":"L\u2019or continue \u00e0 surfer sur la vague de la hausse - Gold.fr","robots":{"index":"index","follow":"follow","max-snippet":"max-snippet:-1","max-image-preview":"max-image-preview:large","max-video-preview":"max-video-preview:-1"},"canonical":"https:\/\/www.gold.fr\/news\/2014\/08\/12\/lor-continue-a-surfer-sur-la-vague-de-la-hausse\/","og_locale":"fr_FR","og_type":"article","og_title":"L\u2019or continue \u00e0 surfer sur la vague de la hausse - Gold.fr","og_description":"Profitant du retour des tensions g\u00e9opolitiques (notamment en Ukraine\/Russie), le march\u00e9 aurif\u00e8re avait entam\u00e9, depuis la fin de la semaine derni\u00e8re, un tournant haussier qu&rsquo;il continue \u00e0 maintenir, m\u00eame s\u2019il ne s\u2019\u00e9loigne pas encore suffisamment du [&hellip;]","og_url":"https:\/\/www.gold.fr\/news\/2014\/08\/12\/lor-continue-a-surfer-sur-la-vague-de-la-hausse\/","og_site_name":"Gold.fr","article_publisher":"https:\/\/www.facebook.com\/Goldfr\/","article_published_time":"2014-08-12T07:00:57+00:00","article_modified_time":"2017-11-02T10:31:24+00:00","og_image":[{"url":"https:\/\/www.gold.fr\/news\/wp-content\/uploads\/2011\/07\/1-150x150.jpg","type":"","width":"","height":""}],"author":"Comptoir National de l'Or","twitter_card":"summary_large_image","twitter_misc":{"\u00c9crit par":"Comptoir National de l'Or","Dur\u00e9e de lecture estim\u00e9e":"1 minute"},"schema":{"@context":"https:\/\/schema.org","@graph":[{"@type":"Article","@id":"https:\/\/www.gold.fr\/news\/2014\/08\/12\/lor-continue-a-surfer-sur-la-vague-de-la-hausse\/#article","isPartOf":{"@id":"https:\/\/www.gold.fr\/news\/2014\/08\/12\/lor-continue-a-surfer-sur-la-vague-de-la-hausse\/"},"author":{"name":"Comptoir National de l'Or","@id":"https:\/\/www.gold.fr\/news\/#\/schema\/person\/070491b4b4fb7671bf59b3be20302ce9"},"headline":"L\u2019or continue \u00e0 surfer sur la vague de la hausse","datePublished":"2014-08-12T07:00:57+00:00","dateModified":"2017-11-02T10:31:24+00:00","mainEntityOfPage":{"@id":"https:\/\/www.gold.fr\/news\/2014\/08\/12\/lor-continue-a-surfer-sur-la-vague-de-la-hausse\/"},"wordCount":255,"commentCount":0,"image":{"@id":"https:\/\/www.gold.fr\/news\/2014\/08\/12\/lor-continue-a-surfer-sur-la-vague-de-la-hausse\/#primaryimage"},"thumbnailUrl":"https:\/\/www.gold.fr\/news\/wp-content\/uploads\/2011\/07\/1-150x150.jpg","keywords":["cours or","hausse or","march\u00e9 aurif\u00e8re","tensions g\u00e9opolitiques"],"articleSection":["Articles de presse"],"inLanguage":"fr-FR"},{"@type":"WebPage","@id":"https:\/\/www.gold.fr\/news\/2014\/08\/12\/lor-continue-a-surfer-sur-la-vague-de-la-hausse\/","url":"https:\/\/www.gold.fr\/news\/2014\/08\/12\/lor-continue-a-surfer-sur-la-vague-de-la-hausse\/","name":"L\u2019or continue \u00e0 surfer sur la vague de la hausse - Gold.fr","isPartOf":{"@id":"https:\/\/www.gold.fr\/news\/#website"},"primaryImageOfPage":{"@id":"https:\/\/www.gold.fr\/news\/2014\/08\/12\/lor-continue-a-surfer-sur-la-vague-de-la-hausse\/#primaryimage"},"image":{"@id":"https:\/\/www.gold.fr\/news\/2014\/08\/12\/lor-continue-a-surfer-sur-la-vague-de-la-hausse\/#primaryimage"},"thumbnailUrl":"https:\/\/www.gold.fr\/news\/wp-content\/uploads\/2011\/07\/1-150x150.jpg","datePublished":"2014-08-12T07:00:57+00:00","dateModified":"2017-11-02T10:31:24+00:00","author":{"@id":"https:\/\/www.gold.fr\/news\/#\/schema\/person\/070491b4b4fb7671bf59b3be20302ce9"},"breadcrumb":{"@id":"https:\/\/www.gold.fr\/news\/2014\/08\/12\/lor-continue-a-surfer-sur-la-vague-de-la-hausse\/#breadcrumb"},"inLanguage":"fr-FR","potentialAction":[{"@type":"ReadAction","target":["https:\/\/www.gold.fr\/news\/2014\/08\/12\/lor-continue-a-surfer-sur-la-vague-de-la-hausse\/"]}]},{"@type":"ImageObject","inLanguage":"fr-FR","@id":"https:\/\/www.gold.fr\/news\/2014\/08\/12\/lor-continue-a-surfer-sur-la-vague-de-la-hausse\/#primaryimage","url":"https:\/\/www.gold.fr\/news\/wp-content\/uploads\/2011\/07\/1-150x150.jpg","contentUrl":"https:\/\/www.gold.fr\/news\/wp-content\/uploads\/2011\/07\/1-150x150.jpg"},{"@type":"BreadcrumbList","@id":"https:\/\/www.gold.fr\/news\/2014\/08\/12\/lor-continue-a-surfer-sur-la-vague-de-la-hausse\/#breadcrumb","itemListElement":[{"@type":"ListItem","position":1,"name":"Accueil","item":"https:\/\/www.gold.fr\/"},{"@type":"ListItem","position":2,"name":"Actualit\u00e9s","item":"https:\/\/www.gold.fr\/news\/"},{"@type":"ListItem","position":3,"name":"L\u2019or continue \u00e0 surfer sur la vague de la hausse"}]},{"@type":"WebSite","@id":"https:\/\/www.gold.fr\/news\/#website","url":"https:\/\/www.gold.fr\/news\/","name":"Gold.fr","description":"Actualit\u00e9s de l&#039;Or et des m\u00e9taux pr\u00e9cieux","potentialAction":[{"@type":"SearchAction","target":{"@type":"EntryPoint","urlTemplate":"https:\/\/www.gold.fr\/news\/?s={search_term_string}"},"query-input":{"@type":"PropertyValueSpecification","valueRequired":true,"valueName":"search_term_string"}}],"inLanguage":"fr-FR"},{"@type":"Person","@id":"https:\/\/www.gold.fr\/news\/#\/schema\/person\/070491b4b4fb7671bf59b3be20302ce9","name":"Comptoir National de l'Or","image":{"@type":"ImageObject","inLanguage":"fr-FR","@id":"https:\/\/secure.gravatar.com\/avatar\/0a2867fd5abe37bed95d5a65e9d58f01756e11efc68af9888dfc50cfa7f65948?s=96&d=mm&r=gb490554db0a38188709de567aa58480d","url":"https:\/\/secure.gravatar.com\/avatar\/0a2867fd5abe37bed95d5a65e9d58f01756e11efc68af9888dfc50cfa7f65948?s=96&d=mm&r=g","contentUrl":"https:\/\/secure.gravatar.com\/avatar\/0a2867fd5abe37bed95d5a65e9d58f01756e11efc68af9888dfc50cfa7f65948?s=96&d=mm&r=g","caption":"Comptoir National de l'Or"},"description":"Notre r\u00e9daction est constitu\u00e9e de membres experts dans les m\u00e9tiers de l'\u00e9conomie et la gestion, des Responsables d'agence Comptoir National de l'Or, des analystes financiers qui publient r\u00e9guli\u00e8rement des \u00e9tudes sur les politiques des banques centrales, le cours de l'or, prix de l'or, cours de l'argent, prix de l'argent, cours du platine, cours du palladium,... la situation en zone euro et l'impact de la strat\u00e9gie mon\u00e9taire de la FED. Notre \u00e9quipe scrute \u00e9galement une information plus g\u00e9n\u00e9raliste \u00e0 la recherche d'actualit\u00e9 \"p\u00e9pite\" \u00e0 vous partager. Depuis 5 ans, nous avons publi\u00e9 un peu plus de 4000 articles qui s'adressent \u00e0 un public large et vari\u00e9 ayant pour objectif de satisfaire votre curiosit\u00e9 et de partager avec vous une certaine fascination pour le m\u00e9tal jaune, le rachat d'or, et pour ceux qui veulent investir dans l'or, vendre leur or tout simplement en savoir plus... Pour tous vos achat or et argent, n'h\u00e9sitez pas \u00e0 prendre rendez-vous dans l'un de nos nombreux comptoirs.","sameAs":["https:\/\/www.gold.fr"]}]}},"authors":[{"term_id":2565,"user_id":18,"is_guest":0,"slug":"julie","display_name":"Comptoir National de l'Or","avatar_url":"https:\/\/secure.gravatar.com\/avatar\/713f289e398d35ead876c4a4cc08607f0d6d266058cfc25683fffb6092d0e572?s=96&d=mm&r=g","0":null,"1":"","2":"","3":"","4":"","5":"","6":"","7":"","8":""}],"_links":{"self":[{"href":"https:\/\/www.gold.fr\/news\/wp-json\/wp\/v2\/posts\/15318","targetHints":{"allow":["GET"]}}],"collection":[{"href":"https:\/\/www.gold.fr\/news\/wp-json\/wp\/v2\/posts"}],"about":[{"href":"https:\/\/www.gold.fr\/news\/wp-json\/wp\/v2\/types\/post"}],"author":[{"embeddable":true,"href":"https:\/\/www.gold.fr\/news\/wp-json\/wp\/v2\/users\/18"}],"replies":[{"embeddable":true,"href":"https:\/\/www.gold.fr\/news\/wp-json\/wp\/v2\/comments?post=15318"}],"version-history":[{"count":0,"href":"https:\/\/www.gold.fr\/news\/wp-json\/wp\/v2\/posts\/15318\/revisions"}],"wp:attachment":[{"href":"https:\/\/www.gold.fr\/news\/wp-json\/wp\/v2\/media?parent=15318"}],"wp:term":[{"taxonomy":"category","embeddable":true,"href":"https:\/\/www.gold.fr\/news\/wp-json\/wp\/v2\/categories?post=15318"},{"taxonomy":"post_tag","embeddable":true,"href":"https:\/\/www.gold.fr\/news\/wp-json\/wp\/v2\/tags?post=15318"},{"taxonomy":"author","embeddable":true,"href":"https:\/\/www.gold.fr\/news\/wp-json\/wp\/v2\/ppma_author?post=15318"}],"curies":[{"name":"wp","href":"https:\/\/api.w.org\/{rel}","templated":true}]}}