{"id":15301,"date":"2014-08-07T17:00:23","date_gmt":"2014-08-07T15:00:23","guid":{"rendered":"https:\/\/www.gold.fr\/news\/?p=15301"},"modified":"2017-11-02T11:31:25","modified_gmt":"2017-11-02T10:31:25","slug":"les-tensions-economiques-europeennes-boostent-lor","status":"publish","type":"post","link":"https:\/\/www.gold.fr\/news\/2014\/08\/07\/les-tensions-economiques-europeennes-boostent-lor\/","title":{"rendered":"Les tensions \u00e9conomiques europ\u00e9ennes boostent l\u2019or"},"content":{"rendered":"<p><img loading=\"lazy\" decoding=\"async\" class=\"alignleft size-thumbnail wp-image-10169\" title=\"Les tensions \u00e9conomiques europ\u00e9ennes boostent l\u2019or\" src=\"https:\/\/www.gold.fr\/news\/wp-content\/uploads\/2011\/03\/record-cours-or-150x150.jpg\" alt=\"\" width=\"150\" height=\"150\" \/><span style=\"font-size: small;\">Maintenu, depuis des semaines, sur la corde raide qui s\u00e9pare ses courants haussiers des facteurs baissiers, le <a href='https:\/\/www.gold.fr\/news\/tags\/or' class='esk-seo-plu-link'>m\u00e9tal jaune<\/a> avan\u00e7ait d&rsquo;un pas prudent sur une voie lin\u00e9aire. En d\u00e9pit des nombreuses crises g\u00e9opolitiques mondiales qui n&rsquo;ont pas manqu\u00e9 de faire la une, durant les deux derniers mois, la relique barbare peinait toujours \u00e0 imposer la brillance de sa valeur refuge. Il aura fallu l&rsquo;arriv\u00e9e, sur le devant de la sc\u00e8ne \u00e9conomique, d&rsquo;une nouvelle vague de crise europ\u00e9enne pour faire pencher cet \u00e9quilibre pr\u00e9caire du c\u00f4t\u00e9 haussier de la balance.<\/span>    <span style=\"font-size: small;\"> Outre <strong>la crise russo-ukrainienne<\/strong> qui reprend du service, depuis la fin de la semaine derni\u00e8re, c&rsquo;est surtout l&rsquo;Italie qui rajoute actuellement son grain de sel personnel \u00e0 la situation tendue du bloc europ\u00e9en. L&rsquo;Istat, office national de statistiques, vient en effet de publier les donn\u00e9es pr\u00e9liminaires en volume et corrig\u00e9es de variations saisonni\u00e8res et calendaires, r\u00e9v\u00e9lant que \u00ab <em>le PIB de l&rsquo;Italie s&rsquo;est contract\u00e9 de <strong>0,2%<\/strong> au deuxi\u00e8me trimestre par rapport au premier <\/em>\u00bb.<\/span>    <span style=\"font-size: small;\"> Selon <strong>Azad Zangana<\/strong>, \u00e9conomiste Europe chez <strong>Schroders<\/strong>, cette chute \u00ab<em> est une v\u00e9ritable surprise, \u00e9tant donn\u00e9 que les estimations du consensus pr\u00e9voyaient une croissance positive de l&rsquo;ordre de <strong>0,1%<\/strong><\/em> \u00bb. L&rsquo;expert rappelle \u00e9galement que ces r\u00e9cents r\u00e9sultats repr\u00e9sentent \u00ab <em>un v\u00e9ritable coup dur pour <strong>Matteo Renzi<\/strong> et son parti, qui ont pris du temps \u00e0 mettre en \u0153uvre des r\u00e9formes macro\u00e9conomiques de grande ampleur et qui se sont pr\u00e9occup\u00e9s de politique \u00e0 la place<\/em> \u00bb.<\/span><\/p>\n<!-- AddThis Advanced Settings generic via filter on the_content --><!-- AddThis Share Buttons generic via filter on the_content -->","protected":false},"excerpt":{"rendered":"<p>Maintenu, depuis des semaines, sur la corde raide qui s\u00e9pare ses courants haussiers des facteurs baissiers, le m\u00e9tal jaune avan\u00e7ait d&rsquo;un pas prudent sur une voie lin\u00e9aire. En d\u00e9pit des nombreuses crises g\u00e9opolitiques mondiales qui n&rsquo;ont [&hellip;]<\/p>\n","protected":false},"author":18,"featured_media":10169,"comment_status":"open","ping_status":"open","sticky":false,"template":"","format":"standard","meta":{"_mbp_gutenberg_autopost":false,"_pgmb_is_evergreen":false,"_pgmb_ap_template_id":0,"footnotes":""},"categories":[6],"tags":[1000,242,76],"ppma_author":[2565],"class_list":["post-15301","post","type-post","status-publish","format-standard","has-post-thumbnail","hentry","category-articles-de-presse","tag-economie","tag-europe","tag-or"],"yoast_head":"<!-- This site is optimized with the Yoast SEO plugin v27.5 - https:\/\/yoast.com\/product\/yoast-seo-wordpress\/ -->\n<title>Les tensions \u00e9conomiques europ\u00e9ennes boostent l\u2019or - Gold.fr<\/title>\n<meta name=\"robots\" content=\"index, follow, max-snippet:-1, max-image-preview:large, max-video-preview:-1\" \/>\n<link rel=\"canonical\" href=\"https:\/\/www.gold.fr\/news\/2014\/08\/07\/les-tensions-economiques-europeennes-boostent-lor\/\" \/>\n<meta property=\"og:locale\" content=\"fr_FR\" \/>\n<meta property=\"og:type\" content=\"article\" \/>\n<meta property=\"og:title\" content=\"Les tensions \u00e9conomiques europ\u00e9ennes boostent l\u2019or - Gold.fr\" \/>\n<meta property=\"og:description\" content=\"Maintenu, depuis des semaines, sur la corde raide qui s\u00e9pare ses courants haussiers des facteurs baissiers, le m\u00e9tal jaune avan\u00e7ait d&rsquo;un pas prudent sur une voie lin\u00e9aire. En d\u00e9pit des nombreuses crises g\u00e9opolitiques mondiales qui n&rsquo;ont [&hellip;]\" \/>\n<meta property=\"og:url\" content=\"https:\/\/www.gold.fr\/news\/2014\/08\/07\/les-tensions-economiques-europeennes-boostent-lor\/\" \/>\n<meta property=\"og:site_name\" content=\"Gold.fr\" \/>\n<meta property=\"article:publisher\" content=\"https:\/\/www.facebook.com\/Goldfr\/\" \/>\n<meta property=\"article:published_time\" content=\"2014-08-07T15:00:23+00:00\" \/>\n<meta property=\"article:modified_time\" content=\"2017-11-02T10:31:25+00:00\" \/>\n<meta property=\"og:image\" content=\"https:\/\/www.gold.fr\/news\/wp-content\/uploads\/2011\/03\/record-cours-or.jpg\" \/>\n\t<meta property=\"og:image:width\" content=\"600\" \/>\n\t<meta property=\"og:image:height\" content=\"400\" \/>\n\t<meta property=\"og:image:type\" content=\"image\/jpeg\" \/>\n<meta name=\"author\" content=\"Comptoir National de l&#039;Or\" \/>\n<meta name=\"twitter:card\" content=\"summary_large_image\" \/>\n<meta name=\"twitter:label1\" content=\"\u00c9crit par\" \/>\n\t<meta name=\"twitter:data1\" content=\"Comptoir National de l&#039;Or\" \/>\n\t<meta name=\"twitter:label2\" content=\"Dur\u00e9e de lecture estim\u00e9e\" \/>\n\t<meta name=\"twitter:data2\" content=\"1 minute\" \/>\n<script type=\"application\/ld+json\" class=\"yoast-schema-graph\">{\"@context\":\"https:\\\/\\\/schema.org\",\"@graph\":[{\"@type\":\"Article\",\"@id\":\"https:\\\/\\\/www.gold.fr\\\/news\\\/2014\\\/08\\\/07\\\/les-tensions-economiques-europeennes-boostent-lor\\\/#article\",\"isPartOf\":{\"@id\":\"https:\\\/\\\/www.gold.fr\\\/news\\\/2014\\\/08\\\/07\\\/les-tensions-economiques-europeennes-boostent-lor\\\/\"},\"author\":{\"name\":\"Comptoir National de l'Or\",\"@id\":\"https:\\\/\\\/www.gold.fr\\\/news\\\/#\\\/schema\\\/person\\\/070491b4b4fb7671bf59b3be20302ce9\"},\"headline\":\"Les tensions \u00e9conomiques europ\u00e9ennes boostent l\u2019or\",\"datePublished\":\"2014-08-07T15:00:23+00:00\",\"dateModified\":\"2017-11-02T10:31:25+00:00\",\"mainEntityOfPage\":{\"@id\":\"https:\\\/\\\/www.gold.fr\\\/news\\\/2014\\\/08\\\/07\\\/les-tensions-economiques-europeennes-boostent-lor\\\/\"},\"wordCount\":275,\"commentCount\":0,\"image\":{\"@id\":\"https:\\\/\\\/www.gold.fr\\\/news\\\/2014\\\/08\\\/07\\\/les-tensions-economiques-europeennes-boostent-lor\\\/#primaryimage\"},\"thumbnailUrl\":\"https:\\\/\\\/www.gold.fr\\\/news\\\/wp-content\\\/uploads\\\/2011\\\/03\\\/record-cours-or.jpg\",\"keywords\":[\"\u00e9conomie\",\"europe\",\"Or\"],\"articleSection\":[\"Articles de presse\"],\"inLanguage\":\"fr-FR\"},{\"@type\":\"WebPage\",\"@id\":\"https:\\\/\\\/www.gold.fr\\\/news\\\/2014\\\/08\\\/07\\\/les-tensions-economiques-europeennes-boostent-lor\\\/\",\"url\":\"https:\\\/\\\/www.gold.fr\\\/news\\\/2014\\\/08\\\/07\\\/les-tensions-economiques-europeennes-boostent-lor\\\/\",\"name\":\"Les tensions \u00e9conomiques europ\u00e9ennes boostent l\u2019or - Gold.fr\",\"isPartOf\":{\"@id\":\"https:\\\/\\\/www.gold.fr\\\/news\\\/#website\"},\"primaryImageOfPage\":{\"@id\":\"https:\\\/\\\/www.gold.fr\\\/news\\\/2014\\\/08\\\/07\\\/les-tensions-economiques-europeennes-boostent-lor\\\/#primaryimage\"},\"image\":{\"@id\":\"https:\\\/\\\/www.gold.fr\\\/news\\\/2014\\\/08\\\/07\\\/les-tensions-economiques-europeennes-boostent-lor\\\/#primaryimage\"},\"thumbnailUrl\":\"https:\\\/\\\/www.gold.fr\\\/news\\\/wp-content\\\/uploads\\\/2011\\\/03\\\/record-cours-or.jpg\",\"datePublished\":\"2014-08-07T15:00:23+00:00\",\"dateModified\":\"2017-11-02T10:31:25+00:00\",\"author\":{\"@id\":\"https:\\\/\\\/www.gold.fr\\\/news\\\/#\\\/schema\\\/person\\\/070491b4b4fb7671bf59b3be20302ce9\"},\"breadcrumb\":{\"@id\":\"https:\\\/\\\/www.gold.fr\\\/news\\\/2014\\\/08\\\/07\\\/les-tensions-economiques-europeennes-boostent-lor\\\/#breadcrumb\"},\"inLanguage\":\"fr-FR\",\"potentialAction\":[{\"@type\":\"ReadAction\",\"target\":[\"https:\\\/\\\/www.gold.fr\\\/news\\\/2014\\\/08\\\/07\\\/les-tensions-economiques-europeennes-boostent-lor\\\/\"]}]},{\"@type\":\"ImageObject\",\"inLanguage\":\"fr-FR\",\"@id\":\"https:\\\/\\\/www.gold.fr\\\/news\\\/2014\\\/08\\\/07\\\/les-tensions-economiques-europeennes-boostent-lor\\\/#primaryimage\",\"url\":\"https:\\\/\\\/www.gold.fr\\\/news\\\/wp-content\\\/uploads\\\/2011\\\/03\\\/record-cours-or.jpg\",\"contentUrl\":\"https:\\\/\\\/www.gold.fr\\\/news\\\/wp-content\\\/uploads\\\/2011\\\/03\\\/record-cours-or.jpg\",\"width\":\"600\",\"height\":\"400\",\"caption\":\"Or : Une fin d\u2019ann\u00e9e assez mitig\u00e9e\"},{\"@type\":\"BreadcrumbList\",\"@id\":\"https:\\\/\\\/www.gold.fr\\\/news\\\/2014\\\/08\\\/07\\\/les-tensions-economiques-europeennes-boostent-lor\\\/#breadcrumb\",\"itemListElement\":[{\"@type\":\"ListItem\",\"position\":1,\"name\":\"Accueil\",\"item\":\"https:\\\/\\\/www.gold.fr\\\/\"},{\"@type\":\"ListItem\",\"position\":2,\"name\":\"Actualit\u00e9s\",\"item\":\"https:\\\/\\\/www.gold.fr\\\/news\\\/\"},{\"@type\":\"ListItem\",\"position\":3,\"name\":\"Les tensions \u00e9conomiques europ\u00e9ennes boostent l\u2019or\"}]},{\"@type\":\"WebSite\",\"@id\":\"https:\\\/\\\/www.gold.fr\\\/news\\\/#website\",\"url\":\"https:\\\/\\\/www.gold.fr\\\/news\\\/\",\"name\":\"Gold.fr\",\"description\":\"Actualit\u00e9s de l&#039;Or et des m\u00e9taux pr\u00e9cieux\",\"potentialAction\":[{\"@type\":\"SearchAction\",\"target\":{\"@type\":\"EntryPoint\",\"urlTemplate\":\"https:\\\/\\\/www.gold.fr\\\/news\\\/?s={search_term_string}\"},\"query-input\":{\"@type\":\"PropertyValueSpecification\",\"valueRequired\":true,\"valueName\":\"search_term_string\"}}],\"inLanguage\":\"fr-FR\"},{\"@type\":\"Person\",\"@id\":\"https:\\\/\\\/www.gold.fr\\\/news\\\/#\\\/schema\\\/person\\\/070491b4b4fb7671bf59b3be20302ce9\",\"name\":\"Comptoir National de l'Or\",\"image\":{\"@type\":\"ImageObject\",\"inLanguage\":\"fr-FR\",\"@id\":\"https:\\\/\\\/secure.gravatar.com\\\/avatar\\\/0a2867fd5abe37bed95d5a65e9d58f01756e11efc68af9888dfc50cfa7f65948?s=96&d=mm&r=gb490554db0a38188709de567aa58480d\",\"url\":\"https:\\\/\\\/secure.gravatar.com\\\/avatar\\\/0a2867fd5abe37bed95d5a65e9d58f01756e11efc68af9888dfc50cfa7f65948?s=96&d=mm&r=g\",\"contentUrl\":\"https:\\\/\\\/secure.gravatar.com\\\/avatar\\\/0a2867fd5abe37bed95d5a65e9d58f01756e11efc68af9888dfc50cfa7f65948?s=96&d=mm&r=g\",\"caption\":\"Comptoir National de l'Or\"},\"description\":\"Notre r\u00e9daction est constitu\u00e9e de membres experts dans les m\u00e9tiers de l'\u00e9conomie et la gestion, des Responsables d'agence Comptoir National de l'Or, des analystes financiers qui publient r\u00e9guli\u00e8rement des \u00e9tudes sur les politiques des banques centrales, le cours de l'or, prix de l'or, cours de l'argent, prix de l'argent, cours du platine, cours du palladium,... la situation en zone euro et l'impact de la strat\u00e9gie mon\u00e9taire de la FED. Notre \u00e9quipe scrute \u00e9galement une information plus g\u00e9n\u00e9raliste \u00e0 la recherche d'actualit\u00e9 \\\"p\u00e9pite\\\" \u00e0 vous partager. Depuis 5 ans, nous avons publi\u00e9 un peu plus de 4000 articles qui s'adressent \u00e0 un public large et vari\u00e9 ayant pour objectif de satisfaire votre curiosit\u00e9 et de partager avec vous une certaine fascination pour le m\u00e9tal jaune, le rachat d'or, et pour ceux qui veulent investir dans l'or, vendre leur or tout simplement en savoir plus... Pour tous vos achat or et argent, n'h\u00e9sitez pas \u00e0 prendre rendez-vous dans l'un de nos nombreux comptoirs.\",\"sameAs\":[\"https:\\\/\\\/www.gold.fr\"]}]}<\/script>\n<!-- \/ Yoast SEO plugin. -->","yoast_head_json":{"title":"Les tensions \u00e9conomiques europ\u00e9ennes boostent l\u2019or - Gold.fr","robots":{"index":"index","follow":"follow","max-snippet":"max-snippet:-1","max-image-preview":"max-image-preview:large","max-video-preview":"max-video-preview:-1"},"canonical":"https:\/\/www.gold.fr\/news\/2014\/08\/07\/les-tensions-economiques-europeennes-boostent-lor\/","og_locale":"fr_FR","og_type":"article","og_title":"Les tensions \u00e9conomiques europ\u00e9ennes boostent l\u2019or - Gold.fr","og_description":"Maintenu, depuis des semaines, sur la corde raide qui s\u00e9pare ses courants haussiers des facteurs baissiers, le m\u00e9tal jaune avan\u00e7ait d&rsquo;un pas prudent sur une voie lin\u00e9aire. En d\u00e9pit des nombreuses crises g\u00e9opolitiques mondiales qui n&rsquo;ont [&hellip;]","og_url":"https:\/\/www.gold.fr\/news\/2014\/08\/07\/les-tensions-economiques-europeennes-boostent-lor\/","og_site_name":"Gold.fr","article_publisher":"https:\/\/www.facebook.com\/Goldfr\/","article_published_time":"2014-08-07T15:00:23+00:00","article_modified_time":"2017-11-02T10:31:25+00:00","og_image":[{"width":600,"height":400,"url":"https:\/\/www.gold.fr\/news\/wp-content\/uploads\/2011\/03\/record-cours-or.jpg","type":"image\/jpeg"}],"author":"Comptoir National de l'Or","twitter_card":"summary_large_image","twitter_misc":{"\u00c9crit par":"Comptoir National de l'Or","Dur\u00e9e de lecture estim\u00e9e":"1 minute"},"schema":{"@context":"https:\/\/schema.org","@graph":[{"@type":"Article","@id":"https:\/\/www.gold.fr\/news\/2014\/08\/07\/les-tensions-economiques-europeennes-boostent-lor\/#article","isPartOf":{"@id":"https:\/\/www.gold.fr\/news\/2014\/08\/07\/les-tensions-economiques-europeennes-boostent-lor\/"},"author":{"name":"Comptoir National de l'Or","@id":"https:\/\/www.gold.fr\/news\/#\/schema\/person\/070491b4b4fb7671bf59b3be20302ce9"},"headline":"Les tensions \u00e9conomiques europ\u00e9ennes boostent l\u2019or","datePublished":"2014-08-07T15:00:23+00:00","dateModified":"2017-11-02T10:31:25+00:00","mainEntityOfPage":{"@id":"https:\/\/www.gold.fr\/news\/2014\/08\/07\/les-tensions-economiques-europeennes-boostent-lor\/"},"wordCount":275,"commentCount":0,"image":{"@id":"https:\/\/www.gold.fr\/news\/2014\/08\/07\/les-tensions-economiques-europeennes-boostent-lor\/#primaryimage"},"thumbnailUrl":"https:\/\/www.gold.fr\/news\/wp-content\/uploads\/2011\/03\/record-cours-or.jpg","keywords":["\u00e9conomie","europe","Or"],"articleSection":["Articles de presse"],"inLanguage":"fr-FR"},{"@type":"WebPage","@id":"https:\/\/www.gold.fr\/news\/2014\/08\/07\/les-tensions-economiques-europeennes-boostent-lor\/","url":"https:\/\/www.gold.fr\/news\/2014\/08\/07\/les-tensions-economiques-europeennes-boostent-lor\/","name":"Les tensions \u00e9conomiques europ\u00e9ennes boostent l\u2019or - Gold.fr","isPartOf":{"@id":"https:\/\/www.gold.fr\/news\/#website"},"primaryImageOfPage":{"@id":"https:\/\/www.gold.fr\/news\/2014\/08\/07\/les-tensions-economiques-europeennes-boostent-lor\/#primaryimage"},"image":{"@id":"https:\/\/www.gold.fr\/news\/2014\/08\/07\/les-tensions-economiques-europeennes-boostent-lor\/#primaryimage"},"thumbnailUrl":"https:\/\/www.gold.fr\/news\/wp-content\/uploads\/2011\/03\/record-cours-or.jpg","datePublished":"2014-08-07T15:00:23+00:00","dateModified":"2017-11-02T10:31:25+00:00","author":{"@id":"https:\/\/www.gold.fr\/news\/#\/schema\/person\/070491b4b4fb7671bf59b3be20302ce9"},"breadcrumb":{"@id":"https:\/\/www.gold.fr\/news\/2014\/08\/07\/les-tensions-economiques-europeennes-boostent-lor\/#breadcrumb"},"inLanguage":"fr-FR","potentialAction":[{"@type":"ReadAction","target":["https:\/\/www.gold.fr\/news\/2014\/08\/07\/les-tensions-economiques-europeennes-boostent-lor\/"]}]},{"@type":"ImageObject","inLanguage":"fr-FR","@id":"https:\/\/www.gold.fr\/news\/2014\/08\/07\/les-tensions-economiques-europeennes-boostent-lor\/#primaryimage","url":"https:\/\/www.gold.fr\/news\/wp-content\/uploads\/2011\/03\/record-cours-or.jpg","contentUrl":"https:\/\/www.gold.fr\/news\/wp-content\/uploads\/2011\/03\/record-cours-or.jpg","width":"600","height":"400","caption":"Or : Une fin d\u2019ann\u00e9e assez mitig\u00e9e"},{"@type":"BreadcrumbList","@id":"https:\/\/www.gold.fr\/news\/2014\/08\/07\/les-tensions-economiques-europeennes-boostent-lor\/#breadcrumb","itemListElement":[{"@type":"ListItem","position":1,"name":"Accueil","item":"https:\/\/www.gold.fr\/"},{"@type":"ListItem","position":2,"name":"Actualit\u00e9s","item":"https:\/\/www.gold.fr\/news\/"},{"@type":"ListItem","position":3,"name":"Les tensions \u00e9conomiques europ\u00e9ennes boostent l\u2019or"}]},{"@type":"WebSite","@id":"https:\/\/www.gold.fr\/news\/#website","url":"https:\/\/www.gold.fr\/news\/","name":"Gold.fr","description":"Actualit\u00e9s de l&#039;Or et des m\u00e9taux pr\u00e9cieux","potentialAction":[{"@type":"SearchAction","target":{"@type":"EntryPoint","urlTemplate":"https:\/\/www.gold.fr\/news\/?s={search_term_string}"},"query-input":{"@type":"PropertyValueSpecification","valueRequired":true,"valueName":"search_term_string"}}],"inLanguage":"fr-FR"},{"@type":"Person","@id":"https:\/\/www.gold.fr\/news\/#\/schema\/person\/070491b4b4fb7671bf59b3be20302ce9","name":"Comptoir National de l'Or","image":{"@type":"ImageObject","inLanguage":"fr-FR","@id":"https:\/\/secure.gravatar.com\/avatar\/0a2867fd5abe37bed95d5a65e9d58f01756e11efc68af9888dfc50cfa7f65948?s=96&d=mm&r=gb490554db0a38188709de567aa58480d","url":"https:\/\/secure.gravatar.com\/avatar\/0a2867fd5abe37bed95d5a65e9d58f01756e11efc68af9888dfc50cfa7f65948?s=96&d=mm&r=g","contentUrl":"https:\/\/secure.gravatar.com\/avatar\/0a2867fd5abe37bed95d5a65e9d58f01756e11efc68af9888dfc50cfa7f65948?s=96&d=mm&r=g","caption":"Comptoir National de l'Or"},"description":"Notre r\u00e9daction est constitu\u00e9e de membres experts dans les m\u00e9tiers de l'\u00e9conomie et la gestion, des Responsables d'agence Comptoir National de l'Or, des analystes financiers qui publient r\u00e9guli\u00e8rement des \u00e9tudes sur les politiques des banques centrales, le cours de l'or, prix de l'or, cours de l'argent, prix de l'argent, cours du platine, cours du palladium,... la situation en zone euro et l'impact de la strat\u00e9gie mon\u00e9taire de la FED. Notre \u00e9quipe scrute \u00e9galement une information plus g\u00e9n\u00e9raliste \u00e0 la recherche d'actualit\u00e9 \"p\u00e9pite\" \u00e0 vous partager. Depuis 5 ans, nous avons publi\u00e9 un peu plus de 4000 articles qui s'adressent \u00e0 un public large et vari\u00e9 ayant pour objectif de satisfaire votre curiosit\u00e9 et de partager avec vous une certaine fascination pour le m\u00e9tal jaune, le rachat d'or, et pour ceux qui veulent investir dans l'or, vendre leur or tout simplement en savoir plus... Pour tous vos achat or et argent, n'h\u00e9sitez pas \u00e0 prendre rendez-vous dans l'un de nos nombreux comptoirs.","sameAs":["https:\/\/www.gold.fr"]}]}},"authors":[{"term_id":2565,"user_id":18,"is_guest":0,"slug":"julie","display_name":"Comptoir National de l'Or","avatar_url":"https:\/\/secure.gravatar.com\/avatar\/713f289e398d35ead876c4a4cc08607f0d6d266058cfc25683fffb6092d0e572?s=96&d=mm&r=g","0":null,"1":"","2":"","3":"","4":"","5":"","6":"","7":"","8":""}],"_links":{"self":[{"href":"https:\/\/www.gold.fr\/news\/wp-json\/wp\/v2\/posts\/15301","targetHints":{"allow":["GET"]}}],"collection":[{"href":"https:\/\/www.gold.fr\/news\/wp-json\/wp\/v2\/posts"}],"about":[{"href":"https:\/\/www.gold.fr\/news\/wp-json\/wp\/v2\/types\/post"}],"author":[{"embeddable":true,"href":"https:\/\/www.gold.fr\/news\/wp-json\/wp\/v2\/users\/18"}],"replies":[{"embeddable":true,"href":"https:\/\/www.gold.fr\/news\/wp-json\/wp\/v2\/comments?post=15301"}],"version-history":[{"count":0,"href":"https:\/\/www.gold.fr\/news\/wp-json\/wp\/v2\/posts\/15301\/revisions"}],"wp:featuredmedia":[{"embeddable":true,"href":"https:\/\/www.gold.fr\/news\/wp-json\/wp\/v2\/media\/10169"}],"wp:attachment":[{"href":"https:\/\/www.gold.fr\/news\/wp-json\/wp\/v2\/media?parent=15301"}],"wp:term":[{"taxonomy":"category","embeddable":true,"href":"https:\/\/www.gold.fr\/news\/wp-json\/wp\/v2\/categories?post=15301"},{"taxonomy":"post_tag","embeddable":true,"href":"https:\/\/www.gold.fr\/news\/wp-json\/wp\/v2\/tags?post=15301"},{"taxonomy":"author","embeddable":true,"href":"https:\/\/www.gold.fr\/news\/wp-json\/wp\/v2\/ppma_author?post=15301"}],"curies":[{"name":"wp","href":"https:\/\/api.w.org\/{rel}","templated":true}]}}