{"id":15291,"date":"2014-08-06T17:00:31","date_gmt":"2014-08-06T15:00:31","guid":{"rendered":"https:\/\/www.gold.fr\/news\/?p=15291"},"modified":"2017-11-02T11:31:25","modified_gmt":"2017-11-02T10:31:25","slug":"evolution-de-lor-un-marche-indecis-entre-vendeurs-et-acheteurs","status":"publish","type":"post","link":"https:\/\/www.gold.fr\/news\/2014\/08\/06\/evolution-de-lor-un-marche-indecis-entre-vendeurs-et-acheteurs\/","title":{"rendered":"Evolution de l\u2019or : Un march\u00e9 ind\u00e9cis, entre vendeurs et acheteurs"},"content":{"rendered":"<p><img loading=\"lazy\" decoding=\"async\" class=\"alignleft size-thumbnail wp-image-2717\" title=\"Evolution de l\u2019or : Un march\u00e9 ind\u00e9cis, entre vendeurs et acheteurs \" src=\"https:\/\/www.gold.fr\/news\/wp-content\/uploads\/2011\/10\/globe-or-150x150.jpg\" alt=\"\" width=\"150\" height=\"150\" \/><span style=\"font-size: small;\">Aucune r\u00e9elle tendance confirm\u00e9e, sur le march\u00e9 de l&rsquo;<a href='https:\/\/www.gold.fr\/news\/tags\/or' class='esk-seo-plu-link'>or<\/a>, cette semaine. Le calme total des \u00e9changes de volumes continue donc \u00e0 confirmer les attentes des observateurs qui avaient escompt\u00e9 ce manque d&rsquo;activit\u00e9 depuis le d\u00e9but de la semaine.<\/span>    <span style=\"font-size: small;\"> Sur le moyen et long terme, les perspectives du march\u00e9 aurif\u00e8re demeurent tr\u00e8s ind\u00e9cises et les experts h\u00e9sitent encore \u00e0 offrir une quelconque strat\u00e9gie ou recommandation, dans la mesure o\u00f9 \u00ab <em>la volatilit\u00e9 n&rsquo;a pas encore rebondi sur le march\u00e9<\/em> \u00bb. Les sp\u00e9cialistes rappellent toutefois que la stagnation actuelle n&rsquo;annule pas les accomplissements du <a href='https:\/\/www.gold.fr\/news\/tags\/or' class='esk-seo-plu-link'>m\u00e9tal jaune<\/a> et les gains (de l&rsquo;ordre de <strong>+7,24%<\/strong>) qu&rsquo;il a accumul\u00e9 depuis le d\u00e9but de l&rsquo;ann\u00e9e <strong>2014<\/strong>. Quant au flou qui a caract\u00e9ris\u00e9 l&rsquo;\u00e9volution du march\u00e9, tout au long des derni\u00e8res semaines, les experts l&rsquo;expliquent par \u00ab <em>le fait qu&rsquo;il y a autant de raisons de croire \u00e0 la hausse comme \u00e0 la baisse sur le long terme<\/em> \u00bb. Les perspectives pour le march\u00e9 de l&rsquo;<a href='https:\/\/www.gold.fr\/news\/tags\/or' class='esk-seo-plu-link'>or<\/a> demeurent donc ouvertes \u00e0 toutes les sp\u00e9culations.<\/span>    <span style=\"font-size: small;\"> En attendant de voir le march\u00e9 une direction permanente, ses deux principales cat\u00e9gories d&rsquo;acteurs \u2013vendeurs et acheteurs- ont une r\u00e9action assez pr\u00e9visible \u00e0 la situation actuelle. Les vendeurs comptent, selon les experts, \u00ab <em>sur une nouvelle extension baissi\u00e8re jusqu&rsquo;\u00e0 <strong>1.000 $<\/strong> en partant du principe que le march\u00e9 devrait reprendre le mouvement de baisse en place depuis septembre <strong>2011 <\/strong><\/em>\u00bb. Quant aux acheteurs, ils estiment, \u00e0 leur habitude, que \u00ab<em> les phases de baisse repr\u00e9sentent des opportunit\u00e9s d&rsquo;achat pour se placer sur le physique<\/em> \u00bb, et s&rsquo;attendent \u00e9galement \u00e0 ce qu&rsquo;aucune vague de baisse prononc\u00e9e ne traverse le march\u00e9, d&rsquo;ici la fin de l&rsquo;ann\u00e9e.<\/span><\/p>\n<!-- AddThis Advanced Settings generic via filter on the_content --><!-- AddThis Share Buttons generic via filter on the_content -->","protected":false},"excerpt":{"rendered":"<p>Aucune r\u00e9elle tendance confirm\u00e9e, sur le march\u00e9 de l&rsquo;or, cette semaine. Le calme total des \u00e9changes de volumes continue donc \u00e0 confirmer les attentes des observateurs qui avaient escompt\u00e9 ce manque d&rsquo;activit\u00e9 depuis le d\u00e9but de [&hellip;]<\/p>\n","protected":false},"author":18,"featured_media":2717,"comment_status":"open","ping_status":"open","sticky":false,"template":"","format":"standard","meta":{"_mbp_gutenberg_autopost":false,"_pgmb_is_evergreen":false,"_pgmb_ap_template_id":0,"footnotes":""},"categories":[6],"tags":[1167,105,95],"ppma_author":[2565],"class_list":["post-15291","post","type-post","status-publish","format-standard","has-post-thumbnail","hentry","category-articles-de-presse","tag-evolution-or","tag-marche","tag-marche-de-lor"],"yoast_head":"<!-- This site is optimized with the Yoast SEO plugin v27.5 - https:\/\/yoast.com\/product\/yoast-seo-wordpress\/ -->\n<title>Evolution de l\u2019or : Un march\u00e9 ind\u00e9cis, entre vendeurs et acheteurs - Gold.fr<\/title>\n<meta name=\"robots\" content=\"index, follow, max-snippet:-1, max-image-preview:large, max-video-preview:-1\" \/>\n<link rel=\"canonical\" href=\"https:\/\/www.gold.fr\/news\/2014\/08\/06\/evolution-de-lor-un-marche-indecis-entre-vendeurs-et-acheteurs\/\" \/>\n<meta property=\"og:locale\" content=\"fr_FR\" \/>\n<meta property=\"og:type\" content=\"article\" \/>\n<meta property=\"og:title\" content=\"Evolution de l\u2019or : Un march\u00e9 ind\u00e9cis, entre vendeurs et acheteurs - Gold.fr\" \/>\n<meta property=\"og:description\" content=\"Aucune r\u00e9elle tendance confirm\u00e9e, sur le march\u00e9 de l&rsquo;or, cette semaine. Le calme total des \u00e9changes de volumes continue donc \u00e0 confirmer les attentes des observateurs qui avaient escompt\u00e9 ce manque d&rsquo;activit\u00e9 depuis le d\u00e9but de [&hellip;]\" \/>\n<meta property=\"og:url\" content=\"https:\/\/www.gold.fr\/news\/2014\/08\/06\/evolution-de-lor-un-marche-indecis-entre-vendeurs-et-acheteurs\/\" \/>\n<meta property=\"og:site_name\" content=\"Gold.fr\" \/>\n<meta property=\"article:publisher\" content=\"https:\/\/www.facebook.com\/Goldfr\/\" \/>\n<meta property=\"article:published_time\" content=\"2014-08-06T15:00:31+00:00\" \/>\n<meta property=\"article:modified_time\" content=\"2017-11-02T10:31:25+00:00\" \/>\n<meta property=\"og:image\" content=\"https:\/\/www.gold.fr\/news\/wp-content\/uploads\/2011\/10\/globe-or.jpg\" \/>\n\t<meta property=\"og:image:width\" content=\"600\" \/>\n\t<meta property=\"og:image:height\" content=\"600\" \/>\n\t<meta property=\"og:image:type\" content=\"image\/jpeg\" \/>\n<meta name=\"author\" content=\"Comptoir National de l&#039;Or\" \/>\n<meta name=\"twitter:card\" content=\"summary_large_image\" \/>\n<meta name=\"twitter:label1\" content=\"\u00c9crit par\" \/>\n\t<meta name=\"twitter:data1\" content=\"Comptoir National de l&#039;Or\" \/>\n\t<meta name=\"twitter:label2\" content=\"Dur\u00e9e de lecture estim\u00e9e\" \/>\n\t<meta name=\"twitter:data2\" content=\"1 minute\" \/>\n<script type=\"application\/ld+json\" class=\"yoast-schema-graph\">{\"@context\":\"https:\\\/\\\/schema.org\",\"@graph\":[{\"@type\":\"Article\",\"@id\":\"https:\\\/\\\/www.gold.fr\\\/news\\\/2014\\\/08\\\/06\\\/evolution-de-lor-un-marche-indecis-entre-vendeurs-et-acheteurs\\\/#article\",\"isPartOf\":{\"@id\":\"https:\\\/\\\/www.gold.fr\\\/news\\\/2014\\\/08\\\/06\\\/evolution-de-lor-un-marche-indecis-entre-vendeurs-et-acheteurs\\\/\"},\"author\":{\"name\":\"Comptoir National de l'Or\",\"@id\":\"https:\\\/\\\/www.gold.fr\\\/news\\\/#\\\/schema\\\/person\\\/070491b4b4fb7671bf59b3be20302ce9\"},\"headline\":\"Evolution de l\u2019or : Un march\u00e9 ind\u00e9cis, entre vendeurs et acheteurs\",\"datePublished\":\"2014-08-06T15:00:31+00:00\",\"dateModified\":\"2017-11-02T10:31:25+00:00\",\"mainEntityOfPage\":{\"@id\":\"https:\\\/\\\/www.gold.fr\\\/news\\\/2014\\\/08\\\/06\\\/evolution-de-lor-un-marche-indecis-entre-vendeurs-et-acheteurs\\\/\"},\"wordCount\":301,\"commentCount\":0,\"image\":{\"@id\":\"https:\\\/\\\/www.gold.fr\\\/news\\\/2014\\\/08\\\/06\\\/evolution-de-lor-un-marche-indecis-entre-vendeurs-et-acheteurs\\\/#primaryimage\"},\"thumbnailUrl\":\"https:\\\/\\\/www.gold.fr\\\/news\\\/wp-content\\\/uploads\\\/2011\\\/10\\\/globe-or.jpg\",\"keywords\":[\"evolution or\",\"march\u00e9\",\"march\u00e9 de l'or\"],\"articleSection\":[\"Articles de presse\"],\"inLanguage\":\"fr-FR\"},{\"@type\":\"WebPage\",\"@id\":\"https:\\\/\\\/www.gold.fr\\\/news\\\/2014\\\/08\\\/06\\\/evolution-de-lor-un-marche-indecis-entre-vendeurs-et-acheteurs\\\/\",\"url\":\"https:\\\/\\\/www.gold.fr\\\/news\\\/2014\\\/08\\\/06\\\/evolution-de-lor-un-marche-indecis-entre-vendeurs-et-acheteurs\\\/\",\"name\":\"Evolution de l\u2019or : Un march\u00e9 ind\u00e9cis, entre vendeurs et acheteurs - Gold.fr\",\"isPartOf\":{\"@id\":\"https:\\\/\\\/www.gold.fr\\\/news\\\/#website\"},\"primaryImageOfPage\":{\"@id\":\"https:\\\/\\\/www.gold.fr\\\/news\\\/2014\\\/08\\\/06\\\/evolution-de-lor-un-marche-indecis-entre-vendeurs-et-acheteurs\\\/#primaryimage\"},\"image\":{\"@id\":\"https:\\\/\\\/www.gold.fr\\\/news\\\/2014\\\/08\\\/06\\\/evolution-de-lor-un-marche-indecis-entre-vendeurs-et-acheteurs\\\/#primaryimage\"},\"thumbnailUrl\":\"https:\\\/\\\/www.gold.fr\\\/news\\\/wp-content\\\/uploads\\\/2011\\\/10\\\/globe-or.jpg\",\"datePublished\":\"2014-08-06T15:00:31+00:00\",\"dateModified\":\"2017-11-02T10:31:25+00:00\",\"author\":{\"@id\":\"https:\\\/\\\/www.gold.fr\\\/news\\\/#\\\/schema\\\/person\\\/070491b4b4fb7671bf59b3be20302ce9\"},\"breadcrumb\":{\"@id\":\"https:\\\/\\\/www.gold.fr\\\/news\\\/2014\\\/08\\\/06\\\/evolution-de-lor-un-marche-indecis-entre-vendeurs-et-acheteurs\\\/#breadcrumb\"},\"inLanguage\":\"fr-FR\",\"potentialAction\":[{\"@type\":\"ReadAction\",\"target\":[\"https:\\\/\\\/www.gold.fr\\\/news\\\/2014\\\/08\\\/06\\\/evolution-de-lor-un-marche-indecis-entre-vendeurs-et-acheteurs\\\/\"]}]},{\"@type\":\"ImageObject\",\"inLanguage\":\"fr-FR\",\"@id\":\"https:\\\/\\\/www.gold.fr\\\/news\\\/2014\\\/08\\\/06\\\/evolution-de-lor-un-marche-indecis-entre-vendeurs-et-acheteurs\\\/#primaryimage\",\"url\":\"https:\\\/\\\/www.gold.fr\\\/news\\\/wp-content\\\/uploads\\\/2011\\\/10\\\/globe-or.jpg\",\"contentUrl\":\"https:\\\/\\\/www.gold.fr\\\/news\\\/wp-content\\\/uploads\\\/2011\\\/10\\\/globe-or.jpg\",\"width\":\"600\",\"height\":\"600\",\"caption\":\"Des march\u00e9s port\u00e9s par les banques centrales\"},{\"@type\":\"BreadcrumbList\",\"@id\":\"https:\\\/\\\/www.gold.fr\\\/news\\\/2014\\\/08\\\/06\\\/evolution-de-lor-un-marche-indecis-entre-vendeurs-et-acheteurs\\\/#breadcrumb\",\"itemListElement\":[{\"@type\":\"ListItem\",\"position\":1,\"name\":\"Accueil\",\"item\":\"https:\\\/\\\/www.gold.fr\\\/\"},{\"@type\":\"ListItem\",\"position\":2,\"name\":\"Actualit\u00e9s\",\"item\":\"https:\\\/\\\/www.gold.fr\\\/news\\\/\"},{\"@type\":\"ListItem\",\"position\":3,\"name\":\"Evolution de l\u2019or : Un march\u00e9 ind\u00e9cis, entre vendeurs et acheteurs\"}]},{\"@type\":\"WebSite\",\"@id\":\"https:\\\/\\\/www.gold.fr\\\/news\\\/#website\",\"url\":\"https:\\\/\\\/www.gold.fr\\\/news\\\/\",\"name\":\"Gold.fr\",\"description\":\"Actualit\u00e9s de l&#039;Or et des m\u00e9taux pr\u00e9cieux\",\"potentialAction\":[{\"@type\":\"SearchAction\",\"target\":{\"@type\":\"EntryPoint\",\"urlTemplate\":\"https:\\\/\\\/www.gold.fr\\\/news\\\/?s={search_term_string}\"},\"query-input\":{\"@type\":\"PropertyValueSpecification\",\"valueRequired\":true,\"valueName\":\"search_term_string\"}}],\"inLanguage\":\"fr-FR\"},{\"@type\":\"Person\",\"@id\":\"https:\\\/\\\/www.gold.fr\\\/news\\\/#\\\/schema\\\/person\\\/070491b4b4fb7671bf59b3be20302ce9\",\"name\":\"Comptoir National de l'Or\",\"image\":{\"@type\":\"ImageObject\",\"inLanguage\":\"fr-FR\",\"@id\":\"https:\\\/\\\/secure.gravatar.com\\\/avatar\\\/0a2867fd5abe37bed95d5a65e9d58f01756e11efc68af9888dfc50cfa7f65948?s=96&d=mm&r=gb490554db0a38188709de567aa58480d\",\"url\":\"https:\\\/\\\/secure.gravatar.com\\\/avatar\\\/0a2867fd5abe37bed95d5a65e9d58f01756e11efc68af9888dfc50cfa7f65948?s=96&d=mm&r=g\",\"contentUrl\":\"https:\\\/\\\/secure.gravatar.com\\\/avatar\\\/0a2867fd5abe37bed95d5a65e9d58f01756e11efc68af9888dfc50cfa7f65948?s=96&d=mm&r=g\",\"caption\":\"Comptoir National de l'Or\"},\"description\":\"Notre r\u00e9daction est constitu\u00e9e de membres experts dans les m\u00e9tiers de l'\u00e9conomie et la gestion, des Responsables d'agence Comptoir National de l'Or, des analystes financiers qui publient r\u00e9guli\u00e8rement des \u00e9tudes sur les politiques des banques centrales, le cours de l'or, prix de l'or, cours de l'argent, prix de l'argent, cours du platine, cours du palladium,... la situation en zone euro et l'impact de la strat\u00e9gie mon\u00e9taire de la FED. Notre \u00e9quipe scrute \u00e9galement une information plus g\u00e9n\u00e9raliste \u00e0 la recherche d'actualit\u00e9 \\\"p\u00e9pite\\\" \u00e0 vous partager. Depuis 5 ans, nous avons publi\u00e9 un peu plus de 4000 articles qui s'adressent \u00e0 un public large et vari\u00e9 ayant pour objectif de satisfaire votre curiosit\u00e9 et de partager avec vous une certaine fascination pour le m\u00e9tal jaune, le rachat d'or, et pour ceux qui veulent investir dans l'or, vendre leur or tout simplement en savoir plus... Pour tous vos achat or et argent, n'h\u00e9sitez pas \u00e0 prendre rendez-vous dans l'un de nos nombreux comptoirs.\",\"sameAs\":[\"https:\\\/\\\/www.gold.fr\"]}]}<\/script>\n<!-- \/ Yoast SEO plugin. -->","yoast_head_json":{"title":"Evolution de l\u2019or : Un march\u00e9 ind\u00e9cis, entre vendeurs et acheteurs - Gold.fr","robots":{"index":"index","follow":"follow","max-snippet":"max-snippet:-1","max-image-preview":"max-image-preview:large","max-video-preview":"max-video-preview:-1"},"canonical":"https:\/\/www.gold.fr\/news\/2014\/08\/06\/evolution-de-lor-un-marche-indecis-entre-vendeurs-et-acheteurs\/","og_locale":"fr_FR","og_type":"article","og_title":"Evolution de l\u2019or : Un march\u00e9 ind\u00e9cis, entre vendeurs et acheteurs - Gold.fr","og_description":"Aucune r\u00e9elle tendance confirm\u00e9e, sur le march\u00e9 de l&rsquo;or, cette semaine. Le calme total des \u00e9changes de volumes continue donc \u00e0 confirmer les attentes des observateurs qui avaient escompt\u00e9 ce manque d&rsquo;activit\u00e9 depuis le d\u00e9but de [&hellip;]","og_url":"https:\/\/www.gold.fr\/news\/2014\/08\/06\/evolution-de-lor-un-marche-indecis-entre-vendeurs-et-acheteurs\/","og_site_name":"Gold.fr","article_publisher":"https:\/\/www.facebook.com\/Goldfr\/","article_published_time":"2014-08-06T15:00:31+00:00","article_modified_time":"2017-11-02T10:31:25+00:00","og_image":[{"width":600,"height":600,"url":"https:\/\/www.gold.fr\/news\/wp-content\/uploads\/2011\/10\/globe-or.jpg","type":"image\/jpeg"}],"author":"Comptoir National de l'Or","twitter_card":"summary_large_image","twitter_misc":{"\u00c9crit par":"Comptoir National de l'Or","Dur\u00e9e de lecture estim\u00e9e":"1 minute"},"schema":{"@context":"https:\/\/schema.org","@graph":[{"@type":"Article","@id":"https:\/\/www.gold.fr\/news\/2014\/08\/06\/evolution-de-lor-un-marche-indecis-entre-vendeurs-et-acheteurs\/#article","isPartOf":{"@id":"https:\/\/www.gold.fr\/news\/2014\/08\/06\/evolution-de-lor-un-marche-indecis-entre-vendeurs-et-acheteurs\/"},"author":{"name":"Comptoir National de l'Or","@id":"https:\/\/www.gold.fr\/news\/#\/schema\/person\/070491b4b4fb7671bf59b3be20302ce9"},"headline":"Evolution de l\u2019or : Un march\u00e9 ind\u00e9cis, entre vendeurs et acheteurs","datePublished":"2014-08-06T15:00:31+00:00","dateModified":"2017-11-02T10:31:25+00:00","mainEntityOfPage":{"@id":"https:\/\/www.gold.fr\/news\/2014\/08\/06\/evolution-de-lor-un-marche-indecis-entre-vendeurs-et-acheteurs\/"},"wordCount":301,"commentCount":0,"image":{"@id":"https:\/\/www.gold.fr\/news\/2014\/08\/06\/evolution-de-lor-un-marche-indecis-entre-vendeurs-et-acheteurs\/#primaryimage"},"thumbnailUrl":"https:\/\/www.gold.fr\/news\/wp-content\/uploads\/2011\/10\/globe-or.jpg","keywords":["evolution or","march\u00e9","march\u00e9 de l'or"],"articleSection":["Articles de presse"],"inLanguage":"fr-FR"},{"@type":"WebPage","@id":"https:\/\/www.gold.fr\/news\/2014\/08\/06\/evolution-de-lor-un-marche-indecis-entre-vendeurs-et-acheteurs\/","url":"https:\/\/www.gold.fr\/news\/2014\/08\/06\/evolution-de-lor-un-marche-indecis-entre-vendeurs-et-acheteurs\/","name":"Evolution de l\u2019or : Un march\u00e9 ind\u00e9cis, entre vendeurs et acheteurs - Gold.fr","isPartOf":{"@id":"https:\/\/www.gold.fr\/news\/#website"},"primaryImageOfPage":{"@id":"https:\/\/www.gold.fr\/news\/2014\/08\/06\/evolution-de-lor-un-marche-indecis-entre-vendeurs-et-acheteurs\/#primaryimage"},"image":{"@id":"https:\/\/www.gold.fr\/news\/2014\/08\/06\/evolution-de-lor-un-marche-indecis-entre-vendeurs-et-acheteurs\/#primaryimage"},"thumbnailUrl":"https:\/\/www.gold.fr\/news\/wp-content\/uploads\/2011\/10\/globe-or.jpg","datePublished":"2014-08-06T15:00:31+00:00","dateModified":"2017-11-02T10:31:25+00:00","author":{"@id":"https:\/\/www.gold.fr\/news\/#\/schema\/person\/070491b4b4fb7671bf59b3be20302ce9"},"breadcrumb":{"@id":"https:\/\/www.gold.fr\/news\/2014\/08\/06\/evolution-de-lor-un-marche-indecis-entre-vendeurs-et-acheteurs\/#breadcrumb"},"inLanguage":"fr-FR","potentialAction":[{"@type":"ReadAction","target":["https:\/\/www.gold.fr\/news\/2014\/08\/06\/evolution-de-lor-un-marche-indecis-entre-vendeurs-et-acheteurs\/"]}]},{"@type":"ImageObject","inLanguage":"fr-FR","@id":"https:\/\/www.gold.fr\/news\/2014\/08\/06\/evolution-de-lor-un-marche-indecis-entre-vendeurs-et-acheteurs\/#primaryimage","url":"https:\/\/www.gold.fr\/news\/wp-content\/uploads\/2011\/10\/globe-or.jpg","contentUrl":"https:\/\/www.gold.fr\/news\/wp-content\/uploads\/2011\/10\/globe-or.jpg","width":"600","height":"600","caption":"Des march\u00e9s port\u00e9s par les banques centrales"},{"@type":"BreadcrumbList","@id":"https:\/\/www.gold.fr\/news\/2014\/08\/06\/evolution-de-lor-un-marche-indecis-entre-vendeurs-et-acheteurs\/#breadcrumb","itemListElement":[{"@type":"ListItem","position":1,"name":"Accueil","item":"https:\/\/www.gold.fr\/"},{"@type":"ListItem","position":2,"name":"Actualit\u00e9s","item":"https:\/\/www.gold.fr\/news\/"},{"@type":"ListItem","position":3,"name":"Evolution de l\u2019or : Un march\u00e9 ind\u00e9cis, entre vendeurs et acheteurs"}]},{"@type":"WebSite","@id":"https:\/\/www.gold.fr\/news\/#website","url":"https:\/\/www.gold.fr\/news\/","name":"Gold.fr","description":"Actualit\u00e9s de l&#039;Or et des m\u00e9taux pr\u00e9cieux","potentialAction":[{"@type":"SearchAction","target":{"@type":"EntryPoint","urlTemplate":"https:\/\/www.gold.fr\/news\/?s={search_term_string}"},"query-input":{"@type":"PropertyValueSpecification","valueRequired":true,"valueName":"search_term_string"}}],"inLanguage":"fr-FR"},{"@type":"Person","@id":"https:\/\/www.gold.fr\/news\/#\/schema\/person\/070491b4b4fb7671bf59b3be20302ce9","name":"Comptoir National de l'Or","image":{"@type":"ImageObject","inLanguage":"fr-FR","@id":"https:\/\/secure.gravatar.com\/avatar\/0a2867fd5abe37bed95d5a65e9d58f01756e11efc68af9888dfc50cfa7f65948?s=96&d=mm&r=gb490554db0a38188709de567aa58480d","url":"https:\/\/secure.gravatar.com\/avatar\/0a2867fd5abe37bed95d5a65e9d58f01756e11efc68af9888dfc50cfa7f65948?s=96&d=mm&r=g","contentUrl":"https:\/\/secure.gravatar.com\/avatar\/0a2867fd5abe37bed95d5a65e9d58f01756e11efc68af9888dfc50cfa7f65948?s=96&d=mm&r=g","caption":"Comptoir National de l'Or"},"description":"Notre r\u00e9daction est constitu\u00e9e de membres experts dans les m\u00e9tiers de l'\u00e9conomie et la gestion, des Responsables d'agence Comptoir National de l'Or, des analystes financiers qui publient r\u00e9guli\u00e8rement des \u00e9tudes sur les politiques des banques centrales, le cours de l'or, prix de l'or, cours de l'argent, prix de l'argent, cours du platine, cours du palladium,... la situation en zone euro et l'impact de la strat\u00e9gie mon\u00e9taire de la FED. Notre \u00e9quipe scrute \u00e9galement une information plus g\u00e9n\u00e9raliste \u00e0 la recherche d'actualit\u00e9 \"p\u00e9pite\" \u00e0 vous partager. Depuis 5 ans, nous avons publi\u00e9 un peu plus de 4000 articles qui s'adressent \u00e0 un public large et vari\u00e9 ayant pour objectif de satisfaire votre curiosit\u00e9 et de partager avec vous une certaine fascination pour le m\u00e9tal jaune, le rachat d'or, et pour ceux qui veulent investir dans l'or, vendre leur or tout simplement en savoir plus... Pour tous vos achat or et argent, n'h\u00e9sitez pas \u00e0 prendre rendez-vous dans l'un de nos nombreux comptoirs.","sameAs":["https:\/\/www.gold.fr"]}]}},"authors":[{"term_id":2565,"user_id":18,"is_guest":0,"slug":"julie","display_name":"Comptoir National de l'Or","avatar_url":"https:\/\/secure.gravatar.com\/avatar\/713f289e398d35ead876c4a4cc08607f0d6d266058cfc25683fffb6092d0e572?s=96&d=mm&r=g","0":null,"1":"","2":"","3":"","4":"","5":"","6":"","7":"","8":""}],"_links":{"self":[{"href":"https:\/\/www.gold.fr\/news\/wp-json\/wp\/v2\/posts\/15291","targetHints":{"allow":["GET"]}}],"collection":[{"href":"https:\/\/www.gold.fr\/news\/wp-json\/wp\/v2\/posts"}],"about":[{"href":"https:\/\/www.gold.fr\/news\/wp-json\/wp\/v2\/types\/post"}],"author":[{"embeddable":true,"href":"https:\/\/www.gold.fr\/news\/wp-json\/wp\/v2\/users\/18"}],"replies":[{"embeddable":true,"href":"https:\/\/www.gold.fr\/news\/wp-json\/wp\/v2\/comments?post=15291"}],"version-history":[{"count":0,"href":"https:\/\/www.gold.fr\/news\/wp-json\/wp\/v2\/posts\/15291\/revisions"}],"wp:featuredmedia":[{"embeddable":true,"href":"https:\/\/www.gold.fr\/news\/wp-json\/wp\/v2\/media\/2717"}],"wp:attachment":[{"href":"https:\/\/www.gold.fr\/news\/wp-json\/wp\/v2\/media?parent=15291"}],"wp:term":[{"taxonomy":"category","embeddable":true,"href":"https:\/\/www.gold.fr\/news\/wp-json\/wp\/v2\/categories?post=15291"},{"taxonomy":"post_tag","embeddable":true,"href":"https:\/\/www.gold.fr\/news\/wp-json\/wp\/v2\/tags?post=15291"},{"taxonomy":"author","embeddable":true,"href":"https:\/\/www.gold.fr\/news\/wp-json\/wp\/v2\/ppma_author?post=15291"}],"curies":[{"name":"wp","href":"https:\/\/api.w.org\/{rel}","templated":true}]}}