{"id":15287,"date":"2014-08-06T09:00:21","date_gmt":"2014-08-06T07:00:21","guid":{"rendered":"https:\/\/www.gold.fr\/news\/?p=15287"},"modified":"2017-11-02T11:31:26","modified_gmt":"2017-11-02T10:31:26","slug":"des-marches-euro-peu-affectes-par-lanticipation-bce","status":"publish","type":"post","link":"https:\/\/www.gold.fr\/news\/2014\/08\/06\/des-marches-euro-peu-affectes-par-lanticipation-bce\/","title":{"rendered":"Des march\u00e9s euro peu affect\u00e9s par l\u2019anticipation BCE"},"content":{"rendered":"<p><img loading=\"lazy\" decoding=\"async\" class=\"alignleft size-thumbnail wp-image-3762\" title=\"Des march\u00e9s euro peu affect\u00e9s par l\u2019anticipation BCE\" src=\"https:\/\/www.gold.fr\/news\/wp-content\/uploads\/2011\/11\/BC9966-002-150x150.jpg\" alt=\"\" width=\"150\" height=\"150\" \/><span style=\"font-size: small;\">Certes, \u00e0 passer en revue le calendrier \u00e9conomique de la semaine, on pourrait s\u2019attendre \u00e0 une r\u00e9action consid\u00e9rable de la part des investisseurs des march\u00e9s.<\/span>    <span style=\"font-size: small;\"> Rapide tour d\u2019horizon\u00a0; publication des rapports relatifs aux ventes de d\u00e9tail et des indices <strong>PMI<\/strong> de <strong>Markit<\/strong> dans la zone euro, et aux r\u00e9sultats chiffr\u00e9s de la production industrielle en <strong>Allemagne<\/strong>, en <strong>France<\/strong> et au <strong>Royaume Uni<\/strong>, sans compter les r\u00e9unions de la <strong>BCE<\/strong> (conseil des gouverneurs de l\u2019institution) et de la Banque d&rsquo;Angleterre, ainsi que la publication des r\u00e9sultats trimestriels de certains g\u00e9ants \u00e9conomiques europ\u00e9ens tels que le Cr\u00e9dit Agricole, ING, KBC, Commerzbank ou encore Allianz.<\/span>    <span style=\"font-size: small;\"> Toutefois, les experts tablent plut\u00f4t sur une semaine calme et tr\u00e8s peu mouvement\u00e9e, estimant que les principaux op\u00e9rateurs des places boursi\u00e8res mondiales voudront probablement prendre une pause au milieu de ce calendrier d\u2019une importance tr\u00e8s mod\u00e9r\u00e9e. C\u2019est notamment l\u2019opinion des analystes d\u2019<strong>Aurel BGC<\/strong> qui soulignent\u00a0: \u00ab\u00a0<em>Nous n&rsquo;anticipons pas de changement dans le discours et de d\u00e9cision nouvelle de la part de la banque centrale, mais le pr\u00e9sident de la BCE devrait alimenter les anticipations de nouvelles mesures \u00e0 la rentr\u00e9e<\/em>\u00a0\u00bb.<\/span>    <span style=\"font-size: small;\"> Loin des deux rives de l\u2019Atlantique, et c\u00f4t\u00e9 asiatique, l\u2019humeur est assez morose. Les principales places boursi\u00e8res enregistrent en effet \u00ab<em>\u00a0des scores moins flatteurs (\u2026) apr\u00e8s la publication d&rsquo;un indice PMI des services chinois de seulement 50 au mois de juillet, un plus bas historique depuis la cr\u00e9ation de la statistique il y a neuf ans<\/em>\u00a0\u00bb.<\/span><\/p>\n<!-- AddThis Advanced Settings generic via filter on the_content --><!-- AddThis Share Buttons generic via filter on the_content -->","protected":false},"excerpt":{"rendered":"<p>Certes, \u00e0 passer en revue le calendrier \u00e9conomique de la semaine, on pourrait s\u2019attendre \u00e0 une r\u00e9action consid\u00e9rable de la part des investisseurs des march\u00e9s. Rapide tour d\u2019horizon\u00a0; publication des rapports relatifs aux ventes de d\u00e9tail [&hellip;]<\/p>\n","protected":false},"author":18,"featured_media":3762,"comment_status":"open","ping_status":"open","sticky":false,"template":"","format":"standard","meta":{"_mbp_gutenberg_autopost":false,"_pgmb_is_evergreen":false,"_pgmb_ap_template_id":0,"footnotes":""},"categories":[6],"tags":[143,1878,126],"ppma_author":[2565],"class_list":["post-15287","post","type-post","status-publish","format-standard","has-post-thumbnail","hentry","category-articles-de-presse","tag-bce","tag-marches-euro","tag-zone-euro"],"yoast_head":"<!-- This site is optimized with the Yoast SEO plugin v27.5 - https:\/\/yoast.com\/product\/yoast-seo-wordpress\/ -->\n<title>Des march\u00e9s euro peu affect\u00e9s par l\u2019anticipation BCE - Gold.fr<\/title>\n<meta name=\"robots\" content=\"index, follow, max-snippet:-1, max-image-preview:large, max-video-preview:-1\" \/>\n<link rel=\"canonical\" href=\"https:\/\/www.gold.fr\/news\/2014\/08\/06\/des-marches-euro-peu-affectes-par-lanticipation-bce\/\" \/>\n<meta property=\"og:locale\" content=\"fr_FR\" \/>\n<meta property=\"og:type\" content=\"article\" \/>\n<meta property=\"og:title\" content=\"Des march\u00e9s euro peu affect\u00e9s par l\u2019anticipation BCE - Gold.fr\" \/>\n<meta property=\"og:description\" content=\"Certes, \u00e0 passer en revue le calendrier \u00e9conomique de la semaine, on pourrait s\u2019attendre \u00e0 une r\u00e9action consid\u00e9rable de la part des investisseurs des march\u00e9s. Rapide tour d\u2019horizon\u00a0; publication des rapports relatifs aux ventes de d\u00e9tail [&hellip;]\" \/>\n<meta property=\"og:url\" content=\"https:\/\/www.gold.fr\/news\/2014\/08\/06\/des-marches-euro-peu-affectes-par-lanticipation-bce\/\" \/>\n<meta property=\"og:site_name\" content=\"Gold.fr\" \/>\n<meta property=\"article:publisher\" content=\"https:\/\/www.facebook.com\/Goldfr\/\" \/>\n<meta property=\"article:published_time\" content=\"2014-08-06T07:00:21+00:00\" \/>\n<meta property=\"article:modified_time\" content=\"2017-11-02T10:31:26+00:00\" \/>\n<meta property=\"og:image\" content=\"https:\/\/www.gold.fr\/news\/wp-content\/uploads\/2011\/11\/BC9966-002.jpg\" \/>\n\t<meta property=\"og:image:width\" content=\"600\" \/>\n\t<meta property=\"og:image:height\" content=\"371\" \/>\n\t<meta property=\"og:image:type\" content=\"image\/jpeg\" \/>\n<meta name=\"author\" content=\"Comptoir National de l&#039;Or\" \/>\n<meta name=\"twitter:card\" content=\"summary_large_image\" \/>\n<meta name=\"twitter:label1\" content=\"\u00c9crit par\" \/>\n\t<meta name=\"twitter:data1\" content=\"Comptoir National de l&#039;Or\" \/>\n\t<meta name=\"twitter:label2\" content=\"Dur\u00e9e de lecture estim\u00e9e\" \/>\n\t<meta name=\"twitter:data2\" content=\"1 minute\" \/>\n<script type=\"application\/ld+json\" class=\"yoast-schema-graph\">{\"@context\":\"https:\\\/\\\/schema.org\",\"@graph\":[{\"@type\":\"Article\",\"@id\":\"https:\\\/\\\/www.gold.fr\\\/news\\\/2014\\\/08\\\/06\\\/des-marches-euro-peu-affectes-par-lanticipation-bce\\\/#article\",\"isPartOf\":{\"@id\":\"https:\\\/\\\/www.gold.fr\\\/news\\\/2014\\\/08\\\/06\\\/des-marches-euro-peu-affectes-par-lanticipation-bce\\\/\"},\"author\":{\"name\":\"Comptoir National de l'Or\",\"@id\":\"https:\\\/\\\/www.gold.fr\\\/news\\\/#\\\/schema\\\/person\\\/070491b4b4fb7671bf59b3be20302ce9\"},\"headline\":\"Des march\u00e9s euro peu affect\u00e9s par l\u2019anticipation BCE\",\"datePublished\":\"2014-08-06T07:00:21+00:00\",\"dateModified\":\"2017-11-02T10:31:26+00:00\",\"mainEntityOfPage\":{\"@id\":\"https:\\\/\\\/www.gold.fr\\\/news\\\/2014\\\/08\\\/06\\\/des-marches-euro-peu-affectes-par-lanticipation-bce\\\/\"},\"wordCount\":282,\"commentCount\":0,\"image\":{\"@id\":\"https:\\\/\\\/www.gold.fr\\\/news\\\/2014\\\/08\\\/06\\\/des-marches-euro-peu-affectes-par-lanticipation-bce\\\/#primaryimage\"},\"thumbnailUrl\":\"https:\\\/\\\/www.gold.fr\\\/news\\\/wp-content\\\/uploads\\\/2011\\\/11\\\/BC9966-002.jpg\",\"keywords\":[\"bce\",\"March\u00e9s euro\",\"zone euro\"],\"articleSection\":[\"Articles de presse\"],\"inLanguage\":\"fr-FR\"},{\"@type\":\"WebPage\",\"@id\":\"https:\\\/\\\/www.gold.fr\\\/news\\\/2014\\\/08\\\/06\\\/des-marches-euro-peu-affectes-par-lanticipation-bce\\\/\",\"url\":\"https:\\\/\\\/www.gold.fr\\\/news\\\/2014\\\/08\\\/06\\\/des-marches-euro-peu-affectes-par-lanticipation-bce\\\/\",\"name\":\"Des march\u00e9s euro peu affect\u00e9s par l\u2019anticipation BCE - Gold.fr\",\"isPartOf\":{\"@id\":\"https:\\\/\\\/www.gold.fr\\\/news\\\/#website\"},\"primaryImageOfPage\":{\"@id\":\"https:\\\/\\\/www.gold.fr\\\/news\\\/2014\\\/08\\\/06\\\/des-marches-euro-peu-affectes-par-lanticipation-bce\\\/#primaryimage\"},\"image\":{\"@id\":\"https:\\\/\\\/www.gold.fr\\\/news\\\/2014\\\/08\\\/06\\\/des-marches-euro-peu-affectes-par-lanticipation-bce\\\/#primaryimage\"},\"thumbnailUrl\":\"https:\\\/\\\/www.gold.fr\\\/news\\\/wp-content\\\/uploads\\\/2011\\\/11\\\/BC9966-002.jpg\",\"datePublished\":\"2014-08-06T07:00:21+00:00\",\"dateModified\":\"2017-11-02T10:31:26+00:00\",\"author\":{\"@id\":\"https:\\\/\\\/www.gold.fr\\\/news\\\/#\\\/schema\\\/person\\\/070491b4b4fb7671bf59b3be20302ce9\"},\"breadcrumb\":{\"@id\":\"https:\\\/\\\/www.gold.fr\\\/news\\\/2014\\\/08\\\/06\\\/des-marches-euro-peu-affectes-par-lanticipation-bce\\\/#breadcrumb\"},\"inLanguage\":\"fr-FR\",\"potentialAction\":[{\"@type\":\"ReadAction\",\"target\":[\"https:\\\/\\\/www.gold.fr\\\/news\\\/2014\\\/08\\\/06\\\/des-marches-euro-peu-affectes-par-lanticipation-bce\\\/\"]}]},{\"@type\":\"ImageObject\",\"inLanguage\":\"fr-FR\",\"@id\":\"https:\\\/\\\/www.gold.fr\\\/news\\\/2014\\\/08\\\/06\\\/des-marches-euro-peu-affectes-par-lanticipation-bce\\\/#primaryimage\",\"url\":\"https:\\\/\\\/www.gold.fr\\\/news\\\/wp-content\\\/uploads\\\/2011\\\/11\\\/BC9966-002.jpg\",\"contentUrl\":\"https:\\\/\\\/www.gold.fr\\\/news\\\/wp-content\\\/uploads\\\/2011\\\/11\\\/BC9966-002.jpg\",\"width\":\"600\",\"height\":\"371\",\"caption\":\"March\u00e9s : Nervosit\u00e9, en attendant Draghi\"},{\"@type\":\"BreadcrumbList\",\"@id\":\"https:\\\/\\\/www.gold.fr\\\/news\\\/2014\\\/08\\\/06\\\/des-marches-euro-peu-affectes-par-lanticipation-bce\\\/#breadcrumb\",\"itemListElement\":[{\"@type\":\"ListItem\",\"position\":1,\"name\":\"Accueil\",\"item\":\"https:\\\/\\\/www.gold.fr\\\/\"},{\"@type\":\"ListItem\",\"position\":2,\"name\":\"Actualit\u00e9s\",\"item\":\"https:\\\/\\\/www.gold.fr\\\/news\\\/\"},{\"@type\":\"ListItem\",\"position\":3,\"name\":\"Des march\u00e9s euro peu affect\u00e9s par l\u2019anticipation BCE\"}]},{\"@type\":\"WebSite\",\"@id\":\"https:\\\/\\\/www.gold.fr\\\/news\\\/#website\",\"url\":\"https:\\\/\\\/www.gold.fr\\\/news\\\/\",\"name\":\"Gold.fr\",\"description\":\"Actualit\u00e9s de l&#039;Or et des m\u00e9taux pr\u00e9cieux\",\"potentialAction\":[{\"@type\":\"SearchAction\",\"target\":{\"@type\":\"EntryPoint\",\"urlTemplate\":\"https:\\\/\\\/www.gold.fr\\\/news\\\/?s={search_term_string}\"},\"query-input\":{\"@type\":\"PropertyValueSpecification\",\"valueRequired\":true,\"valueName\":\"search_term_string\"}}],\"inLanguage\":\"fr-FR\"},{\"@type\":\"Person\",\"@id\":\"https:\\\/\\\/www.gold.fr\\\/news\\\/#\\\/schema\\\/person\\\/070491b4b4fb7671bf59b3be20302ce9\",\"name\":\"Comptoir National de l'Or\",\"image\":{\"@type\":\"ImageObject\",\"inLanguage\":\"fr-FR\",\"@id\":\"https:\\\/\\\/secure.gravatar.com\\\/avatar\\\/0a2867fd5abe37bed95d5a65e9d58f01756e11efc68af9888dfc50cfa7f65948?s=96&d=mm&r=gb490554db0a38188709de567aa58480d\",\"url\":\"https:\\\/\\\/secure.gravatar.com\\\/avatar\\\/0a2867fd5abe37bed95d5a65e9d58f01756e11efc68af9888dfc50cfa7f65948?s=96&d=mm&r=g\",\"contentUrl\":\"https:\\\/\\\/secure.gravatar.com\\\/avatar\\\/0a2867fd5abe37bed95d5a65e9d58f01756e11efc68af9888dfc50cfa7f65948?s=96&d=mm&r=g\",\"caption\":\"Comptoir National de l'Or\"},\"description\":\"Notre r\u00e9daction est constitu\u00e9e de membres experts dans les m\u00e9tiers de l'\u00e9conomie et la gestion, des Responsables d'agence Comptoir National de l'Or, des analystes financiers qui publient r\u00e9guli\u00e8rement des \u00e9tudes sur les politiques des banques centrales, le cours de l'or, prix de l'or, cours de l'argent, prix de l'argent, cours du platine, cours du palladium,... la situation en zone euro et l'impact de la strat\u00e9gie mon\u00e9taire de la FED. Notre \u00e9quipe scrute \u00e9galement une information plus g\u00e9n\u00e9raliste \u00e0 la recherche d'actualit\u00e9 \\\"p\u00e9pite\\\" \u00e0 vous partager. Depuis 5 ans, nous avons publi\u00e9 un peu plus de 4000 articles qui s'adressent \u00e0 un public large et vari\u00e9 ayant pour objectif de satisfaire votre curiosit\u00e9 et de partager avec vous une certaine fascination pour le m\u00e9tal jaune, le rachat d'or, et pour ceux qui veulent investir dans l'or, vendre leur or tout simplement en savoir plus... Pour tous vos achat or et argent, n'h\u00e9sitez pas \u00e0 prendre rendez-vous dans l'un de nos nombreux comptoirs.\",\"sameAs\":[\"https:\\\/\\\/www.gold.fr\"]}]}<\/script>\n<!-- \/ Yoast SEO plugin. -->","yoast_head_json":{"title":"Des march\u00e9s euro peu affect\u00e9s par l\u2019anticipation BCE - Gold.fr","robots":{"index":"index","follow":"follow","max-snippet":"max-snippet:-1","max-image-preview":"max-image-preview:large","max-video-preview":"max-video-preview:-1"},"canonical":"https:\/\/www.gold.fr\/news\/2014\/08\/06\/des-marches-euro-peu-affectes-par-lanticipation-bce\/","og_locale":"fr_FR","og_type":"article","og_title":"Des march\u00e9s euro peu affect\u00e9s par l\u2019anticipation BCE - Gold.fr","og_description":"Certes, \u00e0 passer en revue le calendrier \u00e9conomique de la semaine, on pourrait s\u2019attendre \u00e0 une r\u00e9action consid\u00e9rable de la part des investisseurs des march\u00e9s. Rapide tour d\u2019horizon\u00a0; publication des rapports relatifs aux ventes de d\u00e9tail [&hellip;]","og_url":"https:\/\/www.gold.fr\/news\/2014\/08\/06\/des-marches-euro-peu-affectes-par-lanticipation-bce\/","og_site_name":"Gold.fr","article_publisher":"https:\/\/www.facebook.com\/Goldfr\/","article_published_time":"2014-08-06T07:00:21+00:00","article_modified_time":"2017-11-02T10:31:26+00:00","og_image":[{"width":600,"height":371,"url":"https:\/\/www.gold.fr\/news\/wp-content\/uploads\/2011\/11\/BC9966-002.jpg","type":"image\/jpeg"}],"author":"Comptoir National de l'Or","twitter_card":"summary_large_image","twitter_misc":{"\u00c9crit par":"Comptoir National de l'Or","Dur\u00e9e de lecture estim\u00e9e":"1 minute"},"schema":{"@context":"https:\/\/schema.org","@graph":[{"@type":"Article","@id":"https:\/\/www.gold.fr\/news\/2014\/08\/06\/des-marches-euro-peu-affectes-par-lanticipation-bce\/#article","isPartOf":{"@id":"https:\/\/www.gold.fr\/news\/2014\/08\/06\/des-marches-euro-peu-affectes-par-lanticipation-bce\/"},"author":{"name":"Comptoir National de l'Or","@id":"https:\/\/www.gold.fr\/news\/#\/schema\/person\/070491b4b4fb7671bf59b3be20302ce9"},"headline":"Des march\u00e9s euro peu affect\u00e9s par l\u2019anticipation BCE","datePublished":"2014-08-06T07:00:21+00:00","dateModified":"2017-11-02T10:31:26+00:00","mainEntityOfPage":{"@id":"https:\/\/www.gold.fr\/news\/2014\/08\/06\/des-marches-euro-peu-affectes-par-lanticipation-bce\/"},"wordCount":282,"commentCount":0,"image":{"@id":"https:\/\/www.gold.fr\/news\/2014\/08\/06\/des-marches-euro-peu-affectes-par-lanticipation-bce\/#primaryimage"},"thumbnailUrl":"https:\/\/www.gold.fr\/news\/wp-content\/uploads\/2011\/11\/BC9966-002.jpg","keywords":["bce","March\u00e9s euro","zone euro"],"articleSection":["Articles de presse"],"inLanguage":"fr-FR"},{"@type":"WebPage","@id":"https:\/\/www.gold.fr\/news\/2014\/08\/06\/des-marches-euro-peu-affectes-par-lanticipation-bce\/","url":"https:\/\/www.gold.fr\/news\/2014\/08\/06\/des-marches-euro-peu-affectes-par-lanticipation-bce\/","name":"Des march\u00e9s euro peu affect\u00e9s par l\u2019anticipation BCE - Gold.fr","isPartOf":{"@id":"https:\/\/www.gold.fr\/news\/#website"},"primaryImageOfPage":{"@id":"https:\/\/www.gold.fr\/news\/2014\/08\/06\/des-marches-euro-peu-affectes-par-lanticipation-bce\/#primaryimage"},"image":{"@id":"https:\/\/www.gold.fr\/news\/2014\/08\/06\/des-marches-euro-peu-affectes-par-lanticipation-bce\/#primaryimage"},"thumbnailUrl":"https:\/\/www.gold.fr\/news\/wp-content\/uploads\/2011\/11\/BC9966-002.jpg","datePublished":"2014-08-06T07:00:21+00:00","dateModified":"2017-11-02T10:31:26+00:00","author":{"@id":"https:\/\/www.gold.fr\/news\/#\/schema\/person\/070491b4b4fb7671bf59b3be20302ce9"},"breadcrumb":{"@id":"https:\/\/www.gold.fr\/news\/2014\/08\/06\/des-marches-euro-peu-affectes-par-lanticipation-bce\/#breadcrumb"},"inLanguage":"fr-FR","potentialAction":[{"@type":"ReadAction","target":["https:\/\/www.gold.fr\/news\/2014\/08\/06\/des-marches-euro-peu-affectes-par-lanticipation-bce\/"]}]},{"@type":"ImageObject","inLanguage":"fr-FR","@id":"https:\/\/www.gold.fr\/news\/2014\/08\/06\/des-marches-euro-peu-affectes-par-lanticipation-bce\/#primaryimage","url":"https:\/\/www.gold.fr\/news\/wp-content\/uploads\/2011\/11\/BC9966-002.jpg","contentUrl":"https:\/\/www.gold.fr\/news\/wp-content\/uploads\/2011\/11\/BC9966-002.jpg","width":"600","height":"371","caption":"March\u00e9s : Nervosit\u00e9, en attendant Draghi"},{"@type":"BreadcrumbList","@id":"https:\/\/www.gold.fr\/news\/2014\/08\/06\/des-marches-euro-peu-affectes-par-lanticipation-bce\/#breadcrumb","itemListElement":[{"@type":"ListItem","position":1,"name":"Accueil","item":"https:\/\/www.gold.fr\/"},{"@type":"ListItem","position":2,"name":"Actualit\u00e9s","item":"https:\/\/www.gold.fr\/news\/"},{"@type":"ListItem","position":3,"name":"Des march\u00e9s euro peu affect\u00e9s par l\u2019anticipation BCE"}]},{"@type":"WebSite","@id":"https:\/\/www.gold.fr\/news\/#website","url":"https:\/\/www.gold.fr\/news\/","name":"Gold.fr","description":"Actualit\u00e9s de l&#039;Or et des m\u00e9taux pr\u00e9cieux","potentialAction":[{"@type":"SearchAction","target":{"@type":"EntryPoint","urlTemplate":"https:\/\/www.gold.fr\/news\/?s={search_term_string}"},"query-input":{"@type":"PropertyValueSpecification","valueRequired":true,"valueName":"search_term_string"}}],"inLanguage":"fr-FR"},{"@type":"Person","@id":"https:\/\/www.gold.fr\/news\/#\/schema\/person\/070491b4b4fb7671bf59b3be20302ce9","name":"Comptoir National de l'Or","image":{"@type":"ImageObject","inLanguage":"fr-FR","@id":"https:\/\/secure.gravatar.com\/avatar\/0a2867fd5abe37bed95d5a65e9d58f01756e11efc68af9888dfc50cfa7f65948?s=96&d=mm&r=gb490554db0a38188709de567aa58480d","url":"https:\/\/secure.gravatar.com\/avatar\/0a2867fd5abe37bed95d5a65e9d58f01756e11efc68af9888dfc50cfa7f65948?s=96&d=mm&r=g","contentUrl":"https:\/\/secure.gravatar.com\/avatar\/0a2867fd5abe37bed95d5a65e9d58f01756e11efc68af9888dfc50cfa7f65948?s=96&d=mm&r=g","caption":"Comptoir National de l'Or"},"description":"Notre r\u00e9daction est constitu\u00e9e de membres experts dans les m\u00e9tiers de l'\u00e9conomie et la gestion, des Responsables d'agence Comptoir National de l'Or, des analystes financiers qui publient r\u00e9guli\u00e8rement des \u00e9tudes sur les politiques des banques centrales, le cours de l'or, prix de l'or, cours de l'argent, prix de l'argent, cours du platine, cours du palladium,... la situation en zone euro et l'impact de la strat\u00e9gie mon\u00e9taire de la FED. Notre \u00e9quipe scrute \u00e9galement une information plus g\u00e9n\u00e9raliste \u00e0 la recherche d'actualit\u00e9 \"p\u00e9pite\" \u00e0 vous partager. Depuis 5 ans, nous avons publi\u00e9 un peu plus de 4000 articles qui s'adressent \u00e0 un public large et vari\u00e9 ayant pour objectif de satisfaire votre curiosit\u00e9 et de partager avec vous une certaine fascination pour le m\u00e9tal jaune, le rachat d'or, et pour ceux qui veulent investir dans l'or, vendre leur or tout simplement en savoir plus... Pour tous vos achat or et argent, n'h\u00e9sitez pas \u00e0 prendre rendez-vous dans l'un de nos nombreux comptoirs.","sameAs":["https:\/\/www.gold.fr"]}]}},"authors":[{"term_id":2565,"user_id":18,"is_guest":0,"slug":"julie","display_name":"Comptoir National de l'Or","avatar_url":"https:\/\/secure.gravatar.com\/avatar\/713f289e398d35ead876c4a4cc08607f0d6d266058cfc25683fffb6092d0e572?s=96&d=mm&r=g","0":null,"1":"","2":"","3":"","4":"","5":"","6":"","7":"","8":""}],"_links":{"self":[{"href":"https:\/\/www.gold.fr\/news\/wp-json\/wp\/v2\/posts\/15287","targetHints":{"allow":["GET"]}}],"collection":[{"href":"https:\/\/www.gold.fr\/news\/wp-json\/wp\/v2\/posts"}],"about":[{"href":"https:\/\/www.gold.fr\/news\/wp-json\/wp\/v2\/types\/post"}],"author":[{"embeddable":true,"href":"https:\/\/www.gold.fr\/news\/wp-json\/wp\/v2\/users\/18"}],"replies":[{"embeddable":true,"href":"https:\/\/www.gold.fr\/news\/wp-json\/wp\/v2\/comments?post=15287"}],"version-history":[{"count":0,"href":"https:\/\/www.gold.fr\/news\/wp-json\/wp\/v2\/posts\/15287\/revisions"}],"wp:featuredmedia":[{"embeddable":true,"href":"https:\/\/www.gold.fr\/news\/wp-json\/wp\/v2\/media\/3762"}],"wp:attachment":[{"href":"https:\/\/www.gold.fr\/news\/wp-json\/wp\/v2\/media?parent=15287"}],"wp:term":[{"taxonomy":"category","embeddable":true,"href":"https:\/\/www.gold.fr\/news\/wp-json\/wp\/v2\/categories?post=15287"},{"taxonomy":"post_tag","embeddable":true,"href":"https:\/\/www.gold.fr\/news\/wp-json\/wp\/v2\/tags?post=15287"},{"taxonomy":"author","embeddable":true,"href":"https:\/\/www.gold.fr\/news\/wp-json\/wp\/v2\/ppma_author?post=15287"}],"curies":[{"name":"wp","href":"https:\/\/api.w.org\/{rel}","templated":true}]}}