{"id":15284,"date":"2014-08-05T17:00:50","date_gmt":"2014-08-05T15:00:50","guid":{"rendered":"https:\/\/www.gold.fr\/news\/?p=15284"},"modified":"2017-11-02T11:31:26","modified_gmt":"2017-11-02T10:31:26","slug":"une-semaine-sous-le-signe-de-la-serenite","status":"publish","type":"post","link":"https:\/\/www.gold.fr\/news\/2014\/08\/05\/une-semaine-sous-le-signe-de-la-serenite\/","title":{"rendered":"Une semaine sous le signe de la s\u00e9r\u00e9nit\u00e9"},"content":{"rendered":"<p><img loading=\"lazy\" decoding=\"async\" class=\"alignleft size-thumbnail wp-image-6651\" title=\"Une semaine sous le signe de la s\u00e9r\u00e9nit\u00e9\" src=\"https:\/\/www.gold.fr\/news\/wp-content\/uploads\/2012\/04\/dollar-or-150x150.jpg\" alt=\"\" width=\"150\" height=\"150\" \/><span style=\"font-size: small;\">Apr\u00e8s les montagnes russes des deux derni\u00e8res semaines, l\u2019heure est apparemment \u00e0 la r\u00e9flexion et au calme. La semaine connaitra probablement peu de mouvements et les march\u00e9s d\u2019investissement accueillent manifestement cette pause avec un grand soulagement, en profitant pour tenter de tirer les bilans n\u00e9cessaires afin d\u2019avancer dans un sens ou dans l\u2019autre.<\/span>    <span style=\"font-size: small;\"> A la fin de la semaine derni\u00e8re, les volumes d\u2019\u00e9changes massifs qui avaient secou\u00e9 les march\u00e9s avaient t\u00e9moign\u00e9 de l\u2019effet des derni\u00e8res nouvelles \u00e9conomiques sur les principaux op\u00e9rateurs des march\u00e9s financiers. <strong>Christopher Dembik<\/strong>, \u00e9conomiste chez <strong>Saxo Banque<\/strong>, rappelle toutefois que les derniers rebondissements \u00e9conomiques europ\u00e9ens p\u00e8seront lourd dans la balance, d\u00e8s la fin de cette semaine, estimant que \u00ab<em>\u00a0les investisseurs cherchent des opportunit\u00e9s et surtout l&rsquo;annonce d&rsquo;un plan d&rsquo;aide pour Banco Espirito Santo est suffisamment cr\u00e9dible pour endiguer les craintes de nouvelle crise bancaire en Europe du sud\u00a0<\/em>\u00bb.<\/span>    <span style=\"font-size: small;\"> Rappelons en effet que le gouvernement portugais vient d\u2019annoncer son intention d\u2019apporter \u00e0 la fameuse banque un soutien mon\u00e9taire massif de l\u2019ordre de <strong>4,4 milliards d&rsquo;euros<\/strong>. Les observateurs rapportent \u00e9galement que l\u2019\u00e9tat portugais \u00ab\u00a0<em>pr\u00e9voit de puiser dans une enveloppe de 6,4 milliards qui \u00e9tait r\u00e9serv\u00e9e aux banques dans le cadre du plan de sauvetage du Portugal\u00a0<\/em>\u00bb.<\/span>    <span style=\"font-size: small;\"> Toutefois, en d\u00e9pit de la r\u00e9union <strong>BCE<\/strong> (pr\u00e9vue pour jeudi) et l\u2019annonce des commandes \u00e0 l&rsquo;industrie US et de l&rsquo;ISM des services, la semaine devrait maintenir une tendance quasi lin\u00e9aire.<\/span><\/p>\n<!-- AddThis Advanced Settings generic via filter on the_content --><!-- AddThis Share Buttons generic via filter on the_content -->","protected":false},"excerpt":{"rendered":"<p>Apr\u00e8s les montagnes russes des deux derni\u00e8res semaines, l\u2019heure est apparemment \u00e0 la r\u00e9flexion et au calme. La semaine connaitra probablement peu de mouvements et les march\u00e9s d\u2019investissement accueillent manifestement cette pause avec un grand soulagement, [&hellip;]<\/p>\n","protected":false},"author":18,"featured_media":6651,"comment_status":"open","ping_status":"open","sticky":false,"template":"","format":"standard","meta":{"_mbp_gutenberg_autopost":false,"_pgmb_is_evergreen":false,"_pgmb_ap_template_id":0,"footnotes":""},"categories":[6],"tags":[143,1000,1649,1410],"ppma_author":[2565],"class_list":["post-15284","post","type-post","status-publish","format-standard","has-post-thumbnail","hentry","category-articles-de-presse","tag-bce","tag-economie","tag-marches","tag-marches-financiers"],"yoast_head":"<!-- This site is optimized with the Yoast SEO plugin v27.5 - https:\/\/yoast.com\/product\/yoast-seo-wordpress\/ -->\n<title>Une semaine sous le signe de la s\u00e9r\u00e9nit\u00e9 - Gold.fr<\/title>\n<meta name=\"robots\" content=\"index, follow, max-snippet:-1, max-image-preview:large, max-video-preview:-1\" \/>\n<link rel=\"canonical\" href=\"https:\/\/www.gold.fr\/news\/2014\/08\/05\/une-semaine-sous-le-signe-de-la-serenite\/\" \/>\n<meta property=\"og:locale\" content=\"fr_FR\" \/>\n<meta property=\"og:type\" content=\"article\" \/>\n<meta property=\"og:title\" content=\"Une semaine sous le signe de la s\u00e9r\u00e9nit\u00e9 - Gold.fr\" \/>\n<meta property=\"og:description\" content=\"Apr\u00e8s les montagnes russes des deux derni\u00e8res semaines, l\u2019heure est apparemment \u00e0 la r\u00e9flexion et au calme. La semaine connaitra probablement peu de mouvements et les march\u00e9s d\u2019investissement accueillent manifestement cette pause avec un grand soulagement, [&hellip;]\" \/>\n<meta property=\"og:url\" content=\"https:\/\/www.gold.fr\/news\/2014\/08\/05\/une-semaine-sous-le-signe-de-la-serenite\/\" \/>\n<meta property=\"og:site_name\" content=\"Gold.fr\" \/>\n<meta property=\"article:publisher\" content=\"https:\/\/www.facebook.com\/Goldfr\/\" \/>\n<meta property=\"article:published_time\" content=\"2014-08-05T15:00:50+00:00\" \/>\n<meta property=\"article:modified_time\" content=\"2017-11-02T10:31:26+00:00\" \/>\n<meta property=\"og:image\" content=\"https:\/\/www.gold.fr\/news\/wp-content\/uploads\/2012\/04\/dollar-or.jpg\" \/>\n\t<meta property=\"og:image:width\" content=\"600\" \/>\n\t<meta property=\"og:image:height\" content=\"400\" \/>\n\t<meta property=\"og:image:type\" content=\"image\/jpeg\" \/>\n<meta name=\"author\" content=\"Comptoir National de l&#039;Or\" \/>\n<meta name=\"twitter:card\" content=\"summary_large_image\" \/>\n<meta name=\"twitter:label1\" content=\"\u00c9crit par\" \/>\n\t<meta name=\"twitter:data1\" content=\"Comptoir National de l&#039;Or\" \/>\n\t<meta name=\"twitter:label2\" content=\"Dur\u00e9e de lecture estim\u00e9e\" \/>\n\t<meta name=\"twitter:data2\" content=\"1 minute\" \/>\n<script type=\"application\/ld+json\" class=\"yoast-schema-graph\">{\"@context\":\"https:\\\/\\\/schema.org\",\"@graph\":[{\"@type\":\"Article\",\"@id\":\"https:\\\/\\\/www.gold.fr\\\/news\\\/2014\\\/08\\\/05\\\/une-semaine-sous-le-signe-de-la-serenite\\\/#article\",\"isPartOf\":{\"@id\":\"https:\\\/\\\/www.gold.fr\\\/news\\\/2014\\\/08\\\/05\\\/une-semaine-sous-le-signe-de-la-serenite\\\/\"},\"author\":{\"name\":\"Comptoir National de l'Or\",\"@id\":\"https:\\\/\\\/www.gold.fr\\\/news\\\/#\\\/schema\\\/person\\\/070491b4b4fb7671bf59b3be20302ce9\"},\"headline\":\"Une semaine sous le signe de la s\u00e9r\u00e9nit\u00e9\",\"datePublished\":\"2014-08-05T15:00:50+00:00\",\"dateModified\":\"2017-11-02T10:31:26+00:00\",\"mainEntityOfPage\":{\"@id\":\"https:\\\/\\\/www.gold.fr\\\/news\\\/2014\\\/08\\\/05\\\/une-semaine-sous-le-signe-de-la-serenite\\\/\"},\"wordCount\":273,\"commentCount\":0,\"image\":{\"@id\":\"https:\\\/\\\/www.gold.fr\\\/news\\\/2014\\\/08\\\/05\\\/une-semaine-sous-le-signe-de-la-serenite\\\/#primaryimage\"},\"thumbnailUrl\":\"https:\\\/\\\/www.gold.fr\\\/news\\\/wp-content\\\/uploads\\\/2012\\\/04\\\/dollar-or.jpg\",\"keywords\":[\"bce\",\"\u00e9conomie\",\"march\u00e9s\",\"march\u00e9s financiers\"],\"articleSection\":[\"Articles de presse\"],\"inLanguage\":\"fr-FR\"},{\"@type\":\"WebPage\",\"@id\":\"https:\\\/\\\/www.gold.fr\\\/news\\\/2014\\\/08\\\/05\\\/une-semaine-sous-le-signe-de-la-serenite\\\/\",\"url\":\"https:\\\/\\\/www.gold.fr\\\/news\\\/2014\\\/08\\\/05\\\/une-semaine-sous-le-signe-de-la-serenite\\\/\",\"name\":\"Une semaine sous le signe de la s\u00e9r\u00e9nit\u00e9 - Gold.fr\",\"isPartOf\":{\"@id\":\"https:\\\/\\\/www.gold.fr\\\/news\\\/#website\"},\"primaryImageOfPage\":{\"@id\":\"https:\\\/\\\/www.gold.fr\\\/news\\\/2014\\\/08\\\/05\\\/une-semaine-sous-le-signe-de-la-serenite\\\/#primaryimage\"},\"image\":{\"@id\":\"https:\\\/\\\/www.gold.fr\\\/news\\\/2014\\\/08\\\/05\\\/une-semaine-sous-le-signe-de-la-serenite\\\/#primaryimage\"},\"thumbnailUrl\":\"https:\\\/\\\/www.gold.fr\\\/news\\\/wp-content\\\/uploads\\\/2012\\\/04\\\/dollar-or.jpg\",\"datePublished\":\"2014-08-05T15:00:50+00:00\",\"dateModified\":\"2017-11-02T10:31:26+00:00\",\"author\":{\"@id\":\"https:\\\/\\\/www.gold.fr\\\/news\\\/#\\\/schema\\\/person\\\/070491b4b4fb7671bf59b3be20302ce9\"},\"breadcrumb\":{\"@id\":\"https:\\\/\\\/www.gold.fr\\\/news\\\/2014\\\/08\\\/05\\\/une-semaine-sous-le-signe-de-la-serenite\\\/#breadcrumb\"},\"inLanguage\":\"fr-FR\",\"potentialAction\":[{\"@type\":\"ReadAction\",\"target\":[\"https:\\\/\\\/www.gold.fr\\\/news\\\/2014\\\/08\\\/05\\\/une-semaine-sous-le-signe-de-la-serenite\\\/\"]}]},{\"@type\":\"ImageObject\",\"inLanguage\":\"fr-FR\",\"@id\":\"https:\\\/\\\/www.gold.fr\\\/news\\\/2014\\\/08\\\/05\\\/une-semaine-sous-le-signe-de-la-serenite\\\/#primaryimage\",\"url\":\"https:\\\/\\\/www.gold.fr\\\/news\\\/wp-content\\\/uploads\\\/2012\\\/04\\\/dollar-or.jpg\",\"contentUrl\":\"https:\\\/\\\/www.gold.fr\\\/news\\\/wp-content\\\/uploads\\\/2012\\\/04\\\/dollar-or.jpg\",\"width\":\"600\",\"height\":\"400\",\"caption\":\"Un calendrier charg\u00e9 pour une semaine d\u00e9cisive\"},{\"@type\":\"BreadcrumbList\",\"@id\":\"https:\\\/\\\/www.gold.fr\\\/news\\\/2014\\\/08\\\/05\\\/une-semaine-sous-le-signe-de-la-serenite\\\/#breadcrumb\",\"itemListElement\":[{\"@type\":\"ListItem\",\"position\":1,\"name\":\"Accueil\",\"item\":\"https:\\\/\\\/www.gold.fr\\\/\"},{\"@type\":\"ListItem\",\"position\":2,\"name\":\"Actualit\u00e9s\",\"item\":\"https:\\\/\\\/www.gold.fr\\\/news\\\/\"},{\"@type\":\"ListItem\",\"position\":3,\"name\":\"Une semaine sous le signe de la s\u00e9r\u00e9nit\u00e9\"}]},{\"@type\":\"WebSite\",\"@id\":\"https:\\\/\\\/www.gold.fr\\\/news\\\/#website\",\"url\":\"https:\\\/\\\/www.gold.fr\\\/news\\\/\",\"name\":\"Gold.fr\",\"description\":\"Actualit\u00e9s de l&#039;Or et des m\u00e9taux pr\u00e9cieux\",\"potentialAction\":[{\"@type\":\"SearchAction\",\"target\":{\"@type\":\"EntryPoint\",\"urlTemplate\":\"https:\\\/\\\/www.gold.fr\\\/news\\\/?s={search_term_string}\"},\"query-input\":{\"@type\":\"PropertyValueSpecification\",\"valueRequired\":true,\"valueName\":\"search_term_string\"}}],\"inLanguage\":\"fr-FR\"},{\"@type\":\"Person\",\"@id\":\"https:\\\/\\\/www.gold.fr\\\/news\\\/#\\\/schema\\\/person\\\/070491b4b4fb7671bf59b3be20302ce9\",\"name\":\"Comptoir National de l'Or\",\"image\":{\"@type\":\"ImageObject\",\"inLanguage\":\"fr-FR\",\"@id\":\"https:\\\/\\\/secure.gravatar.com\\\/avatar\\\/0a2867fd5abe37bed95d5a65e9d58f01756e11efc68af9888dfc50cfa7f65948?s=96&d=mm&r=gb490554db0a38188709de567aa58480d\",\"url\":\"https:\\\/\\\/secure.gravatar.com\\\/avatar\\\/0a2867fd5abe37bed95d5a65e9d58f01756e11efc68af9888dfc50cfa7f65948?s=96&d=mm&r=g\",\"contentUrl\":\"https:\\\/\\\/secure.gravatar.com\\\/avatar\\\/0a2867fd5abe37bed95d5a65e9d58f01756e11efc68af9888dfc50cfa7f65948?s=96&d=mm&r=g\",\"caption\":\"Comptoir National de l'Or\"},\"description\":\"Notre r\u00e9daction est constitu\u00e9e de membres experts dans les m\u00e9tiers de l'\u00e9conomie et la gestion, des Responsables d'agence Comptoir National de l'Or, des analystes financiers qui publient r\u00e9guli\u00e8rement des \u00e9tudes sur les politiques des banques centrales, le cours de l'or, prix de l'or, cours de l'argent, prix de l'argent, cours du platine, cours du palladium,... la situation en zone euro et l'impact de la strat\u00e9gie mon\u00e9taire de la FED. Notre \u00e9quipe scrute \u00e9galement une information plus g\u00e9n\u00e9raliste \u00e0 la recherche d'actualit\u00e9 \\\"p\u00e9pite\\\" \u00e0 vous partager. Depuis 5 ans, nous avons publi\u00e9 un peu plus de 4000 articles qui s'adressent \u00e0 un public large et vari\u00e9 ayant pour objectif de satisfaire votre curiosit\u00e9 et de partager avec vous une certaine fascination pour le m\u00e9tal jaune, le rachat d'or, et pour ceux qui veulent investir dans l'or, vendre leur or tout simplement en savoir plus... Pour tous vos achat or et argent, n'h\u00e9sitez pas \u00e0 prendre rendez-vous dans l'un de nos nombreux comptoirs.\",\"sameAs\":[\"https:\\\/\\\/www.gold.fr\"]}]}<\/script>\n<!-- \/ Yoast SEO plugin. -->","yoast_head_json":{"title":"Une semaine sous le signe de la s\u00e9r\u00e9nit\u00e9 - Gold.fr","robots":{"index":"index","follow":"follow","max-snippet":"max-snippet:-1","max-image-preview":"max-image-preview:large","max-video-preview":"max-video-preview:-1"},"canonical":"https:\/\/www.gold.fr\/news\/2014\/08\/05\/une-semaine-sous-le-signe-de-la-serenite\/","og_locale":"fr_FR","og_type":"article","og_title":"Une semaine sous le signe de la s\u00e9r\u00e9nit\u00e9 - Gold.fr","og_description":"Apr\u00e8s les montagnes russes des deux derni\u00e8res semaines, l\u2019heure est apparemment \u00e0 la r\u00e9flexion et au calme. La semaine connaitra probablement peu de mouvements et les march\u00e9s d\u2019investissement accueillent manifestement cette pause avec un grand soulagement, [&hellip;]","og_url":"https:\/\/www.gold.fr\/news\/2014\/08\/05\/une-semaine-sous-le-signe-de-la-serenite\/","og_site_name":"Gold.fr","article_publisher":"https:\/\/www.facebook.com\/Goldfr\/","article_published_time":"2014-08-05T15:00:50+00:00","article_modified_time":"2017-11-02T10:31:26+00:00","og_image":[{"width":600,"height":400,"url":"https:\/\/www.gold.fr\/news\/wp-content\/uploads\/2012\/04\/dollar-or.jpg","type":"image\/jpeg"}],"author":"Comptoir National de l'Or","twitter_card":"summary_large_image","twitter_misc":{"\u00c9crit par":"Comptoir National de l'Or","Dur\u00e9e de lecture estim\u00e9e":"1 minute"},"schema":{"@context":"https:\/\/schema.org","@graph":[{"@type":"Article","@id":"https:\/\/www.gold.fr\/news\/2014\/08\/05\/une-semaine-sous-le-signe-de-la-serenite\/#article","isPartOf":{"@id":"https:\/\/www.gold.fr\/news\/2014\/08\/05\/une-semaine-sous-le-signe-de-la-serenite\/"},"author":{"name":"Comptoir National de l'Or","@id":"https:\/\/www.gold.fr\/news\/#\/schema\/person\/070491b4b4fb7671bf59b3be20302ce9"},"headline":"Une semaine sous le signe de la s\u00e9r\u00e9nit\u00e9","datePublished":"2014-08-05T15:00:50+00:00","dateModified":"2017-11-02T10:31:26+00:00","mainEntityOfPage":{"@id":"https:\/\/www.gold.fr\/news\/2014\/08\/05\/une-semaine-sous-le-signe-de-la-serenite\/"},"wordCount":273,"commentCount":0,"image":{"@id":"https:\/\/www.gold.fr\/news\/2014\/08\/05\/une-semaine-sous-le-signe-de-la-serenite\/#primaryimage"},"thumbnailUrl":"https:\/\/www.gold.fr\/news\/wp-content\/uploads\/2012\/04\/dollar-or.jpg","keywords":["bce","\u00e9conomie","march\u00e9s","march\u00e9s financiers"],"articleSection":["Articles de presse"],"inLanguage":"fr-FR"},{"@type":"WebPage","@id":"https:\/\/www.gold.fr\/news\/2014\/08\/05\/une-semaine-sous-le-signe-de-la-serenite\/","url":"https:\/\/www.gold.fr\/news\/2014\/08\/05\/une-semaine-sous-le-signe-de-la-serenite\/","name":"Une semaine sous le signe de la s\u00e9r\u00e9nit\u00e9 - Gold.fr","isPartOf":{"@id":"https:\/\/www.gold.fr\/news\/#website"},"primaryImageOfPage":{"@id":"https:\/\/www.gold.fr\/news\/2014\/08\/05\/une-semaine-sous-le-signe-de-la-serenite\/#primaryimage"},"image":{"@id":"https:\/\/www.gold.fr\/news\/2014\/08\/05\/une-semaine-sous-le-signe-de-la-serenite\/#primaryimage"},"thumbnailUrl":"https:\/\/www.gold.fr\/news\/wp-content\/uploads\/2012\/04\/dollar-or.jpg","datePublished":"2014-08-05T15:00:50+00:00","dateModified":"2017-11-02T10:31:26+00:00","author":{"@id":"https:\/\/www.gold.fr\/news\/#\/schema\/person\/070491b4b4fb7671bf59b3be20302ce9"},"breadcrumb":{"@id":"https:\/\/www.gold.fr\/news\/2014\/08\/05\/une-semaine-sous-le-signe-de-la-serenite\/#breadcrumb"},"inLanguage":"fr-FR","potentialAction":[{"@type":"ReadAction","target":["https:\/\/www.gold.fr\/news\/2014\/08\/05\/une-semaine-sous-le-signe-de-la-serenite\/"]}]},{"@type":"ImageObject","inLanguage":"fr-FR","@id":"https:\/\/www.gold.fr\/news\/2014\/08\/05\/une-semaine-sous-le-signe-de-la-serenite\/#primaryimage","url":"https:\/\/www.gold.fr\/news\/wp-content\/uploads\/2012\/04\/dollar-or.jpg","contentUrl":"https:\/\/www.gold.fr\/news\/wp-content\/uploads\/2012\/04\/dollar-or.jpg","width":"600","height":"400","caption":"Un calendrier charg\u00e9 pour une semaine d\u00e9cisive"},{"@type":"BreadcrumbList","@id":"https:\/\/www.gold.fr\/news\/2014\/08\/05\/une-semaine-sous-le-signe-de-la-serenite\/#breadcrumb","itemListElement":[{"@type":"ListItem","position":1,"name":"Accueil","item":"https:\/\/www.gold.fr\/"},{"@type":"ListItem","position":2,"name":"Actualit\u00e9s","item":"https:\/\/www.gold.fr\/news\/"},{"@type":"ListItem","position":3,"name":"Une semaine sous le signe de la s\u00e9r\u00e9nit\u00e9"}]},{"@type":"WebSite","@id":"https:\/\/www.gold.fr\/news\/#website","url":"https:\/\/www.gold.fr\/news\/","name":"Gold.fr","description":"Actualit\u00e9s de l&#039;Or et des m\u00e9taux pr\u00e9cieux","potentialAction":[{"@type":"SearchAction","target":{"@type":"EntryPoint","urlTemplate":"https:\/\/www.gold.fr\/news\/?s={search_term_string}"},"query-input":{"@type":"PropertyValueSpecification","valueRequired":true,"valueName":"search_term_string"}}],"inLanguage":"fr-FR"},{"@type":"Person","@id":"https:\/\/www.gold.fr\/news\/#\/schema\/person\/070491b4b4fb7671bf59b3be20302ce9","name":"Comptoir National de l'Or","image":{"@type":"ImageObject","inLanguage":"fr-FR","@id":"https:\/\/secure.gravatar.com\/avatar\/0a2867fd5abe37bed95d5a65e9d58f01756e11efc68af9888dfc50cfa7f65948?s=96&d=mm&r=gb490554db0a38188709de567aa58480d","url":"https:\/\/secure.gravatar.com\/avatar\/0a2867fd5abe37bed95d5a65e9d58f01756e11efc68af9888dfc50cfa7f65948?s=96&d=mm&r=g","contentUrl":"https:\/\/secure.gravatar.com\/avatar\/0a2867fd5abe37bed95d5a65e9d58f01756e11efc68af9888dfc50cfa7f65948?s=96&d=mm&r=g","caption":"Comptoir National de l'Or"},"description":"Notre r\u00e9daction est constitu\u00e9e de membres experts dans les m\u00e9tiers de l'\u00e9conomie et la gestion, des Responsables d'agence Comptoir National de l'Or, des analystes financiers qui publient r\u00e9guli\u00e8rement des \u00e9tudes sur les politiques des banques centrales, le cours de l'or, prix de l'or, cours de l'argent, prix de l'argent, cours du platine, cours du palladium,... la situation en zone euro et l'impact de la strat\u00e9gie mon\u00e9taire de la FED. Notre \u00e9quipe scrute \u00e9galement une information plus g\u00e9n\u00e9raliste \u00e0 la recherche d'actualit\u00e9 \"p\u00e9pite\" \u00e0 vous partager. Depuis 5 ans, nous avons publi\u00e9 un peu plus de 4000 articles qui s'adressent \u00e0 un public large et vari\u00e9 ayant pour objectif de satisfaire votre curiosit\u00e9 et de partager avec vous une certaine fascination pour le m\u00e9tal jaune, le rachat d'or, et pour ceux qui veulent investir dans l'or, vendre leur or tout simplement en savoir plus... Pour tous vos achat or et argent, n'h\u00e9sitez pas \u00e0 prendre rendez-vous dans l'un de nos nombreux comptoirs.","sameAs":["https:\/\/www.gold.fr"]}]}},"authors":[{"term_id":2565,"user_id":18,"is_guest":0,"slug":"julie","display_name":"Comptoir National de l'Or","avatar_url":"https:\/\/secure.gravatar.com\/avatar\/713f289e398d35ead876c4a4cc08607f0d6d266058cfc25683fffb6092d0e572?s=96&d=mm&r=g","0":null,"1":"","2":"","3":"","4":"","5":"","6":"","7":"","8":""}],"_links":{"self":[{"href":"https:\/\/www.gold.fr\/news\/wp-json\/wp\/v2\/posts\/15284","targetHints":{"allow":["GET"]}}],"collection":[{"href":"https:\/\/www.gold.fr\/news\/wp-json\/wp\/v2\/posts"}],"about":[{"href":"https:\/\/www.gold.fr\/news\/wp-json\/wp\/v2\/types\/post"}],"author":[{"embeddable":true,"href":"https:\/\/www.gold.fr\/news\/wp-json\/wp\/v2\/users\/18"}],"replies":[{"embeddable":true,"href":"https:\/\/www.gold.fr\/news\/wp-json\/wp\/v2\/comments?post=15284"}],"version-history":[{"count":0,"href":"https:\/\/www.gold.fr\/news\/wp-json\/wp\/v2\/posts\/15284\/revisions"}],"wp:featuredmedia":[{"embeddable":true,"href":"https:\/\/www.gold.fr\/news\/wp-json\/wp\/v2\/media\/6651"}],"wp:attachment":[{"href":"https:\/\/www.gold.fr\/news\/wp-json\/wp\/v2\/media?parent=15284"}],"wp:term":[{"taxonomy":"category","embeddable":true,"href":"https:\/\/www.gold.fr\/news\/wp-json\/wp\/v2\/categories?post=15284"},{"taxonomy":"post_tag","embeddable":true,"href":"https:\/\/www.gold.fr\/news\/wp-json\/wp\/v2\/tags?post=15284"},{"taxonomy":"author","embeddable":true,"href":"https:\/\/www.gold.fr\/news\/wp-json\/wp\/v2\/ppma_author?post=15284"}],"curies":[{"name":"wp","href":"https:\/\/api.w.org\/{rel}","templated":true}]}}