{"id":15278,"date":"2014-08-05T09:00:20","date_gmt":"2014-08-05T07:00:20","guid":{"rendered":"https:\/\/www.gold.fr\/news\/?p=15278"},"modified":"2017-11-02T11:31:27","modified_gmt":"2017-11-02T10:31:27","slug":"evolution-estivale-de-lor-les-facteurs-de-stagnation-2","status":"publish","type":"post","link":"https:\/\/www.gold.fr\/news\/2014\/08\/05\/evolution-estivale-de-lor-les-facteurs-de-stagnation-2\/","title":{"rendered":"\u00c9volution estivale de l\u2019or : Les facteurs de stagnation 2"},"content":{"rendered":"<p><img loading=\"lazy\" decoding=\"async\" class=\"alignleft size-thumbnail wp-image-13754\" title=\"\u00c9volution estivale de l\u2019or : Les facteurs de stagnation 2\" src=\"https:\/\/www.gold.fr\/news\/wp-content\/uploads\/2014\/01\/Perspectives-mitig\u00e9es-150x150.jpg\" alt=\"\" width=\"150\" height=\"150\" \/>Outre un sentiment de prudence persistante, qui r\u00e8gne depuis le d\u00e9but de l&rsquo;\u00e9t\u00e9 sur les march\u00e9s d&rsquo;investissement, le march\u00e9 aurif\u00e8re a \u00e9galement p\u00e2ti d&rsquo;une s\u00e9rie de facteurs conjoncturels de stagnation. Tour d&rsquo;horizon.    C\u00f4t\u00e9 europ\u00e9en, c&rsquo;est l&rsquo;inflation qui apporte sa contribution active \u00e0 cette vague de stagnation aurif\u00e8re. Traditionnellement connu pour \u00eatre une valeur refuge dans les phases de crise et un bouclier particuli\u00e8rement efficace contre les menaces \u00e9conomiques telle que l&rsquo;inflation, le <a href='https:\/\/www.gold.fr\/news\/tags\/or' class='esk-seo-plu-link'>m\u00e9tal jaune<\/a> ne trouve naturellement pas appui dans la faiblesse du taux d&rsquo;inflation du bloc europ\u00e9en. Les experts de <strong>Commerzbank<\/strong> rapportent en effet que \u00ab<em> la chute du <a title=\"Prix de l'Or\" href=\"https:\/\/www.gold.fr\/cours-or-prix-de-l-or\/\" target=\"_blank\">prix de l&rsquo;or<\/a> a en partie \u00e9t\u00e9 due \u00e0 la tr\u00e8s faible inflation dans la zone euro, qui est tomb\u00e9e \u00e0 0,4% en juillet, soit son plus bas niveau depuis octobre 2009 <\/em>\u00bb.    De leur c\u00f4t\u00e9, les sp\u00e9cialistes du courtier londonien <strong>Triland Metals<\/strong> estiment que \u00ab<em> les mouvements actuels de l&rsquo;<a href='https:\/\/www.gold.fr\/news\/tags\/or' class='esk-seo-plu-link'>or<\/a> sont symptomatiques du manque de conviction de la tendance \u00e0 moyen terme<\/em>\u00a0\u00bb. Difficile en effet d&rsquo;ignorer le rebond consid\u00e9rable des chiffres et statistiques \u00e9conomiques am\u00e9ricains, depuis le d\u00e9but du mois de juillet, avec notamment une croissance de <strong>4%<\/strong> annonc\u00e9e pour le second trimestre <strong>2014<\/strong>, contre <strong>3%<\/strong> escompt\u00e9s par les \u00e9conomistes. Pour les experts de Saxo Banque, ces \u00ab\u00a0<em>bons chiffres d\u00e9tournent les investisseurs des investissements &lsquo;refuges&rsquo;<\/em>\u00a0\u00bb.    Les analystes du march\u00e9 sont enfin unanimes pour exprimer leur \u00e9tonnement de voir le <a href='https:\/\/www.gold.fr\/news\/tags\/or' class='esk-seo-plu-link'>m\u00e9tal jaune<\/a> incapable de tirer profit d&rsquo;un climat g\u00e9opolitique mondial pour le moins tendu, soulignant que \u00ab<em> la prime de risque g\u00e9opolitique ne semble pas prise en compte \u00e0 sa juste mesure, les <a href='https:\/\/www.gold.fr\/news\/tags\/cours-de-lor' class='esk-seo-plu-link'>cours de l&rsquo;or<\/a> (et du p\u00e9trole) reculant en d\u00e9pit des tensions persistantes en Irak, en Iran et en Ukraine <\/em>\u00bb.<\/p>\n<!-- AddThis Advanced Settings generic via filter on the_content --><!-- AddThis Share Buttons generic via filter on the_content -->","protected":false},"excerpt":{"rendered":"<p>Outre un sentiment de prudence persistante, qui r\u00e8gne depuis le d\u00e9but de l&rsquo;\u00e9t\u00e9 sur les march\u00e9s d&rsquo;investissement, le march\u00e9 aurif\u00e8re a \u00e9galement p\u00e2ti d&rsquo;une s\u00e9rie de facteurs conjoncturels de stagnation. Tour d&rsquo;horizon. C\u00f4t\u00e9 europ\u00e9en, c&rsquo;est l&rsquo;inflation [&hellip;]<\/p>\n","protected":false},"author":18,"featured_media":13754,"comment_status":"open","ping_status":"open","sticky":false,"template":"","format":"standard","meta":{"_mbp_gutenberg_autopost":false,"_pgmb_is_evergreen":false,"_pgmb_ap_template_id":0,"footnotes":""},"categories":[6],"tags":[116,1047,932,83],"ppma_author":[2565],"class_list":["post-15278","post","type-post","status-publish","format-standard","has-post-thumbnail","hentry","category-articles-de-presse","tag-inflation","tag-marche-aurifere","tag-metal-jaune","tag-prix-de-lor"],"yoast_head":"<!-- This site is optimized with the Yoast SEO plugin v27.5 - https:\/\/yoast.com\/product\/yoast-seo-wordpress\/ -->\n<title>\u00c9volution estivale de l\u2019or : Les facteurs de stagnation 2 - Gold.fr<\/title>\n<meta name=\"robots\" content=\"index, follow, max-snippet:-1, max-image-preview:large, max-video-preview:-1\" \/>\n<link rel=\"canonical\" href=\"https:\/\/www.gold.fr\/news\/2014\/08\/05\/evolution-estivale-de-lor-les-facteurs-de-stagnation-2\/\" \/>\n<meta property=\"og:locale\" content=\"fr_FR\" \/>\n<meta property=\"og:type\" content=\"article\" \/>\n<meta property=\"og:title\" content=\"\u00c9volution estivale de l\u2019or : Les facteurs de stagnation 2 - Gold.fr\" \/>\n<meta property=\"og:description\" content=\"Outre un sentiment de prudence persistante, qui r\u00e8gne depuis le d\u00e9but de l&rsquo;\u00e9t\u00e9 sur les march\u00e9s d&rsquo;investissement, le march\u00e9 aurif\u00e8re a \u00e9galement p\u00e2ti d&rsquo;une s\u00e9rie de facteurs conjoncturels de stagnation. Tour d&rsquo;horizon. C\u00f4t\u00e9 europ\u00e9en, c&rsquo;est l&rsquo;inflation [&hellip;]\" \/>\n<meta property=\"og:url\" content=\"https:\/\/www.gold.fr\/news\/2014\/08\/05\/evolution-estivale-de-lor-les-facteurs-de-stagnation-2\/\" \/>\n<meta property=\"og:site_name\" content=\"Gold.fr\" \/>\n<meta property=\"article:publisher\" content=\"https:\/\/www.facebook.com\/Goldfr\/\" \/>\n<meta property=\"article:published_time\" content=\"2014-08-05T07:00:20+00:00\" \/>\n<meta property=\"article:modified_time\" content=\"2017-11-02T10:31:27+00:00\" \/>\n<meta property=\"og:image\" content=\"https:\/\/www.gold.fr\/news\/wp-content\/uploads\/2014\/01\/Perspectives-mitig\u00e9es-e1390492763243.jpg\" \/>\n\t<meta property=\"og:image:width\" content=\"600\" \/>\n\t<meta property=\"og:image:height\" content=\"351\" \/>\n\t<meta property=\"og:image:type\" content=\"image\/jpeg\" \/>\n<meta name=\"author\" content=\"Comptoir National de l&#039;Or\" \/>\n<meta name=\"twitter:card\" content=\"summary_large_image\" \/>\n<meta name=\"twitter:label1\" content=\"\u00c9crit par\" \/>\n\t<meta name=\"twitter:data1\" content=\"Comptoir National de l&#039;Or\" \/>\n\t<meta name=\"twitter:label2\" content=\"Dur\u00e9e de lecture estim\u00e9e\" \/>\n\t<meta name=\"twitter:data2\" content=\"1 minute\" \/>\n<script type=\"application\/ld+json\" class=\"yoast-schema-graph\">{\"@context\":\"https:\\\/\\\/schema.org\",\"@graph\":[{\"@type\":\"Article\",\"@id\":\"https:\\\/\\\/www.gold.fr\\\/news\\\/2014\\\/08\\\/05\\\/evolution-estivale-de-lor-les-facteurs-de-stagnation-2\\\/#article\",\"isPartOf\":{\"@id\":\"https:\\\/\\\/www.gold.fr\\\/news\\\/2014\\\/08\\\/05\\\/evolution-estivale-de-lor-les-facteurs-de-stagnation-2\\\/\"},\"author\":{\"name\":\"Comptoir National de l'Or\",\"@id\":\"https:\\\/\\\/www.gold.fr\\\/news\\\/#\\\/schema\\\/person\\\/070491b4b4fb7671bf59b3be20302ce9\"},\"headline\":\"\u00c9volution estivale de l\u2019or : Les facteurs de stagnation 2\",\"datePublished\":\"2014-08-05T07:00:20+00:00\",\"dateModified\":\"2017-11-02T10:31:27+00:00\",\"mainEntityOfPage\":{\"@id\":\"https:\\\/\\\/www.gold.fr\\\/news\\\/2014\\\/08\\\/05\\\/evolution-estivale-de-lor-les-facteurs-de-stagnation-2\\\/\"},\"wordCount\":317,\"commentCount\":1,\"image\":{\"@id\":\"https:\\\/\\\/www.gold.fr\\\/news\\\/2014\\\/08\\\/05\\\/evolution-estivale-de-lor-les-facteurs-de-stagnation-2\\\/#primaryimage\"},\"thumbnailUrl\":\"https:\\\/\\\/www.gold.fr\\\/news\\\/wp-content\\\/uploads\\\/2014\\\/01\\\/Perspectives-mitig\u00e9es-e1390492763243.jpg\",\"keywords\":[\"inflation\",\"march\u00e9 aurif\u00e8re\",\"M\u00e9tal jaune\",\"prix de l'or\"],\"articleSection\":[\"Articles de presse\"],\"inLanguage\":\"fr-FR\"},{\"@type\":\"WebPage\",\"@id\":\"https:\\\/\\\/www.gold.fr\\\/news\\\/2014\\\/08\\\/05\\\/evolution-estivale-de-lor-les-facteurs-de-stagnation-2\\\/\",\"url\":\"https:\\\/\\\/www.gold.fr\\\/news\\\/2014\\\/08\\\/05\\\/evolution-estivale-de-lor-les-facteurs-de-stagnation-2\\\/\",\"name\":\"\u00c9volution estivale de l\u2019or : Les facteurs de stagnation 2 - Gold.fr\",\"isPartOf\":{\"@id\":\"https:\\\/\\\/www.gold.fr\\\/news\\\/#website\"},\"primaryImageOfPage\":{\"@id\":\"https:\\\/\\\/www.gold.fr\\\/news\\\/2014\\\/08\\\/05\\\/evolution-estivale-de-lor-les-facteurs-de-stagnation-2\\\/#primaryimage\"},\"image\":{\"@id\":\"https:\\\/\\\/www.gold.fr\\\/news\\\/2014\\\/08\\\/05\\\/evolution-estivale-de-lor-les-facteurs-de-stagnation-2\\\/#primaryimage\"},\"thumbnailUrl\":\"https:\\\/\\\/www.gold.fr\\\/news\\\/wp-content\\\/uploads\\\/2014\\\/01\\\/Perspectives-mitig\u00e9es-e1390492763243.jpg\",\"datePublished\":\"2014-08-05T07:00:20+00:00\",\"dateModified\":\"2017-11-02T10:31:27+00:00\",\"author\":{\"@id\":\"https:\\\/\\\/www.gold.fr\\\/news\\\/#\\\/schema\\\/person\\\/070491b4b4fb7671bf59b3be20302ce9\"},\"breadcrumb\":{\"@id\":\"https:\\\/\\\/www.gold.fr\\\/news\\\/2014\\\/08\\\/05\\\/evolution-estivale-de-lor-les-facteurs-de-stagnation-2\\\/#breadcrumb\"},\"inLanguage\":\"fr-FR\",\"potentialAction\":[{\"@type\":\"ReadAction\",\"target\":[\"https:\\\/\\\/www.gold.fr\\\/news\\\/2014\\\/08\\\/05\\\/evolution-estivale-de-lor-les-facteurs-de-stagnation-2\\\/\"]}]},{\"@type\":\"ImageObject\",\"inLanguage\":\"fr-FR\",\"@id\":\"https:\\\/\\\/www.gold.fr\\\/news\\\/2014\\\/08\\\/05\\\/evolution-estivale-de-lor-les-facteurs-de-stagnation-2\\\/#primaryimage\",\"url\":\"https:\\\/\\\/www.gold.fr\\\/news\\\/wp-content\\\/uploads\\\/2014\\\/01\\\/Perspectives-mitig\u00e9es-e1390492763243.jpg\",\"contentUrl\":\"https:\\\/\\\/www.gold.fr\\\/news\\\/wp-content\\\/uploads\\\/2014\\\/01\\\/Perspectives-mitig\u00e9es-e1390492763243.jpg\",\"width\":\"600\",\"height\":\"351\",\"caption\":\"Or : Un excellent premier trimestre 2016\u2026 Le moment d\u2019acheter ?\"},{\"@type\":\"BreadcrumbList\",\"@id\":\"https:\\\/\\\/www.gold.fr\\\/news\\\/2014\\\/08\\\/05\\\/evolution-estivale-de-lor-les-facteurs-de-stagnation-2\\\/#breadcrumb\",\"itemListElement\":[{\"@type\":\"ListItem\",\"position\":1,\"name\":\"Accueil\",\"item\":\"https:\\\/\\\/www.gold.fr\\\/\"},{\"@type\":\"ListItem\",\"position\":2,\"name\":\"Actualit\u00e9s\",\"item\":\"https:\\\/\\\/www.gold.fr\\\/news\\\/\"},{\"@type\":\"ListItem\",\"position\":3,\"name\":\"\u00c9volution estivale de l\u2019or : Les facteurs de stagnation 2\"}]},{\"@type\":\"WebSite\",\"@id\":\"https:\\\/\\\/www.gold.fr\\\/news\\\/#website\",\"url\":\"https:\\\/\\\/www.gold.fr\\\/news\\\/\",\"name\":\"Gold.fr\",\"description\":\"Actualit\u00e9s de l&#039;Or et des m\u00e9taux pr\u00e9cieux\",\"potentialAction\":[{\"@type\":\"SearchAction\",\"target\":{\"@type\":\"EntryPoint\",\"urlTemplate\":\"https:\\\/\\\/www.gold.fr\\\/news\\\/?s={search_term_string}\"},\"query-input\":{\"@type\":\"PropertyValueSpecification\",\"valueRequired\":true,\"valueName\":\"search_term_string\"}}],\"inLanguage\":\"fr-FR\"},{\"@type\":\"Person\",\"@id\":\"https:\\\/\\\/www.gold.fr\\\/news\\\/#\\\/schema\\\/person\\\/070491b4b4fb7671bf59b3be20302ce9\",\"name\":\"Comptoir National de l'Or\",\"image\":{\"@type\":\"ImageObject\",\"inLanguage\":\"fr-FR\",\"@id\":\"https:\\\/\\\/secure.gravatar.com\\\/avatar\\\/0a2867fd5abe37bed95d5a65e9d58f01756e11efc68af9888dfc50cfa7f65948?s=96&d=mm&r=gb490554db0a38188709de567aa58480d\",\"url\":\"https:\\\/\\\/secure.gravatar.com\\\/avatar\\\/0a2867fd5abe37bed95d5a65e9d58f01756e11efc68af9888dfc50cfa7f65948?s=96&d=mm&r=g\",\"contentUrl\":\"https:\\\/\\\/secure.gravatar.com\\\/avatar\\\/0a2867fd5abe37bed95d5a65e9d58f01756e11efc68af9888dfc50cfa7f65948?s=96&d=mm&r=g\",\"caption\":\"Comptoir National de l'Or\"},\"description\":\"Notre r\u00e9daction est constitu\u00e9e de membres experts dans les m\u00e9tiers de l'\u00e9conomie et la gestion, des Responsables d'agence Comptoir National de l'Or, des analystes financiers qui publient r\u00e9guli\u00e8rement des \u00e9tudes sur les politiques des banques centrales, le cours de l'or, prix de l'or, cours de l'argent, prix de l'argent, cours du platine, cours du palladium,... la situation en zone euro et l'impact de la strat\u00e9gie mon\u00e9taire de la FED. Notre \u00e9quipe scrute \u00e9galement une information plus g\u00e9n\u00e9raliste \u00e0 la recherche d'actualit\u00e9 \\\"p\u00e9pite\\\" \u00e0 vous partager. Depuis 5 ans, nous avons publi\u00e9 un peu plus de 4000 articles qui s'adressent \u00e0 un public large et vari\u00e9 ayant pour objectif de satisfaire votre curiosit\u00e9 et de partager avec vous une certaine fascination pour le m\u00e9tal jaune, le rachat d'or, et pour ceux qui veulent investir dans l'or, vendre leur or tout simplement en savoir plus... Pour tous vos achat or et argent, n'h\u00e9sitez pas \u00e0 prendre rendez-vous dans l'un de nos nombreux comptoirs.\",\"sameAs\":[\"https:\\\/\\\/www.gold.fr\"]}]}<\/script>\n<!-- \/ Yoast SEO plugin. -->","yoast_head_json":{"title":"\u00c9volution estivale de l\u2019or : Les facteurs de stagnation 2 - Gold.fr","robots":{"index":"index","follow":"follow","max-snippet":"max-snippet:-1","max-image-preview":"max-image-preview:large","max-video-preview":"max-video-preview:-1"},"canonical":"https:\/\/www.gold.fr\/news\/2014\/08\/05\/evolution-estivale-de-lor-les-facteurs-de-stagnation-2\/","og_locale":"fr_FR","og_type":"article","og_title":"\u00c9volution estivale de l\u2019or : Les facteurs de stagnation 2 - Gold.fr","og_description":"Outre un sentiment de prudence persistante, qui r\u00e8gne depuis le d\u00e9but de l&rsquo;\u00e9t\u00e9 sur les march\u00e9s d&rsquo;investissement, le march\u00e9 aurif\u00e8re a \u00e9galement p\u00e2ti d&rsquo;une s\u00e9rie de facteurs conjoncturels de stagnation. Tour d&rsquo;horizon. C\u00f4t\u00e9 europ\u00e9en, c&rsquo;est l&rsquo;inflation [&hellip;]","og_url":"https:\/\/www.gold.fr\/news\/2014\/08\/05\/evolution-estivale-de-lor-les-facteurs-de-stagnation-2\/","og_site_name":"Gold.fr","article_publisher":"https:\/\/www.facebook.com\/Goldfr\/","article_published_time":"2014-08-05T07:00:20+00:00","article_modified_time":"2017-11-02T10:31:27+00:00","og_image":[{"width":600,"height":351,"url":"https:\/\/www.gold.fr\/news\/wp-content\/uploads\/2014\/01\/Perspectives-mitig\u00e9es-e1390492763243.jpg","type":"image\/jpeg"}],"author":"Comptoir National de l'Or","twitter_card":"summary_large_image","twitter_misc":{"\u00c9crit par":"Comptoir National de l'Or","Dur\u00e9e de lecture estim\u00e9e":"1 minute"},"schema":{"@context":"https:\/\/schema.org","@graph":[{"@type":"Article","@id":"https:\/\/www.gold.fr\/news\/2014\/08\/05\/evolution-estivale-de-lor-les-facteurs-de-stagnation-2\/#article","isPartOf":{"@id":"https:\/\/www.gold.fr\/news\/2014\/08\/05\/evolution-estivale-de-lor-les-facteurs-de-stagnation-2\/"},"author":{"name":"Comptoir National de l'Or","@id":"https:\/\/www.gold.fr\/news\/#\/schema\/person\/070491b4b4fb7671bf59b3be20302ce9"},"headline":"\u00c9volution estivale de l\u2019or : Les facteurs de stagnation 2","datePublished":"2014-08-05T07:00:20+00:00","dateModified":"2017-11-02T10:31:27+00:00","mainEntityOfPage":{"@id":"https:\/\/www.gold.fr\/news\/2014\/08\/05\/evolution-estivale-de-lor-les-facteurs-de-stagnation-2\/"},"wordCount":317,"commentCount":1,"image":{"@id":"https:\/\/www.gold.fr\/news\/2014\/08\/05\/evolution-estivale-de-lor-les-facteurs-de-stagnation-2\/#primaryimage"},"thumbnailUrl":"https:\/\/www.gold.fr\/news\/wp-content\/uploads\/2014\/01\/Perspectives-mitig\u00e9es-e1390492763243.jpg","keywords":["inflation","march\u00e9 aurif\u00e8re","M\u00e9tal jaune","prix de l'or"],"articleSection":["Articles de presse"],"inLanguage":"fr-FR"},{"@type":"WebPage","@id":"https:\/\/www.gold.fr\/news\/2014\/08\/05\/evolution-estivale-de-lor-les-facteurs-de-stagnation-2\/","url":"https:\/\/www.gold.fr\/news\/2014\/08\/05\/evolution-estivale-de-lor-les-facteurs-de-stagnation-2\/","name":"\u00c9volution estivale de l\u2019or : Les facteurs de stagnation 2 - Gold.fr","isPartOf":{"@id":"https:\/\/www.gold.fr\/news\/#website"},"primaryImageOfPage":{"@id":"https:\/\/www.gold.fr\/news\/2014\/08\/05\/evolution-estivale-de-lor-les-facteurs-de-stagnation-2\/#primaryimage"},"image":{"@id":"https:\/\/www.gold.fr\/news\/2014\/08\/05\/evolution-estivale-de-lor-les-facteurs-de-stagnation-2\/#primaryimage"},"thumbnailUrl":"https:\/\/www.gold.fr\/news\/wp-content\/uploads\/2014\/01\/Perspectives-mitig\u00e9es-e1390492763243.jpg","datePublished":"2014-08-05T07:00:20+00:00","dateModified":"2017-11-02T10:31:27+00:00","author":{"@id":"https:\/\/www.gold.fr\/news\/#\/schema\/person\/070491b4b4fb7671bf59b3be20302ce9"},"breadcrumb":{"@id":"https:\/\/www.gold.fr\/news\/2014\/08\/05\/evolution-estivale-de-lor-les-facteurs-de-stagnation-2\/#breadcrumb"},"inLanguage":"fr-FR","potentialAction":[{"@type":"ReadAction","target":["https:\/\/www.gold.fr\/news\/2014\/08\/05\/evolution-estivale-de-lor-les-facteurs-de-stagnation-2\/"]}]},{"@type":"ImageObject","inLanguage":"fr-FR","@id":"https:\/\/www.gold.fr\/news\/2014\/08\/05\/evolution-estivale-de-lor-les-facteurs-de-stagnation-2\/#primaryimage","url":"https:\/\/www.gold.fr\/news\/wp-content\/uploads\/2014\/01\/Perspectives-mitig\u00e9es-e1390492763243.jpg","contentUrl":"https:\/\/www.gold.fr\/news\/wp-content\/uploads\/2014\/01\/Perspectives-mitig\u00e9es-e1390492763243.jpg","width":"600","height":"351","caption":"Or : Un excellent premier trimestre 2016\u2026 Le moment d\u2019acheter ?"},{"@type":"BreadcrumbList","@id":"https:\/\/www.gold.fr\/news\/2014\/08\/05\/evolution-estivale-de-lor-les-facteurs-de-stagnation-2\/#breadcrumb","itemListElement":[{"@type":"ListItem","position":1,"name":"Accueil","item":"https:\/\/www.gold.fr\/"},{"@type":"ListItem","position":2,"name":"Actualit\u00e9s","item":"https:\/\/www.gold.fr\/news\/"},{"@type":"ListItem","position":3,"name":"\u00c9volution estivale de l\u2019or : Les facteurs de stagnation 2"}]},{"@type":"WebSite","@id":"https:\/\/www.gold.fr\/news\/#website","url":"https:\/\/www.gold.fr\/news\/","name":"Gold.fr","description":"Actualit\u00e9s de l&#039;Or et des m\u00e9taux pr\u00e9cieux","potentialAction":[{"@type":"SearchAction","target":{"@type":"EntryPoint","urlTemplate":"https:\/\/www.gold.fr\/news\/?s={search_term_string}"},"query-input":{"@type":"PropertyValueSpecification","valueRequired":true,"valueName":"search_term_string"}}],"inLanguage":"fr-FR"},{"@type":"Person","@id":"https:\/\/www.gold.fr\/news\/#\/schema\/person\/070491b4b4fb7671bf59b3be20302ce9","name":"Comptoir National de l'Or","image":{"@type":"ImageObject","inLanguage":"fr-FR","@id":"https:\/\/secure.gravatar.com\/avatar\/0a2867fd5abe37bed95d5a65e9d58f01756e11efc68af9888dfc50cfa7f65948?s=96&d=mm&r=gb490554db0a38188709de567aa58480d","url":"https:\/\/secure.gravatar.com\/avatar\/0a2867fd5abe37bed95d5a65e9d58f01756e11efc68af9888dfc50cfa7f65948?s=96&d=mm&r=g","contentUrl":"https:\/\/secure.gravatar.com\/avatar\/0a2867fd5abe37bed95d5a65e9d58f01756e11efc68af9888dfc50cfa7f65948?s=96&d=mm&r=g","caption":"Comptoir National de l'Or"},"description":"Notre r\u00e9daction est constitu\u00e9e de membres experts dans les m\u00e9tiers de l'\u00e9conomie et la gestion, des Responsables d'agence Comptoir National de l'Or, des analystes financiers qui publient r\u00e9guli\u00e8rement des \u00e9tudes sur les politiques des banques centrales, le cours de l'or, prix de l'or, cours de l'argent, prix de l'argent, cours du platine, cours du palladium,... la situation en zone euro et l'impact de la strat\u00e9gie mon\u00e9taire de la FED. Notre \u00e9quipe scrute \u00e9galement une information plus g\u00e9n\u00e9raliste \u00e0 la recherche d'actualit\u00e9 \"p\u00e9pite\" \u00e0 vous partager. Depuis 5 ans, nous avons publi\u00e9 un peu plus de 4000 articles qui s'adressent \u00e0 un public large et vari\u00e9 ayant pour objectif de satisfaire votre curiosit\u00e9 et de partager avec vous une certaine fascination pour le m\u00e9tal jaune, le rachat d'or, et pour ceux qui veulent investir dans l'or, vendre leur or tout simplement en savoir plus... Pour tous vos achat or et argent, n'h\u00e9sitez pas \u00e0 prendre rendez-vous dans l'un de nos nombreux comptoirs.","sameAs":["https:\/\/www.gold.fr"]}]}},"authors":[{"term_id":2565,"user_id":18,"is_guest":0,"slug":"julie","display_name":"Comptoir National de l'Or","avatar_url":"https:\/\/secure.gravatar.com\/avatar\/713f289e398d35ead876c4a4cc08607f0d6d266058cfc25683fffb6092d0e572?s=96&d=mm&r=g","0":null,"1":"","2":"","3":"","4":"","5":"","6":"","7":"","8":""}],"_links":{"self":[{"href":"https:\/\/www.gold.fr\/news\/wp-json\/wp\/v2\/posts\/15278","targetHints":{"allow":["GET"]}}],"collection":[{"href":"https:\/\/www.gold.fr\/news\/wp-json\/wp\/v2\/posts"}],"about":[{"href":"https:\/\/www.gold.fr\/news\/wp-json\/wp\/v2\/types\/post"}],"author":[{"embeddable":true,"href":"https:\/\/www.gold.fr\/news\/wp-json\/wp\/v2\/users\/18"}],"replies":[{"embeddable":true,"href":"https:\/\/www.gold.fr\/news\/wp-json\/wp\/v2\/comments?post=15278"}],"version-history":[{"count":0,"href":"https:\/\/www.gold.fr\/news\/wp-json\/wp\/v2\/posts\/15278\/revisions"}],"wp:featuredmedia":[{"embeddable":true,"href":"https:\/\/www.gold.fr\/news\/wp-json\/wp\/v2\/media\/13754"}],"wp:attachment":[{"href":"https:\/\/www.gold.fr\/news\/wp-json\/wp\/v2\/media?parent=15278"}],"wp:term":[{"taxonomy":"category","embeddable":true,"href":"https:\/\/www.gold.fr\/news\/wp-json\/wp\/v2\/categories?post=15278"},{"taxonomy":"post_tag","embeddable":true,"href":"https:\/\/www.gold.fr\/news\/wp-json\/wp\/v2\/tags?post=15278"},{"taxonomy":"author","embeddable":true,"href":"https:\/\/www.gold.fr\/news\/wp-json\/wp\/v2\/ppma_author?post=15278"}],"curies":[{"name":"wp","href":"https:\/\/api.w.org\/{rel}","templated":true}]}}