{"id":15275,"date":"2014-08-04T17:00:11","date_gmt":"2014-08-04T15:00:11","guid":{"rendered":"https:\/\/www.gold.fr\/news\/?p=15275"},"modified":"2017-11-02T11:31:27","modified_gmt":"2017-11-02T10:31:27","slug":"evolution-estivale-de-lor-les-facteurs-de-stagnation-1","status":"publish","type":"post","link":"https:\/\/www.gold.fr\/news\/2014\/08\/04\/evolution-estivale-de-lor-les-facteurs-de-stagnation-1\/","title":{"rendered":"\u00c9volution estivale de l\u2019or : Les facteurs de stagnation 1"},"content":{"rendered":"<p><img loading=\"lazy\" decoding=\"async\" class=\"alignleft size-thumbnail wp-image-3901\" title=\"\u00c9volution estivale de l\u2019or : Les facteurs de stagnation 1\" src=\"https:\/\/www.gold.fr\/news\/wp-content\/uploads\/2011\/11\/87987826-150x150.jpg\" alt=\"\" width=\"150\" height=\"150\" \/><span style=\"font-size: small;\">Le march\u00e9 aurif\u00e8re traverse, depuis deux semaines, <a title=\"L\u2019or stagne, la FED en vue\" href=\"https:\/\/www.gold.fr\/news\/2014\/07\/31\/lor-stagne-la-fed-en-vue\/15251\/\" target=\"_blank\">une phase de stagnation plus ou moins prononc\u00e9e<\/a>, en fonction des s\u00e9ances et des facteurs conjoncturels occasionnels qui viennent occasionnellement s&rsquo;ajouter facteur plus constant de la m\u00e9fiance prolong\u00e9e des investisseurs.<\/span>    <span style=\"font-size: small;\"> Les observateurs notent \u00e9galement que cette baisse du <a href='https:\/\/www.gold.fr\/news\/tags\/or' class='esk-seo-plu-link'>m\u00e9tal jaune<\/a> a eu pour effet d&rsquo;entrainer les march\u00e9s des autres m\u00e9taux pr\u00e9cieux dans son sillage, dans un contexte mitig\u00e9 qui ne r\u00e9ussit pas \u00e0 b\u00e9n\u00e9ficier aux valeurs refuge, en d\u00e9pit de l&rsquo;accumulation persistante des crises g\u00e9opolitiques \u00e0 travers le monde. Les experts de <strong>Commerzbank<\/strong> soulignent en effet que \u00ab <em>le prix de l&rsquo;<a href='https:\/\/www.gold.fr\/news\/tags\/or' class='esk-seo-plu-link'>or<\/a> n&rsquo;arrive pas \u00e0 profiter d&rsquo;une plus grande aversion au risque parmi les intervenants du march\u00e9, glissant temporairement sous <strong>les 1280 dollars<\/strong> l&rsquo;once (vendredi dernier) matin<\/em> \u00bb.<\/span>    <span style=\"font-size: small;\"> Premier facteur de stagnation ; la reprise tr\u00e8s notable du billet vert qui semble enchainer les sommets et les records, prenant une distance consid\u00e9rable sur ses concurrents dans la sempiternelle course des principales devises mondiales. Les \u00e9conomistes rappellent \u00e0 ce propos que le renforcement du dollar ne peut que plomber la valeur du <a href='https:\/\/www.gold.fr\/news\/tags\/or' class='esk-seo-plu-link'>m\u00e9tal jaune<\/a> qui y est index\u00e9, le rendant plus co\u00fbteux pour les investisseurs munis d&rsquo;autres devises. Par ailleurs, il est \u00e9galement \u00e0 noter que \u00ab <em>les donn\u00e9es \u00e9conomiques am\u00e9ricaines ont contribu\u00e9 \u00e0 la correction du <a title=\"Prix de l'Or\" href=\"https:\/\/www.gold.fr\/cours-or-prix-de-l-or\/\" target=\"_blank\">prix de l&rsquo;or<\/a>, puisqu&rsquo;elles sugg\u00e8rent que la politique mon\u00e9taire am\u00e9ricaine pourrait \u00eatre resserr\u00e9e plus t\u00f4t que pr\u00e9vu<\/em> \u00bb.<\/span><\/p>\n<!-- AddThis Advanced Settings generic via filter on the_content --><!-- AddThis Share Buttons generic via filter on the_content -->","protected":false},"excerpt":{"rendered":"<p>Le march\u00e9 aurif\u00e8re traverse, depuis deux semaines, une phase de stagnation plus ou moins prononc\u00e9e, en fonction des s\u00e9ances et des facteurs conjoncturels occasionnels qui viennent occasionnellement s&rsquo;ajouter facteur plus constant de la m\u00e9fiance prolong\u00e9e des [&hellip;]<\/p>\n","protected":false},"author":18,"featured_media":3901,"comment_status":"open","ping_status":"open","sticky":false,"template":"","format":"standard","meta":{"_mbp_gutenberg_autopost":false,"_pgmb_is_evergreen":false,"_pgmb_ap_template_id":0,"footnotes":""},"categories":[6],"tags":[1196,1047,962,1198],"ppma_author":[2565],"class_list":["post-15275","post","type-post","status-publish","format-standard","has-post-thumbnail","hentry","category-articles-de-presse","tag-billet-vert","tag-marche-aurifere","tag-prix-or","tag-stagnation"],"yoast_head":"<!-- This site is optimized with the Yoast SEO plugin v27.5 - https:\/\/yoast.com\/product\/yoast-seo-wordpress\/ -->\n<title>\u00c9volution estivale de l\u2019or : Les facteurs de stagnation 1 - Gold.fr<\/title>\n<meta name=\"robots\" content=\"index, follow, max-snippet:-1, max-image-preview:large, max-video-preview:-1\" \/>\n<link rel=\"canonical\" href=\"https:\/\/www.gold.fr\/news\/2014\/08\/04\/evolution-estivale-de-lor-les-facteurs-de-stagnation-1\/\" \/>\n<meta property=\"og:locale\" content=\"fr_FR\" \/>\n<meta property=\"og:type\" content=\"article\" \/>\n<meta property=\"og:title\" content=\"\u00c9volution estivale de l\u2019or : Les facteurs de stagnation 1 - Gold.fr\" \/>\n<meta property=\"og:description\" content=\"Le march\u00e9 aurif\u00e8re traverse, depuis deux semaines, une phase de stagnation plus ou moins prononc\u00e9e, en fonction des s\u00e9ances et des facteurs conjoncturels occasionnels qui viennent occasionnellement s&rsquo;ajouter facteur plus constant de la m\u00e9fiance prolong\u00e9e des [&hellip;]\" \/>\n<meta property=\"og:url\" content=\"https:\/\/www.gold.fr\/news\/2014\/08\/04\/evolution-estivale-de-lor-les-facteurs-de-stagnation-1\/\" \/>\n<meta property=\"og:site_name\" content=\"Gold.fr\" \/>\n<meta property=\"article:publisher\" content=\"https:\/\/www.facebook.com\/Goldfr\/\" \/>\n<meta property=\"article:published_time\" content=\"2014-08-04T15:00:11+00:00\" \/>\n<meta property=\"article:modified_time\" content=\"2017-11-02T10:31:27+00:00\" \/>\n<meta property=\"og:image\" content=\"https:\/\/www.gold.fr\/news\/wp-content\/uploads\/2011\/11\/87987826-e1321634257485.jpg\" \/>\n\t<meta property=\"og:image:width\" content=\"608\" \/>\n\t<meta property=\"og:image:height\" content=\"400\" \/>\n\t<meta property=\"og:image:type\" content=\"image\/jpeg\" \/>\n<meta name=\"author\" content=\"Comptoir National de l&#039;Or\" \/>\n<meta name=\"twitter:card\" content=\"summary_large_image\" \/>\n<meta name=\"twitter:label1\" content=\"\u00c9crit par\" \/>\n\t<meta name=\"twitter:data1\" content=\"Comptoir National de l&#039;Or\" \/>\n\t<meta name=\"twitter:label2\" content=\"Dur\u00e9e de lecture estim\u00e9e\" \/>\n\t<meta name=\"twitter:data2\" content=\"1 minute\" \/>\n<script type=\"application\/ld+json\" class=\"yoast-schema-graph\">{\"@context\":\"https:\\\/\\\/schema.org\",\"@graph\":[{\"@type\":\"Article\",\"@id\":\"https:\\\/\\\/www.gold.fr\\\/news\\\/2014\\\/08\\\/04\\\/evolution-estivale-de-lor-les-facteurs-de-stagnation-1\\\/#article\",\"isPartOf\":{\"@id\":\"https:\\\/\\\/www.gold.fr\\\/news\\\/2014\\\/08\\\/04\\\/evolution-estivale-de-lor-les-facteurs-de-stagnation-1\\\/\"},\"author\":{\"name\":\"Comptoir National de l'Or\",\"@id\":\"https:\\\/\\\/www.gold.fr\\\/news\\\/#\\\/schema\\\/person\\\/070491b4b4fb7671bf59b3be20302ce9\"},\"headline\":\"\u00c9volution estivale de l\u2019or : Les facteurs de stagnation 1\",\"datePublished\":\"2014-08-04T15:00:11+00:00\",\"dateModified\":\"2017-11-02T10:31:27+00:00\",\"mainEntityOfPage\":{\"@id\":\"https:\\\/\\\/www.gold.fr\\\/news\\\/2014\\\/08\\\/04\\\/evolution-estivale-de-lor-les-facteurs-de-stagnation-1\\\/\"},\"wordCount\":264,\"commentCount\":0,\"image\":{\"@id\":\"https:\\\/\\\/www.gold.fr\\\/news\\\/2014\\\/08\\\/04\\\/evolution-estivale-de-lor-les-facteurs-de-stagnation-1\\\/#primaryimage\"},\"thumbnailUrl\":\"https:\\\/\\\/www.gold.fr\\\/news\\\/wp-content\\\/uploads\\\/2011\\\/11\\\/87987826-e1321634257485.jpg\",\"keywords\":[\"billet vert\",\"march\u00e9 aurif\u00e8re\",\"prix or\",\"stagnation\"],\"articleSection\":[\"Articles de presse\"],\"inLanguage\":\"fr-FR\"},{\"@type\":\"WebPage\",\"@id\":\"https:\\\/\\\/www.gold.fr\\\/news\\\/2014\\\/08\\\/04\\\/evolution-estivale-de-lor-les-facteurs-de-stagnation-1\\\/\",\"url\":\"https:\\\/\\\/www.gold.fr\\\/news\\\/2014\\\/08\\\/04\\\/evolution-estivale-de-lor-les-facteurs-de-stagnation-1\\\/\",\"name\":\"\u00c9volution estivale de l\u2019or : Les facteurs de stagnation 1 - Gold.fr\",\"isPartOf\":{\"@id\":\"https:\\\/\\\/www.gold.fr\\\/news\\\/#website\"},\"primaryImageOfPage\":{\"@id\":\"https:\\\/\\\/www.gold.fr\\\/news\\\/2014\\\/08\\\/04\\\/evolution-estivale-de-lor-les-facteurs-de-stagnation-1\\\/#primaryimage\"},\"image\":{\"@id\":\"https:\\\/\\\/www.gold.fr\\\/news\\\/2014\\\/08\\\/04\\\/evolution-estivale-de-lor-les-facteurs-de-stagnation-1\\\/#primaryimage\"},\"thumbnailUrl\":\"https:\\\/\\\/www.gold.fr\\\/news\\\/wp-content\\\/uploads\\\/2011\\\/11\\\/87987826-e1321634257485.jpg\",\"datePublished\":\"2014-08-04T15:00:11+00:00\",\"dateModified\":\"2017-11-02T10:31:27+00:00\",\"author\":{\"@id\":\"https:\\\/\\\/www.gold.fr\\\/news\\\/#\\\/schema\\\/person\\\/070491b4b4fb7671bf59b3be20302ce9\"},\"breadcrumb\":{\"@id\":\"https:\\\/\\\/www.gold.fr\\\/news\\\/2014\\\/08\\\/04\\\/evolution-estivale-de-lor-les-facteurs-de-stagnation-1\\\/#breadcrumb\"},\"inLanguage\":\"fr-FR\",\"potentialAction\":[{\"@type\":\"ReadAction\",\"target\":[\"https:\\\/\\\/www.gold.fr\\\/news\\\/2014\\\/08\\\/04\\\/evolution-estivale-de-lor-les-facteurs-de-stagnation-1\\\/\"]}]},{\"@type\":\"ImageObject\",\"inLanguage\":\"fr-FR\",\"@id\":\"https:\\\/\\\/www.gold.fr\\\/news\\\/2014\\\/08\\\/04\\\/evolution-estivale-de-lor-les-facteurs-de-stagnation-1\\\/#primaryimage\",\"url\":\"https:\\\/\\\/www.gold.fr\\\/news\\\/wp-content\\\/uploads\\\/2011\\\/11\\\/87987826-e1321634257485.jpg\",\"contentUrl\":\"https:\\\/\\\/www.gold.fr\\\/news\\\/wp-content\\\/uploads\\\/2011\\\/11\\\/87987826-e1321634257485.jpg\",\"width\":\"608\",\"height\":\"400\",\"caption\":\"Evolution de l\u2019or : L\u2019once en perte conjoncturelle de terrain\"},{\"@type\":\"BreadcrumbList\",\"@id\":\"https:\\\/\\\/www.gold.fr\\\/news\\\/2014\\\/08\\\/04\\\/evolution-estivale-de-lor-les-facteurs-de-stagnation-1\\\/#breadcrumb\",\"itemListElement\":[{\"@type\":\"ListItem\",\"position\":1,\"name\":\"Accueil\",\"item\":\"https:\\\/\\\/www.gold.fr\\\/\"},{\"@type\":\"ListItem\",\"position\":2,\"name\":\"Actualit\u00e9s\",\"item\":\"https:\\\/\\\/www.gold.fr\\\/news\\\/\"},{\"@type\":\"ListItem\",\"position\":3,\"name\":\"\u00c9volution estivale de l\u2019or : Les facteurs de stagnation 1\"}]},{\"@type\":\"WebSite\",\"@id\":\"https:\\\/\\\/www.gold.fr\\\/news\\\/#website\",\"url\":\"https:\\\/\\\/www.gold.fr\\\/news\\\/\",\"name\":\"Gold.fr\",\"description\":\"Actualit\u00e9s de l&#039;Or et des m\u00e9taux pr\u00e9cieux\",\"potentialAction\":[{\"@type\":\"SearchAction\",\"target\":{\"@type\":\"EntryPoint\",\"urlTemplate\":\"https:\\\/\\\/www.gold.fr\\\/news\\\/?s={search_term_string}\"},\"query-input\":{\"@type\":\"PropertyValueSpecification\",\"valueRequired\":true,\"valueName\":\"search_term_string\"}}],\"inLanguage\":\"fr-FR\"},{\"@type\":\"Person\",\"@id\":\"https:\\\/\\\/www.gold.fr\\\/news\\\/#\\\/schema\\\/person\\\/070491b4b4fb7671bf59b3be20302ce9\",\"name\":\"Comptoir National de l'Or\",\"image\":{\"@type\":\"ImageObject\",\"inLanguage\":\"fr-FR\",\"@id\":\"https:\\\/\\\/secure.gravatar.com\\\/avatar\\\/0a2867fd5abe37bed95d5a65e9d58f01756e11efc68af9888dfc50cfa7f65948?s=96&d=mm&r=gb490554db0a38188709de567aa58480d\",\"url\":\"https:\\\/\\\/secure.gravatar.com\\\/avatar\\\/0a2867fd5abe37bed95d5a65e9d58f01756e11efc68af9888dfc50cfa7f65948?s=96&d=mm&r=g\",\"contentUrl\":\"https:\\\/\\\/secure.gravatar.com\\\/avatar\\\/0a2867fd5abe37bed95d5a65e9d58f01756e11efc68af9888dfc50cfa7f65948?s=96&d=mm&r=g\",\"caption\":\"Comptoir National de l'Or\"},\"description\":\"Notre r\u00e9daction est constitu\u00e9e de membres experts dans les m\u00e9tiers de l'\u00e9conomie et la gestion, des Responsables d'agence Comptoir National de l'Or, des analystes financiers qui publient r\u00e9guli\u00e8rement des \u00e9tudes sur les politiques des banques centrales, le cours de l'or, prix de l'or, cours de l'argent, prix de l'argent, cours du platine, cours du palladium,... la situation en zone euro et l'impact de la strat\u00e9gie mon\u00e9taire de la FED. Notre \u00e9quipe scrute \u00e9galement une information plus g\u00e9n\u00e9raliste \u00e0 la recherche d'actualit\u00e9 \\\"p\u00e9pite\\\" \u00e0 vous partager. Depuis 5 ans, nous avons publi\u00e9 un peu plus de 4000 articles qui s'adressent \u00e0 un public large et vari\u00e9 ayant pour objectif de satisfaire votre curiosit\u00e9 et de partager avec vous une certaine fascination pour le m\u00e9tal jaune, le rachat d'or, et pour ceux qui veulent investir dans l'or, vendre leur or tout simplement en savoir plus... Pour tous vos achat or et argent, n'h\u00e9sitez pas \u00e0 prendre rendez-vous dans l'un de nos nombreux comptoirs.\",\"sameAs\":[\"https:\\\/\\\/www.gold.fr\"]}]}<\/script>\n<!-- \/ Yoast SEO plugin. -->","yoast_head_json":{"title":"\u00c9volution estivale de l\u2019or : Les facteurs de stagnation 1 - Gold.fr","robots":{"index":"index","follow":"follow","max-snippet":"max-snippet:-1","max-image-preview":"max-image-preview:large","max-video-preview":"max-video-preview:-1"},"canonical":"https:\/\/www.gold.fr\/news\/2014\/08\/04\/evolution-estivale-de-lor-les-facteurs-de-stagnation-1\/","og_locale":"fr_FR","og_type":"article","og_title":"\u00c9volution estivale de l\u2019or : Les facteurs de stagnation 1 - Gold.fr","og_description":"Le march\u00e9 aurif\u00e8re traverse, depuis deux semaines, une phase de stagnation plus ou moins prononc\u00e9e, en fonction des s\u00e9ances et des facteurs conjoncturels occasionnels qui viennent occasionnellement s&rsquo;ajouter facteur plus constant de la m\u00e9fiance prolong\u00e9e des [&hellip;]","og_url":"https:\/\/www.gold.fr\/news\/2014\/08\/04\/evolution-estivale-de-lor-les-facteurs-de-stagnation-1\/","og_site_name":"Gold.fr","article_publisher":"https:\/\/www.facebook.com\/Goldfr\/","article_published_time":"2014-08-04T15:00:11+00:00","article_modified_time":"2017-11-02T10:31:27+00:00","og_image":[{"width":608,"height":400,"url":"https:\/\/www.gold.fr\/news\/wp-content\/uploads\/2011\/11\/87987826-e1321634257485.jpg","type":"image\/jpeg"}],"author":"Comptoir National de l'Or","twitter_card":"summary_large_image","twitter_misc":{"\u00c9crit par":"Comptoir National de l'Or","Dur\u00e9e de lecture estim\u00e9e":"1 minute"},"schema":{"@context":"https:\/\/schema.org","@graph":[{"@type":"Article","@id":"https:\/\/www.gold.fr\/news\/2014\/08\/04\/evolution-estivale-de-lor-les-facteurs-de-stagnation-1\/#article","isPartOf":{"@id":"https:\/\/www.gold.fr\/news\/2014\/08\/04\/evolution-estivale-de-lor-les-facteurs-de-stagnation-1\/"},"author":{"name":"Comptoir National de l'Or","@id":"https:\/\/www.gold.fr\/news\/#\/schema\/person\/070491b4b4fb7671bf59b3be20302ce9"},"headline":"\u00c9volution estivale de l\u2019or : Les facteurs de stagnation 1","datePublished":"2014-08-04T15:00:11+00:00","dateModified":"2017-11-02T10:31:27+00:00","mainEntityOfPage":{"@id":"https:\/\/www.gold.fr\/news\/2014\/08\/04\/evolution-estivale-de-lor-les-facteurs-de-stagnation-1\/"},"wordCount":264,"commentCount":0,"image":{"@id":"https:\/\/www.gold.fr\/news\/2014\/08\/04\/evolution-estivale-de-lor-les-facteurs-de-stagnation-1\/#primaryimage"},"thumbnailUrl":"https:\/\/www.gold.fr\/news\/wp-content\/uploads\/2011\/11\/87987826-e1321634257485.jpg","keywords":["billet vert","march\u00e9 aurif\u00e8re","prix or","stagnation"],"articleSection":["Articles de presse"],"inLanguage":"fr-FR"},{"@type":"WebPage","@id":"https:\/\/www.gold.fr\/news\/2014\/08\/04\/evolution-estivale-de-lor-les-facteurs-de-stagnation-1\/","url":"https:\/\/www.gold.fr\/news\/2014\/08\/04\/evolution-estivale-de-lor-les-facteurs-de-stagnation-1\/","name":"\u00c9volution estivale de l\u2019or : Les facteurs de stagnation 1 - Gold.fr","isPartOf":{"@id":"https:\/\/www.gold.fr\/news\/#website"},"primaryImageOfPage":{"@id":"https:\/\/www.gold.fr\/news\/2014\/08\/04\/evolution-estivale-de-lor-les-facteurs-de-stagnation-1\/#primaryimage"},"image":{"@id":"https:\/\/www.gold.fr\/news\/2014\/08\/04\/evolution-estivale-de-lor-les-facteurs-de-stagnation-1\/#primaryimage"},"thumbnailUrl":"https:\/\/www.gold.fr\/news\/wp-content\/uploads\/2011\/11\/87987826-e1321634257485.jpg","datePublished":"2014-08-04T15:00:11+00:00","dateModified":"2017-11-02T10:31:27+00:00","author":{"@id":"https:\/\/www.gold.fr\/news\/#\/schema\/person\/070491b4b4fb7671bf59b3be20302ce9"},"breadcrumb":{"@id":"https:\/\/www.gold.fr\/news\/2014\/08\/04\/evolution-estivale-de-lor-les-facteurs-de-stagnation-1\/#breadcrumb"},"inLanguage":"fr-FR","potentialAction":[{"@type":"ReadAction","target":["https:\/\/www.gold.fr\/news\/2014\/08\/04\/evolution-estivale-de-lor-les-facteurs-de-stagnation-1\/"]}]},{"@type":"ImageObject","inLanguage":"fr-FR","@id":"https:\/\/www.gold.fr\/news\/2014\/08\/04\/evolution-estivale-de-lor-les-facteurs-de-stagnation-1\/#primaryimage","url":"https:\/\/www.gold.fr\/news\/wp-content\/uploads\/2011\/11\/87987826-e1321634257485.jpg","contentUrl":"https:\/\/www.gold.fr\/news\/wp-content\/uploads\/2011\/11\/87987826-e1321634257485.jpg","width":"608","height":"400","caption":"Evolution de l\u2019or : L\u2019once en perte conjoncturelle de terrain"},{"@type":"BreadcrumbList","@id":"https:\/\/www.gold.fr\/news\/2014\/08\/04\/evolution-estivale-de-lor-les-facteurs-de-stagnation-1\/#breadcrumb","itemListElement":[{"@type":"ListItem","position":1,"name":"Accueil","item":"https:\/\/www.gold.fr\/"},{"@type":"ListItem","position":2,"name":"Actualit\u00e9s","item":"https:\/\/www.gold.fr\/news\/"},{"@type":"ListItem","position":3,"name":"\u00c9volution estivale de l\u2019or : Les facteurs de stagnation 1"}]},{"@type":"WebSite","@id":"https:\/\/www.gold.fr\/news\/#website","url":"https:\/\/www.gold.fr\/news\/","name":"Gold.fr","description":"Actualit\u00e9s de l&#039;Or et des m\u00e9taux pr\u00e9cieux","potentialAction":[{"@type":"SearchAction","target":{"@type":"EntryPoint","urlTemplate":"https:\/\/www.gold.fr\/news\/?s={search_term_string}"},"query-input":{"@type":"PropertyValueSpecification","valueRequired":true,"valueName":"search_term_string"}}],"inLanguage":"fr-FR"},{"@type":"Person","@id":"https:\/\/www.gold.fr\/news\/#\/schema\/person\/070491b4b4fb7671bf59b3be20302ce9","name":"Comptoir National de l'Or","image":{"@type":"ImageObject","inLanguage":"fr-FR","@id":"https:\/\/secure.gravatar.com\/avatar\/0a2867fd5abe37bed95d5a65e9d58f01756e11efc68af9888dfc50cfa7f65948?s=96&d=mm&r=gb490554db0a38188709de567aa58480d","url":"https:\/\/secure.gravatar.com\/avatar\/0a2867fd5abe37bed95d5a65e9d58f01756e11efc68af9888dfc50cfa7f65948?s=96&d=mm&r=g","contentUrl":"https:\/\/secure.gravatar.com\/avatar\/0a2867fd5abe37bed95d5a65e9d58f01756e11efc68af9888dfc50cfa7f65948?s=96&d=mm&r=g","caption":"Comptoir National de l'Or"},"description":"Notre r\u00e9daction est constitu\u00e9e de membres experts dans les m\u00e9tiers de l'\u00e9conomie et la gestion, des Responsables d'agence Comptoir National de l'Or, des analystes financiers qui publient r\u00e9guli\u00e8rement des \u00e9tudes sur les politiques des banques centrales, le cours de l'or, prix de l'or, cours de l'argent, prix de l'argent, cours du platine, cours du palladium,... la situation en zone euro et l'impact de la strat\u00e9gie mon\u00e9taire de la FED. Notre \u00e9quipe scrute \u00e9galement une information plus g\u00e9n\u00e9raliste \u00e0 la recherche d'actualit\u00e9 \"p\u00e9pite\" \u00e0 vous partager. Depuis 5 ans, nous avons publi\u00e9 un peu plus de 4000 articles qui s'adressent \u00e0 un public large et vari\u00e9 ayant pour objectif de satisfaire votre curiosit\u00e9 et de partager avec vous une certaine fascination pour le m\u00e9tal jaune, le rachat d'or, et pour ceux qui veulent investir dans l'or, vendre leur or tout simplement en savoir plus... Pour tous vos achat or et argent, n'h\u00e9sitez pas \u00e0 prendre rendez-vous dans l'un de nos nombreux comptoirs.","sameAs":["https:\/\/www.gold.fr"]}]}},"authors":[{"term_id":2565,"user_id":18,"is_guest":0,"slug":"julie","display_name":"Comptoir National de l'Or","avatar_url":"https:\/\/secure.gravatar.com\/avatar\/713f289e398d35ead876c4a4cc08607f0d6d266058cfc25683fffb6092d0e572?s=96&d=mm&r=g","0":null,"1":"","2":"","3":"","4":"","5":"","6":"","7":"","8":""}],"_links":{"self":[{"href":"https:\/\/www.gold.fr\/news\/wp-json\/wp\/v2\/posts\/15275","targetHints":{"allow":["GET"]}}],"collection":[{"href":"https:\/\/www.gold.fr\/news\/wp-json\/wp\/v2\/posts"}],"about":[{"href":"https:\/\/www.gold.fr\/news\/wp-json\/wp\/v2\/types\/post"}],"author":[{"embeddable":true,"href":"https:\/\/www.gold.fr\/news\/wp-json\/wp\/v2\/users\/18"}],"replies":[{"embeddable":true,"href":"https:\/\/www.gold.fr\/news\/wp-json\/wp\/v2\/comments?post=15275"}],"version-history":[{"count":0,"href":"https:\/\/www.gold.fr\/news\/wp-json\/wp\/v2\/posts\/15275\/revisions"}],"wp:featuredmedia":[{"embeddable":true,"href":"https:\/\/www.gold.fr\/news\/wp-json\/wp\/v2\/media\/3901"}],"wp:attachment":[{"href":"https:\/\/www.gold.fr\/news\/wp-json\/wp\/v2\/media?parent=15275"}],"wp:term":[{"taxonomy":"category","embeddable":true,"href":"https:\/\/www.gold.fr\/news\/wp-json\/wp\/v2\/categories?post=15275"},{"taxonomy":"post_tag","embeddable":true,"href":"https:\/\/www.gold.fr\/news\/wp-json\/wp\/v2\/tags?post=15275"},{"taxonomy":"author","embeddable":true,"href":"https:\/\/www.gold.fr\/news\/wp-json\/wp\/v2\/ppma_author?post=15275"}],"curies":[{"name":"wp","href":"https:\/\/api.w.org\/{rel}","templated":true}]}}