{"id":15269,"date":"2014-08-04T09:00:49","date_gmt":"2014-08-04T07:00:49","guid":{"rendered":"https:\/\/www.gold.fr\/news\/?p=15269"},"modified":"2017-11-02T11:31:27","modified_gmt":"2017-11-02T10:31:27","slug":"des-marches-deprimes-par-des-chiffres-decevants","status":"publish","type":"post","link":"https:\/\/www.gold.fr\/news\/2014\/08\/04\/des-marches-deprimes-par-des-chiffres-decevants\/","title":{"rendered":"Des march\u00e9s d\u00e9prim\u00e9s par des chiffres d\u00e9cevants"},"content":{"rendered":"<p><img loading=\"lazy\" decoding=\"async\" class=\"alignleft size-thumbnail wp-image-10135\" title=\"Des march\u00e9s d\u00e9prim\u00e9s par des chiffres d\u00e9cevants\" src=\"https:\/\/www.gold.fr\/news\/wp-content\/uploads\/2010\/03\/dollar-150x150.jpg\" alt=\"\" width=\"150\" height=\"150\" \/><span style=\"font-size: small;\">Et, une fois n&rsquo;est pas coutume, il s&rsquo;agit d&rsquo;une d\u00e9pression qui r\u00e8gne sur les deux rives de l&rsquo;Atlantique, bien que ses causes proviennent essentiellement de la c\u00f4te am\u00e9ricaine et ses derniers rapports \u00e9conomiques d\u00e9cevants.<\/span>    <span style=\"font-size: small;\"> Certes, la rive europ\u00e9enne et sa conjoncture g\u00e9opolitique maussade ne sont pas en reste non plus ; entre \u00ab <em>d\u00e9faut argentin et tensions russo-occidentales<\/em> \u00bb, le bloc euro confirme \u00e9galement sa participation active \u00e0 la morosit\u00e9 des march\u00e9s d&rsquo;investissement.<\/span>    <span style=\"font-size: small;\"> Mais c&rsquo;est surtout l&rsquo;\u00e9conomie US qui est actuellement \u00e0 l&rsquo;ordre du jour. Une r\u00e9cente enqu\u00eate mensuelle r\u00e9alis\u00e9e aupr\u00e8s des directeurs d&rsquo;achats locaux avait en effet r\u00e9v\u00e9l\u00e9 que la croissance de l&rsquo;activit\u00e9 \u00e9conomique dans la r\u00e9gion de Chicago a \u00ab <em>fortement d\u00e9c\u00e9l\u00e9r\u00e9 au mois de juillet <\/em>\u00bb, ramenant l&rsquo;indice <strong>PMI<\/strong> de Chicago \u00e0<strong> 52,6<\/strong>, \u00e0 l&rsquo;heure o\u00f9 les pr\u00e9visions des \u00e9conomistes le pla\u00e7aient aux environs des <strong>63<\/strong>, apr\u00e8s les encourageants <strong>62,6<\/strong> du mois de juin.<\/span>    <span style=\"font-size: small;\"> Par ailleurs, le taux de ch\u00f4mage n&rsquo;affiche pas non une bonne performance. Un autre rapport majeur du D\u00e9partement du Travail indique en effet que \u00ab<em> les inscriptions hebdomadaires aux allocations ch\u00f4mage ont rebondi de <strong>23.000<\/strong> aux Etats-Unis lors de la semaine du 26 juillet, \u00e0 <strong>302.000<\/strong> contre <strong>279.000<\/strong> la semaine pr\u00e9c\u00e9dente<\/em> \u00bb.<\/span>    <span style=\"font-size: small;\"> Bref, une conjoncture g\u00e9n\u00e9rale bien maussade qui devrait booster le march\u00e9 aurif\u00e8re. <a href='https:\/\/www.gold.fr\/news\/tags\/or' class='esk-seo-plu-link'>Or<\/a>, avec la chute de la demande physique asiatique se tient en obstacle face \u00e0 cette possibilit\u00e9. Les experts soulignent que \u00ab <em>avec une demande pas suffisamment robuste de la part des deux plus grands consommateurs d&rsquo;<a href='https:\/\/www.gold.fr\/news\/tags\/or' class='esk-seo-plu-link'>or<\/a> de la plan\u00e8te, il est difficile d&rsquo;envisager que les prix se reprennent de mani\u00e8re significative<\/em> \u00bb.<\/span><\/p>\n<!-- AddThis Advanced Settings generic via filter on the_content --><!-- AddThis Share Buttons generic via filter on the_content -->","protected":false},"excerpt":{"rendered":"<p>Et, une fois n&rsquo;est pas coutume, il s&rsquo;agit d&rsquo;une d\u00e9pression qui r\u00e8gne sur les deux rives de l&rsquo;Atlantique, bien que ses causes proviennent essentiellement de la c\u00f4te am\u00e9ricaine et ses derniers rapports \u00e9conomiques d\u00e9cevants. Certes, la [&hellip;]<\/p>\n","protected":false},"author":18,"featured_media":10135,"comment_status":"open","ping_status":"open","sticky":false,"template":"","format":"standard","meta":{"_mbp_gutenberg_autopost":false,"_pgmb_is_evergreen":false,"_pgmb_ap_template_id":0,"footnotes":""},"categories":[6],"tags":[1265,1100,1047,1689],"ppma_author":[2565],"class_list":["post-15269","post","type-post","status-publish","format-standard","has-post-thumbnail","hentry","category-articles-de-presse","tag-chomage","tag-economie-us","tag-marche-aurifere","tag-pmi"],"yoast_head":"<!-- This site is optimized with the Yoast SEO plugin v27.5 - https:\/\/yoast.com\/product\/yoast-seo-wordpress\/ -->\n<title>Des march\u00e9s d\u00e9prim\u00e9s par des chiffres d\u00e9cevants - Gold.fr<\/title>\n<meta name=\"robots\" content=\"index, follow, max-snippet:-1, max-image-preview:large, max-video-preview:-1\" \/>\n<link rel=\"canonical\" href=\"https:\/\/www.gold.fr\/news\/2014\/08\/04\/des-marches-deprimes-par-des-chiffres-decevants\/\" \/>\n<meta property=\"og:locale\" content=\"fr_FR\" \/>\n<meta property=\"og:type\" content=\"article\" \/>\n<meta property=\"og:title\" content=\"Des march\u00e9s d\u00e9prim\u00e9s par des chiffres d\u00e9cevants - Gold.fr\" \/>\n<meta property=\"og:description\" content=\"Et, une fois n&rsquo;est pas coutume, il s&rsquo;agit d&rsquo;une d\u00e9pression qui r\u00e8gne sur les deux rives de l&rsquo;Atlantique, bien que ses causes proviennent essentiellement de la c\u00f4te am\u00e9ricaine et ses derniers rapports \u00e9conomiques d\u00e9cevants. Certes, la [&hellip;]\" \/>\n<meta property=\"og:url\" content=\"https:\/\/www.gold.fr\/news\/2014\/08\/04\/des-marches-deprimes-par-des-chiffres-decevants\/\" \/>\n<meta property=\"og:site_name\" content=\"Gold.fr\" \/>\n<meta property=\"article:publisher\" content=\"https:\/\/www.facebook.com\/Goldfr\/\" \/>\n<meta property=\"article:published_time\" content=\"2014-08-04T07:00:49+00:00\" \/>\n<meta property=\"article:modified_time\" content=\"2017-11-02T10:31:27+00:00\" \/>\n<meta property=\"og:image\" content=\"https:\/\/www.gold.fr\/news\/wp-content\/uploads\/2010\/03\/dollar.jpg\" \/>\n\t<meta property=\"og:image:width\" content=\"600\" \/>\n\t<meta property=\"og:image:height\" content=\"450\" \/>\n\t<meta property=\"og:image:type\" content=\"image\/jpeg\" \/>\n<meta name=\"author\" content=\"Comptoir National de l&#039;Or\" \/>\n<meta name=\"twitter:card\" content=\"summary_large_image\" \/>\n<meta name=\"twitter:label1\" content=\"\u00c9crit par\" \/>\n\t<meta name=\"twitter:data1\" content=\"Comptoir National de l&#039;Or\" \/>\n\t<meta name=\"twitter:label2\" content=\"Dur\u00e9e de lecture estim\u00e9e\" \/>\n\t<meta name=\"twitter:data2\" content=\"1 minute\" \/>\n<script type=\"application\/ld+json\" class=\"yoast-schema-graph\">{\"@context\":\"https:\\\/\\\/schema.org\",\"@graph\":[{\"@type\":\"Article\",\"@id\":\"https:\\\/\\\/www.gold.fr\\\/news\\\/2014\\\/08\\\/04\\\/des-marches-deprimes-par-des-chiffres-decevants\\\/#article\",\"isPartOf\":{\"@id\":\"https:\\\/\\\/www.gold.fr\\\/news\\\/2014\\\/08\\\/04\\\/des-marches-deprimes-par-des-chiffres-decevants\\\/\"},\"author\":{\"name\":\"Comptoir National de l'Or\",\"@id\":\"https:\\\/\\\/www.gold.fr\\\/news\\\/#\\\/schema\\\/person\\\/070491b4b4fb7671bf59b3be20302ce9\"},\"headline\":\"Des march\u00e9s d\u00e9prim\u00e9s par des chiffres d\u00e9cevants\",\"datePublished\":\"2014-08-04T07:00:49+00:00\",\"dateModified\":\"2017-11-02T10:31:27+00:00\",\"mainEntityOfPage\":{\"@id\":\"https:\\\/\\\/www.gold.fr\\\/news\\\/2014\\\/08\\\/04\\\/des-marches-deprimes-par-des-chiffres-decevants\\\/\"},\"wordCount\":301,\"commentCount\":0,\"image\":{\"@id\":\"https:\\\/\\\/www.gold.fr\\\/news\\\/2014\\\/08\\\/04\\\/des-marches-deprimes-par-des-chiffres-decevants\\\/#primaryimage\"},\"thumbnailUrl\":\"https:\\\/\\\/www.gold.fr\\\/news\\\/wp-content\\\/uploads\\\/2010\\\/03\\\/dollar.jpg\",\"keywords\":[\"chomage\",\"\u00e9conomie US\",\"march\u00e9 aurif\u00e8re\",\"PMI\"],\"articleSection\":[\"Articles de presse\"],\"inLanguage\":\"fr-FR\"},{\"@type\":\"WebPage\",\"@id\":\"https:\\\/\\\/www.gold.fr\\\/news\\\/2014\\\/08\\\/04\\\/des-marches-deprimes-par-des-chiffres-decevants\\\/\",\"url\":\"https:\\\/\\\/www.gold.fr\\\/news\\\/2014\\\/08\\\/04\\\/des-marches-deprimes-par-des-chiffres-decevants\\\/\",\"name\":\"Des march\u00e9s d\u00e9prim\u00e9s par des chiffres d\u00e9cevants - Gold.fr\",\"isPartOf\":{\"@id\":\"https:\\\/\\\/www.gold.fr\\\/news\\\/#website\"},\"primaryImageOfPage\":{\"@id\":\"https:\\\/\\\/www.gold.fr\\\/news\\\/2014\\\/08\\\/04\\\/des-marches-deprimes-par-des-chiffres-decevants\\\/#primaryimage\"},\"image\":{\"@id\":\"https:\\\/\\\/www.gold.fr\\\/news\\\/2014\\\/08\\\/04\\\/des-marches-deprimes-par-des-chiffres-decevants\\\/#primaryimage\"},\"thumbnailUrl\":\"https:\\\/\\\/www.gold.fr\\\/news\\\/wp-content\\\/uploads\\\/2010\\\/03\\\/dollar.jpg\",\"datePublished\":\"2014-08-04T07:00:49+00:00\",\"dateModified\":\"2017-11-02T10:31:27+00:00\",\"author\":{\"@id\":\"https:\\\/\\\/www.gold.fr\\\/news\\\/#\\\/schema\\\/person\\\/070491b4b4fb7671bf59b3be20302ce9\"},\"breadcrumb\":{\"@id\":\"https:\\\/\\\/www.gold.fr\\\/news\\\/2014\\\/08\\\/04\\\/des-marches-deprimes-par-des-chiffres-decevants\\\/#breadcrumb\"},\"inLanguage\":\"fr-FR\",\"potentialAction\":[{\"@type\":\"ReadAction\",\"target\":[\"https:\\\/\\\/www.gold.fr\\\/news\\\/2014\\\/08\\\/04\\\/des-marches-deprimes-par-des-chiffres-decevants\\\/\"]}]},{\"@type\":\"ImageObject\",\"inLanguage\":\"fr-FR\",\"@id\":\"https:\\\/\\\/www.gold.fr\\\/news\\\/2014\\\/08\\\/04\\\/des-marches-deprimes-par-des-chiffres-decevants\\\/#primaryimage\",\"url\":\"https:\\\/\\\/www.gold.fr\\\/news\\\/wp-content\\\/uploads\\\/2010\\\/03\\\/dollar.jpg\",\"contentUrl\":\"https:\\\/\\\/www.gold.fr\\\/news\\\/wp-content\\\/uploads\\\/2010\\\/03\\\/dollar.jpg\",\"width\":\"600\",\"height\":\"450\",\"caption\":\"Un d\u00e9but de semaine tr\u00e8s calme\"},{\"@type\":\"BreadcrumbList\",\"@id\":\"https:\\\/\\\/www.gold.fr\\\/news\\\/2014\\\/08\\\/04\\\/des-marches-deprimes-par-des-chiffres-decevants\\\/#breadcrumb\",\"itemListElement\":[{\"@type\":\"ListItem\",\"position\":1,\"name\":\"Accueil\",\"item\":\"https:\\\/\\\/www.gold.fr\\\/\"},{\"@type\":\"ListItem\",\"position\":2,\"name\":\"Actualit\u00e9s\",\"item\":\"https:\\\/\\\/www.gold.fr\\\/news\\\/\"},{\"@type\":\"ListItem\",\"position\":3,\"name\":\"Des march\u00e9s d\u00e9prim\u00e9s par des chiffres d\u00e9cevants\"}]},{\"@type\":\"WebSite\",\"@id\":\"https:\\\/\\\/www.gold.fr\\\/news\\\/#website\",\"url\":\"https:\\\/\\\/www.gold.fr\\\/news\\\/\",\"name\":\"Gold.fr\",\"description\":\"Actualit\u00e9s de l&#039;Or et des m\u00e9taux pr\u00e9cieux\",\"potentialAction\":[{\"@type\":\"SearchAction\",\"target\":{\"@type\":\"EntryPoint\",\"urlTemplate\":\"https:\\\/\\\/www.gold.fr\\\/news\\\/?s={search_term_string}\"},\"query-input\":{\"@type\":\"PropertyValueSpecification\",\"valueRequired\":true,\"valueName\":\"search_term_string\"}}],\"inLanguage\":\"fr-FR\"},{\"@type\":\"Person\",\"@id\":\"https:\\\/\\\/www.gold.fr\\\/news\\\/#\\\/schema\\\/person\\\/070491b4b4fb7671bf59b3be20302ce9\",\"name\":\"Comptoir National de l'Or\",\"image\":{\"@type\":\"ImageObject\",\"inLanguage\":\"fr-FR\",\"@id\":\"https:\\\/\\\/secure.gravatar.com\\\/avatar\\\/0a2867fd5abe37bed95d5a65e9d58f01756e11efc68af9888dfc50cfa7f65948?s=96&d=mm&r=gb490554db0a38188709de567aa58480d\",\"url\":\"https:\\\/\\\/secure.gravatar.com\\\/avatar\\\/0a2867fd5abe37bed95d5a65e9d58f01756e11efc68af9888dfc50cfa7f65948?s=96&d=mm&r=g\",\"contentUrl\":\"https:\\\/\\\/secure.gravatar.com\\\/avatar\\\/0a2867fd5abe37bed95d5a65e9d58f01756e11efc68af9888dfc50cfa7f65948?s=96&d=mm&r=g\",\"caption\":\"Comptoir National de l'Or\"},\"description\":\"Notre r\u00e9daction est constitu\u00e9e de membres experts dans les m\u00e9tiers de l'\u00e9conomie et la gestion, des Responsables d'agence Comptoir National de l'Or, des analystes financiers qui publient r\u00e9guli\u00e8rement des \u00e9tudes sur les politiques des banques centrales, le cours de l'or, prix de l'or, cours de l'argent, prix de l'argent, cours du platine, cours du palladium,... la situation en zone euro et l'impact de la strat\u00e9gie mon\u00e9taire de la FED. Notre \u00e9quipe scrute \u00e9galement une information plus g\u00e9n\u00e9raliste \u00e0 la recherche d'actualit\u00e9 \\\"p\u00e9pite\\\" \u00e0 vous partager. Depuis 5 ans, nous avons publi\u00e9 un peu plus de 4000 articles qui s'adressent \u00e0 un public large et vari\u00e9 ayant pour objectif de satisfaire votre curiosit\u00e9 et de partager avec vous une certaine fascination pour le m\u00e9tal jaune, le rachat d'or, et pour ceux qui veulent investir dans l'or, vendre leur or tout simplement en savoir plus... Pour tous vos achat or et argent, n'h\u00e9sitez pas \u00e0 prendre rendez-vous dans l'un de nos nombreux comptoirs.\",\"sameAs\":[\"https:\\\/\\\/www.gold.fr\"]}]}<\/script>\n<!-- \/ Yoast SEO plugin. -->","yoast_head_json":{"title":"Des march\u00e9s d\u00e9prim\u00e9s par des chiffres d\u00e9cevants - Gold.fr","robots":{"index":"index","follow":"follow","max-snippet":"max-snippet:-1","max-image-preview":"max-image-preview:large","max-video-preview":"max-video-preview:-1"},"canonical":"https:\/\/www.gold.fr\/news\/2014\/08\/04\/des-marches-deprimes-par-des-chiffres-decevants\/","og_locale":"fr_FR","og_type":"article","og_title":"Des march\u00e9s d\u00e9prim\u00e9s par des chiffres d\u00e9cevants - Gold.fr","og_description":"Et, une fois n&rsquo;est pas coutume, il s&rsquo;agit d&rsquo;une d\u00e9pression qui r\u00e8gne sur les deux rives de l&rsquo;Atlantique, bien que ses causes proviennent essentiellement de la c\u00f4te am\u00e9ricaine et ses derniers rapports \u00e9conomiques d\u00e9cevants. Certes, la [&hellip;]","og_url":"https:\/\/www.gold.fr\/news\/2014\/08\/04\/des-marches-deprimes-par-des-chiffres-decevants\/","og_site_name":"Gold.fr","article_publisher":"https:\/\/www.facebook.com\/Goldfr\/","article_published_time":"2014-08-04T07:00:49+00:00","article_modified_time":"2017-11-02T10:31:27+00:00","og_image":[{"width":600,"height":450,"url":"https:\/\/www.gold.fr\/news\/wp-content\/uploads\/2010\/03\/dollar.jpg","type":"image\/jpeg"}],"author":"Comptoir National de l'Or","twitter_card":"summary_large_image","twitter_misc":{"\u00c9crit par":"Comptoir National de l'Or","Dur\u00e9e de lecture estim\u00e9e":"1 minute"},"schema":{"@context":"https:\/\/schema.org","@graph":[{"@type":"Article","@id":"https:\/\/www.gold.fr\/news\/2014\/08\/04\/des-marches-deprimes-par-des-chiffres-decevants\/#article","isPartOf":{"@id":"https:\/\/www.gold.fr\/news\/2014\/08\/04\/des-marches-deprimes-par-des-chiffres-decevants\/"},"author":{"name":"Comptoir National de l'Or","@id":"https:\/\/www.gold.fr\/news\/#\/schema\/person\/070491b4b4fb7671bf59b3be20302ce9"},"headline":"Des march\u00e9s d\u00e9prim\u00e9s par des chiffres d\u00e9cevants","datePublished":"2014-08-04T07:00:49+00:00","dateModified":"2017-11-02T10:31:27+00:00","mainEntityOfPage":{"@id":"https:\/\/www.gold.fr\/news\/2014\/08\/04\/des-marches-deprimes-par-des-chiffres-decevants\/"},"wordCount":301,"commentCount":0,"image":{"@id":"https:\/\/www.gold.fr\/news\/2014\/08\/04\/des-marches-deprimes-par-des-chiffres-decevants\/#primaryimage"},"thumbnailUrl":"https:\/\/www.gold.fr\/news\/wp-content\/uploads\/2010\/03\/dollar.jpg","keywords":["chomage","\u00e9conomie US","march\u00e9 aurif\u00e8re","PMI"],"articleSection":["Articles de presse"],"inLanguage":"fr-FR"},{"@type":"WebPage","@id":"https:\/\/www.gold.fr\/news\/2014\/08\/04\/des-marches-deprimes-par-des-chiffres-decevants\/","url":"https:\/\/www.gold.fr\/news\/2014\/08\/04\/des-marches-deprimes-par-des-chiffres-decevants\/","name":"Des march\u00e9s d\u00e9prim\u00e9s par des chiffres d\u00e9cevants - Gold.fr","isPartOf":{"@id":"https:\/\/www.gold.fr\/news\/#website"},"primaryImageOfPage":{"@id":"https:\/\/www.gold.fr\/news\/2014\/08\/04\/des-marches-deprimes-par-des-chiffres-decevants\/#primaryimage"},"image":{"@id":"https:\/\/www.gold.fr\/news\/2014\/08\/04\/des-marches-deprimes-par-des-chiffres-decevants\/#primaryimage"},"thumbnailUrl":"https:\/\/www.gold.fr\/news\/wp-content\/uploads\/2010\/03\/dollar.jpg","datePublished":"2014-08-04T07:00:49+00:00","dateModified":"2017-11-02T10:31:27+00:00","author":{"@id":"https:\/\/www.gold.fr\/news\/#\/schema\/person\/070491b4b4fb7671bf59b3be20302ce9"},"breadcrumb":{"@id":"https:\/\/www.gold.fr\/news\/2014\/08\/04\/des-marches-deprimes-par-des-chiffres-decevants\/#breadcrumb"},"inLanguage":"fr-FR","potentialAction":[{"@type":"ReadAction","target":["https:\/\/www.gold.fr\/news\/2014\/08\/04\/des-marches-deprimes-par-des-chiffres-decevants\/"]}]},{"@type":"ImageObject","inLanguage":"fr-FR","@id":"https:\/\/www.gold.fr\/news\/2014\/08\/04\/des-marches-deprimes-par-des-chiffres-decevants\/#primaryimage","url":"https:\/\/www.gold.fr\/news\/wp-content\/uploads\/2010\/03\/dollar.jpg","contentUrl":"https:\/\/www.gold.fr\/news\/wp-content\/uploads\/2010\/03\/dollar.jpg","width":"600","height":"450","caption":"Un d\u00e9but de semaine tr\u00e8s calme"},{"@type":"BreadcrumbList","@id":"https:\/\/www.gold.fr\/news\/2014\/08\/04\/des-marches-deprimes-par-des-chiffres-decevants\/#breadcrumb","itemListElement":[{"@type":"ListItem","position":1,"name":"Accueil","item":"https:\/\/www.gold.fr\/"},{"@type":"ListItem","position":2,"name":"Actualit\u00e9s","item":"https:\/\/www.gold.fr\/news\/"},{"@type":"ListItem","position":3,"name":"Des march\u00e9s d\u00e9prim\u00e9s par des chiffres d\u00e9cevants"}]},{"@type":"WebSite","@id":"https:\/\/www.gold.fr\/news\/#website","url":"https:\/\/www.gold.fr\/news\/","name":"Gold.fr","description":"Actualit\u00e9s de l&#039;Or et des m\u00e9taux pr\u00e9cieux","potentialAction":[{"@type":"SearchAction","target":{"@type":"EntryPoint","urlTemplate":"https:\/\/www.gold.fr\/news\/?s={search_term_string}"},"query-input":{"@type":"PropertyValueSpecification","valueRequired":true,"valueName":"search_term_string"}}],"inLanguage":"fr-FR"},{"@type":"Person","@id":"https:\/\/www.gold.fr\/news\/#\/schema\/person\/070491b4b4fb7671bf59b3be20302ce9","name":"Comptoir National de l'Or","image":{"@type":"ImageObject","inLanguage":"fr-FR","@id":"https:\/\/secure.gravatar.com\/avatar\/0a2867fd5abe37bed95d5a65e9d58f01756e11efc68af9888dfc50cfa7f65948?s=96&d=mm&r=gb490554db0a38188709de567aa58480d","url":"https:\/\/secure.gravatar.com\/avatar\/0a2867fd5abe37bed95d5a65e9d58f01756e11efc68af9888dfc50cfa7f65948?s=96&d=mm&r=g","contentUrl":"https:\/\/secure.gravatar.com\/avatar\/0a2867fd5abe37bed95d5a65e9d58f01756e11efc68af9888dfc50cfa7f65948?s=96&d=mm&r=g","caption":"Comptoir National de l'Or"},"description":"Notre r\u00e9daction est constitu\u00e9e de membres experts dans les m\u00e9tiers de l'\u00e9conomie et la gestion, des Responsables d'agence Comptoir National de l'Or, des analystes financiers qui publient r\u00e9guli\u00e8rement des \u00e9tudes sur les politiques des banques centrales, le cours de l'or, prix de l'or, cours de l'argent, prix de l'argent, cours du platine, cours du palladium,... la situation en zone euro et l'impact de la strat\u00e9gie mon\u00e9taire de la FED. Notre \u00e9quipe scrute \u00e9galement une information plus g\u00e9n\u00e9raliste \u00e0 la recherche d'actualit\u00e9 \"p\u00e9pite\" \u00e0 vous partager. Depuis 5 ans, nous avons publi\u00e9 un peu plus de 4000 articles qui s'adressent \u00e0 un public large et vari\u00e9 ayant pour objectif de satisfaire votre curiosit\u00e9 et de partager avec vous une certaine fascination pour le m\u00e9tal jaune, le rachat d'or, et pour ceux qui veulent investir dans l'or, vendre leur or tout simplement en savoir plus... Pour tous vos achat or et argent, n'h\u00e9sitez pas \u00e0 prendre rendez-vous dans l'un de nos nombreux comptoirs.","sameAs":["https:\/\/www.gold.fr"]}]}},"authors":[{"term_id":2565,"user_id":18,"is_guest":0,"slug":"julie","display_name":"Comptoir National de l'Or","avatar_url":"https:\/\/secure.gravatar.com\/avatar\/713f289e398d35ead876c4a4cc08607f0d6d266058cfc25683fffb6092d0e572?s=96&d=mm&r=g","0":null,"1":"","2":"","3":"","4":"","5":"","6":"","7":"","8":""}],"_links":{"self":[{"href":"https:\/\/www.gold.fr\/news\/wp-json\/wp\/v2\/posts\/15269","targetHints":{"allow":["GET"]}}],"collection":[{"href":"https:\/\/www.gold.fr\/news\/wp-json\/wp\/v2\/posts"}],"about":[{"href":"https:\/\/www.gold.fr\/news\/wp-json\/wp\/v2\/types\/post"}],"author":[{"embeddable":true,"href":"https:\/\/www.gold.fr\/news\/wp-json\/wp\/v2\/users\/18"}],"replies":[{"embeddable":true,"href":"https:\/\/www.gold.fr\/news\/wp-json\/wp\/v2\/comments?post=15269"}],"version-history":[{"count":0,"href":"https:\/\/www.gold.fr\/news\/wp-json\/wp\/v2\/posts\/15269\/revisions"}],"wp:featuredmedia":[{"embeddable":true,"href":"https:\/\/www.gold.fr\/news\/wp-json\/wp\/v2\/media\/10135"}],"wp:attachment":[{"href":"https:\/\/www.gold.fr\/news\/wp-json\/wp\/v2\/media?parent=15269"}],"wp:term":[{"taxonomy":"category","embeddable":true,"href":"https:\/\/www.gold.fr\/news\/wp-json\/wp\/v2\/categories?post=15269"},{"taxonomy":"post_tag","embeddable":true,"href":"https:\/\/www.gold.fr\/news\/wp-json\/wp\/v2\/tags?post=15269"},{"taxonomy":"author","embeddable":true,"href":"https:\/\/www.gold.fr\/news\/wp-json\/wp\/v2\/ppma_author?post=15269"}],"curies":[{"name":"wp","href":"https:\/\/api.w.org\/{rel}","templated":true}]}}