{"id":15266,"date":"2014-08-01T17:00:44","date_gmt":"2014-08-01T15:00:44","guid":{"rendered":"https:\/\/www.gold.fr\/news\/?p=15266"},"modified":"2019-08-22T11:34:58","modified_gmt":"2019-08-22T09:34:58","slug":"lor-plombe-par-la-baisse-de-la-demande-chinoise","status":"publish","type":"post","link":"https:\/\/www.gold.fr\/news\/2014\/08\/01\/lor-plombe-par-la-baisse-de-la-demande-chinoise\/","title":{"rendered":"L\u2019or plomb\u00e9 par la baisse de la demande chinoise"},"content":{"rendered":"<p><img loading=\"lazy\" decoding=\"async\" class=\"alignleft size-thumbnail wp-image-8085\" title=\"L\u2019or plomb\u00e9 par la baisse de la demande chinoise\" src=\"https:\/\/www.gold.fr\/news\/wp-content\/uploads\/2012\/06\/demande-mondiale-150x150.jpg\" alt=\"\" width=\"150\" height=\"150\" \/><span style=\"font-size: small;\">Les pr\u00e9mices de ce repli s&rsquo;\u00e9taient d\u00e9j\u00e0 manifest\u00e9es, d\u00e8s le milieu de la semaine derni\u00e8re, et cette semaine <a title=\"L\u2019or toujours en baisse\" href=\"https:\/\/www.gold.fr\/news\/2014\/08\/01\/lor-toujours-en-baisse\/15264\/\" target=\"_blank\" rel=\"noopener noreferrer\">aura simplement confirm\u00e9 cette stagnation prononc\u00e9e<\/a>, ballotant <a title=\"Prix de l'Or\" href=\"https:\/\/www.gold.fr\/cours-or-prix-de-l-or\/\" target=\"_blank\" rel=\"noopener noreferrer\">le cours du m\u00e9tal jaune<\/a> d&rsquo;un c\u00f4t\u00e9 et de l&rsquo;autre du seuil technique des <strong>1 300 dollars<\/strong>.<\/span> <span style=\"font-size: small;\"> Ayant notablement chut\u00e9, depuis le milieu de cette semaine, l&rsquo;<a class=\"esk-seo-plu-link\" href=\"https:\/\/www.gold.fr\/news\/tags\/or\">or<\/a> gravite actuellement autour des <strong>1 285 dollars<\/strong> <a title=\"Prix de l'Once d'or\" href=\"https:\/\/www.gold.fr\/once-en\/\" target=\"_blank\" rel=\"noopener noreferrer\">l\u2019once<\/a>, soit son plus bas niveau depuis plus d&rsquo;un mois. Une baisse consid\u00e9rable que <strong>Fawad Razaqzada<\/strong>, analyste chez <strong>Forex.com<\/strong>, explique par \u00ab <em>le renforcement du dollar <\/em>\u00bb qui a traditionnellement tendance \u00e0 peser \u00ab <em>sur les mati\u00e8res premi\u00e8res libell\u00e9es en dollars, tels que les m\u00e9taux pr\u00e9cieux, en les rendant plus co\u00fbteuses pour les investisseurs munis d&rsquo;autres devises<\/em> \u00bb.<\/span> <span style=\"font-size: small;\"> Mais le dollar n&rsquo;est pas le seul \u00e0 \u00eatre en cause, \u00e0 ce niveau. Rappelons en effet que la chute de la demande physique chinoise en <a class=\"esk-seo-plu-link\" href=\"https:\/\/www.gold.fr\/news\/tags\/or\">or<\/a>, r\u00e9v\u00e9l\u00e9e au d\u00e9but de la semaine, avait \u00e9galement inflig\u00e9 une forte pression baissi\u00e8re sur le march\u00e9 aurif\u00e8re. <strong>Razaqzada<\/strong> rappelle en effet que \u00ab <em><a title=\"Demande d\u2019or chinoise : La crise des lingots\" href=\"https:\/\/www.gold.fr\/news\/2014\/08\/01\/demande-dor-chinoise-la-crise-des-lingots\/15258\/\" target=\"_blank\" rel=\"noopener noreferrer\">la demande d&rsquo;or en provenance de Chine<\/a> n&rsquo;a pas \u00e9t\u00e9 assez forte r\u00e9cemment, tandis que le gouvernement indien a \u00e9cart\u00e9 tout assouplissent des restrictions \u00e0 l&rsquo;importation aurif\u00e8re<\/em> \u00bb.<\/span> <span style=\"font-size: small;\"> Toutefois, avec la r\u00e9cente s\u00e9rie de rapports d\u00e9cevants en provenance de diff\u00e9rents d\u00e9partements de l&rsquo;\u00e9conomie am\u00e9ricaine, les observateurs tablent sur un retour relatif du march\u00e9 aurif\u00e8re vers la hausse, d&rsquo;ici la mi-ao\u00fbt. Une reprise qui d\u00e9pendra \u00e9galement de l&rsquo;\u00e9volution de la demande asiatique, durant cette saison estivale.<\/span><\/p>\n<!-- AddThis Advanced Settings generic via filter on the_content --><!-- AddThis Share Buttons generic via filter on the_content -->","protected":false},"excerpt":{"rendered":"<p>Les pr\u00e9mices de ce repli s&rsquo;\u00e9taient d\u00e9j\u00e0 manifest\u00e9es, d\u00e8s le milieu de la semaine derni\u00e8re, et cette semaine aura simplement confirm\u00e9 cette stagnation prononc\u00e9e, ballotant le cours du m\u00e9tal jaune d&rsquo;un c\u00f4t\u00e9 et de l&rsquo;autre du [&hellip;]<\/p>\n","protected":false},"author":18,"featured_media":8085,"comment_status":"open","ping_status":"open","sticky":false,"template":"","format":"standard","meta":{"_mbp_gutenberg_autopost":false,"_pgmb_is_evergreen":false,"_pgmb_ap_template_id":0,"footnotes":""},"categories":[6],"tags":[1269,961,1895,1322,1047,900],"ppma_author":[2565],"class_list":["post-15266","post","type-post","status-publish","format-standard","has-post-thumbnail","hentry","category-articles-de-presse","tag-baisse-or","tag-cours-or","tag-demade-or","tag-demande-chinoise","tag-marche-aurifere","tag-once-or"],"yoast_head":"<!-- This site is optimized with the Yoast SEO plugin v27.5 - https:\/\/yoast.com\/product\/yoast-seo-wordpress\/ -->\n<title>L\u2019or plomb\u00e9 par la baisse de la demande chinoise - Gold.fr<\/title>\n<meta name=\"robots\" content=\"index, follow, max-snippet:-1, max-image-preview:large, max-video-preview:-1\" \/>\n<link rel=\"canonical\" href=\"https:\/\/www.gold.fr\/news\/2014\/08\/01\/lor-plombe-par-la-baisse-de-la-demande-chinoise\/\" \/>\n<meta property=\"og:locale\" content=\"fr_FR\" \/>\n<meta property=\"og:type\" content=\"article\" \/>\n<meta property=\"og:title\" content=\"L\u2019or plomb\u00e9 par la baisse de la demande chinoise - Gold.fr\" \/>\n<meta property=\"og:description\" content=\"Les pr\u00e9mices de ce repli s&rsquo;\u00e9taient d\u00e9j\u00e0 manifest\u00e9es, d\u00e8s le milieu de la semaine derni\u00e8re, et cette semaine aura simplement confirm\u00e9 cette stagnation prononc\u00e9e, ballotant le cours du m\u00e9tal jaune d&rsquo;un c\u00f4t\u00e9 et de l&rsquo;autre du [&hellip;]\" \/>\n<meta property=\"og:url\" content=\"https:\/\/www.gold.fr\/news\/2014\/08\/01\/lor-plombe-par-la-baisse-de-la-demande-chinoise\/\" \/>\n<meta property=\"og:site_name\" content=\"Gold.fr\" \/>\n<meta property=\"article:publisher\" content=\"https:\/\/www.facebook.com\/Goldfr\/\" \/>\n<meta property=\"article:published_time\" content=\"2014-08-01T15:00:44+00:00\" \/>\n<meta property=\"article:modified_time\" content=\"2019-08-22T09:34:58+00:00\" \/>\n<meta property=\"og:image\" content=\"https:\/\/www.gold.fr\/news\/wp-content\/uploads\/2012\/06\/demande-mondiale.jpg\" \/>\n\t<meta property=\"og:image:width\" content=\"600\" \/>\n\t<meta property=\"og:image:height\" content=\"400\" \/>\n\t<meta property=\"og:image:type\" content=\"image\/jpeg\" \/>\n<meta name=\"author\" content=\"Comptoir National de l&#039;Or\" \/>\n<meta name=\"twitter:card\" content=\"summary_large_image\" \/>\n<meta name=\"twitter:label1\" content=\"\u00c9crit par\" \/>\n\t<meta name=\"twitter:data1\" content=\"Comptoir National de l&#039;Or\" \/>\n\t<meta name=\"twitter:label2\" content=\"Dur\u00e9e de lecture estim\u00e9e\" \/>\n\t<meta name=\"twitter:data2\" content=\"1 minute\" \/>\n<script type=\"application\/ld+json\" class=\"yoast-schema-graph\">{\"@context\":\"https:\\\/\\\/schema.org\",\"@graph\":[{\"@type\":\"Article\",\"@id\":\"https:\\\/\\\/www.gold.fr\\\/news\\\/2014\\\/08\\\/01\\\/lor-plombe-par-la-baisse-de-la-demande-chinoise\\\/#article\",\"isPartOf\":{\"@id\":\"https:\\\/\\\/www.gold.fr\\\/news\\\/2014\\\/08\\\/01\\\/lor-plombe-par-la-baisse-de-la-demande-chinoise\\\/\"},\"author\":{\"name\":\"Comptoir National de l'Or\",\"@id\":\"https:\\\/\\\/www.gold.fr\\\/news\\\/#\\\/schema\\\/person\\\/070491b4b4fb7671bf59b3be20302ce9\"},\"headline\":\"L\u2019or plomb\u00e9 par la baisse de la demande chinoise\",\"datePublished\":\"2014-08-01T15:00:44+00:00\",\"dateModified\":\"2019-08-22T09:34:58+00:00\",\"mainEntityOfPage\":{\"@id\":\"https:\\\/\\\/www.gold.fr\\\/news\\\/2014\\\/08\\\/01\\\/lor-plombe-par-la-baisse-de-la-demande-chinoise\\\/\"},\"wordCount\":285,\"commentCount\":0,\"image\":{\"@id\":\"https:\\\/\\\/www.gold.fr\\\/news\\\/2014\\\/08\\\/01\\\/lor-plombe-par-la-baisse-de-la-demande-chinoise\\\/#primaryimage\"},\"thumbnailUrl\":\"https:\\\/\\\/www.gold.fr\\\/news\\\/wp-content\\\/uploads\\\/2012\\\/06\\\/demande-mondiale.jpg\",\"keywords\":[\"baisse or\",\"cours or\",\"demade or\",\"demande chinoise\",\"march\u00e9 aurif\u00e8re\",\"Once or\"],\"articleSection\":[\"Articles de presse\"],\"inLanguage\":\"fr-FR\"},{\"@type\":\"WebPage\",\"@id\":\"https:\\\/\\\/www.gold.fr\\\/news\\\/2014\\\/08\\\/01\\\/lor-plombe-par-la-baisse-de-la-demande-chinoise\\\/\",\"url\":\"https:\\\/\\\/www.gold.fr\\\/news\\\/2014\\\/08\\\/01\\\/lor-plombe-par-la-baisse-de-la-demande-chinoise\\\/\",\"name\":\"L\u2019or plomb\u00e9 par la baisse de la demande chinoise - Gold.fr\",\"isPartOf\":{\"@id\":\"https:\\\/\\\/www.gold.fr\\\/news\\\/#website\"},\"primaryImageOfPage\":{\"@id\":\"https:\\\/\\\/www.gold.fr\\\/news\\\/2014\\\/08\\\/01\\\/lor-plombe-par-la-baisse-de-la-demande-chinoise\\\/#primaryimage\"},\"image\":{\"@id\":\"https:\\\/\\\/www.gold.fr\\\/news\\\/2014\\\/08\\\/01\\\/lor-plombe-par-la-baisse-de-la-demande-chinoise\\\/#primaryimage\"},\"thumbnailUrl\":\"https:\\\/\\\/www.gold.fr\\\/news\\\/wp-content\\\/uploads\\\/2012\\\/06\\\/demande-mondiale.jpg\",\"datePublished\":\"2014-08-01T15:00:44+00:00\",\"dateModified\":\"2019-08-22T09:34:58+00:00\",\"author\":{\"@id\":\"https:\\\/\\\/www.gold.fr\\\/news\\\/#\\\/schema\\\/person\\\/070491b4b4fb7671bf59b3be20302ce9\"},\"breadcrumb\":{\"@id\":\"https:\\\/\\\/www.gold.fr\\\/news\\\/2014\\\/08\\\/01\\\/lor-plombe-par-la-baisse-de-la-demande-chinoise\\\/#breadcrumb\"},\"inLanguage\":\"fr-FR\",\"potentialAction\":[{\"@type\":\"ReadAction\",\"target\":[\"https:\\\/\\\/www.gold.fr\\\/news\\\/2014\\\/08\\\/01\\\/lor-plombe-par-la-baisse-de-la-demande-chinoise\\\/\"]}]},{\"@type\":\"ImageObject\",\"inLanguage\":\"fr-FR\",\"@id\":\"https:\\\/\\\/www.gold.fr\\\/news\\\/2014\\\/08\\\/01\\\/lor-plombe-par-la-baisse-de-la-demande-chinoise\\\/#primaryimage\",\"url\":\"https:\\\/\\\/www.gold.fr\\\/news\\\/wp-content\\\/uploads\\\/2012\\\/06\\\/demande-mondiale.jpg\",\"contentUrl\":\"https:\\\/\\\/www.gold.fr\\\/news\\\/wp-content\\\/uploads\\\/2012\\\/06\\\/demande-mondiale.jpg\",\"width\":\"600\",\"height\":\"400\",\"caption\":\"March\u00e9s : Forte stagnation des indices US\"},{\"@type\":\"BreadcrumbList\",\"@id\":\"https:\\\/\\\/www.gold.fr\\\/news\\\/2014\\\/08\\\/01\\\/lor-plombe-par-la-baisse-de-la-demande-chinoise\\\/#breadcrumb\",\"itemListElement\":[{\"@type\":\"ListItem\",\"position\":1,\"name\":\"Accueil\",\"item\":\"https:\\\/\\\/www.gold.fr\\\/\"},{\"@type\":\"ListItem\",\"position\":2,\"name\":\"Actualit\u00e9s\",\"item\":\"https:\\\/\\\/www.gold.fr\\\/news\\\/\"},{\"@type\":\"ListItem\",\"position\":3,\"name\":\"L\u2019or plomb\u00e9 par la baisse de la demande chinoise\"}]},{\"@type\":\"WebSite\",\"@id\":\"https:\\\/\\\/www.gold.fr\\\/news\\\/#website\",\"url\":\"https:\\\/\\\/www.gold.fr\\\/news\\\/\",\"name\":\"Gold.fr\",\"description\":\"Actualit\u00e9s de l&#039;Or et des m\u00e9taux pr\u00e9cieux\",\"potentialAction\":[{\"@type\":\"SearchAction\",\"target\":{\"@type\":\"EntryPoint\",\"urlTemplate\":\"https:\\\/\\\/www.gold.fr\\\/news\\\/?s={search_term_string}\"},\"query-input\":{\"@type\":\"PropertyValueSpecification\",\"valueRequired\":true,\"valueName\":\"search_term_string\"}}],\"inLanguage\":\"fr-FR\"},{\"@type\":\"Person\",\"@id\":\"https:\\\/\\\/www.gold.fr\\\/news\\\/#\\\/schema\\\/person\\\/070491b4b4fb7671bf59b3be20302ce9\",\"name\":\"Comptoir National de l'Or\",\"image\":{\"@type\":\"ImageObject\",\"inLanguage\":\"fr-FR\",\"@id\":\"https:\\\/\\\/secure.gravatar.com\\\/avatar\\\/0a2867fd5abe37bed95d5a65e9d58f01756e11efc68af9888dfc50cfa7f65948?s=96&d=mm&r=gb490554db0a38188709de567aa58480d\",\"url\":\"https:\\\/\\\/secure.gravatar.com\\\/avatar\\\/0a2867fd5abe37bed95d5a65e9d58f01756e11efc68af9888dfc50cfa7f65948?s=96&d=mm&r=g\",\"contentUrl\":\"https:\\\/\\\/secure.gravatar.com\\\/avatar\\\/0a2867fd5abe37bed95d5a65e9d58f01756e11efc68af9888dfc50cfa7f65948?s=96&d=mm&r=g\",\"caption\":\"Comptoir National de l'Or\"},\"description\":\"Notre r\u00e9daction est constitu\u00e9e de membres experts dans les m\u00e9tiers de l'\u00e9conomie et la gestion, des Responsables d'agence Comptoir National de l'Or, des analystes financiers qui publient r\u00e9guli\u00e8rement des \u00e9tudes sur les politiques des banques centrales, le cours de l'or, prix de l'or, cours de l'argent, prix de l'argent, cours du platine, cours du palladium,... la situation en zone euro et l'impact de la strat\u00e9gie mon\u00e9taire de la FED. Notre \u00e9quipe scrute \u00e9galement une information plus g\u00e9n\u00e9raliste \u00e0 la recherche d'actualit\u00e9 \\\"p\u00e9pite\\\" \u00e0 vous partager. Depuis 5 ans, nous avons publi\u00e9 un peu plus de 4000 articles qui s'adressent \u00e0 un public large et vari\u00e9 ayant pour objectif de satisfaire votre curiosit\u00e9 et de partager avec vous une certaine fascination pour le m\u00e9tal jaune, le rachat d'or, et pour ceux qui veulent investir dans l'or, vendre leur or tout simplement en savoir plus... Pour tous vos achat or et argent, n'h\u00e9sitez pas \u00e0 prendre rendez-vous dans l'un de nos nombreux comptoirs.\",\"sameAs\":[\"https:\\\/\\\/www.gold.fr\"]}]}<\/script>\n<!-- \/ Yoast SEO plugin. -->","yoast_head_json":{"title":"L\u2019or plomb\u00e9 par la baisse de la demande chinoise - Gold.fr","robots":{"index":"index","follow":"follow","max-snippet":"max-snippet:-1","max-image-preview":"max-image-preview:large","max-video-preview":"max-video-preview:-1"},"canonical":"https:\/\/www.gold.fr\/news\/2014\/08\/01\/lor-plombe-par-la-baisse-de-la-demande-chinoise\/","og_locale":"fr_FR","og_type":"article","og_title":"L\u2019or plomb\u00e9 par la baisse de la demande chinoise - Gold.fr","og_description":"Les pr\u00e9mices de ce repli s&rsquo;\u00e9taient d\u00e9j\u00e0 manifest\u00e9es, d\u00e8s le milieu de la semaine derni\u00e8re, et cette semaine aura simplement confirm\u00e9 cette stagnation prononc\u00e9e, ballotant le cours du m\u00e9tal jaune d&rsquo;un c\u00f4t\u00e9 et de l&rsquo;autre du [&hellip;]","og_url":"https:\/\/www.gold.fr\/news\/2014\/08\/01\/lor-plombe-par-la-baisse-de-la-demande-chinoise\/","og_site_name":"Gold.fr","article_publisher":"https:\/\/www.facebook.com\/Goldfr\/","article_published_time":"2014-08-01T15:00:44+00:00","article_modified_time":"2019-08-22T09:34:58+00:00","og_image":[{"width":600,"height":400,"url":"https:\/\/www.gold.fr\/news\/wp-content\/uploads\/2012\/06\/demande-mondiale.jpg","type":"image\/jpeg"}],"author":"Comptoir National de l'Or","twitter_card":"summary_large_image","twitter_misc":{"\u00c9crit par":"Comptoir National de l'Or","Dur\u00e9e de lecture estim\u00e9e":"1 minute"},"schema":{"@context":"https:\/\/schema.org","@graph":[{"@type":"Article","@id":"https:\/\/www.gold.fr\/news\/2014\/08\/01\/lor-plombe-par-la-baisse-de-la-demande-chinoise\/#article","isPartOf":{"@id":"https:\/\/www.gold.fr\/news\/2014\/08\/01\/lor-plombe-par-la-baisse-de-la-demande-chinoise\/"},"author":{"name":"Comptoir National de l'Or","@id":"https:\/\/www.gold.fr\/news\/#\/schema\/person\/070491b4b4fb7671bf59b3be20302ce9"},"headline":"L\u2019or plomb\u00e9 par la baisse de la demande chinoise","datePublished":"2014-08-01T15:00:44+00:00","dateModified":"2019-08-22T09:34:58+00:00","mainEntityOfPage":{"@id":"https:\/\/www.gold.fr\/news\/2014\/08\/01\/lor-plombe-par-la-baisse-de-la-demande-chinoise\/"},"wordCount":285,"commentCount":0,"image":{"@id":"https:\/\/www.gold.fr\/news\/2014\/08\/01\/lor-plombe-par-la-baisse-de-la-demande-chinoise\/#primaryimage"},"thumbnailUrl":"https:\/\/www.gold.fr\/news\/wp-content\/uploads\/2012\/06\/demande-mondiale.jpg","keywords":["baisse or","cours or","demade or","demande chinoise","march\u00e9 aurif\u00e8re","Once or"],"articleSection":["Articles de presse"],"inLanguage":"fr-FR"},{"@type":"WebPage","@id":"https:\/\/www.gold.fr\/news\/2014\/08\/01\/lor-plombe-par-la-baisse-de-la-demande-chinoise\/","url":"https:\/\/www.gold.fr\/news\/2014\/08\/01\/lor-plombe-par-la-baisse-de-la-demande-chinoise\/","name":"L\u2019or plomb\u00e9 par la baisse de la demande chinoise - Gold.fr","isPartOf":{"@id":"https:\/\/www.gold.fr\/news\/#website"},"primaryImageOfPage":{"@id":"https:\/\/www.gold.fr\/news\/2014\/08\/01\/lor-plombe-par-la-baisse-de-la-demande-chinoise\/#primaryimage"},"image":{"@id":"https:\/\/www.gold.fr\/news\/2014\/08\/01\/lor-plombe-par-la-baisse-de-la-demande-chinoise\/#primaryimage"},"thumbnailUrl":"https:\/\/www.gold.fr\/news\/wp-content\/uploads\/2012\/06\/demande-mondiale.jpg","datePublished":"2014-08-01T15:00:44+00:00","dateModified":"2019-08-22T09:34:58+00:00","author":{"@id":"https:\/\/www.gold.fr\/news\/#\/schema\/person\/070491b4b4fb7671bf59b3be20302ce9"},"breadcrumb":{"@id":"https:\/\/www.gold.fr\/news\/2014\/08\/01\/lor-plombe-par-la-baisse-de-la-demande-chinoise\/#breadcrumb"},"inLanguage":"fr-FR","potentialAction":[{"@type":"ReadAction","target":["https:\/\/www.gold.fr\/news\/2014\/08\/01\/lor-plombe-par-la-baisse-de-la-demande-chinoise\/"]}]},{"@type":"ImageObject","inLanguage":"fr-FR","@id":"https:\/\/www.gold.fr\/news\/2014\/08\/01\/lor-plombe-par-la-baisse-de-la-demande-chinoise\/#primaryimage","url":"https:\/\/www.gold.fr\/news\/wp-content\/uploads\/2012\/06\/demande-mondiale.jpg","contentUrl":"https:\/\/www.gold.fr\/news\/wp-content\/uploads\/2012\/06\/demande-mondiale.jpg","width":"600","height":"400","caption":"March\u00e9s : Forte stagnation des indices US"},{"@type":"BreadcrumbList","@id":"https:\/\/www.gold.fr\/news\/2014\/08\/01\/lor-plombe-par-la-baisse-de-la-demande-chinoise\/#breadcrumb","itemListElement":[{"@type":"ListItem","position":1,"name":"Accueil","item":"https:\/\/www.gold.fr\/"},{"@type":"ListItem","position":2,"name":"Actualit\u00e9s","item":"https:\/\/www.gold.fr\/news\/"},{"@type":"ListItem","position":3,"name":"L\u2019or plomb\u00e9 par la baisse de la demande chinoise"}]},{"@type":"WebSite","@id":"https:\/\/www.gold.fr\/news\/#website","url":"https:\/\/www.gold.fr\/news\/","name":"Gold.fr","description":"Actualit\u00e9s de l&#039;Or et des m\u00e9taux pr\u00e9cieux","potentialAction":[{"@type":"SearchAction","target":{"@type":"EntryPoint","urlTemplate":"https:\/\/www.gold.fr\/news\/?s={search_term_string}"},"query-input":{"@type":"PropertyValueSpecification","valueRequired":true,"valueName":"search_term_string"}}],"inLanguage":"fr-FR"},{"@type":"Person","@id":"https:\/\/www.gold.fr\/news\/#\/schema\/person\/070491b4b4fb7671bf59b3be20302ce9","name":"Comptoir National de l'Or","image":{"@type":"ImageObject","inLanguage":"fr-FR","@id":"https:\/\/secure.gravatar.com\/avatar\/0a2867fd5abe37bed95d5a65e9d58f01756e11efc68af9888dfc50cfa7f65948?s=96&d=mm&r=gb490554db0a38188709de567aa58480d","url":"https:\/\/secure.gravatar.com\/avatar\/0a2867fd5abe37bed95d5a65e9d58f01756e11efc68af9888dfc50cfa7f65948?s=96&d=mm&r=g","contentUrl":"https:\/\/secure.gravatar.com\/avatar\/0a2867fd5abe37bed95d5a65e9d58f01756e11efc68af9888dfc50cfa7f65948?s=96&d=mm&r=g","caption":"Comptoir National de l'Or"},"description":"Notre r\u00e9daction est constitu\u00e9e de membres experts dans les m\u00e9tiers de l'\u00e9conomie et la gestion, des Responsables d'agence Comptoir National de l'Or, des analystes financiers qui publient r\u00e9guli\u00e8rement des \u00e9tudes sur les politiques des banques centrales, le cours de l'or, prix de l'or, cours de l'argent, prix de l'argent, cours du platine, cours du palladium,... la situation en zone euro et l'impact de la strat\u00e9gie mon\u00e9taire de la FED. Notre \u00e9quipe scrute \u00e9galement une information plus g\u00e9n\u00e9raliste \u00e0 la recherche d'actualit\u00e9 \"p\u00e9pite\" \u00e0 vous partager. Depuis 5 ans, nous avons publi\u00e9 un peu plus de 4000 articles qui s'adressent \u00e0 un public large et vari\u00e9 ayant pour objectif de satisfaire votre curiosit\u00e9 et de partager avec vous une certaine fascination pour le m\u00e9tal jaune, le rachat d'or, et pour ceux qui veulent investir dans l'or, vendre leur or tout simplement en savoir plus... Pour tous vos achat or et argent, n'h\u00e9sitez pas \u00e0 prendre rendez-vous dans l'un de nos nombreux comptoirs.","sameAs":["https:\/\/www.gold.fr"]}]}},"authors":[{"term_id":2565,"user_id":18,"is_guest":0,"slug":"julie","display_name":"Comptoir National de l'Or","avatar_url":"https:\/\/secure.gravatar.com\/avatar\/713f289e398d35ead876c4a4cc08607f0d6d266058cfc25683fffb6092d0e572?s=96&d=mm&r=g","0":null,"1":"","2":"","3":"","4":"","5":"","6":"","7":"","8":""}],"_links":{"self":[{"href":"https:\/\/www.gold.fr\/news\/wp-json\/wp\/v2\/posts\/15266","targetHints":{"allow":["GET"]}}],"collection":[{"href":"https:\/\/www.gold.fr\/news\/wp-json\/wp\/v2\/posts"}],"about":[{"href":"https:\/\/www.gold.fr\/news\/wp-json\/wp\/v2\/types\/post"}],"author":[{"embeddable":true,"href":"https:\/\/www.gold.fr\/news\/wp-json\/wp\/v2\/users\/18"}],"replies":[{"embeddable":true,"href":"https:\/\/www.gold.fr\/news\/wp-json\/wp\/v2\/comments?post=15266"}],"version-history":[{"count":0,"href":"https:\/\/www.gold.fr\/news\/wp-json\/wp\/v2\/posts\/15266\/revisions"}],"wp:featuredmedia":[{"embeddable":true,"href":"https:\/\/www.gold.fr\/news\/wp-json\/wp\/v2\/media\/8085"}],"wp:attachment":[{"href":"https:\/\/www.gold.fr\/news\/wp-json\/wp\/v2\/media?parent=15266"}],"wp:term":[{"taxonomy":"category","embeddable":true,"href":"https:\/\/www.gold.fr\/news\/wp-json\/wp\/v2\/categories?post=15266"},{"taxonomy":"post_tag","embeddable":true,"href":"https:\/\/www.gold.fr\/news\/wp-json\/wp\/v2\/tags?post=15266"},{"taxonomy":"author","embeddable":true,"href":"https:\/\/www.gold.fr\/news\/wp-json\/wp\/v2\/ppma_author?post=15266"}],"curies":[{"name":"wp","href":"https:\/\/api.w.org\/{rel}","templated":true}]}}