{"id":15166,"date":"2014-07-21T19:00:02","date_gmt":"2014-07-21T17:00:02","guid":{"rendered":"https:\/\/www.gold.fr\/news\/?p=15166"},"modified":"2017-10-26T18:56:43","modified_gmt":"2017-10-26T16:56:43","slug":"lor-peine-a-rebondir-sur-les-crises-geopolitiques","status":"publish","type":"post","link":"https:\/\/www.gold.fr\/news\/2014\/07\/21\/lor-peine-a-rebondir-sur-les-crises-geopolitiques\/","title":{"rendered":"L\u2019or peine \u00e0 rebondir sur les crises g\u00e9opolitiques"},"content":{"rendered":"<p><span style=\"font-size: small;\"><img loading=\"lazy\" decoding=\"async\" class=\"alignleft size-thumbnail wp-image-14173\" title=\"Le m\u00e9tal jaune continue ses tentatives de stabilisation, en d\u00e9pit d\u2019une conjoncture g\u00e9opolitique qui devrait d\u00e9j\u00e0 le propulser vers des sommets dignes de l\u2019\u00e9clat l\u00e9gendaire de sa valeur refuge. Pour l\u2019heure, le march\u00e9 aurif\u00e8re navigue encore entre le palier technique et psychologique des 1 300 dollars et celui, relativement accessible \u00e0 court terme, des 1 325 dollars l\u2019once. Rappelons que le plus haut multi-mensuel de cette ann\u00e9e 2014 demeure celui de 1 340 $, atteint le 10 juillet).  Et dans une longue liste de crises g\u00e9opolitiques et autres, semblant jaillir de presque partout autour du globe (Moyen-Orient, Europe, Proche-Orient,\u2026), ce sont surtout l\u2019Ukraine et Gaza qui monopolisent l\u2019attention internationale, actuellement.  En Ukraine, \u00ab un avion de ligne de Malaysia Airlines comptant environ 300 passagers et membres d'\u00e9quipage est tomb\u00e9 dans l'est de l'Ukraine, dans la partie du pays contr\u00f4l\u00e9e par les rebelles pro-russes s'opposant aux troupes loyales \u00e0 Kiev \u00bb. Le consensus politique international (incluant la confirmation am\u00e9ricaine) estime qu\u2019il s\u2019agit l\u00e0 d\u2019un \u00ab geste d\u00e9lib\u00e9r\u00e9 et un tir de missile \u00bb. Difficile toutefois de d\u00e9terminer la source dudit tir, dans la mesure o\u00f9 Moscou (soutenu par les s\u00e9paratistes ukrainiens) et Kiev continuent \u00e0 s\u2019accuser mutuellement \u00e0 ce niveau.  Au Proche-Orient, l\u2019assaut isra\u00e9lien est maintenu, et \u00ab l'arm\u00e9e isra\u00e9lienne a lanc\u00e9 des op\u00e9rations terrestres d'envergure dans la bande de Gaza, une premi\u00e8re depuis 2009 \u00bb. Une crise dont le nombre croissant de victimes civiles continue \u00e0 attirer l\u2019attention de l\u2019opinion publique mondiale.\" src=\"https:\/\/www.gold.fr\/news\/wp-content\/uploads\/2014\/03\/Gold-Fixing-150x150.jpg\" alt=\"\" width=\"150\" height=\"150\" \/>Le <a href='https:\/\/www.gold.fr\/news\/tags\/or' class='esk-seo-plu-link'>m\u00e9tal jaune<\/a> continue ses tentatives de stabilisation, en d\u00e9pit d&rsquo;une conjoncture g\u00e9opolitique qui devrait d\u00e9j\u00e0 le propulser vers des sommets dignes de l&rsquo;\u00e9clat l\u00e9gendaire de sa valeur refuge. Pour l&rsquo;heure, le march\u00e9 aurif\u00e8re navigue encore entre le palier technique et psychologique des <strong>1 300 dollars<\/strong> et celui, relativement accessible \u00e0 court terme, des <strong>1 325 dollars<\/strong> l&rsquo;once. Rappelons que le plus haut multi-mensuel de cette ann\u00e9e <strong>2014<\/strong> demeure celui de <strong>1 340 $<\/strong>, atteint le <strong>10 juillet<\/strong>).<\/span>    <span style=\"font-size: small;\">Et dans une longue liste de crises g\u00e9opolitiques et autres, semblant jaillir de presque partout autour du globe (<strong>Moyen-Orient<\/strong>, <strong>Europe<\/strong>, <strong>Proche-Orient<\/strong>,\u2026), ce sont surtout l&rsquo;Ukraine et Gaza qui monopolisent l&rsquo;attention internationale, actuellement.<\/span>  <\/p>\n<div><span style=\"font-size: small;\">En Ukraine, \u00ab <em>un avion de ligne de Malaysia Airlines comptant environ 300 passagers et membres d&rsquo;\u00e9quipage est tomb\u00e9 dans l&rsquo;est de l&rsquo;Ukraine, dans la partie du pays contr\u00f4l\u00e9e par les rebelles pro-russes s&rsquo;opposant aux troupes loyales \u00e0 Kiev<\/em> \u00bb. Le consensus politique international (incluant la confirmation am\u00e9ricaine) estime qu&rsquo;il s&rsquo;agit l\u00e0 d&rsquo;un \u00ab <em>geste d\u00e9lib\u00e9r\u00e9 et un tir de missile<\/em> \u00bb. Difficile toutefois de d\u00e9terminer la source dudit tir, dans la mesure o\u00f9 Moscou (soutenu par les s\u00e9paratistes ukrainiens) et Kiev continuent \u00e0 s&rsquo;accuser mutuellement \u00e0 ce niveau.<\/span><\/div>\n<p>  <span style=\"font-size: small;\">Au Proche-Orient, l&rsquo;assaut isra\u00e9lien est maintenu, et \u00ab <em>l&rsquo;arm\u00e9e isra\u00e9lienne a lanc\u00e9 des op\u00e9rations terrestres d&rsquo;envergure dans la bande de Gaza, une premi\u00e8re depuis 2009<\/em> \u00bb. Une crise dont le nombre croissant de victimes civiles continue \u00e0 attirer l&rsquo;attention de l&rsquo;opinion publique mondiale.<\/span><\/p>\n<!-- AddThis Advanced Settings generic via filter on the_content --><!-- AddThis Share Buttons generic via filter on the_content -->","protected":false},"excerpt":{"rendered":"<p>Le m\u00e9tal jaune continue ses tentatives de stabilisation, en d\u00e9pit d&rsquo;une conjoncture g\u00e9opolitique qui devrait d\u00e9j\u00e0 le propulser vers des sommets dignes de l&rsquo;\u00e9clat l\u00e9gendaire de sa valeur refuge. Pour l&rsquo;heure, le march\u00e9 aurif\u00e8re navigue encore [&hellip;]<\/p>\n","protected":false},"author":18,"featured_media":14173,"comment_status":"open","ping_status":"open","sticky":false,"template":"","format":"standard","meta":{"_mbp_gutenberg_autopost":false,"_pgmb_is_evergreen":false,"_pgmb_ap_template_id":0,"footnotes":""},"categories":[6],"tags":[923,1887,76,1233],"ppma_author":[2565],"class_list":["post-15166","post","type-post","status-publish","format-standard","has-post-thumbnail","hentry","category-articles-de-presse","tag-crise","tag-malysia-airlaines","tag-or","tag-ukraine"],"yoast_head":"<!-- This site is optimized with the Yoast SEO plugin v27.5 - https:\/\/yoast.com\/product\/yoast-seo-wordpress\/ -->\n<title>L\u2019or peine \u00e0 rebondir sur les crises g\u00e9opolitiques - Gold.fr<\/title>\n<meta name=\"robots\" content=\"index, follow, max-snippet:-1, max-image-preview:large, max-video-preview:-1\" \/>\n<link rel=\"canonical\" href=\"https:\/\/www.gold.fr\/news\/2014\/07\/21\/lor-peine-a-rebondir-sur-les-crises-geopolitiques\/\" \/>\n<meta property=\"og:locale\" content=\"fr_FR\" \/>\n<meta property=\"og:type\" content=\"article\" \/>\n<meta property=\"og:title\" content=\"L\u2019or peine \u00e0 rebondir sur les crises g\u00e9opolitiques - Gold.fr\" \/>\n<meta property=\"og:description\" content=\"Le m\u00e9tal jaune continue ses tentatives de stabilisation, en d\u00e9pit d&rsquo;une conjoncture g\u00e9opolitique qui devrait d\u00e9j\u00e0 le propulser vers des sommets dignes de l&rsquo;\u00e9clat l\u00e9gendaire de sa valeur refuge. Pour l&rsquo;heure, le march\u00e9 aurif\u00e8re navigue encore [&hellip;]\" \/>\n<meta property=\"og:url\" content=\"https:\/\/www.gold.fr\/news\/2014\/07\/21\/lor-peine-a-rebondir-sur-les-crises-geopolitiques\/\" \/>\n<meta property=\"og:site_name\" content=\"Gold.fr\" \/>\n<meta property=\"article:publisher\" content=\"https:\/\/www.facebook.com\/Goldfr\/\" \/>\n<meta property=\"article:published_time\" content=\"2014-07-21T17:00:02+00:00\" \/>\n<meta property=\"article:modified_time\" content=\"2017-10-26T16:56:43+00:00\" \/>\n<meta property=\"og:image\" content=\"https:\/\/www.gold.fr\/news\/wp-content\/uploads\/2014\/03\/Gold-Fixing.jpg\" \/>\n\t<meta property=\"og:image:width\" content=\"638\" \/>\n\t<meta property=\"og:image:height\" content=\"379\" \/>\n\t<meta property=\"og:image:type\" content=\"image\/jpeg\" \/>\n<meta name=\"author\" content=\"Comptoir National de l&#039;Or\" \/>\n<meta name=\"twitter:card\" content=\"summary_large_image\" \/>\n<meta name=\"twitter:label1\" content=\"\u00c9crit par\" \/>\n\t<meta name=\"twitter:data1\" content=\"Comptoir National de l&#039;Or\" \/>\n\t<meta name=\"twitter:label2\" content=\"Dur\u00e9e de lecture estim\u00e9e\" \/>\n\t<meta name=\"twitter:data2\" content=\"1 minute\" \/>\n<script type=\"application\/ld+json\" class=\"yoast-schema-graph\">{\"@context\":\"https:\\\/\\\/schema.org\",\"@graph\":[{\"@type\":\"Article\",\"@id\":\"https:\\\/\\\/www.gold.fr\\\/news\\\/2014\\\/07\\\/21\\\/lor-peine-a-rebondir-sur-les-crises-geopolitiques\\\/#article\",\"isPartOf\":{\"@id\":\"https:\\\/\\\/www.gold.fr\\\/news\\\/2014\\\/07\\\/21\\\/lor-peine-a-rebondir-sur-les-crises-geopolitiques\\\/\"},\"author\":{\"name\":\"Comptoir National de l'Or\",\"@id\":\"https:\\\/\\\/www.gold.fr\\\/news\\\/#\\\/schema\\\/person\\\/070491b4b4fb7671bf59b3be20302ce9\"},\"headline\":\"L\u2019or peine \u00e0 rebondir sur les crises g\u00e9opolitiques\",\"datePublished\":\"2014-07-21T17:00:02+00:00\",\"dateModified\":\"2017-10-26T16:56:43+00:00\",\"mainEntityOfPage\":{\"@id\":\"https:\\\/\\\/www.gold.fr\\\/news\\\/2014\\\/07\\\/21\\\/lor-peine-a-rebondir-sur-les-crises-geopolitiques\\\/\"},\"wordCount\":268,\"commentCount\":0,\"image\":{\"@id\":\"https:\\\/\\\/www.gold.fr\\\/news\\\/2014\\\/07\\\/21\\\/lor-peine-a-rebondir-sur-les-crises-geopolitiques\\\/#primaryimage\"},\"thumbnailUrl\":\"https:\\\/\\\/www.gold.fr\\\/news\\\/wp-content\\\/uploads\\\/2014\\\/03\\\/Gold-Fixing.jpg\",\"keywords\":[\"crise\",\"malysia airlaines\",\"Or\",\"Ukraine\"],\"articleSection\":[\"Articles de presse\"],\"inLanguage\":\"fr-FR\"},{\"@type\":\"WebPage\",\"@id\":\"https:\\\/\\\/www.gold.fr\\\/news\\\/2014\\\/07\\\/21\\\/lor-peine-a-rebondir-sur-les-crises-geopolitiques\\\/\",\"url\":\"https:\\\/\\\/www.gold.fr\\\/news\\\/2014\\\/07\\\/21\\\/lor-peine-a-rebondir-sur-les-crises-geopolitiques\\\/\",\"name\":\"L\u2019or peine \u00e0 rebondir sur les crises g\u00e9opolitiques - Gold.fr\",\"isPartOf\":{\"@id\":\"https:\\\/\\\/www.gold.fr\\\/news\\\/#website\"},\"primaryImageOfPage\":{\"@id\":\"https:\\\/\\\/www.gold.fr\\\/news\\\/2014\\\/07\\\/21\\\/lor-peine-a-rebondir-sur-les-crises-geopolitiques\\\/#primaryimage\"},\"image\":{\"@id\":\"https:\\\/\\\/www.gold.fr\\\/news\\\/2014\\\/07\\\/21\\\/lor-peine-a-rebondir-sur-les-crises-geopolitiques\\\/#primaryimage\"},\"thumbnailUrl\":\"https:\\\/\\\/www.gold.fr\\\/news\\\/wp-content\\\/uploads\\\/2014\\\/03\\\/Gold-Fixing.jpg\",\"datePublished\":\"2014-07-21T17:00:02+00:00\",\"dateModified\":\"2017-10-26T16:56:43+00:00\",\"author\":{\"@id\":\"https:\\\/\\\/www.gold.fr\\\/news\\\/#\\\/schema\\\/person\\\/070491b4b4fb7671bf59b3be20302ce9\"},\"breadcrumb\":{\"@id\":\"https:\\\/\\\/www.gold.fr\\\/news\\\/2014\\\/07\\\/21\\\/lor-peine-a-rebondir-sur-les-crises-geopolitiques\\\/#breadcrumb\"},\"inLanguage\":\"fr-FR\",\"potentialAction\":[{\"@type\":\"ReadAction\",\"target\":[\"https:\\\/\\\/www.gold.fr\\\/news\\\/2014\\\/07\\\/21\\\/lor-peine-a-rebondir-sur-les-crises-geopolitiques\\\/\"]}]},{\"@type\":\"ImageObject\",\"inLanguage\":\"fr-FR\",\"@id\":\"https:\\\/\\\/www.gold.fr\\\/news\\\/2014\\\/07\\\/21\\\/lor-peine-a-rebondir-sur-les-crises-geopolitiques\\\/#primaryimage\",\"url\":\"https:\\\/\\\/www.gold.fr\\\/news\\\/wp-content\\\/uploads\\\/2014\\\/03\\\/Gold-Fixing.jpg\",\"contentUrl\":\"https:\\\/\\\/www.gold.fr\\\/news\\\/wp-content\\\/uploads\\\/2014\\\/03\\\/Gold-Fixing.jpg\",\"width\":\"638\",\"height\":\"379\",\"caption\":\"March\u00e9s : Les investisseurs retrouvent le go\u00fbt du risque\"},{\"@type\":\"BreadcrumbList\",\"@id\":\"https:\\\/\\\/www.gold.fr\\\/news\\\/2014\\\/07\\\/21\\\/lor-peine-a-rebondir-sur-les-crises-geopolitiques\\\/#breadcrumb\",\"itemListElement\":[{\"@type\":\"ListItem\",\"position\":1,\"name\":\"Accueil\",\"item\":\"https:\\\/\\\/www.gold.fr\\\/\"},{\"@type\":\"ListItem\",\"position\":2,\"name\":\"Actualit\u00e9s\",\"item\":\"https:\\\/\\\/www.gold.fr\\\/news\\\/\"},{\"@type\":\"ListItem\",\"position\":3,\"name\":\"L\u2019or peine \u00e0 rebondir sur les crises g\u00e9opolitiques\"}]},{\"@type\":\"WebSite\",\"@id\":\"https:\\\/\\\/www.gold.fr\\\/news\\\/#website\",\"url\":\"https:\\\/\\\/www.gold.fr\\\/news\\\/\",\"name\":\"Gold.fr\",\"description\":\"Actualit\u00e9s de l&#039;Or et des m\u00e9taux pr\u00e9cieux\",\"potentialAction\":[{\"@type\":\"SearchAction\",\"target\":{\"@type\":\"EntryPoint\",\"urlTemplate\":\"https:\\\/\\\/www.gold.fr\\\/news\\\/?s={search_term_string}\"},\"query-input\":{\"@type\":\"PropertyValueSpecification\",\"valueRequired\":true,\"valueName\":\"search_term_string\"}}],\"inLanguage\":\"fr-FR\"},{\"@type\":\"Person\",\"@id\":\"https:\\\/\\\/www.gold.fr\\\/news\\\/#\\\/schema\\\/person\\\/070491b4b4fb7671bf59b3be20302ce9\",\"name\":\"Comptoir National de l'Or\",\"image\":{\"@type\":\"ImageObject\",\"inLanguage\":\"fr-FR\",\"@id\":\"https:\\\/\\\/secure.gravatar.com\\\/avatar\\\/0a2867fd5abe37bed95d5a65e9d58f01756e11efc68af9888dfc50cfa7f65948?s=96&d=mm&r=gb490554db0a38188709de567aa58480d\",\"url\":\"https:\\\/\\\/secure.gravatar.com\\\/avatar\\\/0a2867fd5abe37bed95d5a65e9d58f01756e11efc68af9888dfc50cfa7f65948?s=96&d=mm&r=g\",\"contentUrl\":\"https:\\\/\\\/secure.gravatar.com\\\/avatar\\\/0a2867fd5abe37bed95d5a65e9d58f01756e11efc68af9888dfc50cfa7f65948?s=96&d=mm&r=g\",\"caption\":\"Comptoir National de l'Or\"},\"description\":\"Notre r\u00e9daction est constitu\u00e9e de membres experts dans les m\u00e9tiers de l'\u00e9conomie et la gestion, des Responsables d'agence Comptoir National de l'Or, des analystes financiers qui publient r\u00e9guli\u00e8rement des \u00e9tudes sur les politiques des banques centrales, le cours de l'or, prix de l'or, cours de l'argent, prix de l'argent, cours du platine, cours du palladium,... la situation en zone euro et l'impact de la strat\u00e9gie mon\u00e9taire de la FED. Notre \u00e9quipe scrute \u00e9galement une information plus g\u00e9n\u00e9raliste \u00e0 la recherche d'actualit\u00e9 \\\"p\u00e9pite\\\" \u00e0 vous partager. Depuis 5 ans, nous avons publi\u00e9 un peu plus de 4000 articles qui s'adressent \u00e0 un public large et vari\u00e9 ayant pour objectif de satisfaire votre curiosit\u00e9 et de partager avec vous une certaine fascination pour le m\u00e9tal jaune, le rachat d'or, et pour ceux qui veulent investir dans l'or, vendre leur or tout simplement en savoir plus... Pour tous vos achat or et argent, n'h\u00e9sitez pas \u00e0 prendre rendez-vous dans l'un de nos nombreux comptoirs.\",\"sameAs\":[\"https:\\\/\\\/www.gold.fr\"]}]}<\/script>\n<!-- \/ Yoast SEO plugin. -->","yoast_head_json":{"title":"L\u2019or peine \u00e0 rebondir sur les crises g\u00e9opolitiques - Gold.fr","robots":{"index":"index","follow":"follow","max-snippet":"max-snippet:-1","max-image-preview":"max-image-preview:large","max-video-preview":"max-video-preview:-1"},"canonical":"https:\/\/www.gold.fr\/news\/2014\/07\/21\/lor-peine-a-rebondir-sur-les-crises-geopolitiques\/","og_locale":"fr_FR","og_type":"article","og_title":"L\u2019or peine \u00e0 rebondir sur les crises g\u00e9opolitiques - Gold.fr","og_description":"Le m\u00e9tal jaune continue ses tentatives de stabilisation, en d\u00e9pit d&rsquo;une conjoncture g\u00e9opolitique qui devrait d\u00e9j\u00e0 le propulser vers des sommets dignes de l&rsquo;\u00e9clat l\u00e9gendaire de sa valeur refuge. Pour l&rsquo;heure, le march\u00e9 aurif\u00e8re navigue encore [&hellip;]","og_url":"https:\/\/www.gold.fr\/news\/2014\/07\/21\/lor-peine-a-rebondir-sur-les-crises-geopolitiques\/","og_site_name":"Gold.fr","article_publisher":"https:\/\/www.facebook.com\/Goldfr\/","article_published_time":"2014-07-21T17:00:02+00:00","article_modified_time":"2017-10-26T16:56:43+00:00","og_image":[{"width":638,"height":379,"url":"https:\/\/www.gold.fr\/news\/wp-content\/uploads\/2014\/03\/Gold-Fixing.jpg","type":"image\/jpeg"}],"author":"Comptoir National de l'Or","twitter_card":"summary_large_image","twitter_misc":{"\u00c9crit par":"Comptoir National de l'Or","Dur\u00e9e de lecture estim\u00e9e":"1 minute"},"schema":{"@context":"https:\/\/schema.org","@graph":[{"@type":"Article","@id":"https:\/\/www.gold.fr\/news\/2014\/07\/21\/lor-peine-a-rebondir-sur-les-crises-geopolitiques\/#article","isPartOf":{"@id":"https:\/\/www.gold.fr\/news\/2014\/07\/21\/lor-peine-a-rebondir-sur-les-crises-geopolitiques\/"},"author":{"name":"Comptoir National de l'Or","@id":"https:\/\/www.gold.fr\/news\/#\/schema\/person\/070491b4b4fb7671bf59b3be20302ce9"},"headline":"L\u2019or peine \u00e0 rebondir sur les crises g\u00e9opolitiques","datePublished":"2014-07-21T17:00:02+00:00","dateModified":"2017-10-26T16:56:43+00:00","mainEntityOfPage":{"@id":"https:\/\/www.gold.fr\/news\/2014\/07\/21\/lor-peine-a-rebondir-sur-les-crises-geopolitiques\/"},"wordCount":268,"commentCount":0,"image":{"@id":"https:\/\/www.gold.fr\/news\/2014\/07\/21\/lor-peine-a-rebondir-sur-les-crises-geopolitiques\/#primaryimage"},"thumbnailUrl":"https:\/\/www.gold.fr\/news\/wp-content\/uploads\/2014\/03\/Gold-Fixing.jpg","keywords":["crise","malysia airlaines","Or","Ukraine"],"articleSection":["Articles de presse"],"inLanguage":"fr-FR"},{"@type":"WebPage","@id":"https:\/\/www.gold.fr\/news\/2014\/07\/21\/lor-peine-a-rebondir-sur-les-crises-geopolitiques\/","url":"https:\/\/www.gold.fr\/news\/2014\/07\/21\/lor-peine-a-rebondir-sur-les-crises-geopolitiques\/","name":"L\u2019or peine \u00e0 rebondir sur les crises g\u00e9opolitiques - Gold.fr","isPartOf":{"@id":"https:\/\/www.gold.fr\/news\/#website"},"primaryImageOfPage":{"@id":"https:\/\/www.gold.fr\/news\/2014\/07\/21\/lor-peine-a-rebondir-sur-les-crises-geopolitiques\/#primaryimage"},"image":{"@id":"https:\/\/www.gold.fr\/news\/2014\/07\/21\/lor-peine-a-rebondir-sur-les-crises-geopolitiques\/#primaryimage"},"thumbnailUrl":"https:\/\/www.gold.fr\/news\/wp-content\/uploads\/2014\/03\/Gold-Fixing.jpg","datePublished":"2014-07-21T17:00:02+00:00","dateModified":"2017-10-26T16:56:43+00:00","author":{"@id":"https:\/\/www.gold.fr\/news\/#\/schema\/person\/070491b4b4fb7671bf59b3be20302ce9"},"breadcrumb":{"@id":"https:\/\/www.gold.fr\/news\/2014\/07\/21\/lor-peine-a-rebondir-sur-les-crises-geopolitiques\/#breadcrumb"},"inLanguage":"fr-FR","potentialAction":[{"@type":"ReadAction","target":["https:\/\/www.gold.fr\/news\/2014\/07\/21\/lor-peine-a-rebondir-sur-les-crises-geopolitiques\/"]}]},{"@type":"ImageObject","inLanguage":"fr-FR","@id":"https:\/\/www.gold.fr\/news\/2014\/07\/21\/lor-peine-a-rebondir-sur-les-crises-geopolitiques\/#primaryimage","url":"https:\/\/www.gold.fr\/news\/wp-content\/uploads\/2014\/03\/Gold-Fixing.jpg","contentUrl":"https:\/\/www.gold.fr\/news\/wp-content\/uploads\/2014\/03\/Gold-Fixing.jpg","width":"638","height":"379","caption":"March\u00e9s : Les investisseurs retrouvent le go\u00fbt du risque"},{"@type":"BreadcrumbList","@id":"https:\/\/www.gold.fr\/news\/2014\/07\/21\/lor-peine-a-rebondir-sur-les-crises-geopolitiques\/#breadcrumb","itemListElement":[{"@type":"ListItem","position":1,"name":"Accueil","item":"https:\/\/www.gold.fr\/"},{"@type":"ListItem","position":2,"name":"Actualit\u00e9s","item":"https:\/\/www.gold.fr\/news\/"},{"@type":"ListItem","position":3,"name":"L\u2019or peine \u00e0 rebondir sur les crises g\u00e9opolitiques"}]},{"@type":"WebSite","@id":"https:\/\/www.gold.fr\/news\/#website","url":"https:\/\/www.gold.fr\/news\/","name":"Gold.fr","description":"Actualit\u00e9s de l&#039;Or et des m\u00e9taux pr\u00e9cieux","potentialAction":[{"@type":"SearchAction","target":{"@type":"EntryPoint","urlTemplate":"https:\/\/www.gold.fr\/news\/?s={search_term_string}"},"query-input":{"@type":"PropertyValueSpecification","valueRequired":true,"valueName":"search_term_string"}}],"inLanguage":"fr-FR"},{"@type":"Person","@id":"https:\/\/www.gold.fr\/news\/#\/schema\/person\/070491b4b4fb7671bf59b3be20302ce9","name":"Comptoir National de l'Or","image":{"@type":"ImageObject","inLanguage":"fr-FR","@id":"https:\/\/secure.gravatar.com\/avatar\/0a2867fd5abe37bed95d5a65e9d58f01756e11efc68af9888dfc50cfa7f65948?s=96&d=mm&r=gb490554db0a38188709de567aa58480d","url":"https:\/\/secure.gravatar.com\/avatar\/0a2867fd5abe37bed95d5a65e9d58f01756e11efc68af9888dfc50cfa7f65948?s=96&d=mm&r=g","contentUrl":"https:\/\/secure.gravatar.com\/avatar\/0a2867fd5abe37bed95d5a65e9d58f01756e11efc68af9888dfc50cfa7f65948?s=96&d=mm&r=g","caption":"Comptoir National de l'Or"},"description":"Notre r\u00e9daction est constitu\u00e9e de membres experts dans les m\u00e9tiers de l'\u00e9conomie et la gestion, des Responsables d'agence Comptoir National de l'Or, des analystes financiers qui publient r\u00e9guli\u00e8rement des \u00e9tudes sur les politiques des banques centrales, le cours de l'or, prix de l'or, cours de l'argent, prix de l'argent, cours du platine, cours du palladium,... la situation en zone euro et l'impact de la strat\u00e9gie mon\u00e9taire de la FED. Notre \u00e9quipe scrute \u00e9galement une information plus g\u00e9n\u00e9raliste \u00e0 la recherche d'actualit\u00e9 \"p\u00e9pite\" \u00e0 vous partager. Depuis 5 ans, nous avons publi\u00e9 un peu plus de 4000 articles qui s'adressent \u00e0 un public large et vari\u00e9 ayant pour objectif de satisfaire votre curiosit\u00e9 et de partager avec vous une certaine fascination pour le m\u00e9tal jaune, le rachat d'or, et pour ceux qui veulent investir dans l'or, vendre leur or tout simplement en savoir plus... Pour tous vos achat or et argent, n'h\u00e9sitez pas \u00e0 prendre rendez-vous dans l'un de nos nombreux comptoirs.","sameAs":["https:\/\/www.gold.fr"]}]}},"authors":[{"term_id":2565,"user_id":18,"is_guest":0,"slug":"julie","display_name":"Comptoir National de l'Or","avatar_url":"https:\/\/secure.gravatar.com\/avatar\/713f289e398d35ead876c4a4cc08607f0d6d266058cfc25683fffb6092d0e572?s=96&d=mm&r=g","0":null,"1":"","2":"","3":"","4":"","5":"","6":"","7":"","8":""}],"_links":{"self":[{"href":"https:\/\/www.gold.fr\/news\/wp-json\/wp\/v2\/posts\/15166","targetHints":{"allow":["GET"]}}],"collection":[{"href":"https:\/\/www.gold.fr\/news\/wp-json\/wp\/v2\/posts"}],"about":[{"href":"https:\/\/www.gold.fr\/news\/wp-json\/wp\/v2\/types\/post"}],"author":[{"embeddable":true,"href":"https:\/\/www.gold.fr\/news\/wp-json\/wp\/v2\/users\/18"}],"replies":[{"embeddable":true,"href":"https:\/\/www.gold.fr\/news\/wp-json\/wp\/v2\/comments?post=15166"}],"version-history":[{"count":0,"href":"https:\/\/www.gold.fr\/news\/wp-json\/wp\/v2\/posts\/15166\/revisions"}],"wp:featuredmedia":[{"embeddable":true,"href":"https:\/\/www.gold.fr\/news\/wp-json\/wp\/v2\/media\/14173"}],"wp:attachment":[{"href":"https:\/\/www.gold.fr\/news\/wp-json\/wp\/v2\/media?parent=15166"}],"wp:term":[{"taxonomy":"category","embeddable":true,"href":"https:\/\/www.gold.fr\/news\/wp-json\/wp\/v2\/categories?post=15166"},{"taxonomy":"post_tag","embeddable":true,"href":"https:\/\/www.gold.fr\/news\/wp-json\/wp\/v2\/tags?post=15166"},{"taxonomy":"author","embeddable":true,"href":"https:\/\/www.gold.fr\/news\/wp-json\/wp\/v2\/ppma_author?post=15166"}],"curies":[{"name":"wp","href":"https:\/\/api.w.org\/{rel}","templated":true}]}}