{"id":15150,"date":"2014-07-21T09:00:48","date_gmt":"2014-07-21T07:00:48","guid":{"rendered":"https:\/\/www.gold.fr\/news\/?p=15150"},"modified":"2021-09-09T14:45:22","modified_gmt":"2021-09-09T12:45:22","slug":"2014-le-retour-en-force-de-la-valeur-refuge-de-lor","status":"publish","type":"post","link":"https:\/\/www.gold.fr\/news\/2014\/07\/21\/2014-le-retour-en-force-de-la-valeur-refuge-de-lor\/","title":{"rendered":"2014 : Le retour en force de la valeur refuge de l\u2019or"},"content":{"rendered":"<p><img loading=\"lazy\" decoding=\"async\" class=\"alignleft size-thumbnail wp-image-10194\" title=\"2014 : Le retour en force de la valeur refuge de l\u2019or\" src=\"https:\/\/www.gold.fr\/news\/wp-content\/uploads\/2018\/02\/immobilier_or.jpg\" alt=\"\" width=\"150\" height=\"150\" \/><span style=\"font-size: small;\">Peu importe le bilan annuel final qui sera dress\u00e9 au mois de d\u00e9cembre, l&rsquo;ann\u00e9e <strong>2014<\/strong> aura \u00e9t\u00e9 celle qui a marqu\u00e9 le retour de la valeur refuge du <a class=\"esk-seo-plu-link\" href=\"https:\/\/www.gold.fr\/news\/tags\/or\">m\u00e9tal jaune<\/a> sur le devant de la sc\u00e8ne, boost\u00e9 par une multitude de tensions g\u00e9opolitiques \u00e0 travers le monde, et notamment au Proche-Orient (<strong>Syrie<\/strong>, <strong>Iraq<\/strong>, <strong>Gaza<\/strong>\u2026), mais aussi aux fronti\u00e8res russo-ukrainiennes.<\/span> <span style=\"font-size: small;\"> Du coup, l&rsquo;<a class=\"esk-seo-plu-link\" href=\"https:\/\/www.gold.fr\/news\/tags\/or\">or<\/a> en a profit\u00e9 pour redorer le blason relativement terni de sa valeur refuge, offrant aux inqui\u00e9tudes renouvel\u00e9es des op\u00e9rateurs son sempiternel bouclier contre le spectre des crises en tous genres, et permettant au march\u00e9 aurif\u00e8re d&rsquo;accumuler pr\u00e8s de <strong>11%<\/strong> de gains, depuis le d\u00e9but de l&rsquo;ann\u00e9e.<\/span> <span style=\"font-size: small;\"> Entre autres facteurs haussiers de l&rsquo;<a class=\"esk-seo-plu-link\" href=\"https:\/\/www.gold.fr\/news\/tags\/or\">or<\/a>, le troisi\u00e8me trimestre <strong>2014<\/strong> aura \u00e9galement \u00e9t\u00e9 marqu\u00e9 par la crise de la premi\u00e8re banque portugaise cot\u00e9e, <strong>Espirito Santo<\/strong>, et les angoisses qu&rsquo;elle a soulev\u00e9es concernant un \u00e9ventuel retour de crise \u00e9conomique g\u00e9n\u00e9ralis\u00e9e en Europe. Les experts, au m\u00eame titre que les investisseurs des march\u00e9s financiers, remettent d\u00e9sormais en question la solidit\u00e9 de l&rsquo;\u00e9conomie europ\u00e9enne et s&rsquo;inqui\u00e8tent de sa capacit\u00e9 \u00e0 \u00e9tendre ses vagues de stagnation et de crise jusqu&rsquo;aux portes de <strong>Wall Street<\/strong>.<\/span> <span style=\"font-size: small;\"> Les analystes soulignent \u00e9galement que la prise de position des investisseurs, pour le troisi\u00e8me trimestre <strong>2014<\/strong>, \u00ab <em>r\u00e9v\u00e8lent que les paris sur la hausse des cours du <a class=\"esk-seo-plu-link\" href=\"https:\/\/www.gold.fr\/news\/tags\/or\">m\u00e9tal jaune<\/a> ont plus que tripl\u00e9 durant le mois de juillet <\/em>\u00bb, avec, \u00ab <em>rien que sur la derni\u00e8re, la <strong>CFTC<\/strong> a comptabilis\u00e9 126.000 contrats de ce type, un nombre sans pr\u00e9c\u00e9dent depuis novembre 2012<\/em> \u00bb.<\/span><\/p>\n<!-- AddThis Advanced Settings generic via filter on the_content --><!-- AddThis Share Buttons generic via filter on the_content -->","protected":false},"excerpt":{"rendered":"<p>Peu importe le bilan annuel final qui sera dress\u00e9 au mois de d\u00e9cembre, l&rsquo;ann\u00e9e 2014 aura \u00e9t\u00e9 celle qui a marqu\u00e9 le retour de la valeur refuge du m\u00e9tal jaune sur le devant de la sc\u00e8ne, [&hellip;]<\/p>\n","protected":false},"author":18,"featured_media":29965,"comment_status":"closed","ping_status":"closed","sticky":false,"template":"","format":"standard","meta":{"_mbp_gutenberg_autopost":false,"_pgmb_is_evergreen":false,"_pgmb_ap_template_id":0,"footnotes":""},"categories":[6],"tags":[932,76,1499,234],"ppma_author":[2565],"class_list":["post-15150","post","type-post","status-publish","format-standard","has-post-thumbnail","hentry","category-articles-de-presse","tag-metal-jaune","tag-or","tag-tensions-geopolitiques","tag-valeur-refuge"],"yoast_head":"<!-- This site is optimized with the Yoast SEO plugin v27.5 - https:\/\/yoast.com\/product\/yoast-seo-wordpress\/ -->\n<title>2014 : Le retour en force de la valeur refuge de l\u2019or - Gold.fr<\/title>\n<meta name=\"robots\" content=\"index, follow, max-snippet:-1, max-image-preview:large, max-video-preview:-1\" \/>\n<link rel=\"canonical\" href=\"https:\/\/www.gold.fr\/news\/2014\/07\/21\/2014-le-retour-en-force-de-la-valeur-refuge-de-lor\/\" \/>\n<meta property=\"og:locale\" content=\"fr_FR\" \/>\n<meta property=\"og:type\" content=\"article\" \/>\n<meta property=\"og:title\" content=\"2014 : Le retour en force de la valeur refuge de l\u2019or - Gold.fr\" \/>\n<meta property=\"og:description\" content=\"Peu importe le bilan annuel final qui sera dress\u00e9 au mois de d\u00e9cembre, l&rsquo;ann\u00e9e 2014 aura \u00e9t\u00e9 celle qui a marqu\u00e9 le retour de la valeur refuge du m\u00e9tal jaune sur le devant de la sc\u00e8ne, [&hellip;]\" \/>\n<meta property=\"og:url\" content=\"https:\/\/www.gold.fr\/news\/2014\/07\/21\/2014-le-retour-en-force-de-la-valeur-refuge-de-lor\/\" \/>\n<meta property=\"og:site_name\" content=\"Gold.fr\" \/>\n<meta property=\"article:publisher\" content=\"https:\/\/www.facebook.com\/Goldfr\/\" \/>\n<meta property=\"article:published_time\" content=\"2014-07-21T07:00:48+00:00\" \/>\n<meta property=\"article:modified_time\" content=\"2021-09-09T12:45:22+00:00\" \/>\n<meta property=\"og:image\" content=\"https:\/\/www.gold.fr\/news\/wp-content\/uploads\/2018\/02\/immobilier_or.jpg\" \/>\n\t<meta property=\"og:image:width\" content=\"1183\" \/>\n\t<meta property=\"og:image:height\" content=\"887\" \/>\n\t<meta property=\"og:image:type\" content=\"image\/jpeg\" \/>\n<meta name=\"author\" content=\"Comptoir National de l&#039;Or\" \/>\n<meta name=\"twitter:card\" content=\"summary_large_image\" \/>\n<meta name=\"twitter:label1\" content=\"\u00c9crit par\" \/>\n\t<meta name=\"twitter:data1\" content=\"Comptoir National de l&#039;Or\" \/>\n\t<meta name=\"twitter:label2\" content=\"Dur\u00e9e de lecture estim\u00e9e\" \/>\n\t<meta name=\"twitter:data2\" content=\"1 minute\" \/>\n<script type=\"application\/ld+json\" class=\"yoast-schema-graph\">{\"@context\":\"https:\\\/\\\/schema.org\",\"@graph\":[{\"@type\":\"Article\",\"@id\":\"https:\\\/\\\/www.gold.fr\\\/news\\\/2014\\\/07\\\/21\\\/2014-le-retour-en-force-de-la-valeur-refuge-de-lor\\\/#article\",\"isPartOf\":{\"@id\":\"https:\\\/\\\/www.gold.fr\\\/news\\\/2014\\\/07\\\/21\\\/2014-le-retour-en-force-de-la-valeur-refuge-de-lor\\\/\"},\"author\":{\"name\":\"Comptoir National de l'Or\",\"@id\":\"https:\\\/\\\/www.gold.fr\\\/news\\\/#\\\/schema\\\/person\\\/070491b4b4fb7671bf59b3be20302ce9\"},\"headline\":\"2014 : Le retour en force de la valeur refuge de l\u2019or\",\"datePublished\":\"2014-07-21T07:00:48+00:00\",\"dateModified\":\"2021-09-09T12:45:22+00:00\",\"mainEntityOfPage\":{\"@id\":\"https:\\\/\\\/www.gold.fr\\\/news\\\/2014\\\/07\\\/21\\\/2014-le-retour-en-force-de-la-valeur-refuge-de-lor\\\/\"},\"wordCount\":291,\"image\":{\"@id\":\"https:\\\/\\\/www.gold.fr\\\/news\\\/2014\\\/07\\\/21\\\/2014-le-retour-en-force-de-la-valeur-refuge-de-lor\\\/#primaryimage\"},\"thumbnailUrl\":\"https:\\\/\\\/www.gold.fr\\\/news\\\/wp-content\\\/uploads\\\/2018\\\/02\\\/immobilier_or.jpg\",\"keywords\":[\"M\u00e9tal jaune\",\"Or\",\"tensions g\u00e9opolitiques\",\"Valeur refuge\"],\"articleSection\":[\"Articles de presse\"],\"inLanguage\":\"fr-FR\"},{\"@type\":\"WebPage\",\"@id\":\"https:\\\/\\\/www.gold.fr\\\/news\\\/2014\\\/07\\\/21\\\/2014-le-retour-en-force-de-la-valeur-refuge-de-lor\\\/\",\"url\":\"https:\\\/\\\/www.gold.fr\\\/news\\\/2014\\\/07\\\/21\\\/2014-le-retour-en-force-de-la-valeur-refuge-de-lor\\\/\",\"name\":\"2014 : Le retour en force de la valeur refuge de l\u2019or - Gold.fr\",\"isPartOf\":{\"@id\":\"https:\\\/\\\/www.gold.fr\\\/news\\\/#website\"},\"primaryImageOfPage\":{\"@id\":\"https:\\\/\\\/www.gold.fr\\\/news\\\/2014\\\/07\\\/21\\\/2014-le-retour-en-force-de-la-valeur-refuge-de-lor\\\/#primaryimage\"},\"image\":{\"@id\":\"https:\\\/\\\/www.gold.fr\\\/news\\\/2014\\\/07\\\/21\\\/2014-le-retour-en-force-de-la-valeur-refuge-de-lor\\\/#primaryimage\"},\"thumbnailUrl\":\"https:\\\/\\\/www.gold.fr\\\/news\\\/wp-content\\\/uploads\\\/2018\\\/02\\\/immobilier_or.jpg\",\"datePublished\":\"2014-07-21T07:00:48+00:00\",\"dateModified\":\"2021-09-09T12:45:22+00:00\",\"author\":{\"@id\":\"https:\\\/\\\/www.gold.fr\\\/news\\\/#\\\/schema\\\/person\\\/070491b4b4fb7671bf59b3be20302ce9\"},\"breadcrumb\":{\"@id\":\"https:\\\/\\\/www.gold.fr\\\/news\\\/2014\\\/07\\\/21\\\/2014-le-retour-en-force-de-la-valeur-refuge-de-lor\\\/#breadcrumb\"},\"inLanguage\":\"fr-FR\",\"potentialAction\":[{\"@type\":\"ReadAction\",\"target\":[\"https:\\\/\\\/www.gold.fr\\\/news\\\/2014\\\/07\\\/21\\\/2014-le-retour-en-force-de-la-valeur-refuge-de-lor\\\/\"]}]},{\"@type\":\"ImageObject\",\"inLanguage\":\"fr-FR\",\"@id\":\"https:\\\/\\\/www.gold.fr\\\/news\\\/2014\\\/07\\\/21\\\/2014-le-retour-en-force-de-la-valeur-refuge-de-lor\\\/#primaryimage\",\"url\":\"https:\\\/\\\/www.gold.fr\\\/news\\\/wp-content\\\/uploads\\\/2018\\\/02\\\/immobilier_or.jpg\",\"contentUrl\":\"https:\\\/\\\/www.gold.fr\\\/news\\\/wp-content\\\/uploads\\\/2018\\\/02\\\/immobilier_or.jpg\",\"width\":1183,\"height\":887,\"caption\":\"L\u2019immobilier comme investissement direct, l\u2019or en refuge\"},{\"@type\":\"BreadcrumbList\",\"@id\":\"https:\\\/\\\/www.gold.fr\\\/news\\\/2014\\\/07\\\/21\\\/2014-le-retour-en-force-de-la-valeur-refuge-de-lor\\\/#breadcrumb\",\"itemListElement\":[{\"@type\":\"ListItem\",\"position\":1,\"name\":\"Accueil\",\"item\":\"https:\\\/\\\/www.gold.fr\\\/\"},{\"@type\":\"ListItem\",\"position\":2,\"name\":\"Actualit\u00e9s\",\"item\":\"https:\\\/\\\/www.gold.fr\\\/news\\\/\"},{\"@type\":\"ListItem\",\"position\":3,\"name\":\"2014 : Le retour en force de la valeur refuge de l\u2019or\"}]},{\"@type\":\"WebSite\",\"@id\":\"https:\\\/\\\/www.gold.fr\\\/news\\\/#website\",\"url\":\"https:\\\/\\\/www.gold.fr\\\/news\\\/\",\"name\":\"Gold.fr\",\"description\":\"Actualit\u00e9s de l&#039;Or et des m\u00e9taux pr\u00e9cieux\",\"potentialAction\":[{\"@type\":\"SearchAction\",\"target\":{\"@type\":\"EntryPoint\",\"urlTemplate\":\"https:\\\/\\\/www.gold.fr\\\/news\\\/?s={search_term_string}\"},\"query-input\":{\"@type\":\"PropertyValueSpecification\",\"valueRequired\":true,\"valueName\":\"search_term_string\"}}],\"inLanguage\":\"fr-FR\"},{\"@type\":\"Person\",\"@id\":\"https:\\\/\\\/www.gold.fr\\\/news\\\/#\\\/schema\\\/person\\\/070491b4b4fb7671bf59b3be20302ce9\",\"name\":\"Comptoir National de l'Or\",\"image\":{\"@type\":\"ImageObject\",\"inLanguage\":\"fr-FR\",\"@id\":\"https:\\\/\\\/secure.gravatar.com\\\/avatar\\\/0a2867fd5abe37bed95d5a65e9d58f01756e11efc68af9888dfc50cfa7f65948?s=96&d=mm&r=gb490554db0a38188709de567aa58480d\",\"url\":\"https:\\\/\\\/secure.gravatar.com\\\/avatar\\\/0a2867fd5abe37bed95d5a65e9d58f01756e11efc68af9888dfc50cfa7f65948?s=96&d=mm&r=g\",\"contentUrl\":\"https:\\\/\\\/secure.gravatar.com\\\/avatar\\\/0a2867fd5abe37bed95d5a65e9d58f01756e11efc68af9888dfc50cfa7f65948?s=96&d=mm&r=g\",\"caption\":\"Comptoir National de l'Or\"},\"description\":\"Notre r\u00e9daction est constitu\u00e9e de membres experts dans les m\u00e9tiers de l'\u00e9conomie et la gestion, des Responsables d'agence Comptoir National de l'Or, des analystes financiers qui publient r\u00e9guli\u00e8rement des \u00e9tudes sur les politiques des banques centrales, le cours de l'or, prix de l'or, cours de l'argent, prix de l'argent, cours du platine, cours du palladium,... la situation en zone euro et l'impact de la strat\u00e9gie mon\u00e9taire de la FED. Notre \u00e9quipe scrute \u00e9galement une information plus g\u00e9n\u00e9raliste \u00e0 la recherche d'actualit\u00e9 \\\"p\u00e9pite\\\" \u00e0 vous partager. Depuis 5 ans, nous avons publi\u00e9 un peu plus de 4000 articles qui s'adressent \u00e0 un public large et vari\u00e9 ayant pour objectif de satisfaire votre curiosit\u00e9 et de partager avec vous une certaine fascination pour le m\u00e9tal jaune, le rachat d'or, et pour ceux qui veulent investir dans l'or, vendre leur or tout simplement en savoir plus... Pour tous vos achat or et argent, n'h\u00e9sitez pas \u00e0 prendre rendez-vous dans l'un de nos nombreux comptoirs.\",\"sameAs\":[\"https:\\\/\\\/www.gold.fr\"]}]}<\/script>\n<!-- \/ Yoast SEO plugin. -->","yoast_head_json":{"title":"2014 : Le retour en force de la valeur refuge de l\u2019or - Gold.fr","robots":{"index":"index","follow":"follow","max-snippet":"max-snippet:-1","max-image-preview":"max-image-preview:large","max-video-preview":"max-video-preview:-1"},"canonical":"https:\/\/www.gold.fr\/news\/2014\/07\/21\/2014-le-retour-en-force-de-la-valeur-refuge-de-lor\/","og_locale":"fr_FR","og_type":"article","og_title":"2014 : Le retour en force de la valeur refuge de l\u2019or - Gold.fr","og_description":"Peu importe le bilan annuel final qui sera dress\u00e9 au mois de d\u00e9cembre, l&rsquo;ann\u00e9e 2014 aura \u00e9t\u00e9 celle qui a marqu\u00e9 le retour de la valeur refuge du m\u00e9tal jaune sur le devant de la sc\u00e8ne, [&hellip;]","og_url":"https:\/\/www.gold.fr\/news\/2014\/07\/21\/2014-le-retour-en-force-de-la-valeur-refuge-de-lor\/","og_site_name":"Gold.fr","article_publisher":"https:\/\/www.facebook.com\/Goldfr\/","article_published_time":"2014-07-21T07:00:48+00:00","article_modified_time":"2021-09-09T12:45:22+00:00","og_image":[{"width":1183,"height":887,"url":"https:\/\/www.gold.fr\/news\/wp-content\/uploads\/2018\/02\/immobilier_or.jpg","type":"image\/jpeg"}],"author":"Comptoir National de l'Or","twitter_card":"summary_large_image","twitter_misc":{"\u00c9crit par":"Comptoir National de l'Or","Dur\u00e9e de lecture estim\u00e9e":"1 minute"},"schema":{"@context":"https:\/\/schema.org","@graph":[{"@type":"Article","@id":"https:\/\/www.gold.fr\/news\/2014\/07\/21\/2014-le-retour-en-force-de-la-valeur-refuge-de-lor\/#article","isPartOf":{"@id":"https:\/\/www.gold.fr\/news\/2014\/07\/21\/2014-le-retour-en-force-de-la-valeur-refuge-de-lor\/"},"author":{"name":"Comptoir National de l'Or","@id":"https:\/\/www.gold.fr\/news\/#\/schema\/person\/070491b4b4fb7671bf59b3be20302ce9"},"headline":"2014 : Le retour en force de la valeur refuge de l\u2019or","datePublished":"2014-07-21T07:00:48+00:00","dateModified":"2021-09-09T12:45:22+00:00","mainEntityOfPage":{"@id":"https:\/\/www.gold.fr\/news\/2014\/07\/21\/2014-le-retour-en-force-de-la-valeur-refuge-de-lor\/"},"wordCount":291,"image":{"@id":"https:\/\/www.gold.fr\/news\/2014\/07\/21\/2014-le-retour-en-force-de-la-valeur-refuge-de-lor\/#primaryimage"},"thumbnailUrl":"https:\/\/www.gold.fr\/news\/wp-content\/uploads\/2018\/02\/immobilier_or.jpg","keywords":["M\u00e9tal jaune","Or","tensions g\u00e9opolitiques","Valeur refuge"],"articleSection":["Articles de presse"],"inLanguage":"fr-FR"},{"@type":"WebPage","@id":"https:\/\/www.gold.fr\/news\/2014\/07\/21\/2014-le-retour-en-force-de-la-valeur-refuge-de-lor\/","url":"https:\/\/www.gold.fr\/news\/2014\/07\/21\/2014-le-retour-en-force-de-la-valeur-refuge-de-lor\/","name":"2014 : Le retour en force de la valeur refuge de l\u2019or - Gold.fr","isPartOf":{"@id":"https:\/\/www.gold.fr\/news\/#website"},"primaryImageOfPage":{"@id":"https:\/\/www.gold.fr\/news\/2014\/07\/21\/2014-le-retour-en-force-de-la-valeur-refuge-de-lor\/#primaryimage"},"image":{"@id":"https:\/\/www.gold.fr\/news\/2014\/07\/21\/2014-le-retour-en-force-de-la-valeur-refuge-de-lor\/#primaryimage"},"thumbnailUrl":"https:\/\/www.gold.fr\/news\/wp-content\/uploads\/2018\/02\/immobilier_or.jpg","datePublished":"2014-07-21T07:00:48+00:00","dateModified":"2021-09-09T12:45:22+00:00","author":{"@id":"https:\/\/www.gold.fr\/news\/#\/schema\/person\/070491b4b4fb7671bf59b3be20302ce9"},"breadcrumb":{"@id":"https:\/\/www.gold.fr\/news\/2014\/07\/21\/2014-le-retour-en-force-de-la-valeur-refuge-de-lor\/#breadcrumb"},"inLanguage":"fr-FR","potentialAction":[{"@type":"ReadAction","target":["https:\/\/www.gold.fr\/news\/2014\/07\/21\/2014-le-retour-en-force-de-la-valeur-refuge-de-lor\/"]}]},{"@type":"ImageObject","inLanguage":"fr-FR","@id":"https:\/\/www.gold.fr\/news\/2014\/07\/21\/2014-le-retour-en-force-de-la-valeur-refuge-de-lor\/#primaryimage","url":"https:\/\/www.gold.fr\/news\/wp-content\/uploads\/2018\/02\/immobilier_or.jpg","contentUrl":"https:\/\/www.gold.fr\/news\/wp-content\/uploads\/2018\/02\/immobilier_or.jpg","width":1183,"height":887,"caption":"L\u2019immobilier comme investissement direct, l\u2019or en refuge"},{"@type":"BreadcrumbList","@id":"https:\/\/www.gold.fr\/news\/2014\/07\/21\/2014-le-retour-en-force-de-la-valeur-refuge-de-lor\/#breadcrumb","itemListElement":[{"@type":"ListItem","position":1,"name":"Accueil","item":"https:\/\/www.gold.fr\/"},{"@type":"ListItem","position":2,"name":"Actualit\u00e9s","item":"https:\/\/www.gold.fr\/news\/"},{"@type":"ListItem","position":3,"name":"2014 : Le retour en force de la valeur refuge de l\u2019or"}]},{"@type":"WebSite","@id":"https:\/\/www.gold.fr\/news\/#website","url":"https:\/\/www.gold.fr\/news\/","name":"Gold.fr","description":"Actualit\u00e9s de l&#039;Or et des m\u00e9taux pr\u00e9cieux","potentialAction":[{"@type":"SearchAction","target":{"@type":"EntryPoint","urlTemplate":"https:\/\/www.gold.fr\/news\/?s={search_term_string}"},"query-input":{"@type":"PropertyValueSpecification","valueRequired":true,"valueName":"search_term_string"}}],"inLanguage":"fr-FR"},{"@type":"Person","@id":"https:\/\/www.gold.fr\/news\/#\/schema\/person\/070491b4b4fb7671bf59b3be20302ce9","name":"Comptoir National de l'Or","image":{"@type":"ImageObject","inLanguage":"fr-FR","@id":"https:\/\/secure.gravatar.com\/avatar\/0a2867fd5abe37bed95d5a65e9d58f01756e11efc68af9888dfc50cfa7f65948?s=96&d=mm&r=gb490554db0a38188709de567aa58480d","url":"https:\/\/secure.gravatar.com\/avatar\/0a2867fd5abe37bed95d5a65e9d58f01756e11efc68af9888dfc50cfa7f65948?s=96&d=mm&r=g","contentUrl":"https:\/\/secure.gravatar.com\/avatar\/0a2867fd5abe37bed95d5a65e9d58f01756e11efc68af9888dfc50cfa7f65948?s=96&d=mm&r=g","caption":"Comptoir National de l'Or"},"description":"Notre r\u00e9daction est constitu\u00e9e de membres experts dans les m\u00e9tiers de l'\u00e9conomie et la gestion, des Responsables d'agence Comptoir National de l'Or, des analystes financiers qui publient r\u00e9guli\u00e8rement des \u00e9tudes sur les politiques des banques centrales, le cours de l'or, prix de l'or, cours de l'argent, prix de l'argent, cours du platine, cours du palladium,... la situation en zone euro et l'impact de la strat\u00e9gie mon\u00e9taire de la FED. Notre \u00e9quipe scrute \u00e9galement une information plus g\u00e9n\u00e9raliste \u00e0 la recherche d'actualit\u00e9 \"p\u00e9pite\" \u00e0 vous partager. Depuis 5 ans, nous avons publi\u00e9 un peu plus de 4000 articles qui s'adressent \u00e0 un public large et vari\u00e9 ayant pour objectif de satisfaire votre curiosit\u00e9 et de partager avec vous une certaine fascination pour le m\u00e9tal jaune, le rachat d'or, et pour ceux qui veulent investir dans l'or, vendre leur or tout simplement en savoir plus... Pour tous vos achat or et argent, n'h\u00e9sitez pas \u00e0 prendre rendez-vous dans l'un de nos nombreux comptoirs.","sameAs":["https:\/\/www.gold.fr"]}]}},"authors":[{"term_id":2565,"user_id":18,"is_guest":0,"slug":"julie","display_name":"Comptoir National de l'Or","avatar_url":"https:\/\/secure.gravatar.com\/avatar\/713f289e398d35ead876c4a4cc08607f0d6d266058cfc25683fffb6092d0e572?s=96&d=mm&r=g","0":null,"1":"","2":"","3":"","4":"","5":"","6":"","7":"","8":""}],"_links":{"self":[{"href":"https:\/\/www.gold.fr\/news\/wp-json\/wp\/v2\/posts\/15150","targetHints":{"allow":["GET"]}}],"collection":[{"href":"https:\/\/www.gold.fr\/news\/wp-json\/wp\/v2\/posts"}],"about":[{"href":"https:\/\/www.gold.fr\/news\/wp-json\/wp\/v2\/types\/post"}],"author":[{"embeddable":true,"href":"https:\/\/www.gold.fr\/news\/wp-json\/wp\/v2\/users\/18"}],"replies":[{"embeddable":true,"href":"https:\/\/www.gold.fr\/news\/wp-json\/wp\/v2\/comments?post=15150"}],"version-history":[{"count":0,"href":"https:\/\/www.gold.fr\/news\/wp-json\/wp\/v2\/posts\/15150\/revisions"}],"wp:featuredmedia":[{"embeddable":true,"href":"https:\/\/www.gold.fr\/news\/wp-json\/wp\/v2\/media\/29965"}],"wp:attachment":[{"href":"https:\/\/www.gold.fr\/news\/wp-json\/wp\/v2\/media?parent=15150"}],"wp:term":[{"taxonomy":"category","embeddable":true,"href":"https:\/\/www.gold.fr\/news\/wp-json\/wp\/v2\/categories?post=15150"},{"taxonomy":"post_tag","embeddable":true,"href":"https:\/\/www.gold.fr\/news\/wp-json\/wp\/v2\/tags?post=15150"},{"taxonomy":"author","embeddable":true,"href":"https:\/\/www.gold.fr\/news\/wp-json\/wp\/v2\/ppma_author?post=15150"}],"curies":[{"name":"wp","href":"https:\/\/api.w.org\/{rel}","templated":true}]}}