{"id":15139,"date":"2014-07-17T17:00:05","date_gmt":"2014-07-17T15:00:05","guid":{"rendered":"https:\/\/www.gold.fr\/news\/?p=15139"},"modified":"2017-11-02T11:31:31","modified_gmt":"2017-11-02T10:31:31","slug":"dodo-bassinet-le-nouveau-berceau-dore-de-suommo","status":"publish","type":"post","link":"https:\/\/www.gold.fr\/news\/2014\/07\/17\/dodo-bassinet-le-nouveau-berceau-dore-de-suommo\/","title":{"rendered":"Dodo Bassinet : Le nouveau berceau dor\u00e9 de Suommo"},"content":{"rendered":"<p><img loading=\"lazy\" decoding=\"async\" class=\"alignleft size-thumbnail wp-image-2703\" title=\"Dodo Bassinet : Le nouveau berceau dor\u00e9 de Suommo\" src=\"https:\/\/www.gold.fr\/news\/wp-content\/uploads\/2011\/10\/or-fonte-150x150.jpg\" alt=\"\" width=\"150\" height=\"150\" \/><span style=\"font-size: small;\">C&rsquo;est le dernier \u2018<em>b\u00e9b\u00e9<\/em>&lsquo; en <a href='https:\/\/www.gold.fr\/news\/tags\/or' class='esk-seo-plu-link'>or<\/a> massif de la soci\u00e9t\u00e9 espagnole <strong>Suommo<\/strong>, et il n&rsquo;a certainement pas fini de faire parler de lui. L&rsquo;entreprise sp\u00e9cialis\u00e9e dans la cr\u00e9ation, fabrication et commercialisation de meubles de luxe pour les b\u00e9b\u00e9s et les enfants, vient de d\u00e9voiler son tout dernier produit extravagant ; un berceau en <a href='https:\/\/www.gold.fr\/news\/tags\/or' class='esk-seo-plu-link'>or<\/a> massif, certifi\u00e9 <strong>24 carats<\/strong>. Ce berceau vient rejoindre une large palette de produits similaires (en <a href='https:\/\/www.gold.fr\/news\/tags\/or' class='esk-seo-plu-link'>m\u00e9tal jaune<\/a> massif) pour nourrissons, de quoi entourer votre enfant de luxe opulent.<\/span>    <span style=\"font-size: small;\"> Le berceau en question a \u00e9t\u00e9 baptis\u00e9 \u00ab <em>Dodo Bassinet <\/em>\u00bb et il vaut la coquette somme de <strong>10 millions de livres sterling<\/strong>, soit pr\u00e8s de <strong>13 millions d&rsquo;euros<\/strong>). D&rsquo;apr\u00e8s le quotidien britannique \u2018<em>Daily Mail<\/em>&lsquo;, le produit serait en <a href='https:\/\/www.gold.fr\/news\/tags\/or' class='esk-seo-plu-link'>or<\/a> massif, mesurerait 114 cm de haut, et p\u00e8serait pas moins de 188 kg. L&rsquo;offre de <strong>Suommo<\/strong> vous propose m\u00eame, pour quelques<strong> 72&rsquo;000 livres sterling<\/strong> de plus, de personnaliser le tr\u00e8s pr\u00e9cieux berceau avec des gravures.<\/span>    <span style=\"font-size: small;\"> Si vous comptez passer commande, comptez toutefois pr\u00e8s de 6 mois d&rsquo;attente avant de voir le chef-d&rsquo;\u0153uvre finalis\u00e9. <strong>Rafael Esmila<\/strong>, manager de la soci\u00e9t\u00e9, rappelle en effet, dans une interview avec le<strong> Daily Mail<\/strong>, que \u00ab <em>toutes les conceptions de Suommo sont faites avec le souci du d\u00e9tail <\/em>\u00bb. Et il faut admettre que <strong>Ximo Talamantes<\/strong>, cr\u00e9ateur du berceau et \u00e9galement directeur de <strong>Suommo<\/strong>, a bel et bien soign\u00e9 les d\u00e9tails ; \u00ab<em> la literie du Dodo Bassinet est con\u00e7ue avec de la soie sauvage naturelle et les broderies sont en fils d&rsquo;<a href='https:\/\/www.gold.fr\/news\/tags\/or' class='esk-seo-plu-link'>or<\/a> <\/em>\u00bb.<\/span>    <span style=\"font-size: small;\"> Rappelons d&rsquo;ailleurs que \u00ab <em>Dodo Bassinet <\/em>\u00bb est loin d&rsquo;\u00eatre le premier produit de luxe ultime de <strong>Suommo<\/strong>, puisqu&rsquo;elle \u00ab <em>avait d\u00e9j\u00e0 fait parler d&rsquo;elle en pr\u00e9sentant un biberon in\u00e9dit, fait d&rsquo;<a href='https:\/\/www.gold.fr\/news\/tags\/or' class='esk-seo-plu-link'>or<\/a> et de diamants<\/em> \u00bb, ainsi que des toilettes et des lits en <a href='https:\/\/www.gold.fr\/news\/tags\/or' class='esk-seo-plu-link'>m\u00e9tal jaune<\/a>.<\/span><\/p>\n<!-- AddThis Advanced Settings generic via filter on the_content --><!-- AddThis Share Buttons generic via filter on the_content -->","protected":false},"excerpt":{"rendered":"<p>C&rsquo;est le dernier \u2018b\u00e9b\u00e9&lsquo; en or massif de la soci\u00e9t\u00e9 espagnole Suommo, et il n&rsquo;a certainement pas fini de faire parler de lui. L&rsquo;entreprise sp\u00e9cialis\u00e9e dans la cr\u00e9ation, fabrication et commercialisation de meubles de luxe pour [&hellip;]<\/p>\n","protected":false},"author":18,"featured_media":2703,"comment_status":"open","ping_status":"open","sticky":false,"template":"","format":"standard","meta":{"_mbp_gutenberg_autopost":false,"_pgmb_is_evergreen":false,"_pgmb_ap_template_id":0,"footnotes":""},"categories":[6],"tags":[1884,1883,1886,1885],"ppma_author":[2565],"class_list":["post-15139","post","type-post","status-publish","format-standard","has-post-thumbnail","hentry","category-articles-de-presse","tag-berceau-dore","tag-dodo-bassinet","tag-or-24-carats","tag-suommo"],"yoast_head":"<!-- This site is optimized with the Yoast SEO plugin v27.5 - https:\/\/yoast.com\/product\/yoast-seo-wordpress\/ -->\n<title>Dodo Bassinet : Le nouveau berceau dor\u00e9 de Suommo - Gold.fr<\/title>\n<meta name=\"robots\" content=\"index, follow, max-snippet:-1, max-image-preview:large, max-video-preview:-1\" \/>\n<link rel=\"canonical\" href=\"https:\/\/www.gold.fr\/news\/2014\/07\/17\/dodo-bassinet-le-nouveau-berceau-dore-de-suommo\/\" \/>\n<meta property=\"og:locale\" content=\"fr_FR\" \/>\n<meta property=\"og:type\" content=\"article\" \/>\n<meta property=\"og:title\" content=\"Dodo Bassinet : Le nouveau berceau dor\u00e9 de Suommo - Gold.fr\" \/>\n<meta property=\"og:description\" content=\"C&rsquo;est le dernier \u2018b\u00e9b\u00e9&lsquo; en or massif de la soci\u00e9t\u00e9 espagnole Suommo, et il n&rsquo;a certainement pas fini de faire parler de lui. L&rsquo;entreprise sp\u00e9cialis\u00e9e dans la cr\u00e9ation, fabrication et commercialisation de meubles de luxe pour [&hellip;]\" \/>\n<meta property=\"og:url\" content=\"https:\/\/www.gold.fr\/news\/2014\/07\/17\/dodo-bassinet-le-nouveau-berceau-dore-de-suommo\/\" \/>\n<meta property=\"og:site_name\" content=\"Gold.fr\" \/>\n<meta property=\"article:publisher\" content=\"https:\/\/www.facebook.com\/Goldfr\/\" \/>\n<meta property=\"article:published_time\" content=\"2014-07-17T15:00:05+00:00\" \/>\n<meta property=\"article:modified_time\" content=\"2017-11-02T10:31:31+00:00\" \/>\n<meta property=\"og:image\" content=\"https:\/\/www.gold.fr\/news\/wp-content\/uploads\/2011\/10\/or-fonte.jpg\" \/>\n\t<meta property=\"og:image:width\" content=\"600\" \/>\n\t<meta property=\"og:image:height\" content=\"401\" \/>\n\t<meta property=\"og:image:type\" content=\"image\/jpeg\" \/>\n<meta name=\"author\" content=\"Comptoir National de l&#039;Or\" \/>\n<meta name=\"twitter:card\" content=\"summary_large_image\" \/>\n<meta name=\"twitter:label1\" content=\"\u00c9crit par\" \/>\n\t<meta name=\"twitter:data1\" content=\"Comptoir National de l&#039;Or\" \/>\n\t<meta name=\"twitter:label2\" content=\"Dur\u00e9e de lecture estim\u00e9e\" \/>\n\t<meta name=\"twitter:data2\" content=\"2 minutes\" \/>\n<script type=\"application\/ld+json\" class=\"yoast-schema-graph\">{\"@context\":\"https:\\\/\\\/schema.org\",\"@graph\":[{\"@type\":\"Article\",\"@id\":\"https:\\\/\\\/www.gold.fr\\\/news\\\/2014\\\/07\\\/17\\\/dodo-bassinet-le-nouveau-berceau-dore-de-suommo\\\/#article\",\"isPartOf\":{\"@id\":\"https:\\\/\\\/www.gold.fr\\\/news\\\/2014\\\/07\\\/17\\\/dodo-bassinet-le-nouveau-berceau-dore-de-suommo\\\/\"},\"author\":{\"name\":\"Comptoir National de l'Or\",\"@id\":\"https:\\\/\\\/www.gold.fr\\\/news\\\/#\\\/schema\\\/person\\\/070491b4b4fb7671bf59b3be20302ce9\"},\"headline\":\"Dodo Bassinet : Le nouveau berceau dor\u00e9 de Suommo\",\"datePublished\":\"2014-07-17T15:00:05+00:00\",\"dateModified\":\"2017-11-02T10:31:31+00:00\",\"mainEntityOfPage\":{\"@id\":\"https:\\\/\\\/www.gold.fr\\\/news\\\/2014\\\/07\\\/17\\\/dodo-bassinet-le-nouveau-berceau-dore-de-suommo\\\/\"},\"wordCount\":325,\"commentCount\":0,\"image\":{\"@id\":\"https:\\\/\\\/www.gold.fr\\\/news\\\/2014\\\/07\\\/17\\\/dodo-bassinet-le-nouveau-berceau-dore-de-suommo\\\/#primaryimage\"},\"thumbnailUrl\":\"https:\\\/\\\/www.gold.fr\\\/news\\\/wp-content\\\/uploads\\\/2011\\\/10\\\/or-fonte.jpg\",\"keywords\":[\"berceau dor\u00e9\",\"Dodo Bassinet\",\"or 24 carats\",\"Suommo\"],\"articleSection\":[\"Articles de presse\"],\"inLanguage\":\"fr-FR\"},{\"@type\":\"WebPage\",\"@id\":\"https:\\\/\\\/www.gold.fr\\\/news\\\/2014\\\/07\\\/17\\\/dodo-bassinet-le-nouveau-berceau-dore-de-suommo\\\/\",\"url\":\"https:\\\/\\\/www.gold.fr\\\/news\\\/2014\\\/07\\\/17\\\/dodo-bassinet-le-nouveau-berceau-dore-de-suommo\\\/\",\"name\":\"Dodo Bassinet : Le nouveau berceau dor\u00e9 de Suommo - Gold.fr\",\"isPartOf\":{\"@id\":\"https:\\\/\\\/www.gold.fr\\\/news\\\/#website\"},\"primaryImageOfPage\":{\"@id\":\"https:\\\/\\\/www.gold.fr\\\/news\\\/2014\\\/07\\\/17\\\/dodo-bassinet-le-nouveau-berceau-dore-de-suommo\\\/#primaryimage\"},\"image\":{\"@id\":\"https:\\\/\\\/www.gold.fr\\\/news\\\/2014\\\/07\\\/17\\\/dodo-bassinet-le-nouveau-berceau-dore-de-suommo\\\/#primaryimage\"},\"thumbnailUrl\":\"https:\\\/\\\/www.gold.fr\\\/news\\\/wp-content\\\/uploads\\\/2011\\\/10\\\/or-fonte.jpg\",\"datePublished\":\"2014-07-17T15:00:05+00:00\",\"dateModified\":\"2017-11-02T10:31:31+00:00\",\"author\":{\"@id\":\"https:\\\/\\\/www.gold.fr\\\/news\\\/#\\\/schema\\\/person\\\/070491b4b4fb7671bf59b3be20302ce9\"},\"breadcrumb\":{\"@id\":\"https:\\\/\\\/www.gold.fr\\\/news\\\/2014\\\/07\\\/17\\\/dodo-bassinet-le-nouveau-berceau-dore-de-suommo\\\/#breadcrumb\"},\"inLanguage\":\"fr-FR\",\"potentialAction\":[{\"@type\":\"ReadAction\",\"target\":[\"https:\\\/\\\/www.gold.fr\\\/news\\\/2014\\\/07\\\/17\\\/dodo-bassinet-le-nouveau-berceau-dore-de-suommo\\\/\"]}]},{\"@type\":\"ImageObject\",\"inLanguage\":\"fr-FR\",\"@id\":\"https:\\\/\\\/www.gold.fr\\\/news\\\/2014\\\/07\\\/17\\\/dodo-bassinet-le-nouveau-berceau-dore-de-suommo\\\/#primaryimage\",\"url\":\"https:\\\/\\\/www.gold.fr\\\/news\\\/wp-content\\\/uploads\\\/2011\\\/10\\\/or-fonte.jpg\",\"contentUrl\":\"https:\\\/\\\/www.gold.fr\\\/news\\\/wp-content\\\/uploads\\\/2011\\\/10\\\/or-fonte.jpg\",\"width\":\"600\",\"height\":\"401\",\"caption\":\"Mati\u00e8res premi\u00e8res : L\u2019or se distingue encore\"},{\"@type\":\"BreadcrumbList\",\"@id\":\"https:\\\/\\\/www.gold.fr\\\/news\\\/2014\\\/07\\\/17\\\/dodo-bassinet-le-nouveau-berceau-dore-de-suommo\\\/#breadcrumb\",\"itemListElement\":[{\"@type\":\"ListItem\",\"position\":1,\"name\":\"Accueil\",\"item\":\"https:\\\/\\\/www.gold.fr\\\/\"},{\"@type\":\"ListItem\",\"position\":2,\"name\":\"Actualit\u00e9s\",\"item\":\"https:\\\/\\\/www.gold.fr\\\/news\\\/\"},{\"@type\":\"ListItem\",\"position\":3,\"name\":\"Dodo Bassinet : Le nouveau berceau dor\u00e9 de Suommo\"}]},{\"@type\":\"WebSite\",\"@id\":\"https:\\\/\\\/www.gold.fr\\\/news\\\/#website\",\"url\":\"https:\\\/\\\/www.gold.fr\\\/news\\\/\",\"name\":\"Gold.fr\",\"description\":\"Actualit\u00e9s de l&#039;Or et des m\u00e9taux pr\u00e9cieux\",\"potentialAction\":[{\"@type\":\"SearchAction\",\"target\":{\"@type\":\"EntryPoint\",\"urlTemplate\":\"https:\\\/\\\/www.gold.fr\\\/news\\\/?s={search_term_string}\"},\"query-input\":{\"@type\":\"PropertyValueSpecification\",\"valueRequired\":true,\"valueName\":\"search_term_string\"}}],\"inLanguage\":\"fr-FR\"},{\"@type\":\"Person\",\"@id\":\"https:\\\/\\\/www.gold.fr\\\/news\\\/#\\\/schema\\\/person\\\/070491b4b4fb7671bf59b3be20302ce9\",\"name\":\"Comptoir National de l'Or\",\"image\":{\"@type\":\"ImageObject\",\"inLanguage\":\"fr-FR\",\"@id\":\"https:\\\/\\\/secure.gravatar.com\\\/avatar\\\/0a2867fd5abe37bed95d5a65e9d58f01756e11efc68af9888dfc50cfa7f65948?s=96&d=mm&r=gb490554db0a38188709de567aa58480d\",\"url\":\"https:\\\/\\\/secure.gravatar.com\\\/avatar\\\/0a2867fd5abe37bed95d5a65e9d58f01756e11efc68af9888dfc50cfa7f65948?s=96&d=mm&r=g\",\"contentUrl\":\"https:\\\/\\\/secure.gravatar.com\\\/avatar\\\/0a2867fd5abe37bed95d5a65e9d58f01756e11efc68af9888dfc50cfa7f65948?s=96&d=mm&r=g\",\"caption\":\"Comptoir National de l'Or\"},\"description\":\"Notre r\u00e9daction est constitu\u00e9e de membres experts dans les m\u00e9tiers de l'\u00e9conomie et la gestion, des Responsables d'agence Comptoir National de l'Or, des analystes financiers qui publient r\u00e9guli\u00e8rement des \u00e9tudes sur les politiques des banques centrales, le cours de l'or, prix de l'or, cours de l'argent, prix de l'argent, cours du platine, cours du palladium,... la situation en zone euro et l'impact de la strat\u00e9gie mon\u00e9taire de la FED. Notre \u00e9quipe scrute \u00e9galement une information plus g\u00e9n\u00e9raliste \u00e0 la recherche d'actualit\u00e9 \\\"p\u00e9pite\\\" \u00e0 vous partager. Depuis 5 ans, nous avons publi\u00e9 un peu plus de 4000 articles qui s'adressent \u00e0 un public large et vari\u00e9 ayant pour objectif de satisfaire votre curiosit\u00e9 et de partager avec vous une certaine fascination pour le m\u00e9tal jaune, le rachat d'or, et pour ceux qui veulent investir dans l'or, vendre leur or tout simplement en savoir plus... Pour tous vos achat or et argent, n'h\u00e9sitez pas \u00e0 prendre rendez-vous dans l'un de nos nombreux comptoirs.\",\"sameAs\":[\"https:\\\/\\\/www.gold.fr\"]}]}<\/script>\n<!-- \/ Yoast SEO plugin. -->","yoast_head_json":{"title":"Dodo Bassinet : Le nouveau berceau dor\u00e9 de Suommo - Gold.fr","robots":{"index":"index","follow":"follow","max-snippet":"max-snippet:-1","max-image-preview":"max-image-preview:large","max-video-preview":"max-video-preview:-1"},"canonical":"https:\/\/www.gold.fr\/news\/2014\/07\/17\/dodo-bassinet-le-nouveau-berceau-dore-de-suommo\/","og_locale":"fr_FR","og_type":"article","og_title":"Dodo Bassinet : Le nouveau berceau dor\u00e9 de Suommo - Gold.fr","og_description":"C&rsquo;est le dernier \u2018b\u00e9b\u00e9&lsquo; en or massif de la soci\u00e9t\u00e9 espagnole Suommo, et il n&rsquo;a certainement pas fini de faire parler de lui. L&rsquo;entreprise sp\u00e9cialis\u00e9e dans la cr\u00e9ation, fabrication et commercialisation de meubles de luxe pour [&hellip;]","og_url":"https:\/\/www.gold.fr\/news\/2014\/07\/17\/dodo-bassinet-le-nouveau-berceau-dore-de-suommo\/","og_site_name":"Gold.fr","article_publisher":"https:\/\/www.facebook.com\/Goldfr\/","article_published_time":"2014-07-17T15:00:05+00:00","article_modified_time":"2017-11-02T10:31:31+00:00","og_image":[{"width":600,"height":401,"url":"https:\/\/www.gold.fr\/news\/wp-content\/uploads\/2011\/10\/or-fonte.jpg","type":"image\/jpeg"}],"author":"Comptoir National de l'Or","twitter_card":"summary_large_image","twitter_misc":{"\u00c9crit par":"Comptoir National de l'Or","Dur\u00e9e de lecture estim\u00e9e":"2 minutes"},"schema":{"@context":"https:\/\/schema.org","@graph":[{"@type":"Article","@id":"https:\/\/www.gold.fr\/news\/2014\/07\/17\/dodo-bassinet-le-nouveau-berceau-dore-de-suommo\/#article","isPartOf":{"@id":"https:\/\/www.gold.fr\/news\/2014\/07\/17\/dodo-bassinet-le-nouveau-berceau-dore-de-suommo\/"},"author":{"name":"Comptoir National de l'Or","@id":"https:\/\/www.gold.fr\/news\/#\/schema\/person\/070491b4b4fb7671bf59b3be20302ce9"},"headline":"Dodo Bassinet : Le nouveau berceau dor\u00e9 de Suommo","datePublished":"2014-07-17T15:00:05+00:00","dateModified":"2017-11-02T10:31:31+00:00","mainEntityOfPage":{"@id":"https:\/\/www.gold.fr\/news\/2014\/07\/17\/dodo-bassinet-le-nouveau-berceau-dore-de-suommo\/"},"wordCount":325,"commentCount":0,"image":{"@id":"https:\/\/www.gold.fr\/news\/2014\/07\/17\/dodo-bassinet-le-nouveau-berceau-dore-de-suommo\/#primaryimage"},"thumbnailUrl":"https:\/\/www.gold.fr\/news\/wp-content\/uploads\/2011\/10\/or-fonte.jpg","keywords":["berceau dor\u00e9","Dodo Bassinet","or 24 carats","Suommo"],"articleSection":["Articles de presse"],"inLanguage":"fr-FR"},{"@type":"WebPage","@id":"https:\/\/www.gold.fr\/news\/2014\/07\/17\/dodo-bassinet-le-nouveau-berceau-dore-de-suommo\/","url":"https:\/\/www.gold.fr\/news\/2014\/07\/17\/dodo-bassinet-le-nouveau-berceau-dore-de-suommo\/","name":"Dodo Bassinet : Le nouveau berceau dor\u00e9 de Suommo - Gold.fr","isPartOf":{"@id":"https:\/\/www.gold.fr\/news\/#website"},"primaryImageOfPage":{"@id":"https:\/\/www.gold.fr\/news\/2014\/07\/17\/dodo-bassinet-le-nouveau-berceau-dore-de-suommo\/#primaryimage"},"image":{"@id":"https:\/\/www.gold.fr\/news\/2014\/07\/17\/dodo-bassinet-le-nouveau-berceau-dore-de-suommo\/#primaryimage"},"thumbnailUrl":"https:\/\/www.gold.fr\/news\/wp-content\/uploads\/2011\/10\/or-fonte.jpg","datePublished":"2014-07-17T15:00:05+00:00","dateModified":"2017-11-02T10:31:31+00:00","author":{"@id":"https:\/\/www.gold.fr\/news\/#\/schema\/person\/070491b4b4fb7671bf59b3be20302ce9"},"breadcrumb":{"@id":"https:\/\/www.gold.fr\/news\/2014\/07\/17\/dodo-bassinet-le-nouveau-berceau-dore-de-suommo\/#breadcrumb"},"inLanguage":"fr-FR","potentialAction":[{"@type":"ReadAction","target":["https:\/\/www.gold.fr\/news\/2014\/07\/17\/dodo-bassinet-le-nouveau-berceau-dore-de-suommo\/"]}]},{"@type":"ImageObject","inLanguage":"fr-FR","@id":"https:\/\/www.gold.fr\/news\/2014\/07\/17\/dodo-bassinet-le-nouveau-berceau-dore-de-suommo\/#primaryimage","url":"https:\/\/www.gold.fr\/news\/wp-content\/uploads\/2011\/10\/or-fonte.jpg","contentUrl":"https:\/\/www.gold.fr\/news\/wp-content\/uploads\/2011\/10\/or-fonte.jpg","width":"600","height":"401","caption":"Mati\u00e8res premi\u00e8res : L\u2019or se distingue encore"},{"@type":"BreadcrumbList","@id":"https:\/\/www.gold.fr\/news\/2014\/07\/17\/dodo-bassinet-le-nouveau-berceau-dore-de-suommo\/#breadcrumb","itemListElement":[{"@type":"ListItem","position":1,"name":"Accueil","item":"https:\/\/www.gold.fr\/"},{"@type":"ListItem","position":2,"name":"Actualit\u00e9s","item":"https:\/\/www.gold.fr\/news\/"},{"@type":"ListItem","position":3,"name":"Dodo Bassinet : Le nouveau berceau dor\u00e9 de Suommo"}]},{"@type":"WebSite","@id":"https:\/\/www.gold.fr\/news\/#website","url":"https:\/\/www.gold.fr\/news\/","name":"Gold.fr","description":"Actualit\u00e9s de l&#039;Or et des m\u00e9taux pr\u00e9cieux","potentialAction":[{"@type":"SearchAction","target":{"@type":"EntryPoint","urlTemplate":"https:\/\/www.gold.fr\/news\/?s={search_term_string}"},"query-input":{"@type":"PropertyValueSpecification","valueRequired":true,"valueName":"search_term_string"}}],"inLanguage":"fr-FR"},{"@type":"Person","@id":"https:\/\/www.gold.fr\/news\/#\/schema\/person\/070491b4b4fb7671bf59b3be20302ce9","name":"Comptoir National de l'Or","image":{"@type":"ImageObject","inLanguage":"fr-FR","@id":"https:\/\/secure.gravatar.com\/avatar\/0a2867fd5abe37bed95d5a65e9d58f01756e11efc68af9888dfc50cfa7f65948?s=96&d=mm&r=gb490554db0a38188709de567aa58480d","url":"https:\/\/secure.gravatar.com\/avatar\/0a2867fd5abe37bed95d5a65e9d58f01756e11efc68af9888dfc50cfa7f65948?s=96&d=mm&r=g","contentUrl":"https:\/\/secure.gravatar.com\/avatar\/0a2867fd5abe37bed95d5a65e9d58f01756e11efc68af9888dfc50cfa7f65948?s=96&d=mm&r=g","caption":"Comptoir National de l'Or"},"description":"Notre r\u00e9daction est constitu\u00e9e de membres experts dans les m\u00e9tiers de l'\u00e9conomie et la gestion, des Responsables d'agence Comptoir National de l'Or, des analystes financiers qui publient r\u00e9guli\u00e8rement des \u00e9tudes sur les politiques des banques centrales, le cours de l'or, prix de l'or, cours de l'argent, prix de l'argent, cours du platine, cours du palladium,... la situation en zone euro et l'impact de la strat\u00e9gie mon\u00e9taire de la FED. Notre \u00e9quipe scrute \u00e9galement une information plus g\u00e9n\u00e9raliste \u00e0 la recherche d'actualit\u00e9 \"p\u00e9pite\" \u00e0 vous partager. Depuis 5 ans, nous avons publi\u00e9 un peu plus de 4000 articles qui s'adressent \u00e0 un public large et vari\u00e9 ayant pour objectif de satisfaire votre curiosit\u00e9 et de partager avec vous une certaine fascination pour le m\u00e9tal jaune, le rachat d'or, et pour ceux qui veulent investir dans l'or, vendre leur or tout simplement en savoir plus... Pour tous vos achat or et argent, n'h\u00e9sitez pas \u00e0 prendre rendez-vous dans l'un de nos nombreux comptoirs.","sameAs":["https:\/\/www.gold.fr"]}]}},"authors":[{"term_id":2565,"user_id":18,"is_guest":0,"slug":"julie","display_name":"Comptoir National de l'Or","avatar_url":"https:\/\/secure.gravatar.com\/avatar\/713f289e398d35ead876c4a4cc08607f0d6d266058cfc25683fffb6092d0e572?s=96&d=mm&r=g","0":null,"1":"","2":"","3":"","4":"","5":"","6":"","7":"","8":""}],"_links":{"self":[{"href":"https:\/\/www.gold.fr\/news\/wp-json\/wp\/v2\/posts\/15139","targetHints":{"allow":["GET"]}}],"collection":[{"href":"https:\/\/www.gold.fr\/news\/wp-json\/wp\/v2\/posts"}],"about":[{"href":"https:\/\/www.gold.fr\/news\/wp-json\/wp\/v2\/types\/post"}],"author":[{"embeddable":true,"href":"https:\/\/www.gold.fr\/news\/wp-json\/wp\/v2\/users\/18"}],"replies":[{"embeddable":true,"href":"https:\/\/www.gold.fr\/news\/wp-json\/wp\/v2\/comments?post=15139"}],"version-history":[{"count":0,"href":"https:\/\/www.gold.fr\/news\/wp-json\/wp\/v2\/posts\/15139\/revisions"}],"wp:featuredmedia":[{"embeddable":true,"href":"https:\/\/www.gold.fr\/news\/wp-json\/wp\/v2\/media\/2703"}],"wp:attachment":[{"href":"https:\/\/www.gold.fr\/news\/wp-json\/wp\/v2\/media?parent=15139"}],"wp:term":[{"taxonomy":"category","embeddable":true,"href":"https:\/\/www.gold.fr\/news\/wp-json\/wp\/v2\/categories?post=15139"},{"taxonomy":"post_tag","embeddable":true,"href":"https:\/\/www.gold.fr\/news\/wp-json\/wp\/v2\/tags?post=15139"},{"taxonomy":"author","embeddable":true,"href":"https:\/\/www.gold.fr\/news\/wp-json\/wp\/v2\/ppma_author?post=15139"}],"curies":[{"name":"wp","href":"https:\/\/api.w.org\/{rel}","templated":true}]}}