{"id":15135,"date":"2014-07-17T09:00:15","date_gmt":"2014-07-17T07:00:15","guid":{"rendered":"https:\/\/www.gold.fr\/news\/?p=15135"},"modified":"2017-11-02T11:31:32","modified_gmt":"2017-11-02T10:31:32","slug":"yellen-seme-la-confusion-dans-les-marches","status":"publish","type":"post","link":"https:\/\/www.gold.fr\/news\/2014\/07\/17\/yellen-seme-la-confusion-dans-les-marches\/","title":{"rendered":"Yellen s\u00e8me la confusion dans les march\u00e9s"},"content":{"rendered":"<p><img loading=\"lazy\" decoding=\"async\" class=\"alignleft size-thumbnail wp-image-8820\" title=\"Yellen s\u00e8me la confusion dans les march\u00e9s\" src=\"https:\/\/www.gold.fr\/news\/wp-content\/uploads\/2012\/08\/analyse-economique-150x150.jpg\" alt=\"\" width=\"150\" height=\"150\" \/><span style=\"font-size: small;\">La confusion, certes, mais \u00e9galement et surtout une vague de d\u00e9ception particuli\u00e8rement perceptible dans le repli g\u00e9n\u00e9ral des op\u00e9rateurs, apr\u00e8s une certaine tendance \u00e0 l\u2019optimisme, depuis le d\u00e9but de la semaine. <strong>Janet Yellen<\/strong> a tr\u00e8s efficacement sem\u00e9 la pagaille dans un march\u00e9 am\u00e9ricain et mondial d\u2019ores et d\u00e9j\u00e0 d\u00e9stabilis\u00e9. A l\u2019id\u00e9e d\u2019une future hausse (\u00e0 court terme) des taux d\u2019int\u00e9r\u00eat directeurs appliqu\u00e9s par l\u2019institution, les march\u00e9s d\u2019investissement r\u00e9agissent naturellement, et paniquent relativement.<\/span>    <span style=\"font-size: small;\"> Dans le cadre de son intervention, cette semaine, devant le S\u00e9nat am\u00e9ricain, la pr\u00e9sidente de la r\u00e9serve f\u00e9d\u00e9rale am\u00e9ricaine a confirm\u00e9 la confiance grandissante de son institution, insinuant assez clairement que la <strong>FED<\/strong> serait parfaitement dispos\u00e9e \u00e0 revoir \u00e0 la hausse sa politique mon\u00e9taire (taux d\u2019int\u00e9r\u00eat actuellement nuls) ultra accommodante, si jamais l\u2019\u00e9conomie nationale offrait un nouveau et ultime signe de reprise. Il s\u2019agirait du volet de l\u2019emploi qui se rapproche d\u00e9j\u00e0 du seuil qui devrait d\u00e9clencher la proc\u00e9dure de s\u00e9v\u00e9rit\u00e9 mon\u00e9taire US.<\/span>    <span style=\"font-size: small;\"><strong> Janet Yellen<\/strong> avait en effet affirm\u00e9\u00a0:\u00a0\u00ab\u00a0<em>Si le march\u00e9 du travail continue de s&rsquo;am\u00e9liorer plus rapidement qu&rsquo;anticip\u00e9 par le comit\u00e9 (&#8230;), une hausse de taux <strong>FED Funds<\/strong> serait susceptible d&rsquo;intervenir plus t\u00f4t et d&rsquo;\u00eatre r\u00e9alis\u00e9e plus rapidement que ce qui est envisag\u00e9 actuellement\u00a0<\/em>\u00bb.<\/span>    <span style=\"font-size: small;\"> Les propos de la pr\u00e9sidente de la <strong>FED<\/strong> ont \u00e9t\u00e9 repris et retransmis \u00e0 travers l\u2019ensemble des march\u00e9s internationaux, insufflant un air d\u2019inqui\u00e9tude l\u00e9gitime \u00e0 la perspective de voir la premi\u00e8re \u00e9conomie mondiale se passer d\u00e9finitivement de toutes ses b\u00e9quilles mon\u00e9taires, en l\u2019espace de quelques mois.<\/span><\/p>\n<!-- AddThis Advanced Settings generic via filter on the_content --><!-- AddThis Share Buttons generic via filter on the_content -->","protected":false},"excerpt":{"rendered":"<p>La confusion, certes, mais \u00e9galement et surtout une vague de d\u00e9ception particuli\u00e8rement perceptible dans le repli g\u00e9n\u00e9ral des op\u00e9rateurs, apr\u00e8s une certaine tendance \u00e0 l\u2019optimisme, depuis le d\u00e9but de la semaine. Janet Yellen a tr\u00e8s efficacement [&hellip;]<\/p>\n","protected":false},"author":18,"featured_media":8820,"comment_status":"open","ping_status":"open","sticky":false,"template":"","format":"standard","meta":{"_mbp_gutenberg_autopost":false,"_pgmb_is_evergreen":false,"_pgmb_ap_template_id":0,"footnotes":""},"categories":[6],"tags":[144,1504,105],"ppma_author":[2565],"class_list":["post-15135","post","type-post","status-publish","format-standard","has-post-thumbnail","hentry","category-articles-de-presse","tag-fed","tag-janet-yellen","tag-marche"],"yoast_head":"<!-- This site is optimized with the Yoast SEO plugin v27.5 - https:\/\/yoast.com\/product\/yoast-seo-wordpress\/ -->\n<title>Yellen s\u00e8me la confusion dans les march\u00e9s - Gold.fr<\/title>\n<meta name=\"robots\" content=\"index, follow, max-snippet:-1, max-image-preview:large, max-video-preview:-1\" \/>\n<link rel=\"canonical\" href=\"https:\/\/www.gold.fr\/news\/2014\/07\/17\/yellen-seme-la-confusion-dans-les-marches\/\" \/>\n<meta property=\"og:locale\" content=\"fr_FR\" \/>\n<meta property=\"og:type\" content=\"article\" \/>\n<meta property=\"og:title\" content=\"Yellen s\u00e8me la confusion dans les march\u00e9s - Gold.fr\" \/>\n<meta property=\"og:description\" content=\"La confusion, certes, mais \u00e9galement et surtout une vague de d\u00e9ception particuli\u00e8rement perceptible dans le repli g\u00e9n\u00e9ral des op\u00e9rateurs, apr\u00e8s une certaine tendance \u00e0 l\u2019optimisme, depuis le d\u00e9but de la semaine. Janet Yellen a tr\u00e8s efficacement [&hellip;]\" \/>\n<meta property=\"og:url\" content=\"https:\/\/www.gold.fr\/news\/2014\/07\/17\/yellen-seme-la-confusion-dans-les-marches\/\" \/>\n<meta property=\"og:site_name\" content=\"Gold.fr\" \/>\n<meta property=\"article:publisher\" content=\"https:\/\/www.facebook.com\/Goldfr\/\" \/>\n<meta property=\"article:published_time\" content=\"2014-07-17T07:00:15+00:00\" \/>\n<meta property=\"article:modified_time\" content=\"2017-11-02T10:31:32+00:00\" \/>\n<meta property=\"og:image\" content=\"https:\/\/www.gold.fr\/news\/wp-content\/uploads\/2012\/08\/analyse-economique.jpg\" \/>\n\t<meta property=\"og:image:width\" content=\"600\" \/>\n\t<meta property=\"og:image:height\" content=\"401\" \/>\n\t<meta property=\"og:image:type\" content=\"image\/jpeg\" \/>\n<meta name=\"author\" content=\"Comptoir National de l&#039;Or\" \/>\n<meta name=\"twitter:card\" content=\"summary_large_image\" \/>\n<meta name=\"twitter:label1\" content=\"\u00c9crit par\" \/>\n\t<meta name=\"twitter:data1\" content=\"Comptoir National de l&#039;Or\" \/>\n\t<meta name=\"twitter:label2\" content=\"Dur\u00e9e de lecture estim\u00e9e\" \/>\n\t<meta name=\"twitter:data2\" content=\"1 minute\" \/>\n<script type=\"application\/ld+json\" class=\"yoast-schema-graph\">{\"@context\":\"https:\\\/\\\/schema.org\",\"@graph\":[{\"@type\":\"Article\",\"@id\":\"https:\\\/\\\/www.gold.fr\\\/news\\\/2014\\\/07\\\/17\\\/yellen-seme-la-confusion-dans-les-marches\\\/#article\",\"isPartOf\":{\"@id\":\"https:\\\/\\\/www.gold.fr\\\/news\\\/2014\\\/07\\\/17\\\/yellen-seme-la-confusion-dans-les-marches\\\/\"},\"author\":{\"name\":\"Comptoir National de l'Or\",\"@id\":\"https:\\\/\\\/www.gold.fr\\\/news\\\/#\\\/schema\\\/person\\\/070491b4b4fb7671bf59b3be20302ce9\"},\"headline\":\"Yellen s\u00e8me la confusion dans les march\u00e9s\",\"datePublished\":\"2014-07-17T07:00:15+00:00\",\"dateModified\":\"2017-11-02T10:31:32+00:00\",\"mainEntityOfPage\":{\"@id\":\"https:\\\/\\\/www.gold.fr\\\/news\\\/2014\\\/07\\\/17\\\/yellen-seme-la-confusion-dans-les-marches\\\/\"},\"wordCount\":310,\"commentCount\":0,\"image\":{\"@id\":\"https:\\\/\\\/www.gold.fr\\\/news\\\/2014\\\/07\\\/17\\\/yellen-seme-la-confusion-dans-les-marches\\\/#primaryimage\"},\"thumbnailUrl\":\"https:\\\/\\\/www.gold.fr\\\/news\\\/wp-content\\\/uploads\\\/2012\\\/08\\\/analyse-economique.jpg\",\"keywords\":[\"fed\",\"Janet Yellen\",\"march\u00e9\"],\"articleSection\":[\"Articles de presse\"],\"inLanguage\":\"fr-FR\"},{\"@type\":\"WebPage\",\"@id\":\"https:\\\/\\\/www.gold.fr\\\/news\\\/2014\\\/07\\\/17\\\/yellen-seme-la-confusion-dans-les-marches\\\/\",\"url\":\"https:\\\/\\\/www.gold.fr\\\/news\\\/2014\\\/07\\\/17\\\/yellen-seme-la-confusion-dans-les-marches\\\/\",\"name\":\"Yellen s\u00e8me la confusion dans les march\u00e9s - Gold.fr\",\"isPartOf\":{\"@id\":\"https:\\\/\\\/www.gold.fr\\\/news\\\/#website\"},\"primaryImageOfPage\":{\"@id\":\"https:\\\/\\\/www.gold.fr\\\/news\\\/2014\\\/07\\\/17\\\/yellen-seme-la-confusion-dans-les-marches\\\/#primaryimage\"},\"image\":{\"@id\":\"https:\\\/\\\/www.gold.fr\\\/news\\\/2014\\\/07\\\/17\\\/yellen-seme-la-confusion-dans-les-marches\\\/#primaryimage\"},\"thumbnailUrl\":\"https:\\\/\\\/www.gold.fr\\\/news\\\/wp-content\\\/uploads\\\/2012\\\/08\\\/analyse-economique.jpg\",\"datePublished\":\"2014-07-17T07:00:15+00:00\",\"dateModified\":\"2017-11-02T10:31:32+00:00\",\"author\":{\"@id\":\"https:\\\/\\\/www.gold.fr\\\/news\\\/#\\\/schema\\\/person\\\/070491b4b4fb7671bf59b3be20302ce9\"},\"breadcrumb\":{\"@id\":\"https:\\\/\\\/www.gold.fr\\\/news\\\/2014\\\/07\\\/17\\\/yellen-seme-la-confusion-dans-les-marches\\\/#breadcrumb\"},\"inLanguage\":\"fr-FR\",\"potentialAction\":[{\"@type\":\"ReadAction\",\"target\":[\"https:\\\/\\\/www.gold.fr\\\/news\\\/2014\\\/07\\\/17\\\/yellen-seme-la-confusion-dans-les-marches\\\/\"]}]},{\"@type\":\"ImageObject\",\"inLanguage\":\"fr-FR\",\"@id\":\"https:\\\/\\\/www.gold.fr\\\/news\\\/2014\\\/07\\\/17\\\/yellen-seme-la-confusion-dans-les-marches\\\/#primaryimage\",\"url\":\"https:\\\/\\\/www.gold.fr\\\/news\\\/wp-content\\\/uploads\\\/2012\\\/08\\\/analyse-economique.jpg\",\"contentUrl\":\"https:\\\/\\\/www.gold.fr\\\/news\\\/wp-content\\\/uploads\\\/2012\\\/08\\\/analyse-economique.jpg\",\"width\":\"600\",\"height\":\"401\",\"caption\":\"Apple Watch : Nouveau tremplin haussier pour l\u2019or ?\"},{\"@type\":\"BreadcrumbList\",\"@id\":\"https:\\\/\\\/www.gold.fr\\\/news\\\/2014\\\/07\\\/17\\\/yellen-seme-la-confusion-dans-les-marches\\\/#breadcrumb\",\"itemListElement\":[{\"@type\":\"ListItem\",\"position\":1,\"name\":\"Accueil\",\"item\":\"https:\\\/\\\/www.gold.fr\\\/\"},{\"@type\":\"ListItem\",\"position\":2,\"name\":\"Actualit\u00e9s\",\"item\":\"https:\\\/\\\/www.gold.fr\\\/news\\\/\"},{\"@type\":\"ListItem\",\"position\":3,\"name\":\"Yellen s\u00e8me la confusion dans les march\u00e9s\"}]},{\"@type\":\"WebSite\",\"@id\":\"https:\\\/\\\/www.gold.fr\\\/news\\\/#website\",\"url\":\"https:\\\/\\\/www.gold.fr\\\/news\\\/\",\"name\":\"Gold.fr\",\"description\":\"Actualit\u00e9s de l&#039;Or et des m\u00e9taux pr\u00e9cieux\",\"potentialAction\":[{\"@type\":\"SearchAction\",\"target\":{\"@type\":\"EntryPoint\",\"urlTemplate\":\"https:\\\/\\\/www.gold.fr\\\/news\\\/?s={search_term_string}\"},\"query-input\":{\"@type\":\"PropertyValueSpecification\",\"valueRequired\":true,\"valueName\":\"search_term_string\"}}],\"inLanguage\":\"fr-FR\"},{\"@type\":\"Person\",\"@id\":\"https:\\\/\\\/www.gold.fr\\\/news\\\/#\\\/schema\\\/person\\\/070491b4b4fb7671bf59b3be20302ce9\",\"name\":\"Comptoir National de l'Or\",\"image\":{\"@type\":\"ImageObject\",\"inLanguage\":\"fr-FR\",\"@id\":\"https:\\\/\\\/secure.gravatar.com\\\/avatar\\\/0a2867fd5abe37bed95d5a65e9d58f01756e11efc68af9888dfc50cfa7f65948?s=96&d=mm&r=gb490554db0a38188709de567aa58480d\",\"url\":\"https:\\\/\\\/secure.gravatar.com\\\/avatar\\\/0a2867fd5abe37bed95d5a65e9d58f01756e11efc68af9888dfc50cfa7f65948?s=96&d=mm&r=g\",\"contentUrl\":\"https:\\\/\\\/secure.gravatar.com\\\/avatar\\\/0a2867fd5abe37bed95d5a65e9d58f01756e11efc68af9888dfc50cfa7f65948?s=96&d=mm&r=g\",\"caption\":\"Comptoir National de l'Or\"},\"description\":\"Notre r\u00e9daction est constitu\u00e9e de membres experts dans les m\u00e9tiers de l'\u00e9conomie et la gestion, des Responsables d'agence Comptoir National de l'Or, des analystes financiers qui publient r\u00e9guli\u00e8rement des \u00e9tudes sur les politiques des banques centrales, le cours de l'or, prix de l'or, cours de l'argent, prix de l'argent, cours du platine, cours du palladium,... la situation en zone euro et l'impact de la strat\u00e9gie mon\u00e9taire de la FED. Notre \u00e9quipe scrute \u00e9galement une information plus g\u00e9n\u00e9raliste \u00e0 la recherche d'actualit\u00e9 \\\"p\u00e9pite\\\" \u00e0 vous partager. Depuis 5 ans, nous avons publi\u00e9 un peu plus de 4000 articles qui s'adressent \u00e0 un public large et vari\u00e9 ayant pour objectif de satisfaire votre curiosit\u00e9 et de partager avec vous une certaine fascination pour le m\u00e9tal jaune, le rachat d'or, et pour ceux qui veulent investir dans l'or, vendre leur or tout simplement en savoir plus... Pour tous vos achat or et argent, n'h\u00e9sitez pas \u00e0 prendre rendez-vous dans l'un de nos nombreux comptoirs.\",\"sameAs\":[\"https:\\\/\\\/www.gold.fr\"]}]}<\/script>\n<!-- \/ Yoast SEO plugin. -->","yoast_head_json":{"title":"Yellen s\u00e8me la confusion dans les march\u00e9s - Gold.fr","robots":{"index":"index","follow":"follow","max-snippet":"max-snippet:-1","max-image-preview":"max-image-preview:large","max-video-preview":"max-video-preview:-1"},"canonical":"https:\/\/www.gold.fr\/news\/2014\/07\/17\/yellen-seme-la-confusion-dans-les-marches\/","og_locale":"fr_FR","og_type":"article","og_title":"Yellen s\u00e8me la confusion dans les march\u00e9s - Gold.fr","og_description":"La confusion, certes, mais \u00e9galement et surtout une vague de d\u00e9ception particuli\u00e8rement perceptible dans le repli g\u00e9n\u00e9ral des op\u00e9rateurs, apr\u00e8s une certaine tendance \u00e0 l\u2019optimisme, depuis le d\u00e9but de la semaine. Janet Yellen a tr\u00e8s efficacement [&hellip;]","og_url":"https:\/\/www.gold.fr\/news\/2014\/07\/17\/yellen-seme-la-confusion-dans-les-marches\/","og_site_name":"Gold.fr","article_publisher":"https:\/\/www.facebook.com\/Goldfr\/","article_published_time":"2014-07-17T07:00:15+00:00","article_modified_time":"2017-11-02T10:31:32+00:00","og_image":[{"width":600,"height":401,"url":"https:\/\/www.gold.fr\/news\/wp-content\/uploads\/2012\/08\/analyse-economique.jpg","type":"image\/jpeg"}],"author":"Comptoir National de l'Or","twitter_card":"summary_large_image","twitter_misc":{"\u00c9crit par":"Comptoir National de l'Or","Dur\u00e9e de lecture estim\u00e9e":"1 minute"},"schema":{"@context":"https:\/\/schema.org","@graph":[{"@type":"Article","@id":"https:\/\/www.gold.fr\/news\/2014\/07\/17\/yellen-seme-la-confusion-dans-les-marches\/#article","isPartOf":{"@id":"https:\/\/www.gold.fr\/news\/2014\/07\/17\/yellen-seme-la-confusion-dans-les-marches\/"},"author":{"name":"Comptoir National de l'Or","@id":"https:\/\/www.gold.fr\/news\/#\/schema\/person\/070491b4b4fb7671bf59b3be20302ce9"},"headline":"Yellen s\u00e8me la confusion dans les march\u00e9s","datePublished":"2014-07-17T07:00:15+00:00","dateModified":"2017-11-02T10:31:32+00:00","mainEntityOfPage":{"@id":"https:\/\/www.gold.fr\/news\/2014\/07\/17\/yellen-seme-la-confusion-dans-les-marches\/"},"wordCount":310,"commentCount":0,"image":{"@id":"https:\/\/www.gold.fr\/news\/2014\/07\/17\/yellen-seme-la-confusion-dans-les-marches\/#primaryimage"},"thumbnailUrl":"https:\/\/www.gold.fr\/news\/wp-content\/uploads\/2012\/08\/analyse-economique.jpg","keywords":["fed","Janet Yellen","march\u00e9"],"articleSection":["Articles de presse"],"inLanguage":"fr-FR"},{"@type":"WebPage","@id":"https:\/\/www.gold.fr\/news\/2014\/07\/17\/yellen-seme-la-confusion-dans-les-marches\/","url":"https:\/\/www.gold.fr\/news\/2014\/07\/17\/yellen-seme-la-confusion-dans-les-marches\/","name":"Yellen s\u00e8me la confusion dans les march\u00e9s - Gold.fr","isPartOf":{"@id":"https:\/\/www.gold.fr\/news\/#website"},"primaryImageOfPage":{"@id":"https:\/\/www.gold.fr\/news\/2014\/07\/17\/yellen-seme-la-confusion-dans-les-marches\/#primaryimage"},"image":{"@id":"https:\/\/www.gold.fr\/news\/2014\/07\/17\/yellen-seme-la-confusion-dans-les-marches\/#primaryimage"},"thumbnailUrl":"https:\/\/www.gold.fr\/news\/wp-content\/uploads\/2012\/08\/analyse-economique.jpg","datePublished":"2014-07-17T07:00:15+00:00","dateModified":"2017-11-02T10:31:32+00:00","author":{"@id":"https:\/\/www.gold.fr\/news\/#\/schema\/person\/070491b4b4fb7671bf59b3be20302ce9"},"breadcrumb":{"@id":"https:\/\/www.gold.fr\/news\/2014\/07\/17\/yellen-seme-la-confusion-dans-les-marches\/#breadcrumb"},"inLanguage":"fr-FR","potentialAction":[{"@type":"ReadAction","target":["https:\/\/www.gold.fr\/news\/2014\/07\/17\/yellen-seme-la-confusion-dans-les-marches\/"]}]},{"@type":"ImageObject","inLanguage":"fr-FR","@id":"https:\/\/www.gold.fr\/news\/2014\/07\/17\/yellen-seme-la-confusion-dans-les-marches\/#primaryimage","url":"https:\/\/www.gold.fr\/news\/wp-content\/uploads\/2012\/08\/analyse-economique.jpg","contentUrl":"https:\/\/www.gold.fr\/news\/wp-content\/uploads\/2012\/08\/analyse-economique.jpg","width":"600","height":"401","caption":"Apple Watch : Nouveau tremplin haussier pour l\u2019or ?"},{"@type":"BreadcrumbList","@id":"https:\/\/www.gold.fr\/news\/2014\/07\/17\/yellen-seme-la-confusion-dans-les-marches\/#breadcrumb","itemListElement":[{"@type":"ListItem","position":1,"name":"Accueil","item":"https:\/\/www.gold.fr\/"},{"@type":"ListItem","position":2,"name":"Actualit\u00e9s","item":"https:\/\/www.gold.fr\/news\/"},{"@type":"ListItem","position":3,"name":"Yellen s\u00e8me la confusion dans les march\u00e9s"}]},{"@type":"WebSite","@id":"https:\/\/www.gold.fr\/news\/#website","url":"https:\/\/www.gold.fr\/news\/","name":"Gold.fr","description":"Actualit\u00e9s de l&#039;Or et des m\u00e9taux pr\u00e9cieux","potentialAction":[{"@type":"SearchAction","target":{"@type":"EntryPoint","urlTemplate":"https:\/\/www.gold.fr\/news\/?s={search_term_string}"},"query-input":{"@type":"PropertyValueSpecification","valueRequired":true,"valueName":"search_term_string"}}],"inLanguage":"fr-FR"},{"@type":"Person","@id":"https:\/\/www.gold.fr\/news\/#\/schema\/person\/070491b4b4fb7671bf59b3be20302ce9","name":"Comptoir National de l'Or","image":{"@type":"ImageObject","inLanguage":"fr-FR","@id":"https:\/\/secure.gravatar.com\/avatar\/0a2867fd5abe37bed95d5a65e9d58f01756e11efc68af9888dfc50cfa7f65948?s=96&d=mm&r=gb490554db0a38188709de567aa58480d","url":"https:\/\/secure.gravatar.com\/avatar\/0a2867fd5abe37bed95d5a65e9d58f01756e11efc68af9888dfc50cfa7f65948?s=96&d=mm&r=g","contentUrl":"https:\/\/secure.gravatar.com\/avatar\/0a2867fd5abe37bed95d5a65e9d58f01756e11efc68af9888dfc50cfa7f65948?s=96&d=mm&r=g","caption":"Comptoir National de l'Or"},"description":"Notre r\u00e9daction est constitu\u00e9e de membres experts dans les m\u00e9tiers de l'\u00e9conomie et la gestion, des Responsables d'agence Comptoir National de l'Or, des analystes financiers qui publient r\u00e9guli\u00e8rement des \u00e9tudes sur les politiques des banques centrales, le cours de l'or, prix de l'or, cours de l'argent, prix de l'argent, cours du platine, cours du palladium,... la situation en zone euro et l'impact de la strat\u00e9gie mon\u00e9taire de la FED. Notre \u00e9quipe scrute \u00e9galement une information plus g\u00e9n\u00e9raliste \u00e0 la recherche d'actualit\u00e9 \"p\u00e9pite\" \u00e0 vous partager. Depuis 5 ans, nous avons publi\u00e9 un peu plus de 4000 articles qui s'adressent \u00e0 un public large et vari\u00e9 ayant pour objectif de satisfaire votre curiosit\u00e9 et de partager avec vous une certaine fascination pour le m\u00e9tal jaune, le rachat d'or, et pour ceux qui veulent investir dans l'or, vendre leur or tout simplement en savoir plus... Pour tous vos achat or et argent, n'h\u00e9sitez pas \u00e0 prendre rendez-vous dans l'un de nos nombreux comptoirs.","sameAs":["https:\/\/www.gold.fr"]}]}},"authors":[{"term_id":2565,"user_id":18,"is_guest":0,"slug":"julie","display_name":"Comptoir National de l'Or","avatar_url":"https:\/\/secure.gravatar.com\/avatar\/713f289e398d35ead876c4a4cc08607f0d6d266058cfc25683fffb6092d0e572?s=96&d=mm&r=g","0":null,"1":"","2":"","3":"","4":"","5":"","6":"","7":"","8":""}],"_links":{"self":[{"href":"https:\/\/www.gold.fr\/news\/wp-json\/wp\/v2\/posts\/15135","targetHints":{"allow":["GET"]}}],"collection":[{"href":"https:\/\/www.gold.fr\/news\/wp-json\/wp\/v2\/posts"}],"about":[{"href":"https:\/\/www.gold.fr\/news\/wp-json\/wp\/v2\/types\/post"}],"author":[{"embeddable":true,"href":"https:\/\/www.gold.fr\/news\/wp-json\/wp\/v2\/users\/18"}],"replies":[{"embeddable":true,"href":"https:\/\/www.gold.fr\/news\/wp-json\/wp\/v2\/comments?post=15135"}],"version-history":[{"count":0,"href":"https:\/\/www.gold.fr\/news\/wp-json\/wp\/v2\/posts\/15135\/revisions"}],"wp:featuredmedia":[{"embeddable":true,"href":"https:\/\/www.gold.fr\/news\/wp-json\/wp\/v2\/media\/8820"}],"wp:attachment":[{"href":"https:\/\/www.gold.fr\/news\/wp-json\/wp\/v2\/media?parent=15135"}],"wp:term":[{"taxonomy":"category","embeddable":true,"href":"https:\/\/www.gold.fr\/news\/wp-json\/wp\/v2\/categories?post=15135"},{"taxonomy":"post_tag","embeddable":true,"href":"https:\/\/www.gold.fr\/news\/wp-json\/wp\/v2\/tags?post=15135"},{"taxonomy":"author","embeddable":true,"href":"https:\/\/www.gold.fr\/news\/wp-json\/wp\/v2\/ppma_author?post=15135"}],"curies":[{"name":"wp","href":"https:\/\/api.w.org\/{rel}","templated":true}]}}