{"id":15133,"date":"2014-07-16T17:00:20","date_gmt":"2014-07-16T15:00:20","guid":{"rendered":"https:\/\/www.gold.fr\/news\/?p=15133"},"modified":"2017-11-02T11:39:24","modified_gmt":"2017-11-02T10:39:24","slug":"les-marches-europeens-encaissent-le-coup-fed","status":"publish","type":"post","link":"https:\/\/www.gold.fr\/news\/2014\/07\/16\/les-marches-europeens-encaissent-le-coup-fed\/","title":{"rendered":"Les march\u00e9s europ\u00e9ens encaissent le coup FED"},"content":{"rendered":"<p><img loading=\"lazy\" decoding=\"async\" class=\"alignleft size-thumbnail wp-image-4996\" title=\"Les march\u00e9s europ\u00e9ens encaissent le coup FED\" src=\"https:\/\/www.gold.fr\/news\/wp-content\/uploads\/2010\/12\/monde-or-150x150.jpg\" alt=\"\" width=\"150\" height=\"150\" \/><span style=\"font-size: small;\">En d\u00e9but de semaine, l&rsquo;ensemble des observateurs professionnels pr\u00e9voyaient, \u00e0 l&rsquo;unanimit\u00e9, que \u00ab <em>la pr\u00e9sentation devant le Congr\u00e8s du rapport semestriel de Janet Yellen, la pr\u00e9sidente de la <strong>FED<\/strong>, sur la politique mon\u00e9taire, (\u2026) devrait logiquement venir rassurer les march\u00e9s<\/em> \u00bb. Ils auront vite fait de d\u00e9chanter, puisque la pr\u00e9sidente de la r\u00e9serve f\u00e9d\u00e9rale am\u00e9ricaine n&rsquo;a pas h\u00e9sit\u00e9 \u00e0 l\u00e2cher une nouvelle \u2018<em>bombe<\/em>&lsquo; ; la hausse imminente des taux d&rsquo;int\u00e9r\u00eat directeurs de l&rsquo;institution. Une annonce qui fait suite \u00e0 une autre annonce similaire, la semaine derni\u00e8re, confirmant la fin d\u00e9finitive des injections mon\u00e9taires mensuelles massives fournies par la <strong>FED<\/strong> pour soutenir l&rsquo;\u00e9conomie nationale.<\/span>    <span style=\"font-size: small;\"> Du coup, les march\u00e9s europ\u00e9ens, d\u00e9j\u00e0 largement stagnants, encaissent davantage le coup et peinent \u00e0 trouver leur \u00e9quilibre entre les \u2018<em>bombardement<\/em>&lsquo; <strong>FED<\/strong> et la succession de mauvaises nouvelles sur le territoire m\u00eame de la zone des 18.<\/span>    <span style=\"font-size: small;\"> A l&rsquo;heure m\u00eame o\u00f9 les inqui\u00e9tudes autour de la crise portugaise continuent \u00e0 faire rage, c&rsquo;est au tour de deux grandes puissances euro de flancher. D&rsquo;abord, le Royaume-Uni o\u00f9 le \u00ab <em>taux d&rsquo;inflation a acc\u00e9l\u00e9r\u00e9 \u00e0 un rythme annuel de <strong>1,9%<\/strong> en juin 2014, contre<strong> 1,5%<\/strong> en mai <\/em>\u00bb. Et en Allemagne, on se <a href='https:\/\/www.gold.fr\/news\/tags\/bijoux-or' class='esk-seo-plu-link'>montre<\/a> \u00ab <em>moins optimiste que pr\u00e9vu, d&rsquo;apr\u00e8s l&rsquo;indice <strong>ZEW<\/strong> qui r\u00e9troc\u00e8de<strong> 2,7 points<\/strong> \u00e0<strong> 27,1<\/strong> en juillet, alors que les \u00e9conomistes attendaient une baisse plus modeste<\/em> \u00bb.<\/span>    <span style=\"font-size: small;\"> Pour les experts de <strong>Natixis<\/strong>, \u00ab <em>bien que cette baisse se <a href='https:\/\/www.gold.fr\/news\/tags\/bijoux-or' class='esk-seo-plu-link'>montre<\/a> moins significative que lors des mois pr\u00e9c\u00e9dents, l&rsquo;indice se situe d\u00e9sormais l\u00e9g\u00e8rement au-dessus de sa moyenne de long terme (24,7), indiquant que l&rsquo;\u00e9conomie allemande n&rsquo;est gu\u00e8re susceptible de gagner de l&rsquo;allure cette ann\u00e9e<\/em> \u00bb.<\/span><\/p>\n<!-- AddThis Advanced Settings generic via filter on the_content --><!-- AddThis Share Buttons generic via filter on the_content -->","protected":false},"excerpt":{"rendered":"<p>En d\u00e9but de semaine, l&rsquo;ensemble des observateurs professionnels pr\u00e9voyaient, \u00e0 l&rsquo;unanimit\u00e9, que \u00ab la pr\u00e9sentation devant le Congr\u00e8s du rapport semestriel de Janet Yellen, la pr\u00e9sidente de la FED, sur la politique mon\u00e9taire, (\u2026) devrait logiquement [&hellip;]<\/p>\n","protected":false},"author":18,"featured_media":4996,"comment_status":"open","ping_status":"open","sticky":false,"template":"","format":"standard","meta":{"_mbp_gutenberg_autopost":false,"_pgmb_is_evergreen":false,"_pgmb_ap_template_id":0,"footnotes":""},"categories":[6],"tags":[242,144,1649,1035],"ppma_author":[2565],"class_list":["post-15133","post","type-post","status-publish","format-standard","has-post-thumbnail","hentry","category-articles-de-presse","tag-europe","tag-fed","tag-marches","tag-politique-monetaire"],"yoast_head":"<!-- This site is optimized with the Yoast SEO plugin v27.5 - https:\/\/yoast.com\/product\/yoast-seo-wordpress\/ -->\n<title>Les march\u00e9s europ\u00e9ens encaissent le coup FED - Gold.fr<\/title>\n<meta name=\"robots\" content=\"index, follow, max-snippet:-1, max-image-preview:large, max-video-preview:-1\" \/>\n<link rel=\"canonical\" href=\"https:\/\/www.gold.fr\/news\/2014\/07\/16\/les-marches-europeens-encaissent-le-coup-fed\/\" \/>\n<meta property=\"og:locale\" content=\"fr_FR\" \/>\n<meta property=\"og:type\" content=\"article\" \/>\n<meta property=\"og:title\" content=\"Les march\u00e9s europ\u00e9ens encaissent le coup FED - Gold.fr\" \/>\n<meta property=\"og:description\" content=\"En d\u00e9but de semaine, l&rsquo;ensemble des observateurs professionnels pr\u00e9voyaient, \u00e0 l&rsquo;unanimit\u00e9, que \u00ab la pr\u00e9sentation devant le Congr\u00e8s du rapport semestriel de Janet Yellen, la pr\u00e9sidente de la FED, sur la politique mon\u00e9taire, (\u2026) devrait logiquement [&hellip;]\" \/>\n<meta property=\"og:url\" content=\"https:\/\/www.gold.fr\/news\/2014\/07\/16\/les-marches-europeens-encaissent-le-coup-fed\/\" \/>\n<meta property=\"og:site_name\" content=\"Gold.fr\" \/>\n<meta property=\"article:publisher\" content=\"https:\/\/www.facebook.com\/Goldfr\/\" \/>\n<meta property=\"article:published_time\" content=\"2014-07-16T15:00:20+00:00\" \/>\n<meta property=\"article:modified_time\" content=\"2017-11-02T10:39:24+00:00\" \/>\n<meta property=\"og:image\" content=\"https:\/\/www.gold.fr\/news\/wp-content\/uploads\/2010\/12\/monde-or.jpg\" \/>\n\t<meta property=\"og:image:width\" content=\"600\" \/>\n\t<meta property=\"og:image:height\" content=\"450\" \/>\n\t<meta property=\"og:image:type\" content=\"image\/jpeg\" \/>\n<meta name=\"author\" content=\"Comptoir National de l&#039;Or\" \/>\n<meta name=\"twitter:card\" content=\"summary_large_image\" \/>\n<meta name=\"twitter:label1\" content=\"\u00c9crit par\" \/>\n\t<meta name=\"twitter:data1\" content=\"Comptoir National de l&#039;Or\" \/>\n\t<meta name=\"twitter:label2\" content=\"Dur\u00e9e de lecture estim\u00e9e\" \/>\n\t<meta name=\"twitter:data2\" content=\"1 minute\" \/>\n<script type=\"application\/ld+json\" class=\"yoast-schema-graph\">{\"@context\":\"https:\\\/\\\/schema.org\",\"@graph\":[{\"@type\":\"Article\",\"@id\":\"https:\\\/\\\/www.gold.fr\\\/news\\\/2014\\\/07\\\/16\\\/les-marches-europeens-encaissent-le-coup-fed\\\/#article\",\"isPartOf\":{\"@id\":\"https:\\\/\\\/www.gold.fr\\\/news\\\/2014\\\/07\\\/16\\\/les-marches-europeens-encaissent-le-coup-fed\\\/\"},\"author\":{\"name\":\"Comptoir National de l'Or\",\"@id\":\"https:\\\/\\\/www.gold.fr\\\/news\\\/#\\\/schema\\\/person\\\/070491b4b4fb7671bf59b3be20302ce9\"},\"headline\":\"Les march\u00e9s europ\u00e9ens encaissent le coup FED\",\"datePublished\":\"2014-07-16T15:00:20+00:00\",\"dateModified\":\"2017-11-02T10:39:24+00:00\",\"mainEntityOfPage\":{\"@id\":\"https:\\\/\\\/www.gold.fr\\\/news\\\/2014\\\/07\\\/16\\\/les-marches-europeens-encaissent-le-coup-fed\\\/\"},\"wordCount\":307,\"commentCount\":0,\"image\":{\"@id\":\"https:\\\/\\\/www.gold.fr\\\/news\\\/2014\\\/07\\\/16\\\/les-marches-europeens-encaissent-le-coup-fed\\\/#primaryimage\"},\"thumbnailUrl\":\"https:\\\/\\\/www.gold.fr\\\/news\\\/wp-content\\\/uploads\\\/2010\\\/12\\\/monde-or.jpg\",\"keywords\":[\"europe\",\"fed\",\"march\u00e9s\",\"politique mon\u00e9taire\"],\"articleSection\":[\"Articles de presse\"],\"inLanguage\":\"fr-FR\"},{\"@type\":\"WebPage\",\"@id\":\"https:\\\/\\\/www.gold.fr\\\/news\\\/2014\\\/07\\\/16\\\/les-marches-europeens-encaissent-le-coup-fed\\\/\",\"url\":\"https:\\\/\\\/www.gold.fr\\\/news\\\/2014\\\/07\\\/16\\\/les-marches-europeens-encaissent-le-coup-fed\\\/\",\"name\":\"Les march\u00e9s europ\u00e9ens encaissent le coup FED - Gold.fr\",\"isPartOf\":{\"@id\":\"https:\\\/\\\/www.gold.fr\\\/news\\\/#website\"},\"primaryImageOfPage\":{\"@id\":\"https:\\\/\\\/www.gold.fr\\\/news\\\/2014\\\/07\\\/16\\\/les-marches-europeens-encaissent-le-coup-fed\\\/#primaryimage\"},\"image\":{\"@id\":\"https:\\\/\\\/www.gold.fr\\\/news\\\/2014\\\/07\\\/16\\\/les-marches-europeens-encaissent-le-coup-fed\\\/#primaryimage\"},\"thumbnailUrl\":\"https:\\\/\\\/www.gold.fr\\\/news\\\/wp-content\\\/uploads\\\/2010\\\/12\\\/monde-or.jpg\",\"datePublished\":\"2014-07-16T15:00:20+00:00\",\"dateModified\":\"2017-11-02T10:39:24+00:00\",\"author\":{\"@id\":\"https:\\\/\\\/www.gold.fr\\\/news\\\/#\\\/schema\\\/person\\\/070491b4b4fb7671bf59b3be20302ce9\"},\"breadcrumb\":{\"@id\":\"https:\\\/\\\/www.gold.fr\\\/news\\\/2014\\\/07\\\/16\\\/les-marches-europeens-encaissent-le-coup-fed\\\/#breadcrumb\"},\"inLanguage\":\"fr-FR\",\"potentialAction\":[{\"@type\":\"ReadAction\",\"target\":[\"https:\\\/\\\/www.gold.fr\\\/news\\\/2014\\\/07\\\/16\\\/les-marches-europeens-encaissent-le-coup-fed\\\/\"]}]},{\"@type\":\"ImageObject\",\"inLanguage\":\"fr-FR\",\"@id\":\"https:\\\/\\\/www.gold.fr\\\/news\\\/2014\\\/07\\\/16\\\/les-marches-europeens-encaissent-le-coup-fed\\\/#primaryimage\",\"url\":\"https:\\\/\\\/www.gold.fr\\\/news\\\/wp-content\\\/uploads\\\/2010\\\/12\\\/monde-or.jpg\",\"contentUrl\":\"https:\\\/\\\/www.gold.fr\\\/news\\\/wp-content\\\/uploads\\\/2010\\\/12\\\/monde-or.jpg\",\"width\":\"600\",\"height\":\"450\",\"caption\":\"Stagnation au niveau de l\u2019once\"},{\"@type\":\"BreadcrumbList\",\"@id\":\"https:\\\/\\\/www.gold.fr\\\/news\\\/2014\\\/07\\\/16\\\/les-marches-europeens-encaissent-le-coup-fed\\\/#breadcrumb\",\"itemListElement\":[{\"@type\":\"ListItem\",\"position\":1,\"name\":\"Accueil\",\"item\":\"https:\\\/\\\/www.gold.fr\\\/\"},{\"@type\":\"ListItem\",\"position\":2,\"name\":\"Actualit\u00e9s\",\"item\":\"https:\\\/\\\/www.gold.fr\\\/news\\\/\"},{\"@type\":\"ListItem\",\"position\":3,\"name\":\"Les march\u00e9s europ\u00e9ens encaissent le coup FED\"}]},{\"@type\":\"WebSite\",\"@id\":\"https:\\\/\\\/www.gold.fr\\\/news\\\/#website\",\"url\":\"https:\\\/\\\/www.gold.fr\\\/news\\\/\",\"name\":\"Gold.fr\",\"description\":\"Actualit\u00e9s de l&#039;Or et des m\u00e9taux pr\u00e9cieux\",\"potentialAction\":[{\"@type\":\"SearchAction\",\"target\":{\"@type\":\"EntryPoint\",\"urlTemplate\":\"https:\\\/\\\/www.gold.fr\\\/news\\\/?s={search_term_string}\"},\"query-input\":{\"@type\":\"PropertyValueSpecification\",\"valueRequired\":true,\"valueName\":\"search_term_string\"}}],\"inLanguage\":\"fr-FR\"},{\"@type\":\"Person\",\"@id\":\"https:\\\/\\\/www.gold.fr\\\/news\\\/#\\\/schema\\\/person\\\/070491b4b4fb7671bf59b3be20302ce9\",\"name\":\"Comptoir National de l'Or\",\"image\":{\"@type\":\"ImageObject\",\"inLanguage\":\"fr-FR\",\"@id\":\"https:\\\/\\\/secure.gravatar.com\\\/avatar\\\/0a2867fd5abe37bed95d5a65e9d58f01756e11efc68af9888dfc50cfa7f65948?s=96&d=mm&r=gb490554db0a38188709de567aa58480d\",\"url\":\"https:\\\/\\\/secure.gravatar.com\\\/avatar\\\/0a2867fd5abe37bed95d5a65e9d58f01756e11efc68af9888dfc50cfa7f65948?s=96&d=mm&r=g\",\"contentUrl\":\"https:\\\/\\\/secure.gravatar.com\\\/avatar\\\/0a2867fd5abe37bed95d5a65e9d58f01756e11efc68af9888dfc50cfa7f65948?s=96&d=mm&r=g\",\"caption\":\"Comptoir National de l'Or\"},\"description\":\"Notre r\u00e9daction est constitu\u00e9e de membres experts dans les m\u00e9tiers de l'\u00e9conomie et la gestion, des Responsables d'agence Comptoir National de l'Or, des analystes financiers qui publient r\u00e9guli\u00e8rement des \u00e9tudes sur les politiques des banques centrales, le cours de l'or, prix de l'or, cours de l'argent, prix de l'argent, cours du platine, cours du palladium,... la situation en zone euro et l'impact de la strat\u00e9gie mon\u00e9taire de la FED. Notre \u00e9quipe scrute \u00e9galement une information plus g\u00e9n\u00e9raliste \u00e0 la recherche d'actualit\u00e9 \\\"p\u00e9pite\\\" \u00e0 vous partager. Depuis 5 ans, nous avons publi\u00e9 un peu plus de 4000 articles qui s'adressent \u00e0 un public large et vari\u00e9 ayant pour objectif de satisfaire votre curiosit\u00e9 et de partager avec vous une certaine fascination pour le m\u00e9tal jaune, le rachat d'or, et pour ceux qui veulent investir dans l'or, vendre leur or tout simplement en savoir plus... Pour tous vos achat or et argent, n'h\u00e9sitez pas \u00e0 prendre rendez-vous dans l'un de nos nombreux comptoirs.\",\"sameAs\":[\"https:\\\/\\\/www.gold.fr\"]}]}<\/script>\n<!-- \/ Yoast SEO plugin. -->","yoast_head_json":{"title":"Les march\u00e9s europ\u00e9ens encaissent le coup FED - Gold.fr","robots":{"index":"index","follow":"follow","max-snippet":"max-snippet:-1","max-image-preview":"max-image-preview:large","max-video-preview":"max-video-preview:-1"},"canonical":"https:\/\/www.gold.fr\/news\/2014\/07\/16\/les-marches-europeens-encaissent-le-coup-fed\/","og_locale":"fr_FR","og_type":"article","og_title":"Les march\u00e9s europ\u00e9ens encaissent le coup FED - Gold.fr","og_description":"En d\u00e9but de semaine, l&rsquo;ensemble des observateurs professionnels pr\u00e9voyaient, \u00e0 l&rsquo;unanimit\u00e9, que \u00ab la pr\u00e9sentation devant le Congr\u00e8s du rapport semestriel de Janet Yellen, la pr\u00e9sidente de la FED, sur la politique mon\u00e9taire, (\u2026) devrait logiquement [&hellip;]","og_url":"https:\/\/www.gold.fr\/news\/2014\/07\/16\/les-marches-europeens-encaissent-le-coup-fed\/","og_site_name":"Gold.fr","article_publisher":"https:\/\/www.facebook.com\/Goldfr\/","article_published_time":"2014-07-16T15:00:20+00:00","article_modified_time":"2017-11-02T10:39:24+00:00","og_image":[{"width":600,"height":450,"url":"https:\/\/www.gold.fr\/news\/wp-content\/uploads\/2010\/12\/monde-or.jpg","type":"image\/jpeg"}],"author":"Comptoir National de l'Or","twitter_card":"summary_large_image","twitter_misc":{"\u00c9crit par":"Comptoir National de l'Or","Dur\u00e9e de lecture estim\u00e9e":"1 minute"},"schema":{"@context":"https:\/\/schema.org","@graph":[{"@type":"Article","@id":"https:\/\/www.gold.fr\/news\/2014\/07\/16\/les-marches-europeens-encaissent-le-coup-fed\/#article","isPartOf":{"@id":"https:\/\/www.gold.fr\/news\/2014\/07\/16\/les-marches-europeens-encaissent-le-coup-fed\/"},"author":{"name":"Comptoir National de l'Or","@id":"https:\/\/www.gold.fr\/news\/#\/schema\/person\/070491b4b4fb7671bf59b3be20302ce9"},"headline":"Les march\u00e9s europ\u00e9ens encaissent le coup FED","datePublished":"2014-07-16T15:00:20+00:00","dateModified":"2017-11-02T10:39:24+00:00","mainEntityOfPage":{"@id":"https:\/\/www.gold.fr\/news\/2014\/07\/16\/les-marches-europeens-encaissent-le-coup-fed\/"},"wordCount":307,"commentCount":0,"image":{"@id":"https:\/\/www.gold.fr\/news\/2014\/07\/16\/les-marches-europeens-encaissent-le-coup-fed\/#primaryimage"},"thumbnailUrl":"https:\/\/www.gold.fr\/news\/wp-content\/uploads\/2010\/12\/monde-or.jpg","keywords":["europe","fed","march\u00e9s","politique mon\u00e9taire"],"articleSection":["Articles de presse"],"inLanguage":"fr-FR"},{"@type":"WebPage","@id":"https:\/\/www.gold.fr\/news\/2014\/07\/16\/les-marches-europeens-encaissent-le-coup-fed\/","url":"https:\/\/www.gold.fr\/news\/2014\/07\/16\/les-marches-europeens-encaissent-le-coup-fed\/","name":"Les march\u00e9s europ\u00e9ens encaissent le coup FED - Gold.fr","isPartOf":{"@id":"https:\/\/www.gold.fr\/news\/#website"},"primaryImageOfPage":{"@id":"https:\/\/www.gold.fr\/news\/2014\/07\/16\/les-marches-europeens-encaissent-le-coup-fed\/#primaryimage"},"image":{"@id":"https:\/\/www.gold.fr\/news\/2014\/07\/16\/les-marches-europeens-encaissent-le-coup-fed\/#primaryimage"},"thumbnailUrl":"https:\/\/www.gold.fr\/news\/wp-content\/uploads\/2010\/12\/monde-or.jpg","datePublished":"2014-07-16T15:00:20+00:00","dateModified":"2017-11-02T10:39:24+00:00","author":{"@id":"https:\/\/www.gold.fr\/news\/#\/schema\/person\/070491b4b4fb7671bf59b3be20302ce9"},"breadcrumb":{"@id":"https:\/\/www.gold.fr\/news\/2014\/07\/16\/les-marches-europeens-encaissent-le-coup-fed\/#breadcrumb"},"inLanguage":"fr-FR","potentialAction":[{"@type":"ReadAction","target":["https:\/\/www.gold.fr\/news\/2014\/07\/16\/les-marches-europeens-encaissent-le-coup-fed\/"]}]},{"@type":"ImageObject","inLanguage":"fr-FR","@id":"https:\/\/www.gold.fr\/news\/2014\/07\/16\/les-marches-europeens-encaissent-le-coup-fed\/#primaryimage","url":"https:\/\/www.gold.fr\/news\/wp-content\/uploads\/2010\/12\/monde-or.jpg","contentUrl":"https:\/\/www.gold.fr\/news\/wp-content\/uploads\/2010\/12\/monde-or.jpg","width":"600","height":"450","caption":"Stagnation au niveau de l\u2019once"},{"@type":"BreadcrumbList","@id":"https:\/\/www.gold.fr\/news\/2014\/07\/16\/les-marches-europeens-encaissent-le-coup-fed\/#breadcrumb","itemListElement":[{"@type":"ListItem","position":1,"name":"Accueil","item":"https:\/\/www.gold.fr\/"},{"@type":"ListItem","position":2,"name":"Actualit\u00e9s","item":"https:\/\/www.gold.fr\/news\/"},{"@type":"ListItem","position":3,"name":"Les march\u00e9s europ\u00e9ens encaissent le coup FED"}]},{"@type":"WebSite","@id":"https:\/\/www.gold.fr\/news\/#website","url":"https:\/\/www.gold.fr\/news\/","name":"Gold.fr","description":"Actualit\u00e9s de l&#039;Or et des m\u00e9taux pr\u00e9cieux","potentialAction":[{"@type":"SearchAction","target":{"@type":"EntryPoint","urlTemplate":"https:\/\/www.gold.fr\/news\/?s={search_term_string}"},"query-input":{"@type":"PropertyValueSpecification","valueRequired":true,"valueName":"search_term_string"}}],"inLanguage":"fr-FR"},{"@type":"Person","@id":"https:\/\/www.gold.fr\/news\/#\/schema\/person\/070491b4b4fb7671bf59b3be20302ce9","name":"Comptoir National de l'Or","image":{"@type":"ImageObject","inLanguage":"fr-FR","@id":"https:\/\/secure.gravatar.com\/avatar\/0a2867fd5abe37bed95d5a65e9d58f01756e11efc68af9888dfc50cfa7f65948?s=96&d=mm&r=gb490554db0a38188709de567aa58480d","url":"https:\/\/secure.gravatar.com\/avatar\/0a2867fd5abe37bed95d5a65e9d58f01756e11efc68af9888dfc50cfa7f65948?s=96&d=mm&r=g","contentUrl":"https:\/\/secure.gravatar.com\/avatar\/0a2867fd5abe37bed95d5a65e9d58f01756e11efc68af9888dfc50cfa7f65948?s=96&d=mm&r=g","caption":"Comptoir National de l'Or"},"description":"Notre r\u00e9daction est constitu\u00e9e de membres experts dans les m\u00e9tiers de l'\u00e9conomie et la gestion, des Responsables d'agence Comptoir National de l'Or, des analystes financiers qui publient r\u00e9guli\u00e8rement des \u00e9tudes sur les politiques des banques centrales, le cours de l'or, prix de l'or, cours de l'argent, prix de l'argent, cours du platine, cours du palladium,... la situation en zone euro et l'impact de la strat\u00e9gie mon\u00e9taire de la FED. Notre \u00e9quipe scrute \u00e9galement une information plus g\u00e9n\u00e9raliste \u00e0 la recherche d'actualit\u00e9 \"p\u00e9pite\" \u00e0 vous partager. Depuis 5 ans, nous avons publi\u00e9 un peu plus de 4000 articles qui s'adressent \u00e0 un public large et vari\u00e9 ayant pour objectif de satisfaire votre curiosit\u00e9 et de partager avec vous une certaine fascination pour le m\u00e9tal jaune, le rachat d'or, et pour ceux qui veulent investir dans l'or, vendre leur or tout simplement en savoir plus... Pour tous vos achat or et argent, n'h\u00e9sitez pas \u00e0 prendre rendez-vous dans l'un de nos nombreux comptoirs.","sameAs":["https:\/\/www.gold.fr"]}]}},"authors":[{"term_id":2565,"user_id":18,"is_guest":0,"slug":"julie","display_name":"Comptoir National de l'Or","avatar_url":"https:\/\/secure.gravatar.com\/avatar\/713f289e398d35ead876c4a4cc08607f0d6d266058cfc25683fffb6092d0e572?s=96&d=mm&r=g","0":null,"1":"","2":"","3":"","4":"","5":"","6":"","7":"","8":""}],"_links":{"self":[{"href":"https:\/\/www.gold.fr\/news\/wp-json\/wp\/v2\/posts\/15133","targetHints":{"allow":["GET"]}}],"collection":[{"href":"https:\/\/www.gold.fr\/news\/wp-json\/wp\/v2\/posts"}],"about":[{"href":"https:\/\/www.gold.fr\/news\/wp-json\/wp\/v2\/types\/post"}],"author":[{"embeddable":true,"href":"https:\/\/www.gold.fr\/news\/wp-json\/wp\/v2\/users\/18"}],"replies":[{"embeddable":true,"href":"https:\/\/www.gold.fr\/news\/wp-json\/wp\/v2\/comments?post=15133"}],"version-history":[{"count":0,"href":"https:\/\/www.gold.fr\/news\/wp-json\/wp\/v2\/posts\/15133\/revisions"}],"wp:featuredmedia":[{"embeddable":true,"href":"https:\/\/www.gold.fr\/news\/wp-json\/wp\/v2\/media\/4996"}],"wp:attachment":[{"href":"https:\/\/www.gold.fr\/news\/wp-json\/wp\/v2\/media?parent=15133"}],"wp:term":[{"taxonomy":"category","embeddable":true,"href":"https:\/\/www.gold.fr\/news\/wp-json\/wp\/v2\/categories?post=15133"},{"taxonomy":"post_tag","embeddable":true,"href":"https:\/\/www.gold.fr\/news\/wp-json\/wp\/v2\/tags?post=15133"},{"taxonomy":"author","embeddable":true,"href":"https:\/\/www.gold.fr\/news\/wp-json\/wp\/v2\/ppma_author?post=15133"}],"curies":[{"name":"wp","href":"https:\/\/api.w.org\/{rel}","templated":true}]}}