{"id":15122,"date":"2014-07-15T17:00:24","date_gmt":"2014-07-15T15:00:24","guid":{"rendered":"https:\/\/www.gold.fr\/news\/?p=15122"},"modified":"2017-11-02T11:39:24","modified_gmt":"2017-11-02T10:39:24","slug":"des-marches-europeens-entre-euphorie-et-mefiance","status":"publish","type":"post","link":"https:\/\/www.gold.fr\/news\/2014\/07\/15\/des-marches-europeens-entre-euphorie-et-mefiance\/","title":{"rendered":"Des march\u00e9s europ\u00e9ens entre euphorie et m\u00e9fiance"},"content":{"rendered":"<p><img loading=\"lazy\" decoding=\"async\" class=\"alignleft size-thumbnail wp-image-444\" title=\"Des march\u00e9s europ\u00e9ens entre euphorie et m\u00e9fiance\" src=\"https:\/\/www.gold.fr\/news\/wp-content\/uploads\/2011\/07\/1-150x150.jpg\" alt=\"\" width=\"150\" height=\"150\" \/><span style=\"font-size: small;\">Les places boursi\u00e8res en elles-m\u00eames penchent clairement du c\u00f4t\u00e9 de l\u2019optimisme, respirant \u00e0 plein poumons les vents d\u2019enthousiasme qui ont travers\u00e9 l\u2019Atlantique, depuis la rive am\u00e9ricaine. En ce qui concerne les op\u00e9rateurs, toutefois, c\u2019est une tout autre histoire.<\/span>    <span style=\"font-size: small;\"> Les investisseurs ne semblent en effet pas partager l\u2019optimisme \u00e9vident des march\u00e9s, demeurant, selon les experts de Saxo Banque \u00ab <em>prudents\u00a0<\/em>\u00bb, et pr\u00e9f\u00e9rant rester \u00e0 l\u2019\u00e9cart, en attendant de voir ce que cette nouvelle semaine va apporter, en termes de statistiques, de r\u00e9sultats et donc d\u2019indicateurs. L\u2019\u00e9quipe d\u2019analystes rappelle en effet que la \u00ab\u00a0<em>semaine sera riche en publications, avec notamment les chiffres de la croissance chinoise pour le deuxi\u00e8me trimestre et l&rsquo;audition devant le congr\u00e8s am\u00e9ricain mardi et mercredi de la pr\u00e9sidente de la <strong>FED<\/strong>, <strong>Janet Yellen\u00a0<\/strong><\/em>\u00bb. Notons effectivement que, si la nouvelle saison des r\u00e9sultats avait d\u00e9j\u00e0 \u00e9t\u00e9 lanc\u00e9e mercredi dernier, elle ne passera r\u00e9ellement \u00e0 la vitesse sup\u00e9rieure que quelque part durant cette semaine.<\/span>    <span style=\"font-size: small;\"> Et ce sont ces nouveaux rapports qui font l\u2019objet d\u2019une anticipation particuli\u00e8rement intense, au sein des march\u00e9s europ\u00e9ens, d\u2019autant plus que l\u2019\u00e9conomie du bloc des 18 a connu, jusque l\u00e0, un \u00e9t\u00e9 assez d\u00e9cevant et d\u00e9finitivement inqui\u00e9tant. Rappelons en effet que la r\u00e9cente crise financi\u00e8re\/bancaire portugaise a r\u00e9cemment raviv\u00e9 des angoisses croissantes concernant le danger de sa propagation et le retour d\u2019un \u00e9tat de crise g\u00e9n\u00e9ralis\u00e9 et \u00e9tendu sur l\u2019ensemble des pays de l\u2019UE.<\/span>    <span style=\"font-size: small;\"> Cette semaine, le r\u00e9sultat \u00e0 guetter demeure celui la donn\u00e9e macro\u00e9conomique relative \u00e0 la production industrielle (mois de juin) qui avait chut\u00e9 de <strong>1,1%<\/strong> en mai, apr\u00e8s une hausse de <strong>0,7%<\/strong> au mois d\u2019avril.<\/span><\/p>\n<!-- AddThis Advanced Settings generic via filter on the_content --><!-- AddThis Share Buttons generic via filter on the_content -->","protected":false},"excerpt":{"rendered":"<p>Les places boursi\u00e8res en elles-m\u00eames penchent clairement du c\u00f4t\u00e9 de l\u2019optimisme, respirant \u00e0 plein poumons les vents d\u2019enthousiasme qui ont travers\u00e9 l\u2019Atlantique, depuis la rive am\u00e9ricaine. En ce qui concerne les op\u00e9rateurs, toutefois, c\u2019est une tout [&hellip;]<\/p>\n","protected":false},"author":18,"featured_media":0,"comment_status":"open","ping_status":"open","sticky":false,"template":"","format":"standard","meta":{"_mbp_gutenberg_autopost":false,"_pgmb_is_evergreen":false,"_pgmb_ap_template_id":0,"footnotes":""},"categories":[6],"tags":[1000,242,144,1504,1649],"ppma_author":[2565],"class_list":["post-15122","post","type-post","status-publish","format-standard","hentry","category-articles-de-presse","tag-economie","tag-europe","tag-fed","tag-janet-yellen","tag-marches"],"yoast_head":"<!-- This site is optimized with the Yoast SEO plugin v26.9 - https:\/\/yoast.com\/product\/yoast-seo-wordpress\/ -->\n<title>Des march\u00e9s europ\u00e9ens entre euphorie et m\u00e9fiance - Gold.fr<\/title>\n<meta name=\"robots\" content=\"index, follow, max-snippet:-1, max-image-preview:large, max-video-preview:-1\" \/>\n<link rel=\"canonical\" href=\"https:\/\/www.gold.fr\/news\/2014\/07\/15\/des-marches-europeens-entre-euphorie-et-mefiance\/\" \/>\n<meta property=\"og:locale\" content=\"fr_FR\" \/>\n<meta property=\"og:type\" content=\"article\" \/>\n<meta property=\"og:title\" content=\"Des march\u00e9s europ\u00e9ens entre euphorie et m\u00e9fiance - Gold.fr\" \/>\n<meta property=\"og:description\" content=\"Les places boursi\u00e8res en elles-m\u00eames penchent clairement du c\u00f4t\u00e9 de l\u2019optimisme, respirant \u00e0 plein poumons les vents d\u2019enthousiasme qui ont travers\u00e9 l\u2019Atlantique, depuis la rive am\u00e9ricaine. En ce qui concerne les op\u00e9rateurs, toutefois, c\u2019est une tout [&hellip;]\" \/>\n<meta property=\"og:url\" content=\"https:\/\/www.gold.fr\/news\/2014\/07\/15\/des-marches-europeens-entre-euphorie-et-mefiance\/\" \/>\n<meta property=\"og:site_name\" content=\"Gold.fr\" \/>\n<meta property=\"article:publisher\" content=\"https:\/\/www.facebook.com\/Goldfr\/\" \/>\n<meta property=\"article:published_time\" content=\"2014-07-15T15:00:24+00:00\" \/>\n<meta property=\"article:modified_time\" content=\"2017-11-02T10:39:24+00:00\" \/>\n<meta property=\"og:image\" content=\"https:\/\/www.gold.fr\/news\/wp-content\/uploads\/2011\/07\/1-150x150.jpg\" \/>\n<meta name=\"author\" content=\"Comptoir National de l&#039;Or\" \/>\n<meta name=\"twitter:card\" content=\"summary_large_image\" \/>\n<meta name=\"twitter:label1\" content=\"\u00c9crit par\" \/>\n\t<meta name=\"twitter:data1\" content=\"Comptoir National de l&#039;Or\" \/>\n\t<meta name=\"twitter:label2\" content=\"Dur\u00e9e de lecture estim\u00e9e\" \/>\n\t<meta name=\"twitter:data2\" content=\"2 minutes\" \/>\n<script type=\"application\/ld+json\" class=\"yoast-schema-graph\">{\"@context\":\"https:\/\/schema.org\",\"@graph\":[{\"@type\":\"Article\",\"@id\":\"https:\/\/www.gold.fr\/news\/2014\/07\/15\/des-marches-europeens-entre-euphorie-et-mefiance\/#article\",\"isPartOf\":{\"@id\":\"https:\/\/www.gold.fr\/news\/2014\/07\/15\/des-marches-europeens-entre-euphorie-et-mefiance\/\"},\"author\":{\"name\":\"Comptoir National de l'Or\",\"@id\":\"https:\/\/www.gold.fr\/news\/#\/schema\/person\/760ee7cec237915eebf2be78df0404c4\"},\"headline\":\"Des march\u00e9s europ\u00e9ens entre euphorie et m\u00e9fiance\",\"datePublished\":\"2014-07-15T15:00:24+00:00\",\"dateModified\":\"2017-11-02T10:39:24+00:00\",\"mainEntityOfPage\":{\"@id\":\"https:\/\/www.gold.fr\/news\/2014\/07\/15\/des-marches-europeens-entre-euphorie-et-mefiance\/\"},\"wordCount\":315,\"commentCount\":0,\"image\":{\"@id\":\"https:\/\/www.gold.fr\/news\/2014\/07\/15\/des-marches-europeens-entre-euphorie-et-mefiance\/#primaryimage\"},\"thumbnailUrl\":\"https:\/\/www.gold.fr\/news\/wp-content\/uploads\/2011\/07\/1-150x150.jpg\",\"keywords\":[\"\u00e9conomie\",\"europe\",\"fed\",\"Janet Yellen\",\"march\u00e9s\"],\"articleSection\":[\"Articles de presse\"],\"inLanguage\":\"fr-FR\"},{\"@type\":\"WebPage\",\"@id\":\"https:\/\/www.gold.fr\/news\/2014\/07\/15\/des-marches-europeens-entre-euphorie-et-mefiance\/\",\"url\":\"https:\/\/www.gold.fr\/news\/2014\/07\/15\/des-marches-europeens-entre-euphorie-et-mefiance\/\",\"name\":\"Des march\u00e9s europ\u00e9ens entre euphorie et m\u00e9fiance - Gold.fr\",\"isPartOf\":{\"@id\":\"https:\/\/www.gold.fr\/news\/#website\"},\"primaryImageOfPage\":{\"@id\":\"https:\/\/www.gold.fr\/news\/2014\/07\/15\/des-marches-europeens-entre-euphorie-et-mefiance\/#primaryimage\"},\"image\":{\"@id\":\"https:\/\/www.gold.fr\/news\/2014\/07\/15\/des-marches-europeens-entre-euphorie-et-mefiance\/#primaryimage\"},\"thumbnailUrl\":\"https:\/\/www.gold.fr\/news\/wp-content\/uploads\/2011\/07\/1-150x150.jpg\",\"datePublished\":\"2014-07-15T15:00:24+00:00\",\"dateModified\":\"2017-11-02T10:39:24+00:00\",\"author\":{\"@id\":\"https:\/\/www.gold.fr\/news\/#\/schema\/person\/760ee7cec237915eebf2be78df0404c4\"},\"breadcrumb\":{\"@id\":\"https:\/\/www.gold.fr\/news\/2014\/07\/15\/des-marches-europeens-entre-euphorie-et-mefiance\/#breadcrumb\"},\"inLanguage\":\"fr-FR\",\"potentialAction\":[{\"@type\":\"ReadAction\",\"target\":[\"https:\/\/www.gold.fr\/news\/2014\/07\/15\/des-marches-europeens-entre-euphorie-et-mefiance\/\"]}]},{\"@type\":\"ImageObject\",\"inLanguage\":\"fr-FR\",\"@id\":\"https:\/\/www.gold.fr\/news\/2014\/07\/15\/des-marches-europeens-entre-euphorie-et-mefiance\/#primaryimage\",\"url\":\"https:\/\/www.gold.fr\/news\/wp-content\/uploads\/2011\/07\/1-150x150.jpg\",\"contentUrl\":\"https:\/\/www.gold.fr\/news\/wp-content\/uploads\/2011\/07\/1-150x150.jpg\"},{\"@type\":\"BreadcrumbList\",\"@id\":\"https:\/\/www.gold.fr\/news\/2014\/07\/15\/des-marches-europeens-entre-euphorie-et-mefiance\/#breadcrumb\",\"itemListElement\":[{\"@type\":\"ListItem\",\"position\":1,\"name\":\"Accueil\",\"item\":\"https:\/\/www.gold.fr\/\"},{\"@type\":\"ListItem\",\"position\":2,\"name\":\"Actualit\u00e9s\",\"item\":\"https:\/\/www.gold.fr\/news\/\"},{\"@type\":\"ListItem\",\"position\":3,\"name\":\"Des march\u00e9s europ\u00e9ens entre euphorie et m\u00e9fiance\"}]},{\"@type\":\"WebSite\",\"@id\":\"https:\/\/www.gold.fr\/news\/#website\",\"url\":\"https:\/\/www.gold.fr\/news\/\",\"name\":\"Gold.fr\",\"description\":\"Actualit\u00e9s de l&#039;Or et des m\u00e9taux pr\u00e9cieux\",\"potentialAction\":[{\"@type\":\"SearchAction\",\"target\":{\"@type\":\"EntryPoint\",\"urlTemplate\":\"https:\/\/www.gold.fr\/news\/?s={search_term_string}\"},\"query-input\":{\"@type\":\"PropertyValueSpecification\",\"valueRequired\":true,\"valueName\":\"search_term_string\"}}],\"inLanguage\":\"fr-FR\"},{\"@type\":\"Person\",\"@id\":\"https:\/\/www.gold.fr\/news\/#\/schema\/person\/760ee7cec237915eebf2be78df0404c4\",\"name\":\"Comptoir National de l'Or\",\"image\":{\"@type\":\"ImageObject\",\"inLanguage\":\"fr-FR\",\"@id\":\"https:\/\/www.gold.fr\/news\/#\/schema\/person\/image\/c36675942654553a86039d2dfa93c740\",\"url\":\"https:\/\/secure.gravatar.com\/avatar\/713f289e398d35ead876c4a4cc08607f0d6d266058cfc25683fffb6092d0e572?s=96&d=mm&r=g\",\"contentUrl\":\"https:\/\/secure.gravatar.com\/avatar\/713f289e398d35ead876c4a4cc08607f0d6d266058cfc25683fffb6092d0e572?s=96&d=mm&r=g\",\"caption\":\"Comptoir National de l'Or\"},\"description\":\"Notre r\u00e9daction est constitu\u00e9e de membres experts dans les m\u00e9tiers de l'\u00e9conomie et la gestion, des Responsables d'agence Comptoir National de l'Or, des analystes financiers qui publient r\u00e9guli\u00e8rement des \u00e9tudes sur les politiques des banques centrales, le cours de l'or, prix de l'or, cours de l'argent, prix de l'argent, cours du platine, cours du palladium,... la situation en zone euro et l'impact de la strat\u00e9gie mon\u00e9taire de la FED. Notre \u00e9quipe scrute \u00e9galement une information plus g\u00e9n\u00e9raliste \u00e0 la recherche d'actualit\u00e9 \\\"p\u00e9pite\\\" \u00e0 vous partager. Depuis 5 ans, nous avons publi\u00e9 un peu plus de 4000 articles qui s'adressent \u00e0 un public large et vari\u00e9 ayant pour objectif de satisfaire votre curiosit\u00e9 et de partager avec vous une certaine fascination pour le m\u00e9tal jaune, le rachat d'or, et pour ceux qui veulent investir dans l'or, vendre leur or tout simplement en savoir plus... Pour tous vos achat or et argent, n'h\u00e9sitez pas \u00e0 prendre rendez-vous dans l'un de nos nombreux comptoirs.\",\"sameAs\":[\"https:\/\/www.gold.fr\"]}]}<\/script>\n<!-- \/ Yoast SEO plugin. -->","yoast_head_json":{"title":"Des march\u00e9s europ\u00e9ens entre euphorie et m\u00e9fiance - Gold.fr","robots":{"index":"index","follow":"follow","max-snippet":"max-snippet:-1","max-image-preview":"max-image-preview:large","max-video-preview":"max-video-preview:-1"},"canonical":"https:\/\/www.gold.fr\/news\/2014\/07\/15\/des-marches-europeens-entre-euphorie-et-mefiance\/","og_locale":"fr_FR","og_type":"article","og_title":"Des march\u00e9s europ\u00e9ens entre euphorie et m\u00e9fiance - Gold.fr","og_description":"Les places boursi\u00e8res en elles-m\u00eames penchent clairement du c\u00f4t\u00e9 de l\u2019optimisme, respirant \u00e0 plein poumons les vents d\u2019enthousiasme qui ont travers\u00e9 l\u2019Atlantique, depuis la rive am\u00e9ricaine. En ce qui concerne les op\u00e9rateurs, toutefois, c\u2019est une tout [&hellip;]","og_url":"https:\/\/www.gold.fr\/news\/2014\/07\/15\/des-marches-europeens-entre-euphorie-et-mefiance\/","og_site_name":"Gold.fr","article_publisher":"https:\/\/www.facebook.com\/Goldfr\/","article_published_time":"2014-07-15T15:00:24+00:00","article_modified_time":"2017-11-02T10:39:24+00:00","og_image":[{"url":"https:\/\/www.gold.fr\/news\/wp-content\/uploads\/2011\/07\/1-150x150.jpg","type":"","width":"","height":""}],"author":"Comptoir National de l'Or","twitter_card":"summary_large_image","twitter_misc":{"\u00c9crit par":"Comptoir National de l'Or","Dur\u00e9e de lecture estim\u00e9e":"2 minutes"},"schema":{"@context":"https:\/\/schema.org","@graph":[{"@type":"Article","@id":"https:\/\/www.gold.fr\/news\/2014\/07\/15\/des-marches-europeens-entre-euphorie-et-mefiance\/#article","isPartOf":{"@id":"https:\/\/www.gold.fr\/news\/2014\/07\/15\/des-marches-europeens-entre-euphorie-et-mefiance\/"},"author":{"name":"Comptoir National de l'Or","@id":"https:\/\/www.gold.fr\/news\/#\/schema\/person\/760ee7cec237915eebf2be78df0404c4"},"headline":"Des march\u00e9s europ\u00e9ens entre euphorie et m\u00e9fiance","datePublished":"2014-07-15T15:00:24+00:00","dateModified":"2017-11-02T10:39:24+00:00","mainEntityOfPage":{"@id":"https:\/\/www.gold.fr\/news\/2014\/07\/15\/des-marches-europeens-entre-euphorie-et-mefiance\/"},"wordCount":315,"commentCount":0,"image":{"@id":"https:\/\/www.gold.fr\/news\/2014\/07\/15\/des-marches-europeens-entre-euphorie-et-mefiance\/#primaryimage"},"thumbnailUrl":"https:\/\/www.gold.fr\/news\/wp-content\/uploads\/2011\/07\/1-150x150.jpg","keywords":["\u00e9conomie","europe","fed","Janet Yellen","march\u00e9s"],"articleSection":["Articles de presse"],"inLanguage":"fr-FR"},{"@type":"WebPage","@id":"https:\/\/www.gold.fr\/news\/2014\/07\/15\/des-marches-europeens-entre-euphorie-et-mefiance\/","url":"https:\/\/www.gold.fr\/news\/2014\/07\/15\/des-marches-europeens-entre-euphorie-et-mefiance\/","name":"Des march\u00e9s europ\u00e9ens entre euphorie et m\u00e9fiance - Gold.fr","isPartOf":{"@id":"https:\/\/www.gold.fr\/news\/#website"},"primaryImageOfPage":{"@id":"https:\/\/www.gold.fr\/news\/2014\/07\/15\/des-marches-europeens-entre-euphorie-et-mefiance\/#primaryimage"},"image":{"@id":"https:\/\/www.gold.fr\/news\/2014\/07\/15\/des-marches-europeens-entre-euphorie-et-mefiance\/#primaryimage"},"thumbnailUrl":"https:\/\/www.gold.fr\/news\/wp-content\/uploads\/2011\/07\/1-150x150.jpg","datePublished":"2014-07-15T15:00:24+00:00","dateModified":"2017-11-02T10:39:24+00:00","author":{"@id":"https:\/\/www.gold.fr\/news\/#\/schema\/person\/760ee7cec237915eebf2be78df0404c4"},"breadcrumb":{"@id":"https:\/\/www.gold.fr\/news\/2014\/07\/15\/des-marches-europeens-entre-euphorie-et-mefiance\/#breadcrumb"},"inLanguage":"fr-FR","potentialAction":[{"@type":"ReadAction","target":["https:\/\/www.gold.fr\/news\/2014\/07\/15\/des-marches-europeens-entre-euphorie-et-mefiance\/"]}]},{"@type":"ImageObject","inLanguage":"fr-FR","@id":"https:\/\/www.gold.fr\/news\/2014\/07\/15\/des-marches-europeens-entre-euphorie-et-mefiance\/#primaryimage","url":"https:\/\/www.gold.fr\/news\/wp-content\/uploads\/2011\/07\/1-150x150.jpg","contentUrl":"https:\/\/www.gold.fr\/news\/wp-content\/uploads\/2011\/07\/1-150x150.jpg"},{"@type":"BreadcrumbList","@id":"https:\/\/www.gold.fr\/news\/2014\/07\/15\/des-marches-europeens-entre-euphorie-et-mefiance\/#breadcrumb","itemListElement":[{"@type":"ListItem","position":1,"name":"Accueil","item":"https:\/\/www.gold.fr\/"},{"@type":"ListItem","position":2,"name":"Actualit\u00e9s","item":"https:\/\/www.gold.fr\/news\/"},{"@type":"ListItem","position":3,"name":"Des march\u00e9s europ\u00e9ens entre euphorie et m\u00e9fiance"}]},{"@type":"WebSite","@id":"https:\/\/www.gold.fr\/news\/#website","url":"https:\/\/www.gold.fr\/news\/","name":"Gold.fr","description":"Actualit\u00e9s de l&#039;Or et des m\u00e9taux pr\u00e9cieux","potentialAction":[{"@type":"SearchAction","target":{"@type":"EntryPoint","urlTemplate":"https:\/\/www.gold.fr\/news\/?s={search_term_string}"},"query-input":{"@type":"PropertyValueSpecification","valueRequired":true,"valueName":"search_term_string"}}],"inLanguage":"fr-FR"},{"@type":"Person","@id":"https:\/\/www.gold.fr\/news\/#\/schema\/person\/760ee7cec237915eebf2be78df0404c4","name":"Comptoir National de l'Or","image":{"@type":"ImageObject","inLanguage":"fr-FR","@id":"https:\/\/www.gold.fr\/news\/#\/schema\/person\/image\/c36675942654553a86039d2dfa93c740","url":"https:\/\/secure.gravatar.com\/avatar\/713f289e398d35ead876c4a4cc08607f0d6d266058cfc25683fffb6092d0e572?s=96&d=mm&r=g","contentUrl":"https:\/\/secure.gravatar.com\/avatar\/713f289e398d35ead876c4a4cc08607f0d6d266058cfc25683fffb6092d0e572?s=96&d=mm&r=g","caption":"Comptoir National de l'Or"},"description":"Notre r\u00e9daction est constitu\u00e9e de membres experts dans les m\u00e9tiers de l'\u00e9conomie et la gestion, des Responsables d'agence Comptoir National de l'Or, des analystes financiers qui publient r\u00e9guli\u00e8rement des \u00e9tudes sur les politiques des banques centrales, le cours de l'or, prix de l'or, cours de l'argent, prix de l'argent, cours du platine, cours du palladium,... la situation en zone euro et l'impact de la strat\u00e9gie mon\u00e9taire de la FED. Notre \u00e9quipe scrute \u00e9galement une information plus g\u00e9n\u00e9raliste \u00e0 la recherche d'actualit\u00e9 \"p\u00e9pite\" \u00e0 vous partager. Depuis 5 ans, nous avons publi\u00e9 un peu plus de 4000 articles qui s'adressent \u00e0 un public large et vari\u00e9 ayant pour objectif de satisfaire votre curiosit\u00e9 et de partager avec vous une certaine fascination pour le m\u00e9tal jaune, le rachat d'or, et pour ceux qui veulent investir dans l'or, vendre leur or tout simplement en savoir plus... Pour tous vos achat or et argent, n'h\u00e9sitez pas \u00e0 prendre rendez-vous dans l'un de nos nombreux comptoirs.","sameAs":["https:\/\/www.gold.fr"]}]}},"authors":[{"term_id":2565,"user_id":18,"is_guest":0,"slug":"julie","display_name":"Comptoir National de l'Or","avatar_url":"https:\/\/secure.gravatar.com\/avatar\/713f289e398d35ead876c4a4cc08607f0d6d266058cfc25683fffb6092d0e572?s=96&d=mm&r=g","0":null,"1":"","2":"","3":"","4":"","5":"","6":"","7":"","8":""}],"_links":{"self":[{"href":"https:\/\/www.gold.fr\/news\/wp-json\/wp\/v2\/posts\/15122","targetHints":{"allow":["GET"]}}],"collection":[{"href":"https:\/\/www.gold.fr\/news\/wp-json\/wp\/v2\/posts"}],"about":[{"href":"https:\/\/www.gold.fr\/news\/wp-json\/wp\/v2\/types\/post"}],"author":[{"embeddable":true,"href":"https:\/\/www.gold.fr\/news\/wp-json\/wp\/v2\/users\/18"}],"replies":[{"embeddable":true,"href":"https:\/\/www.gold.fr\/news\/wp-json\/wp\/v2\/comments?post=15122"}],"version-history":[{"count":0,"href":"https:\/\/www.gold.fr\/news\/wp-json\/wp\/v2\/posts\/15122\/revisions"}],"wp:attachment":[{"href":"https:\/\/www.gold.fr\/news\/wp-json\/wp\/v2\/media?parent=15122"}],"wp:term":[{"taxonomy":"category","embeddable":true,"href":"https:\/\/www.gold.fr\/news\/wp-json\/wp\/v2\/categories?post=15122"},{"taxonomy":"post_tag","embeddable":true,"href":"https:\/\/www.gold.fr\/news\/wp-json\/wp\/v2\/tags?post=15122"},{"taxonomy":"author","embeddable":true,"href":"https:\/\/www.gold.fr\/news\/wp-json\/wp\/v2\/ppma_author?post=15122"}],"curies":[{"name":"wp","href":"https:\/\/api.w.org\/{rel}","templated":true}]}}