{"id":15120,"date":"2014-07-15T13:00:08","date_gmt":"2014-07-15T11:00:08","guid":{"rendered":"https:\/\/www.gold.fr\/news\/?p=15120"},"modified":"2020-06-30T16:35:23","modified_gmt":"2020-06-30T14:35:23","slug":"lor-continue-a-stagner-sur-fond-de-marches-dynamiques","status":"publish","type":"post","link":"https:\/\/www.gold.fr\/news\/2014\/07\/15\/lor-continue-a-stagner-sur-fond-de-marches-dynamiques\/","title":{"rendered":"L&rsquo;or continue \u00e0 stagner, sur fond de march\u00e9s dynamiques"},"content":{"rendered":"<p><img loading=\"lazy\" decoding=\"async\" class=\"alignleft wp-image-10240 size-thumbnail\" title=\"Cours de l'Or de Bourse\" src=\"https:\/\/www.gold.fr\/news\/wp-content\/uploads\/2011\/07\/or-valeur-refuge-298x298.jpg\" alt=\"Cours de l'Or de Bourse\" width=\"298\" height=\"298\" srcset=\"https:\/\/www.gold.fr\/news\/wp-content\/uploads\/2011\/07\/or-valeur-refuge-298x298.jpg 298w, https:\/\/www.gold.fr\/news\/wp-content\/uploads\/2011\/07\/or-valeur-refuge-1x1.jpg 1w\" sizes=\"auto, (max-width: 298px) 100vw, 298px\" \/><span style=\"font-size: small;\">Cette semaine marque l&rsquo;acc\u00e9l\u00e9ration de la nouvelle saison des r\u00e9sultats qui avait d\u00e9but\u00e9 mercredi dernier, mais n&rsquo;avait, jusque l\u00e0, pas encore \u00e9t\u00e9 suffisamment prolifique. C&rsquo;est donc sur fond de march\u00e9s clairement optimistes et d&rsquo;investisseurs un peu moins enthousiastes, que le <a class=\"esk-seo-plu-link\" href=\"https:\/\/www.gold.fr\/news\/tags\/or\">m\u00e9tal jaune<\/a> accuse le coup et enregistre une baisse assez notable.<\/span> <span style=\"font-size: small;\"> Pour les experts, la prudence des op\u00e9rateurs demeure naturelle, puisque \u00ab\u00a0<em>cette semaine sera riche en publications, avec notamment les chiffres de la croissance chinoise pour le deuxi\u00e8me trimestre et l&rsquo;audition devant le congr\u00e8s am\u00e9ricain mardi et mercredi de la pr\u00e9sidente de la <strong>FED<\/strong>, <strong>Janet Yellen<\/strong><\/em>\u00ab\u00a0.<\/span> <span style=\"font-size: small;\"> L&rsquo;<a class=\"esk-seo-plu-link\" href=\"https:\/\/www.gold.fr\/news\/tags\/or\">or<\/a> ouvre la s\u00e9ance de ce <strong>mardi 15 juillet 2014<\/strong> avec <a title=\"Prix de l'Or\" href=\"https:\/\/www.gold.fr\/cours-or-prix-de-l-or\/\" target=\"_blank\" rel=\"noopener noreferrer\">un cours<\/a> baissier de <strong>1 308,70 dollars<\/strong> <a title=\"Prix de l'Once d'or\" href=\"https:\/\/www.gold.fr\/once-en\/\" target=\"_blank\" rel=\"noopener noreferrer\">l&rsquo;once<\/a>.<\/span><\/p>\n<!-- AddThis Advanced Settings generic via filter on the_content --><!-- AddThis Share Buttons generic via filter on the_content -->","protected":false},"excerpt":{"rendered":"<p>Cette semaine marque l&rsquo;acc\u00e9l\u00e9ration de la nouvelle saison des r\u00e9sultats qui avait d\u00e9but\u00e9 mercredi dernier, mais n&rsquo;avait, jusque l\u00e0, pas encore \u00e9t\u00e9 suffisamment prolifique. C&rsquo;est donc sur fond de march\u00e9s clairement optimistes et d&rsquo;investisseurs un peu [&hellip;]<\/p>\n","protected":false},"author":18,"featured_media":10240,"comment_status":"closed","ping_status":"closed","sticky":false,"template":"","format":"standard","meta":{"_mbp_gutenberg_autopost":false,"_pgmb_is_evergreen":false,"_pgmb_ap_template_id":0,"footnotes":""},"categories":[5],"tags":[385,84,210,74],"ppma_author":[2565],"class_list":["post-15120","post","type-post","status-publish","format-standard","has-post-thumbnail","hentry","category-flash-infos","tag-cours-de-lor-de-bourse","tag-cours-de-lor","tag-_cours-de-lor_footer_","tag-_home-page_footer_"],"yoast_head":"<!-- This site is optimized with the Yoast SEO plugin v26.9 - https:\/\/yoast.com\/product\/yoast-seo-wordpress\/ -->\n<title>L&#039;or continue \u00e0 stagner, sur fond de march\u00e9s dynamiques - Gold.fr<\/title>\n<meta name=\"description\" content=\"L\u2019or continue \u00e0 stagner, sur fond de march\u00e9s dynamiques, Cette semaine marque l\u2019acc\u00e9l\u00e9ration de la nouvelle saison Cours de l&#039;Or\" \/>\n<meta name=\"robots\" content=\"index, follow, max-snippet:-1, max-image-preview:large, max-video-preview:-1\" \/>\n<link rel=\"canonical\" href=\"https:\/\/www.gold.fr\/news\/2014\/07\/15\/lor-continue-a-stagner-sur-fond-de-marches-dynamiques\/\" \/>\n<meta property=\"og:locale\" content=\"fr_FR\" \/>\n<meta property=\"og:type\" content=\"article\" \/>\n<meta property=\"og:title\" content=\"L&#039;or continue \u00e0 stagner, sur fond de march\u00e9s dynamiques - Gold.fr\" \/>\n<meta property=\"og:description\" content=\"L\u2019or continue \u00e0 stagner, sur fond de march\u00e9s dynamiques, Cette semaine marque l\u2019acc\u00e9l\u00e9ration de la nouvelle saison Cours de l&#039;Or\" \/>\n<meta property=\"og:url\" content=\"https:\/\/www.gold.fr\/news\/2014\/07\/15\/lor-continue-a-stagner-sur-fond-de-marches-dynamiques\/\" \/>\n<meta property=\"og:site_name\" content=\"Gold.fr\" \/>\n<meta property=\"article:publisher\" content=\"https:\/\/www.facebook.com\/Goldfr\/\" \/>\n<meta property=\"article:published_time\" content=\"2014-07-15T11:00:08+00:00\" \/>\n<meta property=\"article:modified_time\" content=\"2020-06-30T14:35:23+00:00\" \/>\n<meta property=\"og:image\" content=\"https:\/\/www.gold.fr\/news\/wp-content\/uploads\/2011\/07\/or-valeur-refuge.jpg\" \/>\n\t<meta property=\"og:image:width\" content=\"600\" \/>\n\t<meta property=\"og:image:height\" content=\"389\" \/>\n\t<meta property=\"og:image:type\" content=\"image\/jpeg\" \/>\n<meta name=\"author\" content=\"Comptoir National de l&#039;Or\" \/>\n<meta name=\"twitter:card\" content=\"summary_large_image\" \/>\n<meta name=\"twitter:label1\" content=\"\u00c9crit par\" \/>\n\t<meta name=\"twitter:data1\" content=\"Comptoir National de l&#039;Or\" \/>\n\t<meta name=\"twitter:label2\" content=\"Dur\u00e9e de lecture estim\u00e9e\" \/>\n\t<meta name=\"twitter:data2\" content=\"1 minute\" \/>\n<script type=\"application\/ld+json\" class=\"yoast-schema-graph\">{\"@context\":\"https:\/\/schema.org\",\"@graph\":[{\"@type\":\"Article\",\"@id\":\"https:\/\/www.gold.fr\/news\/2014\/07\/15\/lor-continue-a-stagner-sur-fond-de-marches-dynamiques\/#article\",\"isPartOf\":{\"@id\":\"https:\/\/www.gold.fr\/news\/2014\/07\/15\/lor-continue-a-stagner-sur-fond-de-marches-dynamiques\/\"},\"author\":{\"name\":\"Comptoir National de l'Or\",\"@id\":\"https:\/\/www.gold.fr\/news\/#\/schema\/person\/760ee7cec237915eebf2be78df0404c4\"},\"headline\":\"L&rsquo;or continue \u00e0 stagner, sur fond de march\u00e9s dynamiques\",\"datePublished\":\"2014-07-15T11:00:08+00:00\",\"dateModified\":\"2020-06-30T14:35:23+00:00\",\"mainEntityOfPage\":{\"@id\":\"https:\/\/www.gold.fr\/news\/2014\/07\/15\/lor-continue-a-stagner-sur-fond-de-marches-dynamiques\/\"},\"wordCount\":140,\"image\":{\"@id\":\"https:\/\/www.gold.fr\/news\/2014\/07\/15\/lor-continue-a-stagner-sur-fond-de-marches-dynamiques\/#primaryimage\"},\"thumbnailUrl\":\"https:\/\/www.gold.fr\/news\/wp-content\/uploads\/2011\/07\/or-valeur-refuge.jpg\",\"keywords\":[\"cours de l'or de bourse\",\"Tout Cours de l'Or\",\"_Cours de l\u2019Or_Footer_\",\"_Home page Footer_\"],\"articleSection\":[\"Flash infos\"],\"inLanguage\":\"fr-FR\"},{\"@type\":\"WebPage\",\"@id\":\"https:\/\/www.gold.fr\/news\/2014\/07\/15\/lor-continue-a-stagner-sur-fond-de-marches-dynamiques\/\",\"url\":\"https:\/\/www.gold.fr\/news\/2014\/07\/15\/lor-continue-a-stagner-sur-fond-de-marches-dynamiques\/\",\"name\":\"L'or continue \u00e0 stagner, sur fond de march\u00e9s dynamiques - Gold.fr\",\"isPartOf\":{\"@id\":\"https:\/\/www.gold.fr\/news\/#website\"},\"primaryImageOfPage\":{\"@id\":\"https:\/\/www.gold.fr\/news\/2014\/07\/15\/lor-continue-a-stagner-sur-fond-de-marches-dynamiques\/#primaryimage\"},\"image\":{\"@id\":\"https:\/\/www.gold.fr\/news\/2014\/07\/15\/lor-continue-a-stagner-sur-fond-de-marches-dynamiques\/#primaryimage\"},\"thumbnailUrl\":\"https:\/\/www.gold.fr\/news\/wp-content\/uploads\/2011\/07\/or-valeur-refuge.jpg\",\"datePublished\":\"2014-07-15T11:00:08+00:00\",\"dateModified\":\"2020-06-30T14:35:23+00:00\",\"author\":{\"@id\":\"https:\/\/www.gold.fr\/news\/#\/schema\/person\/760ee7cec237915eebf2be78df0404c4\"},\"description\":\"L\u2019or continue \u00e0 stagner, sur fond de march\u00e9s dynamiques, Cette semaine marque l\u2019acc\u00e9l\u00e9ration de la nouvelle saison Cours de l'Or\",\"breadcrumb\":{\"@id\":\"https:\/\/www.gold.fr\/news\/2014\/07\/15\/lor-continue-a-stagner-sur-fond-de-marches-dynamiques\/#breadcrumb\"},\"inLanguage\":\"fr-FR\",\"potentialAction\":[{\"@type\":\"ReadAction\",\"target\":[\"https:\/\/www.gold.fr\/news\/2014\/07\/15\/lor-continue-a-stagner-sur-fond-de-marches-dynamiques\/\"]}]},{\"@type\":\"ImageObject\",\"inLanguage\":\"fr-FR\",\"@id\":\"https:\/\/www.gold.fr\/news\/2014\/07\/15\/lor-continue-a-stagner-sur-fond-de-marches-dynamiques\/#primaryimage\",\"url\":\"https:\/\/www.gold.fr\/news\/wp-content\/uploads\/2011\/07\/or-valeur-refuge.jpg\",\"contentUrl\":\"https:\/\/www.gold.fr\/news\/wp-content\/uploads\/2011\/07\/or-valeur-refuge.jpg\",\"width\":\"600\",\"height\":\"389\",\"caption\":\"L\u2019once risque d\u2019\u00eatre galvanis\u00e9e par la d\u00e9cision de la Fed\"},{\"@type\":\"BreadcrumbList\",\"@id\":\"https:\/\/www.gold.fr\/news\/2014\/07\/15\/lor-continue-a-stagner-sur-fond-de-marches-dynamiques\/#breadcrumb\",\"itemListElement\":[{\"@type\":\"ListItem\",\"position\":1,\"name\":\"Accueil\",\"item\":\"https:\/\/www.gold.fr\/\"},{\"@type\":\"ListItem\",\"position\":2,\"name\":\"Actualit\u00e9s\",\"item\":\"https:\/\/www.gold.fr\/news\/\"},{\"@type\":\"ListItem\",\"position\":3,\"name\":\"L&rsquo;or continue \u00e0 stagner, sur fond de march\u00e9s dynamiques\"}]},{\"@type\":\"WebSite\",\"@id\":\"https:\/\/www.gold.fr\/news\/#website\",\"url\":\"https:\/\/www.gold.fr\/news\/\",\"name\":\"Gold.fr\",\"description\":\"Actualit\u00e9s de l&#039;Or et des m\u00e9taux pr\u00e9cieux\",\"potentialAction\":[{\"@type\":\"SearchAction\",\"target\":{\"@type\":\"EntryPoint\",\"urlTemplate\":\"https:\/\/www.gold.fr\/news\/?s={search_term_string}\"},\"query-input\":{\"@type\":\"PropertyValueSpecification\",\"valueRequired\":true,\"valueName\":\"search_term_string\"}}],\"inLanguage\":\"fr-FR\"},{\"@type\":\"Person\",\"@id\":\"https:\/\/www.gold.fr\/news\/#\/schema\/person\/760ee7cec237915eebf2be78df0404c4\",\"name\":\"Comptoir National de l'Or\",\"image\":{\"@type\":\"ImageObject\",\"inLanguage\":\"fr-FR\",\"@id\":\"https:\/\/www.gold.fr\/news\/#\/schema\/person\/image\/c36675942654553a86039d2dfa93c740\",\"url\":\"https:\/\/secure.gravatar.com\/avatar\/713f289e398d35ead876c4a4cc08607f0d6d266058cfc25683fffb6092d0e572?s=96&d=mm&r=g\",\"contentUrl\":\"https:\/\/secure.gravatar.com\/avatar\/713f289e398d35ead876c4a4cc08607f0d6d266058cfc25683fffb6092d0e572?s=96&d=mm&r=g\",\"caption\":\"Comptoir National de l'Or\"},\"description\":\"Notre r\u00e9daction est constitu\u00e9e de membres experts dans les m\u00e9tiers de l'\u00e9conomie et la gestion, des Responsables d'agence Comptoir National de l'Or, des analystes financiers qui publient r\u00e9guli\u00e8rement des \u00e9tudes sur les politiques des banques centrales, le cours de l'or, prix de l'or, cours de l'argent, prix de l'argent, cours du platine, cours du palladium,... la situation en zone euro et l'impact de la strat\u00e9gie mon\u00e9taire de la FED. Notre \u00e9quipe scrute \u00e9galement une information plus g\u00e9n\u00e9raliste \u00e0 la recherche d'actualit\u00e9 \\\"p\u00e9pite\\\" \u00e0 vous partager. Depuis 5 ans, nous avons publi\u00e9 un peu plus de 4000 articles qui s'adressent \u00e0 un public large et vari\u00e9 ayant pour objectif de satisfaire votre curiosit\u00e9 et de partager avec vous une certaine fascination pour le m\u00e9tal jaune, le rachat d'or, et pour ceux qui veulent investir dans l'or, vendre leur or tout simplement en savoir plus... Pour tous vos achat or et argent, n'h\u00e9sitez pas \u00e0 prendre rendez-vous dans l'un de nos nombreux comptoirs.\",\"sameAs\":[\"https:\/\/www.gold.fr\"]}]}<\/script>\n<!-- \/ Yoast SEO plugin. -->","yoast_head_json":{"title":"L'or continue \u00e0 stagner, sur fond de march\u00e9s dynamiques - Gold.fr","description":"L\u2019or continue \u00e0 stagner, sur fond de march\u00e9s dynamiques, Cette semaine marque l\u2019acc\u00e9l\u00e9ration de la nouvelle saison Cours de l'Or","robots":{"index":"index","follow":"follow","max-snippet":"max-snippet:-1","max-image-preview":"max-image-preview:large","max-video-preview":"max-video-preview:-1"},"canonical":"https:\/\/www.gold.fr\/news\/2014\/07\/15\/lor-continue-a-stagner-sur-fond-de-marches-dynamiques\/","og_locale":"fr_FR","og_type":"article","og_title":"L'or continue \u00e0 stagner, sur fond de march\u00e9s dynamiques - Gold.fr","og_description":"L\u2019or continue \u00e0 stagner, sur fond de march\u00e9s dynamiques, Cette semaine marque l\u2019acc\u00e9l\u00e9ration de la nouvelle saison Cours de l'Or","og_url":"https:\/\/www.gold.fr\/news\/2014\/07\/15\/lor-continue-a-stagner-sur-fond-de-marches-dynamiques\/","og_site_name":"Gold.fr","article_publisher":"https:\/\/www.facebook.com\/Goldfr\/","article_published_time":"2014-07-15T11:00:08+00:00","article_modified_time":"2020-06-30T14:35:23+00:00","og_image":[{"width":600,"height":389,"url":"https:\/\/www.gold.fr\/news\/wp-content\/uploads\/2011\/07\/or-valeur-refuge.jpg","type":"image\/jpeg"}],"author":"Comptoir National de l'Or","twitter_card":"summary_large_image","twitter_misc":{"\u00c9crit par":"Comptoir National de l'Or","Dur\u00e9e de lecture estim\u00e9e":"1 minute"},"schema":{"@context":"https:\/\/schema.org","@graph":[{"@type":"Article","@id":"https:\/\/www.gold.fr\/news\/2014\/07\/15\/lor-continue-a-stagner-sur-fond-de-marches-dynamiques\/#article","isPartOf":{"@id":"https:\/\/www.gold.fr\/news\/2014\/07\/15\/lor-continue-a-stagner-sur-fond-de-marches-dynamiques\/"},"author":{"name":"Comptoir National de l'Or","@id":"https:\/\/www.gold.fr\/news\/#\/schema\/person\/760ee7cec237915eebf2be78df0404c4"},"headline":"L&rsquo;or continue \u00e0 stagner, sur fond de march\u00e9s dynamiques","datePublished":"2014-07-15T11:00:08+00:00","dateModified":"2020-06-30T14:35:23+00:00","mainEntityOfPage":{"@id":"https:\/\/www.gold.fr\/news\/2014\/07\/15\/lor-continue-a-stagner-sur-fond-de-marches-dynamiques\/"},"wordCount":140,"image":{"@id":"https:\/\/www.gold.fr\/news\/2014\/07\/15\/lor-continue-a-stagner-sur-fond-de-marches-dynamiques\/#primaryimage"},"thumbnailUrl":"https:\/\/www.gold.fr\/news\/wp-content\/uploads\/2011\/07\/or-valeur-refuge.jpg","keywords":["cours de l'or de bourse","Tout Cours de l'Or","_Cours de l\u2019Or_Footer_","_Home page Footer_"],"articleSection":["Flash infos"],"inLanguage":"fr-FR"},{"@type":"WebPage","@id":"https:\/\/www.gold.fr\/news\/2014\/07\/15\/lor-continue-a-stagner-sur-fond-de-marches-dynamiques\/","url":"https:\/\/www.gold.fr\/news\/2014\/07\/15\/lor-continue-a-stagner-sur-fond-de-marches-dynamiques\/","name":"L'or continue \u00e0 stagner, sur fond de march\u00e9s dynamiques - Gold.fr","isPartOf":{"@id":"https:\/\/www.gold.fr\/news\/#website"},"primaryImageOfPage":{"@id":"https:\/\/www.gold.fr\/news\/2014\/07\/15\/lor-continue-a-stagner-sur-fond-de-marches-dynamiques\/#primaryimage"},"image":{"@id":"https:\/\/www.gold.fr\/news\/2014\/07\/15\/lor-continue-a-stagner-sur-fond-de-marches-dynamiques\/#primaryimage"},"thumbnailUrl":"https:\/\/www.gold.fr\/news\/wp-content\/uploads\/2011\/07\/or-valeur-refuge.jpg","datePublished":"2014-07-15T11:00:08+00:00","dateModified":"2020-06-30T14:35:23+00:00","author":{"@id":"https:\/\/www.gold.fr\/news\/#\/schema\/person\/760ee7cec237915eebf2be78df0404c4"},"description":"L\u2019or continue \u00e0 stagner, sur fond de march\u00e9s dynamiques, Cette semaine marque l\u2019acc\u00e9l\u00e9ration de la nouvelle saison Cours de l'Or","breadcrumb":{"@id":"https:\/\/www.gold.fr\/news\/2014\/07\/15\/lor-continue-a-stagner-sur-fond-de-marches-dynamiques\/#breadcrumb"},"inLanguage":"fr-FR","potentialAction":[{"@type":"ReadAction","target":["https:\/\/www.gold.fr\/news\/2014\/07\/15\/lor-continue-a-stagner-sur-fond-de-marches-dynamiques\/"]}]},{"@type":"ImageObject","inLanguage":"fr-FR","@id":"https:\/\/www.gold.fr\/news\/2014\/07\/15\/lor-continue-a-stagner-sur-fond-de-marches-dynamiques\/#primaryimage","url":"https:\/\/www.gold.fr\/news\/wp-content\/uploads\/2011\/07\/or-valeur-refuge.jpg","contentUrl":"https:\/\/www.gold.fr\/news\/wp-content\/uploads\/2011\/07\/or-valeur-refuge.jpg","width":"600","height":"389","caption":"L\u2019once risque d\u2019\u00eatre galvanis\u00e9e par la d\u00e9cision de la Fed"},{"@type":"BreadcrumbList","@id":"https:\/\/www.gold.fr\/news\/2014\/07\/15\/lor-continue-a-stagner-sur-fond-de-marches-dynamiques\/#breadcrumb","itemListElement":[{"@type":"ListItem","position":1,"name":"Accueil","item":"https:\/\/www.gold.fr\/"},{"@type":"ListItem","position":2,"name":"Actualit\u00e9s","item":"https:\/\/www.gold.fr\/news\/"},{"@type":"ListItem","position":3,"name":"L&rsquo;or continue \u00e0 stagner, sur fond de march\u00e9s dynamiques"}]},{"@type":"WebSite","@id":"https:\/\/www.gold.fr\/news\/#website","url":"https:\/\/www.gold.fr\/news\/","name":"Gold.fr","description":"Actualit\u00e9s de l&#039;Or et des m\u00e9taux pr\u00e9cieux","potentialAction":[{"@type":"SearchAction","target":{"@type":"EntryPoint","urlTemplate":"https:\/\/www.gold.fr\/news\/?s={search_term_string}"},"query-input":{"@type":"PropertyValueSpecification","valueRequired":true,"valueName":"search_term_string"}}],"inLanguage":"fr-FR"},{"@type":"Person","@id":"https:\/\/www.gold.fr\/news\/#\/schema\/person\/760ee7cec237915eebf2be78df0404c4","name":"Comptoir National de l'Or","image":{"@type":"ImageObject","inLanguage":"fr-FR","@id":"https:\/\/www.gold.fr\/news\/#\/schema\/person\/image\/c36675942654553a86039d2dfa93c740","url":"https:\/\/secure.gravatar.com\/avatar\/713f289e398d35ead876c4a4cc08607f0d6d266058cfc25683fffb6092d0e572?s=96&d=mm&r=g","contentUrl":"https:\/\/secure.gravatar.com\/avatar\/713f289e398d35ead876c4a4cc08607f0d6d266058cfc25683fffb6092d0e572?s=96&d=mm&r=g","caption":"Comptoir National de l'Or"},"description":"Notre r\u00e9daction est constitu\u00e9e de membres experts dans les m\u00e9tiers de l'\u00e9conomie et la gestion, des Responsables d'agence Comptoir National de l'Or, des analystes financiers qui publient r\u00e9guli\u00e8rement des \u00e9tudes sur les politiques des banques centrales, le cours de l'or, prix de l'or, cours de l'argent, prix de l'argent, cours du platine, cours du palladium,... la situation en zone euro et l'impact de la strat\u00e9gie mon\u00e9taire de la FED. Notre \u00e9quipe scrute \u00e9galement une information plus g\u00e9n\u00e9raliste \u00e0 la recherche d'actualit\u00e9 \"p\u00e9pite\" \u00e0 vous partager. Depuis 5 ans, nous avons publi\u00e9 un peu plus de 4000 articles qui s'adressent \u00e0 un public large et vari\u00e9 ayant pour objectif de satisfaire votre curiosit\u00e9 et de partager avec vous une certaine fascination pour le m\u00e9tal jaune, le rachat d'or, et pour ceux qui veulent investir dans l'or, vendre leur or tout simplement en savoir plus... Pour tous vos achat or et argent, n'h\u00e9sitez pas \u00e0 prendre rendez-vous dans l'un de nos nombreux comptoirs.","sameAs":["https:\/\/www.gold.fr"]}]}},"authors":[{"term_id":2565,"user_id":18,"is_guest":0,"slug":"julie","display_name":"Comptoir National de l'Or","avatar_url":"https:\/\/secure.gravatar.com\/avatar\/713f289e398d35ead876c4a4cc08607f0d6d266058cfc25683fffb6092d0e572?s=96&d=mm&r=g","0":null,"1":"","2":"","3":"","4":"","5":"","6":"","7":"","8":""}],"_links":{"self":[{"href":"https:\/\/www.gold.fr\/news\/wp-json\/wp\/v2\/posts\/15120","targetHints":{"allow":["GET"]}}],"collection":[{"href":"https:\/\/www.gold.fr\/news\/wp-json\/wp\/v2\/posts"}],"about":[{"href":"https:\/\/www.gold.fr\/news\/wp-json\/wp\/v2\/types\/post"}],"author":[{"embeddable":true,"href":"https:\/\/www.gold.fr\/news\/wp-json\/wp\/v2\/users\/18"}],"replies":[{"embeddable":true,"href":"https:\/\/www.gold.fr\/news\/wp-json\/wp\/v2\/comments?post=15120"}],"version-history":[{"count":0,"href":"https:\/\/www.gold.fr\/news\/wp-json\/wp\/v2\/posts\/15120\/revisions"}],"wp:featuredmedia":[{"embeddable":true,"href":"https:\/\/www.gold.fr\/news\/wp-json\/wp\/v2\/media\/10240"}],"wp:attachment":[{"href":"https:\/\/www.gold.fr\/news\/wp-json\/wp\/v2\/media?parent=15120"}],"wp:term":[{"taxonomy":"category","embeddable":true,"href":"https:\/\/www.gold.fr\/news\/wp-json\/wp\/v2\/categories?post=15120"},{"taxonomy":"post_tag","embeddable":true,"href":"https:\/\/www.gold.fr\/news\/wp-json\/wp\/v2\/tags?post=15120"},{"taxonomy":"author","embeddable":true,"href":"https:\/\/www.gold.fr\/news\/wp-json\/wp\/v2\/ppma_author?post=15120"}],"curies":[{"name":"wp","href":"https:\/\/api.w.org\/{rel}","templated":true}]}}