{"id":15104,"date":"2014-07-14T09:00:54","date_gmt":"2014-07-14T07:00:54","guid":{"rendered":"https:\/\/www.gold.fr\/news\/?p=15104"},"modified":"2017-11-02T11:31:33","modified_gmt":"2017-11-02T10:31:33","slug":"marches-euro-un-juillet-morose-apres-leuphorie-de-juin","status":"publish","type":"post","link":"https:\/\/www.gold.fr\/news\/2014\/07\/14\/marches-euro-un-juillet-morose-apres-leuphorie-de-juin\/","title":{"rendered":"March\u00e9s euro : Un juillet morose apr\u00e8s l\u2019euphorie de juin"},"content":{"rendered":"<p><img loading=\"lazy\" decoding=\"async\" class=\"alignleft size-thumbnail wp-image-8820\" title=\"March\u00e9s euro : Un juillet morose apr\u00e8s l\u2019euphorie de juin\" src=\"https:\/\/www.gold.fr\/news\/wp-content\/uploads\/2012\/08\/analyse-economique-150x150.jpg\" alt=\"\" width=\"150\" height=\"150\" \/><span style=\"font-size: small;\">Sur la rive europ\u00e9enne, ce deuxi\u00e8me semestre <strong>2014<\/strong> d\u00e9bute dans une ambiance assez maussade, une humeur g\u00e9n\u00e9rale d\u2019autant plus accentu\u00e9e par le contraste qu\u2019elle offre avec l\u2019euphorie relativement excessive qui avait caract\u00e9ris\u00e9 la fin du premier semestre, et notamment le mois de juin. Et en d\u00e9pit de l\u2019optimisme latent que traduit la confiance des annonces faites par la r\u00e9serve f\u00e9d\u00e9rale am\u00e9ricaine, la semaine derni\u00e8re, la morosit\u00e9 des march\u00e9s euro semble \u00e9galement d\u00e9teindre sur leurs homologues US.<\/span>    <span style=\"font-size: small;\"> C\u00f4t\u00e9 europ\u00e9en, les facteurs d&rsquo;inqui\u00e9tudes prennent essentiellement racine dans \u00ab\u00a0<em>les derni\u00e8res statistiques provenant de France<\/em>\u00a0\u00bb, jug\u00e9es \u00ab\u00a0<em>une fois de plus d\u00e9cevantes\u00a0<\/em>\u00bb, ce qui a pour effet de \u00ab\u00a0<em>contrecarrer le sc\u00e9nario d&#8217;embellie conjoncturelle<\/em>\u00a0\u00bb. Mais rappelons \u00e9galement que les britanniques n\u2019ont pas manqu\u00e9 d\u2019offrir leur propre lot de donn\u00e9es macro\u00e9conomiques d\u00e9cevantes, avec notamment \u00ab<em>\u00a0le d\u00e9ficit commercial qui s&rsquo;est creus\u00e9 (\u2026), ressortant \u00e0 <strong>2,4 milliards de livres<\/strong> en mai, soit <strong>300 millions<\/strong> de plus qu&rsquo;au terme du mois pr\u00e9c\u00e9dent\u00a0<\/em>\u00bb. Sans compter la bataille du gouvernement britannique pour arr\u00eater la progression de la bulle immobili\u00e8re londonienne expliquant l\u2019incapacit\u00e9 de la <strong>Bank of England<\/strong> \u00e0 op\u00e9rer la tr\u00e8s attendue \u00ab\u00a0<em>modification de sa politique mon\u00e9taire (taux directeurs maintenus \u00e0 <strong>0,5%<\/strong>)\u00a0<\/em>\u00bb.<\/span>    <span style=\"font-size: small;\"> Ce sont finalement les analystes du groupe <strong>IG<\/strong> qui r\u00e9sument le mieux la situation g\u00e9n\u00e9rale, soulignant que \u00ab\u00a0<em>toute chance d&rsquo;ouverture positive en Europe dans le sillage de <strong>Wall Street<\/strong> a d\u00e9raill\u00e9 avec la parution de faibles chiffres du commerce ext\u00e9rieur chinois et de donn\u00e9es d\u00e9cevantes en provenance de France\u00a0<\/em>\u00bb.<\/span><\/p>\n<!-- AddThis Advanced Settings generic via filter on the_content --><!-- AddThis Share Buttons generic via filter on the_content -->","protected":false},"excerpt":{"rendered":"<p>Sur la rive europ\u00e9enne, ce deuxi\u00e8me semestre 2014 d\u00e9bute dans une ambiance assez maussade, une humeur g\u00e9n\u00e9rale d\u2019autant plus accentu\u00e9e par le contraste qu\u2019elle offre avec l\u2019euphorie relativement excessive qui avait caract\u00e9ris\u00e9 la fin du premier [&hellip;]<\/p>\n","protected":false},"author":18,"featured_media":8820,"comment_status":"open","ping_status":"open","sticky":false,"template":"","format":"standard","meta":{"_mbp_gutenberg_autopost":false,"_pgmb_is_evergreen":false,"_pgmb_ap_template_id":0,"footnotes":""},"categories":[6],"tags":[1100,242,1878,534],"ppma_author":[2565],"class_list":["post-15104","post","type-post","status-publish","format-standard","has-post-thumbnail","hentry","category-articles-de-presse","tag-economie-us","tag-europe","tag-marches-euro","tag-wall-street"],"yoast_head":"<!-- This site is optimized with the Yoast SEO plugin v26.9 - https:\/\/yoast.com\/product\/yoast-seo-wordpress\/ -->\n<title>March\u00e9s euro : Un juillet morose apr\u00e8s l\u2019euphorie de juin - Gold.fr<\/title>\n<meta name=\"robots\" content=\"index, follow, max-snippet:-1, max-image-preview:large, max-video-preview:-1\" \/>\n<link rel=\"canonical\" href=\"https:\/\/www.gold.fr\/news\/2014\/07\/14\/marches-euro-un-juillet-morose-apres-leuphorie-de-juin\/\" \/>\n<meta property=\"og:locale\" content=\"fr_FR\" \/>\n<meta property=\"og:type\" content=\"article\" \/>\n<meta property=\"og:title\" content=\"March\u00e9s euro : Un juillet morose apr\u00e8s l\u2019euphorie de juin - Gold.fr\" \/>\n<meta property=\"og:description\" content=\"Sur la rive europ\u00e9enne, ce deuxi\u00e8me semestre 2014 d\u00e9bute dans une ambiance assez maussade, une humeur g\u00e9n\u00e9rale d\u2019autant plus accentu\u00e9e par le contraste qu\u2019elle offre avec l\u2019euphorie relativement excessive qui avait caract\u00e9ris\u00e9 la fin du premier [&hellip;]\" \/>\n<meta property=\"og:url\" content=\"https:\/\/www.gold.fr\/news\/2014\/07\/14\/marches-euro-un-juillet-morose-apres-leuphorie-de-juin\/\" \/>\n<meta property=\"og:site_name\" content=\"Gold.fr\" \/>\n<meta property=\"article:publisher\" content=\"https:\/\/www.facebook.com\/Goldfr\/\" \/>\n<meta property=\"article:published_time\" content=\"2014-07-14T07:00:54+00:00\" \/>\n<meta property=\"article:modified_time\" content=\"2017-11-02T10:31:33+00:00\" \/>\n<meta property=\"og:image\" content=\"https:\/\/www.gold.fr\/news\/wp-content\/uploads\/2012\/08\/analyse-economique.jpg\" \/>\n\t<meta property=\"og:image:width\" content=\"600\" \/>\n\t<meta property=\"og:image:height\" content=\"401\" \/>\n\t<meta property=\"og:image:type\" content=\"image\/jpeg\" \/>\n<meta name=\"author\" content=\"Comptoir National de l&#039;Or\" \/>\n<meta name=\"twitter:card\" content=\"summary_large_image\" \/>\n<meta name=\"twitter:label1\" content=\"\u00c9crit par\" \/>\n\t<meta name=\"twitter:data1\" content=\"Comptoir National de l&#039;Or\" \/>\n\t<meta name=\"twitter:label2\" content=\"Dur\u00e9e de lecture estim\u00e9e\" \/>\n\t<meta name=\"twitter:data2\" content=\"1 minute\" \/>\n<script type=\"application\/ld+json\" class=\"yoast-schema-graph\">{\"@context\":\"https:\/\/schema.org\",\"@graph\":[{\"@type\":\"Article\",\"@id\":\"https:\/\/www.gold.fr\/news\/2014\/07\/14\/marches-euro-un-juillet-morose-apres-leuphorie-de-juin\/#article\",\"isPartOf\":{\"@id\":\"https:\/\/www.gold.fr\/news\/2014\/07\/14\/marches-euro-un-juillet-morose-apres-leuphorie-de-juin\/\"},\"author\":{\"name\":\"Comptoir National de l'Or\",\"@id\":\"https:\/\/www.gold.fr\/news\/#\/schema\/person\/760ee7cec237915eebf2be78df0404c4\"},\"headline\":\"March\u00e9s euro : Un juillet morose apr\u00e8s l\u2019euphorie de juin\",\"datePublished\":\"2014-07-14T07:00:54+00:00\",\"dateModified\":\"2017-11-02T10:31:33+00:00\",\"mainEntityOfPage\":{\"@id\":\"https:\/\/www.gold.fr\/news\/2014\/07\/14\/marches-euro-un-juillet-morose-apres-leuphorie-de-juin\/\"},\"wordCount\":295,\"commentCount\":0,\"image\":{\"@id\":\"https:\/\/www.gold.fr\/news\/2014\/07\/14\/marches-euro-un-juillet-morose-apres-leuphorie-de-juin\/#primaryimage\"},\"thumbnailUrl\":\"https:\/\/www.gold.fr\/news\/wp-content\/uploads\/2012\/08\/analyse-economique.jpg\",\"keywords\":[\"\u00e9conomie US\",\"europe\",\"March\u00e9s euro\",\"wall street\"],\"articleSection\":[\"Articles de presse\"],\"inLanguage\":\"fr-FR\"},{\"@type\":\"WebPage\",\"@id\":\"https:\/\/www.gold.fr\/news\/2014\/07\/14\/marches-euro-un-juillet-morose-apres-leuphorie-de-juin\/\",\"url\":\"https:\/\/www.gold.fr\/news\/2014\/07\/14\/marches-euro-un-juillet-morose-apres-leuphorie-de-juin\/\",\"name\":\"March\u00e9s euro : Un juillet morose apr\u00e8s l\u2019euphorie de juin - Gold.fr\",\"isPartOf\":{\"@id\":\"https:\/\/www.gold.fr\/news\/#website\"},\"primaryImageOfPage\":{\"@id\":\"https:\/\/www.gold.fr\/news\/2014\/07\/14\/marches-euro-un-juillet-morose-apres-leuphorie-de-juin\/#primaryimage\"},\"image\":{\"@id\":\"https:\/\/www.gold.fr\/news\/2014\/07\/14\/marches-euro-un-juillet-morose-apres-leuphorie-de-juin\/#primaryimage\"},\"thumbnailUrl\":\"https:\/\/www.gold.fr\/news\/wp-content\/uploads\/2012\/08\/analyse-economique.jpg\",\"datePublished\":\"2014-07-14T07:00:54+00:00\",\"dateModified\":\"2017-11-02T10:31:33+00:00\",\"author\":{\"@id\":\"https:\/\/www.gold.fr\/news\/#\/schema\/person\/760ee7cec237915eebf2be78df0404c4\"},\"breadcrumb\":{\"@id\":\"https:\/\/www.gold.fr\/news\/2014\/07\/14\/marches-euro-un-juillet-morose-apres-leuphorie-de-juin\/#breadcrumb\"},\"inLanguage\":\"fr-FR\",\"potentialAction\":[{\"@type\":\"ReadAction\",\"target\":[\"https:\/\/www.gold.fr\/news\/2014\/07\/14\/marches-euro-un-juillet-morose-apres-leuphorie-de-juin\/\"]}]},{\"@type\":\"ImageObject\",\"inLanguage\":\"fr-FR\",\"@id\":\"https:\/\/www.gold.fr\/news\/2014\/07\/14\/marches-euro-un-juillet-morose-apres-leuphorie-de-juin\/#primaryimage\",\"url\":\"https:\/\/www.gold.fr\/news\/wp-content\/uploads\/2012\/08\/analyse-economique.jpg\",\"contentUrl\":\"https:\/\/www.gold.fr\/news\/wp-content\/uploads\/2012\/08\/analyse-economique.jpg\",\"width\":\"600\",\"height\":\"401\",\"caption\":\"Apple Watch : Nouveau tremplin haussier pour l\u2019or ?\"},{\"@type\":\"BreadcrumbList\",\"@id\":\"https:\/\/www.gold.fr\/news\/2014\/07\/14\/marches-euro-un-juillet-morose-apres-leuphorie-de-juin\/#breadcrumb\",\"itemListElement\":[{\"@type\":\"ListItem\",\"position\":1,\"name\":\"Accueil\",\"item\":\"https:\/\/www.gold.fr\/\"},{\"@type\":\"ListItem\",\"position\":2,\"name\":\"Actualit\u00e9s\",\"item\":\"https:\/\/www.gold.fr\/news\/\"},{\"@type\":\"ListItem\",\"position\":3,\"name\":\"March\u00e9s euro : Un juillet morose apr\u00e8s l\u2019euphorie de juin\"}]},{\"@type\":\"WebSite\",\"@id\":\"https:\/\/www.gold.fr\/news\/#website\",\"url\":\"https:\/\/www.gold.fr\/news\/\",\"name\":\"Gold.fr\",\"description\":\"Actualit\u00e9s de l&#039;Or et des m\u00e9taux pr\u00e9cieux\",\"potentialAction\":[{\"@type\":\"SearchAction\",\"target\":{\"@type\":\"EntryPoint\",\"urlTemplate\":\"https:\/\/www.gold.fr\/news\/?s={search_term_string}\"},\"query-input\":{\"@type\":\"PropertyValueSpecification\",\"valueRequired\":true,\"valueName\":\"search_term_string\"}}],\"inLanguage\":\"fr-FR\"},{\"@type\":\"Person\",\"@id\":\"https:\/\/www.gold.fr\/news\/#\/schema\/person\/760ee7cec237915eebf2be78df0404c4\",\"name\":\"Comptoir National de l'Or\",\"image\":{\"@type\":\"ImageObject\",\"inLanguage\":\"fr-FR\",\"@id\":\"https:\/\/www.gold.fr\/news\/#\/schema\/person\/image\/c36675942654553a86039d2dfa93c740\",\"url\":\"https:\/\/secure.gravatar.com\/avatar\/713f289e398d35ead876c4a4cc08607f0d6d266058cfc25683fffb6092d0e572?s=96&d=mm&r=g\",\"contentUrl\":\"https:\/\/secure.gravatar.com\/avatar\/713f289e398d35ead876c4a4cc08607f0d6d266058cfc25683fffb6092d0e572?s=96&d=mm&r=g\",\"caption\":\"Comptoir National de l'Or\"},\"description\":\"Notre r\u00e9daction est constitu\u00e9e de membres experts dans les m\u00e9tiers de l'\u00e9conomie et la gestion, des Responsables d'agence Comptoir National de l'Or, des analystes financiers qui publient r\u00e9guli\u00e8rement des \u00e9tudes sur les politiques des banques centrales, le cours de l'or, prix de l'or, cours de l'argent, prix de l'argent, cours du platine, cours du palladium,... la situation en zone euro et l'impact de la strat\u00e9gie mon\u00e9taire de la FED. Notre \u00e9quipe scrute \u00e9galement une information plus g\u00e9n\u00e9raliste \u00e0 la recherche d'actualit\u00e9 \\\"p\u00e9pite\\\" \u00e0 vous partager. Depuis 5 ans, nous avons publi\u00e9 un peu plus de 4000 articles qui s'adressent \u00e0 un public large et vari\u00e9 ayant pour objectif de satisfaire votre curiosit\u00e9 et de partager avec vous une certaine fascination pour le m\u00e9tal jaune, le rachat d'or, et pour ceux qui veulent investir dans l'or, vendre leur or tout simplement en savoir plus... Pour tous vos achat or et argent, n'h\u00e9sitez pas \u00e0 prendre rendez-vous dans l'un de nos nombreux comptoirs.\",\"sameAs\":[\"https:\/\/www.gold.fr\"]}]}<\/script>\n<!-- \/ Yoast SEO plugin. -->","yoast_head_json":{"title":"March\u00e9s euro : Un juillet morose apr\u00e8s l\u2019euphorie de juin - Gold.fr","robots":{"index":"index","follow":"follow","max-snippet":"max-snippet:-1","max-image-preview":"max-image-preview:large","max-video-preview":"max-video-preview:-1"},"canonical":"https:\/\/www.gold.fr\/news\/2014\/07\/14\/marches-euro-un-juillet-morose-apres-leuphorie-de-juin\/","og_locale":"fr_FR","og_type":"article","og_title":"March\u00e9s euro : Un juillet morose apr\u00e8s l\u2019euphorie de juin - Gold.fr","og_description":"Sur la rive europ\u00e9enne, ce deuxi\u00e8me semestre 2014 d\u00e9bute dans une ambiance assez maussade, une humeur g\u00e9n\u00e9rale d\u2019autant plus accentu\u00e9e par le contraste qu\u2019elle offre avec l\u2019euphorie relativement excessive qui avait caract\u00e9ris\u00e9 la fin du premier [&hellip;]","og_url":"https:\/\/www.gold.fr\/news\/2014\/07\/14\/marches-euro-un-juillet-morose-apres-leuphorie-de-juin\/","og_site_name":"Gold.fr","article_publisher":"https:\/\/www.facebook.com\/Goldfr\/","article_published_time":"2014-07-14T07:00:54+00:00","article_modified_time":"2017-11-02T10:31:33+00:00","og_image":[{"width":600,"height":401,"url":"https:\/\/www.gold.fr\/news\/wp-content\/uploads\/2012\/08\/analyse-economique.jpg","type":"image\/jpeg"}],"author":"Comptoir National de l'Or","twitter_card":"summary_large_image","twitter_misc":{"\u00c9crit par":"Comptoir National de l'Or","Dur\u00e9e de lecture estim\u00e9e":"1 minute"},"schema":{"@context":"https:\/\/schema.org","@graph":[{"@type":"Article","@id":"https:\/\/www.gold.fr\/news\/2014\/07\/14\/marches-euro-un-juillet-morose-apres-leuphorie-de-juin\/#article","isPartOf":{"@id":"https:\/\/www.gold.fr\/news\/2014\/07\/14\/marches-euro-un-juillet-morose-apres-leuphorie-de-juin\/"},"author":{"name":"Comptoir National de l'Or","@id":"https:\/\/www.gold.fr\/news\/#\/schema\/person\/760ee7cec237915eebf2be78df0404c4"},"headline":"March\u00e9s euro : Un juillet morose apr\u00e8s l\u2019euphorie de juin","datePublished":"2014-07-14T07:00:54+00:00","dateModified":"2017-11-02T10:31:33+00:00","mainEntityOfPage":{"@id":"https:\/\/www.gold.fr\/news\/2014\/07\/14\/marches-euro-un-juillet-morose-apres-leuphorie-de-juin\/"},"wordCount":295,"commentCount":0,"image":{"@id":"https:\/\/www.gold.fr\/news\/2014\/07\/14\/marches-euro-un-juillet-morose-apres-leuphorie-de-juin\/#primaryimage"},"thumbnailUrl":"https:\/\/www.gold.fr\/news\/wp-content\/uploads\/2012\/08\/analyse-economique.jpg","keywords":["\u00e9conomie US","europe","March\u00e9s euro","wall street"],"articleSection":["Articles de presse"],"inLanguage":"fr-FR"},{"@type":"WebPage","@id":"https:\/\/www.gold.fr\/news\/2014\/07\/14\/marches-euro-un-juillet-morose-apres-leuphorie-de-juin\/","url":"https:\/\/www.gold.fr\/news\/2014\/07\/14\/marches-euro-un-juillet-morose-apres-leuphorie-de-juin\/","name":"March\u00e9s euro : Un juillet morose apr\u00e8s l\u2019euphorie de juin - Gold.fr","isPartOf":{"@id":"https:\/\/www.gold.fr\/news\/#website"},"primaryImageOfPage":{"@id":"https:\/\/www.gold.fr\/news\/2014\/07\/14\/marches-euro-un-juillet-morose-apres-leuphorie-de-juin\/#primaryimage"},"image":{"@id":"https:\/\/www.gold.fr\/news\/2014\/07\/14\/marches-euro-un-juillet-morose-apres-leuphorie-de-juin\/#primaryimage"},"thumbnailUrl":"https:\/\/www.gold.fr\/news\/wp-content\/uploads\/2012\/08\/analyse-economique.jpg","datePublished":"2014-07-14T07:00:54+00:00","dateModified":"2017-11-02T10:31:33+00:00","author":{"@id":"https:\/\/www.gold.fr\/news\/#\/schema\/person\/760ee7cec237915eebf2be78df0404c4"},"breadcrumb":{"@id":"https:\/\/www.gold.fr\/news\/2014\/07\/14\/marches-euro-un-juillet-morose-apres-leuphorie-de-juin\/#breadcrumb"},"inLanguage":"fr-FR","potentialAction":[{"@type":"ReadAction","target":["https:\/\/www.gold.fr\/news\/2014\/07\/14\/marches-euro-un-juillet-morose-apres-leuphorie-de-juin\/"]}]},{"@type":"ImageObject","inLanguage":"fr-FR","@id":"https:\/\/www.gold.fr\/news\/2014\/07\/14\/marches-euro-un-juillet-morose-apres-leuphorie-de-juin\/#primaryimage","url":"https:\/\/www.gold.fr\/news\/wp-content\/uploads\/2012\/08\/analyse-economique.jpg","contentUrl":"https:\/\/www.gold.fr\/news\/wp-content\/uploads\/2012\/08\/analyse-economique.jpg","width":"600","height":"401","caption":"Apple Watch : Nouveau tremplin haussier pour l\u2019or ?"},{"@type":"BreadcrumbList","@id":"https:\/\/www.gold.fr\/news\/2014\/07\/14\/marches-euro-un-juillet-morose-apres-leuphorie-de-juin\/#breadcrumb","itemListElement":[{"@type":"ListItem","position":1,"name":"Accueil","item":"https:\/\/www.gold.fr\/"},{"@type":"ListItem","position":2,"name":"Actualit\u00e9s","item":"https:\/\/www.gold.fr\/news\/"},{"@type":"ListItem","position":3,"name":"March\u00e9s euro : Un juillet morose apr\u00e8s l\u2019euphorie de juin"}]},{"@type":"WebSite","@id":"https:\/\/www.gold.fr\/news\/#website","url":"https:\/\/www.gold.fr\/news\/","name":"Gold.fr","description":"Actualit\u00e9s de l&#039;Or et des m\u00e9taux pr\u00e9cieux","potentialAction":[{"@type":"SearchAction","target":{"@type":"EntryPoint","urlTemplate":"https:\/\/www.gold.fr\/news\/?s={search_term_string}"},"query-input":{"@type":"PropertyValueSpecification","valueRequired":true,"valueName":"search_term_string"}}],"inLanguage":"fr-FR"},{"@type":"Person","@id":"https:\/\/www.gold.fr\/news\/#\/schema\/person\/760ee7cec237915eebf2be78df0404c4","name":"Comptoir National de l'Or","image":{"@type":"ImageObject","inLanguage":"fr-FR","@id":"https:\/\/www.gold.fr\/news\/#\/schema\/person\/image\/c36675942654553a86039d2dfa93c740","url":"https:\/\/secure.gravatar.com\/avatar\/713f289e398d35ead876c4a4cc08607f0d6d266058cfc25683fffb6092d0e572?s=96&d=mm&r=g","contentUrl":"https:\/\/secure.gravatar.com\/avatar\/713f289e398d35ead876c4a4cc08607f0d6d266058cfc25683fffb6092d0e572?s=96&d=mm&r=g","caption":"Comptoir National de l'Or"},"description":"Notre r\u00e9daction est constitu\u00e9e de membres experts dans les m\u00e9tiers de l'\u00e9conomie et la gestion, des Responsables d'agence Comptoir National de l'Or, des analystes financiers qui publient r\u00e9guli\u00e8rement des \u00e9tudes sur les politiques des banques centrales, le cours de l'or, prix de l'or, cours de l'argent, prix de l'argent, cours du platine, cours du palladium,... la situation en zone euro et l'impact de la strat\u00e9gie mon\u00e9taire de la FED. Notre \u00e9quipe scrute \u00e9galement une information plus g\u00e9n\u00e9raliste \u00e0 la recherche d'actualit\u00e9 \"p\u00e9pite\" \u00e0 vous partager. Depuis 5 ans, nous avons publi\u00e9 un peu plus de 4000 articles qui s'adressent \u00e0 un public large et vari\u00e9 ayant pour objectif de satisfaire votre curiosit\u00e9 et de partager avec vous une certaine fascination pour le m\u00e9tal jaune, le rachat d'or, et pour ceux qui veulent investir dans l'or, vendre leur or tout simplement en savoir plus... Pour tous vos achat or et argent, n'h\u00e9sitez pas \u00e0 prendre rendez-vous dans l'un de nos nombreux comptoirs.","sameAs":["https:\/\/www.gold.fr"]}]}},"authors":[{"term_id":2565,"user_id":18,"is_guest":0,"slug":"julie","display_name":"Comptoir National de l'Or","avatar_url":"https:\/\/secure.gravatar.com\/avatar\/713f289e398d35ead876c4a4cc08607f0d6d266058cfc25683fffb6092d0e572?s=96&d=mm&r=g","0":null,"1":"","2":"","3":"","4":"","5":"","6":"","7":"","8":""}],"_links":{"self":[{"href":"https:\/\/www.gold.fr\/news\/wp-json\/wp\/v2\/posts\/15104","targetHints":{"allow":["GET"]}}],"collection":[{"href":"https:\/\/www.gold.fr\/news\/wp-json\/wp\/v2\/posts"}],"about":[{"href":"https:\/\/www.gold.fr\/news\/wp-json\/wp\/v2\/types\/post"}],"author":[{"embeddable":true,"href":"https:\/\/www.gold.fr\/news\/wp-json\/wp\/v2\/users\/18"}],"replies":[{"embeddable":true,"href":"https:\/\/www.gold.fr\/news\/wp-json\/wp\/v2\/comments?post=15104"}],"version-history":[{"count":0,"href":"https:\/\/www.gold.fr\/news\/wp-json\/wp\/v2\/posts\/15104\/revisions"}],"wp:featuredmedia":[{"embeddable":true,"href":"https:\/\/www.gold.fr\/news\/wp-json\/wp\/v2\/media\/8820"}],"wp:attachment":[{"href":"https:\/\/www.gold.fr\/news\/wp-json\/wp\/v2\/media?parent=15104"}],"wp:term":[{"taxonomy":"category","embeddable":true,"href":"https:\/\/www.gold.fr\/news\/wp-json\/wp\/v2\/categories?post=15104"},{"taxonomy":"post_tag","embeddable":true,"href":"https:\/\/www.gold.fr\/news\/wp-json\/wp\/v2\/tags?post=15104"},{"taxonomy":"author","embeddable":true,"href":"https:\/\/www.gold.fr\/news\/wp-json\/wp\/v2\/ppma_author?post=15104"}],"curies":[{"name":"wp","href":"https:\/\/api.w.org\/{rel}","templated":true}]}}