{"id":15102,"date":"2014-07-11T17:00:02","date_gmt":"2014-07-11T15:00:02","guid":{"rendered":"https:\/\/www.gold.fr\/news\/?p=15102"},"modified":"2017-11-02T11:31:33","modified_gmt":"2017-11-02T10:31:33","slug":"lor-vers-un-nouveau-sommet-trimestriel","status":"publish","type":"post","link":"https:\/\/www.gold.fr\/news\/2014\/07\/11\/lor-vers-un-nouveau-sommet-trimestriel\/","title":{"rendered":"L\u2019or vers un nouveau sommet trimestriel"},"content":{"rendered":"<p><img loading=\"lazy\" decoding=\"async\" class=\"alignleft size-thumbnail wp-image-7980\" title=\"L\u2019or vers un nouveau sommet trimestriel\" src=\"https:\/\/www.gold.fr\/news\/wp-content\/uploads\/2012\/06\/lingotins-or-pieces-or-150x150.jpg\" alt=\"\" width=\"150\" height=\"150\" \/><span style=\"font-size: small;\"><a title=\"L\u2019or termine la semaine au top\" href=\"https:\/\/www.gold.fr\/news\/2014\/07\/11\/lor-termine-la-semaine-au-top\/15100\/\" target=\"_blank\">L\u2019or termine la semaine sur une note joyeusement haussi\u00e8re<\/a> et maintient la tendance largement positive qui a domin\u00e9 sur l&rsquo;ensemble des cinq derni\u00e8res s\u00e9ances. Propuls\u00e9, jeudi en cours de s\u00e9ance, au-del\u00e0 du palier des <strong>1 340 dollars<\/strong> (<strong>1 343,25 dollars<\/strong> <a title=\"Prix de l'Once d'or\" href=\"https:\/\/www.gold.fr\/once-en\/\" target=\"_blank\">l\u2019once<\/a>), le <a href='https:\/\/www.gold.fr\/news\/tags\/or' class='esk-seo-plu-link'>m\u00e9tal jaune<\/a> vise actuellement le seuil aussi bien technique que psychologique des <strong>1 350 dollars<\/strong>.<\/span>    <span style=\"font-size: small;\"> Et c&rsquo;est toute une foule de facteurs qui explique cette nouvelle vague de hausse. Il faut toutefois admettre que bon nombre de ces explications prend ind\u00e9niablement racine dans l&rsquo;incontournable <em>\u2018\u00e9l\u00e9ment FED<\/em>&lsquo;. Suite \u00e0 l&rsquo;annonce faite par l&rsquo;institution concernant son intention de mettre un terme \u00e0 ses achats mensuels d&rsquo;actifs d\u00e8s <strong>le mois d&rsquo;octobre 2014<\/strong>, les march\u00e9s d&rsquo;investissement ont eu une r\u00e9action inverse \u00e0 l&rsquo;\u00e9vidente confiance qui transparait de cette d\u00e9cision. Le retour des inqui\u00e9tudes au sein des march\u00e9s financiers profitent ainsi pleinement \u00e0 l&rsquo;\u00e9volution de la relique barbare qui s&rsquo;impose naturellement avec son r\u00f4le traditionnel de valeur refuge et bouclier contre les craintes des op\u00e9rateurs.<\/span>    <span style=\"font-size: small;\"> Les experts notent d&rsquo;ailleurs, \u00e0 ce propos, que \u00ab <em>le <a href='https:\/\/www.gold.fr\/news\/tags\/or' class='esk-seo-plu-link'>m\u00e9tal jaune<\/a> profitait du repli des actifs risqu\u00e9s pour renouer avec des cours perdus de vue depuis la fin de l&rsquo;hiver<\/em> \u00bb, rappelant que \u00ab <em>en retenant les cours de Londres, il faut remonter jusqu&rsquo;au 19 mars dernier pour retrouver trace d&rsquo;un <a href='https:\/\/www.gold.fr\/news\/tags\/cours-de-lor' class='esk-seo-plu-link'>fixing<\/a> sup\u00e9rieur \u00e0 <strong>1.340 dollars<\/strong><\/em> \u00bb.<\/span>    <span style=\"font-size: small;\"> C&rsquo;est donc un nouveau sommet trimestriel (voire m\u00eame des quatre derniers mois) que le <a href='https:\/\/www.gold.fr\/news\/tags\/or' class='esk-seo-plu-link'>m\u00e9tal jaune<\/a> vise actuellement, sur fond de perspectives et pr\u00e9visions professionnelles qui le placent d\u00e9sormais haussier. Du moins, sur le court terme.<\/span><\/p>\n<!-- AddThis Advanced Settings generic via filter on the_content --><!-- AddThis Share Buttons generic via filter on the_content -->","protected":false},"excerpt":{"rendered":"<p>L\u2019or termine la semaine sur une note joyeusement haussi\u00e8re et maintient la tendance largement positive qui a domin\u00e9 sur l&rsquo;ensemble des cinq derni\u00e8res s\u00e9ances. Propuls\u00e9, jeudi en cours de s\u00e9ance, au-del\u00e0 du palier des 1 340 [&hellip;]<\/p>\n","protected":false},"author":18,"featured_media":7980,"comment_status":"open","ping_status":"open","sticky":false,"template":"","format":"standard","meta":{"_mbp_gutenberg_autopost":false,"_pgmb_is_evergreen":false,"_pgmb_ap_template_id":0,"footnotes":""},"categories":[6],"tags":[1045,932,900,962,1877],"ppma_author":[2565],"class_list":["post-15102","post","type-post","status-publish","format-standard","has-post-thumbnail","hentry","category-articles-de-presse","tag-hausse-or","tag-metal-jaune","tag-once-or","tag-prix-or","tag-sommet-or"],"yoast_head":"<!-- This site is optimized with the Yoast SEO plugin v26.9 - https:\/\/yoast.com\/product\/yoast-seo-wordpress\/ -->\n<title>L\u2019or vers un nouveau sommet trimestriel - Gold.fr<\/title>\n<meta name=\"robots\" content=\"index, follow, max-snippet:-1, max-image-preview:large, max-video-preview:-1\" \/>\n<link rel=\"canonical\" href=\"https:\/\/www.gold.fr\/news\/2014\/07\/11\/lor-vers-un-nouveau-sommet-trimestriel\/\" \/>\n<meta property=\"og:locale\" content=\"fr_FR\" \/>\n<meta property=\"og:type\" content=\"article\" \/>\n<meta property=\"og:title\" content=\"L\u2019or vers un nouveau sommet trimestriel - Gold.fr\" \/>\n<meta property=\"og:description\" content=\"L\u2019or termine la semaine sur une note joyeusement haussi\u00e8re et maintient la tendance largement positive qui a domin\u00e9 sur l&rsquo;ensemble des cinq derni\u00e8res s\u00e9ances. Propuls\u00e9, jeudi en cours de s\u00e9ance, au-del\u00e0 du palier des 1 340 [&hellip;]\" \/>\n<meta property=\"og:url\" content=\"https:\/\/www.gold.fr\/news\/2014\/07\/11\/lor-vers-un-nouveau-sommet-trimestriel\/\" \/>\n<meta property=\"og:site_name\" content=\"Gold.fr\" \/>\n<meta property=\"article:publisher\" content=\"https:\/\/www.facebook.com\/Goldfr\/\" \/>\n<meta property=\"article:published_time\" content=\"2014-07-11T15:00:02+00:00\" \/>\n<meta property=\"article:modified_time\" content=\"2017-11-02T10:31:33+00:00\" \/>\n<meta property=\"og:image\" content=\"https:\/\/www.gold.fr\/news\/wp-content\/uploads\/2012\/06\/lingotins-or-pieces-or.jpg\" \/>\n\t<meta property=\"og:image:width\" content=\"600\" \/>\n\t<meta property=\"og:image:height\" content=\"401\" \/>\n\t<meta property=\"og:image:type\" content=\"image\/jpeg\" \/>\n<meta name=\"author\" content=\"Comptoir National de l&#039;Or\" \/>\n<meta name=\"twitter:card\" content=\"summary_large_image\" \/>\n<meta name=\"twitter:label1\" content=\"\u00c9crit par\" \/>\n\t<meta name=\"twitter:data1\" content=\"Comptoir National de l&#039;Or\" \/>\n\t<meta name=\"twitter:label2\" content=\"Dur\u00e9e de lecture estim\u00e9e\" \/>\n\t<meta name=\"twitter:data2\" content=\"1 minute\" \/>\n<script type=\"application\/ld+json\" class=\"yoast-schema-graph\">{\"@context\":\"https:\/\/schema.org\",\"@graph\":[{\"@type\":\"Article\",\"@id\":\"https:\/\/www.gold.fr\/news\/2014\/07\/11\/lor-vers-un-nouveau-sommet-trimestriel\/#article\",\"isPartOf\":{\"@id\":\"https:\/\/www.gold.fr\/news\/2014\/07\/11\/lor-vers-un-nouveau-sommet-trimestriel\/\"},\"author\":{\"name\":\"Comptoir National de l'Or\",\"@id\":\"https:\/\/www.gold.fr\/news\/#\/schema\/person\/760ee7cec237915eebf2be78df0404c4\"},\"headline\":\"L\u2019or vers un nouveau sommet trimestriel\",\"datePublished\":\"2014-07-11T15:00:02+00:00\",\"dateModified\":\"2017-11-02T10:31:33+00:00\",\"mainEntityOfPage\":{\"@id\":\"https:\/\/www.gold.fr\/news\/2014\/07\/11\/lor-vers-un-nouveau-sommet-trimestriel\/\"},\"wordCount\":284,\"commentCount\":0,\"image\":{\"@id\":\"https:\/\/www.gold.fr\/news\/2014\/07\/11\/lor-vers-un-nouveau-sommet-trimestriel\/#primaryimage\"},\"thumbnailUrl\":\"https:\/\/www.gold.fr\/news\/wp-content\/uploads\/2012\/06\/lingotins-or-pieces-or.jpg\",\"keywords\":[\"hausse or\",\"M\u00e9tal jaune\",\"Once or\",\"prix or\",\"sommet or\"],\"articleSection\":[\"Articles de presse\"],\"inLanguage\":\"fr-FR\"},{\"@type\":\"WebPage\",\"@id\":\"https:\/\/www.gold.fr\/news\/2014\/07\/11\/lor-vers-un-nouveau-sommet-trimestriel\/\",\"url\":\"https:\/\/www.gold.fr\/news\/2014\/07\/11\/lor-vers-un-nouveau-sommet-trimestriel\/\",\"name\":\"L\u2019or vers un nouveau sommet trimestriel - Gold.fr\",\"isPartOf\":{\"@id\":\"https:\/\/www.gold.fr\/news\/#website\"},\"primaryImageOfPage\":{\"@id\":\"https:\/\/www.gold.fr\/news\/2014\/07\/11\/lor-vers-un-nouveau-sommet-trimestriel\/#primaryimage\"},\"image\":{\"@id\":\"https:\/\/www.gold.fr\/news\/2014\/07\/11\/lor-vers-un-nouveau-sommet-trimestriel\/#primaryimage\"},\"thumbnailUrl\":\"https:\/\/www.gold.fr\/news\/wp-content\/uploads\/2012\/06\/lingotins-or-pieces-or.jpg\",\"datePublished\":\"2014-07-11T15:00:02+00:00\",\"dateModified\":\"2017-11-02T10:31:33+00:00\",\"author\":{\"@id\":\"https:\/\/www.gold.fr\/news\/#\/schema\/person\/760ee7cec237915eebf2be78df0404c4\"},\"breadcrumb\":{\"@id\":\"https:\/\/www.gold.fr\/news\/2014\/07\/11\/lor-vers-un-nouveau-sommet-trimestriel\/#breadcrumb\"},\"inLanguage\":\"fr-FR\",\"potentialAction\":[{\"@type\":\"ReadAction\",\"target\":[\"https:\/\/www.gold.fr\/news\/2014\/07\/11\/lor-vers-un-nouveau-sommet-trimestriel\/\"]}]},{\"@type\":\"ImageObject\",\"inLanguage\":\"fr-FR\",\"@id\":\"https:\/\/www.gold.fr\/news\/2014\/07\/11\/lor-vers-un-nouveau-sommet-trimestriel\/#primaryimage\",\"url\":\"https:\/\/www.gold.fr\/news\/wp-content\/uploads\/2012\/06\/lingotins-or-pieces-or.jpg\",\"contentUrl\":\"https:\/\/www.gold.fr\/news\/wp-content\/uploads\/2012\/06\/lingotins-or-pieces-or.jpg\",\"width\":\"600\",\"height\":\"401\",\"caption\":\"FOMC : Les march\u00e9s se remettent lentement\"},{\"@type\":\"BreadcrumbList\",\"@id\":\"https:\/\/www.gold.fr\/news\/2014\/07\/11\/lor-vers-un-nouveau-sommet-trimestriel\/#breadcrumb\",\"itemListElement\":[{\"@type\":\"ListItem\",\"position\":1,\"name\":\"Accueil\",\"item\":\"https:\/\/www.gold.fr\/\"},{\"@type\":\"ListItem\",\"position\":2,\"name\":\"Actualit\u00e9s\",\"item\":\"https:\/\/www.gold.fr\/news\/\"},{\"@type\":\"ListItem\",\"position\":3,\"name\":\"L\u2019or vers un nouveau sommet trimestriel\"}]},{\"@type\":\"WebSite\",\"@id\":\"https:\/\/www.gold.fr\/news\/#website\",\"url\":\"https:\/\/www.gold.fr\/news\/\",\"name\":\"Gold.fr\",\"description\":\"Actualit\u00e9s de l&#039;Or et des m\u00e9taux pr\u00e9cieux\",\"potentialAction\":[{\"@type\":\"SearchAction\",\"target\":{\"@type\":\"EntryPoint\",\"urlTemplate\":\"https:\/\/www.gold.fr\/news\/?s={search_term_string}\"},\"query-input\":{\"@type\":\"PropertyValueSpecification\",\"valueRequired\":true,\"valueName\":\"search_term_string\"}}],\"inLanguage\":\"fr-FR\"},{\"@type\":\"Person\",\"@id\":\"https:\/\/www.gold.fr\/news\/#\/schema\/person\/760ee7cec237915eebf2be78df0404c4\",\"name\":\"Comptoir National de l'Or\",\"image\":{\"@type\":\"ImageObject\",\"inLanguage\":\"fr-FR\",\"@id\":\"https:\/\/www.gold.fr\/news\/#\/schema\/person\/image\/c36675942654553a86039d2dfa93c740\",\"url\":\"https:\/\/secure.gravatar.com\/avatar\/713f289e398d35ead876c4a4cc08607f0d6d266058cfc25683fffb6092d0e572?s=96&d=mm&r=g\",\"contentUrl\":\"https:\/\/secure.gravatar.com\/avatar\/713f289e398d35ead876c4a4cc08607f0d6d266058cfc25683fffb6092d0e572?s=96&d=mm&r=g\",\"caption\":\"Comptoir National de l'Or\"},\"description\":\"Notre r\u00e9daction est constitu\u00e9e de membres experts dans les m\u00e9tiers de l'\u00e9conomie et la gestion, des Responsables d'agence Comptoir National de l'Or, des analystes financiers qui publient r\u00e9guli\u00e8rement des \u00e9tudes sur les politiques des banques centrales, le cours de l'or, prix de l'or, cours de l'argent, prix de l'argent, cours du platine, cours du palladium,... la situation en zone euro et l'impact de la strat\u00e9gie mon\u00e9taire de la FED. Notre \u00e9quipe scrute \u00e9galement une information plus g\u00e9n\u00e9raliste \u00e0 la recherche d'actualit\u00e9 \\\"p\u00e9pite\\\" \u00e0 vous partager. Depuis 5 ans, nous avons publi\u00e9 un peu plus de 4000 articles qui s'adressent \u00e0 un public large et vari\u00e9 ayant pour objectif de satisfaire votre curiosit\u00e9 et de partager avec vous une certaine fascination pour le m\u00e9tal jaune, le rachat d'or, et pour ceux qui veulent investir dans l'or, vendre leur or tout simplement en savoir plus... Pour tous vos achat or et argent, n'h\u00e9sitez pas \u00e0 prendre rendez-vous dans l'un de nos nombreux comptoirs.\",\"sameAs\":[\"https:\/\/www.gold.fr\"]}]}<\/script>\n<!-- \/ Yoast SEO plugin. -->","yoast_head_json":{"title":"L\u2019or vers un nouveau sommet trimestriel - Gold.fr","robots":{"index":"index","follow":"follow","max-snippet":"max-snippet:-1","max-image-preview":"max-image-preview:large","max-video-preview":"max-video-preview:-1"},"canonical":"https:\/\/www.gold.fr\/news\/2014\/07\/11\/lor-vers-un-nouveau-sommet-trimestriel\/","og_locale":"fr_FR","og_type":"article","og_title":"L\u2019or vers un nouveau sommet trimestriel - Gold.fr","og_description":"L\u2019or termine la semaine sur une note joyeusement haussi\u00e8re et maintient la tendance largement positive qui a domin\u00e9 sur l&rsquo;ensemble des cinq derni\u00e8res s\u00e9ances. Propuls\u00e9, jeudi en cours de s\u00e9ance, au-del\u00e0 du palier des 1 340 [&hellip;]","og_url":"https:\/\/www.gold.fr\/news\/2014\/07\/11\/lor-vers-un-nouveau-sommet-trimestriel\/","og_site_name":"Gold.fr","article_publisher":"https:\/\/www.facebook.com\/Goldfr\/","article_published_time":"2014-07-11T15:00:02+00:00","article_modified_time":"2017-11-02T10:31:33+00:00","og_image":[{"width":600,"height":401,"url":"https:\/\/www.gold.fr\/news\/wp-content\/uploads\/2012\/06\/lingotins-or-pieces-or.jpg","type":"image\/jpeg"}],"author":"Comptoir National de l'Or","twitter_card":"summary_large_image","twitter_misc":{"\u00c9crit par":"Comptoir National de l'Or","Dur\u00e9e de lecture estim\u00e9e":"1 minute"},"schema":{"@context":"https:\/\/schema.org","@graph":[{"@type":"Article","@id":"https:\/\/www.gold.fr\/news\/2014\/07\/11\/lor-vers-un-nouveau-sommet-trimestriel\/#article","isPartOf":{"@id":"https:\/\/www.gold.fr\/news\/2014\/07\/11\/lor-vers-un-nouveau-sommet-trimestriel\/"},"author":{"name":"Comptoir National de l'Or","@id":"https:\/\/www.gold.fr\/news\/#\/schema\/person\/760ee7cec237915eebf2be78df0404c4"},"headline":"L\u2019or vers un nouveau sommet trimestriel","datePublished":"2014-07-11T15:00:02+00:00","dateModified":"2017-11-02T10:31:33+00:00","mainEntityOfPage":{"@id":"https:\/\/www.gold.fr\/news\/2014\/07\/11\/lor-vers-un-nouveau-sommet-trimestriel\/"},"wordCount":284,"commentCount":0,"image":{"@id":"https:\/\/www.gold.fr\/news\/2014\/07\/11\/lor-vers-un-nouveau-sommet-trimestriel\/#primaryimage"},"thumbnailUrl":"https:\/\/www.gold.fr\/news\/wp-content\/uploads\/2012\/06\/lingotins-or-pieces-or.jpg","keywords":["hausse or","M\u00e9tal jaune","Once or","prix or","sommet or"],"articleSection":["Articles de presse"],"inLanguage":"fr-FR"},{"@type":"WebPage","@id":"https:\/\/www.gold.fr\/news\/2014\/07\/11\/lor-vers-un-nouveau-sommet-trimestriel\/","url":"https:\/\/www.gold.fr\/news\/2014\/07\/11\/lor-vers-un-nouveau-sommet-trimestriel\/","name":"L\u2019or vers un nouveau sommet trimestriel - Gold.fr","isPartOf":{"@id":"https:\/\/www.gold.fr\/news\/#website"},"primaryImageOfPage":{"@id":"https:\/\/www.gold.fr\/news\/2014\/07\/11\/lor-vers-un-nouveau-sommet-trimestriel\/#primaryimage"},"image":{"@id":"https:\/\/www.gold.fr\/news\/2014\/07\/11\/lor-vers-un-nouveau-sommet-trimestriel\/#primaryimage"},"thumbnailUrl":"https:\/\/www.gold.fr\/news\/wp-content\/uploads\/2012\/06\/lingotins-or-pieces-or.jpg","datePublished":"2014-07-11T15:00:02+00:00","dateModified":"2017-11-02T10:31:33+00:00","author":{"@id":"https:\/\/www.gold.fr\/news\/#\/schema\/person\/760ee7cec237915eebf2be78df0404c4"},"breadcrumb":{"@id":"https:\/\/www.gold.fr\/news\/2014\/07\/11\/lor-vers-un-nouveau-sommet-trimestriel\/#breadcrumb"},"inLanguage":"fr-FR","potentialAction":[{"@type":"ReadAction","target":["https:\/\/www.gold.fr\/news\/2014\/07\/11\/lor-vers-un-nouveau-sommet-trimestriel\/"]}]},{"@type":"ImageObject","inLanguage":"fr-FR","@id":"https:\/\/www.gold.fr\/news\/2014\/07\/11\/lor-vers-un-nouveau-sommet-trimestriel\/#primaryimage","url":"https:\/\/www.gold.fr\/news\/wp-content\/uploads\/2012\/06\/lingotins-or-pieces-or.jpg","contentUrl":"https:\/\/www.gold.fr\/news\/wp-content\/uploads\/2012\/06\/lingotins-or-pieces-or.jpg","width":"600","height":"401","caption":"FOMC : Les march\u00e9s se remettent lentement"},{"@type":"BreadcrumbList","@id":"https:\/\/www.gold.fr\/news\/2014\/07\/11\/lor-vers-un-nouveau-sommet-trimestriel\/#breadcrumb","itemListElement":[{"@type":"ListItem","position":1,"name":"Accueil","item":"https:\/\/www.gold.fr\/"},{"@type":"ListItem","position":2,"name":"Actualit\u00e9s","item":"https:\/\/www.gold.fr\/news\/"},{"@type":"ListItem","position":3,"name":"L\u2019or vers un nouveau sommet trimestriel"}]},{"@type":"WebSite","@id":"https:\/\/www.gold.fr\/news\/#website","url":"https:\/\/www.gold.fr\/news\/","name":"Gold.fr","description":"Actualit\u00e9s de l&#039;Or et des m\u00e9taux pr\u00e9cieux","potentialAction":[{"@type":"SearchAction","target":{"@type":"EntryPoint","urlTemplate":"https:\/\/www.gold.fr\/news\/?s={search_term_string}"},"query-input":{"@type":"PropertyValueSpecification","valueRequired":true,"valueName":"search_term_string"}}],"inLanguage":"fr-FR"},{"@type":"Person","@id":"https:\/\/www.gold.fr\/news\/#\/schema\/person\/760ee7cec237915eebf2be78df0404c4","name":"Comptoir National de l'Or","image":{"@type":"ImageObject","inLanguage":"fr-FR","@id":"https:\/\/www.gold.fr\/news\/#\/schema\/person\/image\/c36675942654553a86039d2dfa93c740","url":"https:\/\/secure.gravatar.com\/avatar\/713f289e398d35ead876c4a4cc08607f0d6d266058cfc25683fffb6092d0e572?s=96&d=mm&r=g","contentUrl":"https:\/\/secure.gravatar.com\/avatar\/713f289e398d35ead876c4a4cc08607f0d6d266058cfc25683fffb6092d0e572?s=96&d=mm&r=g","caption":"Comptoir National de l'Or"},"description":"Notre r\u00e9daction est constitu\u00e9e de membres experts dans les m\u00e9tiers de l'\u00e9conomie et la gestion, des Responsables d'agence Comptoir National de l'Or, des analystes financiers qui publient r\u00e9guli\u00e8rement des \u00e9tudes sur les politiques des banques centrales, le cours de l'or, prix de l'or, cours de l'argent, prix de l'argent, cours du platine, cours du palladium,... la situation en zone euro et l'impact de la strat\u00e9gie mon\u00e9taire de la FED. Notre \u00e9quipe scrute \u00e9galement une information plus g\u00e9n\u00e9raliste \u00e0 la recherche d'actualit\u00e9 \"p\u00e9pite\" \u00e0 vous partager. Depuis 5 ans, nous avons publi\u00e9 un peu plus de 4000 articles qui s'adressent \u00e0 un public large et vari\u00e9 ayant pour objectif de satisfaire votre curiosit\u00e9 et de partager avec vous une certaine fascination pour le m\u00e9tal jaune, le rachat d'or, et pour ceux qui veulent investir dans l'or, vendre leur or tout simplement en savoir plus... Pour tous vos achat or et argent, n'h\u00e9sitez pas \u00e0 prendre rendez-vous dans l'un de nos nombreux comptoirs.","sameAs":["https:\/\/www.gold.fr"]}]}},"authors":[{"term_id":2565,"user_id":18,"is_guest":0,"slug":"julie","display_name":"Comptoir National de l'Or","avatar_url":"https:\/\/secure.gravatar.com\/avatar\/713f289e398d35ead876c4a4cc08607f0d6d266058cfc25683fffb6092d0e572?s=96&d=mm&r=g","0":null,"1":"","2":"","3":"","4":"","5":"","6":"","7":"","8":""}],"_links":{"self":[{"href":"https:\/\/www.gold.fr\/news\/wp-json\/wp\/v2\/posts\/15102","targetHints":{"allow":["GET"]}}],"collection":[{"href":"https:\/\/www.gold.fr\/news\/wp-json\/wp\/v2\/posts"}],"about":[{"href":"https:\/\/www.gold.fr\/news\/wp-json\/wp\/v2\/types\/post"}],"author":[{"embeddable":true,"href":"https:\/\/www.gold.fr\/news\/wp-json\/wp\/v2\/users\/18"}],"replies":[{"embeddable":true,"href":"https:\/\/www.gold.fr\/news\/wp-json\/wp\/v2\/comments?post=15102"}],"version-history":[{"count":0,"href":"https:\/\/www.gold.fr\/news\/wp-json\/wp\/v2\/posts\/15102\/revisions"}],"wp:featuredmedia":[{"embeddable":true,"href":"https:\/\/www.gold.fr\/news\/wp-json\/wp\/v2\/media\/7980"}],"wp:attachment":[{"href":"https:\/\/www.gold.fr\/news\/wp-json\/wp\/v2\/media?parent=15102"}],"wp:term":[{"taxonomy":"category","embeddable":true,"href":"https:\/\/www.gold.fr\/news\/wp-json\/wp\/v2\/categories?post=15102"},{"taxonomy":"post_tag","embeddable":true,"href":"https:\/\/www.gold.fr\/news\/wp-json\/wp\/v2\/tags?post=15102"},{"taxonomy":"author","embeddable":true,"href":"https:\/\/www.gold.fr\/news\/wp-json\/wp\/v2\/ppma_author?post=15102"}],"curies":[{"name":"wp","href":"https:\/\/api.w.org\/{rel}","templated":true}]}}