{"id":15095,"date":"2014-07-10T17:00:15","date_gmt":"2014-07-10T15:00:15","guid":{"rendered":"https:\/\/www.gold.fr\/news\/?p=15095"},"modified":"2017-11-02T11:31:34","modified_gmt":"2017-11-02T10:31:34","slug":"des-marches-febriles-apres-lannonce-fed","status":"publish","type":"post","link":"https:\/\/www.gold.fr\/news\/2014\/07\/10\/des-marches-febriles-apres-lannonce-fed\/","title":{"rendered":"Des march\u00e9s f\u00e9briles apr\u00e8s l\u2019annonce FED"},"content":{"rendered":"<p><img loading=\"lazy\" decoding=\"async\" class=\"alignleft size-thumbnail wp-image-6581\" title=\"Des march\u00e9s f\u00e9briles apr\u00e8s l\u2019annonce FED\" src=\"https:\/\/www.gold.fr\/news\/wp-content\/uploads\/2012\/03\/Lingots-dor-150x150.jpg\" alt=\"\" width=\"150\" height=\"150\" \/><span style=\"font-size: small;\">L\u2019annonce avait certainement pour objectif de rassurer les march\u00e9s sur la solidit\u00e9 de la reprise \u00e9conomique am\u00e9ricaine, une reprise qui se confirme effectivement de jour en jour, au fil de rapports \u00e9conomiques et statistiques chiffr\u00e9es renfor\u00e7ant l\u2019optimisme g\u00e9n\u00e9ral des observateurs US. Toutefois, force est de constater que les march\u00e9s financiers sont relativement m\u00e9fiants face \u00e0 cette d\u00e9cision que le consensus professionnel quasi unanime n\u2019attendait pas avant le d\u00e9but de l\u2019ann\u00e9e <strong>2015<\/strong>. L\u2019inqui\u00e9tude demeure, en tout cas pour l\u2019heure, le sentiment du moment, dans la mesure o\u00f9 les op\u00e9rateurs ne semblent pas encore d\u2019humeur \u00e0 f\u00eater cet exc\u00e8s de confiance <strong>FED<\/strong>.<\/span>    <span style=\"font-size: small;\"> Et les experts semblent \u00e9galement partager la m\u00e9fiance et les inqui\u00e9tudes des op\u00e9rateurs en apprenant que la premi\u00e8re institution financi\u00e8re am\u00e9ricaine allait mettre fin \u00e0 ses rachats d\u2019actifs d\u00e8s le mois d\u2019octobre. Chez Saxo Banque, on note que \u00ab<em>\u00a0les march\u00e9s restent f\u00e9briles apr\u00e8s la <strong>FED<\/strong><\/em>\u00a0\u00bb, commentant que cette \u00ab <em>perspective semble inqui\u00e9ter certains op\u00e9rateurs d\u00e9cid\u00e9s \u00e0 prendre leurs b\u00e9n\u00e9fices\u00a0<\/em>\u00bb. Chez <strong>Valutrades<\/strong>, les analystes du groupe soulignent surtout que \u00ab\u00a0<em>l&rsquo;objectif des <strong>17.000 points<\/strong> sur le <strong>Dow Jones<\/strong> semble encore un peu trop optimiste et la correction que nous connaissons actuellement risque bien de se prolonger<\/em>\u00a0\u00bb.<\/span>    <span style=\"font-size: small;\"> La <strong>FED<\/strong> effectuera donc ses tout derniers <strong>15 milliards de dollars<\/strong> d\u2019achats d\u2019actifs, entre d\u00e9but septembre et mi-octobre. Par la suite, seuls les taux directeurs quasi nuls seront l\u00e0 pour t\u00e9moigner des parcelles restantes de m\u00e9fiance au sein de la <strong>FED<\/strong>, nourries essentiellement par \u00ab\u00a0<em>un secteur immobilier pr\u00e9sentant (encore) des signes de faiblesse\u00a0<\/em>\u00bb.<\/span><\/p>\n<!-- AddThis Advanced Settings generic via filter on the_content --><!-- AddThis Share Buttons generic via filter on the_content -->","protected":false},"excerpt":{"rendered":"<p>L\u2019annonce avait certainement pour objectif de rassurer les march\u00e9s sur la solidit\u00e9 de la reprise \u00e9conomique am\u00e9ricaine, une reprise qui se confirme effectivement de jour en jour, au fil de rapports \u00e9conomiques et statistiques chiffr\u00e9es renfor\u00e7ant [&hellip;]<\/p>\n","protected":false},"author":18,"featured_media":6581,"comment_status":"open","ping_status":"open","sticky":false,"template":"","format":"standard","meta":{"_mbp_gutenberg_autopost":false,"_pgmb_is_evergreen":false,"_pgmb_ap_template_id":0,"footnotes":""},"categories":[6],"tags":[1876,1774,144,1649],"ppma_author":[2565],"class_list":["post-15095","post","type-post","status-publish","format-standard","has-post-thumbnail","hentry","category-articles-de-presse","tag-achats-actifs","tag-dow-jones","tag-fed","tag-marches"],"yoast_head":"<!-- This site is optimized with the Yoast SEO plugin v26.9 - https:\/\/yoast.com\/product\/yoast-seo-wordpress\/ -->\n<title>Des march\u00e9s f\u00e9briles apr\u00e8s l\u2019annonce FED - Gold.fr<\/title>\n<meta name=\"robots\" content=\"index, follow, max-snippet:-1, max-image-preview:large, max-video-preview:-1\" \/>\n<link rel=\"canonical\" href=\"https:\/\/www.gold.fr\/news\/2014\/07\/10\/des-marches-febriles-apres-lannonce-fed\/\" \/>\n<meta property=\"og:locale\" content=\"fr_FR\" \/>\n<meta property=\"og:type\" content=\"article\" \/>\n<meta property=\"og:title\" content=\"Des march\u00e9s f\u00e9briles apr\u00e8s l\u2019annonce FED - Gold.fr\" \/>\n<meta property=\"og:description\" content=\"L\u2019annonce avait certainement pour objectif de rassurer les march\u00e9s sur la solidit\u00e9 de la reprise \u00e9conomique am\u00e9ricaine, une reprise qui se confirme effectivement de jour en jour, au fil de rapports \u00e9conomiques et statistiques chiffr\u00e9es renfor\u00e7ant [&hellip;]\" \/>\n<meta property=\"og:url\" content=\"https:\/\/www.gold.fr\/news\/2014\/07\/10\/des-marches-febriles-apres-lannonce-fed\/\" \/>\n<meta property=\"og:site_name\" content=\"Gold.fr\" \/>\n<meta property=\"article:publisher\" content=\"https:\/\/www.facebook.com\/Goldfr\/\" \/>\n<meta property=\"article:published_time\" content=\"2014-07-10T15:00:15+00:00\" \/>\n<meta property=\"article:modified_time\" content=\"2017-11-02T10:31:34+00:00\" \/>\n<meta property=\"og:image\" content=\"https:\/\/www.gold.fr\/news\/wp-content\/uploads\/2012\/03\/Lingots-dor.jpg\" \/>\n\t<meta property=\"og:image:width\" content=\"600\" \/>\n\t<meta property=\"og:image:height\" content=\"407\" \/>\n\t<meta property=\"og:image:type\" content=\"image\/jpeg\" \/>\n<meta name=\"author\" content=\"Comptoir National de l&#039;Or\" \/>\n<meta name=\"twitter:card\" content=\"summary_large_image\" \/>\n<meta name=\"twitter:label1\" content=\"\u00c9crit par\" \/>\n\t<meta name=\"twitter:data1\" content=\"Comptoir National de l&#039;Or\" \/>\n\t<meta name=\"twitter:label2\" content=\"Dur\u00e9e de lecture estim\u00e9e\" \/>\n\t<meta name=\"twitter:data2\" content=\"1 minute\" \/>\n<script type=\"application\/ld+json\" class=\"yoast-schema-graph\">{\"@context\":\"https:\/\/schema.org\",\"@graph\":[{\"@type\":\"Article\",\"@id\":\"https:\/\/www.gold.fr\/news\/2014\/07\/10\/des-marches-febriles-apres-lannonce-fed\/#article\",\"isPartOf\":{\"@id\":\"https:\/\/www.gold.fr\/news\/2014\/07\/10\/des-marches-febriles-apres-lannonce-fed\/\"},\"author\":{\"name\":\"Comptoir National de l'Or\",\"@id\":\"https:\/\/www.gold.fr\/news\/#\/schema\/person\/760ee7cec237915eebf2be78df0404c4\"},\"headline\":\"Des march\u00e9s f\u00e9briles apr\u00e8s l\u2019annonce FED\",\"datePublished\":\"2014-07-10T15:00:15+00:00\",\"dateModified\":\"2017-11-02T10:31:34+00:00\",\"mainEntityOfPage\":{\"@id\":\"https:\/\/www.gold.fr\/news\/2014\/07\/10\/des-marches-febriles-apres-lannonce-fed\/\"},\"wordCount\":296,\"commentCount\":0,\"image\":{\"@id\":\"https:\/\/www.gold.fr\/news\/2014\/07\/10\/des-marches-febriles-apres-lannonce-fed\/#primaryimage\"},\"thumbnailUrl\":\"https:\/\/www.gold.fr\/news\/wp-content\/uploads\/2012\/03\/Lingots-dor.jpg\",\"keywords\":[\"achats actifs\",\"Dow Jones\",\"fed\",\"march\u00e9s\"],\"articleSection\":[\"Articles de presse\"],\"inLanguage\":\"fr-FR\"},{\"@type\":\"WebPage\",\"@id\":\"https:\/\/www.gold.fr\/news\/2014\/07\/10\/des-marches-febriles-apres-lannonce-fed\/\",\"url\":\"https:\/\/www.gold.fr\/news\/2014\/07\/10\/des-marches-febriles-apres-lannonce-fed\/\",\"name\":\"Des march\u00e9s f\u00e9briles apr\u00e8s l\u2019annonce FED - Gold.fr\",\"isPartOf\":{\"@id\":\"https:\/\/www.gold.fr\/news\/#website\"},\"primaryImageOfPage\":{\"@id\":\"https:\/\/www.gold.fr\/news\/2014\/07\/10\/des-marches-febriles-apres-lannonce-fed\/#primaryimage\"},\"image\":{\"@id\":\"https:\/\/www.gold.fr\/news\/2014\/07\/10\/des-marches-febriles-apres-lannonce-fed\/#primaryimage\"},\"thumbnailUrl\":\"https:\/\/www.gold.fr\/news\/wp-content\/uploads\/2012\/03\/Lingots-dor.jpg\",\"datePublished\":\"2014-07-10T15:00:15+00:00\",\"dateModified\":\"2017-11-02T10:31:34+00:00\",\"author\":{\"@id\":\"https:\/\/www.gold.fr\/news\/#\/schema\/person\/760ee7cec237915eebf2be78df0404c4\"},\"breadcrumb\":{\"@id\":\"https:\/\/www.gold.fr\/news\/2014\/07\/10\/des-marches-febriles-apres-lannonce-fed\/#breadcrumb\"},\"inLanguage\":\"fr-FR\",\"potentialAction\":[{\"@type\":\"ReadAction\",\"target\":[\"https:\/\/www.gold.fr\/news\/2014\/07\/10\/des-marches-febriles-apres-lannonce-fed\/\"]}]},{\"@type\":\"ImageObject\",\"inLanguage\":\"fr-FR\",\"@id\":\"https:\/\/www.gold.fr\/news\/2014\/07\/10\/des-marches-febriles-apres-lannonce-fed\/#primaryimage\",\"url\":\"https:\/\/www.gold.fr\/news\/wp-content\/uploads\/2012\/03\/Lingots-dor.jpg\",\"contentUrl\":\"https:\/\/www.gold.fr\/news\/wp-content\/uploads\/2012\/03\/Lingots-dor.jpg\",\"width\":\"600\",\"height\":\"407\",\"caption\":\"L\u00e9ger recul de l'once d'or suite au rapport NFP\"},{\"@type\":\"BreadcrumbList\",\"@id\":\"https:\/\/www.gold.fr\/news\/2014\/07\/10\/des-marches-febriles-apres-lannonce-fed\/#breadcrumb\",\"itemListElement\":[{\"@type\":\"ListItem\",\"position\":1,\"name\":\"Accueil\",\"item\":\"https:\/\/www.gold.fr\/\"},{\"@type\":\"ListItem\",\"position\":2,\"name\":\"Actualit\u00e9s\",\"item\":\"https:\/\/www.gold.fr\/news\/\"},{\"@type\":\"ListItem\",\"position\":3,\"name\":\"Des march\u00e9s f\u00e9briles apr\u00e8s l\u2019annonce FED\"}]},{\"@type\":\"WebSite\",\"@id\":\"https:\/\/www.gold.fr\/news\/#website\",\"url\":\"https:\/\/www.gold.fr\/news\/\",\"name\":\"Gold.fr\",\"description\":\"Actualit\u00e9s de l&#039;Or et des m\u00e9taux pr\u00e9cieux\",\"potentialAction\":[{\"@type\":\"SearchAction\",\"target\":{\"@type\":\"EntryPoint\",\"urlTemplate\":\"https:\/\/www.gold.fr\/news\/?s={search_term_string}\"},\"query-input\":{\"@type\":\"PropertyValueSpecification\",\"valueRequired\":true,\"valueName\":\"search_term_string\"}}],\"inLanguage\":\"fr-FR\"},{\"@type\":\"Person\",\"@id\":\"https:\/\/www.gold.fr\/news\/#\/schema\/person\/760ee7cec237915eebf2be78df0404c4\",\"name\":\"Comptoir National de l'Or\",\"image\":{\"@type\":\"ImageObject\",\"inLanguage\":\"fr-FR\",\"@id\":\"https:\/\/www.gold.fr\/news\/#\/schema\/person\/image\/c36675942654553a86039d2dfa93c740\",\"url\":\"https:\/\/secure.gravatar.com\/avatar\/713f289e398d35ead876c4a4cc08607f0d6d266058cfc25683fffb6092d0e572?s=96&d=mm&r=g\",\"contentUrl\":\"https:\/\/secure.gravatar.com\/avatar\/713f289e398d35ead876c4a4cc08607f0d6d266058cfc25683fffb6092d0e572?s=96&d=mm&r=g\",\"caption\":\"Comptoir National de l'Or\"},\"description\":\"Notre r\u00e9daction est constitu\u00e9e de membres experts dans les m\u00e9tiers de l'\u00e9conomie et la gestion, des Responsables d'agence Comptoir National de l'Or, des analystes financiers qui publient r\u00e9guli\u00e8rement des \u00e9tudes sur les politiques des banques centrales, le cours de l'or, prix de l'or, cours de l'argent, prix de l'argent, cours du platine, cours du palladium,... la situation en zone euro et l'impact de la strat\u00e9gie mon\u00e9taire de la FED. Notre \u00e9quipe scrute \u00e9galement une information plus g\u00e9n\u00e9raliste \u00e0 la recherche d'actualit\u00e9 \\\"p\u00e9pite\\\" \u00e0 vous partager. Depuis 5 ans, nous avons publi\u00e9 un peu plus de 4000 articles qui s'adressent \u00e0 un public large et vari\u00e9 ayant pour objectif de satisfaire votre curiosit\u00e9 et de partager avec vous une certaine fascination pour le m\u00e9tal jaune, le rachat d'or, et pour ceux qui veulent investir dans l'or, vendre leur or tout simplement en savoir plus... Pour tous vos achat or et argent, n'h\u00e9sitez pas \u00e0 prendre rendez-vous dans l'un de nos nombreux comptoirs.\",\"sameAs\":[\"https:\/\/www.gold.fr\"]}]}<\/script>\n<!-- \/ Yoast SEO plugin. -->","yoast_head_json":{"title":"Des march\u00e9s f\u00e9briles apr\u00e8s l\u2019annonce FED - Gold.fr","robots":{"index":"index","follow":"follow","max-snippet":"max-snippet:-1","max-image-preview":"max-image-preview:large","max-video-preview":"max-video-preview:-1"},"canonical":"https:\/\/www.gold.fr\/news\/2014\/07\/10\/des-marches-febriles-apres-lannonce-fed\/","og_locale":"fr_FR","og_type":"article","og_title":"Des march\u00e9s f\u00e9briles apr\u00e8s l\u2019annonce FED - Gold.fr","og_description":"L\u2019annonce avait certainement pour objectif de rassurer les march\u00e9s sur la solidit\u00e9 de la reprise \u00e9conomique am\u00e9ricaine, une reprise qui se confirme effectivement de jour en jour, au fil de rapports \u00e9conomiques et statistiques chiffr\u00e9es renfor\u00e7ant [&hellip;]","og_url":"https:\/\/www.gold.fr\/news\/2014\/07\/10\/des-marches-febriles-apres-lannonce-fed\/","og_site_name":"Gold.fr","article_publisher":"https:\/\/www.facebook.com\/Goldfr\/","article_published_time":"2014-07-10T15:00:15+00:00","article_modified_time":"2017-11-02T10:31:34+00:00","og_image":[{"width":600,"height":407,"url":"https:\/\/www.gold.fr\/news\/wp-content\/uploads\/2012\/03\/Lingots-dor.jpg","type":"image\/jpeg"}],"author":"Comptoir National de l'Or","twitter_card":"summary_large_image","twitter_misc":{"\u00c9crit par":"Comptoir National de l'Or","Dur\u00e9e de lecture estim\u00e9e":"1 minute"},"schema":{"@context":"https:\/\/schema.org","@graph":[{"@type":"Article","@id":"https:\/\/www.gold.fr\/news\/2014\/07\/10\/des-marches-febriles-apres-lannonce-fed\/#article","isPartOf":{"@id":"https:\/\/www.gold.fr\/news\/2014\/07\/10\/des-marches-febriles-apres-lannonce-fed\/"},"author":{"name":"Comptoir National de l'Or","@id":"https:\/\/www.gold.fr\/news\/#\/schema\/person\/760ee7cec237915eebf2be78df0404c4"},"headline":"Des march\u00e9s f\u00e9briles apr\u00e8s l\u2019annonce FED","datePublished":"2014-07-10T15:00:15+00:00","dateModified":"2017-11-02T10:31:34+00:00","mainEntityOfPage":{"@id":"https:\/\/www.gold.fr\/news\/2014\/07\/10\/des-marches-febriles-apres-lannonce-fed\/"},"wordCount":296,"commentCount":0,"image":{"@id":"https:\/\/www.gold.fr\/news\/2014\/07\/10\/des-marches-febriles-apres-lannonce-fed\/#primaryimage"},"thumbnailUrl":"https:\/\/www.gold.fr\/news\/wp-content\/uploads\/2012\/03\/Lingots-dor.jpg","keywords":["achats actifs","Dow Jones","fed","march\u00e9s"],"articleSection":["Articles de presse"],"inLanguage":"fr-FR"},{"@type":"WebPage","@id":"https:\/\/www.gold.fr\/news\/2014\/07\/10\/des-marches-febriles-apres-lannonce-fed\/","url":"https:\/\/www.gold.fr\/news\/2014\/07\/10\/des-marches-febriles-apres-lannonce-fed\/","name":"Des march\u00e9s f\u00e9briles apr\u00e8s l\u2019annonce FED - Gold.fr","isPartOf":{"@id":"https:\/\/www.gold.fr\/news\/#website"},"primaryImageOfPage":{"@id":"https:\/\/www.gold.fr\/news\/2014\/07\/10\/des-marches-febriles-apres-lannonce-fed\/#primaryimage"},"image":{"@id":"https:\/\/www.gold.fr\/news\/2014\/07\/10\/des-marches-febriles-apres-lannonce-fed\/#primaryimage"},"thumbnailUrl":"https:\/\/www.gold.fr\/news\/wp-content\/uploads\/2012\/03\/Lingots-dor.jpg","datePublished":"2014-07-10T15:00:15+00:00","dateModified":"2017-11-02T10:31:34+00:00","author":{"@id":"https:\/\/www.gold.fr\/news\/#\/schema\/person\/760ee7cec237915eebf2be78df0404c4"},"breadcrumb":{"@id":"https:\/\/www.gold.fr\/news\/2014\/07\/10\/des-marches-febriles-apres-lannonce-fed\/#breadcrumb"},"inLanguage":"fr-FR","potentialAction":[{"@type":"ReadAction","target":["https:\/\/www.gold.fr\/news\/2014\/07\/10\/des-marches-febriles-apres-lannonce-fed\/"]}]},{"@type":"ImageObject","inLanguage":"fr-FR","@id":"https:\/\/www.gold.fr\/news\/2014\/07\/10\/des-marches-febriles-apres-lannonce-fed\/#primaryimage","url":"https:\/\/www.gold.fr\/news\/wp-content\/uploads\/2012\/03\/Lingots-dor.jpg","contentUrl":"https:\/\/www.gold.fr\/news\/wp-content\/uploads\/2012\/03\/Lingots-dor.jpg","width":"600","height":"407","caption":"L\u00e9ger recul de l'once d'or suite au rapport NFP"},{"@type":"BreadcrumbList","@id":"https:\/\/www.gold.fr\/news\/2014\/07\/10\/des-marches-febriles-apres-lannonce-fed\/#breadcrumb","itemListElement":[{"@type":"ListItem","position":1,"name":"Accueil","item":"https:\/\/www.gold.fr\/"},{"@type":"ListItem","position":2,"name":"Actualit\u00e9s","item":"https:\/\/www.gold.fr\/news\/"},{"@type":"ListItem","position":3,"name":"Des march\u00e9s f\u00e9briles apr\u00e8s l\u2019annonce FED"}]},{"@type":"WebSite","@id":"https:\/\/www.gold.fr\/news\/#website","url":"https:\/\/www.gold.fr\/news\/","name":"Gold.fr","description":"Actualit\u00e9s de l&#039;Or et des m\u00e9taux pr\u00e9cieux","potentialAction":[{"@type":"SearchAction","target":{"@type":"EntryPoint","urlTemplate":"https:\/\/www.gold.fr\/news\/?s={search_term_string}"},"query-input":{"@type":"PropertyValueSpecification","valueRequired":true,"valueName":"search_term_string"}}],"inLanguage":"fr-FR"},{"@type":"Person","@id":"https:\/\/www.gold.fr\/news\/#\/schema\/person\/760ee7cec237915eebf2be78df0404c4","name":"Comptoir National de l'Or","image":{"@type":"ImageObject","inLanguage":"fr-FR","@id":"https:\/\/www.gold.fr\/news\/#\/schema\/person\/image\/c36675942654553a86039d2dfa93c740","url":"https:\/\/secure.gravatar.com\/avatar\/713f289e398d35ead876c4a4cc08607f0d6d266058cfc25683fffb6092d0e572?s=96&d=mm&r=g","contentUrl":"https:\/\/secure.gravatar.com\/avatar\/713f289e398d35ead876c4a4cc08607f0d6d266058cfc25683fffb6092d0e572?s=96&d=mm&r=g","caption":"Comptoir National de l'Or"},"description":"Notre r\u00e9daction est constitu\u00e9e de membres experts dans les m\u00e9tiers de l'\u00e9conomie et la gestion, des Responsables d'agence Comptoir National de l'Or, des analystes financiers qui publient r\u00e9guli\u00e8rement des \u00e9tudes sur les politiques des banques centrales, le cours de l'or, prix de l'or, cours de l'argent, prix de l'argent, cours du platine, cours du palladium,... la situation en zone euro et l'impact de la strat\u00e9gie mon\u00e9taire de la FED. Notre \u00e9quipe scrute \u00e9galement une information plus g\u00e9n\u00e9raliste \u00e0 la recherche d'actualit\u00e9 \"p\u00e9pite\" \u00e0 vous partager. Depuis 5 ans, nous avons publi\u00e9 un peu plus de 4000 articles qui s'adressent \u00e0 un public large et vari\u00e9 ayant pour objectif de satisfaire votre curiosit\u00e9 et de partager avec vous une certaine fascination pour le m\u00e9tal jaune, le rachat d'or, et pour ceux qui veulent investir dans l'or, vendre leur or tout simplement en savoir plus... Pour tous vos achat or et argent, n'h\u00e9sitez pas \u00e0 prendre rendez-vous dans l'un de nos nombreux comptoirs.","sameAs":["https:\/\/www.gold.fr"]}]}},"authors":[{"term_id":2565,"user_id":18,"is_guest":0,"slug":"julie","display_name":"Comptoir National de l'Or","avatar_url":"https:\/\/secure.gravatar.com\/avatar\/713f289e398d35ead876c4a4cc08607f0d6d266058cfc25683fffb6092d0e572?s=96&d=mm&r=g","0":null,"1":"","2":"","3":"","4":"","5":"","6":"","7":"","8":""}],"_links":{"self":[{"href":"https:\/\/www.gold.fr\/news\/wp-json\/wp\/v2\/posts\/15095","targetHints":{"allow":["GET"]}}],"collection":[{"href":"https:\/\/www.gold.fr\/news\/wp-json\/wp\/v2\/posts"}],"about":[{"href":"https:\/\/www.gold.fr\/news\/wp-json\/wp\/v2\/types\/post"}],"author":[{"embeddable":true,"href":"https:\/\/www.gold.fr\/news\/wp-json\/wp\/v2\/users\/18"}],"replies":[{"embeddable":true,"href":"https:\/\/www.gold.fr\/news\/wp-json\/wp\/v2\/comments?post=15095"}],"version-history":[{"count":0,"href":"https:\/\/www.gold.fr\/news\/wp-json\/wp\/v2\/posts\/15095\/revisions"}],"wp:featuredmedia":[{"embeddable":true,"href":"https:\/\/www.gold.fr\/news\/wp-json\/wp\/v2\/media\/6581"}],"wp:attachment":[{"href":"https:\/\/www.gold.fr\/news\/wp-json\/wp\/v2\/media?parent=15095"}],"wp:term":[{"taxonomy":"category","embeddable":true,"href":"https:\/\/www.gold.fr\/news\/wp-json\/wp\/v2\/categories?post=15095"},{"taxonomy":"post_tag","embeddable":true,"href":"https:\/\/www.gold.fr\/news\/wp-json\/wp\/v2\/tags?post=15095"},{"taxonomy":"author","embeddable":true,"href":"https:\/\/www.gold.fr\/news\/wp-json\/wp\/v2\/ppma_author?post=15095"}],"curies":[{"name":"wp","href":"https:\/\/api.w.org\/{rel}","templated":true}]}}