{"id":15076,"date":"2014-07-10T10:59:20","date_gmt":"2014-07-10T08:59:20","guid":{"rendered":"https:\/\/www.gold.fr\/news\/?p=15076"},"modified":"2021-01-13T16:17:49","modified_gmt":"2021-01-13T15:17:49","slug":"le-bresil-brille-grace-alor","status":"publish","type":"post","link":"https:\/\/www.gold.fr\/news\/2014\/07\/10\/le-bresil-brille-grace-alor\/","title":{"rendered":"Le Br\u00e9sil brille gr\u00e2ce \u00e0\u2026l\u2019OR !"},"content":{"rendered":"<p><a href=\"https:\/\/www.gold.fr\/news\/wp-content\/uploads\/2014\/07\/Photo-petite.gif\"><img loading=\"lazy\" decoding=\"async\" class=\"alignleft size-thumbnail wp-image-15080\" src=\"https:\/\/www.gold.fr\/news\/wp-content\/uploads\/2014\/07\/Photo-petite-150x150.gif\" alt=\"\" width=\"150\" height=\"150\" srcset=\"https:\/\/www.gold.fr\/news\/wp-content\/uploads\/2014\/07\/Photo-petite-150x150.gif 150w, https:\/\/www.gold.fr\/news\/wp-content\/uploads\/2014\/07\/Photo-petite-80x80.gif 80w, https:\/\/www.gold.fr\/news\/wp-content\/uploads\/2014\/07\/Photo-petite-1x1.gif 1w\" sizes=\"auto, (max-width: 150px) 100vw, 150px\" \/><\/a>L&rsquo;<a class=\"esk-seo-plu-link\" href=\"https:\/\/www.gold.fr\/news\/tags\/or\">Or<\/a> a \u00e9t\u00e9 d\u00e9couvert au Br\u00e9sil, dans les gisements de l&rsquo;Etat du Minas Gerais en 1697, avec l&rsquo;arriv\u00e9e des portugais, c&rsquo;est alors qu&rsquo;a d\u00e9but\u00e9 le \u00ab\u00a0si\u00e8cle de l&rsquo;<a class=\"esk-seo-plu-link\" href=\"https:\/\/www.gold.fr\/news\/tags\/or\">or<\/a>\u00a0\u00bb. L&rsquo;exploitation de l&rsquo;<a class=\"esk-seo-plu-link\" href=\"https:\/\/www.gold.fr\/news\/tags\/or\">or<\/a> se fera particuli\u00e8rement au 18\u00e8me si\u00e8cle gr\u00e2ce aux esclaves venus d&rsquo;Afrique, ces derniers comptaient environ trois millions. A cette \u00e9poque il y a avait un si grand nombre de chercheurs d&rsquo;<a class=\"esk-seo-plu-link\" href=\"https:\/\/www.gold.fr\/news\/tags\/or\">or<\/a> que le roi du Portugal, Jean V avait pris la d\u00e9cision d&rsquo;imposer une autorisation et un passeport particulier pour les \u00e9trangers qui voulaient faire fortune au Br\u00e9sil\u2026 <a href=\"https:\/\/www.gold.fr\/cours-or-prix-de-l-or\/\">Les pi\u00e8ces en or<\/a> \u00e0 l&rsquo;effigie de Jean V, telle que le reis ou encore l&rsquo;escudos, ont connu une notori\u00e9t\u00e9 mondiale gr\u00e2ce notamment aux portugais consid\u00e9r\u00e9s comme \u00e9tant un \u00ab\u00a0peuple de navigateurs\u00a0\u00bb. La production d&rsquo;<a class=\"esk-seo-plu-link\" href=\"https:\/\/www.gold.fr\/news\/tags\/or\">or<\/a> au Br\u00e9sil, au 18<sup>\u00e8me<\/sup> si\u00e8cle valait toute la production des colonies espagnoles d&rsquo;Am\u00e9rique du Sud. Mais tr\u00e8s peu d&rsquo;<a class=\"esk-seo-plu-link\" href=\"https:\/\/www.gold.fr\/news\/tags\/or\">or<\/a> y est rest\u00e9, exp\u00e9di\u00e9 au Portugal puis en Angleterre pour l&rsquo;achat de produits manufactur\u00e9s et la construction de luxueux monuments. Actuellement, le pays producteur de p\u00e9trole et de gaz naturel, sixi\u00e8me puissance \u00e9conomique mondiale, traverse une p\u00e9riode extr\u00eamement d\u00e9licate depuis 3 ans environ. Son taux de croissance est pass\u00e9 de 2,7% en 2011 \u00e0 0,9% en 2012. Et malgr\u00e9 le plan de l&rsquo;ancien pr\u00e9sident Cardoso qui a r\u00e9ussi \u00e0 stopper l&rsquo;\u00e9volution exponentielle de l&rsquo;inflation, renfor\u00e7ant ainsi la cr\u00e9dibilit\u00e9 de la monnaie nationale, le real, pendant plus d&rsquo;une vingtaine d&rsquo;ann\u00e9es, celle-ci se trouve aujourd&rsquo;hui en grande difficult\u00e9. C&rsquo;est d&rsquo;ailleurs le cas pour les autres monnaies du reste du groupe des pays \u00e9mergents tel que l&rsquo;Afrique du Sud ou l&rsquo;Inde depuis 2013\u00a0! Cela handicape bien \u00e9videmment les investissements \u00e9trangers, l&rsquo;entr\u00e9e de capitaux et cela p\u00e8se sur la balance commerciale. Voici donc ce qu&rsquo;il en est sur le plan \u00e9conomique\u00a0! S&rsquo;agissant du niveau social, les in\u00e9galit\u00e9s auxquelles nous assistons, n&rsquo;ont jamais \u00e9t\u00e9 aussi lourdes de cons\u00e9quences avec la mont\u00e9e en puissance de la violence et de la criminalit\u00e9. C&rsquo;est dans cette pesante atmosph\u00e8re de grande incertitude que les br\u00e9siliens se tournent de plus en plus vers l&rsquo;<a class=\"esk-seo-plu-link\" href=\"https:\/\/www.gold.fr\/news\/tags\/or\">or<\/a> en lui octroyant une place majeure\u00a0! Le fait est que depuis 2012, le pays cherche \u00e0 diversifier ses r\u00e9serves et a quasiment doubl\u00e9 ses r\u00e9serves d&rsquo;<a href=\"https:\/\/www.gold.fr\/\">or<\/a>, passant de la 51<sup>\u00e8me<\/sup> place en ao\u00fbt 2012 avec 33,6 tonnes d&rsquo;<a class=\"esk-seo-plu-link\" href=\"https:\/\/www.gold.fr\/news\/tags\/or\">or<\/a>, \u00e0 la 42\u00e8me place avec 67,2 tonnes en juin dernier. \u00a0Le graphique ci-dessous est tr\u00e8s int\u00e9ressant dans le sens o\u00f9 nous voyons bien que la monnaie br\u00e9silienne est celle pour laquelle il existe le plus de contrepartie en <a href=\"https:\/\/www.gold.fr\/cours-or-prix-de-l-or\/lingot-1-kg\/\">or physique<\/a>. <a href=\"https:\/\/www.gold.fr\/news\/wp-content\/uploads\/2014\/07\/Br\u00e9sil_or_monnaie.jpg\"><img loading=\"lazy\" decoding=\"async\" class=\"alignnone size-full wp-image-15077\" src=\"https:\/\/www.gold.fr\/news\/wp-content\/uploads\/2014\/07\/Br\u00e9sil_or_monnaie.jpg\" alt=\"\" width=\"536\" height=\"240\" srcset=\"https:\/\/www.gold.fr\/news\/wp-content\/uploads\/2014\/07\/Br\u00e9sil_or_monnaie.jpg 536w, https:\/\/www.gold.fr\/news\/wp-content\/uploads\/2014\/07\/Br\u00e9sil_or_monnaie-300x134.jpg 300w, https:\/\/www.gold.fr\/news\/wp-content\/uploads\/2014\/07\/Br\u00e9sil_or_monnaie-2x1.jpg 2w\" sizes=\"auto, (max-width: 536px) 100vw, 536px\" \/><\/a> En acqu\u00e9rant de l&rsquo;<a class=\"esk-seo-plu-link\" href=\"https:\/\/www.gold.fr\/news\/tags\/or\">or<\/a>, les br\u00e9siliens cherchent en r\u00e9alit\u00e9 \u00e0 relever un d\u00e9fi socio-\u00e9conomique car le v\u00e9ritable enjeu dor\u00e9navant, n&rsquo;est h\u00e9las plus footballistique, du moins pour quelque temps&#8230; !<\/p>\n<p style=\"text-align: right;\">Feriel Belhassen<\/p>\n<p style=\"text-align: right;\">R\u00e9dactrice gold.fr<\/p>\n<p style=\"text-align: right;\">(Sources : World Gold Council\/ lecontrarien.com\/ tourisme-bresil.com)<\/p>\n<p style=\"text-align: right;\">\n<!-- AddThis Advanced Settings generic via filter on the_content --><!-- AddThis Share Buttons generic via filter on the_content -->","protected":false},"excerpt":{"rendered":"<p>L&rsquo;Or a \u00e9t\u00e9 d\u00e9couvert au Br\u00e9sil, dans les gisements de l&rsquo;Etat du Minas Gerais en 1697, avec l&rsquo;arriv\u00e9e des portugais, c&rsquo;est alors qu&rsquo;a d\u00e9but\u00e9 le \u00ab\u00a0si\u00e8cle de l&rsquo;or\u00a0\u00bb. L&rsquo;exploitation de l&rsquo;or se fera particuli\u00e8rement au 18\u00e8me [&hellip;]<\/p>\n","protected":false},"author":18,"featured_media":15081,"comment_status":"closed","ping_status":"closed","sticky":false,"template":"","format":"standard","meta":{"_mbp_gutenberg_autopost":false,"_pgmb_is_evergreen":false,"_pgmb_ap_template_id":0,"footnotes":""},"categories":[4],"tags":[643,76],"ppma_author":[2565],"class_list":["post-15076","post","type-post","status-publish","format-standard","has-post-thumbnail","hentry","category-analyses-economiques","tag-amerique-latine","tag-or"],"yoast_head":"<!-- This site is optimized with the Yoast SEO plugin v26.9 - https:\/\/yoast.com\/product\/yoast-seo-wordpress\/ -->\n<title>Le Br\u00e9sil brille gr\u00e2ce \u00e0\u2026l\u2019OR ! - Gold.fr<\/title>\n<meta name=\"description\" content=\"Le Br\u00e9sil brille gr\u00e2ce \u00e0 ... l&#039;OR ! Plus d&#039;informations sur l&#039;or et le cours de l&#039;or sur Gold.fr, le site d&#039;experts du Comptoir National de l&#039;Or.\" \/>\n<meta name=\"robots\" content=\"index, follow, max-snippet:-1, max-image-preview:large, max-video-preview:-1\" \/>\n<link rel=\"canonical\" href=\"https:\/\/www.gold.fr\/news\/2014\/07\/10\/le-bresil-brille-grace-alor\/\" \/>\n<meta property=\"og:locale\" content=\"fr_FR\" \/>\n<meta property=\"og:type\" content=\"article\" \/>\n<meta property=\"og:title\" content=\"Le Br\u00e9sil brille gr\u00e2ce \u00e0\u2026l\u2019OR ! - Gold.fr\" \/>\n<meta property=\"og:description\" content=\"Le Br\u00e9sil brille gr\u00e2ce \u00e0 ... l&#039;OR ! Plus d&#039;informations sur l&#039;or et le cours de l&#039;or sur Gold.fr, le site d&#039;experts du Comptoir National de l&#039;Or.\" \/>\n<meta property=\"og:url\" content=\"https:\/\/www.gold.fr\/news\/2014\/07\/10\/le-bresil-brille-grace-alor\/\" \/>\n<meta property=\"og:site_name\" content=\"Gold.fr\" \/>\n<meta property=\"article:publisher\" content=\"https:\/\/www.facebook.com\/Goldfr\/\" \/>\n<meta property=\"article:published_time\" content=\"2014-07-10T08:59:20+00:00\" \/>\n<meta property=\"article:modified_time\" content=\"2021-01-13T15:17:49+00:00\" \/>\n<meta property=\"og:image\" content=\"https:\/\/www.gold.fr\/news\/wp-content\/uploads\/2014\/07\/Image-grande.jpeg\" \/>\n\t<meta property=\"og:image:width\" content=\"615\" \/>\n\t<meta property=\"og:image:height\" content=\"384\" \/>\n\t<meta property=\"og:image:type\" content=\"image\/jpeg\" \/>\n<meta name=\"author\" content=\"Comptoir National de l&#039;Or\" \/>\n<meta name=\"twitter:card\" content=\"summary_large_image\" \/>\n<meta name=\"twitter:label1\" content=\"\u00c9crit par\" \/>\n\t<meta name=\"twitter:data1\" content=\"Comptoir National de l&#039;Or\" \/>\n\t<meta name=\"twitter:label2\" content=\"Dur\u00e9e de lecture estim\u00e9e\" \/>\n\t<meta name=\"twitter:data2\" content=\"2 minutes\" \/>\n<script type=\"application\/ld+json\" class=\"yoast-schema-graph\">{\"@context\":\"https:\/\/schema.org\",\"@graph\":[{\"@type\":\"Article\",\"@id\":\"https:\/\/www.gold.fr\/news\/2014\/07\/10\/le-bresil-brille-grace-alor\/#article\",\"isPartOf\":{\"@id\":\"https:\/\/www.gold.fr\/news\/2014\/07\/10\/le-bresil-brille-grace-alor\/\"},\"author\":{\"name\":\"Comptoir National de l'Or\",\"@id\":\"https:\/\/www.gold.fr\/news\/#\/schema\/person\/760ee7cec237915eebf2be78df0404c4\"},\"headline\":\"Le Br\u00e9sil brille gr\u00e2ce \u00e0\u2026l\u2019OR !\",\"datePublished\":\"2014-07-10T08:59:20+00:00\",\"dateModified\":\"2021-01-13T15:17:49+00:00\",\"mainEntityOfPage\":{\"@id\":\"https:\/\/www.gold.fr\/news\/2014\/07\/10\/le-bresil-brille-grace-alor\/\"},\"wordCount\":538,\"image\":{\"@id\":\"https:\/\/www.gold.fr\/news\/2014\/07\/10\/le-bresil-brille-grace-alor\/#primaryimage\"},\"thumbnailUrl\":\"https:\/\/www.gold.fr\/news\/wp-content\/uploads\/2014\/07\/Image-grande.jpeg\",\"keywords\":[\"am\u00e9rique latine\",\"Or\"],\"articleSection\":[\"Analyses Economiques\"],\"inLanguage\":\"fr-FR\"},{\"@type\":\"WebPage\",\"@id\":\"https:\/\/www.gold.fr\/news\/2014\/07\/10\/le-bresil-brille-grace-alor\/\",\"url\":\"https:\/\/www.gold.fr\/news\/2014\/07\/10\/le-bresil-brille-grace-alor\/\",\"name\":\"Le Br\u00e9sil brille gr\u00e2ce \u00e0\u2026l\u2019OR ! - Gold.fr\",\"isPartOf\":{\"@id\":\"https:\/\/www.gold.fr\/news\/#website\"},\"primaryImageOfPage\":{\"@id\":\"https:\/\/www.gold.fr\/news\/2014\/07\/10\/le-bresil-brille-grace-alor\/#primaryimage\"},\"image\":{\"@id\":\"https:\/\/www.gold.fr\/news\/2014\/07\/10\/le-bresil-brille-grace-alor\/#primaryimage\"},\"thumbnailUrl\":\"https:\/\/www.gold.fr\/news\/wp-content\/uploads\/2014\/07\/Image-grande.jpeg\",\"datePublished\":\"2014-07-10T08:59:20+00:00\",\"dateModified\":\"2021-01-13T15:17:49+00:00\",\"author\":{\"@id\":\"https:\/\/www.gold.fr\/news\/#\/schema\/person\/760ee7cec237915eebf2be78df0404c4\"},\"description\":\"Le Br\u00e9sil brille gr\u00e2ce \u00e0 ... l'OR ! Plus d'informations sur l'or et le cours de l'or sur Gold.fr, le site d'experts du Comptoir National de l'Or.\",\"breadcrumb\":{\"@id\":\"https:\/\/www.gold.fr\/news\/2014\/07\/10\/le-bresil-brille-grace-alor\/#breadcrumb\"},\"inLanguage\":\"fr-FR\",\"potentialAction\":[{\"@type\":\"ReadAction\",\"target\":[\"https:\/\/www.gold.fr\/news\/2014\/07\/10\/le-bresil-brille-grace-alor\/\"]}]},{\"@type\":\"ImageObject\",\"inLanguage\":\"fr-FR\",\"@id\":\"https:\/\/www.gold.fr\/news\/2014\/07\/10\/le-bresil-brille-grace-alor\/#primaryimage\",\"url\":\"https:\/\/www.gold.fr\/news\/wp-content\/uploads\/2014\/07\/Image-grande.jpeg\",\"contentUrl\":\"https:\/\/www.gold.fr\/news\/wp-content\/uploads\/2014\/07\/Image-grande.jpeg\",\"width\":\"615\",\"height\":\"384\",\"caption\":\"Br\u00e9sil drapeau\"},{\"@type\":\"BreadcrumbList\",\"@id\":\"https:\/\/www.gold.fr\/news\/2014\/07\/10\/le-bresil-brille-grace-alor\/#breadcrumb\",\"itemListElement\":[{\"@type\":\"ListItem\",\"position\":1,\"name\":\"Accueil\",\"item\":\"https:\/\/www.gold.fr\/\"},{\"@type\":\"ListItem\",\"position\":2,\"name\":\"Actualit\u00e9s\",\"item\":\"https:\/\/www.gold.fr\/news\/\"},{\"@type\":\"ListItem\",\"position\":3,\"name\":\"Le Br\u00e9sil brille gr\u00e2ce \u00e0\u2026l\u2019OR !\"}]},{\"@type\":\"WebSite\",\"@id\":\"https:\/\/www.gold.fr\/news\/#website\",\"url\":\"https:\/\/www.gold.fr\/news\/\",\"name\":\"Gold.fr\",\"description\":\"Actualit\u00e9s de l&#039;Or et des m\u00e9taux pr\u00e9cieux\",\"potentialAction\":[{\"@type\":\"SearchAction\",\"target\":{\"@type\":\"EntryPoint\",\"urlTemplate\":\"https:\/\/www.gold.fr\/news\/?s={search_term_string}\"},\"query-input\":{\"@type\":\"PropertyValueSpecification\",\"valueRequired\":true,\"valueName\":\"search_term_string\"}}],\"inLanguage\":\"fr-FR\"},{\"@type\":\"Person\",\"@id\":\"https:\/\/www.gold.fr\/news\/#\/schema\/person\/760ee7cec237915eebf2be78df0404c4\",\"name\":\"Comptoir National de l'Or\",\"image\":{\"@type\":\"ImageObject\",\"inLanguage\":\"fr-FR\",\"@id\":\"https:\/\/www.gold.fr\/news\/#\/schema\/person\/image\/c36675942654553a86039d2dfa93c740\",\"url\":\"https:\/\/secure.gravatar.com\/avatar\/713f289e398d35ead876c4a4cc08607f0d6d266058cfc25683fffb6092d0e572?s=96&d=mm&r=g\",\"contentUrl\":\"https:\/\/secure.gravatar.com\/avatar\/713f289e398d35ead876c4a4cc08607f0d6d266058cfc25683fffb6092d0e572?s=96&d=mm&r=g\",\"caption\":\"Comptoir National de l'Or\"},\"description\":\"Notre r\u00e9daction est constitu\u00e9e de membres experts dans les m\u00e9tiers de l'\u00e9conomie et la gestion, des Responsables d'agence Comptoir National de l'Or, des analystes financiers qui publient r\u00e9guli\u00e8rement des \u00e9tudes sur les politiques des banques centrales, le cours de l'or, prix de l'or, cours de l'argent, prix de l'argent, cours du platine, cours du palladium,... la situation en zone euro et l'impact de la strat\u00e9gie mon\u00e9taire de la FED. Notre \u00e9quipe scrute \u00e9galement une information plus g\u00e9n\u00e9raliste \u00e0 la recherche d'actualit\u00e9 \\\"p\u00e9pite\\\" \u00e0 vous partager. Depuis 5 ans, nous avons publi\u00e9 un peu plus de 4000 articles qui s'adressent \u00e0 un public large et vari\u00e9 ayant pour objectif de satisfaire votre curiosit\u00e9 et de partager avec vous une certaine fascination pour le m\u00e9tal jaune, le rachat d'or, et pour ceux qui veulent investir dans l'or, vendre leur or tout simplement en savoir plus... Pour tous vos achat or et argent, n'h\u00e9sitez pas \u00e0 prendre rendez-vous dans l'un de nos nombreux comptoirs.\",\"sameAs\":[\"https:\/\/www.gold.fr\"]}]}<\/script>\n<!-- \/ Yoast SEO plugin. -->","yoast_head_json":{"title":"Le Br\u00e9sil brille gr\u00e2ce \u00e0\u2026l\u2019OR ! - Gold.fr","description":"Le Br\u00e9sil brille gr\u00e2ce \u00e0 ... l'OR ! Plus d'informations sur l'or et le cours de l'or sur Gold.fr, le site d'experts du Comptoir National de l'Or.","robots":{"index":"index","follow":"follow","max-snippet":"max-snippet:-1","max-image-preview":"max-image-preview:large","max-video-preview":"max-video-preview:-1"},"canonical":"https:\/\/www.gold.fr\/news\/2014\/07\/10\/le-bresil-brille-grace-alor\/","og_locale":"fr_FR","og_type":"article","og_title":"Le Br\u00e9sil brille gr\u00e2ce \u00e0\u2026l\u2019OR ! - Gold.fr","og_description":"Le Br\u00e9sil brille gr\u00e2ce \u00e0 ... l'OR ! Plus d'informations sur l'or et le cours de l'or sur Gold.fr, le site d'experts du Comptoir National de l'Or.","og_url":"https:\/\/www.gold.fr\/news\/2014\/07\/10\/le-bresil-brille-grace-alor\/","og_site_name":"Gold.fr","article_publisher":"https:\/\/www.facebook.com\/Goldfr\/","article_published_time":"2014-07-10T08:59:20+00:00","article_modified_time":"2021-01-13T15:17:49+00:00","og_image":[{"width":615,"height":384,"url":"https:\/\/www.gold.fr\/news\/wp-content\/uploads\/2014\/07\/Image-grande.jpeg","type":"image\/jpeg"}],"author":"Comptoir National de l'Or","twitter_card":"summary_large_image","twitter_misc":{"\u00c9crit par":"Comptoir National de l'Or","Dur\u00e9e de lecture estim\u00e9e":"2 minutes"},"schema":{"@context":"https:\/\/schema.org","@graph":[{"@type":"Article","@id":"https:\/\/www.gold.fr\/news\/2014\/07\/10\/le-bresil-brille-grace-alor\/#article","isPartOf":{"@id":"https:\/\/www.gold.fr\/news\/2014\/07\/10\/le-bresil-brille-grace-alor\/"},"author":{"name":"Comptoir National de l'Or","@id":"https:\/\/www.gold.fr\/news\/#\/schema\/person\/760ee7cec237915eebf2be78df0404c4"},"headline":"Le Br\u00e9sil brille gr\u00e2ce \u00e0\u2026l\u2019OR !","datePublished":"2014-07-10T08:59:20+00:00","dateModified":"2021-01-13T15:17:49+00:00","mainEntityOfPage":{"@id":"https:\/\/www.gold.fr\/news\/2014\/07\/10\/le-bresil-brille-grace-alor\/"},"wordCount":538,"image":{"@id":"https:\/\/www.gold.fr\/news\/2014\/07\/10\/le-bresil-brille-grace-alor\/#primaryimage"},"thumbnailUrl":"https:\/\/www.gold.fr\/news\/wp-content\/uploads\/2014\/07\/Image-grande.jpeg","keywords":["am\u00e9rique latine","Or"],"articleSection":["Analyses Economiques"],"inLanguage":"fr-FR"},{"@type":"WebPage","@id":"https:\/\/www.gold.fr\/news\/2014\/07\/10\/le-bresil-brille-grace-alor\/","url":"https:\/\/www.gold.fr\/news\/2014\/07\/10\/le-bresil-brille-grace-alor\/","name":"Le Br\u00e9sil brille gr\u00e2ce \u00e0\u2026l\u2019OR ! - Gold.fr","isPartOf":{"@id":"https:\/\/www.gold.fr\/news\/#website"},"primaryImageOfPage":{"@id":"https:\/\/www.gold.fr\/news\/2014\/07\/10\/le-bresil-brille-grace-alor\/#primaryimage"},"image":{"@id":"https:\/\/www.gold.fr\/news\/2014\/07\/10\/le-bresil-brille-grace-alor\/#primaryimage"},"thumbnailUrl":"https:\/\/www.gold.fr\/news\/wp-content\/uploads\/2014\/07\/Image-grande.jpeg","datePublished":"2014-07-10T08:59:20+00:00","dateModified":"2021-01-13T15:17:49+00:00","author":{"@id":"https:\/\/www.gold.fr\/news\/#\/schema\/person\/760ee7cec237915eebf2be78df0404c4"},"description":"Le Br\u00e9sil brille gr\u00e2ce \u00e0 ... l'OR ! Plus d'informations sur l'or et le cours de l'or sur Gold.fr, le site d'experts du Comptoir National de l'Or.","breadcrumb":{"@id":"https:\/\/www.gold.fr\/news\/2014\/07\/10\/le-bresil-brille-grace-alor\/#breadcrumb"},"inLanguage":"fr-FR","potentialAction":[{"@type":"ReadAction","target":["https:\/\/www.gold.fr\/news\/2014\/07\/10\/le-bresil-brille-grace-alor\/"]}]},{"@type":"ImageObject","inLanguage":"fr-FR","@id":"https:\/\/www.gold.fr\/news\/2014\/07\/10\/le-bresil-brille-grace-alor\/#primaryimage","url":"https:\/\/www.gold.fr\/news\/wp-content\/uploads\/2014\/07\/Image-grande.jpeg","contentUrl":"https:\/\/www.gold.fr\/news\/wp-content\/uploads\/2014\/07\/Image-grande.jpeg","width":"615","height":"384","caption":"Br\u00e9sil drapeau"},{"@type":"BreadcrumbList","@id":"https:\/\/www.gold.fr\/news\/2014\/07\/10\/le-bresil-brille-grace-alor\/#breadcrumb","itemListElement":[{"@type":"ListItem","position":1,"name":"Accueil","item":"https:\/\/www.gold.fr\/"},{"@type":"ListItem","position":2,"name":"Actualit\u00e9s","item":"https:\/\/www.gold.fr\/news\/"},{"@type":"ListItem","position":3,"name":"Le Br\u00e9sil brille gr\u00e2ce \u00e0\u2026l\u2019OR !"}]},{"@type":"WebSite","@id":"https:\/\/www.gold.fr\/news\/#website","url":"https:\/\/www.gold.fr\/news\/","name":"Gold.fr","description":"Actualit\u00e9s de l&#039;Or et des m\u00e9taux pr\u00e9cieux","potentialAction":[{"@type":"SearchAction","target":{"@type":"EntryPoint","urlTemplate":"https:\/\/www.gold.fr\/news\/?s={search_term_string}"},"query-input":{"@type":"PropertyValueSpecification","valueRequired":true,"valueName":"search_term_string"}}],"inLanguage":"fr-FR"},{"@type":"Person","@id":"https:\/\/www.gold.fr\/news\/#\/schema\/person\/760ee7cec237915eebf2be78df0404c4","name":"Comptoir National de l'Or","image":{"@type":"ImageObject","inLanguage":"fr-FR","@id":"https:\/\/www.gold.fr\/news\/#\/schema\/person\/image\/c36675942654553a86039d2dfa93c740","url":"https:\/\/secure.gravatar.com\/avatar\/713f289e398d35ead876c4a4cc08607f0d6d266058cfc25683fffb6092d0e572?s=96&d=mm&r=g","contentUrl":"https:\/\/secure.gravatar.com\/avatar\/713f289e398d35ead876c4a4cc08607f0d6d266058cfc25683fffb6092d0e572?s=96&d=mm&r=g","caption":"Comptoir National de l'Or"},"description":"Notre r\u00e9daction est constitu\u00e9e de membres experts dans les m\u00e9tiers de l'\u00e9conomie et la gestion, des Responsables d'agence Comptoir National de l'Or, des analystes financiers qui publient r\u00e9guli\u00e8rement des \u00e9tudes sur les politiques des banques centrales, le cours de l'or, prix de l'or, cours de l'argent, prix de l'argent, cours du platine, cours du palladium,... la situation en zone euro et l'impact de la strat\u00e9gie mon\u00e9taire de la FED. Notre \u00e9quipe scrute \u00e9galement une information plus g\u00e9n\u00e9raliste \u00e0 la recherche d'actualit\u00e9 \"p\u00e9pite\" \u00e0 vous partager. Depuis 5 ans, nous avons publi\u00e9 un peu plus de 4000 articles qui s'adressent \u00e0 un public large et vari\u00e9 ayant pour objectif de satisfaire votre curiosit\u00e9 et de partager avec vous une certaine fascination pour le m\u00e9tal jaune, le rachat d'or, et pour ceux qui veulent investir dans l'or, vendre leur or tout simplement en savoir plus... Pour tous vos achat or et argent, n'h\u00e9sitez pas \u00e0 prendre rendez-vous dans l'un de nos nombreux comptoirs.","sameAs":["https:\/\/www.gold.fr"]}]}},"authors":[{"term_id":2565,"user_id":18,"is_guest":0,"slug":"julie","display_name":"Comptoir National de l'Or","avatar_url":"https:\/\/secure.gravatar.com\/avatar\/713f289e398d35ead876c4a4cc08607f0d6d266058cfc25683fffb6092d0e572?s=96&d=mm&r=g","0":null,"1":"","2":"","3":"","4":"","5":"","6":"","7":"","8":""}],"_links":{"self":[{"href":"https:\/\/www.gold.fr\/news\/wp-json\/wp\/v2\/posts\/15076","targetHints":{"allow":["GET"]}}],"collection":[{"href":"https:\/\/www.gold.fr\/news\/wp-json\/wp\/v2\/posts"}],"about":[{"href":"https:\/\/www.gold.fr\/news\/wp-json\/wp\/v2\/types\/post"}],"author":[{"embeddable":true,"href":"https:\/\/www.gold.fr\/news\/wp-json\/wp\/v2\/users\/18"}],"replies":[{"embeddable":true,"href":"https:\/\/www.gold.fr\/news\/wp-json\/wp\/v2\/comments?post=15076"}],"version-history":[{"count":0,"href":"https:\/\/www.gold.fr\/news\/wp-json\/wp\/v2\/posts\/15076\/revisions"}],"wp:featuredmedia":[{"embeddable":true,"href":"https:\/\/www.gold.fr\/news\/wp-json\/wp\/v2\/media\/15081"}],"wp:attachment":[{"href":"https:\/\/www.gold.fr\/news\/wp-json\/wp\/v2\/media?parent=15076"}],"wp:term":[{"taxonomy":"category","embeddable":true,"href":"https:\/\/www.gold.fr\/news\/wp-json\/wp\/v2\/categories?post=15076"},{"taxonomy":"post_tag","embeddable":true,"href":"https:\/\/www.gold.fr\/news\/wp-json\/wp\/v2\/tags?post=15076"},{"taxonomy":"author","embeddable":true,"href":"https:\/\/www.gold.fr\/news\/wp-json\/wp\/v2\/ppma_author?post=15076"}],"curies":[{"name":"wp","href":"https:\/\/api.w.org\/{rel}","templated":true}]}}