{"id":15064,"date":"2014-07-08T17:00:02","date_gmt":"2014-07-08T15:00:02","guid":{"rendered":"https:\/\/www.gold.fr\/news\/?p=15064"},"modified":"2017-11-02T11:31:35","modified_gmt":"2017-11-02T10:31:35","slug":"lor-soutenu-par-la-crise-et-les-etf","status":"publish","type":"post","link":"https:\/\/www.gold.fr\/news\/2014\/07\/08\/lor-soutenu-par-la-crise-et-les-etf\/","title":{"rendered":"L\u2019or soutenu par la crise et les ETF"},"content":{"rendered":"<p><img loading=\"lazy\" decoding=\"async\" class=\"alignleft size-thumbnail wp-image-4089\" title=\"L\u2019or soutenu par la crise et les ETF\" src=\"https:\/\/www.gold.fr\/news\/wp-content\/uploads\/2011\/12\/86196467-150x150.jpg\" alt=\"\" width=\"150\" height=\"150\" \/><span style=\"font-size: small;\">Profitant d&rsquo;un \u00e9tat de gr\u00e2ce \u00e9tendu sur l&rsquo;ensemble du march\u00e9 des m\u00e9taux pr\u00e9cieux (platino\u00efdes, <a href='https:\/\/www.gold.fr\/news\/tags\/argent' class='esk-seo-plu-link'>argent<\/a>\u2026), <a title=\"L\u2019or reprend du service, en d\u00e9pit des chiffres US\" href=\"https:\/\/www.gold.fr\/news\/2014\/07\/08\/lor-reprend-du-service-en-depit-des-chiffres-us\/15062\/\" target=\"_blank\">le m\u00e9tal jaune rebondit \u00e0 nouveau et reprend son ascension<\/a> vers des paliers sup\u00e9rieurs. L&rsquo;<a href='https:\/\/www.gold.fr\/news\/tags\/or' class='esk-seo-plu-link'>or<\/a> navigue actuellement au plus pr\u00e8s de sa meilleure performance trimestrielle (enregistr\u00e9e le 24 mars dernier).<\/span>    <span style=\"font-size: small;\"> Et outre le pilier interne qu&rsquo;offre le march\u00e9 des m\u00e9taux pr\u00e9cieux, la relique barbare peut \u00e9galement compter sur le soutien de deux facteurs tout aussi solides.<\/span>    <span style=\"font-size: small;\"> Tout d&rsquo;abord, la reprise inattendue du secteur des ETF (\u2018<em><strong>exchange-traded fund<\/strong><\/em>&lsquo;) qui attirent \u00e0 nouveau l&rsquo;attention des investisseurs du march\u00e9 aurif\u00e8re. Bien que ces fonds adoss\u00e9s \u00e0 des stocks physiques de m\u00e9tal permettent aux investisseurs de b\u00e9n\u00e9ficier uniquement \u00ab <em>de l&rsquo;\u00e9volution de l&rsquo;actif concern\u00e9 sans pour autant le d\u00e9tenir<\/em> \u00bb, leur \u00e9volution positive contribue ind\u00e9niablement \u00e0 renforcer la hausse du march\u00e9 aurif\u00e8re dans son ensemble.<\/span>    <span style=\"font-size: small;\"> Par ailleurs, le facteur g\u00e9opolitique joue \u00e9galement un r\u00f4le consid\u00e9rable, depuis des semaines, dans le maintien ferme des positions (jusque l\u00e0, haussi\u00e8res) du <a href='https:\/\/www.gold.fr\/news\/tags\/or' class='esk-seo-plu-link'>m\u00e9tal jaune<\/a>. Les experts du cabinet IG estiment \u00e0 ce sujet que l&rsquo;ensemble des m\u00e9taux pr\u00e9cieux, et notamment l&rsquo;<a href='https:\/\/www.gold.fr\/news\/tags\/or' class='esk-seo-plu-link'>or<\/a>, \u00ab <em>ont \u00e9t\u00e9 port\u00e9s par un regain des tensions en Ukraine, venant s&rsquo;ajouter \u00e0 la crise en Irak<\/em> \u00bb. Ils affirment \u00e9galement que \u00ab <em>tant que l&rsquo;Ukraine et l&rsquo;Irak font les gros titres, il y aura toujours des investisseurs inquiets<\/em> \u00bb, assurant du coup la popularit\u00e9 d&rsquo;actifs jug\u00e9s \u2018<em>refuge<\/em>&lsquo; \u00e0 l&rsquo;image du <a href='https:\/\/www.gold.fr\/news\/tags\/or' class='esk-seo-plu-link'>m\u00e9tal jaune<\/a>.<\/span><\/p>\n<!-- AddThis Advanced Settings generic via filter on the_content --><!-- AddThis Share Buttons generic via filter on the_content -->","protected":false},"excerpt":{"rendered":"<p>Profitant d&rsquo;un \u00e9tat de gr\u00e2ce \u00e9tendu sur l&rsquo;ensemble du march\u00e9 des m\u00e9taux pr\u00e9cieux (platino\u00efdes, argent\u2026), le m\u00e9tal jaune rebondit \u00e0 nouveau et reprend son ascension vers des paliers sup\u00e9rieurs. L&rsquo;or navigue actuellement au plus pr\u00e8s de [&hellip;]<\/p>\n","protected":false},"author":18,"featured_media":4089,"comment_status":"open","ping_status":"open","sticky":false,"template":"","format":"standard","meta":{"_mbp_gutenberg_autopost":false,"_pgmb_is_evergreen":false,"_pgmb_ap_template_id":0,"footnotes":""},"categories":[6],"tags":[923,918,76,962],"ppma_author":[2565],"class_list":["post-15064","post","type-post","status-publish","format-standard","has-post-thumbnail","hentry","category-articles-de-presse","tag-crise","tag-etf","tag-or","tag-prix-or"],"yoast_head":"<!-- This site is optimized with the Yoast SEO plugin v27.5 - https:\/\/yoast.com\/product\/yoast-seo-wordpress\/ -->\n<title>L\u2019or soutenu par la crise et les ETF - Gold.fr<\/title>\n<meta name=\"robots\" content=\"index, follow, max-snippet:-1, max-image-preview:large, max-video-preview:-1\" \/>\n<link rel=\"canonical\" href=\"https:\/\/www.gold.fr\/news\/2014\/07\/08\/lor-soutenu-par-la-crise-et-les-etf\/\" \/>\n<meta property=\"og:locale\" content=\"fr_FR\" \/>\n<meta property=\"og:type\" content=\"article\" \/>\n<meta property=\"og:title\" content=\"L\u2019or soutenu par la crise et les ETF - Gold.fr\" \/>\n<meta property=\"og:description\" content=\"Profitant d&rsquo;un \u00e9tat de gr\u00e2ce \u00e9tendu sur l&rsquo;ensemble du march\u00e9 des m\u00e9taux pr\u00e9cieux (platino\u00efdes, argent\u2026), le m\u00e9tal jaune rebondit \u00e0 nouveau et reprend son ascension vers des paliers sup\u00e9rieurs. L&rsquo;or navigue actuellement au plus pr\u00e8s de [&hellip;]\" \/>\n<meta property=\"og:url\" content=\"https:\/\/www.gold.fr\/news\/2014\/07\/08\/lor-soutenu-par-la-crise-et-les-etf\/\" \/>\n<meta property=\"og:site_name\" content=\"Gold.fr\" \/>\n<meta property=\"article:publisher\" content=\"https:\/\/www.facebook.com\/Goldfr\/\" \/>\n<meta property=\"article:published_time\" content=\"2014-07-08T15:00:02+00:00\" \/>\n<meta property=\"article:modified_time\" content=\"2017-11-02T10:31:35+00:00\" \/>\n<meta property=\"og:image\" content=\"https:\/\/www.gold.fr\/news\/wp-content\/uploads\/2011\/12\/86196467.jpg\" \/>\n\t<meta property=\"og:image:width\" content=\"600\" \/>\n\t<meta property=\"og:image:height\" content=\"400\" \/>\n\t<meta property=\"og:image:type\" content=\"image\/jpeg\" \/>\n<meta name=\"author\" content=\"Comptoir National de l&#039;Or\" \/>\n<meta name=\"twitter:card\" content=\"summary_large_image\" \/>\n<meta name=\"twitter:label1\" content=\"\u00c9crit par\" \/>\n\t<meta name=\"twitter:data1\" content=\"Comptoir National de l&#039;Or\" \/>\n\t<meta name=\"twitter:label2\" content=\"Dur\u00e9e de lecture estim\u00e9e\" \/>\n\t<meta name=\"twitter:data2\" content=\"1 minute\" \/>\n<script type=\"application\/ld+json\" class=\"yoast-schema-graph\">{\"@context\":\"https:\\\/\\\/schema.org\",\"@graph\":[{\"@type\":\"Article\",\"@id\":\"https:\\\/\\\/www.gold.fr\\\/news\\\/2014\\\/07\\\/08\\\/lor-soutenu-par-la-crise-et-les-etf\\\/#article\",\"isPartOf\":{\"@id\":\"https:\\\/\\\/www.gold.fr\\\/news\\\/2014\\\/07\\\/08\\\/lor-soutenu-par-la-crise-et-les-etf\\\/\"},\"author\":{\"name\":\"Comptoir National de l'Or\",\"@id\":\"https:\\\/\\\/www.gold.fr\\\/news\\\/#\\\/schema\\\/person\\\/070491b4b4fb7671bf59b3be20302ce9\"},\"headline\":\"L\u2019or soutenu par la crise et les ETF\",\"datePublished\":\"2014-07-08T15:00:02+00:00\",\"dateModified\":\"2017-11-02T10:31:35+00:00\",\"mainEntityOfPage\":{\"@id\":\"https:\\\/\\\/www.gold.fr\\\/news\\\/2014\\\/07\\\/08\\\/lor-soutenu-par-la-crise-et-les-etf\\\/\"},\"wordCount\":270,\"commentCount\":0,\"image\":{\"@id\":\"https:\\\/\\\/www.gold.fr\\\/news\\\/2014\\\/07\\\/08\\\/lor-soutenu-par-la-crise-et-les-etf\\\/#primaryimage\"},\"thumbnailUrl\":\"https:\\\/\\\/www.gold.fr\\\/news\\\/wp-content\\\/uploads\\\/2011\\\/12\\\/86196467.jpg\",\"keywords\":[\"crise\",\"ETF\",\"Or\",\"prix or\"],\"articleSection\":[\"Articles de presse\"],\"inLanguage\":\"fr-FR\"},{\"@type\":\"WebPage\",\"@id\":\"https:\\\/\\\/www.gold.fr\\\/news\\\/2014\\\/07\\\/08\\\/lor-soutenu-par-la-crise-et-les-etf\\\/\",\"url\":\"https:\\\/\\\/www.gold.fr\\\/news\\\/2014\\\/07\\\/08\\\/lor-soutenu-par-la-crise-et-les-etf\\\/\",\"name\":\"L\u2019or soutenu par la crise et les ETF - Gold.fr\",\"isPartOf\":{\"@id\":\"https:\\\/\\\/www.gold.fr\\\/news\\\/#website\"},\"primaryImageOfPage\":{\"@id\":\"https:\\\/\\\/www.gold.fr\\\/news\\\/2014\\\/07\\\/08\\\/lor-soutenu-par-la-crise-et-les-etf\\\/#primaryimage\"},\"image\":{\"@id\":\"https:\\\/\\\/www.gold.fr\\\/news\\\/2014\\\/07\\\/08\\\/lor-soutenu-par-la-crise-et-les-etf\\\/#primaryimage\"},\"thumbnailUrl\":\"https:\\\/\\\/www.gold.fr\\\/news\\\/wp-content\\\/uploads\\\/2011\\\/12\\\/86196467.jpg\",\"datePublished\":\"2014-07-08T15:00:02+00:00\",\"dateModified\":\"2017-11-02T10:31:35+00:00\",\"author\":{\"@id\":\"https:\\\/\\\/www.gold.fr\\\/news\\\/#\\\/schema\\\/person\\\/070491b4b4fb7671bf59b3be20302ce9\"},\"breadcrumb\":{\"@id\":\"https:\\\/\\\/www.gold.fr\\\/news\\\/2014\\\/07\\\/08\\\/lor-soutenu-par-la-crise-et-les-etf\\\/#breadcrumb\"},\"inLanguage\":\"fr-FR\",\"potentialAction\":[{\"@type\":\"ReadAction\",\"target\":[\"https:\\\/\\\/www.gold.fr\\\/news\\\/2014\\\/07\\\/08\\\/lor-soutenu-par-la-crise-et-les-etf\\\/\"]}]},{\"@type\":\"ImageObject\",\"inLanguage\":\"fr-FR\",\"@id\":\"https:\\\/\\\/www.gold.fr\\\/news\\\/2014\\\/07\\\/08\\\/lor-soutenu-par-la-crise-et-les-etf\\\/#primaryimage\",\"url\":\"https:\\\/\\\/www.gold.fr\\\/news\\\/wp-content\\\/uploads\\\/2011\\\/12\\\/86196467.jpg\",\"contentUrl\":\"https:\\\/\\\/www.gold.fr\\\/news\\\/wp-content\\\/uploads\\\/2011\\\/12\\\/86196467.jpg\",\"width\":\"600\",\"height\":\"400\",\"caption\":\"L\u2019once se d\u00e9fend bien malgr\u00e9 la hausse du taux directeur\"},{\"@type\":\"BreadcrumbList\",\"@id\":\"https:\\\/\\\/www.gold.fr\\\/news\\\/2014\\\/07\\\/08\\\/lor-soutenu-par-la-crise-et-les-etf\\\/#breadcrumb\",\"itemListElement\":[{\"@type\":\"ListItem\",\"position\":1,\"name\":\"Accueil\",\"item\":\"https:\\\/\\\/www.gold.fr\\\/\"},{\"@type\":\"ListItem\",\"position\":2,\"name\":\"Actualit\u00e9s\",\"item\":\"https:\\\/\\\/www.gold.fr\\\/news\\\/\"},{\"@type\":\"ListItem\",\"position\":3,\"name\":\"L\u2019or soutenu par la crise et les ETF\"}]},{\"@type\":\"WebSite\",\"@id\":\"https:\\\/\\\/www.gold.fr\\\/news\\\/#website\",\"url\":\"https:\\\/\\\/www.gold.fr\\\/news\\\/\",\"name\":\"Gold.fr\",\"description\":\"Actualit\u00e9s de l&#039;Or et des m\u00e9taux pr\u00e9cieux\",\"potentialAction\":[{\"@type\":\"SearchAction\",\"target\":{\"@type\":\"EntryPoint\",\"urlTemplate\":\"https:\\\/\\\/www.gold.fr\\\/news\\\/?s={search_term_string}\"},\"query-input\":{\"@type\":\"PropertyValueSpecification\",\"valueRequired\":true,\"valueName\":\"search_term_string\"}}],\"inLanguage\":\"fr-FR\"},{\"@type\":\"Person\",\"@id\":\"https:\\\/\\\/www.gold.fr\\\/news\\\/#\\\/schema\\\/person\\\/070491b4b4fb7671bf59b3be20302ce9\",\"name\":\"Comptoir National de l'Or\",\"image\":{\"@type\":\"ImageObject\",\"inLanguage\":\"fr-FR\",\"@id\":\"https:\\\/\\\/secure.gravatar.com\\\/avatar\\\/0a2867fd5abe37bed95d5a65e9d58f01756e11efc68af9888dfc50cfa7f65948?s=96&d=mm&r=gb490554db0a38188709de567aa58480d\",\"url\":\"https:\\\/\\\/secure.gravatar.com\\\/avatar\\\/0a2867fd5abe37bed95d5a65e9d58f01756e11efc68af9888dfc50cfa7f65948?s=96&d=mm&r=g\",\"contentUrl\":\"https:\\\/\\\/secure.gravatar.com\\\/avatar\\\/0a2867fd5abe37bed95d5a65e9d58f01756e11efc68af9888dfc50cfa7f65948?s=96&d=mm&r=g\",\"caption\":\"Comptoir National de l'Or\"},\"description\":\"Notre r\u00e9daction est constitu\u00e9e de membres experts dans les m\u00e9tiers de l'\u00e9conomie et la gestion, des Responsables d'agence Comptoir National de l'Or, des analystes financiers qui publient r\u00e9guli\u00e8rement des \u00e9tudes sur les politiques des banques centrales, le cours de l'or, prix de l'or, cours de l'argent, prix de l'argent, cours du platine, cours du palladium,... la situation en zone euro et l'impact de la strat\u00e9gie mon\u00e9taire de la FED. Notre \u00e9quipe scrute \u00e9galement une information plus g\u00e9n\u00e9raliste \u00e0 la recherche d'actualit\u00e9 \\\"p\u00e9pite\\\" \u00e0 vous partager. Depuis 5 ans, nous avons publi\u00e9 un peu plus de 4000 articles qui s'adressent \u00e0 un public large et vari\u00e9 ayant pour objectif de satisfaire votre curiosit\u00e9 et de partager avec vous une certaine fascination pour le m\u00e9tal jaune, le rachat d'or, et pour ceux qui veulent investir dans l'or, vendre leur or tout simplement en savoir plus... Pour tous vos achat or et argent, n'h\u00e9sitez pas \u00e0 prendre rendez-vous dans l'un de nos nombreux comptoirs.\",\"sameAs\":[\"https:\\\/\\\/www.gold.fr\"]}]}<\/script>\n<!-- \/ Yoast SEO plugin. -->","yoast_head_json":{"title":"L\u2019or soutenu par la crise et les ETF - Gold.fr","robots":{"index":"index","follow":"follow","max-snippet":"max-snippet:-1","max-image-preview":"max-image-preview:large","max-video-preview":"max-video-preview:-1"},"canonical":"https:\/\/www.gold.fr\/news\/2014\/07\/08\/lor-soutenu-par-la-crise-et-les-etf\/","og_locale":"fr_FR","og_type":"article","og_title":"L\u2019or soutenu par la crise et les ETF - Gold.fr","og_description":"Profitant d&rsquo;un \u00e9tat de gr\u00e2ce \u00e9tendu sur l&rsquo;ensemble du march\u00e9 des m\u00e9taux pr\u00e9cieux (platino\u00efdes, argent\u2026), le m\u00e9tal jaune rebondit \u00e0 nouveau et reprend son ascension vers des paliers sup\u00e9rieurs. L&rsquo;or navigue actuellement au plus pr\u00e8s de [&hellip;]","og_url":"https:\/\/www.gold.fr\/news\/2014\/07\/08\/lor-soutenu-par-la-crise-et-les-etf\/","og_site_name":"Gold.fr","article_publisher":"https:\/\/www.facebook.com\/Goldfr\/","article_published_time":"2014-07-08T15:00:02+00:00","article_modified_time":"2017-11-02T10:31:35+00:00","og_image":[{"width":600,"height":400,"url":"https:\/\/www.gold.fr\/news\/wp-content\/uploads\/2011\/12\/86196467.jpg","type":"image\/jpeg"}],"author":"Comptoir National de l'Or","twitter_card":"summary_large_image","twitter_misc":{"\u00c9crit par":"Comptoir National de l'Or","Dur\u00e9e de lecture estim\u00e9e":"1 minute"},"schema":{"@context":"https:\/\/schema.org","@graph":[{"@type":"Article","@id":"https:\/\/www.gold.fr\/news\/2014\/07\/08\/lor-soutenu-par-la-crise-et-les-etf\/#article","isPartOf":{"@id":"https:\/\/www.gold.fr\/news\/2014\/07\/08\/lor-soutenu-par-la-crise-et-les-etf\/"},"author":{"name":"Comptoir National de l'Or","@id":"https:\/\/www.gold.fr\/news\/#\/schema\/person\/070491b4b4fb7671bf59b3be20302ce9"},"headline":"L\u2019or soutenu par la crise et les ETF","datePublished":"2014-07-08T15:00:02+00:00","dateModified":"2017-11-02T10:31:35+00:00","mainEntityOfPage":{"@id":"https:\/\/www.gold.fr\/news\/2014\/07\/08\/lor-soutenu-par-la-crise-et-les-etf\/"},"wordCount":270,"commentCount":0,"image":{"@id":"https:\/\/www.gold.fr\/news\/2014\/07\/08\/lor-soutenu-par-la-crise-et-les-etf\/#primaryimage"},"thumbnailUrl":"https:\/\/www.gold.fr\/news\/wp-content\/uploads\/2011\/12\/86196467.jpg","keywords":["crise","ETF","Or","prix or"],"articleSection":["Articles de presse"],"inLanguage":"fr-FR"},{"@type":"WebPage","@id":"https:\/\/www.gold.fr\/news\/2014\/07\/08\/lor-soutenu-par-la-crise-et-les-etf\/","url":"https:\/\/www.gold.fr\/news\/2014\/07\/08\/lor-soutenu-par-la-crise-et-les-etf\/","name":"L\u2019or soutenu par la crise et les ETF - Gold.fr","isPartOf":{"@id":"https:\/\/www.gold.fr\/news\/#website"},"primaryImageOfPage":{"@id":"https:\/\/www.gold.fr\/news\/2014\/07\/08\/lor-soutenu-par-la-crise-et-les-etf\/#primaryimage"},"image":{"@id":"https:\/\/www.gold.fr\/news\/2014\/07\/08\/lor-soutenu-par-la-crise-et-les-etf\/#primaryimage"},"thumbnailUrl":"https:\/\/www.gold.fr\/news\/wp-content\/uploads\/2011\/12\/86196467.jpg","datePublished":"2014-07-08T15:00:02+00:00","dateModified":"2017-11-02T10:31:35+00:00","author":{"@id":"https:\/\/www.gold.fr\/news\/#\/schema\/person\/070491b4b4fb7671bf59b3be20302ce9"},"breadcrumb":{"@id":"https:\/\/www.gold.fr\/news\/2014\/07\/08\/lor-soutenu-par-la-crise-et-les-etf\/#breadcrumb"},"inLanguage":"fr-FR","potentialAction":[{"@type":"ReadAction","target":["https:\/\/www.gold.fr\/news\/2014\/07\/08\/lor-soutenu-par-la-crise-et-les-etf\/"]}]},{"@type":"ImageObject","inLanguage":"fr-FR","@id":"https:\/\/www.gold.fr\/news\/2014\/07\/08\/lor-soutenu-par-la-crise-et-les-etf\/#primaryimage","url":"https:\/\/www.gold.fr\/news\/wp-content\/uploads\/2011\/12\/86196467.jpg","contentUrl":"https:\/\/www.gold.fr\/news\/wp-content\/uploads\/2011\/12\/86196467.jpg","width":"600","height":"400","caption":"L\u2019once se d\u00e9fend bien malgr\u00e9 la hausse du taux directeur"},{"@type":"BreadcrumbList","@id":"https:\/\/www.gold.fr\/news\/2014\/07\/08\/lor-soutenu-par-la-crise-et-les-etf\/#breadcrumb","itemListElement":[{"@type":"ListItem","position":1,"name":"Accueil","item":"https:\/\/www.gold.fr\/"},{"@type":"ListItem","position":2,"name":"Actualit\u00e9s","item":"https:\/\/www.gold.fr\/news\/"},{"@type":"ListItem","position":3,"name":"L\u2019or soutenu par la crise et les ETF"}]},{"@type":"WebSite","@id":"https:\/\/www.gold.fr\/news\/#website","url":"https:\/\/www.gold.fr\/news\/","name":"Gold.fr","description":"Actualit\u00e9s de l&#039;Or et des m\u00e9taux pr\u00e9cieux","potentialAction":[{"@type":"SearchAction","target":{"@type":"EntryPoint","urlTemplate":"https:\/\/www.gold.fr\/news\/?s={search_term_string}"},"query-input":{"@type":"PropertyValueSpecification","valueRequired":true,"valueName":"search_term_string"}}],"inLanguage":"fr-FR"},{"@type":"Person","@id":"https:\/\/www.gold.fr\/news\/#\/schema\/person\/070491b4b4fb7671bf59b3be20302ce9","name":"Comptoir National de l'Or","image":{"@type":"ImageObject","inLanguage":"fr-FR","@id":"https:\/\/secure.gravatar.com\/avatar\/0a2867fd5abe37bed95d5a65e9d58f01756e11efc68af9888dfc50cfa7f65948?s=96&d=mm&r=gb490554db0a38188709de567aa58480d","url":"https:\/\/secure.gravatar.com\/avatar\/0a2867fd5abe37bed95d5a65e9d58f01756e11efc68af9888dfc50cfa7f65948?s=96&d=mm&r=g","contentUrl":"https:\/\/secure.gravatar.com\/avatar\/0a2867fd5abe37bed95d5a65e9d58f01756e11efc68af9888dfc50cfa7f65948?s=96&d=mm&r=g","caption":"Comptoir National de l'Or"},"description":"Notre r\u00e9daction est constitu\u00e9e de membres experts dans les m\u00e9tiers de l'\u00e9conomie et la gestion, des Responsables d'agence Comptoir National de l'Or, des analystes financiers qui publient r\u00e9guli\u00e8rement des \u00e9tudes sur les politiques des banques centrales, le cours de l'or, prix de l'or, cours de l'argent, prix de l'argent, cours du platine, cours du palladium,... la situation en zone euro et l'impact de la strat\u00e9gie mon\u00e9taire de la FED. Notre \u00e9quipe scrute \u00e9galement une information plus g\u00e9n\u00e9raliste \u00e0 la recherche d'actualit\u00e9 \"p\u00e9pite\" \u00e0 vous partager. Depuis 5 ans, nous avons publi\u00e9 un peu plus de 4000 articles qui s'adressent \u00e0 un public large et vari\u00e9 ayant pour objectif de satisfaire votre curiosit\u00e9 et de partager avec vous une certaine fascination pour le m\u00e9tal jaune, le rachat d'or, et pour ceux qui veulent investir dans l'or, vendre leur or tout simplement en savoir plus... Pour tous vos achat or et argent, n'h\u00e9sitez pas \u00e0 prendre rendez-vous dans l'un de nos nombreux comptoirs.","sameAs":["https:\/\/www.gold.fr"]}]}},"authors":[{"term_id":2565,"user_id":18,"is_guest":0,"slug":"julie","display_name":"Comptoir National de l'Or","avatar_url":"https:\/\/secure.gravatar.com\/avatar\/713f289e398d35ead876c4a4cc08607f0d6d266058cfc25683fffb6092d0e572?s=96&d=mm&r=g","0":null,"1":"","2":"","3":"","4":"","5":"","6":"","7":"","8":""}],"_links":{"self":[{"href":"https:\/\/www.gold.fr\/news\/wp-json\/wp\/v2\/posts\/15064","targetHints":{"allow":["GET"]}}],"collection":[{"href":"https:\/\/www.gold.fr\/news\/wp-json\/wp\/v2\/posts"}],"about":[{"href":"https:\/\/www.gold.fr\/news\/wp-json\/wp\/v2\/types\/post"}],"author":[{"embeddable":true,"href":"https:\/\/www.gold.fr\/news\/wp-json\/wp\/v2\/users\/18"}],"replies":[{"embeddable":true,"href":"https:\/\/www.gold.fr\/news\/wp-json\/wp\/v2\/comments?post=15064"}],"version-history":[{"count":0,"href":"https:\/\/www.gold.fr\/news\/wp-json\/wp\/v2\/posts\/15064\/revisions"}],"wp:featuredmedia":[{"embeddable":true,"href":"https:\/\/www.gold.fr\/news\/wp-json\/wp\/v2\/media\/4089"}],"wp:attachment":[{"href":"https:\/\/www.gold.fr\/news\/wp-json\/wp\/v2\/media?parent=15064"}],"wp:term":[{"taxonomy":"category","embeddable":true,"href":"https:\/\/www.gold.fr\/news\/wp-json\/wp\/v2\/categories?post=15064"},{"taxonomy":"post_tag","embeddable":true,"href":"https:\/\/www.gold.fr\/news\/wp-json\/wp\/v2\/tags?post=15064"},{"taxonomy":"author","embeddable":true,"href":"https:\/\/www.gold.fr\/news\/wp-json\/wp\/v2\/ppma_author?post=15064"}],"curies":[{"name":"wp","href":"https:\/\/api.w.org\/{rel}","templated":true}]}}