{"id":15050,"date":"2014-07-04T17:00:52","date_gmt":"2014-07-04T15:00:52","guid":{"rendered":"https:\/\/www.gold.fr\/news\/?p=15050"},"modified":"2021-09-09T14:47:00","modified_gmt":"2021-09-09T12:47:00","slug":"lemploi-us-impose-une-halte-a-la-progression-aurifere","status":"publish","type":"post","link":"https:\/\/www.gold.fr\/news\/2014\/07\/04\/lemploi-us-impose-une-halte-a-la-progression-aurifere\/","title":{"rendered":"L\u2019emploi US impose une halte \u00e0 la progression aurif\u00e8re"},"content":{"rendered":"<p><img loading=\"lazy\" decoding=\"async\" class=\"alignleft size-thumbnail wp-image-4621\" title=\"L\u2019emploi US impose une halte \u00e0 la progression aurif\u00e8re\" src=\"https:\/\/www.gold.fr\/news\/wp-content\/uploads\/2011\/10\/skd284023sdc-e1366361443537.jpg\" alt=\"\" width=\"150\" height=\"150\" \/><span style=\"font-size: small;\">La semaine se cl\u00f4ture sur une halte impos\u00e9e, pour la progression \u2013jusque l\u00e0 largement haussi\u00e8re- du march\u00e9 aurif\u00e8re. En plein envol positif depuis la fin de la semaine derni\u00e8re, le <a class=\"esk-seo-plu-link\" href=\"https:\/\/www.gold.fr\/news\/tags\/or\">m\u00e9tal jaune<\/a> se voit contraint de faire une pause (perdant m\u00eame quelques dollars, dans la foul\u00e9e) pour deux principales raisons directes ; la publication d&rsquo;un rapport sur l&#8217;emploi US \u00e9tonnamment encourageant, et le jour f\u00e9ri\u00e9 de l&rsquo;<strong>Independance Day<\/strong>.<\/span> <span style=\"font-size: small;\"> Certes ; bon nombre d&rsquo;observateurs avaient bel et bien pr\u00e9vu de voir les statistiques de l&#8217;emploi US enregistrer une certaine hausse, influen\u00e7ant automatiquement le cours du <a class=\"esk-seo-plu-link\" href=\"https:\/\/www.gold.fr\/news\/tags\/or\">m\u00e9tal jaune<\/a>. C&rsquo;\u00e9tait par exemple le cas des sp\u00e9cialistes de <strong>Saxo Banque<\/strong> qui avaient not\u00e9 au d\u00e9but de <a title=\"L\u2019or solidement stabilis\u00e9, l\u2019emploi US en vue\" href=\"https:\/\/www.gold.fr\/news\/2014\/07\/03\/lor-solidement-stabilise-lemploi-us-en-vue\/15041\/\" target=\"_blank\" rel=\"noopener\">la s\u00e9ance du jeudi 3 juillet<\/a> : \u00ab <em>L&rsquo;<a class=\"esk-seo-plu-link\" href=\"https:\/\/www.gold.fr\/news\/tags\/or\">or<\/a> chute de son plus haut niveau en trois mois alors que les donn\u00e9es sur l&#8217;emploi aux Etats-Unis cette apr\u00e8s-midi pourraient montrer la force de la reprise am\u00e9ricaine, ce qui pourrait \u00e0 nouveau p\u00e9naliser <a title=\"Prix de l'Once d'or\" href=\"https:\/\/www.gold.fr\/once-en\/\" target=\"_blank\" rel=\"noopener\">l&rsquo;once<\/a><\/em> \u00bb.<\/span> <span style=\"font-size: small;\"> Toutefois, le rapport du <strong>DoL<\/strong> (d\u00e9partement de l&#8217;emploi am\u00e9ricain) avait cr\u00e9\u00e9 la surprise g\u00e9n\u00e9rale en d\u00e9passant largement les estimations et pr\u00e9visions professionnelles des \u00e9conomistes et observateurs du march\u00e9. Le consensus g\u00e9n\u00e9ral pla\u00e7ait en effet le nombre total des cr\u00e9ations d&#8217;emplois, pour le mois de juin, autour des <strong>215.000<\/strong> emplois non agricoles. Un niveau qui \u00e9tait d\u00e9j\u00e0 estim\u00e9 \u00ab <em>robuste <\/em>\u00bb et \u00ab <em>en ligne avec la moyenne mensuelle observ\u00e9e depuis le d\u00e9but de l&rsquo;ann\u00e9e<\/em> \u00bb. Le rapport officiel d\u00e9voile pourtant un cumul de<strong> 288.000<\/strong> cr\u00e9ations de potes, \u00ab <em>tandis que le taux de ch\u00f4mage a recul\u00e9 de<strong> 0,2<\/strong> point \u00e0 <strong>6,1%<\/strong> alors qu&rsquo;il \u00e9tait attendu stable <\/em>\u00bb.<\/span><\/p>\n<!-- AddThis Advanced Settings generic via filter on the_content --><!-- AddThis Share Buttons generic via filter on the_content -->","protected":false},"excerpt":{"rendered":"<p>La semaine se cl\u00f4ture sur une halte impos\u00e9e, pour la progression \u2013jusque l\u00e0 largement haussi\u00e8re- du march\u00e9 aurif\u00e8re. En plein envol positif depuis la fin de la semaine derni\u00e8re, le m\u00e9tal jaune se voit contraint de [&hellip;]<\/p>\n","protected":false},"author":18,"featured_media":2937,"comment_status":"closed","ping_status":"closed","sticky":false,"template":"","format":"standard","meta":{"_mbp_gutenberg_autopost":false,"_pgmb_is_evergreen":false,"_pgmb_ap_template_id":0,"footnotes":""},"categories":[6],"tags":[1874,1105,1047,900,962],"ppma_author":[2565],"class_list":["post-15050","post","type-post","status-publish","format-standard","has-post-thumbnail","hentry","category-articles-de-presse","tag-dol","tag-emploi-us","tag-marche-aurifere","tag-once-or","tag-prix-or"],"yoast_head":"<!-- This site is optimized with the Yoast SEO plugin v27.5 - https:\/\/yoast.com\/product\/yoast-seo-wordpress\/ -->\n<title>L\u2019emploi US impose une halte \u00e0 la progression aurif\u00e8re - Gold.fr<\/title>\n<meta name=\"robots\" content=\"index, follow, max-snippet:-1, max-image-preview:large, max-video-preview:-1\" \/>\n<link rel=\"canonical\" href=\"https:\/\/www.gold.fr\/news\/2014\/07\/04\/lemploi-us-impose-une-halte-a-la-progression-aurifere\/\" \/>\n<meta property=\"og:locale\" content=\"fr_FR\" \/>\n<meta property=\"og:type\" content=\"article\" \/>\n<meta property=\"og:title\" content=\"L\u2019emploi US impose une halte \u00e0 la progression aurif\u00e8re - Gold.fr\" \/>\n<meta property=\"og:description\" content=\"La semaine se cl\u00f4ture sur une halte impos\u00e9e, pour la progression \u2013jusque l\u00e0 largement haussi\u00e8re- du march\u00e9 aurif\u00e8re. En plein envol positif depuis la fin de la semaine derni\u00e8re, le m\u00e9tal jaune se voit contraint de [&hellip;]\" \/>\n<meta property=\"og:url\" content=\"https:\/\/www.gold.fr\/news\/2014\/07\/04\/lemploi-us-impose-une-halte-a-la-progression-aurifere\/\" \/>\n<meta property=\"og:site_name\" content=\"Gold.fr\" \/>\n<meta property=\"article:publisher\" content=\"https:\/\/www.facebook.com\/Goldfr\/\" \/>\n<meta property=\"article:published_time\" content=\"2014-07-04T15:00:52+00:00\" \/>\n<meta property=\"article:modified_time\" content=\"2021-09-09T12:47:00+00:00\" \/>\n<meta property=\"og:image\" content=\"https:\/\/www.gold.fr\/news\/wp-content\/uploads\/2011\/10\/skd284023sdc-e1366361443537.jpg\" \/>\n\t<meta property=\"og:image:width\" content=\"600\" \/>\n\t<meta property=\"og:image:height\" content=\"355\" \/>\n\t<meta property=\"og:image:type\" content=\"image\/jpeg\" \/>\n<meta name=\"author\" content=\"Comptoir National de l&#039;Or\" \/>\n<meta name=\"twitter:card\" content=\"summary_large_image\" \/>\n<meta name=\"twitter:label1\" content=\"\u00c9crit par\" \/>\n\t<meta name=\"twitter:data1\" content=\"Comptoir National de l&#039;Or\" \/>\n\t<meta name=\"twitter:label2\" content=\"Dur\u00e9e de lecture estim\u00e9e\" \/>\n\t<meta name=\"twitter:data2\" content=\"1 minute\" \/>\n<script type=\"application\/ld+json\" class=\"yoast-schema-graph\">{\"@context\":\"https:\\\/\\\/schema.org\",\"@graph\":[{\"@type\":\"Article\",\"@id\":\"https:\\\/\\\/www.gold.fr\\\/news\\\/2014\\\/07\\\/04\\\/lemploi-us-impose-une-halte-a-la-progression-aurifere\\\/#article\",\"isPartOf\":{\"@id\":\"https:\\\/\\\/www.gold.fr\\\/news\\\/2014\\\/07\\\/04\\\/lemploi-us-impose-une-halte-a-la-progression-aurifere\\\/\"},\"author\":{\"name\":\"Comptoir National de l'Or\",\"@id\":\"https:\\\/\\\/www.gold.fr\\\/news\\\/#\\\/schema\\\/person\\\/070491b4b4fb7671bf59b3be20302ce9\"},\"headline\":\"L\u2019emploi US impose une halte \u00e0 la progression aurif\u00e8re\",\"datePublished\":\"2014-07-04T15:00:52+00:00\",\"dateModified\":\"2021-09-09T12:47:00+00:00\",\"mainEntityOfPage\":{\"@id\":\"https:\\\/\\\/www.gold.fr\\\/news\\\/2014\\\/07\\\/04\\\/lemploi-us-impose-une-halte-a-la-progression-aurifere\\\/\"},\"wordCount\":304,\"image\":{\"@id\":\"https:\\\/\\\/www.gold.fr\\\/news\\\/2014\\\/07\\\/04\\\/lemploi-us-impose-une-halte-a-la-progression-aurifere\\\/#primaryimage\"},\"thumbnailUrl\":\"https:\\\/\\\/www.gold.fr\\\/news\\\/wp-content\\\/uploads\\\/2011\\\/10\\\/skd284023sdc-e1366361443537.jpg\",\"keywords\":[\"DoL\",\"emploi US\",\"march\u00e9 aurif\u00e8re\",\"Once or\",\"prix or\"],\"articleSection\":[\"Articles de presse\"],\"inLanguage\":\"fr-FR\"},{\"@type\":\"WebPage\",\"@id\":\"https:\\\/\\\/www.gold.fr\\\/news\\\/2014\\\/07\\\/04\\\/lemploi-us-impose-une-halte-a-la-progression-aurifere\\\/\",\"url\":\"https:\\\/\\\/www.gold.fr\\\/news\\\/2014\\\/07\\\/04\\\/lemploi-us-impose-une-halte-a-la-progression-aurifere\\\/\",\"name\":\"L\u2019emploi US impose une halte \u00e0 la progression aurif\u00e8re - Gold.fr\",\"isPartOf\":{\"@id\":\"https:\\\/\\\/www.gold.fr\\\/news\\\/#website\"},\"primaryImageOfPage\":{\"@id\":\"https:\\\/\\\/www.gold.fr\\\/news\\\/2014\\\/07\\\/04\\\/lemploi-us-impose-une-halte-a-la-progression-aurifere\\\/#primaryimage\"},\"image\":{\"@id\":\"https:\\\/\\\/www.gold.fr\\\/news\\\/2014\\\/07\\\/04\\\/lemploi-us-impose-une-halte-a-la-progression-aurifere\\\/#primaryimage\"},\"thumbnailUrl\":\"https:\\\/\\\/www.gold.fr\\\/news\\\/wp-content\\\/uploads\\\/2011\\\/10\\\/skd284023sdc-e1366361443537.jpg\",\"datePublished\":\"2014-07-04T15:00:52+00:00\",\"dateModified\":\"2021-09-09T12:47:00+00:00\",\"author\":{\"@id\":\"https:\\\/\\\/www.gold.fr\\\/news\\\/#\\\/schema\\\/person\\\/070491b4b4fb7671bf59b3be20302ce9\"},\"breadcrumb\":{\"@id\":\"https:\\\/\\\/www.gold.fr\\\/news\\\/2014\\\/07\\\/04\\\/lemploi-us-impose-une-halte-a-la-progression-aurifere\\\/#breadcrumb\"},\"inLanguage\":\"fr-FR\",\"potentialAction\":[{\"@type\":\"ReadAction\",\"target\":[\"https:\\\/\\\/www.gold.fr\\\/news\\\/2014\\\/07\\\/04\\\/lemploi-us-impose-une-halte-a-la-progression-aurifere\\\/\"]}]},{\"@type\":\"ImageObject\",\"inLanguage\":\"fr-FR\",\"@id\":\"https:\\\/\\\/www.gold.fr\\\/news\\\/2014\\\/07\\\/04\\\/lemploi-us-impose-une-halte-a-la-progression-aurifere\\\/#primaryimage\",\"url\":\"https:\\\/\\\/www.gold.fr\\\/news\\\/wp-content\\\/uploads\\\/2011\\\/10\\\/skd284023sdc-e1366361443537.jpg\",\"contentUrl\":\"https:\\\/\\\/www.gold.fr\\\/news\\\/wp-content\\\/uploads\\\/2011\\\/10\\\/skd284023sdc-e1366361443537.jpg\",\"width\":\"600\",\"height\":\"355\",\"caption\":\"Emission d\u2019obligation AUPLATA : Le producteur aurif\u00e8re joue la carte de la prudence\"},{\"@type\":\"BreadcrumbList\",\"@id\":\"https:\\\/\\\/www.gold.fr\\\/news\\\/2014\\\/07\\\/04\\\/lemploi-us-impose-une-halte-a-la-progression-aurifere\\\/#breadcrumb\",\"itemListElement\":[{\"@type\":\"ListItem\",\"position\":1,\"name\":\"Accueil\",\"item\":\"https:\\\/\\\/www.gold.fr\\\/\"},{\"@type\":\"ListItem\",\"position\":2,\"name\":\"Actualit\u00e9s\",\"item\":\"https:\\\/\\\/www.gold.fr\\\/news\\\/\"},{\"@type\":\"ListItem\",\"position\":3,\"name\":\"L\u2019emploi US impose une halte \u00e0 la progression aurif\u00e8re\"}]},{\"@type\":\"WebSite\",\"@id\":\"https:\\\/\\\/www.gold.fr\\\/news\\\/#website\",\"url\":\"https:\\\/\\\/www.gold.fr\\\/news\\\/\",\"name\":\"Gold.fr\",\"description\":\"Actualit\u00e9s de l&#039;Or et des m\u00e9taux pr\u00e9cieux\",\"potentialAction\":[{\"@type\":\"SearchAction\",\"target\":{\"@type\":\"EntryPoint\",\"urlTemplate\":\"https:\\\/\\\/www.gold.fr\\\/news\\\/?s={search_term_string}\"},\"query-input\":{\"@type\":\"PropertyValueSpecification\",\"valueRequired\":true,\"valueName\":\"search_term_string\"}}],\"inLanguage\":\"fr-FR\"},{\"@type\":\"Person\",\"@id\":\"https:\\\/\\\/www.gold.fr\\\/news\\\/#\\\/schema\\\/person\\\/070491b4b4fb7671bf59b3be20302ce9\",\"name\":\"Comptoir National de l'Or\",\"image\":{\"@type\":\"ImageObject\",\"inLanguage\":\"fr-FR\",\"@id\":\"https:\\\/\\\/secure.gravatar.com\\\/avatar\\\/0a2867fd5abe37bed95d5a65e9d58f01756e11efc68af9888dfc50cfa7f65948?s=96&d=mm&r=gb490554db0a38188709de567aa58480d\",\"url\":\"https:\\\/\\\/secure.gravatar.com\\\/avatar\\\/0a2867fd5abe37bed95d5a65e9d58f01756e11efc68af9888dfc50cfa7f65948?s=96&d=mm&r=g\",\"contentUrl\":\"https:\\\/\\\/secure.gravatar.com\\\/avatar\\\/0a2867fd5abe37bed95d5a65e9d58f01756e11efc68af9888dfc50cfa7f65948?s=96&d=mm&r=g\",\"caption\":\"Comptoir National de l'Or\"},\"description\":\"Notre r\u00e9daction est constitu\u00e9e de membres experts dans les m\u00e9tiers de l'\u00e9conomie et la gestion, des Responsables d'agence Comptoir National de l'Or, des analystes financiers qui publient r\u00e9guli\u00e8rement des \u00e9tudes sur les politiques des banques centrales, le cours de l'or, prix de l'or, cours de l'argent, prix de l'argent, cours du platine, cours du palladium,... la situation en zone euro et l'impact de la strat\u00e9gie mon\u00e9taire de la FED. Notre \u00e9quipe scrute \u00e9galement une information plus g\u00e9n\u00e9raliste \u00e0 la recherche d'actualit\u00e9 \\\"p\u00e9pite\\\" \u00e0 vous partager. Depuis 5 ans, nous avons publi\u00e9 un peu plus de 4000 articles qui s'adressent \u00e0 un public large et vari\u00e9 ayant pour objectif de satisfaire votre curiosit\u00e9 et de partager avec vous une certaine fascination pour le m\u00e9tal jaune, le rachat d'or, et pour ceux qui veulent investir dans l'or, vendre leur or tout simplement en savoir plus... Pour tous vos achat or et argent, n'h\u00e9sitez pas \u00e0 prendre rendez-vous dans l'un de nos nombreux comptoirs.\",\"sameAs\":[\"https:\\\/\\\/www.gold.fr\"]}]}<\/script>\n<!-- \/ Yoast SEO plugin. -->","yoast_head_json":{"title":"L\u2019emploi US impose une halte \u00e0 la progression aurif\u00e8re - Gold.fr","robots":{"index":"index","follow":"follow","max-snippet":"max-snippet:-1","max-image-preview":"max-image-preview:large","max-video-preview":"max-video-preview:-1"},"canonical":"https:\/\/www.gold.fr\/news\/2014\/07\/04\/lemploi-us-impose-une-halte-a-la-progression-aurifere\/","og_locale":"fr_FR","og_type":"article","og_title":"L\u2019emploi US impose une halte \u00e0 la progression aurif\u00e8re - Gold.fr","og_description":"La semaine se cl\u00f4ture sur une halte impos\u00e9e, pour la progression \u2013jusque l\u00e0 largement haussi\u00e8re- du march\u00e9 aurif\u00e8re. En plein envol positif depuis la fin de la semaine derni\u00e8re, le m\u00e9tal jaune se voit contraint de [&hellip;]","og_url":"https:\/\/www.gold.fr\/news\/2014\/07\/04\/lemploi-us-impose-une-halte-a-la-progression-aurifere\/","og_site_name":"Gold.fr","article_publisher":"https:\/\/www.facebook.com\/Goldfr\/","article_published_time":"2014-07-04T15:00:52+00:00","article_modified_time":"2021-09-09T12:47:00+00:00","og_image":[{"width":600,"height":355,"url":"https:\/\/www.gold.fr\/news\/wp-content\/uploads\/2011\/10\/skd284023sdc-e1366361443537.jpg","type":"image\/jpeg"}],"author":"Comptoir National de l'Or","twitter_card":"summary_large_image","twitter_misc":{"\u00c9crit par":"Comptoir National de l'Or","Dur\u00e9e de lecture estim\u00e9e":"1 minute"},"schema":{"@context":"https:\/\/schema.org","@graph":[{"@type":"Article","@id":"https:\/\/www.gold.fr\/news\/2014\/07\/04\/lemploi-us-impose-une-halte-a-la-progression-aurifere\/#article","isPartOf":{"@id":"https:\/\/www.gold.fr\/news\/2014\/07\/04\/lemploi-us-impose-une-halte-a-la-progression-aurifere\/"},"author":{"name":"Comptoir National de l'Or","@id":"https:\/\/www.gold.fr\/news\/#\/schema\/person\/070491b4b4fb7671bf59b3be20302ce9"},"headline":"L\u2019emploi US impose une halte \u00e0 la progression aurif\u00e8re","datePublished":"2014-07-04T15:00:52+00:00","dateModified":"2021-09-09T12:47:00+00:00","mainEntityOfPage":{"@id":"https:\/\/www.gold.fr\/news\/2014\/07\/04\/lemploi-us-impose-une-halte-a-la-progression-aurifere\/"},"wordCount":304,"image":{"@id":"https:\/\/www.gold.fr\/news\/2014\/07\/04\/lemploi-us-impose-une-halte-a-la-progression-aurifere\/#primaryimage"},"thumbnailUrl":"https:\/\/www.gold.fr\/news\/wp-content\/uploads\/2011\/10\/skd284023sdc-e1366361443537.jpg","keywords":["DoL","emploi US","march\u00e9 aurif\u00e8re","Once or","prix or"],"articleSection":["Articles de presse"],"inLanguage":"fr-FR"},{"@type":"WebPage","@id":"https:\/\/www.gold.fr\/news\/2014\/07\/04\/lemploi-us-impose-une-halte-a-la-progression-aurifere\/","url":"https:\/\/www.gold.fr\/news\/2014\/07\/04\/lemploi-us-impose-une-halte-a-la-progression-aurifere\/","name":"L\u2019emploi US impose une halte \u00e0 la progression aurif\u00e8re - Gold.fr","isPartOf":{"@id":"https:\/\/www.gold.fr\/news\/#website"},"primaryImageOfPage":{"@id":"https:\/\/www.gold.fr\/news\/2014\/07\/04\/lemploi-us-impose-une-halte-a-la-progression-aurifere\/#primaryimage"},"image":{"@id":"https:\/\/www.gold.fr\/news\/2014\/07\/04\/lemploi-us-impose-une-halte-a-la-progression-aurifere\/#primaryimage"},"thumbnailUrl":"https:\/\/www.gold.fr\/news\/wp-content\/uploads\/2011\/10\/skd284023sdc-e1366361443537.jpg","datePublished":"2014-07-04T15:00:52+00:00","dateModified":"2021-09-09T12:47:00+00:00","author":{"@id":"https:\/\/www.gold.fr\/news\/#\/schema\/person\/070491b4b4fb7671bf59b3be20302ce9"},"breadcrumb":{"@id":"https:\/\/www.gold.fr\/news\/2014\/07\/04\/lemploi-us-impose-une-halte-a-la-progression-aurifere\/#breadcrumb"},"inLanguage":"fr-FR","potentialAction":[{"@type":"ReadAction","target":["https:\/\/www.gold.fr\/news\/2014\/07\/04\/lemploi-us-impose-une-halte-a-la-progression-aurifere\/"]}]},{"@type":"ImageObject","inLanguage":"fr-FR","@id":"https:\/\/www.gold.fr\/news\/2014\/07\/04\/lemploi-us-impose-une-halte-a-la-progression-aurifere\/#primaryimage","url":"https:\/\/www.gold.fr\/news\/wp-content\/uploads\/2011\/10\/skd284023sdc-e1366361443537.jpg","contentUrl":"https:\/\/www.gold.fr\/news\/wp-content\/uploads\/2011\/10\/skd284023sdc-e1366361443537.jpg","width":"600","height":"355","caption":"Emission d\u2019obligation AUPLATA : Le producteur aurif\u00e8re joue la carte de la prudence"},{"@type":"BreadcrumbList","@id":"https:\/\/www.gold.fr\/news\/2014\/07\/04\/lemploi-us-impose-une-halte-a-la-progression-aurifere\/#breadcrumb","itemListElement":[{"@type":"ListItem","position":1,"name":"Accueil","item":"https:\/\/www.gold.fr\/"},{"@type":"ListItem","position":2,"name":"Actualit\u00e9s","item":"https:\/\/www.gold.fr\/news\/"},{"@type":"ListItem","position":3,"name":"L\u2019emploi US impose une halte \u00e0 la progression aurif\u00e8re"}]},{"@type":"WebSite","@id":"https:\/\/www.gold.fr\/news\/#website","url":"https:\/\/www.gold.fr\/news\/","name":"Gold.fr","description":"Actualit\u00e9s de l&#039;Or et des m\u00e9taux pr\u00e9cieux","potentialAction":[{"@type":"SearchAction","target":{"@type":"EntryPoint","urlTemplate":"https:\/\/www.gold.fr\/news\/?s={search_term_string}"},"query-input":{"@type":"PropertyValueSpecification","valueRequired":true,"valueName":"search_term_string"}}],"inLanguage":"fr-FR"},{"@type":"Person","@id":"https:\/\/www.gold.fr\/news\/#\/schema\/person\/070491b4b4fb7671bf59b3be20302ce9","name":"Comptoir National de l'Or","image":{"@type":"ImageObject","inLanguage":"fr-FR","@id":"https:\/\/secure.gravatar.com\/avatar\/0a2867fd5abe37bed95d5a65e9d58f01756e11efc68af9888dfc50cfa7f65948?s=96&d=mm&r=gb490554db0a38188709de567aa58480d","url":"https:\/\/secure.gravatar.com\/avatar\/0a2867fd5abe37bed95d5a65e9d58f01756e11efc68af9888dfc50cfa7f65948?s=96&d=mm&r=g","contentUrl":"https:\/\/secure.gravatar.com\/avatar\/0a2867fd5abe37bed95d5a65e9d58f01756e11efc68af9888dfc50cfa7f65948?s=96&d=mm&r=g","caption":"Comptoir National de l'Or"},"description":"Notre r\u00e9daction est constitu\u00e9e de membres experts dans les m\u00e9tiers de l'\u00e9conomie et la gestion, des Responsables d'agence Comptoir National de l'Or, des analystes financiers qui publient r\u00e9guli\u00e8rement des \u00e9tudes sur les politiques des banques centrales, le cours de l'or, prix de l'or, cours de l'argent, prix de l'argent, cours du platine, cours du palladium,... la situation en zone euro et l'impact de la strat\u00e9gie mon\u00e9taire de la FED. Notre \u00e9quipe scrute \u00e9galement une information plus g\u00e9n\u00e9raliste \u00e0 la recherche d'actualit\u00e9 \"p\u00e9pite\" \u00e0 vous partager. Depuis 5 ans, nous avons publi\u00e9 un peu plus de 4000 articles qui s'adressent \u00e0 un public large et vari\u00e9 ayant pour objectif de satisfaire votre curiosit\u00e9 et de partager avec vous une certaine fascination pour le m\u00e9tal jaune, le rachat d'or, et pour ceux qui veulent investir dans l'or, vendre leur or tout simplement en savoir plus... Pour tous vos achat or et argent, n'h\u00e9sitez pas \u00e0 prendre rendez-vous dans l'un de nos nombreux comptoirs.","sameAs":["https:\/\/www.gold.fr"]}]}},"authors":[{"term_id":2565,"user_id":18,"is_guest":0,"slug":"julie","display_name":"Comptoir National de l'Or","avatar_url":"https:\/\/secure.gravatar.com\/avatar\/713f289e398d35ead876c4a4cc08607f0d6d266058cfc25683fffb6092d0e572?s=96&d=mm&r=g","0":null,"1":"","2":"","3":"","4":"","5":"","6":"","7":"","8":""}],"_links":{"self":[{"href":"https:\/\/www.gold.fr\/news\/wp-json\/wp\/v2\/posts\/15050","targetHints":{"allow":["GET"]}}],"collection":[{"href":"https:\/\/www.gold.fr\/news\/wp-json\/wp\/v2\/posts"}],"about":[{"href":"https:\/\/www.gold.fr\/news\/wp-json\/wp\/v2\/types\/post"}],"author":[{"embeddable":true,"href":"https:\/\/www.gold.fr\/news\/wp-json\/wp\/v2\/users\/18"}],"replies":[{"embeddable":true,"href":"https:\/\/www.gold.fr\/news\/wp-json\/wp\/v2\/comments?post=15050"}],"version-history":[{"count":0,"href":"https:\/\/www.gold.fr\/news\/wp-json\/wp\/v2\/posts\/15050\/revisions"}],"wp:featuredmedia":[{"embeddable":true,"href":"https:\/\/www.gold.fr\/news\/wp-json\/wp\/v2\/media\/2937"}],"wp:attachment":[{"href":"https:\/\/www.gold.fr\/news\/wp-json\/wp\/v2\/media?parent=15050"}],"wp:term":[{"taxonomy":"category","embeddable":true,"href":"https:\/\/www.gold.fr\/news\/wp-json\/wp\/v2\/categories?post=15050"},{"taxonomy":"post_tag","embeddable":true,"href":"https:\/\/www.gold.fr\/news\/wp-json\/wp\/v2\/tags?post=15050"},{"taxonomy":"author","embeddable":true,"href":"https:\/\/www.gold.fr\/news\/wp-json\/wp\/v2\/ppma_author?post=15050"}],"curies":[{"name":"wp","href":"https:\/\/api.w.org\/{rel}","templated":true}]}}