{"id":15045,"date":"2014-07-04T09:00:54","date_gmt":"2014-07-04T07:00:54","guid":{"rendered":"https:\/\/www.gold.fr\/news\/?p=15045"},"modified":"2017-11-02T11:31:36","modified_gmt":"2017-11-02T10:31:36","slug":"un-debut-de-semestre-dynamique-pour-les-marches-euro","status":"publish","type":"post","link":"https:\/\/www.gold.fr\/news\/2014\/07\/04\/un-debut-de-semestre-dynamique-pour-les-marches-euro\/","title":{"rendered":"Un d\u00e9but de semestre dynamique pour les march\u00e9s euro"},"content":{"rendered":"<p><img loading=\"lazy\" decoding=\"async\" class=\"alignleft size-thumbnail wp-image-8820\" title=\"Un d\u00e9but de semestre dynamique pour les march\u00e9s euro\" src=\"https:\/\/www.gold.fr\/news\/wp-content\/uploads\/2012\/08\/analyse-economique-150x150.jpg\" alt=\"\" width=\"150\" height=\"150\" \/><span style=\"font-size: small;\">Les march\u00e9s europ\u00e9ens semblent d\u00e9marrer ce deuxi\u00e8me semestre <strong>2014<\/strong> du bon pied, et ce, en d\u00e9pit d\u2019une semaine boursi\u00e8re am\u00e9ricaine qui est loin d\u2019\u00eatre \u00e0 la hauteur des attentes et espoirs professionnels et analystes plac\u00e9es dans son \u00e9volution.<\/span>    <span style=\"font-size: small;\"> Pourtant, quelques r\u00e9sultats europ\u00e9ens relativement inqui\u00e9tants viennent \u00e9galement s\u2019ajouter \u00e0 ces statistiques am\u00e9ricaines en repli consid\u00e9rable. Rappelons en effet que l&rsquo;indice <strong>PMI<\/strong> final Markit pour l&rsquo;industrie manufacturi\u00e8re en zone euro marque, pour le mois de juin, une baisse (de <strong>52,2<\/strong> vers <strong>51,8<\/strong>), soit sa pire performance des sept derniers mois, d\u00e9cevant dans la foul\u00e9e les estimations expertes flash qui le pla\u00e7aient dans les <strong>51,9<\/strong>. L\u2019indice a toutefois enregistr\u00e9 une hausse en <strong>Irlande<\/strong> et en <strong>Espagne<\/strong>, mais \u00e9galement en <strong>France<\/strong> et <strong>Gr\u00e8ce<\/strong> \u00ab <em>o\u00f9 il s&rsquo;\u00e9tablit en-dessous de la barre du 50, sans changement<\/em>\u00a0\u00bb.<\/span>    <span style=\"font-size: small;\"> Pour les \u00e9conomistes, et notamment chez <strong>Markit<\/strong> m\u00eame, ce r\u00e9sultat largement mitig\u00e9 devrait avoir un solide impact sur la politique mon\u00e9taire de la banque centrale europ\u00e9enne, \u00e0 court et moyen terme. L\u2019\u00e9quipe d\u2019experts estime en effet que\u00a0\u00ab<em>\u00a0le ralentissement de l&rsquo;expansion incitera la <strong>BCE<\/strong> \u00e0 intensifier ses mesures de soutien \u00e0 l&rsquo;\u00e9conomie, et des voix de plus en plus nombreuses s&rsquo;\u00e9l\u00e8veront sans nul doute en faveur d&rsquo;une politique d&rsquo;assouplissement quantitatif g\u00e9n\u00e9ralis\u00e9e<\/em>\u00a0\u00bb.<\/span>    <span style=\"font-size: small;\"> En attendant, les march\u00e9s d\u2019investissement du bloc des 18, de leur c\u00f4t\u00e9, ont apparemment d\u00e9cid\u00e9 de d\u00e9fier la logique \u00e9conomiste, cette semaine, puisqu\u2019ils maintiennent une performance optimiste \u00e0 toute \u00e9preuve, depuis <a title=\"L\u2019or stable, sur fond de march\u00e9s attentistes\" href=\"https:\/\/www.gold.fr\/news\/2014\/06\/30\/lor-stable-sur-fond-de-marches-attentistes\/15015\/\" target=\"_blank\">la s\u00e9ance du lundi<\/a>.<\/span><\/p>\n<!-- AddThis Advanced Settings generic via filter on the_content --><!-- AddThis Share Buttons generic via filter on the_content -->","protected":false},"excerpt":{"rendered":"<p>Les march\u00e9s europ\u00e9ens semblent d\u00e9marrer ce deuxi\u00e8me semestre 2014 du bon pied, et ce, en d\u00e9pit d\u2019une semaine boursi\u00e8re am\u00e9ricaine qui est loin d\u2019\u00eatre \u00e0 la hauteur des attentes et espoirs professionnels et analystes plac\u00e9es dans [&hellip;]<\/p>\n","protected":false},"author":18,"featured_media":8820,"comment_status":"open","ping_status":"open","sticky":false,"template":"","format":"standard","meta":{"_mbp_gutenberg_autopost":false,"_pgmb_is_evergreen":false,"_pgmb_ap_template_id":0,"footnotes":""},"categories":[6],"tags":[143,1649,126],"ppma_author":[2565],"class_list":["post-15045","post","type-post","status-publish","format-standard","has-post-thumbnail","hentry","category-articles-de-presse","tag-bce","tag-marches","tag-zone-euro"],"yoast_head":"<!-- This site is optimized with the Yoast SEO plugin v27.5 - https:\/\/yoast.com\/product\/yoast-seo-wordpress\/ -->\n<title>Un d\u00e9but de semestre dynamique pour les march\u00e9s euro - Gold.fr<\/title>\n<meta name=\"robots\" content=\"index, follow, max-snippet:-1, max-image-preview:large, max-video-preview:-1\" \/>\n<link rel=\"canonical\" href=\"https:\/\/www.gold.fr\/news\/2014\/07\/04\/un-debut-de-semestre-dynamique-pour-les-marches-euro\/\" \/>\n<meta property=\"og:locale\" content=\"fr_FR\" \/>\n<meta property=\"og:type\" content=\"article\" \/>\n<meta property=\"og:title\" content=\"Un d\u00e9but de semestre dynamique pour les march\u00e9s euro - Gold.fr\" \/>\n<meta property=\"og:description\" content=\"Les march\u00e9s europ\u00e9ens semblent d\u00e9marrer ce deuxi\u00e8me semestre 2014 du bon pied, et ce, en d\u00e9pit d\u2019une semaine boursi\u00e8re am\u00e9ricaine qui est loin d\u2019\u00eatre \u00e0 la hauteur des attentes et espoirs professionnels et analystes plac\u00e9es dans [&hellip;]\" \/>\n<meta property=\"og:url\" content=\"https:\/\/www.gold.fr\/news\/2014\/07\/04\/un-debut-de-semestre-dynamique-pour-les-marches-euro\/\" \/>\n<meta property=\"og:site_name\" content=\"Gold.fr\" \/>\n<meta property=\"article:publisher\" content=\"https:\/\/www.facebook.com\/Goldfr\/\" \/>\n<meta property=\"article:published_time\" content=\"2014-07-04T07:00:54+00:00\" \/>\n<meta property=\"article:modified_time\" content=\"2017-11-02T10:31:36+00:00\" \/>\n<meta property=\"og:image\" content=\"https:\/\/www.gold.fr\/news\/wp-content\/uploads\/2012\/08\/analyse-economique.jpg\" \/>\n\t<meta property=\"og:image:width\" content=\"600\" \/>\n\t<meta property=\"og:image:height\" content=\"401\" \/>\n\t<meta property=\"og:image:type\" content=\"image\/jpeg\" \/>\n<meta name=\"author\" content=\"Comptoir National de l&#039;Or\" \/>\n<meta name=\"twitter:card\" content=\"summary_large_image\" \/>\n<meta name=\"twitter:label1\" content=\"\u00c9crit par\" \/>\n\t<meta name=\"twitter:data1\" content=\"Comptoir National de l&#039;Or\" \/>\n\t<meta name=\"twitter:label2\" content=\"Dur\u00e9e de lecture estim\u00e9e\" \/>\n\t<meta name=\"twitter:data2\" content=\"1 minute\" \/>\n<script type=\"application\/ld+json\" class=\"yoast-schema-graph\">{\"@context\":\"https:\\\/\\\/schema.org\",\"@graph\":[{\"@type\":\"Article\",\"@id\":\"https:\\\/\\\/www.gold.fr\\\/news\\\/2014\\\/07\\\/04\\\/un-debut-de-semestre-dynamique-pour-les-marches-euro\\\/#article\",\"isPartOf\":{\"@id\":\"https:\\\/\\\/www.gold.fr\\\/news\\\/2014\\\/07\\\/04\\\/un-debut-de-semestre-dynamique-pour-les-marches-euro\\\/\"},\"author\":{\"name\":\"Comptoir National de l'Or\",\"@id\":\"https:\\\/\\\/www.gold.fr\\\/news\\\/#\\\/schema\\\/person\\\/070491b4b4fb7671bf59b3be20302ce9\"},\"headline\":\"Un d\u00e9but de semestre dynamique pour les march\u00e9s euro\",\"datePublished\":\"2014-07-04T07:00:54+00:00\",\"dateModified\":\"2017-11-02T10:31:36+00:00\",\"mainEntityOfPage\":{\"@id\":\"https:\\\/\\\/www.gold.fr\\\/news\\\/2014\\\/07\\\/04\\\/un-debut-de-semestre-dynamique-pour-les-marches-euro\\\/\"},\"wordCount\":282,\"commentCount\":0,\"image\":{\"@id\":\"https:\\\/\\\/www.gold.fr\\\/news\\\/2014\\\/07\\\/04\\\/un-debut-de-semestre-dynamique-pour-les-marches-euro\\\/#primaryimage\"},\"thumbnailUrl\":\"https:\\\/\\\/www.gold.fr\\\/news\\\/wp-content\\\/uploads\\\/2012\\\/08\\\/analyse-economique.jpg\",\"keywords\":[\"bce\",\"march\u00e9s\",\"zone euro\"],\"articleSection\":[\"Articles de presse\"],\"inLanguage\":\"fr-FR\"},{\"@type\":\"WebPage\",\"@id\":\"https:\\\/\\\/www.gold.fr\\\/news\\\/2014\\\/07\\\/04\\\/un-debut-de-semestre-dynamique-pour-les-marches-euro\\\/\",\"url\":\"https:\\\/\\\/www.gold.fr\\\/news\\\/2014\\\/07\\\/04\\\/un-debut-de-semestre-dynamique-pour-les-marches-euro\\\/\",\"name\":\"Un d\u00e9but de semestre dynamique pour les march\u00e9s euro - Gold.fr\",\"isPartOf\":{\"@id\":\"https:\\\/\\\/www.gold.fr\\\/news\\\/#website\"},\"primaryImageOfPage\":{\"@id\":\"https:\\\/\\\/www.gold.fr\\\/news\\\/2014\\\/07\\\/04\\\/un-debut-de-semestre-dynamique-pour-les-marches-euro\\\/#primaryimage\"},\"image\":{\"@id\":\"https:\\\/\\\/www.gold.fr\\\/news\\\/2014\\\/07\\\/04\\\/un-debut-de-semestre-dynamique-pour-les-marches-euro\\\/#primaryimage\"},\"thumbnailUrl\":\"https:\\\/\\\/www.gold.fr\\\/news\\\/wp-content\\\/uploads\\\/2012\\\/08\\\/analyse-economique.jpg\",\"datePublished\":\"2014-07-04T07:00:54+00:00\",\"dateModified\":\"2017-11-02T10:31:36+00:00\",\"author\":{\"@id\":\"https:\\\/\\\/www.gold.fr\\\/news\\\/#\\\/schema\\\/person\\\/070491b4b4fb7671bf59b3be20302ce9\"},\"breadcrumb\":{\"@id\":\"https:\\\/\\\/www.gold.fr\\\/news\\\/2014\\\/07\\\/04\\\/un-debut-de-semestre-dynamique-pour-les-marches-euro\\\/#breadcrumb\"},\"inLanguage\":\"fr-FR\",\"potentialAction\":[{\"@type\":\"ReadAction\",\"target\":[\"https:\\\/\\\/www.gold.fr\\\/news\\\/2014\\\/07\\\/04\\\/un-debut-de-semestre-dynamique-pour-les-marches-euro\\\/\"]}]},{\"@type\":\"ImageObject\",\"inLanguage\":\"fr-FR\",\"@id\":\"https:\\\/\\\/www.gold.fr\\\/news\\\/2014\\\/07\\\/04\\\/un-debut-de-semestre-dynamique-pour-les-marches-euro\\\/#primaryimage\",\"url\":\"https:\\\/\\\/www.gold.fr\\\/news\\\/wp-content\\\/uploads\\\/2012\\\/08\\\/analyse-economique.jpg\",\"contentUrl\":\"https:\\\/\\\/www.gold.fr\\\/news\\\/wp-content\\\/uploads\\\/2012\\\/08\\\/analyse-economique.jpg\",\"width\":\"600\",\"height\":\"401\",\"caption\":\"Apple Watch : Nouveau tremplin haussier pour l\u2019or ?\"},{\"@type\":\"BreadcrumbList\",\"@id\":\"https:\\\/\\\/www.gold.fr\\\/news\\\/2014\\\/07\\\/04\\\/un-debut-de-semestre-dynamique-pour-les-marches-euro\\\/#breadcrumb\",\"itemListElement\":[{\"@type\":\"ListItem\",\"position\":1,\"name\":\"Accueil\",\"item\":\"https:\\\/\\\/www.gold.fr\\\/\"},{\"@type\":\"ListItem\",\"position\":2,\"name\":\"Actualit\u00e9s\",\"item\":\"https:\\\/\\\/www.gold.fr\\\/news\\\/\"},{\"@type\":\"ListItem\",\"position\":3,\"name\":\"Un d\u00e9but de semestre dynamique pour les march\u00e9s euro\"}]},{\"@type\":\"WebSite\",\"@id\":\"https:\\\/\\\/www.gold.fr\\\/news\\\/#website\",\"url\":\"https:\\\/\\\/www.gold.fr\\\/news\\\/\",\"name\":\"Gold.fr\",\"description\":\"Actualit\u00e9s de l&#039;Or et des m\u00e9taux pr\u00e9cieux\",\"potentialAction\":[{\"@type\":\"SearchAction\",\"target\":{\"@type\":\"EntryPoint\",\"urlTemplate\":\"https:\\\/\\\/www.gold.fr\\\/news\\\/?s={search_term_string}\"},\"query-input\":{\"@type\":\"PropertyValueSpecification\",\"valueRequired\":true,\"valueName\":\"search_term_string\"}}],\"inLanguage\":\"fr-FR\"},{\"@type\":\"Person\",\"@id\":\"https:\\\/\\\/www.gold.fr\\\/news\\\/#\\\/schema\\\/person\\\/070491b4b4fb7671bf59b3be20302ce9\",\"name\":\"Comptoir National de l'Or\",\"image\":{\"@type\":\"ImageObject\",\"inLanguage\":\"fr-FR\",\"@id\":\"https:\\\/\\\/secure.gravatar.com\\\/avatar\\\/0a2867fd5abe37bed95d5a65e9d58f01756e11efc68af9888dfc50cfa7f65948?s=96&d=mm&r=gb490554db0a38188709de567aa58480d\",\"url\":\"https:\\\/\\\/secure.gravatar.com\\\/avatar\\\/0a2867fd5abe37bed95d5a65e9d58f01756e11efc68af9888dfc50cfa7f65948?s=96&d=mm&r=g\",\"contentUrl\":\"https:\\\/\\\/secure.gravatar.com\\\/avatar\\\/0a2867fd5abe37bed95d5a65e9d58f01756e11efc68af9888dfc50cfa7f65948?s=96&d=mm&r=g\",\"caption\":\"Comptoir National de l'Or\"},\"description\":\"Notre r\u00e9daction est constitu\u00e9e de membres experts dans les m\u00e9tiers de l'\u00e9conomie et la gestion, des Responsables d'agence Comptoir National de l'Or, des analystes financiers qui publient r\u00e9guli\u00e8rement des \u00e9tudes sur les politiques des banques centrales, le cours de l'or, prix de l'or, cours de l'argent, prix de l'argent, cours du platine, cours du palladium,... la situation en zone euro et l'impact de la strat\u00e9gie mon\u00e9taire de la FED. Notre \u00e9quipe scrute \u00e9galement une information plus g\u00e9n\u00e9raliste \u00e0 la recherche d'actualit\u00e9 \\\"p\u00e9pite\\\" \u00e0 vous partager. Depuis 5 ans, nous avons publi\u00e9 un peu plus de 4000 articles qui s'adressent \u00e0 un public large et vari\u00e9 ayant pour objectif de satisfaire votre curiosit\u00e9 et de partager avec vous une certaine fascination pour le m\u00e9tal jaune, le rachat d'or, et pour ceux qui veulent investir dans l'or, vendre leur or tout simplement en savoir plus... Pour tous vos achat or et argent, n'h\u00e9sitez pas \u00e0 prendre rendez-vous dans l'un de nos nombreux comptoirs.\",\"sameAs\":[\"https:\\\/\\\/www.gold.fr\"]}]}<\/script>\n<!-- \/ Yoast SEO plugin. -->","yoast_head_json":{"title":"Un d\u00e9but de semestre dynamique pour les march\u00e9s euro - Gold.fr","robots":{"index":"index","follow":"follow","max-snippet":"max-snippet:-1","max-image-preview":"max-image-preview:large","max-video-preview":"max-video-preview:-1"},"canonical":"https:\/\/www.gold.fr\/news\/2014\/07\/04\/un-debut-de-semestre-dynamique-pour-les-marches-euro\/","og_locale":"fr_FR","og_type":"article","og_title":"Un d\u00e9but de semestre dynamique pour les march\u00e9s euro - Gold.fr","og_description":"Les march\u00e9s europ\u00e9ens semblent d\u00e9marrer ce deuxi\u00e8me semestre 2014 du bon pied, et ce, en d\u00e9pit d\u2019une semaine boursi\u00e8re am\u00e9ricaine qui est loin d\u2019\u00eatre \u00e0 la hauteur des attentes et espoirs professionnels et analystes plac\u00e9es dans [&hellip;]","og_url":"https:\/\/www.gold.fr\/news\/2014\/07\/04\/un-debut-de-semestre-dynamique-pour-les-marches-euro\/","og_site_name":"Gold.fr","article_publisher":"https:\/\/www.facebook.com\/Goldfr\/","article_published_time":"2014-07-04T07:00:54+00:00","article_modified_time":"2017-11-02T10:31:36+00:00","og_image":[{"width":600,"height":401,"url":"https:\/\/www.gold.fr\/news\/wp-content\/uploads\/2012\/08\/analyse-economique.jpg","type":"image\/jpeg"}],"author":"Comptoir National de l'Or","twitter_card":"summary_large_image","twitter_misc":{"\u00c9crit par":"Comptoir National de l'Or","Dur\u00e9e de lecture estim\u00e9e":"1 minute"},"schema":{"@context":"https:\/\/schema.org","@graph":[{"@type":"Article","@id":"https:\/\/www.gold.fr\/news\/2014\/07\/04\/un-debut-de-semestre-dynamique-pour-les-marches-euro\/#article","isPartOf":{"@id":"https:\/\/www.gold.fr\/news\/2014\/07\/04\/un-debut-de-semestre-dynamique-pour-les-marches-euro\/"},"author":{"name":"Comptoir National de l'Or","@id":"https:\/\/www.gold.fr\/news\/#\/schema\/person\/070491b4b4fb7671bf59b3be20302ce9"},"headline":"Un d\u00e9but de semestre dynamique pour les march\u00e9s euro","datePublished":"2014-07-04T07:00:54+00:00","dateModified":"2017-11-02T10:31:36+00:00","mainEntityOfPage":{"@id":"https:\/\/www.gold.fr\/news\/2014\/07\/04\/un-debut-de-semestre-dynamique-pour-les-marches-euro\/"},"wordCount":282,"commentCount":0,"image":{"@id":"https:\/\/www.gold.fr\/news\/2014\/07\/04\/un-debut-de-semestre-dynamique-pour-les-marches-euro\/#primaryimage"},"thumbnailUrl":"https:\/\/www.gold.fr\/news\/wp-content\/uploads\/2012\/08\/analyse-economique.jpg","keywords":["bce","march\u00e9s","zone euro"],"articleSection":["Articles de presse"],"inLanguage":"fr-FR"},{"@type":"WebPage","@id":"https:\/\/www.gold.fr\/news\/2014\/07\/04\/un-debut-de-semestre-dynamique-pour-les-marches-euro\/","url":"https:\/\/www.gold.fr\/news\/2014\/07\/04\/un-debut-de-semestre-dynamique-pour-les-marches-euro\/","name":"Un d\u00e9but de semestre dynamique pour les march\u00e9s euro - Gold.fr","isPartOf":{"@id":"https:\/\/www.gold.fr\/news\/#website"},"primaryImageOfPage":{"@id":"https:\/\/www.gold.fr\/news\/2014\/07\/04\/un-debut-de-semestre-dynamique-pour-les-marches-euro\/#primaryimage"},"image":{"@id":"https:\/\/www.gold.fr\/news\/2014\/07\/04\/un-debut-de-semestre-dynamique-pour-les-marches-euro\/#primaryimage"},"thumbnailUrl":"https:\/\/www.gold.fr\/news\/wp-content\/uploads\/2012\/08\/analyse-economique.jpg","datePublished":"2014-07-04T07:00:54+00:00","dateModified":"2017-11-02T10:31:36+00:00","author":{"@id":"https:\/\/www.gold.fr\/news\/#\/schema\/person\/070491b4b4fb7671bf59b3be20302ce9"},"breadcrumb":{"@id":"https:\/\/www.gold.fr\/news\/2014\/07\/04\/un-debut-de-semestre-dynamique-pour-les-marches-euro\/#breadcrumb"},"inLanguage":"fr-FR","potentialAction":[{"@type":"ReadAction","target":["https:\/\/www.gold.fr\/news\/2014\/07\/04\/un-debut-de-semestre-dynamique-pour-les-marches-euro\/"]}]},{"@type":"ImageObject","inLanguage":"fr-FR","@id":"https:\/\/www.gold.fr\/news\/2014\/07\/04\/un-debut-de-semestre-dynamique-pour-les-marches-euro\/#primaryimage","url":"https:\/\/www.gold.fr\/news\/wp-content\/uploads\/2012\/08\/analyse-economique.jpg","contentUrl":"https:\/\/www.gold.fr\/news\/wp-content\/uploads\/2012\/08\/analyse-economique.jpg","width":"600","height":"401","caption":"Apple Watch : Nouveau tremplin haussier pour l\u2019or ?"},{"@type":"BreadcrumbList","@id":"https:\/\/www.gold.fr\/news\/2014\/07\/04\/un-debut-de-semestre-dynamique-pour-les-marches-euro\/#breadcrumb","itemListElement":[{"@type":"ListItem","position":1,"name":"Accueil","item":"https:\/\/www.gold.fr\/"},{"@type":"ListItem","position":2,"name":"Actualit\u00e9s","item":"https:\/\/www.gold.fr\/news\/"},{"@type":"ListItem","position":3,"name":"Un d\u00e9but de semestre dynamique pour les march\u00e9s euro"}]},{"@type":"WebSite","@id":"https:\/\/www.gold.fr\/news\/#website","url":"https:\/\/www.gold.fr\/news\/","name":"Gold.fr","description":"Actualit\u00e9s de l&#039;Or et des m\u00e9taux pr\u00e9cieux","potentialAction":[{"@type":"SearchAction","target":{"@type":"EntryPoint","urlTemplate":"https:\/\/www.gold.fr\/news\/?s={search_term_string}"},"query-input":{"@type":"PropertyValueSpecification","valueRequired":true,"valueName":"search_term_string"}}],"inLanguage":"fr-FR"},{"@type":"Person","@id":"https:\/\/www.gold.fr\/news\/#\/schema\/person\/070491b4b4fb7671bf59b3be20302ce9","name":"Comptoir National de l'Or","image":{"@type":"ImageObject","inLanguage":"fr-FR","@id":"https:\/\/secure.gravatar.com\/avatar\/0a2867fd5abe37bed95d5a65e9d58f01756e11efc68af9888dfc50cfa7f65948?s=96&d=mm&r=gb490554db0a38188709de567aa58480d","url":"https:\/\/secure.gravatar.com\/avatar\/0a2867fd5abe37bed95d5a65e9d58f01756e11efc68af9888dfc50cfa7f65948?s=96&d=mm&r=g","contentUrl":"https:\/\/secure.gravatar.com\/avatar\/0a2867fd5abe37bed95d5a65e9d58f01756e11efc68af9888dfc50cfa7f65948?s=96&d=mm&r=g","caption":"Comptoir National de l'Or"},"description":"Notre r\u00e9daction est constitu\u00e9e de membres experts dans les m\u00e9tiers de l'\u00e9conomie et la gestion, des Responsables d'agence Comptoir National de l'Or, des analystes financiers qui publient r\u00e9guli\u00e8rement des \u00e9tudes sur les politiques des banques centrales, le cours de l'or, prix de l'or, cours de l'argent, prix de l'argent, cours du platine, cours du palladium,... la situation en zone euro et l'impact de la strat\u00e9gie mon\u00e9taire de la FED. Notre \u00e9quipe scrute \u00e9galement une information plus g\u00e9n\u00e9raliste \u00e0 la recherche d'actualit\u00e9 \"p\u00e9pite\" \u00e0 vous partager. Depuis 5 ans, nous avons publi\u00e9 un peu plus de 4000 articles qui s'adressent \u00e0 un public large et vari\u00e9 ayant pour objectif de satisfaire votre curiosit\u00e9 et de partager avec vous une certaine fascination pour le m\u00e9tal jaune, le rachat d'or, et pour ceux qui veulent investir dans l'or, vendre leur or tout simplement en savoir plus... Pour tous vos achat or et argent, n'h\u00e9sitez pas \u00e0 prendre rendez-vous dans l'un de nos nombreux comptoirs.","sameAs":["https:\/\/www.gold.fr"]}]}},"authors":[{"term_id":2565,"user_id":18,"is_guest":0,"slug":"julie","display_name":"Comptoir National de l'Or","avatar_url":"https:\/\/secure.gravatar.com\/avatar\/713f289e398d35ead876c4a4cc08607f0d6d266058cfc25683fffb6092d0e572?s=96&d=mm&r=g","0":null,"1":"","2":"","3":"","4":"","5":"","6":"","7":"","8":""}],"_links":{"self":[{"href":"https:\/\/www.gold.fr\/news\/wp-json\/wp\/v2\/posts\/15045","targetHints":{"allow":["GET"]}}],"collection":[{"href":"https:\/\/www.gold.fr\/news\/wp-json\/wp\/v2\/posts"}],"about":[{"href":"https:\/\/www.gold.fr\/news\/wp-json\/wp\/v2\/types\/post"}],"author":[{"embeddable":true,"href":"https:\/\/www.gold.fr\/news\/wp-json\/wp\/v2\/users\/18"}],"replies":[{"embeddable":true,"href":"https:\/\/www.gold.fr\/news\/wp-json\/wp\/v2\/comments?post=15045"}],"version-history":[{"count":0,"href":"https:\/\/www.gold.fr\/news\/wp-json\/wp\/v2\/posts\/15045\/revisions"}],"wp:featuredmedia":[{"embeddable":true,"href":"https:\/\/www.gold.fr\/news\/wp-json\/wp\/v2\/media\/8820"}],"wp:attachment":[{"href":"https:\/\/www.gold.fr\/news\/wp-json\/wp\/v2\/media?parent=15045"}],"wp:term":[{"taxonomy":"category","embeddable":true,"href":"https:\/\/www.gold.fr\/news\/wp-json\/wp\/v2\/categories?post=15045"},{"taxonomy":"post_tag","embeddable":true,"href":"https:\/\/www.gold.fr\/news\/wp-json\/wp\/v2\/tags?post=15045"},{"taxonomy":"author","embeddable":true,"href":"https:\/\/www.gold.fr\/news\/wp-json\/wp\/v2\/ppma_author?post=15045"}],"curies":[{"name":"wp","href":"https:\/\/api.w.org\/{rel}","templated":true}]}}