{"id":15043,"date":"2014-07-03T17:00:53","date_gmt":"2014-07-03T15:00:53","guid":{"rendered":"https:\/\/www.gold.fr\/news\/?p=15043"},"modified":"2017-10-26T18:56:52","modified_gmt":"2017-10-26T16:56:52","slug":"lor-entre-facteurs-de-soutien-et-incertitude-attentiste","status":"publish","type":"post","link":"https:\/\/www.gold.fr\/news\/2014\/07\/03\/lor-entre-facteurs-de-soutien-et-incertitude-attentiste\/","title":{"rendered":"L\u2019or entre facteurs de soutien et incertitude attentiste"},"content":{"rendered":"<p><img loading=\"lazy\" decoding=\"async\" class=\"alignleft size-thumbnail wp-image-5156\" title=\"L'or entre facteurs de soutien et incertitude attentiste\" src=\"https:\/\/www.gold.fr\/news\/wp-content\/uploads\/2012\/01\/cours-de-lor2-150x150.jpg\" alt=\"\" width=\"150\" height=\"150\" \/><span style=\"font-size: small;\">Certes ; pour l&rsquo;instant, c&rsquo;est le fameux \u2018<em>rien \u00e0 signaler<\/em>&lsquo; qui r\u00e8gne sur le march\u00e9 aurif\u00e8re, <a title=\"L\u2019or solidement stabilis\u00e9, l\u2019emploi US en vue\" href=\"https:\/\/www.gold.fr\/news\/2014\/07\/03\/lor-solidement-stabilise-lemploi-us-en-vue\/15041\/\" target=\"_blank\">confirmant la solide stabilit\u00e9 du m\u00e9tal jaune<\/a> au dessus du palier des <strong>1 300 dollars<\/strong> l&rsquo;once, voire m\u00eame (si jamais la tendance se maintient jusqu&rsquo;\u00e0 la semaine prochaine) au dessus des <strong>1 325 dollars<\/strong> l&rsquo;once. Cet \u00e9quilibre ferme et statique vient renforcer la tendance haussi\u00e8re de la relique barbare, entam\u00e9e depuis la fin du mois de juin. Mais les d\u00e9veloppements de cette fin de semaine seraient largement susceptibles d&rsquo;apporter un changement majeur \u00e0 ce calme plat.<\/span>    <span style=\"font-size: small;\"> Pour l&rsquo;heure, <a title=\"Prix de l'Once d'or\" href=\"https:\/\/www.gold.fr\/once-en\/\" target=\"_blank\">le prix de l\u2019once de m\u00e9tal jaune<\/a> ne quitte pas (depuis trois s\u00e9ances) les <strong>1 326 dollars<\/strong>, poussant les experts de Standard Banque \u00e0 confirmer \u00ab <em>la bonne tenue de l&rsquo;<a href='https:\/\/www.gold.fr\/news\/tags\/or' class='esk-seo-plu-link'>or<\/a> apr\u00e8s sa hausse r\u00e9cente, tout en indiquant que les volumes d&rsquo;\u00e9change sont limit\u00e9s<\/em> \u00bb, en d\u00e9pit du fait que bon nombre d&rsquo;observateurs soulignent que \u00ab <em>les op\u00e9rateurs sont incit\u00e9s \u00e0 la retenue avant la publication (\u2026) du rapport am\u00e9ricain sur l&#8217;emploi au titre du mois de juin, un indicateur macro\u00e9conomique majeur<\/em> \u00bb.<\/span>    <span style=\"font-size: small;\"> Rappelons effectivement qu&rsquo;entre la publication des statistiques am\u00e9ricaines relatives \u00e0 l&rsquo;\u00e9volution de l&#8217;emploi national (dont les d\u00e9tails seront r\u00e9v\u00e9l\u00e9s lors de la derni\u00e8re s\u00e9ance de la semaine), et la r\u00e9union \u2013tr\u00e8s anticip\u00e9e- du conseil des gouverneurs de la banque centrale europ\u00e9enne (pr\u00e9vue jeudi prochain), c&rsquo;est un calendrier \u00e9conomique particuli\u00e8rement charg\u00e9 que traverseront les deux c\u00f4t\u00e9s de l&rsquo;Atlantique, d&rsquo;ici la fin de la semaine prochaine.<\/span>    <span style=\"font-size: small;\"> Bien qu&rsquo;il puisse p\u00e2tir de cette incertitude attentiste, le march\u00e9 aurif\u00e8re profite par ailleurs de la phase de gr\u00e2ce que traverse le march\u00e9 des m\u00e9taux pr\u00e9cieux et notamment les platino\u00efdes.<\/span><\/p>\n<!-- AddThis Advanced Settings generic via filter on the_content --><!-- AddThis Share Buttons generic via filter on the_content -->","protected":false},"excerpt":{"rendered":"<p>Certes ; pour l&rsquo;instant, c&rsquo;est le fameux \u2018rien \u00e0 signaler&lsquo; qui r\u00e8gne sur le march\u00e9 aurif\u00e8re, confirmant la solide stabilit\u00e9 du m\u00e9tal jaune au dessus du palier des 1 300 dollars l&rsquo;once, voire m\u00eame (si jamais [&hellip;]<\/p>\n","protected":false},"author":18,"featured_media":5156,"comment_status":"open","ping_status":"open","sticky":false,"template":"","format":"standard","meta":{"_mbp_gutenberg_autopost":false,"_pgmb_is_evergreen":false,"_pgmb_ap_template_id":0,"footnotes":""},"categories":[6],"tags":[1047,900,962],"ppma_author":[2565],"class_list":["post-15043","post","type-post","status-publish","format-standard","has-post-thumbnail","hentry","category-articles-de-presse","tag-marche-aurifere","tag-once-or","tag-prix-or"],"yoast_head":"<!-- This site is optimized with the Yoast SEO plugin v27.5 - https:\/\/yoast.com\/product\/yoast-seo-wordpress\/ -->\n<title>L\u2019or entre facteurs de soutien et incertitude attentiste - Gold.fr<\/title>\n<meta name=\"robots\" content=\"index, follow, max-snippet:-1, max-image-preview:large, max-video-preview:-1\" \/>\n<link rel=\"canonical\" href=\"https:\/\/www.gold.fr\/news\/2014\/07\/03\/lor-entre-facteurs-de-soutien-et-incertitude-attentiste\/\" \/>\n<meta property=\"og:locale\" content=\"fr_FR\" \/>\n<meta property=\"og:type\" content=\"article\" \/>\n<meta property=\"og:title\" content=\"L\u2019or entre facteurs de soutien et incertitude attentiste - Gold.fr\" \/>\n<meta property=\"og:description\" content=\"Certes ; pour l&rsquo;instant, c&rsquo;est le fameux \u2018rien \u00e0 signaler&lsquo; qui r\u00e8gne sur le march\u00e9 aurif\u00e8re, confirmant la solide stabilit\u00e9 du m\u00e9tal jaune au dessus du palier des 1 300 dollars l&rsquo;once, voire m\u00eame (si jamais [&hellip;]\" \/>\n<meta property=\"og:url\" content=\"https:\/\/www.gold.fr\/news\/2014\/07\/03\/lor-entre-facteurs-de-soutien-et-incertitude-attentiste\/\" \/>\n<meta property=\"og:site_name\" content=\"Gold.fr\" \/>\n<meta property=\"article:publisher\" content=\"https:\/\/www.facebook.com\/Goldfr\/\" \/>\n<meta property=\"article:published_time\" content=\"2014-07-03T15:00:53+00:00\" \/>\n<meta property=\"article:modified_time\" content=\"2017-10-26T16:56:52+00:00\" \/>\n<meta property=\"og:image\" content=\"https:\/\/www.gold.fr\/news\/wp-content\/uploads\/2012\/01\/cours-de-lor2.jpg\" \/>\n\t<meta property=\"og:image:width\" content=\"600\" \/>\n\t<meta property=\"og:image:height\" content=\"400\" \/>\n\t<meta property=\"og:image:type\" content=\"image\/jpeg\" \/>\n<meta name=\"author\" content=\"Comptoir National de l&#039;Or\" \/>\n<meta name=\"twitter:card\" content=\"summary_large_image\" \/>\n<meta name=\"twitter:label1\" content=\"\u00c9crit par\" \/>\n\t<meta name=\"twitter:data1\" content=\"Comptoir National de l&#039;Or\" \/>\n\t<meta name=\"twitter:label2\" content=\"Dur\u00e9e de lecture estim\u00e9e\" \/>\n\t<meta name=\"twitter:data2\" content=\"1 minute\" \/>\n<script type=\"application\/ld+json\" class=\"yoast-schema-graph\">{\"@context\":\"https:\\\/\\\/schema.org\",\"@graph\":[{\"@type\":\"Article\",\"@id\":\"https:\\\/\\\/www.gold.fr\\\/news\\\/2014\\\/07\\\/03\\\/lor-entre-facteurs-de-soutien-et-incertitude-attentiste\\\/#article\",\"isPartOf\":{\"@id\":\"https:\\\/\\\/www.gold.fr\\\/news\\\/2014\\\/07\\\/03\\\/lor-entre-facteurs-de-soutien-et-incertitude-attentiste\\\/\"},\"author\":{\"name\":\"Comptoir National de l'Or\",\"@id\":\"https:\\\/\\\/www.gold.fr\\\/news\\\/#\\\/schema\\\/person\\\/070491b4b4fb7671bf59b3be20302ce9\"},\"headline\":\"L\u2019or entre facteurs de soutien et incertitude attentiste\",\"datePublished\":\"2014-07-03T15:00:53+00:00\",\"dateModified\":\"2017-10-26T16:56:52+00:00\",\"mainEntityOfPage\":{\"@id\":\"https:\\\/\\\/www.gold.fr\\\/news\\\/2014\\\/07\\\/03\\\/lor-entre-facteurs-de-soutien-et-incertitude-attentiste\\\/\"},\"wordCount\":319,\"commentCount\":0,\"image\":{\"@id\":\"https:\\\/\\\/www.gold.fr\\\/news\\\/2014\\\/07\\\/03\\\/lor-entre-facteurs-de-soutien-et-incertitude-attentiste\\\/#primaryimage\"},\"thumbnailUrl\":\"https:\\\/\\\/www.gold.fr\\\/news\\\/wp-content\\\/uploads\\\/2012\\\/01\\\/cours-de-lor2.jpg\",\"keywords\":[\"march\u00e9 aurif\u00e8re\",\"Once or\",\"prix or\"],\"articleSection\":[\"Articles de presse\"],\"inLanguage\":\"fr-FR\"},{\"@type\":\"WebPage\",\"@id\":\"https:\\\/\\\/www.gold.fr\\\/news\\\/2014\\\/07\\\/03\\\/lor-entre-facteurs-de-soutien-et-incertitude-attentiste\\\/\",\"url\":\"https:\\\/\\\/www.gold.fr\\\/news\\\/2014\\\/07\\\/03\\\/lor-entre-facteurs-de-soutien-et-incertitude-attentiste\\\/\",\"name\":\"L\u2019or entre facteurs de soutien et incertitude attentiste - Gold.fr\",\"isPartOf\":{\"@id\":\"https:\\\/\\\/www.gold.fr\\\/news\\\/#website\"},\"primaryImageOfPage\":{\"@id\":\"https:\\\/\\\/www.gold.fr\\\/news\\\/2014\\\/07\\\/03\\\/lor-entre-facteurs-de-soutien-et-incertitude-attentiste\\\/#primaryimage\"},\"image\":{\"@id\":\"https:\\\/\\\/www.gold.fr\\\/news\\\/2014\\\/07\\\/03\\\/lor-entre-facteurs-de-soutien-et-incertitude-attentiste\\\/#primaryimage\"},\"thumbnailUrl\":\"https:\\\/\\\/www.gold.fr\\\/news\\\/wp-content\\\/uploads\\\/2012\\\/01\\\/cours-de-lor2.jpg\",\"datePublished\":\"2014-07-03T15:00:53+00:00\",\"dateModified\":\"2017-10-26T16:56:52+00:00\",\"author\":{\"@id\":\"https:\\\/\\\/www.gold.fr\\\/news\\\/#\\\/schema\\\/person\\\/070491b4b4fb7671bf59b3be20302ce9\"},\"breadcrumb\":{\"@id\":\"https:\\\/\\\/www.gold.fr\\\/news\\\/2014\\\/07\\\/03\\\/lor-entre-facteurs-de-soutien-et-incertitude-attentiste\\\/#breadcrumb\"},\"inLanguage\":\"fr-FR\",\"potentialAction\":[{\"@type\":\"ReadAction\",\"target\":[\"https:\\\/\\\/www.gold.fr\\\/news\\\/2014\\\/07\\\/03\\\/lor-entre-facteurs-de-soutien-et-incertitude-attentiste\\\/\"]}]},{\"@type\":\"ImageObject\",\"inLanguage\":\"fr-FR\",\"@id\":\"https:\\\/\\\/www.gold.fr\\\/news\\\/2014\\\/07\\\/03\\\/lor-entre-facteurs-de-soutien-et-incertitude-attentiste\\\/#primaryimage\",\"url\":\"https:\\\/\\\/www.gold.fr\\\/news\\\/wp-content\\\/uploads\\\/2012\\\/01\\\/cours-de-lor2.jpg\",\"contentUrl\":\"https:\\\/\\\/www.gold.fr\\\/news\\\/wp-content\\\/uploads\\\/2012\\\/01\\\/cours-de-lor2.jpg\",\"width\":\"600\",\"height\":\"400\",\"caption\":\"Le cours de l\u2019once retrouve sa tendance haussi\u00e8re\"},{\"@type\":\"BreadcrumbList\",\"@id\":\"https:\\\/\\\/www.gold.fr\\\/news\\\/2014\\\/07\\\/03\\\/lor-entre-facteurs-de-soutien-et-incertitude-attentiste\\\/#breadcrumb\",\"itemListElement\":[{\"@type\":\"ListItem\",\"position\":1,\"name\":\"Accueil\",\"item\":\"https:\\\/\\\/www.gold.fr\\\/\"},{\"@type\":\"ListItem\",\"position\":2,\"name\":\"Actualit\u00e9s\",\"item\":\"https:\\\/\\\/www.gold.fr\\\/news\\\/\"},{\"@type\":\"ListItem\",\"position\":3,\"name\":\"L\u2019or entre facteurs de soutien et incertitude attentiste\"}]},{\"@type\":\"WebSite\",\"@id\":\"https:\\\/\\\/www.gold.fr\\\/news\\\/#website\",\"url\":\"https:\\\/\\\/www.gold.fr\\\/news\\\/\",\"name\":\"Gold.fr\",\"description\":\"Actualit\u00e9s de l&#039;Or et des m\u00e9taux pr\u00e9cieux\",\"potentialAction\":[{\"@type\":\"SearchAction\",\"target\":{\"@type\":\"EntryPoint\",\"urlTemplate\":\"https:\\\/\\\/www.gold.fr\\\/news\\\/?s={search_term_string}\"},\"query-input\":{\"@type\":\"PropertyValueSpecification\",\"valueRequired\":true,\"valueName\":\"search_term_string\"}}],\"inLanguage\":\"fr-FR\"},{\"@type\":\"Person\",\"@id\":\"https:\\\/\\\/www.gold.fr\\\/news\\\/#\\\/schema\\\/person\\\/070491b4b4fb7671bf59b3be20302ce9\",\"name\":\"Comptoir National de l'Or\",\"image\":{\"@type\":\"ImageObject\",\"inLanguage\":\"fr-FR\",\"@id\":\"https:\\\/\\\/secure.gravatar.com\\\/avatar\\\/0a2867fd5abe37bed95d5a65e9d58f01756e11efc68af9888dfc50cfa7f65948?s=96&d=mm&r=gb490554db0a38188709de567aa58480d\",\"url\":\"https:\\\/\\\/secure.gravatar.com\\\/avatar\\\/0a2867fd5abe37bed95d5a65e9d58f01756e11efc68af9888dfc50cfa7f65948?s=96&d=mm&r=g\",\"contentUrl\":\"https:\\\/\\\/secure.gravatar.com\\\/avatar\\\/0a2867fd5abe37bed95d5a65e9d58f01756e11efc68af9888dfc50cfa7f65948?s=96&d=mm&r=g\",\"caption\":\"Comptoir National de l'Or\"},\"description\":\"Notre r\u00e9daction est constitu\u00e9e de membres experts dans les m\u00e9tiers de l'\u00e9conomie et la gestion, des Responsables d'agence Comptoir National de l'Or, des analystes financiers qui publient r\u00e9guli\u00e8rement des \u00e9tudes sur les politiques des banques centrales, le cours de l'or, prix de l'or, cours de l'argent, prix de l'argent, cours du platine, cours du palladium,... la situation en zone euro et l'impact de la strat\u00e9gie mon\u00e9taire de la FED. Notre \u00e9quipe scrute \u00e9galement une information plus g\u00e9n\u00e9raliste \u00e0 la recherche d'actualit\u00e9 \\\"p\u00e9pite\\\" \u00e0 vous partager. Depuis 5 ans, nous avons publi\u00e9 un peu plus de 4000 articles qui s'adressent \u00e0 un public large et vari\u00e9 ayant pour objectif de satisfaire votre curiosit\u00e9 et de partager avec vous une certaine fascination pour le m\u00e9tal jaune, le rachat d'or, et pour ceux qui veulent investir dans l'or, vendre leur or tout simplement en savoir plus... Pour tous vos achat or et argent, n'h\u00e9sitez pas \u00e0 prendre rendez-vous dans l'un de nos nombreux comptoirs.\",\"sameAs\":[\"https:\\\/\\\/www.gold.fr\"]}]}<\/script>\n<!-- \/ Yoast SEO plugin. -->","yoast_head_json":{"title":"L\u2019or entre facteurs de soutien et incertitude attentiste - Gold.fr","robots":{"index":"index","follow":"follow","max-snippet":"max-snippet:-1","max-image-preview":"max-image-preview:large","max-video-preview":"max-video-preview:-1"},"canonical":"https:\/\/www.gold.fr\/news\/2014\/07\/03\/lor-entre-facteurs-de-soutien-et-incertitude-attentiste\/","og_locale":"fr_FR","og_type":"article","og_title":"L\u2019or entre facteurs de soutien et incertitude attentiste - Gold.fr","og_description":"Certes ; pour l&rsquo;instant, c&rsquo;est le fameux \u2018rien \u00e0 signaler&lsquo; qui r\u00e8gne sur le march\u00e9 aurif\u00e8re, confirmant la solide stabilit\u00e9 du m\u00e9tal jaune au dessus du palier des 1 300 dollars l&rsquo;once, voire m\u00eame (si jamais [&hellip;]","og_url":"https:\/\/www.gold.fr\/news\/2014\/07\/03\/lor-entre-facteurs-de-soutien-et-incertitude-attentiste\/","og_site_name":"Gold.fr","article_publisher":"https:\/\/www.facebook.com\/Goldfr\/","article_published_time":"2014-07-03T15:00:53+00:00","article_modified_time":"2017-10-26T16:56:52+00:00","og_image":[{"width":600,"height":400,"url":"https:\/\/www.gold.fr\/news\/wp-content\/uploads\/2012\/01\/cours-de-lor2.jpg","type":"image\/jpeg"}],"author":"Comptoir National de l'Or","twitter_card":"summary_large_image","twitter_misc":{"\u00c9crit par":"Comptoir National de l'Or","Dur\u00e9e de lecture estim\u00e9e":"1 minute"},"schema":{"@context":"https:\/\/schema.org","@graph":[{"@type":"Article","@id":"https:\/\/www.gold.fr\/news\/2014\/07\/03\/lor-entre-facteurs-de-soutien-et-incertitude-attentiste\/#article","isPartOf":{"@id":"https:\/\/www.gold.fr\/news\/2014\/07\/03\/lor-entre-facteurs-de-soutien-et-incertitude-attentiste\/"},"author":{"name":"Comptoir National de l'Or","@id":"https:\/\/www.gold.fr\/news\/#\/schema\/person\/070491b4b4fb7671bf59b3be20302ce9"},"headline":"L\u2019or entre facteurs de soutien et incertitude attentiste","datePublished":"2014-07-03T15:00:53+00:00","dateModified":"2017-10-26T16:56:52+00:00","mainEntityOfPage":{"@id":"https:\/\/www.gold.fr\/news\/2014\/07\/03\/lor-entre-facteurs-de-soutien-et-incertitude-attentiste\/"},"wordCount":319,"commentCount":0,"image":{"@id":"https:\/\/www.gold.fr\/news\/2014\/07\/03\/lor-entre-facteurs-de-soutien-et-incertitude-attentiste\/#primaryimage"},"thumbnailUrl":"https:\/\/www.gold.fr\/news\/wp-content\/uploads\/2012\/01\/cours-de-lor2.jpg","keywords":["march\u00e9 aurif\u00e8re","Once or","prix or"],"articleSection":["Articles de presse"],"inLanguage":"fr-FR"},{"@type":"WebPage","@id":"https:\/\/www.gold.fr\/news\/2014\/07\/03\/lor-entre-facteurs-de-soutien-et-incertitude-attentiste\/","url":"https:\/\/www.gold.fr\/news\/2014\/07\/03\/lor-entre-facteurs-de-soutien-et-incertitude-attentiste\/","name":"L\u2019or entre facteurs de soutien et incertitude attentiste - Gold.fr","isPartOf":{"@id":"https:\/\/www.gold.fr\/news\/#website"},"primaryImageOfPage":{"@id":"https:\/\/www.gold.fr\/news\/2014\/07\/03\/lor-entre-facteurs-de-soutien-et-incertitude-attentiste\/#primaryimage"},"image":{"@id":"https:\/\/www.gold.fr\/news\/2014\/07\/03\/lor-entre-facteurs-de-soutien-et-incertitude-attentiste\/#primaryimage"},"thumbnailUrl":"https:\/\/www.gold.fr\/news\/wp-content\/uploads\/2012\/01\/cours-de-lor2.jpg","datePublished":"2014-07-03T15:00:53+00:00","dateModified":"2017-10-26T16:56:52+00:00","author":{"@id":"https:\/\/www.gold.fr\/news\/#\/schema\/person\/070491b4b4fb7671bf59b3be20302ce9"},"breadcrumb":{"@id":"https:\/\/www.gold.fr\/news\/2014\/07\/03\/lor-entre-facteurs-de-soutien-et-incertitude-attentiste\/#breadcrumb"},"inLanguage":"fr-FR","potentialAction":[{"@type":"ReadAction","target":["https:\/\/www.gold.fr\/news\/2014\/07\/03\/lor-entre-facteurs-de-soutien-et-incertitude-attentiste\/"]}]},{"@type":"ImageObject","inLanguage":"fr-FR","@id":"https:\/\/www.gold.fr\/news\/2014\/07\/03\/lor-entre-facteurs-de-soutien-et-incertitude-attentiste\/#primaryimage","url":"https:\/\/www.gold.fr\/news\/wp-content\/uploads\/2012\/01\/cours-de-lor2.jpg","contentUrl":"https:\/\/www.gold.fr\/news\/wp-content\/uploads\/2012\/01\/cours-de-lor2.jpg","width":"600","height":"400","caption":"Le cours de l\u2019once retrouve sa tendance haussi\u00e8re"},{"@type":"BreadcrumbList","@id":"https:\/\/www.gold.fr\/news\/2014\/07\/03\/lor-entre-facteurs-de-soutien-et-incertitude-attentiste\/#breadcrumb","itemListElement":[{"@type":"ListItem","position":1,"name":"Accueil","item":"https:\/\/www.gold.fr\/"},{"@type":"ListItem","position":2,"name":"Actualit\u00e9s","item":"https:\/\/www.gold.fr\/news\/"},{"@type":"ListItem","position":3,"name":"L\u2019or entre facteurs de soutien et incertitude attentiste"}]},{"@type":"WebSite","@id":"https:\/\/www.gold.fr\/news\/#website","url":"https:\/\/www.gold.fr\/news\/","name":"Gold.fr","description":"Actualit\u00e9s de l&#039;Or et des m\u00e9taux pr\u00e9cieux","potentialAction":[{"@type":"SearchAction","target":{"@type":"EntryPoint","urlTemplate":"https:\/\/www.gold.fr\/news\/?s={search_term_string}"},"query-input":{"@type":"PropertyValueSpecification","valueRequired":true,"valueName":"search_term_string"}}],"inLanguage":"fr-FR"},{"@type":"Person","@id":"https:\/\/www.gold.fr\/news\/#\/schema\/person\/070491b4b4fb7671bf59b3be20302ce9","name":"Comptoir National de l'Or","image":{"@type":"ImageObject","inLanguage":"fr-FR","@id":"https:\/\/secure.gravatar.com\/avatar\/0a2867fd5abe37bed95d5a65e9d58f01756e11efc68af9888dfc50cfa7f65948?s=96&d=mm&r=gb490554db0a38188709de567aa58480d","url":"https:\/\/secure.gravatar.com\/avatar\/0a2867fd5abe37bed95d5a65e9d58f01756e11efc68af9888dfc50cfa7f65948?s=96&d=mm&r=g","contentUrl":"https:\/\/secure.gravatar.com\/avatar\/0a2867fd5abe37bed95d5a65e9d58f01756e11efc68af9888dfc50cfa7f65948?s=96&d=mm&r=g","caption":"Comptoir National de l'Or"},"description":"Notre r\u00e9daction est constitu\u00e9e de membres experts dans les m\u00e9tiers de l'\u00e9conomie et la gestion, des Responsables d'agence Comptoir National de l'Or, des analystes financiers qui publient r\u00e9guli\u00e8rement des \u00e9tudes sur les politiques des banques centrales, le cours de l'or, prix de l'or, cours de l'argent, prix de l'argent, cours du platine, cours du palladium,... la situation en zone euro et l'impact de la strat\u00e9gie mon\u00e9taire de la FED. Notre \u00e9quipe scrute \u00e9galement une information plus g\u00e9n\u00e9raliste \u00e0 la recherche d'actualit\u00e9 \"p\u00e9pite\" \u00e0 vous partager. Depuis 5 ans, nous avons publi\u00e9 un peu plus de 4000 articles qui s'adressent \u00e0 un public large et vari\u00e9 ayant pour objectif de satisfaire votre curiosit\u00e9 et de partager avec vous une certaine fascination pour le m\u00e9tal jaune, le rachat d'or, et pour ceux qui veulent investir dans l'or, vendre leur or tout simplement en savoir plus... Pour tous vos achat or et argent, n'h\u00e9sitez pas \u00e0 prendre rendez-vous dans l'un de nos nombreux comptoirs.","sameAs":["https:\/\/www.gold.fr"]}]}},"authors":[{"term_id":2565,"user_id":18,"is_guest":0,"slug":"julie","display_name":"Comptoir National de l'Or","avatar_url":"https:\/\/secure.gravatar.com\/avatar\/713f289e398d35ead876c4a4cc08607f0d6d266058cfc25683fffb6092d0e572?s=96&d=mm&r=g","0":null,"1":"","2":"","3":"","4":"","5":"","6":"","7":"","8":""}],"_links":{"self":[{"href":"https:\/\/www.gold.fr\/news\/wp-json\/wp\/v2\/posts\/15043","targetHints":{"allow":["GET"]}}],"collection":[{"href":"https:\/\/www.gold.fr\/news\/wp-json\/wp\/v2\/posts"}],"about":[{"href":"https:\/\/www.gold.fr\/news\/wp-json\/wp\/v2\/types\/post"}],"author":[{"embeddable":true,"href":"https:\/\/www.gold.fr\/news\/wp-json\/wp\/v2\/users\/18"}],"replies":[{"embeddable":true,"href":"https:\/\/www.gold.fr\/news\/wp-json\/wp\/v2\/comments?post=15043"}],"version-history":[{"count":0,"href":"https:\/\/www.gold.fr\/news\/wp-json\/wp\/v2\/posts\/15043\/revisions"}],"wp:featuredmedia":[{"embeddable":true,"href":"https:\/\/www.gold.fr\/news\/wp-json\/wp\/v2\/media\/5156"}],"wp:attachment":[{"href":"https:\/\/www.gold.fr\/news\/wp-json\/wp\/v2\/media?parent=15043"}],"wp:term":[{"taxonomy":"category","embeddable":true,"href":"https:\/\/www.gold.fr\/news\/wp-json\/wp\/v2\/categories?post=15043"},{"taxonomy":"post_tag","embeddable":true,"href":"https:\/\/www.gold.fr\/news\/wp-json\/wp\/v2\/tags?post=15043"},{"taxonomy":"author","embeddable":true,"href":"https:\/\/www.gold.fr\/news\/wp-json\/wp\/v2\/ppma_author?post=15043"}],"curies":[{"name":"wp","href":"https:\/\/api.w.org\/{rel}","templated":true}]}}