{"id":15031,"date":"2014-07-02T09:00:27","date_gmt":"2014-07-02T07:00:27","guid":{"rendered":"https:\/\/www.gold.fr\/news\/?p=15031"},"modified":"2021-09-09T14:46:12","modified_gmt":"2021-09-09T12:46:12","slug":"lor-renforce-ses-positions-haussieres-2","status":"publish","type":"post","link":"https:\/\/www.gold.fr\/news\/2014\/07\/02\/lor-renforce-ses-positions-haussieres-2\/","title":{"rendered":"L\u2019or renforce ses positions haussi\u00e8res"},"content":{"rendered":"<p><img loading=\"lazy\" decoding=\"async\" class=\"alignleft size-thumbnail wp-image-4621\" title=\"L\u2019or renforce ses positions haussi\u00e8res\" src=\"https:\/\/www.gold.fr\/news\/wp-content\/uploads\/2018\/12\/cours-or.jpg\" alt=\"\" width=\"150\" height=\"150\" \/><span style=\"font-size: small;\">L&rsquo;un des v\u00e9ritables piliers du march\u00e9 tarde pourtant \u00e0 afficher sa performance habituelle ; le volet de la demande physique mondiale est en stagnation plus ou moins prononc\u00e9e, depuis le d\u00e9but de l&rsquo;ann\u00e9e, peinant \u00e0 apporter le soutien solide qu&rsquo;il repr\u00e9sente inconditionnellement pour le march\u00e9 aurif\u00e8re. Mais les experts sont confiants, rappelant que la saison estivale devrait faire pencher la balance \u00e0 nouveau du bon c\u00f4t\u00e9.<\/span> <span style=\"font-size: small;\"> Certes ; les chiffres, publi\u00e9s \u00e0 ce jour, concernant le march\u00e9 de la demande physique sont pour le moins d\u00e9cevants. Les rapports officiels d\u00e9voilent qu&rsquo;au premier semestre, \u00ab <em>les importations d&rsquo;<a class=\"esk-seo-plu-link\" href=\"https:\/\/www.gold.fr\/news\/tags\/or\">or<\/a> de l&rsquo;Inde, deuxi\u00e8me march\u00e9 pour le <a class=\"esk-seo-plu-link\" href=\"https:\/\/www.gold.fr\/news\/tags\/or\">m\u00e9tal jaune<\/a> apr\u00e8s la Chine, ont chut\u00e9 \u00e0 <strong>150 tonnes<\/strong> contre <strong>650 tonnes<\/strong> environ un an plus t\u00f4t<\/em> \u00bb.<\/span> <span style=\"font-size: small;\"> En l&rsquo;absence de ce pilier central, le <a class=\"esk-seo-plu-link\" href=\"https:\/\/www.gold.fr\/news\/tags\/or\">m\u00e9tal jaune<\/a> a tout de m\u00eame pu compter sur le soutien d&rsquo;un autre sempiternel facteur de hausse ; la crise, -en l&rsquo;occurrence, g\u00e9opolitique- qui a naturellement redor\u00e9 son blason (l\u00e9g\u00e8rement terni, depuis l&rsquo;ann\u00e9e derni\u00e8re) de valeur refuge. Du coup, apr\u00e8s quelques semaines de stagnation, le march\u00e9 aurif\u00e8re reprend du service et accumule \u00e0 nouveau les gains, au fil des s\u00e9ances, usant des crises russo-ukrainienne et irakienne pour briser d\u00e9j\u00e0 la r\u00e9sistance des <strong>1 300 dollars<\/strong> <a title=\"Prix de l'Once d'or\" href=\"https:\/\/www.gold.fr\/once-en\/\" target=\"_blank\" rel=\"noopener\">l\u2019once<\/a>.<\/span> <span style=\"font-size: small;\"> Du coup, m\u00eame le calme pr\u00e9caire apr\u00e8s la temp\u00eate de la crise irakienne n&rsquo;a pas r\u00e9ussi \u00e0 p\u00e9naliser <a title=\"Prix de l'Once d'or\" href=\"https:\/\/www.gold.fr\/once-en\/\" target=\"_blank\" rel=\"noopener\">le prix de l\u2019once<\/a>, et les analystes soulignent que \u00ab <em>les investisseurs sp\u00e9culatifs viennent d&rsquo;accro\u00eetre sensiblement leurs positions haussi\u00e8res sur le <a class=\"esk-seo-plu-link\" href=\"https:\/\/www.gold.fr\/news\/tags\/or\">m\u00e9tal jaune<\/a><\/em> \u00bb.<\/span><\/p>\n<!-- AddThis Advanced Settings generic via filter on the_content --><!-- AddThis Share Buttons generic via filter on the_content -->","protected":false},"excerpt":{"rendered":"<p>L&rsquo;un des v\u00e9ritables piliers du march\u00e9 tarde pourtant \u00e0 afficher sa performance habituelle ; le volet de la demande physique mondiale est en stagnation plus ou moins prononc\u00e9e, depuis le d\u00e9but de l&rsquo;ann\u00e9e, peinant \u00e0 apporter [&hellip;]<\/p>\n","protected":false},"author":18,"featured_media":34840,"comment_status":"closed","ping_status":"closed","sticky":false,"template":"","format":"standard","meta":{"_mbp_gutenberg_autopost":false,"_pgmb_is_evergreen":false,"_pgmb_ap_template_id":0,"footnotes":""},"categories":[6],"tags":[341,1045,900,962],"ppma_author":[2565],"class_list":["post-15031","post","type-post","status-publish","format-standard","has-post-thumbnail","hentry","category-articles-de-presse","tag-demande-or","tag-hausse-or","tag-once-or","tag-prix-or"],"yoast_head":"<!-- This site is optimized with the Yoast SEO plugin v27.5 - https:\/\/yoast.com\/product\/yoast-seo-wordpress\/ -->\n<title>L\u2019or renforce ses positions haussi\u00e8res - Gold.fr<\/title>\n<meta name=\"robots\" content=\"index, follow, max-snippet:-1, max-image-preview:large, max-video-preview:-1\" \/>\n<link rel=\"canonical\" href=\"https:\/\/www.gold.fr\/news\/2014\/07\/02\/lor-renforce-ses-positions-haussieres-2\/\" \/>\n<meta property=\"og:locale\" content=\"fr_FR\" \/>\n<meta property=\"og:type\" content=\"article\" \/>\n<meta property=\"og:title\" content=\"L\u2019or renforce ses positions haussi\u00e8res - Gold.fr\" \/>\n<meta property=\"og:description\" content=\"L&rsquo;un des v\u00e9ritables piliers du march\u00e9 tarde pourtant \u00e0 afficher sa performance habituelle ; le volet de la demande physique mondiale est en stagnation plus ou moins prononc\u00e9e, depuis le d\u00e9but de l&rsquo;ann\u00e9e, peinant \u00e0 apporter [&hellip;]\" \/>\n<meta property=\"og:url\" content=\"https:\/\/www.gold.fr\/news\/2014\/07\/02\/lor-renforce-ses-positions-haussieres-2\/\" \/>\n<meta property=\"og:site_name\" content=\"Gold.fr\" \/>\n<meta property=\"article:publisher\" content=\"https:\/\/www.facebook.com\/Goldfr\/\" \/>\n<meta property=\"article:published_time\" content=\"2014-07-02T07:00:27+00:00\" \/>\n<meta property=\"article:modified_time\" content=\"2021-09-09T12:46:12+00:00\" \/>\n<meta property=\"og:image\" content=\"https:\/\/www.gold.fr\/news\/wp-content\/uploads\/2018\/12\/cours-or.jpg\" \/>\n\t<meta property=\"og:image:width\" content=\"1254\" \/>\n\t<meta property=\"og:image:height\" content=\"836\" \/>\n\t<meta property=\"og:image:type\" content=\"image\/jpeg\" \/>\n<meta name=\"author\" content=\"Comptoir National de l&#039;Or\" \/>\n<meta name=\"twitter:card\" content=\"summary_large_image\" \/>\n<meta name=\"twitter:label1\" content=\"\u00c9crit par\" \/>\n\t<meta name=\"twitter:data1\" content=\"Comptoir National de l&#039;Or\" \/>\n\t<meta name=\"twitter:label2\" content=\"Dur\u00e9e de lecture estim\u00e9e\" \/>\n\t<meta name=\"twitter:data2\" content=\"1 minute\" \/>\n<script type=\"application\/ld+json\" class=\"yoast-schema-graph\">{\"@context\":\"https:\\\/\\\/schema.org\",\"@graph\":[{\"@type\":\"Article\",\"@id\":\"https:\\\/\\\/www.gold.fr\\\/news\\\/2014\\\/07\\\/02\\\/lor-renforce-ses-positions-haussieres-2\\\/#article\",\"isPartOf\":{\"@id\":\"https:\\\/\\\/www.gold.fr\\\/news\\\/2014\\\/07\\\/02\\\/lor-renforce-ses-positions-haussieres-2\\\/\"},\"author\":{\"name\":\"Comptoir National de l'Or\",\"@id\":\"https:\\\/\\\/www.gold.fr\\\/news\\\/#\\\/schema\\\/person\\\/070491b4b4fb7671bf59b3be20302ce9\"},\"headline\":\"L\u2019or renforce ses positions haussi\u00e8res\",\"datePublished\":\"2014-07-02T07:00:27+00:00\",\"dateModified\":\"2021-09-09T12:46:12+00:00\",\"mainEntityOfPage\":{\"@id\":\"https:\\\/\\\/www.gold.fr\\\/news\\\/2014\\\/07\\\/02\\\/lor-renforce-ses-positions-haussieres-2\\\/\"},\"wordCount\":286,\"image\":{\"@id\":\"https:\\\/\\\/www.gold.fr\\\/news\\\/2014\\\/07\\\/02\\\/lor-renforce-ses-positions-haussieres-2\\\/#primaryimage\"},\"thumbnailUrl\":\"https:\\\/\\\/www.gold.fr\\\/news\\\/wp-content\\\/uploads\\\/2018\\\/12\\\/cours-or.jpg\",\"keywords\":[\"Demande Or\",\"hausse or\",\"Once or\",\"prix or\"],\"articleSection\":[\"Articles de presse\"],\"inLanguage\":\"fr-FR\"},{\"@type\":\"WebPage\",\"@id\":\"https:\\\/\\\/www.gold.fr\\\/news\\\/2014\\\/07\\\/02\\\/lor-renforce-ses-positions-haussieres-2\\\/\",\"url\":\"https:\\\/\\\/www.gold.fr\\\/news\\\/2014\\\/07\\\/02\\\/lor-renforce-ses-positions-haussieres-2\\\/\",\"name\":\"L\u2019or renforce ses positions haussi\u00e8res - Gold.fr\",\"isPartOf\":{\"@id\":\"https:\\\/\\\/www.gold.fr\\\/news\\\/#website\"},\"primaryImageOfPage\":{\"@id\":\"https:\\\/\\\/www.gold.fr\\\/news\\\/2014\\\/07\\\/02\\\/lor-renforce-ses-positions-haussieres-2\\\/#primaryimage\"},\"image\":{\"@id\":\"https:\\\/\\\/www.gold.fr\\\/news\\\/2014\\\/07\\\/02\\\/lor-renforce-ses-positions-haussieres-2\\\/#primaryimage\"},\"thumbnailUrl\":\"https:\\\/\\\/www.gold.fr\\\/news\\\/wp-content\\\/uploads\\\/2018\\\/12\\\/cours-or.jpg\",\"datePublished\":\"2014-07-02T07:00:27+00:00\",\"dateModified\":\"2021-09-09T12:46:12+00:00\",\"author\":{\"@id\":\"https:\\\/\\\/www.gold.fr\\\/news\\\/#\\\/schema\\\/person\\\/070491b4b4fb7671bf59b3be20302ce9\"},\"breadcrumb\":{\"@id\":\"https:\\\/\\\/www.gold.fr\\\/news\\\/2014\\\/07\\\/02\\\/lor-renforce-ses-positions-haussieres-2\\\/#breadcrumb\"},\"inLanguage\":\"fr-FR\",\"potentialAction\":[{\"@type\":\"ReadAction\",\"target\":[\"https:\\\/\\\/www.gold.fr\\\/news\\\/2014\\\/07\\\/02\\\/lor-renforce-ses-positions-haussieres-2\\\/\"]}]},{\"@type\":\"ImageObject\",\"inLanguage\":\"fr-FR\",\"@id\":\"https:\\\/\\\/www.gold.fr\\\/news\\\/2014\\\/07\\\/02\\\/lor-renforce-ses-positions-haussieres-2\\\/#primaryimage\",\"url\":\"https:\\\/\\\/www.gold.fr\\\/news\\\/wp-content\\\/uploads\\\/2018\\\/12\\\/cours-or.jpg\",\"contentUrl\":\"https:\\\/\\\/www.gold.fr\\\/news\\\/wp-content\\\/uploads\\\/2018\\\/12\\\/cours-or.jpg\",\"width\":1254,\"height\":836,\"caption\":\"Positions sp\u00e9culatives sur l\u2019or\u00a0: nette am\u00e9lioration en D\u00e9cembre\"},{\"@type\":\"BreadcrumbList\",\"@id\":\"https:\\\/\\\/www.gold.fr\\\/news\\\/2014\\\/07\\\/02\\\/lor-renforce-ses-positions-haussieres-2\\\/#breadcrumb\",\"itemListElement\":[{\"@type\":\"ListItem\",\"position\":1,\"name\":\"Accueil\",\"item\":\"https:\\\/\\\/www.gold.fr\\\/\"},{\"@type\":\"ListItem\",\"position\":2,\"name\":\"Actualit\u00e9s\",\"item\":\"https:\\\/\\\/www.gold.fr\\\/news\\\/\"},{\"@type\":\"ListItem\",\"position\":3,\"name\":\"L\u2019or renforce ses positions haussi\u00e8res\"}]},{\"@type\":\"WebSite\",\"@id\":\"https:\\\/\\\/www.gold.fr\\\/news\\\/#website\",\"url\":\"https:\\\/\\\/www.gold.fr\\\/news\\\/\",\"name\":\"Gold.fr\",\"description\":\"Actualit\u00e9s de l&#039;Or et des m\u00e9taux pr\u00e9cieux\",\"potentialAction\":[{\"@type\":\"SearchAction\",\"target\":{\"@type\":\"EntryPoint\",\"urlTemplate\":\"https:\\\/\\\/www.gold.fr\\\/news\\\/?s={search_term_string}\"},\"query-input\":{\"@type\":\"PropertyValueSpecification\",\"valueRequired\":true,\"valueName\":\"search_term_string\"}}],\"inLanguage\":\"fr-FR\"},{\"@type\":\"Person\",\"@id\":\"https:\\\/\\\/www.gold.fr\\\/news\\\/#\\\/schema\\\/person\\\/070491b4b4fb7671bf59b3be20302ce9\",\"name\":\"Comptoir National de l'Or\",\"image\":{\"@type\":\"ImageObject\",\"inLanguage\":\"fr-FR\",\"@id\":\"https:\\\/\\\/secure.gravatar.com\\\/avatar\\\/0a2867fd5abe37bed95d5a65e9d58f01756e11efc68af9888dfc50cfa7f65948?s=96&d=mm&r=gb490554db0a38188709de567aa58480d\",\"url\":\"https:\\\/\\\/secure.gravatar.com\\\/avatar\\\/0a2867fd5abe37bed95d5a65e9d58f01756e11efc68af9888dfc50cfa7f65948?s=96&d=mm&r=g\",\"contentUrl\":\"https:\\\/\\\/secure.gravatar.com\\\/avatar\\\/0a2867fd5abe37bed95d5a65e9d58f01756e11efc68af9888dfc50cfa7f65948?s=96&d=mm&r=g\",\"caption\":\"Comptoir National de l'Or\"},\"description\":\"Notre r\u00e9daction est constitu\u00e9e de membres experts dans les m\u00e9tiers de l'\u00e9conomie et la gestion, des Responsables d'agence Comptoir National de l'Or, des analystes financiers qui publient r\u00e9guli\u00e8rement des \u00e9tudes sur les politiques des banques centrales, le cours de l'or, prix de l'or, cours de l'argent, prix de l'argent, cours du platine, cours du palladium,... la situation en zone euro et l'impact de la strat\u00e9gie mon\u00e9taire de la FED. Notre \u00e9quipe scrute \u00e9galement une information plus g\u00e9n\u00e9raliste \u00e0 la recherche d'actualit\u00e9 \\\"p\u00e9pite\\\" \u00e0 vous partager. Depuis 5 ans, nous avons publi\u00e9 un peu plus de 4000 articles qui s'adressent \u00e0 un public large et vari\u00e9 ayant pour objectif de satisfaire votre curiosit\u00e9 et de partager avec vous une certaine fascination pour le m\u00e9tal jaune, le rachat d'or, et pour ceux qui veulent investir dans l'or, vendre leur or tout simplement en savoir plus... Pour tous vos achat or et argent, n'h\u00e9sitez pas \u00e0 prendre rendez-vous dans l'un de nos nombreux comptoirs.\",\"sameAs\":[\"https:\\\/\\\/www.gold.fr\"]}]}<\/script>\n<!-- \/ Yoast SEO plugin. -->","yoast_head_json":{"title":"L\u2019or renforce ses positions haussi\u00e8res - Gold.fr","robots":{"index":"index","follow":"follow","max-snippet":"max-snippet:-1","max-image-preview":"max-image-preview:large","max-video-preview":"max-video-preview:-1"},"canonical":"https:\/\/www.gold.fr\/news\/2014\/07\/02\/lor-renforce-ses-positions-haussieres-2\/","og_locale":"fr_FR","og_type":"article","og_title":"L\u2019or renforce ses positions haussi\u00e8res - Gold.fr","og_description":"L&rsquo;un des v\u00e9ritables piliers du march\u00e9 tarde pourtant \u00e0 afficher sa performance habituelle ; le volet de la demande physique mondiale est en stagnation plus ou moins prononc\u00e9e, depuis le d\u00e9but de l&rsquo;ann\u00e9e, peinant \u00e0 apporter [&hellip;]","og_url":"https:\/\/www.gold.fr\/news\/2014\/07\/02\/lor-renforce-ses-positions-haussieres-2\/","og_site_name":"Gold.fr","article_publisher":"https:\/\/www.facebook.com\/Goldfr\/","article_published_time":"2014-07-02T07:00:27+00:00","article_modified_time":"2021-09-09T12:46:12+00:00","og_image":[{"width":1254,"height":836,"url":"https:\/\/www.gold.fr\/news\/wp-content\/uploads\/2018\/12\/cours-or.jpg","type":"image\/jpeg"}],"author":"Comptoir National de l'Or","twitter_card":"summary_large_image","twitter_misc":{"\u00c9crit par":"Comptoir National de l'Or","Dur\u00e9e de lecture estim\u00e9e":"1 minute"},"schema":{"@context":"https:\/\/schema.org","@graph":[{"@type":"Article","@id":"https:\/\/www.gold.fr\/news\/2014\/07\/02\/lor-renforce-ses-positions-haussieres-2\/#article","isPartOf":{"@id":"https:\/\/www.gold.fr\/news\/2014\/07\/02\/lor-renforce-ses-positions-haussieres-2\/"},"author":{"name":"Comptoir National de l'Or","@id":"https:\/\/www.gold.fr\/news\/#\/schema\/person\/070491b4b4fb7671bf59b3be20302ce9"},"headline":"L\u2019or renforce ses positions haussi\u00e8res","datePublished":"2014-07-02T07:00:27+00:00","dateModified":"2021-09-09T12:46:12+00:00","mainEntityOfPage":{"@id":"https:\/\/www.gold.fr\/news\/2014\/07\/02\/lor-renforce-ses-positions-haussieres-2\/"},"wordCount":286,"image":{"@id":"https:\/\/www.gold.fr\/news\/2014\/07\/02\/lor-renforce-ses-positions-haussieres-2\/#primaryimage"},"thumbnailUrl":"https:\/\/www.gold.fr\/news\/wp-content\/uploads\/2018\/12\/cours-or.jpg","keywords":["Demande Or","hausse or","Once or","prix or"],"articleSection":["Articles de presse"],"inLanguage":"fr-FR"},{"@type":"WebPage","@id":"https:\/\/www.gold.fr\/news\/2014\/07\/02\/lor-renforce-ses-positions-haussieres-2\/","url":"https:\/\/www.gold.fr\/news\/2014\/07\/02\/lor-renforce-ses-positions-haussieres-2\/","name":"L\u2019or renforce ses positions haussi\u00e8res - Gold.fr","isPartOf":{"@id":"https:\/\/www.gold.fr\/news\/#website"},"primaryImageOfPage":{"@id":"https:\/\/www.gold.fr\/news\/2014\/07\/02\/lor-renforce-ses-positions-haussieres-2\/#primaryimage"},"image":{"@id":"https:\/\/www.gold.fr\/news\/2014\/07\/02\/lor-renforce-ses-positions-haussieres-2\/#primaryimage"},"thumbnailUrl":"https:\/\/www.gold.fr\/news\/wp-content\/uploads\/2018\/12\/cours-or.jpg","datePublished":"2014-07-02T07:00:27+00:00","dateModified":"2021-09-09T12:46:12+00:00","author":{"@id":"https:\/\/www.gold.fr\/news\/#\/schema\/person\/070491b4b4fb7671bf59b3be20302ce9"},"breadcrumb":{"@id":"https:\/\/www.gold.fr\/news\/2014\/07\/02\/lor-renforce-ses-positions-haussieres-2\/#breadcrumb"},"inLanguage":"fr-FR","potentialAction":[{"@type":"ReadAction","target":["https:\/\/www.gold.fr\/news\/2014\/07\/02\/lor-renforce-ses-positions-haussieres-2\/"]}]},{"@type":"ImageObject","inLanguage":"fr-FR","@id":"https:\/\/www.gold.fr\/news\/2014\/07\/02\/lor-renforce-ses-positions-haussieres-2\/#primaryimage","url":"https:\/\/www.gold.fr\/news\/wp-content\/uploads\/2018\/12\/cours-or.jpg","contentUrl":"https:\/\/www.gold.fr\/news\/wp-content\/uploads\/2018\/12\/cours-or.jpg","width":1254,"height":836,"caption":"Positions sp\u00e9culatives sur l\u2019or\u00a0: nette am\u00e9lioration en D\u00e9cembre"},{"@type":"BreadcrumbList","@id":"https:\/\/www.gold.fr\/news\/2014\/07\/02\/lor-renforce-ses-positions-haussieres-2\/#breadcrumb","itemListElement":[{"@type":"ListItem","position":1,"name":"Accueil","item":"https:\/\/www.gold.fr\/"},{"@type":"ListItem","position":2,"name":"Actualit\u00e9s","item":"https:\/\/www.gold.fr\/news\/"},{"@type":"ListItem","position":3,"name":"L\u2019or renforce ses positions haussi\u00e8res"}]},{"@type":"WebSite","@id":"https:\/\/www.gold.fr\/news\/#website","url":"https:\/\/www.gold.fr\/news\/","name":"Gold.fr","description":"Actualit\u00e9s de l&#039;Or et des m\u00e9taux pr\u00e9cieux","potentialAction":[{"@type":"SearchAction","target":{"@type":"EntryPoint","urlTemplate":"https:\/\/www.gold.fr\/news\/?s={search_term_string}"},"query-input":{"@type":"PropertyValueSpecification","valueRequired":true,"valueName":"search_term_string"}}],"inLanguage":"fr-FR"},{"@type":"Person","@id":"https:\/\/www.gold.fr\/news\/#\/schema\/person\/070491b4b4fb7671bf59b3be20302ce9","name":"Comptoir National de l'Or","image":{"@type":"ImageObject","inLanguage":"fr-FR","@id":"https:\/\/secure.gravatar.com\/avatar\/0a2867fd5abe37bed95d5a65e9d58f01756e11efc68af9888dfc50cfa7f65948?s=96&d=mm&r=gb490554db0a38188709de567aa58480d","url":"https:\/\/secure.gravatar.com\/avatar\/0a2867fd5abe37bed95d5a65e9d58f01756e11efc68af9888dfc50cfa7f65948?s=96&d=mm&r=g","contentUrl":"https:\/\/secure.gravatar.com\/avatar\/0a2867fd5abe37bed95d5a65e9d58f01756e11efc68af9888dfc50cfa7f65948?s=96&d=mm&r=g","caption":"Comptoir National de l'Or"},"description":"Notre r\u00e9daction est constitu\u00e9e de membres experts dans les m\u00e9tiers de l'\u00e9conomie et la gestion, des Responsables d'agence Comptoir National de l'Or, des analystes financiers qui publient r\u00e9guli\u00e8rement des \u00e9tudes sur les politiques des banques centrales, le cours de l'or, prix de l'or, cours de l'argent, prix de l'argent, cours du platine, cours du palladium,... la situation en zone euro et l'impact de la strat\u00e9gie mon\u00e9taire de la FED. Notre \u00e9quipe scrute \u00e9galement une information plus g\u00e9n\u00e9raliste \u00e0 la recherche d'actualit\u00e9 \"p\u00e9pite\" \u00e0 vous partager. Depuis 5 ans, nous avons publi\u00e9 un peu plus de 4000 articles qui s'adressent \u00e0 un public large et vari\u00e9 ayant pour objectif de satisfaire votre curiosit\u00e9 et de partager avec vous une certaine fascination pour le m\u00e9tal jaune, le rachat d'or, et pour ceux qui veulent investir dans l'or, vendre leur or tout simplement en savoir plus... Pour tous vos achat or et argent, n'h\u00e9sitez pas \u00e0 prendre rendez-vous dans l'un de nos nombreux comptoirs.","sameAs":["https:\/\/www.gold.fr"]}]}},"authors":[{"term_id":2565,"user_id":18,"is_guest":0,"slug":"julie","display_name":"Comptoir National de l'Or","avatar_url":"https:\/\/secure.gravatar.com\/avatar\/713f289e398d35ead876c4a4cc08607f0d6d266058cfc25683fffb6092d0e572?s=96&d=mm&r=g","0":null,"1":"","2":"","3":"","4":"","5":"","6":"","7":"","8":""}],"_links":{"self":[{"href":"https:\/\/www.gold.fr\/news\/wp-json\/wp\/v2\/posts\/15031","targetHints":{"allow":["GET"]}}],"collection":[{"href":"https:\/\/www.gold.fr\/news\/wp-json\/wp\/v2\/posts"}],"about":[{"href":"https:\/\/www.gold.fr\/news\/wp-json\/wp\/v2\/types\/post"}],"author":[{"embeddable":true,"href":"https:\/\/www.gold.fr\/news\/wp-json\/wp\/v2\/users\/18"}],"replies":[{"embeddable":true,"href":"https:\/\/www.gold.fr\/news\/wp-json\/wp\/v2\/comments?post=15031"}],"version-history":[{"count":0,"href":"https:\/\/www.gold.fr\/news\/wp-json\/wp\/v2\/posts\/15031\/revisions"}],"wp:featuredmedia":[{"embeddable":true,"href":"https:\/\/www.gold.fr\/news\/wp-json\/wp\/v2\/media\/34840"}],"wp:attachment":[{"href":"https:\/\/www.gold.fr\/news\/wp-json\/wp\/v2\/media?parent=15031"}],"wp:term":[{"taxonomy":"category","embeddable":true,"href":"https:\/\/www.gold.fr\/news\/wp-json\/wp\/v2\/categories?post=15031"},{"taxonomy":"post_tag","embeddable":true,"href":"https:\/\/www.gold.fr\/news\/wp-json\/wp\/v2\/tags?post=15031"},{"taxonomy":"author","embeddable":true,"href":"https:\/\/www.gold.fr\/news\/wp-json\/wp\/v2\/ppma_author?post=15031"}],"curies":[{"name":"wp","href":"https:\/\/api.w.org\/{rel}","templated":true}]}}