{"id":14974,"date":"2014-06-25T17:00:54","date_gmt":"2014-06-25T15:00:54","guid":{"rendered":"https:\/\/www.gold.fr\/news\/?p=14974"},"modified":"2017-11-02T11:39:26","modified_gmt":"2017-11-02T10:39:26","slug":"cmo-reforme-la-fixation-des-prix-du-marche","status":"publish","type":"post","link":"https:\/\/www.gold.fr\/news\/2014\/06\/25\/cmo-reforme-la-fixation-des-prix-du-marche\/","title":{"rendered":"CMO r\u00e9forme la fixation des prix du march\u00e9"},"content":{"rendered":"<p><img loading=\"lazy\" decoding=\"async\" class=\"alignleft size-thumbnail wp-image-11394\" title=\"CMO r\u00e9forme la fixation des prix du march\u00e9\" src=\"https:\/\/www.gold.fr\/news\/wp-content\/uploads\/2013\/04\/piece-or-balance-150x150.jpg\" alt=\"\" width=\"150\" height=\"150\" \/><span style=\"font-size: small;\">Sur fond de criticisme et de rumeurs remettant en question l&rsquo;int\u00e9grit\u00e9 et la pertinence de la m\u00e9thode de <a href='https:\/\/www.gold.fr\/news\/tags\/cours-de-lor' class='esk-seo-plu-link'>fixing<\/a> des prix du march\u00e9 aurif\u00e8re, le <strong>COM<\/strong> (Conseil Mondial de l&rsquo;<a href='https:\/\/www.gold.fr\/news\/tags\/or' class='esk-seo-plu-link'>Or<\/a>) vient d&rsquo;annoncer qu&rsquo;il allait r\u00e9former la m\u00e9thode actuelle de <a href='https:\/\/www.gold.fr\/news\/tags\/cours-de-lor' class='esk-seo-plu-link'>fixing<\/a> quotidien, mise en place il y a pr\u00e8s d&rsquo;un si\u00e8cle (<strong>95 ans<\/strong>).<\/span>    <span style=\"font-size: small;\"> La f\u00e9d\u00e9ration r\u00e9unissant les principales compagnies mini\u00e8res d&rsquo;<a href='https:\/\/www.gold.fr\/news\/tags\/or' class='esk-seo-plu-link'>or<\/a> du monde avait r\u00e9cemment publi\u00e9 un communiqu\u00e9, qui avait pour but la promotion de la demande de <a href='https:\/\/www.gold.fr\/news\/tags\/or' class='esk-seo-plu-link'>m\u00e9tal jaune<\/a>, annon\u00e7ant \u00e9galement qu&rsquo;elle organisait une premi\u00e8re r\u00e9union, \u00e0 <strong>Londres<\/strong> le<strong> 7 juillet 2014<\/strong>, \u00ab <em>avec les diff\u00e9rentes parties int\u00e9ress\u00e9es &#8211; banques, raffineurs, banques centrales et compagnies mini\u00e8res<\/em> \u00bb-, mais aussi en pr\u00e9sence de la <strong>Financial Conduct Authority<\/strong>, autorit\u00e9 officielle de r\u00e9gulation britannique en la mati\u00e8re, qui fera office d&rsquo;observateur.<\/span>    <span style=\"font-size: small;\"> Pour <strong>Natalie Dempster<\/strong>, charg\u00e9e des relations avec les banques centrales et des politiques publiques au <strong>CMO<\/strong>, cette r\u00e9forme est une n\u00e9cessit\u00e9, puisqu&rsquo;elle d\u00e9clare : \u00ab <em>Le processus de <a href='https:\/\/www.gold.fr\/news\/tags\/cours-de-lor' class='esk-seo-plu-link'>fixing<\/a> a \u00e9t\u00e9 institu\u00e9 il y a pr\u00e8s d&rsquo;un si\u00e8cle, il n&rsquo;est donc pas surprenant qu&rsquo;il ait besoin d&rsquo;\u00eatre d\u00e9poussi\u00e9r\u00e9 et modifi\u00e9 pour r\u00e9pondre aux nouveaux besoins de r\u00e9gulation, de transparence et de technologie<\/em> \u00bb. Cette r\u00e9forme du <strong>CMO<\/strong> transformerait la m\u00e9thode de <a href='https:\/\/www.gold.fr\/news\/tags\/cours-de-lor' class='esk-seo-plu-link'>fixing<\/a> actuelle en un calcul \u00e0 partir de transactions effectives dans le but d&rsquo;obtenir un prix d&rsquo;\u00e9change, en lieu et place de la r\u00e9f\u00e9rence qu&rsquo;il repr\u00e9sente aujourd&rsquo;hui.<\/span>    <span style=\"font-size: small;\"> Rappelons que la m\u00e9thode de fixation des <a title=\"Prix de l'Or\" href=\"https:\/\/www.gold.fr\/cours-or-prix-de-l-or\/\" target=\"_blank\">prix de l&rsquo;or<\/a> et de l&rsquo;<a href='https:\/\/www.gold.fr\/news\/tags\/argent' class='esk-seo-plu-link'>argent<\/a> est le centre d&rsquo;une attention et d&rsquo;une surveillance intenses des autorit\u00e9s de r\u00e9gulation europ\u00e9ennes et am\u00e9ricaines, plus particuli\u00e8rement depuis le scandale de la manipulation du taux interbancaire <strong>Libor<\/strong> (<strong>London Interbank Offered Rate<\/strong>), l&rsquo;ann\u00e9e derni\u00e8re.<\/span><\/p>\n<!-- AddThis Advanced Settings generic via filter on the_content --><!-- AddThis Share Buttons generic via filter on the_content -->","protected":false},"excerpt":{"rendered":"<p>Sur fond de criticisme et de rumeurs remettant en question l&rsquo;int\u00e9grit\u00e9 et la pertinence de la m\u00e9thode de fixing des prix du march\u00e9 aurif\u00e8re, le COM (Conseil Mondial de l&rsquo;Or) vient d&rsquo;annoncer qu&rsquo;il allait r\u00e9former la [&hellip;]<\/p>\n","protected":false},"author":18,"featured_media":11394,"comment_status":"open","ping_status":"open","sticky":false,"template":"","format":"standard","meta":{"_mbp_gutenberg_autopost":false,"_pgmb_is_evergreen":false,"_pgmb_ap_template_id":0,"footnotes":""},"categories":[6],"tags":[1219,1865,1649,962],"ppma_author":[2565],"class_list":["post-14974","post","type-post","status-publish","format-standard","has-post-thumbnail","hentry","category-articles-de-presse","tag-cmo","tag-fixing-cmo","tag-marches","tag-prix-or"],"yoast_head":"<!-- This site is optimized with the Yoast SEO plugin v27.5 - https:\/\/yoast.com\/product\/yoast-seo-wordpress\/ -->\n<title>CMO r\u00e9forme la fixation des prix du march\u00e9 - Gold.fr<\/title>\n<meta name=\"robots\" content=\"index, follow, max-snippet:-1, max-image-preview:large, max-video-preview:-1\" \/>\n<link rel=\"canonical\" href=\"https:\/\/www.gold.fr\/news\/2014\/06\/25\/cmo-reforme-la-fixation-des-prix-du-marche\/\" \/>\n<meta property=\"og:locale\" content=\"fr_FR\" \/>\n<meta property=\"og:type\" content=\"article\" \/>\n<meta property=\"og:title\" content=\"CMO r\u00e9forme la fixation des prix du march\u00e9 - Gold.fr\" \/>\n<meta property=\"og:description\" content=\"Sur fond de criticisme et de rumeurs remettant en question l&rsquo;int\u00e9grit\u00e9 et la pertinence de la m\u00e9thode de fixing des prix du march\u00e9 aurif\u00e8re, le COM (Conseil Mondial de l&rsquo;Or) vient d&rsquo;annoncer qu&rsquo;il allait r\u00e9former la [&hellip;]\" \/>\n<meta property=\"og:url\" content=\"https:\/\/www.gold.fr\/news\/2014\/06\/25\/cmo-reforme-la-fixation-des-prix-du-marche\/\" \/>\n<meta property=\"og:site_name\" content=\"Gold.fr\" \/>\n<meta property=\"article:publisher\" content=\"https:\/\/www.facebook.com\/Goldfr\/\" \/>\n<meta property=\"article:published_time\" content=\"2014-06-25T15:00:54+00:00\" \/>\n<meta property=\"article:modified_time\" content=\"2017-11-02T10:39:26+00:00\" \/>\n<meta property=\"og:image\" content=\"https:\/\/www.gold.fr\/news\/wp-content\/uploads\/2013\/04\/piece-or-balance.jpg\" \/>\n\t<meta property=\"og:image:width\" content=\"600\" \/>\n\t<meta property=\"og:image:height\" content=\"441\" \/>\n\t<meta property=\"og:image:type\" content=\"image\/jpeg\" \/>\n<meta name=\"author\" content=\"Comptoir National de l&#039;Or\" \/>\n<meta name=\"twitter:card\" content=\"summary_large_image\" \/>\n<meta name=\"twitter:label1\" content=\"\u00c9crit par\" \/>\n\t<meta name=\"twitter:data1\" content=\"Comptoir National de l&#039;Or\" \/>\n\t<meta name=\"twitter:label2\" content=\"Dur\u00e9e de lecture estim\u00e9e\" \/>\n\t<meta name=\"twitter:data2\" content=\"2 minutes\" \/>\n<script type=\"application\/ld+json\" class=\"yoast-schema-graph\">{\"@context\":\"https:\\\/\\\/schema.org\",\"@graph\":[{\"@type\":\"Article\",\"@id\":\"https:\\\/\\\/www.gold.fr\\\/news\\\/2014\\\/06\\\/25\\\/cmo-reforme-la-fixation-des-prix-du-marche\\\/#article\",\"isPartOf\":{\"@id\":\"https:\\\/\\\/www.gold.fr\\\/news\\\/2014\\\/06\\\/25\\\/cmo-reforme-la-fixation-des-prix-du-marche\\\/\"},\"author\":{\"name\":\"Comptoir National de l'Or\",\"@id\":\"https:\\\/\\\/www.gold.fr\\\/news\\\/#\\\/schema\\\/person\\\/070491b4b4fb7671bf59b3be20302ce9\"},\"headline\":\"CMO r\u00e9forme la fixation des prix du march\u00e9\",\"datePublished\":\"2014-06-25T15:00:54+00:00\",\"dateModified\":\"2017-11-02T10:39:26+00:00\",\"mainEntityOfPage\":{\"@id\":\"https:\\\/\\\/www.gold.fr\\\/news\\\/2014\\\/06\\\/25\\\/cmo-reforme-la-fixation-des-prix-du-marche\\\/\"},\"wordCount\":341,\"commentCount\":0,\"image\":{\"@id\":\"https:\\\/\\\/www.gold.fr\\\/news\\\/2014\\\/06\\\/25\\\/cmo-reforme-la-fixation-des-prix-du-marche\\\/#primaryimage\"},\"thumbnailUrl\":\"https:\\\/\\\/www.gold.fr\\\/news\\\/wp-content\\\/uploads\\\/2013\\\/04\\\/piece-or-balance.jpg\",\"keywords\":[\"CMO\",\"Fixing CMO\",\"march\u00e9s\",\"prix or\"],\"articleSection\":[\"Articles de presse\"],\"inLanguage\":\"fr-FR\"},{\"@type\":\"WebPage\",\"@id\":\"https:\\\/\\\/www.gold.fr\\\/news\\\/2014\\\/06\\\/25\\\/cmo-reforme-la-fixation-des-prix-du-marche\\\/\",\"url\":\"https:\\\/\\\/www.gold.fr\\\/news\\\/2014\\\/06\\\/25\\\/cmo-reforme-la-fixation-des-prix-du-marche\\\/\",\"name\":\"CMO r\u00e9forme la fixation des prix du march\u00e9 - Gold.fr\",\"isPartOf\":{\"@id\":\"https:\\\/\\\/www.gold.fr\\\/news\\\/#website\"},\"primaryImageOfPage\":{\"@id\":\"https:\\\/\\\/www.gold.fr\\\/news\\\/2014\\\/06\\\/25\\\/cmo-reforme-la-fixation-des-prix-du-marche\\\/#primaryimage\"},\"image\":{\"@id\":\"https:\\\/\\\/www.gold.fr\\\/news\\\/2014\\\/06\\\/25\\\/cmo-reforme-la-fixation-des-prix-du-marche\\\/#primaryimage\"},\"thumbnailUrl\":\"https:\\\/\\\/www.gold.fr\\\/news\\\/wp-content\\\/uploads\\\/2013\\\/04\\\/piece-or-balance.jpg\",\"datePublished\":\"2014-06-25T15:00:54+00:00\",\"dateModified\":\"2017-11-02T10:39:26+00:00\",\"author\":{\"@id\":\"https:\\\/\\\/www.gold.fr\\\/news\\\/#\\\/schema\\\/person\\\/070491b4b4fb7671bf59b3be20302ce9\"},\"breadcrumb\":{\"@id\":\"https:\\\/\\\/www.gold.fr\\\/news\\\/2014\\\/06\\\/25\\\/cmo-reforme-la-fixation-des-prix-du-marche\\\/#breadcrumb\"},\"inLanguage\":\"fr-FR\",\"potentialAction\":[{\"@type\":\"ReadAction\",\"target\":[\"https:\\\/\\\/www.gold.fr\\\/news\\\/2014\\\/06\\\/25\\\/cmo-reforme-la-fixation-des-prix-du-marche\\\/\"]}]},{\"@type\":\"ImageObject\",\"inLanguage\":\"fr-FR\",\"@id\":\"https:\\\/\\\/www.gold.fr\\\/news\\\/2014\\\/06\\\/25\\\/cmo-reforme-la-fixation-des-prix-du-marche\\\/#primaryimage\",\"url\":\"https:\\\/\\\/www.gold.fr\\\/news\\\/wp-content\\\/uploads\\\/2013\\\/04\\\/piece-or-balance.jpg\",\"contentUrl\":\"https:\\\/\\\/www.gold.fr\\\/news\\\/wp-content\\\/uploads\\\/2013\\\/04\\\/piece-or-balance.jpg\",\"width\":\"600\",\"height\":\"441\",\"caption\":\"L\u2019once en \u00e9quilibre suite \u00e0 la publication du rapport de la Fed\"},{\"@type\":\"BreadcrumbList\",\"@id\":\"https:\\\/\\\/www.gold.fr\\\/news\\\/2014\\\/06\\\/25\\\/cmo-reforme-la-fixation-des-prix-du-marche\\\/#breadcrumb\",\"itemListElement\":[{\"@type\":\"ListItem\",\"position\":1,\"name\":\"Accueil\",\"item\":\"https:\\\/\\\/www.gold.fr\\\/\"},{\"@type\":\"ListItem\",\"position\":2,\"name\":\"Actualit\u00e9s\",\"item\":\"https:\\\/\\\/www.gold.fr\\\/news\\\/\"},{\"@type\":\"ListItem\",\"position\":3,\"name\":\"CMO r\u00e9forme la fixation des prix du march\u00e9\"}]},{\"@type\":\"WebSite\",\"@id\":\"https:\\\/\\\/www.gold.fr\\\/news\\\/#website\",\"url\":\"https:\\\/\\\/www.gold.fr\\\/news\\\/\",\"name\":\"Gold.fr\",\"description\":\"Actualit\u00e9s de l&#039;Or et des m\u00e9taux pr\u00e9cieux\",\"potentialAction\":[{\"@type\":\"SearchAction\",\"target\":{\"@type\":\"EntryPoint\",\"urlTemplate\":\"https:\\\/\\\/www.gold.fr\\\/news\\\/?s={search_term_string}\"},\"query-input\":{\"@type\":\"PropertyValueSpecification\",\"valueRequired\":true,\"valueName\":\"search_term_string\"}}],\"inLanguage\":\"fr-FR\"},{\"@type\":\"Person\",\"@id\":\"https:\\\/\\\/www.gold.fr\\\/news\\\/#\\\/schema\\\/person\\\/070491b4b4fb7671bf59b3be20302ce9\",\"name\":\"Comptoir National de l'Or\",\"image\":{\"@type\":\"ImageObject\",\"inLanguage\":\"fr-FR\",\"@id\":\"https:\\\/\\\/secure.gravatar.com\\\/avatar\\\/0a2867fd5abe37bed95d5a65e9d58f01756e11efc68af9888dfc50cfa7f65948?s=96&d=mm&r=gb490554db0a38188709de567aa58480d\",\"url\":\"https:\\\/\\\/secure.gravatar.com\\\/avatar\\\/0a2867fd5abe37bed95d5a65e9d58f01756e11efc68af9888dfc50cfa7f65948?s=96&d=mm&r=g\",\"contentUrl\":\"https:\\\/\\\/secure.gravatar.com\\\/avatar\\\/0a2867fd5abe37bed95d5a65e9d58f01756e11efc68af9888dfc50cfa7f65948?s=96&d=mm&r=g\",\"caption\":\"Comptoir National de l'Or\"},\"description\":\"Notre r\u00e9daction est constitu\u00e9e de membres experts dans les m\u00e9tiers de l'\u00e9conomie et la gestion, des Responsables d'agence Comptoir National de l'Or, des analystes financiers qui publient r\u00e9guli\u00e8rement des \u00e9tudes sur les politiques des banques centrales, le cours de l'or, prix de l'or, cours de l'argent, prix de l'argent, cours du platine, cours du palladium,... la situation en zone euro et l'impact de la strat\u00e9gie mon\u00e9taire de la FED. Notre \u00e9quipe scrute \u00e9galement une information plus g\u00e9n\u00e9raliste \u00e0 la recherche d'actualit\u00e9 \\\"p\u00e9pite\\\" \u00e0 vous partager. Depuis 5 ans, nous avons publi\u00e9 un peu plus de 4000 articles qui s'adressent \u00e0 un public large et vari\u00e9 ayant pour objectif de satisfaire votre curiosit\u00e9 et de partager avec vous une certaine fascination pour le m\u00e9tal jaune, le rachat d'or, et pour ceux qui veulent investir dans l'or, vendre leur or tout simplement en savoir plus... Pour tous vos achat or et argent, n'h\u00e9sitez pas \u00e0 prendre rendez-vous dans l'un de nos nombreux comptoirs.\",\"sameAs\":[\"https:\\\/\\\/www.gold.fr\"]}]}<\/script>\n<!-- \/ Yoast SEO plugin. -->","yoast_head_json":{"title":"CMO r\u00e9forme la fixation des prix du march\u00e9 - Gold.fr","robots":{"index":"index","follow":"follow","max-snippet":"max-snippet:-1","max-image-preview":"max-image-preview:large","max-video-preview":"max-video-preview:-1"},"canonical":"https:\/\/www.gold.fr\/news\/2014\/06\/25\/cmo-reforme-la-fixation-des-prix-du-marche\/","og_locale":"fr_FR","og_type":"article","og_title":"CMO r\u00e9forme la fixation des prix du march\u00e9 - Gold.fr","og_description":"Sur fond de criticisme et de rumeurs remettant en question l&rsquo;int\u00e9grit\u00e9 et la pertinence de la m\u00e9thode de fixing des prix du march\u00e9 aurif\u00e8re, le COM (Conseil Mondial de l&rsquo;Or) vient d&rsquo;annoncer qu&rsquo;il allait r\u00e9former la [&hellip;]","og_url":"https:\/\/www.gold.fr\/news\/2014\/06\/25\/cmo-reforme-la-fixation-des-prix-du-marche\/","og_site_name":"Gold.fr","article_publisher":"https:\/\/www.facebook.com\/Goldfr\/","article_published_time":"2014-06-25T15:00:54+00:00","article_modified_time":"2017-11-02T10:39:26+00:00","og_image":[{"width":600,"height":441,"url":"https:\/\/www.gold.fr\/news\/wp-content\/uploads\/2013\/04\/piece-or-balance.jpg","type":"image\/jpeg"}],"author":"Comptoir National de l'Or","twitter_card":"summary_large_image","twitter_misc":{"\u00c9crit par":"Comptoir National de l'Or","Dur\u00e9e de lecture estim\u00e9e":"2 minutes"},"schema":{"@context":"https:\/\/schema.org","@graph":[{"@type":"Article","@id":"https:\/\/www.gold.fr\/news\/2014\/06\/25\/cmo-reforme-la-fixation-des-prix-du-marche\/#article","isPartOf":{"@id":"https:\/\/www.gold.fr\/news\/2014\/06\/25\/cmo-reforme-la-fixation-des-prix-du-marche\/"},"author":{"name":"Comptoir National de l'Or","@id":"https:\/\/www.gold.fr\/news\/#\/schema\/person\/070491b4b4fb7671bf59b3be20302ce9"},"headline":"CMO r\u00e9forme la fixation des prix du march\u00e9","datePublished":"2014-06-25T15:00:54+00:00","dateModified":"2017-11-02T10:39:26+00:00","mainEntityOfPage":{"@id":"https:\/\/www.gold.fr\/news\/2014\/06\/25\/cmo-reforme-la-fixation-des-prix-du-marche\/"},"wordCount":341,"commentCount":0,"image":{"@id":"https:\/\/www.gold.fr\/news\/2014\/06\/25\/cmo-reforme-la-fixation-des-prix-du-marche\/#primaryimage"},"thumbnailUrl":"https:\/\/www.gold.fr\/news\/wp-content\/uploads\/2013\/04\/piece-or-balance.jpg","keywords":["CMO","Fixing CMO","march\u00e9s","prix or"],"articleSection":["Articles de presse"],"inLanguage":"fr-FR"},{"@type":"WebPage","@id":"https:\/\/www.gold.fr\/news\/2014\/06\/25\/cmo-reforme-la-fixation-des-prix-du-marche\/","url":"https:\/\/www.gold.fr\/news\/2014\/06\/25\/cmo-reforme-la-fixation-des-prix-du-marche\/","name":"CMO r\u00e9forme la fixation des prix du march\u00e9 - Gold.fr","isPartOf":{"@id":"https:\/\/www.gold.fr\/news\/#website"},"primaryImageOfPage":{"@id":"https:\/\/www.gold.fr\/news\/2014\/06\/25\/cmo-reforme-la-fixation-des-prix-du-marche\/#primaryimage"},"image":{"@id":"https:\/\/www.gold.fr\/news\/2014\/06\/25\/cmo-reforme-la-fixation-des-prix-du-marche\/#primaryimage"},"thumbnailUrl":"https:\/\/www.gold.fr\/news\/wp-content\/uploads\/2013\/04\/piece-or-balance.jpg","datePublished":"2014-06-25T15:00:54+00:00","dateModified":"2017-11-02T10:39:26+00:00","author":{"@id":"https:\/\/www.gold.fr\/news\/#\/schema\/person\/070491b4b4fb7671bf59b3be20302ce9"},"breadcrumb":{"@id":"https:\/\/www.gold.fr\/news\/2014\/06\/25\/cmo-reforme-la-fixation-des-prix-du-marche\/#breadcrumb"},"inLanguage":"fr-FR","potentialAction":[{"@type":"ReadAction","target":["https:\/\/www.gold.fr\/news\/2014\/06\/25\/cmo-reforme-la-fixation-des-prix-du-marche\/"]}]},{"@type":"ImageObject","inLanguage":"fr-FR","@id":"https:\/\/www.gold.fr\/news\/2014\/06\/25\/cmo-reforme-la-fixation-des-prix-du-marche\/#primaryimage","url":"https:\/\/www.gold.fr\/news\/wp-content\/uploads\/2013\/04\/piece-or-balance.jpg","contentUrl":"https:\/\/www.gold.fr\/news\/wp-content\/uploads\/2013\/04\/piece-or-balance.jpg","width":"600","height":"441","caption":"L\u2019once en \u00e9quilibre suite \u00e0 la publication du rapport de la Fed"},{"@type":"BreadcrumbList","@id":"https:\/\/www.gold.fr\/news\/2014\/06\/25\/cmo-reforme-la-fixation-des-prix-du-marche\/#breadcrumb","itemListElement":[{"@type":"ListItem","position":1,"name":"Accueil","item":"https:\/\/www.gold.fr\/"},{"@type":"ListItem","position":2,"name":"Actualit\u00e9s","item":"https:\/\/www.gold.fr\/news\/"},{"@type":"ListItem","position":3,"name":"CMO r\u00e9forme la fixation des prix du march\u00e9"}]},{"@type":"WebSite","@id":"https:\/\/www.gold.fr\/news\/#website","url":"https:\/\/www.gold.fr\/news\/","name":"Gold.fr","description":"Actualit\u00e9s de l&#039;Or et des m\u00e9taux pr\u00e9cieux","potentialAction":[{"@type":"SearchAction","target":{"@type":"EntryPoint","urlTemplate":"https:\/\/www.gold.fr\/news\/?s={search_term_string}"},"query-input":{"@type":"PropertyValueSpecification","valueRequired":true,"valueName":"search_term_string"}}],"inLanguage":"fr-FR"},{"@type":"Person","@id":"https:\/\/www.gold.fr\/news\/#\/schema\/person\/070491b4b4fb7671bf59b3be20302ce9","name":"Comptoir National de l'Or","image":{"@type":"ImageObject","inLanguage":"fr-FR","@id":"https:\/\/secure.gravatar.com\/avatar\/0a2867fd5abe37bed95d5a65e9d58f01756e11efc68af9888dfc50cfa7f65948?s=96&d=mm&r=gb490554db0a38188709de567aa58480d","url":"https:\/\/secure.gravatar.com\/avatar\/0a2867fd5abe37bed95d5a65e9d58f01756e11efc68af9888dfc50cfa7f65948?s=96&d=mm&r=g","contentUrl":"https:\/\/secure.gravatar.com\/avatar\/0a2867fd5abe37bed95d5a65e9d58f01756e11efc68af9888dfc50cfa7f65948?s=96&d=mm&r=g","caption":"Comptoir National de l'Or"},"description":"Notre r\u00e9daction est constitu\u00e9e de membres experts dans les m\u00e9tiers de l'\u00e9conomie et la gestion, des Responsables d'agence Comptoir National de l'Or, des analystes financiers qui publient r\u00e9guli\u00e8rement des \u00e9tudes sur les politiques des banques centrales, le cours de l'or, prix de l'or, cours de l'argent, prix de l'argent, cours du platine, cours du palladium,... la situation en zone euro et l'impact de la strat\u00e9gie mon\u00e9taire de la FED. Notre \u00e9quipe scrute \u00e9galement une information plus g\u00e9n\u00e9raliste \u00e0 la recherche d'actualit\u00e9 \"p\u00e9pite\" \u00e0 vous partager. Depuis 5 ans, nous avons publi\u00e9 un peu plus de 4000 articles qui s'adressent \u00e0 un public large et vari\u00e9 ayant pour objectif de satisfaire votre curiosit\u00e9 et de partager avec vous une certaine fascination pour le m\u00e9tal jaune, le rachat d'or, et pour ceux qui veulent investir dans l'or, vendre leur or tout simplement en savoir plus... Pour tous vos achat or et argent, n'h\u00e9sitez pas \u00e0 prendre rendez-vous dans l'un de nos nombreux comptoirs.","sameAs":["https:\/\/www.gold.fr"]}]}},"authors":[{"term_id":2565,"user_id":18,"is_guest":0,"slug":"julie","display_name":"Comptoir National de l'Or","avatar_url":"https:\/\/secure.gravatar.com\/avatar\/713f289e398d35ead876c4a4cc08607f0d6d266058cfc25683fffb6092d0e572?s=96&d=mm&r=g","0":null,"1":"","2":"","3":"","4":"","5":"","6":"","7":"","8":""}],"_links":{"self":[{"href":"https:\/\/www.gold.fr\/news\/wp-json\/wp\/v2\/posts\/14974","targetHints":{"allow":["GET"]}}],"collection":[{"href":"https:\/\/www.gold.fr\/news\/wp-json\/wp\/v2\/posts"}],"about":[{"href":"https:\/\/www.gold.fr\/news\/wp-json\/wp\/v2\/types\/post"}],"author":[{"embeddable":true,"href":"https:\/\/www.gold.fr\/news\/wp-json\/wp\/v2\/users\/18"}],"replies":[{"embeddable":true,"href":"https:\/\/www.gold.fr\/news\/wp-json\/wp\/v2\/comments?post=14974"}],"version-history":[{"count":0,"href":"https:\/\/www.gold.fr\/news\/wp-json\/wp\/v2\/posts\/14974\/revisions"}],"wp:featuredmedia":[{"embeddable":true,"href":"https:\/\/www.gold.fr\/news\/wp-json\/wp\/v2\/media\/11394"}],"wp:attachment":[{"href":"https:\/\/www.gold.fr\/news\/wp-json\/wp\/v2\/media?parent=14974"}],"wp:term":[{"taxonomy":"category","embeddable":true,"href":"https:\/\/www.gold.fr\/news\/wp-json\/wp\/v2\/categories?post=14974"},{"taxonomy":"post_tag","embeddable":true,"href":"https:\/\/www.gold.fr\/news\/wp-json\/wp\/v2\/tags?post=14974"},{"taxonomy":"author","embeddable":true,"href":"https:\/\/www.gold.fr\/news\/wp-json\/wp\/v2\/ppma_author?post=14974"}],"curies":[{"name":"wp","href":"https:\/\/api.w.org\/{rel}","templated":true}]}}