{"id":14955,"date":"2014-06-23T09:00:09","date_gmt":"2014-06-23T07:00:09","guid":{"rendered":"https:\/\/www.gold.fr\/news\/?p=14955"},"modified":"2017-11-02T11:39:27","modified_gmt":"2017-11-02T10:39:27","slug":"envol-de-lor-au-coeur-de-la-seance-des-quatre-sorcieres","status":"publish","type":"post","link":"https:\/\/www.gold.fr\/news\/2014\/06\/23\/envol-de-lor-au-coeur-de-la-seance-des-quatre-sorcieres\/","title":{"rendered":"Envol de l\u2019or, au c\u0153ur de la s\u00e9ance des \u2018quatre sorci\u00e8res\u2019"},"content":{"rendered":"<p><img loading=\"lazy\" decoding=\"async\" class=\"alignleft size-thumbnail wp-image-2965\" title=\"Envol de l\u2019or, au c\u0153ur de la s\u00e9ance des \u2018quatre sorci\u00e8res\u2019\" src=\"https:\/\/www.gold.fr\/news\/wp-content\/uploads\/2011\/10\/78327213-150x150.jpg\" alt=\"\" width=\"150\" height=\"150\" \/><span style=\"font-size: small;\">Le terme, utilis\u00e9 dans le milieu boursier am\u00e9ricain, d\u00e9signe le troisi\u00e8me vendredi des mois de mars, juin, septembre et d\u00e9cembre, et se focalise particuli\u00e8rement la derni\u00e8re heure de transaction boursi\u00e8re en ces jours pr\u00e9cis. <a title=\"L\u2019or soutenu par un ancien de la\u2026 BCE !\" href=\"https:\/\/www.gold.fr\/news\/2014\/06\/20\/lor-soutenu-par-un-ancien-de-la-bce\/14924\/\" target=\"_blank\">La s\u00e9ance du vendredi 20 juin 2014<\/a> \u00e9tait donc une journ\u00e9e boursi\u00e8re des \u2018<em>quatre sorci\u00e8res<\/em>&lsquo;, traditionnellement marqu\u00e9e par \u00ab <em>une certaine prudence de la part des investisseurs dans l&rsquo;optique de l&rsquo;expiration de toute une s\u00e9rie de contrats futurs et de contrats d&rsquo;options<\/em> \u00bb. En d&rsquo;autres termes, ce type de s\u00e9ance enregistre g\u00e9n\u00e9ralement une vague plus ou moins importante de volatilit\u00e9.<\/span>    <span style=\"font-size: small;\"> Toutefois, peu de marge \u00e9tait laiss\u00e9e \u00e0 la volatilit\u00e9, vendredi, dans la mesure o\u00f9 aucun rapport (mis \u00e0 part celui relatif aux prix \u00e0 la production industrielle allemande) n&rsquo;\u00e9tait pr\u00e9vu au programme. Pas grand-chose \u00e0 signaler du c\u00f4t\u00e9 de la rive am\u00e9ricaine non plus, puisque les op\u00e9rateurs cherchaient essentiellement \u00e0 reprendre leur souffle apr\u00e8s une s\u00e9ance spectaculaire, jeudi dernier, o\u00f9 le <strong>Dow Jones<\/strong> gagnait <strong>0,1%<\/strong> \u00ab <em>pour finir au plus haut du jour, du mois, de l&rsquo;ann\u00e9e et de l&rsquo;histoire \u00e0 <strong>16.921 points<\/strong><\/em> \u00bb.<\/span>    <span style=\"font-size: small;\"> C\u00f4t\u00e9 march\u00e9 aurif\u00e8re, l&rsquo;heure \u00e9tait toutefois d\u00e9finitivement \u00e0 l&rsquo;euphorie g\u00e9n\u00e9rale. L&rsquo;<a href='https:\/\/www.gold.fr\/news\/tags\/or' class='esk-seo-plu-link'>or<\/a> semblait clairement profiter de l&rsquo;avalanche d&rsquo;\u00e9v\u00e9nements marquants de la semaine pass\u00e9e, boost\u00e9 essentiellement par \u00ab<em> les annonces de <strong>Janet Yellen<\/strong>, pr\u00e9sidente de la <strong>FED<\/strong>, et l&rsquo;escalade des tensions en Irak<\/em> \u00bb, deux facteurs qui ont pouss\u00e9 \u00ab <em>les investisseurs \u00e0 se tourner vers des investissements alternatifs tels que l&rsquo;<a href='https:\/\/www.gold.fr\/news\/tags\/or' class='esk-seo-plu-link'>or<\/a><\/em> \u00bb.<\/span>    <span style=\"font-size: small;\"> Les observateurs pr\u00e9voient, dans leur majorit\u00e9, de voir le <a href='https:\/\/www.gold.fr\/news\/tags\/or' class='esk-seo-plu-link'>m\u00e9tal jaune<\/a> atteindre un nouveau palier d\u00e9cisif avant la fin du mois de juin. Une affaire \u00e0 suivre.<\/span><\/p>\n<!-- AddThis Advanced Settings generic via filter on the_content --><!-- AddThis Share Buttons generic via filter on the_content -->","protected":false},"excerpt":{"rendered":"<p>Le terme, utilis\u00e9 dans le milieu boursier am\u00e9ricain, d\u00e9signe le troisi\u00e8me vendredi des mois de mars, juin, septembre et d\u00e9cembre, et se focalise particuli\u00e8rement la derni\u00e8re heure de transaction boursi\u00e8re en ces jours pr\u00e9cis. La s\u00e9ance [&hellip;]<\/p>\n","protected":false},"author":18,"featured_media":2965,"comment_status":"open","ping_status":"open","sticky":false,"template":"","format":"standard","meta":{"_mbp_gutenberg_autopost":false,"_pgmb_is_evergreen":false,"_pgmb_ap_template_id":0,"footnotes":""},"categories":[6],"tags":[961,1774,144,1047,932,1810],"ppma_author":[2565],"class_list":["post-14955","post","type-post","status-publish","format-standard","has-post-thumbnail","hentry","category-articles-de-presse","tag-cours-or","tag-dow-jones","tag-fed","tag-marche-aurifere","tag-metal-jaune","tag-yellen"],"yoast_head":"<!-- This site is optimized with the Yoast SEO plugin v27.5 - https:\/\/yoast.com\/product\/yoast-seo-wordpress\/ -->\n<title>Envol de l\u2019or, au c\u0153ur de la s\u00e9ance des \u2018quatre sorci\u00e8res\u2019 - Gold.fr<\/title>\n<meta name=\"robots\" content=\"index, follow, max-snippet:-1, max-image-preview:large, max-video-preview:-1\" \/>\n<link rel=\"canonical\" href=\"https:\/\/www.gold.fr\/news\/2014\/06\/23\/envol-de-lor-au-coeur-de-la-seance-des-quatre-sorcieres\/\" \/>\n<meta property=\"og:locale\" content=\"fr_FR\" \/>\n<meta property=\"og:type\" content=\"article\" \/>\n<meta property=\"og:title\" content=\"Envol de l\u2019or, au c\u0153ur de la s\u00e9ance des \u2018quatre sorci\u00e8res\u2019 - Gold.fr\" \/>\n<meta property=\"og:description\" content=\"Le terme, utilis\u00e9 dans le milieu boursier am\u00e9ricain, d\u00e9signe le troisi\u00e8me vendredi des mois de mars, juin, septembre et d\u00e9cembre, et se focalise particuli\u00e8rement la derni\u00e8re heure de transaction boursi\u00e8re en ces jours pr\u00e9cis. La s\u00e9ance [&hellip;]\" \/>\n<meta property=\"og:url\" content=\"https:\/\/www.gold.fr\/news\/2014\/06\/23\/envol-de-lor-au-coeur-de-la-seance-des-quatre-sorcieres\/\" \/>\n<meta property=\"og:site_name\" content=\"Gold.fr\" \/>\n<meta property=\"article:publisher\" content=\"https:\/\/www.facebook.com\/Goldfr\/\" \/>\n<meta property=\"article:published_time\" content=\"2014-06-23T07:00:09+00:00\" \/>\n<meta property=\"article:modified_time\" content=\"2017-11-02T10:39:27+00:00\" \/>\n<meta property=\"og:image\" content=\"https:\/\/www.gold.fr\/news\/wp-content\/uploads\/2011\/10\/78327213.jpg\" \/>\n\t<meta property=\"og:image:width\" content=\"600\" \/>\n\t<meta property=\"og:image:height\" content=\"429\" \/>\n\t<meta property=\"og:image:type\" content=\"image\/jpeg\" \/>\n<meta name=\"author\" content=\"Comptoir National de l&#039;Or\" \/>\n<meta name=\"twitter:card\" content=\"summary_large_image\" \/>\n<meta name=\"twitter:label1\" content=\"\u00c9crit par\" \/>\n\t<meta name=\"twitter:data1\" content=\"Comptoir National de l&#039;Or\" \/>\n\t<meta name=\"twitter:label2\" content=\"Dur\u00e9e de lecture estim\u00e9e\" \/>\n\t<meta name=\"twitter:data2\" content=\"1 minute\" \/>\n<script type=\"application\/ld+json\" class=\"yoast-schema-graph\">{\"@context\":\"https:\\\/\\\/schema.org\",\"@graph\":[{\"@type\":\"Article\",\"@id\":\"https:\\\/\\\/www.gold.fr\\\/news\\\/2014\\\/06\\\/23\\\/envol-de-lor-au-coeur-de-la-seance-des-quatre-sorcieres\\\/#article\",\"isPartOf\":{\"@id\":\"https:\\\/\\\/www.gold.fr\\\/news\\\/2014\\\/06\\\/23\\\/envol-de-lor-au-coeur-de-la-seance-des-quatre-sorcieres\\\/\"},\"author\":{\"name\":\"Comptoir National de l'Or\",\"@id\":\"https:\\\/\\\/www.gold.fr\\\/news\\\/#\\\/schema\\\/person\\\/070491b4b4fb7671bf59b3be20302ce9\"},\"headline\":\"Envol de l\u2019or, au c\u0153ur de la s\u00e9ance des \u2018quatre sorci\u00e8res\u2019\",\"datePublished\":\"2014-06-23T07:00:09+00:00\",\"dateModified\":\"2017-11-02T10:39:27+00:00\",\"mainEntityOfPage\":{\"@id\":\"https:\\\/\\\/www.gold.fr\\\/news\\\/2014\\\/06\\\/23\\\/envol-de-lor-au-coeur-de-la-seance-des-quatre-sorcieres\\\/\"},\"wordCount\":310,\"commentCount\":0,\"image\":{\"@id\":\"https:\\\/\\\/www.gold.fr\\\/news\\\/2014\\\/06\\\/23\\\/envol-de-lor-au-coeur-de-la-seance-des-quatre-sorcieres\\\/#primaryimage\"},\"thumbnailUrl\":\"https:\\\/\\\/www.gold.fr\\\/news\\\/wp-content\\\/uploads\\\/2011\\\/10\\\/78327213.jpg\",\"keywords\":[\"cours or\",\"Dow Jones\",\"fed\",\"march\u00e9 aurif\u00e8re\",\"M\u00e9tal jaune\",\"yellen\"],\"articleSection\":[\"Articles de presse\"],\"inLanguage\":\"fr-FR\"},{\"@type\":\"WebPage\",\"@id\":\"https:\\\/\\\/www.gold.fr\\\/news\\\/2014\\\/06\\\/23\\\/envol-de-lor-au-coeur-de-la-seance-des-quatre-sorcieres\\\/\",\"url\":\"https:\\\/\\\/www.gold.fr\\\/news\\\/2014\\\/06\\\/23\\\/envol-de-lor-au-coeur-de-la-seance-des-quatre-sorcieres\\\/\",\"name\":\"Envol de l\u2019or, au c\u0153ur de la s\u00e9ance des \u2018quatre sorci\u00e8res\u2019 - Gold.fr\",\"isPartOf\":{\"@id\":\"https:\\\/\\\/www.gold.fr\\\/news\\\/#website\"},\"primaryImageOfPage\":{\"@id\":\"https:\\\/\\\/www.gold.fr\\\/news\\\/2014\\\/06\\\/23\\\/envol-de-lor-au-coeur-de-la-seance-des-quatre-sorcieres\\\/#primaryimage\"},\"image\":{\"@id\":\"https:\\\/\\\/www.gold.fr\\\/news\\\/2014\\\/06\\\/23\\\/envol-de-lor-au-coeur-de-la-seance-des-quatre-sorcieres\\\/#primaryimage\"},\"thumbnailUrl\":\"https:\\\/\\\/www.gold.fr\\\/news\\\/wp-content\\\/uploads\\\/2011\\\/10\\\/78327213.jpg\",\"datePublished\":\"2014-06-23T07:00:09+00:00\",\"dateModified\":\"2017-11-02T10:39:27+00:00\",\"author\":{\"@id\":\"https:\\\/\\\/www.gold.fr\\\/news\\\/#\\\/schema\\\/person\\\/070491b4b4fb7671bf59b3be20302ce9\"},\"breadcrumb\":{\"@id\":\"https:\\\/\\\/www.gold.fr\\\/news\\\/2014\\\/06\\\/23\\\/envol-de-lor-au-coeur-de-la-seance-des-quatre-sorcieres\\\/#breadcrumb\"},\"inLanguage\":\"fr-FR\",\"potentialAction\":[{\"@type\":\"ReadAction\",\"target\":[\"https:\\\/\\\/www.gold.fr\\\/news\\\/2014\\\/06\\\/23\\\/envol-de-lor-au-coeur-de-la-seance-des-quatre-sorcieres\\\/\"]}]},{\"@type\":\"ImageObject\",\"inLanguage\":\"fr-FR\",\"@id\":\"https:\\\/\\\/www.gold.fr\\\/news\\\/2014\\\/06\\\/23\\\/envol-de-lor-au-coeur-de-la-seance-des-quatre-sorcieres\\\/#primaryimage\",\"url\":\"https:\\\/\\\/www.gold.fr\\\/news\\\/wp-content\\\/uploads\\\/2011\\\/10\\\/78327213.jpg\",\"contentUrl\":\"https:\\\/\\\/www.gold.fr\\\/news\\\/wp-content\\\/uploads\\\/2011\\\/10\\\/78327213.jpg\",\"width\":\"600\",\"height\":\"429\",\"caption\":\"Un calendrier hebdomadaire tr\u00e8s charg\u00e9\"},{\"@type\":\"BreadcrumbList\",\"@id\":\"https:\\\/\\\/www.gold.fr\\\/news\\\/2014\\\/06\\\/23\\\/envol-de-lor-au-coeur-de-la-seance-des-quatre-sorcieres\\\/#breadcrumb\",\"itemListElement\":[{\"@type\":\"ListItem\",\"position\":1,\"name\":\"Accueil\",\"item\":\"https:\\\/\\\/www.gold.fr\\\/\"},{\"@type\":\"ListItem\",\"position\":2,\"name\":\"Actualit\u00e9s\",\"item\":\"https:\\\/\\\/www.gold.fr\\\/news\\\/\"},{\"@type\":\"ListItem\",\"position\":3,\"name\":\"Envol de l\u2019or, au c\u0153ur de la s\u00e9ance des \u2018quatre sorci\u00e8res\u2019\"}]},{\"@type\":\"WebSite\",\"@id\":\"https:\\\/\\\/www.gold.fr\\\/news\\\/#website\",\"url\":\"https:\\\/\\\/www.gold.fr\\\/news\\\/\",\"name\":\"Gold.fr\",\"description\":\"Actualit\u00e9s de l&#039;Or et des m\u00e9taux pr\u00e9cieux\",\"potentialAction\":[{\"@type\":\"SearchAction\",\"target\":{\"@type\":\"EntryPoint\",\"urlTemplate\":\"https:\\\/\\\/www.gold.fr\\\/news\\\/?s={search_term_string}\"},\"query-input\":{\"@type\":\"PropertyValueSpecification\",\"valueRequired\":true,\"valueName\":\"search_term_string\"}}],\"inLanguage\":\"fr-FR\"},{\"@type\":\"Person\",\"@id\":\"https:\\\/\\\/www.gold.fr\\\/news\\\/#\\\/schema\\\/person\\\/070491b4b4fb7671bf59b3be20302ce9\",\"name\":\"Comptoir National de l'Or\",\"image\":{\"@type\":\"ImageObject\",\"inLanguage\":\"fr-FR\",\"@id\":\"https:\\\/\\\/secure.gravatar.com\\\/avatar\\\/0a2867fd5abe37bed95d5a65e9d58f01756e11efc68af9888dfc50cfa7f65948?s=96&d=mm&r=gb490554db0a38188709de567aa58480d\",\"url\":\"https:\\\/\\\/secure.gravatar.com\\\/avatar\\\/0a2867fd5abe37bed95d5a65e9d58f01756e11efc68af9888dfc50cfa7f65948?s=96&d=mm&r=g\",\"contentUrl\":\"https:\\\/\\\/secure.gravatar.com\\\/avatar\\\/0a2867fd5abe37bed95d5a65e9d58f01756e11efc68af9888dfc50cfa7f65948?s=96&d=mm&r=g\",\"caption\":\"Comptoir National de l'Or\"},\"description\":\"Notre r\u00e9daction est constitu\u00e9e de membres experts dans les m\u00e9tiers de l'\u00e9conomie et la gestion, des Responsables d'agence Comptoir National de l'Or, des analystes financiers qui publient r\u00e9guli\u00e8rement des \u00e9tudes sur les politiques des banques centrales, le cours de l'or, prix de l'or, cours de l'argent, prix de l'argent, cours du platine, cours du palladium,... la situation en zone euro et l'impact de la strat\u00e9gie mon\u00e9taire de la FED. Notre \u00e9quipe scrute \u00e9galement une information plus g\u00e9n\u00e9raliste \u00e0 la recherche d'actualit\u00e9 \\\"p\u00e9pite\\\" \u00e0 vous partager. Depuis 5 ans, nous avons publi\u00e9 un peu plus de 4000 articles qui s'adressent \u00e0 un public large et vari\u00e9 ayant pour objectif de satisfaire votre curiosit\u00e9 et de partager avec vous une certaine fascination pour le m\u00e9tal jaune, le rachat d'or, et pour ceux qui veulent investir dans l'or, vendre leur or tout simplement en savoir plus... Pour tous vos achat or et argent, n'h\u00e9sitez pas \u00e0 prendre rendez-vous dans l'un de nos nombreux comptoirs.\",\"sameAs\":[\"https:\\\/\\\/www.gold.fr\"]}]}<\/script>\n<!-- \/ Yoast SEO plugin. -->","yoast_head_json":{"title":"Envol de l\u2019or, au c\u0153ur de la s\u00e9ance des \u2018quatre sorci\u00e8res\u2019 - Gold.fr","robots":{"index":"index","follow":"follow","max-snippet":"max-snippet:-1","max-image-preview":"max-image-preview:large","max-video-preview":"max-video-preview:-1"},"canonical":"https:\/\/www.gold.fr\/news\/2014\/06\/23\/envol-de-lor-au-coeur-de-la-seance-des-quatre-sorcieres\/","og_locale":"fr_FR","og_type":"article","og_title":"Envol de l\u2019or, au c\u0153ur de la s\u00e9ance des \u2018quatre sorci\u00e8res\u2019 - Gold.fr","og_description":"Le terme, utilis\u00e9 dans le milieu boursier am\u00e9ricain, d\u00e9signe le troisi\u00e8me vendredi des mois de mars, juin, septembre et d\u00e9cembre, et se focalise particuli\u00e8rement la derni\u00e8re heure de transaction boursi\u00e8re en ces jours pr\u00e9cis. La s\u00e9ance [&hellip;]","og_url":"https:\/\/www.gold.fr\/news\/2014\/06\/23\/envol-de-lor-au-coeur-de-la-seance-des-quatre-sorcieres\/","og_site_name":"Gold.fr","article_publisher":"https:\/\/www.facebook.com\/Goldfr\/","article_published_time":"2014-06-23T07:00:09+00:00","article_modified_time":"2017-11-02T10:39:27+00:00","og_image":[{"width":600,"height":429,"url":"https:\/\/www.gold.fr\/news\/wp-content\/uploads\/2011\/10\/78327213.jpg","type":"image\/jpeg"}],"author":"Comptoir National de l'Or","twitter_card":"summary_large_image","twitter_misc":{"\u00c9crit par":"Comptoir National de l'Or","Dur\u00e9e de lecture estim\u00e9e":"1 minute"},"schema":{"@context":"https:\/\/schema.org","@graph":[{"@type":"Article","@id":"https:\/\/www.gold.fr\/news\/2014\/06\/23\/envol-de-lor-au-coeur-de-la-seance-des-quatre-sorcieres\/#article","isPartOf":{"@id":"https:\/\/www.gold.fr\/news\/2014\/06\/23\/envol-de-lor-au-coeur-de-la-seance-des-quatre-sorcieres\/"},"author":{"name":"Comptoir National de l'Or","@id":"https:\/\/www.gold.fr\/news\/#\/schema\/person\/070491b4b4fb7671bf59b3be20302ce9"},"headline":"Envol de l\u2019or, au c\u0153ur de la s\u00e9ance des \u2018quatre sorci\u00e8res\u2019","datePublished":"2014-06-23T07:00:09+00:00","dateModified":"2017-11-02T10:39:27+00:00","mainEntityOfPage":{"@id":"https:\/\/www.gold.fr\/news\/2014\/06\/23\/envol-de-lor-au-coeur-de-la-seance-des-quatre-sorcieres\/"},"wordCount":310,"commentCount":0,"image":{"@id":"https:\/\/www.gold.fr\/news\/2014\/06\/23\/envol-de-lor-au-coeur-de-la-seance-des-quatre-sorcieres\/#primaryimage"},"thumbnailUrl":"https:\/\/www.gold.fr\/news\/wp-content\/uploads\/2011\/10\/78327213.jpg","keywords":["cours or","Dow Jones","fed","march\u00e9 aurif\u00e8re","M\u00e9tal jaune","yellen"],"articleSection":["Articles de presse"],"inLanguage":"fr-FR"},{"@type":"WebPage","@id":"https:\/\/www.gold.fr\/news\/2014\/06\/23\/envol-de-lor-au-coeur-de-la-seance-des-quatre-sorcieres\/","url":"https:\/\/www.gold.fr\/news\/2014\/06\/23\/envol-de-lor-au-coeur-de-la-seance-des-quatre-sorcieres\/","name":"Envol de l\u2019or, au c\u0153ur de la s\u00e9ance des \u2018quatre sorci\u00e8res\u2019 - Gold.fr","isPartOf":{"@id":"https:\/\/www.gold.fr\/news\/#website"},"primaryImageOfPage":{"@id":"https:\/\/www.gold.fr\/news\/2014\/06\/23\/envol-de-lor-au-coeur-de-la-seance-des-quatre-sorcieres\/#primaryimage"},"image":{"@id":"https:\/\/www.gold.fr\/news\/2014\/06\/23\/envol-de-lor-au-coeur-de-la-seance-des-quatre-sorcieres\/#primaryimage"},"thumbnailUrl":"https:\/\/www.gold.fr\/news\/wp-content\/uploads\/2011\/10\/78327213.jpg","datePublished":"2014-06-23T07:00:09+00:00","dateModified":"2017-11-02T10:39:27+00:00","author":{"@id":"https:\/\/www.gold.fr\/news\/#\/schema\/person\/070491b4b4fb7671bf59b3be20302ce9"},"breadcrumb":{"@id":"https:\/\/www.gold.fr\/news\/2014\/06\/23\/envol-de-lor-au-coeur-de-la-seance-des-quatre-sorcieres\/#breadcrumb"},"inLanguage":"fr-FR","potentialAction":[{"@type":"ReadAction","target":["https:\/\/www.gold.fr\/news\/2014\/06\/23\/envol-de-lor-au-coeur-de-la-seance-des-quatre-sorcieres\/"]}]},{"@type":"ImageObject","inLanguage":"fr-FR","@id":"https:\/\/www.gold.fr\/news\/2014\/06\/23\/envol-de-lor-au-coeur-de-la-seance-des-quatre-sorcieres\/#primaryimage","url":"https:\/\/www.gold.fr\/news\/wp-content\/uploads\/2011\/10\/78327213.jpg","contentUrl":"https:\/\/www.gold.fr\/news\/wp-content\/uploads\/2011\/10\/78327213.jpg","width":"600","height":"429","caption":"Un calendrier hebdomadaire tr\u00e8s charg\u00e9"},{"@type":"BreadcrumbList","@id":"https:\/\/www.gold.fr\/news\/2014\/06\/23\/envol-de-lor-au-coeur-de-la-seance-des-quatre-sorcieres\/#breadcrumb","itemListElement":[{"@type":"ListItem","position":1,"name":"Accueil","item":"https:\/\/www.gold.fr\/"},{"@type":"ListItem","position":2,"name":"Actualit\u00e9s","item":"https:\/\/www.gold.fr\/news\/"},{"@type":"ListItem","position":3,"name":"Envol de l\u2019or, au c\u0153ur de la s\u00e9ance des \u2018quatre sorci\u00e8res\u2019"}]},{"@type":"WebSite","@id":"https:\/\/www.gold.fr\/news\/#website","url":"https:\/\/www.gold.fr\/news\/","name":"Gold.fr","description":"Actualit\u00e9s de l&#039;Or et des m\u00e9taux pr\u00e9cieux","potentialAction":[{"@type":"SearchAction","target":{"@type":"EntryPoint","urlTemplate":"https:\/\/www.gold.fr\/news\/?s={search_term_string}"},"query-input":{"@type":"PropertyValueSpecification","valueRequired":true,"valueName":"search_term_string"}}],"inLanguage":"fr-FR"},{"@type":"Person","@id":"https:\/\/www.gold.fr\/news\/#\/schema\/person\/070491b4b4fb7671bf59b3be20302ce9","name":"Comptoir National de l'Or","image":{"@type":"ImageObject","inLanguage":"fr-FR","@id":"https:\/\/secure.gravatar.com\/avatar\/0a2867fd5abe37bed95d5a65e9d58f01756e11efc68af9888dfc50cfa7f65948?s=96&d=mm&r=gb490554db0a38188709de567aa58480d","url":"https:\/\/secure.gravatar.com\/avatar\/0a2867fd5abe37bed95d5a65e9d58f01756e11efc68af9888dfc50cfa7f65948?s=96&d=mm&r=g","contentUrl":"https:\/\/secure.gravatar.com\/avatar\/0a2867fd5abe37bed95d5a65e9d58f01756e11efc68af9888dfc50cfa7f65948?s=96&d=mm&r=g","caption":"Comptoir National de l'Or"},"description":"Notre r\u00e9daction est constitu\u00e9e de membres experts dans les m\u00e9tiers de l'\u00e9conomie et la gestion, des Responsables d'agence Comptoir National de l'Or, des analystes financiers qui publient r\u00e9guli\u00e8rement des \u00e9tudes sur les politiques des banques centrales, le cours de l'or, prix de l'or, cours de l'argent, prix de l'argent, cours du platine, cours du palladium,... la situation en zone euro et l'impact de la strat\u00e9gie mon\u00e9taire de la FED. Notre \u00e9quipe scrute \u00e9galement une information plus g\u00e9n\u00e9raliste \u00e0 la recherche d'actualit\u00e9 \"p\u00e9pite\" \u00e0 vous partager. Depuis 5 ans, nous avons publi\u00e9 un peu plus de 4000 articles qui s'adressent \u00e0 un public large et vari\u00e9 ayant pour objectif de satisfaire votre curiosit\u00e9 et de partager avec vous une certaine fascination pour le m\u00e9tal jaune, le rachat d'or, et pour ceux qui veulent investir dans l'or, vendre leur or tout simplement en savoir plus... Pour tous vos achat or et argent, n'h\u00e9sitez pas \u00e0 prendre rendez-vous dans l'un de nos nombreux comptoirs.","sameAs":["https:\/\/www.gold.fr"]}]}},"authors":[{"term_id":2565,"user_id":18,"is_guest":0,"slug":"julie","display_name":"Comptoir National de l'Or","avatar_url":"https:\/\/secure.gravatar.com\/avatar\/713f289e398d35ead876c4a4cc08607f0d6d266058cfc25683fffb6092d0e572?s=96&d=mm&r=g","0":null,"1":"","2":"","3":"","4":"","5":"","6":"","7":"","8":""}],"_links":{"self":[{"href":"https:\/\/www.gold.fr\/news\/wp-json\/wp\/v2\/posts\/14955","targetHints":{"allow":["GET"]}}],"collection":[{"href":"https:\/\/www.gold.fr\/news\/wp-json\/wp\/v2\/posts"}],"about":[{"href":"https:\/\/www.gold.fr\/news\/wp-json\/wp\/v2\/types\/post"}],"author":[{"embeddable":true,"href":"https:\/\/www.gold.fr\/news\/wp-json\/wp\/v2\/users\/18"}],"replies":[{"embeddable":true,"href":"https:\/\/www.gold.fr\/news\/wp-json\/wp\/v2\/comments?post=14955"}],"version-history":[{"count":0,"href":"https:\/\/www.gold.fr\/news\/wp-json\/wp\/v2\/posts\/14955\/revisions"}],"wp:featuredmedia":[{"embeddable":true,"href":"https:\/\/www.gold.fr\/news\/wp-json\/wp\/v2\/media\/2965"}],"wp:attachment":[{"href":"https:\/\/www.gold.fr\/news\/wp-json\/wp\/v2\/media?parent=14955"}],"wp:term":[{"taxonomy":"category","embeddable":true,"href":"https:\/\/www.gold.fr\/news\/wp-json\/wp\/v2\/categories?post=14955"},{"taxonomy":"post_tag","embeddable":true,"href":"https:\/\/www.gold.fr\/news\/wp-json\/wp\/v2\/tags?post=14955"},{"taxonomy":"author","embeddable":true,"href":"https:\/\/www.gold.fr\/news\/wp-json\/wp\/v2\/ppma_author?post=14955"}],"curies":[{"name":"wp","href":"https:\/\/api.w.org\/{rel}","templated":true}]}}