{"id":14924,"date":"2014-06-20T16:33:10","date_gmt":"2014-06-20T14:33:10","guid":{"rendered":"https:\/\/www.gold.fr\/news\/?p=14924"},"modified":"2021-01-13T16:18:54","modified_gmt":"2021-01-13T15:18:54","slug":"lor-soutenu-par-un-ancien-de-la-bce","status":"publish","type":"post","link":"https:\/\/www.gold.fr\/news\/2014\/06\/20\/lor-soutenu-par-un-ancien-de-la-bce\/","title":{"rendered":"L\u2019or soutenu par un ancien de la\u2026 BCE !"},"content":{"rendered":"<p><span style=\"font-size: 12px;\"><a href=\"https:\/\/www.gold.fr\/news\/wp-content\/uploads\/2014\/06\/poutine.jpg\"><img loading=\"lazy\" decoding=\"async\" class=\"alignleft size-thumbnail wp-image-14927\" src=\"https:\/\/www.gold.fr\/news\/wp-content\/uploads\/2014\/06\/poutine-150x150.jpg\" alt=\"\" width=\"150\" height=\"150\" srcset=\"https:\/\/www.gold.fr\/news\/wp-content\/uploads\/2014\/06\/poutine-150x150.jpg 150w, https:\/\/www.gold.fr\/news\/wp-content\/uploads\/2014\/06\/poutine-80x80.jpg 80w\" sizes=\"auto, (max-width: 150px) 100vw, 150px\" \/><\/a><\/span>Politiques mon\u00e9taires laxistes r\u00e9p\u00e9titives, maintien des taux d&rsquo;int\u00e9r\u00eats \u00e0 des niveau extr\u00eamement faibles et la bulle sur les march\u00e9s des actions, voil\u00e0 un sc\u00e9nario qui ne cesse de scandaliser des grands responsables \u00e9conomiques en d\u00e9non\u00e7ant cette man\u0153uvre jug\u00e9e insens\u00e9e\u00a0! Parmi les personnalit\u00e9s qui ont fait entendre leur voix r\u00e9cemment, Jurgen Stark qui est un ancien vice-pr\u00e9sident de la Bundesbank mais \u00e9galement ex-\u00e9conomiste en chef de la <a title=\"L\u2019or de retour vers la hausse\" href=\"https:\/\/www.gold.fr\/news\/2014\/06\/11\/lor-de-retour-vers-la-hausse-2\/14875\/\">BCE<\/a>. Celui-ci n&rsquo;a pas l\u00e9sin\u00e9 sur les mots derni\u00e8rement\u00a0 pour dire que le syst\u00e8me \u00e9tait hors de contr\u00f4le et met en garde contre le risque des politiques mon\u00e9taires men\u00e9es par les banques centrales. Nous rappelons que celui-ci s&rsquo;est retir\u00e9 de la Bundesbank fin 2011, \u00e0 cause de son opposition \u00e0 Jean Claude Trichet par rapport \u00e0 l&rsquo;achat d&rsquo;obligations souveraines par la BCE\u2026 A premi\u00e8re vue, les march\u00e9s se portent tr\u00e8s bien gr\u00e2ce notamment aux banques centrales (FED, BCE qui a abaiss\u00e9 son taux d&rsquo;int\u00e9r\u00eat r\u00e9cemment, la banque centrale de Grande Bretagne, la Banque du Japon..). Sauf qu&rsquo;en r\u00e9alit\u00e9, les \u00e9conomies ne marchent pas aussi bien qu&rsquo;elles ont en l&rsquo;air et il n&rsquo;y a que les march\u00e9s financiers qui sont boost\u00e9s par ces injections. En fait J.Stark pense que la reprise est fragile, et ces <a title=\"Les d\u00e9cisions de la BCE au soutien de l\u2019or\" href=\"https:\/\/www.gold.fr\/news\/2014\/06\/09\/les-decisions-de-la-bce-au-soutien-de-lor\/14862\/\">politiques mon\u00e9taires<\/a> repr\u00e9sentent un v\u00e9ritable obstacle estimant que la seule r\u00e9ponse \u00e0 la sortie de crise et \u00e0 la reprise de la croissance, est \u00e9troitement li\u00e9e \u00e0 la comp\u00e9titivit\u00e9\u00a0! Il qualifie le syst\u00e8me mon\u00e9taire actuel d&rsquo;illusoire et recommande fortement de consacrer une partie de l&rsquo;\u00e9pargne \u00e0 des valeurs s\u00fbres telles que l&rsquo;<a class=\"esk-seo-plu-link\" href=\"https:\/\/www.gold.fr\/news\/tags\/or\">or<\/a>. Et c&rsquo;est ce que font d&rsquo;ailleurs les pays de la BRIC&rsquo;S, en particulier la Russie\u2026 Depuis 2006, la banque centrale russe ne cesse d&rsquo;accro\u00eetre ses r\u00e9serves d&rsquo;<a class=\"esk-seo-plu-link\" href=\"https:\/\/www.gold.fr\/news\/tags\/or\">or<\/a> en achetant en moyenne 500.000 onces d&rsquo;<a class=\"esk-seo-plu-link\" href=\"https:\/\/www.gold.fr\/news\/tags\/or\">or<\/a> tous les mois. En revanche, au mois d&rsquo;avril dernier, cette quantit\u00e9 a \u00e9t\u00e9 largement d\u00e9pass\u00e9e avec 900.000 onces d&rsquo;<a class=\"esk-seo-plu-link\" href=\"https:\/\/www.gold.fr\/news\/tags\/or\">or<\/a>, pouss\u00e9e par une forte demande\u00a0! Les r\u00e9serves d&rsquo;<a class=\"esk-seo-plu-link\" href=\"https:\/\/www.gold.fr\/news\/tags\/or\">or<\/a> de la Russie sont pass\u00e9es \u00e0 34,4 millions onces d&rsquo;<a class=\"esk-seo-plu-link\" href=\"https:\/\/www.gold.fr\/news\/tags\/or\">or<\/a> en avril contre 33,5 millions le mois pr\u00e9c\u00e9dent. Elles demeurent bien en de\u00e7\u00e0 des r\u00e9serves d&rsquo;<a class=\"esk-seo-plu-link\" href=\"https:\/\/www.gold.fr\/news\/tags\/or\">or<\/a> des autres pays, avec 10% contre une moyenne de 65%. Mais <a title=\"Point sur la demande d\u2019or des Banques Centrales et de l\u2019industrie au 1er trimestre 2014\" href=\"https:\/\/www.gold.fr\/news\/2014\/06\/05\/point-sur-la-demande-dor-des-banques-centrales-et-de-lindustrie-au-1er-trimestre-2014\/14768\/\">la Russie<\/a> ne compte pas s&rsquo;arr\u00eater l\u00e0 et affiche d\u00e9sormais sans ambigu\u00eft\u00e9 aucune, ses intentions vis-\u00e0-vis de ses <a href=\"https:\/\/www.gold.fr\">achats d\u2019or<\/a>. Les grands dirigeants russes, consid\u00e8rent l&rsquo;<a class=\"esk-seo-plu-link\" href=\"https:\/\/www.gold.fr\/news\/tags\/or\">or<\/a> comme un actif mon\u00e9taire majeur, sans doute une garantie contre la d\u00e9valuation du rouble et plus g\u00e9n\u00e9ralement contre la guerre des monnaies qui est en cours\u2026Entre octobre et mars 2014, les r\u00e9serves de bons du Tr\u00e9sor am\u00e9ricain de la banque centrale russe ont diminu\u00e9 de 50 milliards de dollars environ, bien que les tensions g\u00e9opolitiques entre les Etats-Unis et la Russie au sujet de l&rsquo;Ukraine, n&rsquo;y soient pas totalement \u00e9trang\u00e8res\u00a0! La r\u00e9alit\u00e9 c&rsquo;est que le climat \u00e9conomique et mon\u00e9taire instable (crise de la dette\u2026), m\u00eal\u00e9 \u00e0 l&rsquo;incertitude et la confusion g\u00e9opolitique la plus totale, va n\u00e9cessairement inciter toutes les banques centrales du monde, non seulement \u00e0 poursuivre leurs achats d&rsquo;<a class=\"esk-seo-plu-link\" href=\"https:\/\/www.gold.fr\/news\/tags\/or\">or<\/a>, mais \u00e9galement \u00e0 reconsid\u00e9rer l&rsquo;importance singuli\u00e8re du <a class=\"esk-seo-plu-link\" href=\"https:\/\/www.gold.fr\/news\/tags\/or\">m\u00e9tal jaune<\/a> en tant que plus fiable protecteur contre les dangers de l&rsquo;avenir\u00a0! Nous ne le r\u00e9p\u00e8terons jamais assez\u2026<\/p>\n<p style=\"text-align: right;\">Feriel Belhassen<\/p>\n<p style=\"text-align: right;\">R\u00e9dactrice gold.fr<\/p>\n<p style=\"text-align: right;\">(Source : www.polemia.com)<\/p>\n<!-- AddThis Advanced Settings generic via filter on the_content --><!-- AddThis Share Buttons generic via filter on the_content -->","protected":false},"excerpt":{"rendered":"<p>Politiques mon\u00e9taires laxistes r\u00e9p\u00e9titives, maintien des taux d&rsquo;int\u00e9r\u00eats \u00e0 des niveau extr\u00eamement faibles et la bulle sur les march\u00e9s des actions, voil\u00e0 un sc\u00e9nario qui ne cesse de scandaliser des grands responsables \u00e9conomiques en d\u00e9non\u00e7ant cette [&hellip;]<\/p>\n","protected":false},"author":18,"featured_media":14928,"comment_status":"closed","ping_status":"closed","sticky":false,"template":"","format":"standard","meta":{"_mbp_gutenberg_autopost":false,"_pgmb_is_evergreen":false,"_pgmb_ap_template_id":0,"footnotes":""},"categories":[4],"tags":[143,76],"ppma_author":[2565],"class_list":["post-14924","post","type-post","status-publish","format-standard","has-post-thumbnail","hentry","category-analyses-economiques","tag-bce","tag-or"],"yoast_head":"<!-- This site is optimized with the Yoast SEO plugin v26.9 - https:\/\/yoast.com\/product\/yoast-seo-wordpress\/ -->\n<title>L\u2019or soutenu par un ancien de la\u2026 BCE ! - Gold.fr<\/title>\n<meta name=\"description\" content=\"L\u2019or soutenu par un ancien de la\u2026 BCE ! D\u00e9couvrez plus d&#039;informations et toute l&#039;actualit\u00e9 sur l&#039;or sur Gold.fr, le site d&#039;experts du Comptoir National de l&#039;Or.\" \/>\n<meta name=\"robots\" content=\"index, follow, max-snippet:-1, max-image-preview:large, max-video-preview:-1\" \/>\n<link rel=\"canonical\" href=\"https:\/\/www.gold.fr\/news\/2014\/06\/20\/lor-soutenu-par-un-ancien-de-la-bce\/\" \/>\n<meta property=\"og:locale\" content=\"fr_FR\" \/>\n<meta property=\"og:type\" content=\"article\" \/>\n<meta property=\"og:title\" content=\"L\u2019or soutenu par un ancien de la\u2026 BCE ! - Gold.fr\" \/>\n<meta property=\"og:description\" content=\"L\u2019or soutenu par un ancien de la\u2026 BCE ! D\u00e9couvrez plus d&#039;informations et toute l&#039;actualit\u00e9 sur l&#039;or sur Gold.fr, le site d&#039;experts du Comptoir National de l&#039;Or.\" \/>\n<meta property=\"og:url\" content=\"https:\/\/www.gold.fr\/news\/2014\/06\/20\/lor-soutenu-par-un-ancien-de-la-bce\/\" \/>\n<meta property=\"og:site_name\" content=\"Gold.fr\" \/>\n<meta property=\"article:publisher\" content=\"https:\/\/www.facebook.com\/Goldfr\/\" \/>\n<meta property=\"article:published_time\" content=\"2014-06-20T14:33:10+00:00\" \/>\n<meta property=\"article:modified_time\" content=\"2021-01-13T15:18:54+00:00\" \/>\n<meta property=\"og:image\" content=\"https:\/\/www.gold.fr\/news\/wp-content\/uploads\/2014\/06\/stark-panique-bce.jpg\" \/>\n\t<meta property=\"og:image:width\" content=\"512\" \/>\n\t<meta property=\"og:image:height\" content=\"341\" \/>\n\t<meta property=\"og:image:type\" content=\"image\/jpeg\" \/>\n<meta name=\"author\" content=\"Comptoir National de l&#039;Or\" \/>\n<meta name=\"twitter:card\" content=\"summary_large_image\" \/>\n<meta name=\"twitter:label1\" content=\"\u00c9crit par\" \/>\n\t<meta name=\"twitter:data1\" content=\"Comptoir National de l&#039;Or\" \/>\n\t<meta name=\"twitter:label2\" content=\"Dur\u00e9e de lecture estim\u00e9e\" \/>\n\t<meta name=\"twitter:data2\" content=\"3 minutes\" \/>\n<script type=\"application\/ld+json\" class=\"yoast-schema-graph\">{\"@context\":\"https:\/\/schema.org\",\"@graph\":[{\"@type\":\"Article\",\"@id\":\"https:\/\/www.gold.fr\/news\/2014\/06\/20\/lor-soutenu-par-un-ancien-de-la-bce\/#article\",\"isPartOf\":{\"@id\":\"https:\/\/www.gold.fr\/news\/2014\/06\/20\/lor-soutenu-par-un-ancien-de-la-bce\/\"},\"author\":{\"name\":\"Comptoir National de l'Or\",\"@id\":\"https:\/\/www.gold.fr\/news\/#\/schema\/person\/760ee7cec237915eebf2be78df0404c4\"},\"headline\":\"L\u2019or soutenu par un ancien de la\u2026 BCE !\",\"datePublished\":\"2014-06-20T14:33:10+00:00\",\"dateModified\":\"2021-01-13T15:18:54+00:00\",\"mainEntityOfPage\":{\"@id\":\"https:\/\/www.gold.fr\/news\/2014\/06\/20\/lor-soutenu-par-un-ancien-de-la-bce\/\"},\"wordCount\":621,\"image\":{\"@id\":\"https:\/\/www.gold.fr\/news\/2014\/06\/20\/lor-soutenu-par-un-ancien-de-la-bce\/#primaryimage\"},\"thumbnailUrl\":\"https:\/\/www.gold.fr\/news\/wp-content\/uploads\/2014\/06\/stark-panique-bce.jpg\",\"keywords\":[\"bce\",\"Or\"],\"articleSection\":[\"Analyses Economiques\"],\"inLanguage\":\"fr-FR\"},{\"@type\":\"WebPage\",\"@id\":\"https:\/\/www.gold.fr\/news\/2014\/06\/20\/lor-soutenu-par-un-ancien-de-la-bce\/\",\"url\":\"https:\/\/www.gold.fr\/news\/2014\/06\/20\/lor-soutenu-par-un-ancien-de-la-bce\/\",\"name\":\"L\u2019or soutenu par un ancien de la\u2026 BCE ! - Gold.fr\",\"isPartOf\":{\"@id\":\"https:\/\/www.gold.fr\/news\/#website\"},\"primaryImageOfPage\":{\"@id\":\"https:\/\/www.gold.fr\/news\/2014\/06\/20\/lor-soutenu-par-un-ancien-de-la-bce\/#primaryimage\"},\"image\":{\"@id\":\"https:\/\/www.gold.fr\/news\/2014\/06\/20\/lor-soutenu-par-un-ancien-de-la-bce\/#primaryimage\"},\"thumbnailUrl\":\"https:\/\/www.gold.fr\/news\/wp-content\/uploads\/2014\/06\/stark-panique-bce.jpg\",\"datePublished\":\"2014-06-20T14:33:10+00:00\",\"dateModified\":\"2021-01-13T15:18:54+00:00\",\"author\":{\"@id\":\"https:\/\/www.gold.fr\/news\/#\/schema\/person\/760ee7cec237915eebf2be78df0404c4\"},\"description\":\"L\u2019or soutenu par un ancien de la\u2026 BCE ! D\u00e9couvrez plus d'informations et toute l'actualit\u00e9 sur l'or sur Gold.fr, le site d'experts du Comptoir National de l'Or.\",\"breadcrumb\":{\"@id\":\"https:\/\/www.gold.fr\/news\/2014\/06\/20\/lor-soutenu-par-un-ancien-de-la-bce\/#breadcrumb\"},\"inLanguage\":\"fr-FR\",\"potentialAction\":[{\"@type\":\"ReadAction\",\"target\":[\"https:\/\/www.gold.fr\/news\/2014\/06\/20\/lor-soutenu-par-un-ancien-de-la-bce\/\"]}]},{\"@type\":\"ImageObject\",\"inLanguage\":\"fr-FR\",\"@id\":\"https:\/\/www.gold.fr\/news\/2014\/06\/20\/lor-soutenu-par-un-ancien-de-la-bce\/#primaryimage\",\"url\":\"https:\/\/www.gold.fr\/news\/wp-content\/uploads\/2014\/06\/stark-panique-bce.jpg\",\"contentUrl\":\"https:\/\/www.gold.fr\/news\/wp-content\/uploads\/2014\/06\/stark-panique-bce.jpg\",\"width\":\"512\",\"height\":\"341\",\"caption\":\"stark-panique-bce\"},{\"@type\":\"BreadcrumbList\",\"@id\":\"https:\/\/www.gold.fr\/news\/2014\/06\/20\/lor-soutenu-par-un-ancien-de-la-bce\/#breadcrumb\",\"itemListElement\":[{\"@type\":\"ListItem\",\"position\":1,\"name\":\"Accueil\",\"item\":\"https:\/\/www.gold.fr\/\"},{\"@type\":\"ListItem\",\"position\":2,\"name\":\"Actualit\u00e9s\",\"item\":\"https:\/\/www.gold.fr\/news\/\"},{\"@type\":\"ListItem\",\"position\":3,\"name\":\"L\u2019or soutenu par un ancien de la\u2026 BCE !\"}]},{\"@type\":\"WebSite\",\"@id\":\"https:\/\/www.gold.fr\/news\/#website\",\"url\":\"https:\/\/www.gold.fr\/news\/\",\"name\":\"Gold.fr\",\"description\":\"Actualit\u00e9s de l&#039;Or et des m\u00e9taux pr\u00e9cieux\",\"potentialAction\":[{\"@type\":\"SearchAction\",\"target\":{\"@type\":\"EntryPoint\",\"urlTemplate\":\"https:\/\/www.gold.fr\/news\/?s={search_term_string}\"},\"query-input\":{\"@type\":\"PropertyValueSpecification\",\"valueRequired\":true,\"valueName\":\"search_term_string\"}}],\"inLanguage\":\"fr-FR\"},{\"@type\":\"Person\",\"@id\":\"https:\/\/www.gold.fr\/news\/#\/schema\/person\/760ee7cec237915eebf2be78df0404c4\",\"name\":\"Comptoir National de l'Or\",\"image\":{\"@type\":\"ImageObject\",\"inLanguage\":\"fr-FR\",\"@id\":\"https:\/\/www.gold.fr\/news\/#\/schema\/person\/image\/c36675942654553a86039d2dfa93c740\",\"url\":\"https:\/\/secure.gravatar.com\/avatar\/713f289e398d35ead876c4a4cc08607f0d6d266058cfc25683fffb6092d0e572?s=96&d=mm&r=g\",\"contentUrl\":\"https:\/\/secure.gravatar.com\/avatar\/713f289e398d35ead876c4a4cc08607f0d6d266058cfc25683fffb6092d0e572?s=96&d=mm&r=g\",\"caption\":\"Comptoir National de l'Or\"},\"description\":\"Notre r\u00e9daction est constitu\u00e9e de membres experts dans les m\u00e9tiers de l'\u00e9conomie et la gestion, des Responsables d'agence Comptoir National de l'Or, des analystes financiers qui publient r\u00e9guli\u00e8rement des \u00e9tudes sur les politiques des banques centrales, le cours de l'or, prix de l'or, cours de l'argent, prix de l'argent, cours du platine, cours du palladium,... la situation en zone euro et l'impact de la strat\u00e9gie mon\u00e9taire de la FED. Notre \u00e9quipe scrute \u00e9galement une information plus g\u00e9n\u00e9raliste \u00e0 la recherche d'actualit\u00e9 \\\"p\u00e9pite\\\" \u00e0 vous partager. Depuis 5 ans, nous avons publi\u00e9 un peu plus de 4000 articles qui s'adressent \u00e0 un public large et vari\u00e9 ayant pour objectif de satisfaire votre curiosit\u00e9 et de partager avec vous une certaine fascination pour le m\u00e9tal jaune, le rachat d'or, et pour ceux qui veulent investir dans l'or, vendre leur or tout simplement en savoir plus... Pour tous vos achat or et argent, n'h\u00e9sitez pas \u00e0 prendre rendez-vous dans l'un de nos nombreux comptoirs.\",\"sameAs\":[\"https:\/\/www.gold.fr\"]}]}<\/script>\n<!-- \/ Yoast SEO plugin. -->","yoast_head_json":{"title":"L\u2019or soutenu par un ancien de la\u2026 BCE ! - Gold.fr","description":"L\u2019or soutenu par un ancien de la\u2026 BCE ! D\u00e9couvrez plus d'informations et toute l'actualit\u00e9 sur l'or sur Gold.fr, le site d'experts du Comptoir National de l'Or.","robots":{"index":"index","follow":"follow","max-snippet":"max-snippet:-1","max-image-preview":"max-image-preview:large","max-video-preview":"max-video-preview:-1"},"canonical":"https:\/\/www.gold.fr\/news\/2014\/06\/20\/lor-soutenu-par-un-ancien-de-la-bce\/","og_locale":"fr_FR","og_type":"article","og_title":"L\u2019or soutenu par un ancien de la\u2026 BCE ! - Gold.fr","og_description":"L\u2019or soutenu par un ancien de la\u2026 BCE ! D\u00e9couvrez plus d'informations et toute l'actualit\u00e9 sur l'or sur Gold.fr, le site d'experts du Comptoir National de l'Or.","og_url":"https:\/\/www.gold.fr\/news\/2014\/06\/20\/lor-soutenu-par-un-ancien-de-la-bce\/","og_site_name":"Gold.fr","article_publisher":"https:\/\/www.facebook.com\/Goldfr\/","article_published_time":"2014-06-20T14:33:10+00:00","article_modified_time":"2021-01-13T15:18:54+00:00","og_image":[{"width":512,"height":341,"url":"https:\/\/www.gold.fr\/news\/wp-content\/uploads\/2014\/06\/stark-panique-bce.jpg","type":"image\/jpeg"}],"author":"Comptoir National de l'Or","twitter_card":"summary_large_image","twitter_misc":{"\u00c9crit par":"Comptoir National de l'Or","Dur\u00e9e de lecture estim\u00e9e":"3 minutes"},"schema":{"@context":"https:\/\/schema.org","@graph":[{"@type":"Article","@id":"https:\/\/www.gold.fr\/news\/2014\/06\/20\/lor-soutenu-par-un-ancien-de-la-bce\/#article","isPartOf":{"@id":"https:\/\/www.gold.fr\/news\/2014\/06\/20\/lor-soutenu-par-un-ancien-de-la-bce\/"},"author":{"name":"Comptoir National de l'Or","@id":"https:\/\/www.gold.fr\/news\/#\/schema\/person\/760ee7cec237915eebf2be78df0404c4"},"headline":"L\u2019or soutenu par un ancien de la\u2026 BCE !","datePublished":"2014-06-20T14:33:10+00:00","dateModified":"2021-01-13T15:18:54+00:00","mainEntityOfPage":{"@id":"https:\/\/www.gold.fr\/news\/2014\/06\/20\/lor-soutenu-par-un-ancien-de-la-bce\/"},"wordCount":621,"image":{"@id":"https:\/\/www.gold.fr\/news\/2014\/06\/20\/lor-soutenu-par-un-ancien-de-la-bce\/#primaryimage"},"thumbnailUrl":"https:\/\/www.gold.fr\/news\/wp-content\/uploads\/2014\/06\/stark-panique-bce.jpg","keywords":["bce","Or"],"articleSection":["Analyses Economiques"],"inLanguage":"fr-FR"},{"@type":"WebPage","@id":"https:\/\/www.gold.fr\/news\/2014\/06\/20\/lor-soutenu-par-un-ancien-de-la-bce\/","url":"https:\/\/www.gold.fr\/news\/2014\/06\/20\/lor-soutenu-par-un-ancien-de-la-bce\/","name":"L\u2019or soutenu par un ancien de la\u2026 BCE ! - Gold.fr","isPartOf":{"@id":"https:\/\/www.gold.fr\/news\/#website"},"primaryImageOfPage":{"@id":"https:\/\/www.gold.fr\/news\/2014\/06\/20\/lor-soutenu-par-un-ancien-de-la-bce\/#primaryimage"},"image":{"@id":"https:\/\/www.gold.fr\/news\/2014\/06\/20\/lor-soutenu-par-un-ancien-de-la-bce\/#primaryimage"},"thumbnailUrl":"https:\/\/www.gold.fr\/news\/wp-content\/uploads\/2014\/06\/stark-panique-bce.jpg","datePublished":"2014-06-20T14:33:10+00:00","dateModified":"2021-01-13T15:18:54+00:00","author":{"@id":"https:\/\/www.gold.fr\/news\/#\/schema\/person\/760ee7cec237915eebf2be78df0404c4"},"description":"L\u2019or soutenu par un ancien de la\u2026 BCE ! D\u00e9couvrez plus d'informations et toute l'actualit\u00e9 sur l'or sur Gold.fr, le site d'experts du Comptoir National de l'Or.","breadcrumb":{"@id":"https:\/\/www.gold.fr\/news\/2014\/06\/20\/lor-soutenu-par-un-ancien-de-la-bce\/#breadcrumb"},"inLanguage":"fr-FR","potentialAction":[{"@type":"ReadAction","target":["https:\/\/www.gold.fr\/news\/2014\/06\/20\/lor-soutenu-par-un-ancien-de-la-bce\/"]}]},{"@type":"ImageObject","inLanguage":"fr-FR","@id":"https:\/\/www.gold.fr\/news\/2014\/06\/20\/lor-soutenu-par-un-ancien-de-la-bce\/#primaryimage","url":"https:\/\/www.gold.fr\/news\/wp-content\/uploads\/2014\/06\/stark-panique-bce.jpg","contentUrl":"https:\/\/www.gold.fr\/news\/wp-content\/uploads\/2014\/06\/stark-panique-bce.jpg","width":"512","height":"341","caption":"stark-panique-bce"},{"@type":"BreadcrumbList","@id":"https:\/\/www.gold.fr\/news\/2014\/06\/20\/lor-soutenu-par-un-ancien-de-la-bce\/#breadcrumb","itemListElement":[{"@type":"ListItem","position":1,"name":"Accueil","item":"https:\/\/www.gold.fr\/"},{"@type":"ListItem","position":2,"name":"Actualit\u00e9s","item":"https:\/\/www.gold.fr\/news\/"},{"@type":"ListItem","position":3,"name":"L\u2019or soutenu par un ancien de la\u2026 BCE !"}]},{"@type":"WebSite","@id":"https:\/\/www.gold.fr\/news\/#website","url":"https:\/\/www.gold.fr\/news\/","name":"Gold.fr","description":"Actualit\u00e9s de l&#039;Or et des m\u00e9taux pr\u00e9cieux","potentialAction":[{"@type":"SearchAction","target":{"@type":"EntryPoint","urlTemplate":"https:\/\/www.gold.fr\/news\/?s={search_term_string}"},"query-input":{"@type":"PropertyValueSpecification","valueRequired":true,"valueName":"search_term_string"}}],"inLanguage":"fr-FR"},{"@type":"Person","@id":"https:\/\/www.gold.fr\/news\/#\/schema\/person\/760ee7cec237915eebf2be78df0404c4","name":"Comptoir National de l'Or","image":{"@type":"ImageObject","inLanguage":"fr-FR","@id":"https:\/\/www.gold.fr\/news\/#\/schema\/person\/image\/c36675942654553a86039d2dfa93c740","url":"https:\/\/secure.gravatar.com\/avatar\/713f289e398d35ead876c4a4cc08607f0d6d266058cfc25683fffb6092d0e572?s=96&d=mm&r=g","contentUrl":"https:\/\/secure.gravatar.com\/avatar\/713f289e398d35ead876c4a4cc08607f0d6d266058cfc25683fffb6092d0e572?s=96&d=mm&r=g","caption":"Comptoir National de l'Or"},"description":"Notre r\u00e9daction est constitu\u00e9e de membres experts dans les m\u00e9tiers de l'\u00e9conomie et la gestion, des Responsables d'agence Comptoir National de l'Or, des analystes financiers qui publient r\u00e9guli\u00e8rement des \u00e9tudes sur les politiques des banques centrales, le cours de l'or, prix de l'or, cours de l'argent, prix de l'argent, cours du platine, cours du palladium,... la situation en zone euro et l'impact de la strat\u00e9gie mon\u00e9taire de la FED. Notre \u00e9quipe scrute \u00e9galement une information plus g\u00e9n\u00e9raliste \u00e0 la recherche d'actualit\u00e9 \"p\u00e9pite\" \u00e0 vous partager. Depuis 5 ans, nous avons publi\u00e9 un peu plus de 4000 articles qui s'adressent \u00e0 un public large et vari\u00e9 ayant pour objectif de satisfaire votre curiosit\u00e9 et de partager avec vous une certaine fascination pour le m\u00e9tal jaune, le rachat d'or, et pour ceux qui veulent investir dans l'or, vendre leur or tout simplement en savoir plus... Pour tous vos achat or et argent, n'h\u00e9sitez pas \u00e0 prendre rendez-vous dans l'un de nos nombreux comptoirs.","sameAs":["https:\/\/www.gold.fr"]}]}},"authors":[{"term_id":2565,"user_id":18,"is_guest":0,"slug":"julie","display_name":"Comptoir National de l'Or","avatar_url":"https:\/\/secure.gravatar.com\/avatar\/713f289e398d35ead876c4a4cc08607f0d6d266058cfc25683fffb6092d0e572?s=96&d=mm&r=g","0":null,"1":"","2":"","3":"","4":"","5":"","6":"","7":"","8":""}],"_links":{"self":[{"href":"https:\/\/www.gold.fr\/news\/wp-json\/wp\/v2\/posts\/14924","targetHints":{"allow":["GET"]}}],"collection":[{"href":"https:\/\/www.gold.fr\/news\/wp-json\/wp\/v2\/posts"}],"about":[{"href":"https:\/\/www.gold.fr\/news\/wp-json\/wp\/v2\/types\/post"}],"author":[{"embeddable":true,"href":"https:\/\/www.gold.fr\/news\/wp-json\/wp\/v2\/users\/18"}],"replies":[{"embeddable":true,"href":"https:\/\/www.gold.fr\/news\/wp-json\/wp\/v2\/comments?post=14924"}],"version-history":[{"count":0,"href":"https:\/\/www.gold.fr\/news\/wp-json\/wp\/v2\/posts\/14924\/revisions"}],"wp:featuredmedia":[{"embeddable":true,"href":"https:\/\/www.gold.fr\/news\/wp-json\/wp\/v2\/media\/14928"}],"wp:attachment":[{"href":"https:\/\/www.gold.fr\/news\/wp-json\/wp\/v2\/media?parent=14924"}],"wp:term":[{"taxonomy":"category","embeddable":true,"href":"https:\/\/www.gold.fr\/news\/wp-json\/wp\/v2\/categories?post=14924"},{"taxonomy":"post_tag","embeddable":true,"href":"https:\/\/www.gold.fr\/news\/wp-json\/wp\/v2\/tags?post=14924"},{"taxonomy":"author","embeddable":true,"href":"https:\/\/www.gold.fr\/news\/wp-json\/wp\/v2\/ppma_author?post=14924"}],"curies":[{"name":"wp","href":"https:\/\/api.w.org\/{rel}","templated":true}]}}