{"id":14922,"date":"2014-06-18T17:00:11","date_gmt":"2014-06-18T15:00:11","guid":{"rendered":"https:\/\/www.gold.fr\/news\/?p=14922"},"modified":"2017-11-02T11:31:41","modified_gmt":"2017-11-02T10:31:41","slug":"le-rallye-de-lor-fait-une-halte-en-attendant-le-fomc","status":"publish","type":"post","link":"https:\/\/www.gold.fr\/news\/2014\/06\/18\/le-rallye-de-lor-fait-une-halte-en-attendant-le-fomc\/","title":{"rendered":"Le rallye de l\u2019or fait une halte, en attendant le FOMC"},"content":{"rendered":"<p><img loading=\"lazy\" decoding=\"async\" class=\"alignleft size-thumbnail wp-image-444\" title=\"Le rallye de l\u2019or fait une halte, en attendant le FOMC\" src=\"https:\/\/www.gold.fr\/news\/wp-content\/uploads\/2011\/07\/1-150x150.jpg\" alt=\"\" width=\"150\" height=\"150\" \/><span style=\"font-size: small;\">Et c&rsquo;est une halte qui demeure largement relative, dans la mesure o\u00f9 le <a href='https:\/\/www.gold.fr\/news\/tags\/cours-de-lor' class='esk-seo-plu-link'>cours de l&rsquo;or<\/a> reprend d\u00e9j\u00e0 de solides couleurs, \u00e0 quelques heures \u00e0 peine de l&rsquo;annonce des conclusions de la r\u00e9union mensuelle traditionnelle du comit\u00e9 de direction mon\u00e9taire de la r\u00e9serve f\u00e9d\u00e9rale am\u00e9ricaine. Repartant d\u00e9j\u00e0 \u00e0 l&rsquo;assaut des <strong>1 280 dollars<\/strong> l&rsquo;once, le march\u00e9 aurif\u00e8re semble press\u00e9 de franchir ce palier, avant que les nouvelles mesures de s\u00e9v\u00e9rit\u00e9 mon\u00e9taire US ne viennent plomber son \u00e9volution.<\/span>    <span style=\"font-size: small;\"> Les experts sont \u00e0 nouveau partag\u00e9s concernant la situation actuelle du march\u00e9 de l&rsquo;<a href='https:\/\/www.gold.fr\/news\/tags\/or' class='esk-seo-plu-link'>or<\/a> et son \u00e9volution \u00e0 court terme. Les courtiers de <strong>Trilands Metals<\/strong> soulignent que \u00ab <em>apr\u00e8s un rallye de <strong><a href='https:\/\/www.gold.fr\/news\/tags\/piece-dor' class='esk-seo-plu-link'>20 dollars<\/a><\/strong>, la tendance (du march\u00e9 aurif\u00e8re) s&rsquo;\u00e9puise de nouveau<\/em> \u00bb, insistant que \u00ab <em>\u00e0 long terme, les niveaux actuels pourraient bien se r\u00e9v\u00e9ler tr\u00e8s attractifs si l&rsquo;inflation d\u00e9coulant des QE (op\u00e9rations de rachats d&rsquo;actifs de la r\u00e9serve f\u00e9d\u00e9rale am\u00e9ricaine) venait \u00e0 se mat\u00e9rialiser<\/em> \u00bb. Toutefois, les analystes de la Soci\u00e9t\u00e9 G\u00e9n\u00e9rale rappellent de leur c\u00f4t\u00e9 le poids du facteur de la crise g\u00e9opolitique mondiale, rappelant que \u00ab <em>les march\u00e9s suivent de pr\u00e8s les derniers d\u00e9veloppements en Irak o\u00f9 une nouvelle escalade ne peut pas \u00eatre \u00e9cart\u00e9e<\/em> \u00bb, sans oublier \u00e9galement le \u00ab <em>contentieux entre l&rsquo;Ukraine et Gazprom quant au r\u00e8glement du gaz<\/em> \u00bb.<\/span>    <span style=\"font-size: small;\"> En tout cas, en attendant l&rsquo;annonce des nouvelles mesures d\u00e9cid\u00e9es par le <strong>FOMC<\/strong>, <a title=\"Pause de la hausse, les yeux sur le FOMC\" href=\"https:\/\/www.gold.fr\/news\/2014\/06\/18\/pause-de-la-hausse-les-yeux-sur-le-fomc\/14919\/\" target=\"_blank\">le m\u00e9tal jaune navigue actuellement<\/a> au-dessus des <strong>1 270 dollars<\/strong> <a title=\"Prix de l'Once d'or\" href=\"https:\/\/www.gold.fr\/once-en\/\" target=\"_blank\">l\u2019once<\/a> et continue son avanc\u00e9e solide vers le prochain palier. Une \u00e9volution que les conclusions de la r\u00e9union du <strong>FOMC<\/strong> pourraient bien entraver, ne serait-ce que de mani\u00e8re temporaire (d&rsquo;ici le d\u00e9but de la semaine prochaine).<\/span><\/p>\n<!-- AddThis Advanced Settings generic via filter on the_content --><!-- AddThis Share Buttons generic via filter on the_content -->","protected":false},"excerpt":{"rendered":"<p>Et c&rsquo;est une halte qui demeure largement relative, dans la mesure o\u00f9 le cours de l&rsquo;or reprend d\u00e9j\u00e0 de solides couleurs, \u00e0 quelques heures \u00e0 peine de l&rsquo;annonce des conclusions de la r\u00e9union mensuelle traditionnelle du [&hellip;]<\/p>\n","protected":false},"author":18,"featured_media":0,"comment_status":"open","ping_status":"open","sticky":false,"template":"","format":"standard","meta":{"_mbp_gutenberg_autopost":false,"_pgmb_is_evergreen":false,"_pgmb_ap_template_id":0,"footnotes":""},"categories":[6],"tags":[1034,1047,932,900,962],"ppma_author":[2565],"class_list":["post-14922","post","type-post","status-publish","format-standard","hentry","category-articles-de-presse","tag-fomc","tag-marche-aurifere","tag-metal-jaune","tag-once-or","tag-prix-or"],"yoast_head":"<!-- This site is optimized with the Yoast SEO plugin v27.5 - https:\/\/yoast.com\/product\/yoast-seo-wordpress\/ -->\n<title>Le rallye de l\u2019or fait une halte, en attendant le FOMC - Gold.fr<\/title>\n<meta name=\"robots\" content=\"index, follow, max-snippet:-1, max-image-preview:large, max-video-preview:-1\" \/>\n<link rel=\"canonical\" href=\"https:\/\/www.gold.fr\/news\/2014\/06\/18\/le-rallye-de-lor-fait-une-halte-en-attendant-le-fomc\/\" \/>\n<meta property=\"og:locale\" content=\"fr_FR\" \/>\n<meta property=\"og:type\" content=\"article\" \/>\n<meta property=\"og:title\" content=\"Le rallye de l\u2019or fait une halte, en attendant le FOMC - Gold.fr\" \/>\n<meta property=\"og:description\" content=\"Et c&rsquo;est une halte qui demeure largement relative, dans la mesure o\u00f9 le cours de l&rsquo;or reprend d\u00e9j\u00e0 de solides couleurs, \u00e0 quelques heures \u00e0 peine de l&rsquo;annonce des conclusions de la r\u00e9union mensuelle traditionnelle du [&hellip;]\" \/>\n<meta property=\"og:url\" content=\"https:\/\/www.gold.fr\/news\/2014\/06\/18\/le-rallye-de-lor-fait-une-halte-en-attendant-le-fomc\/\" \/>\n<meta property=\"og:site_name\" content=\"Gold.fr\" \/>\n<meta property=\"article:publisher\" content=\"https:\/\/www.facebook.com\/Goldfr\/\" \/>\n<meta property=\"article:published_time\" content=\"2014-06-18T15:00:11+00:00\" \/>\n<meta property=\"article:modified_time\" content=\"2017-11-02T10:31:41+00:00\" \/>\n<meta property=\"og:image\" content=\"https:\/\/www.gold.fr\/news\/wp-content\/uploads\/2011\/07\/1-150x150.jpg\" \/>\n<meta name=\"author\" content=\"Comptoir National de l&#039;Or\" \/>\n<meta name=\"twitter:card\" content=\"summary_large_image\" \/>\n<meta name=\"twitter:label1\" content=\"\u00c9crit par\" \/>\n\t<meta name=\"twitter:data1\" content=\"Comptoir National de l&#039;Or\" \/>\n\t<meta name=\"twitter:label2\" content=\"Dur\u00e9e de lecture estim\u00e9e\" \/>\n\t<meta name=\"twitter:data2\" content=\"1 minute\" \/>\n<script type=\"application\/ld+json\" class=\"yoast-schema-graph\">{\"@context\":\"https:\\\/\\\/schema.org\",\"@graph\":[{\"@type\":\"Article\",\"@id\":\"https:\\\/\\\/www.gold.fr\\\/news\\\/2014\\\/06\\\/18\\\/le-rallye-de-lor-fait-une-halte-en-attendant-le-fomc\\\/#article\",\"isPartOf\":{\"@id\":\"https:\\\/\\\/www.gold.fr\\\/news\\\/2014\\\/06\\\/18\\\/le-rallye-de-lor-fait-une-halte-en-attendant-le-fomc\\\/\"},\"author\":{\"name\":\"Comptoir National de l'Or\",\"@id\":\"https:\\\/\\\/www.gold.fr\\\/news\\\/#\\\/schema\\\/person\\\/070491b4b4fb7671bf59b3be20302ce9\"},\"headline\":\"Le rallye de l\u2019or fait une halte, en attendant le FOMC\",\"datePublished\":\"2014-06-18T15:00:11+00:00\",\"dateModified\":\"2017-11-02T10:31:41+00:00\",\"mainEntityOfPage\":{\"@id\":\"https:\\\/\\\/www.gold.fr\\\/news\\\/2014\\\/06\\\/18\\\/le-rallye-de-lor-fait-une-halte-en-attendant-le-fomc\\\/\"},\"wordCount\":319,\"commentCount\":0,\"image\":{\"@id\":\"https:\\\/\\\/www.gold.fr\\\/news\\\/2014\\\/06\\\/18\\\/le-rallye-de-lor-fait-une-halte-en-attendant-le-fomc\\\/#primaryimage\"},\"thumbnailUrl\":\"https:\\\/\\\/www.gold.fr\\\/news\\\/wp-content\\\/uploads\\\/2011\\\/07\\\/1-150x150.jpg\",\"keywords\":[\"FOMC\",\"march\u00e9 aurif\u00e8re\",\"M\u00e9tal jaune\",\"Once or\",\"prix or\"],\"articleSection\":[\"Articles de presse\"],\"inLanguage\":\"fr-FR\"},{\"@type\":\"WebPage\",\"@id\":\"https:\\\/\\\/www.gold.fr\\\/news\\\/2014\\\/06\\\/18\\\/le-rallye-de-lor-fait-une-halte-en-attendant-le-fomc\\\/\",\"url\":\"https:\\\/\\\/www.gold.fr\\\/news\\\/2014\\\/06\\\/18\\\/le-rallye-de-lor-fait-une-halte-en-attendant-le-fomc\\\/\",\"name\":\"Le rallye de l\u2019or fait une halte, en attendant le FOMC - Gold.fr\",\"isPartOf\":{\"@id\":\"https:\\\/\\\/www.gold.fr\\\/news\\\/#website\"},\"primaryImageOfPage\":{\"@id\":\"https:\\\/\\\/www.gold.fr\\\/news\\\/2014\\\/06\\\/18\\\/le-rallye-de-lor-fait-une-halte-en-attendant-le-fomc\\\/#primaryimage\"},\"image\":{\"@id\":\"https:\\\/\\\/www.gold.fr\\\/news\\\/2014\\\/06\\\/18\\\/le-rallye-de-lor-fait-une-halte-en-attendant-le-fomc\\\/#primaryimage\"},\"thumbnailUrl\":\"https:\\\/\\\/www.gold.fr\\\/news\\\/wp-content\\\/uploads\\\/2011\\\/07\\\/1-150x150.jpg\",\"datePublished\":\"2014-06-18T15:00:11+00:00\",\"dateModified\":\"2017-11-02T10:31:41+00:00\",\"author\":{\"@id\":\"https:\\\/\\\/www.gold.fr\\\/news\\\/#\\\/schema\\\/person\\\/070491b4b4fb7671bf59b3be20302ce9\"},\"breadcrumb\":{\"@id\":\"https:\\\/\\\/www.gold.fr\\\/news\\\/2014\\\/06\\\/18\\\/le-rallye-de-lor-fait-une-halte-en-attendant-le-fomc\\\/#breadcrumb\"},\"inLanguage\":\"fr-FR\",\"potentialAction\":[{\"@type\":\"ReadAction\",\"target\":[\"https:\\\/\\\/www.gold.fr\\\/news\\\/2014\\\/06\\\/18\\\/le-rallye-de-lor-fait-une-halte-en-attendant-le-fomc\\\/\"]}]},{\"@type\":\"ImageObject\",\"inLanguage\":\"fr-FR\",\"@id\":\"https:\\\/\\\/www.gold.fr\\\/news\\\/2014\\\/06\\\/18\\\/le-rallye-de-lor-fait-une-halte-en-attendant-le-fomc\\\/#primaryimage\",\"url\":\"https:\\\/\\\/www.gold.fr\\\/news\\\/wp-content\\\/uploads\\\/2011\\\/07\\\/1-150x150.jpg\",\"contentUrl\":\"https:\\\/\\\/www.gold.fr\\\/news\\\/wp-content\\\/uploads\\\/2011\\\/07\\\/1-150x150.jpg\"},{\"@type\":\"BreadcrumbList\",\"@id\":\"https:\\\/\\\/www.gold.fr\\\/news\\\/2014\\\/06\\\/18\\\/le-rallye-de-lor-fait-une-halte-en-attendant-le-fomc\\\/#breadcrumb\",\"itemListElement\":[{\"@type\":\"ListItem\",\"position\":1,\"name\":\"Accueil\",\"item\":\"https:\\\/\\\/www.gold.fr\\\/\"},{\"@type\":\"ListItem\",\"position\":2,\"name\":\"Actualit\u00e9s\",\"item\":\"https:\\\/\\\/www.gold.fr\\\/news\\\/\"},{\"@type\":\"ListItem\",\"position\":3,\"name\":\"Le rallye de l\u2019or fait une halte, en attendant le FOMC\"}]},{\"@type\":\"WebSite\",\"@id\":\"https:\\\/\\\/www.gold.fr\\\/news\\\/#website\",\"url\":\"https:\\\/\\\/www.gold.fr\\\/news\\\/\",\"name\":\"Gold.fr\",\"description\":\"Actualit\u00e9s de l&#039;Or et des m\u00e9taux pr\u00e9cieux\",\"potentialAction\":[{\"@type\":\"SearchAction\",\"target\":{\"@type\":\"EntryPoint\",\"urlTemplate\":\"https:\\\/\\\/www.gold.fr\\\/news\\\/?s={search_term_string}\"},\"query-input\":{\"@type\":\"PropertyValueSpecification\",\"valueRequired\":true,\"valueName\":\"search_term_string\"}}],\"inLanguage\":\"fr-FR\"},{\"@type\":\"Person\",\"@id\":\"https:\\\/\\\/www.gold.fr\\\/news\\\/#\\\/schema\\\/person\\\/070491b4b4fb7671bf59b3be20302ce9\",\"name\":\"Comptoir National de l'Or\",\"image\":{\"@type\":\"ImageObject\",\"inLanguage\":\"fr-FR\",\"@id\":\"https:\\\/\\\/secure.gravatar.com\\\/avatar\\\/0a2867fd5abe37bed95d5a65e9d58f01756e11efc68af9888dfc50cfa7f65948?s=96&d=mm&r=gb490554db0a38188709de567aa58480d\",\"url\":\"https:\\\/\\\/secure.gravatar.com\\\/avatar\\\/0a2867fd5abe37bed95d5a65e9d58f01756e11efc68af9888dfc50cfa7f65948?s=96&d=mm&r=g\",\"contentUrl\":\"https:\\\/\\\/secure.gravatar.com\\\/avatar\\\/0a2867fd5abe37bed95d5a65e9d58f01756e11efc68af9888dfc50cfa7f65948?s=96&d=mm&r=g\",\"caption\":\"Comptoir National de l'Or\"},\"description\":\"Notre r\u00e9daction est constitu\u00e9e de membres experts dans les m\u00e9tiers de l'\u00e9conomie et la gestion, des Responsables d'agence Comptoir National de l'Or, des analystes financiers qui publient r\u00e9guli\u00e8rement des \u00e9tudes sur les politiques des banques centrales, le cours de l'or, prix de l'or, cours de l'argent, prix de l'argent, cours du platine, cours du palladium,... la situation en zone euro et l'impact de la strat\u00e9gie mon\u00e9taire de la FED. Notre \u00e9quipe scrute \u00e9galement une information plus g\u00e9n\u00e9raliste \u00e0 la recherche d'actualit\u00e9 \\\"p\u00e9pite\\\" \u00e0 vous partager. Depuis 5 ans, nous avons publi\u00e9 un peu plus de 4000 articles qui s'adressent \u00e0 un public large et vari\u00e9 ayant pour objectif de satisfaire votre curiosit\u00e9 et de partager avec vous une certaine fascination pour le m\u00e9tal jaune, le rachat d'or, et pour ceux qui veulent investir dans l'or, vendre leur or tout simplement en savoir plus... Pour tous vos achat or et argent, n'h\u00e9sitez pas \u00e0 prendre rendez-vous dans l'un de nos nombreux comptoirs.\",\"sameAs\":[\"https:\\\/\\\/www.gold.fr\"]}]}<\/script>\n<!-- \/ Yoast SEO plugin. -->","yoast_head_json":{"title":"Le rallye de l\u2019or fait une halte, en attendant le FOMC - Gold.fr","robots":{"index":"index","follow":"follow","max-snippet":"max-snippet:-1","max-image-preview":"max-image-preview:large","max-video-preview":"max-video-preview:-1"},"canonical":"https:\/\/www.gold.fr\/news\/2014\/06\/18\/le-rallye-de-lor-fait-une-halte-en-attendant-le-fomc\/","og_locale":"fr_FR","og_type":"article","og_title":"Le rallye de l\u2019or fait une halte, en attendant le FOMC - Gold.fr","og_description":"Et c&rsquo;est une halte qui demeure largement relative, dans la mesure o\u00f9 le cours de l&rsquo;or reprend d\u00e9j\u00e0 de solides couleurs, \u00e0 quelques heures \u00e0 peine de l&rsquo;annonce des conclusions de la r\u00e9union mensuelle traditionnelle du [&hellip;]","og_url":"https:\/\/www.gold.fr\/news\/2014\/06\/18\/le-rallye-de-lor-fait-une-halte-en-attendant-le-fomc\/","og_site_name":"Gold.fr","article_publisher":"https:\/\/www.facebook.com\/Goldfr\/","article_published_time":"2014-06-18T15:00:11+00:00","article_modified_time":"2017-11-02T10:31:41+00:00","og_image":[{"url":"https:\/\/www.gold.fr\/news\/wp-content\/uploads\/2011\/07\/1-150x150.jpg","type":"","width":"","height":""}],"author":"Comptoir National de l'Or","twitter_card":"summary_large_image","twitter_misc":{"\u00c9crit par":"Comptoir National de l'Or","Dur\u00e9e de lecture estim\u00e9e":"1 minute"},"schema":{"@context":"https:\/\/schema.org","@graph":[{"@type":"Article","@id":"https:\/\/www.gold.fr\/news\/2014\/06\/18\/le-rallye-de-lor-fait-une-halte-en-attendant-le-fomc\/#article","isPartOf":{"@id":"https:\/\/www.gold.fr\/news\/2014\/06\/18\/le-rallye-de-lor-fait-une-halte-en-attendant-le-fomc\/"},"author":{"name":"Comptoir National de l'Or","@id":"https:\/\/www.gold.fr\/news\/#\/schema\/person\/070491b4b4fb7671bf59b3be20302ce9"},"headline":"Le rallye de l\u2019or fait une halte, en attendant le FOMC","datePublished":"2014-06-18T15:00:11+00:00","dateModified":"2017-11-02T10:31:41+00:00","mainEntityOfPage":{"@id":"https:\/\/www.gold.fr\/news\/2014\/06\/18\/le-rallye-de-lor-fait-une-halte-en-attendant-le-fomc\/"},"wordCount":319,"commentCount":0,"image":{"@id":"https:\/\/www.gold.fr\/news\/2014\/06\/18\/le-rallye-de-lor-fait-une-halte-en-attendant-le-fomc\/#primaryimage"},"thumbnailUrl":"https:\/\/www.gold.fr\/news\/wp-content\/uploads\/2011\/07\/1-150x150.jpg","keywords":["FOMC","march\u00e9 aurif\u00e8re","M\u00e9tal jaune","Once or","prix or"],"articleSection":["Articles de presse"],"inLanguage":"fr-FR"},{"@type":"WebPage","@id":"https:\/\/www.gold.fr\/news\/2014\/06\/18\/le-rallye-de-lor-fait-une-halte-en-attendant-le-fomc\/","url":"https:\/\/www.gold.fr\/news\/2014\/06\/18\/le-rallye-de-lor-fait-une-halte-en-attendant-le-fomc\/","name":"Le rallye de l\u2019or fait une halte, en attendant le FOMC - Gold.fr","isPartOf":{"@id":"https:\/\/www.gold.fr\/news\/#website"},"primaryImageOfPage":{"@id":"https:\/\/www.gold.fr\/news\/2014\/06\/18\/le-rallye-de-lor-fait-une-halte-en-attendant-le-fomc\/#primaryimage"},"image":{"@id":"https:\/\/www.gold.fr\/news\/2014\/06\/18\/le-rallye-de-lor-fait-une-halte-en-attendant-le-fomc\/#primaryimage"},"thumbnailUrl":"https:\/\/www.gold.fr\/news\/wp-content\/uploads\/2011\/07\/1-150x150.jpg","datePublished":"2014-06-18T15:00:11+00:00","dateModified":"2017-11-02T10:31:41+00:00","author":{"@id":"https:\/\/www.gold.fr\/news\/#\/schema\/person\/070491b4b4fb7671bf59b3be20302ce9"},"breadcrumb":{"@id":"https:\/\/www.gold.fr\/news\/2014\/06\/18\/le-rallye-de-lor-fait-une-halte-en-attendant-le-fomc\/#breadcrumb"},"inLanguage":"fr-FR","potentialAction":[{"@type":"ReadAction","target":["https:\/\/www.gold.fr\/news\/2014\/06\/18\/le-rallye-de-lor-fait-une-halte-en-attendant-le-fomc\/"]}]},{"@type":"ImageObject","inLanguage":"fr-FR","@id":"https:\/\/www.gold.fr\/news\/2014\/06\/18\/le-rallye-de-lor-fait-une-halte-en-attendant-le-fomc\/#primaryimage","url":"https:\/\/www.gold.fr\/news\/wp-content\/uploads\/2011\/07\/1-150x150.jpg","contentUrl":"https:\/\/www.gold.fr\/news\/wp-content\/uploads\/2011\/07\/1-150x150.jpg"},{"@type":"BreadcrumbList","@id":"https:\/\/www.gold.fr\/news\/2014\/06\/18\/le-rallye-de-lor-fait-une-halte-en-attendant-le-fomc\/#breadcrumb","itemListElement":[{"@type":"ListItem","position":1,"name":"Accueil","item":"https:\/\/www.gold.fr\/"},{"@type":"ListItem","position":2,"name":"Actualit\u00e9s","item":"https:\/\/www.gold.fr\/news\/"},{"@type":"ListItem","position":3,"name":"Le rallye de l\u2019or fait une halte, en attendant le FOMC"}]},{"@type":"WebSite","@id":"https:\/\/www.gold.fr\/news\/#website","url":"https:\/\/www.gold.fr\/news\/","name":"Gold.fr","description":"Actualit\u00e9s de l&#039;Or et des m\u00e9taux pr\u00e9cieux","potentialAction":[{"@type":"SearchAction","target":{"@type":"EntryPoint","urlTemplate":"https:\/\/www.gold.fr\/news\/?s={search_term_string}"},"query-input":{"@type":"PropertyValueSpecification","valueRequired":true,"valueName":"search_term_string"}}],"inLanguage":"fr-FR"},{"@type":"Person","@id":"https:\/\/www.gold.fr\/news\/#\/schema\/person\/070491b4b4fb7671bf59b3be20302ce9","name":"Comptoir National de l'Or","image":{"@type":"ImageObject","inLanguage":"fr-FR","@id":"https:\/\/secure.gravatar.com\/avatar\/0a2867fd5abe37bed95d5a65e9d58f01756e11efc68af9888dfc50cfa7f65948?s=96&d=mm&r=gb490554db0a38188709de567aa58480d","url":"https:\/\/secure.gravatar.com\/avatar\/0a2867fd5abe37bed95d5a65e9d58f01756e11efc68af9888dfc50cfa7f65948?s=96&d=mm&r=g","contentUrl":"https:\/\/secure.gravatar.com\/avatar\/0a2867fd5abe37bed95d5a65e9d58f01756e11efc68af9888dfc50cfa7f65948?s=96&d=mm&r=g","caption":"Comptoir National de l'Or"},"description":"Notre r\u00e9daction est constitu\u00e9e de membres experts dans les m\u00e9tiers de l'\u00e9conomie et la gestion, des Responsables d'agence Comptoir National de l'Or, des analystes financiers qui publient r\u00e9guli\u00e8rement des \u00e9tudes sur les politiques des banques centrales, le cours de l'or, prix de l'or, cours de l'argent, prix de l'argent, cours du platine, cours du palladium,... la situation en zone euro et l'impact de la strat\u00e9gie mon\u00e9taire de la FED. Notre \u00e9quipe scrute \u00e9galement une information plus g\u00e9n\u00e9raliste \u00e0 la recherche d'actualit\u00e9 \"p\u00e9pite\" \u00e0 vous partager. Depuis 5 ans, nous avons publi\u00e9 un peu plus de 4000 articles qui s'adressent \u00e0 un public large et vari\u00e9 ayant pour objectif de satisfaire votre curiosit\u00e9 et de partager avec vous une certaine fascination pour le m\u00e9tal jaune, le rachat d'or, et pour ceux qui veulent investir dans l'or, vendre leur or tout simplement en savoir plus... Pour tous vos achat or et argent, n'h\u00e9sitez pas \u00e0 prendre rendez-vous dans l'un de nos nombreux comptoirs.","sameAs":["https:\/\/www.gold.fr"]}]}},"authors":[{"term_id":2565,"user_id":18,"is_guest":0,"slug":"julie","display_name":"Comptoir National de l'Or","avatar_url":"https:\/\/secure.gravatar.com\/avatar\/713f289e398d35ead876c4a4cc08607f0d6d266058cfc25683fffb6092d0e572?s=96&d=mm&r=g","0":null,"1":"","2":"","3":"","4":"","5":"","6":"","7":"","8":""}],"_links":{"self":[{"href":"https:\/\/www.gold.fr\/news\/wp-json\/wp\/v2\/posts\/14922","targetHints":{"allow":["GET"]}}],"collection":[{"href":"https:\/\/www.gold.fr\/news\/wp-json\/wp\/v2\/posts"}],"about":[{"href":"https:\/\/www.gold.fr\/news\/wp-json\/wp\/v2\/types\/post"}],"author":[{"embeddable":true,"href":"https:\/\/www.gold.fr\/news\/wp-json\/wp\/v2\/users\/18"}],"replies":[{"embeddable":true,"href":"https:\/\/www.gold.fr\/news\/wp-json\/wp\/v2\/comments?post=14922"}],"version-history":[{"count":0,"href":"https:\/\/www.gold.fr\/news\/wp-json\/wp\/v2\/posts\/14922\/revisions"}],"wp:attachment":[{"href":"https:\/\/www.gold.fr\/news\/wp-json\/wp\/v2\/media?parent=14922"}],"wp:term":[{"taxonomy":"category","embeddable":true,"href":"https:\/\/www.gold.fr\/news\/wp-json\/wp\/v2\/categories?post=14922"},{"taxonomy":"post_tag","embeddable":true,"href":"https:\/\/www.gold.fr\/news\/wp-json\/wp\/v2\/tags?post=14922"},{"taxonomy":"author","embeddable":true,"href":"https:\/\/www.gold.fr\/news\/wp-json\/wp\/v2\/ppma_author?post=14922"}],"curies":[{"name":"wp","href":"https:\/\/api.w.org\/{rel}","templated":true}]}}