{"id":14917,"date":"2014-06-18T09:00:18","date_gmt":"2014-06-18T07:00:18","guid":{"rendered":"https:\/\/www.gold.fr\/news\/?p=14917"},"modified":"2021-09-30T16:03:10","modified_gmt":"2021-09-30T14:03:10","slug":"marches-prudents-dans-un-contexte-tendu","status":"publish","type":"post","link":"https:\/\/www.gold.fr\/news\/2014\/06\/18\/marches-prudents-dans-un-contexte-tendu\/","title":{"rendered":"March\u00e9s prudents dans un contexte tendu"},"content":{"rendered":"<p><img loading=\"lazy\" decoding=\"async\" class=\"alignleft size-thumbnail wp-image-11394\" title=\"March\u00e9s prudents dans un contexte tendu\" src=\"https:\/\/www.gold.fr\/news\/wp-content\/uploads\/2013\/04\/piece-or-balance-150x150.jpg\" alt=\"\" width=\"150\" height=\"150\" \/><span style=\"font-size: small;\">Prudents ou simplement attentistes, difficile \u00e0 d\u00e9terminer. En tout cas, une chose est sure, la tension g\u00e9n\u00e9rale et dispers\u00e9e qui r\u00e8gne actuellement sur le paysage g\u00e9opolitique mondial est clairement contagieuse, teintant le paysage \u00e9conomique d\u2019une forme de m\u00e9fiance qui emp\u00eache efficacement les march\u00e9s financiers de profiter de la crise pour partir vers la hausse.<\/span> <span style=\"font-size: small;\"> Qu\u2019elles soient europ\u00e9ennes ou am\u00e9ricaines, les principales places boursi\u00e8res sont actuellement en stand-by g\u00e9n\u00e9ralis\u00e9, les yeux braqu\u00e9s sur un Moyen-Orient en plein tumulte arm\u00e9 et violent. Les observateurs et experts du march\u00e9 tentent d\u2019ailleurs d\u2019expliquer ce calme des march\u00e9s par l\u2019anticipation des op\u00e9rateurs d\u2019une intervention potentielle des chefs d\u2019\u00e9tats occidentaux. <strong>Stan Shamu<\/strong>, strat\u00e8ge chez <strong>IG<\/strong>, souligne \u00e0 ce sujet que \u00ab\u00a0<em>l&rsquo;escalade des tensions en Irak pousse les prix de l&rsquo;\u00e9nergie \u00e0 la hausse (\u2026) On entend dire que les <strong>Etats-Unis<\/strong> vont tenter de se rapprocher de l&rsquo;Iran face \u00e0 la situation et les investisseurs pr\u00e9f\u00e8rent rester prudents<\/em>\u00a0\u00bb.<\/span> <span style=\"font-size: small;\"> Dans ce contexte, toute nouvelle \u00e9conomique \u2013\u00e0 moins qu\u2019elle ne soit majeure- risque de passer en second plan et de se faire voler la vedette par une actualit\u00e9 g\u00e9opolitique d\u2019une gravit\u00e9 \u00e9crasante. Du coup, l\u2019annonce, cette semaine, d\u2019une hausse de <strong>0,6%<\/strong> de la production industrielle US en mai (indicateur moyennement important) est \u00e9cart\u00e9e d\u2019un revers de main distrait par des op\u00e9rateurs anxieux.<\/span><\/p>\n<!-- AddThis Advanced Settings generic via filter on the_content --><!-- AddThis Share Buttons generic via filter on the_content -->","protected":false},"excerpt":{"rendered":"<p>Prudents ou simplement attentistes, difficile \u00e0 d\u00e9terminer. En tout cas, une chose est sure, la tension g\u00e9n\u00e9rale et dispers\u00e9e qui r\u00e8gne actuellement sur le paysage g\u00e9opolitique mondial est clairement contagieuse, teintant le paysage \u00e9conomique d\u2019une forme [&hellip;]<\/p>\n","protected":false},"author":18,"featured_media":11394,"comment_status":"closed","ping_status":"closed","sticky":false,"template":"","format":"standard","meta":{"_mbp_gutenberg_autopost":false,"_pgmb_is_evergreen":false,"_pgmb_ap_template_id":0,"footnotes":""},"categories":[6],"tags":[1000,1410,405],"ppma_author":[2565],"class_list":["post-14917","post","type-post","status-publish","format-standard","has-post-thumbnail","hentry","category-articles-de-presse","tag-economie","tag-marches-financiers","tag-usa"],"yoast_head":"<!-- This site is optimized with the Yoast SEO plugin v27.5 - https:\/\/yoast.com\/product\/yoast-seo-wordpress\/ -->\n<title>March\u00e9s prudents dans un contexte tendu, places boursi\u00e8res<\/title>\n<meta name=\"description\" content=\"March\u00e9s prudents dans un contexte tendu, les principales places boursi\u00e8res sont actuellement en stand-by g\u00e9n\u00e9ralis\u00e9\" \/>\n<meta name=\"robots\" content=\"index, follow, max-snippet:-1, max-image-preview:large, max-video-preview:-1\" \/>\n<link rel=\"canonical\" href=\"https:\/\/www.gold.fr\/news\/2014\/06\/18\/marches-prudents-dans-un-contexte-tendu\/\" \/>\n<meta property=\"og:locale\" content=\"fr_FR\" \/>\n<meta property=\"og:type\" content=\"article\" \/>\n<meta property=\"og:title\" content=\"March\u00e9s prudents dans un contexte tendu, places boursi\u00e8res\" \/>\n<meta property=\"og:description\" content=\"March\u00e9s prudents dans un contexte tendu, les principales places boursi\u00e8res sont actuellement en stand-by g\u00e9n\u00e9ralis\u00e9\" \/>\n<meta property=\"og:url\" content=\"https:\/\/www.gold.fr\/news\/2014\/06\/18\/marches-prudents-dans-un-contexte-tendu\/\" \/>\n<meta property=\"og:site_name\" content=\"Gold.fr\" \/>\n<meta property=\"article:publisher\" content=\"https:\/\/www.facebook.com\/Goldfr\/\" \/>\n<meta property=\"article:published_time\" content=\"2014-06-18T07:00:18+00:00\" \/>\n<meta property=\"article:modified_time\" content=\"2021-09-30T14:03:10+00:00\" \/>\n<meta property=\"og:image\" content=\"https:\/\/www.gold.fr\/news\/wp-content\/uploads\/2013\/04\/piece-or-balance.jpg\" \/>\n\t<meta property=\"og:image:width\" content=\"600\" \/>\n\t<meta property=\"og:image:height\" content=\"441\" \/>\n\t<meta property=\"og:image:type\" content=\"image\/jpeg\" \/>\n<meta name=\"author\" content=\"Comptoir National de l&#039;Or\" \/>\n<meta name=\"twitter:card\" content=\"summary_large_image\" \/>\n<meta name=\"twitter:label1\" content=\"\u00c9crit par\" \/>\n\t<meta name=\"twitter:data1\" content=\"Comptoir National de l&#039;Or\" \/>\n\t<meta name=\"twitter:label2\" content=\"Dur\u00e9e de lecture estim\u00e9e\" \/>\n\t<meta name=\"twitter:data2\" content=\"1 minute\" \/>\n<script type=\"application\/ld+json\" class=\"yoast-schema-graph\">{\"@context\":\"https:\\\/\\\/schema.org\",\"@graph\":[{\"@type\":\"Article\",\"@id\":\"https:\\\/\\\/www.gold.fr\\\/news\\\/2014\\\/06\\\/18\\\/marches-prudents-dans-un-contexte-tendu\\\/#article\",\"isPartOf\":{\"@id\":\"https:\\\/\\\/www.gold.fr\\\/news\\\/2014\\\/06\\\/18\\\/marches-prudents-dans-un-contexte-tendu\\\/\"},\"author\":{\"name\":\"Comptoir National de l'Or\",\"@id\":\"https:\\\/\\\/www.gold.fr\\\/news\\\/#\\\/schema\\\/person\\\/070491b4b4fb7671bf59b3be20302ce9\"},\"headline\":\"March\u00e9s prudents dans un contexte tendu\",\"datePublished\":\"2014-06-18T07:00:18+00:00\",\"dateModified\":\"2021-09-30T14:03:10+00:00\",\"mainEntityOfPage\":{\"@id\":\"https:\\\/\\\/www.gold.fr\\\/news\\\/2014\\\/06\\\/18\\\/marches-prudents-dans-un-contexte-tendu\\\/\"},\"wordCount\":251,\"image\":{\"@id\":\"https:\\\/\\\/www.gold.fr\\\/news\\\/2014\\\/06\\\/18\\\/marches-prudents-dans-un-contexte-tendu\\\/#primaryimage\"},\"thumbnailUrl\":\"https:\\\/\\\/www.gold.fr\\\/news\\\/wp-content\\\/uploads\\\/2013\\\/04\\\/piece-or-balance.jpg\",\"keywords\":[\"\u00e9conomie\",\"march\u00e9s financiers\",\"usa\"],\"articleSection\":[\"Articles de presse\"],\"inLanguage\":\"fr-FR\"},{\"@type\":\"WebPage\",\"@id\":\"https:\\\/\\\/www.gold.fr\\\/news\\\/2014\\\/06\\\/18\\\/marches-prudents-dans-un-contexte-tendu\\\/\",\"url\":\"https:\\\/\\\/www.gold.fr\\\/news\\\/2014\\\/06\\\/18\\\/marches-prudents-dans-un-contexte-tendu\\\/\",\"name\":\"March\u00e9s prudents dans un contexte tendu, places boursi\u00e8res\",\"isPartOf\":{\"@id\":\"https:\\\/\\\/www.gold.fr\\\/news\\\/#website\"},\"primaryImageOfPage\":{\"@id\":\"https:\\\/\\\/www.gold.fr\\\/news\\\/2014\\\/06\\\/18\\\/marches-prudents-dans-un-contexte-tendu\\\/#primaryimage\"},\"image\":{\"@id\":\"https:\\\/\\\/www.gold.fr\\\/news\\\/2014\\\/06\\\/18\\\/marches-prudents-dans-un-contexte-tendu\\\/#primaryimage\"},\"thumbnailUrl\":\"https:\\\/\\\/www.gold.fr\\\/news\\\/wp-content\\\/uploads\\\/2013\\\/04\\\/piece-or-balance.jpg\",\"datePublished\":\"2014-06-18T07:00:18+00:00\",\"dateModified\":\"2021-09-30T14:03:10+00:00\",\"author\":{\"@id\":\"https:\\\/\\\/www.gold.fr\\\/news\\\/#\\\/schema\\\/person\\\/070491b4b4fb7671bf59b3be20302ce9\"},\"description\":\"March\u00e9s prudents dans un contexte tendu, les principales places boursi\u00e8res sont actuellement en stand-by g\u00e9n\u00e9ralis\u00e9\",\"breadcrumb\":{\"@id\":\"https:\\\/\\\/www.gold.fr\\\/news\\\/2014\\\/06\\\/18\\\/marches-prudents-dans-un-contexte-tendu\\\/#breadcrumb\"},\"inLanguage\":\"fr-FR\",\"potentialAction\":[{\"@type\":\"ReadAction\",\"target\":[\"https:\\\/\\\/www.gold.fr\\\/news\\\/2014\\\/06\\\/18\\\/marches-prudents-dans-un-contexte-tendu\\\/\"]}]},{\"@type\":\"ImageObject\",\"inLanguage\":\"fr-FR\",\"@id\":\"https:\\\/\\\/www.gold.fr\\\/news\\\/2014\\\/06\\\/18\\\/marches-prudents-dans-un-contexte-tendu\\\/#primaryimage\",\"url\":\"https:\\\/\\\/www.gold.fr\\\/news\\\/wp-content\\\/uploads\\\/2013\\\/04\\\/piece-or-balance.jpg\",\"contentUrl\":\"https:\\\/\\\/www.gold.fr\\\/news\\\/wp-content\\\/uploads\\\/2013\\\/04\\\/piece-or-balance.jpg\",\"width\":\"600\",\"height\":\"441\",\"caption\":\"L\u2019once en \u00e9quilibre suite \u00e0 la publication du rapport de la Fed\"},{\"@type\":\"BreadcrumbList\",\"@id\":\"https:\\\/\\\/www.gold.fr\\\/news\\\/2014\\\/06\\\/18\\\/marches-prudents-dans-un-contexte-tendu\\\/#breadcrumb\",\"itemListElement\":[{\"@type\":\"ListItem\",\"position\":1,\"name\":\"Accueil\",\"item\":\"https:\\\/\\\/www.gold.fr\\\/\"},{\"@type\":\"ListItem\",\"position\":2,\"name\":\"Actualit\u00e9s\",\"item\":\"https:\\\/\\\/www.gold.fr\\\/news\\\/\"},{\"@type\":\"ListItem\",\"position\":3,\"name\":\"March\u00e9s prudents dans un contexte tendu\"}]},{\"@type\":\"WebSite\",\"@id\":\"https:\\\/\\\/www.gold.fr\\\/news\\\/#website\",\"url\":\"https:\\\/\\\/www.gold.fr\\\/news\\\/\",\"name\":\"Gold.fr\",\"description\":\"Actualit\u00e9s de l&#039;Or et des m\u00e9taux pr\u00e9cieux\",\"potentialAction\":[{\"@type\":\"SearchAction\",\"target\":{\"@type\":\"EntryPoint\",\"urlTemplate\":\"https:\\\/\\\/www.gold.fr\\\/news\\\/?s={search_term_string}\"},\"query-input\":{\"@type\":\"PropertyValueSpecification\",\"valueRequired\":true,\"valueName\":\"search_term_string\"}}],\"inLanguage\":\"fr-FR\"},{\"@type\":\"Person\",\"@id\":\"https:\\\/\\\/www.gold.fr\\\/news\\\/#\\\/schema\\\/person\\\/070491b4b4fb7671bf59b3be20302ce9\",\"name\":\"Comptoir National de l'Or\",\"image\":{\"@type\":\"ImageObject\",\"inLanguage\":\"fr-FR\",\"@id\":\"https:\\\/\\\/secure.gravatar.com\\\/avatar\\\/0a2867fd5abe37bed95d5a65e9d58f01756e11efc68af9888dfc50cfa7f65948?s=96&d=mm&r=gb490554db0a38188709de567aa58480d\",\"url\":\"https:\\\/\\\/secure.gravatar.com\\\/avatar\\\/0a2867fd5abe37bed95d5a65e9d58f01756e11efc68af9888dfc50cfa7f65948?s=96&d=mm&r=g\",\"contentUrl\":\"https:\\\/\\\/secure.gravatar.com\\\/avatar\\\/0a2867fd5abe37bed95d5a65e9d58f01756e11efc68af9888dfc50cfa7f65948?s=96&d=mm&r=g\",\"caption\":\"Comptoir National de l'Or\"},\"description\":\"Notre r\u00e9daction est constitu\u00e9e de membres experts dans les m\u00e9tiers de l'\u00e9conomie et la gestion, des Responsables d'agence Comptoir National de l'Or, des analystes financiers qui publient r\u00e9guli\u00e8rement des \u00e9tudes sur les politiques des banques centrales, le cours de l'or, prix de l'or, cours de l'argent, prix de l'argent, cours du platine, cours du palladium,... la situation en zone euro et l'impact de la strat\u00e9gie mon\u00e9taire de la FED. Notre \u00e9quipe scrute \u00e9galement une information plus g\u00e9n\u00e9raliste \u00e0 la recherche d'actualit\u00e9 \\\"p\u00e9pite\\\" \u00e0 vous partager. Depuis 5 ans, nous avons publi\u00e9 un peu plus de 4000 articles qui s'adressent \u00e0 un public large et vari\u00e9 ayant pour objectif de satisfaire votre curiosit\u00e9 et de partager avec vous une certaine fascination pour le m\u00e9tal jaune, le rachat d'or, et pour ceux qui veulent investir dans l'or, vendre leur or tout simplement en savoir plus... Pour tous vos achat or et argent, n'h\u00e9sitez pas \u00e0 prendre rendez-vous dans l'un de nos nombreux comptoirs.\",\"sameAs\":[\"https:\\\/\\\/www.gold.fr\"]}]}<\/script>\n<!-- \/ Yoast SEO plugin. -->","yoast_head_json":{"title":"March\u00e9s prudents dans un contexte tendu, places boursi\u00e8res","description":"March\u00e9s prudents dans un contexte tendu, les principales places boursi\u00e8res sont actuellement en stand-by g\u00e9n\u00e9ralis\u00e9","robots":{"index":"index","follow":"follow","max-snippet":"max-snippet:-1","max-image-preview":"max-image-preview:large","max-video-preview":"max-video-preview:-1"},"canonical":"https:\/\/www.gold.fr\/news\/2014\/06\/18\/marches-prudents-dans-un-contexte-tendu\/","og_locale":"fr_FR","og_type":"article","og_title":"March\u00e9s prudents dans un contexte tendu, places boursi\u00e8res","og_description":"March\u00e9s prudents dans un contexte tendu, les principales places boursi\u00e8res sont actuellement en stand-by g\u00e9n\u00e9ralis\u00e9","og_url":"https:\/\/www.gold.fr\/news\/2014\/06\/18\/marches-prudents-dans-un-contexte-tendu\/","og_site_name":"Gold.fr","article_publisher":"https:\/\/www.facebook.com\/Goldfr\/","article_published_time":"2014-06-18T07:00:18+00:00","article_modified_time":"2021-09-30T14:03:10+00:00","og_image":[{"width":600,"height":441,"url":"https:\/\/www.gold.fr\/news\/wp-content\/uploads\/2013\/04\/piece-or-balance.jpg","type":"image\/jpeg"}],"author":"Comptoir National de l'Or","twitter_card":"summary_large_image","twitter_misc":{"\u00c9crit par":"Comptoir National de l'Or","Dur\u00e9e de lecture estim\u00e9e":"1 minute"},"schema":{"@context":"https:\/\/schema.org","@graph":[{"@type":"Article","@id":"https:\/\/www.gold.fr\/news\/2014\/06\/18\/marches-prudents-dans-un-contexte-tendu\/#article","isPartOf":{"@id":"https:\/\/www.gold.fr\/news\/2014\/06\/18\/marches-prudents-dans-un-contexte-tendu\/"},"author":{"name":"Comptoir National de l'Or","@id":"https:\/\/www.gold.fr\/news\/#\/schema\/person\/070491b4b4fb7671bf59b3be20302ce9"},"headline":"March\u00e9s prudents dans un contexte tendu","datePublished":"2014-06-18T07:00:18+00:00","dateModified":"2021-09-30T14:03:10+00:00","mainEntityOfPage":{"@id":"https:\/\/www.gold.fr\/news\/2014\/06\/18\/marches-prudents-dans-un-contexte-tendu\/"},"wordCount":251,"image":{"@id":"https:\/\/www.gold.fr\/news\/2014\/06\/18\/marches-prudents-dans-un-contexte-tendu\/#primaryimage"},"thumbnailUrl":"https:\/\/www.gold.fr\/news\/wp-content\/uploads\/2013\/04\/piece-or-balance.jpg","keywords":["\u00e9conomie","march\u00e9s financiers","usa"],"articleSection":["Articles de presse"],"inLanguage":"fr-FR"},{"@type":"WebPage","@id":"https:\/\/www.gold.fr\/news\/2014\/06\/18\/marches-prudents-dans-un-contexte-tendu\/","url":"https:\/\/www.gold.fr\/news\/2014\/06\/18\/marches-prudents-dans-un-contexte-tendu\/","name":"March\u00e9s prudents dans un contexte tendu, places boursi\u00e8res","isPartOf":{"@id":"https:\/\/www.gold.fr\/news\/#website"},"primaryImageOfPage":{"@id":"https:\/\/www.gold.fr\/news\/2014\/06\/18\/marches-prudents-dans-un-contexte-tendu\/#primaryimage"},"image":{"@id":"https:\/\/www.gold.fr\/news\/2014\/06\/18\/marches-prudents-dans-un-contexte-tendu\/#primaryimage"},"thumbnailUrl":"https:\/\/www.gold.fr\/news\/wp-content\/uploads\/2013\/04\/piece-or-balance.jpg","datePublished":"2014-06-18T07:00:18+00:00","dateModified":"2021-09-30T14:03:10+00:00","author":{"@id":"https:\/\/www.gold.fr\/news\/#\/schema\/person\/070491b4b4fb7671bf59b3be20302ce9"},"description":"March\u00e9s prudents dans un contexte tendu, les principales places boursi\u00e8res sont actuellement en stand-by g\u00e9n\u00e9ralis\u00e9","breadcrumb":{"@id":"https:\/\/www.gold.fr\/news\/2014\/06\/18\/marches-prudents-dans-un-contexte-tendu\/#breadcrumb"},"inLanguage":"fr-FR","potentialAction":[{"@type":"ReadAction","target":["https:\/\/www.gold.fr\/news\/2014\/06\/18\/marches-prudents-dans-un-contexte-tendu\/"]}]},{"@type":"ImageObject","inLanguage":"fr-FR","@id":"https:\/\/www.gold.fr\/news\/2014\/06\/18\/marches-prudents-dans-un-contexte-tendu\/#primaryimage","url":"https:\/\/www.gold.fr\/news\/wp-content\/uploads\/2013\/04\/piece-or-balance.jpg","contentUrl":"https:\/\/www.gold.fr\/news\/wp-content\/uploads\/2013\/04\/piece-or-balance.jpg","width":"600","height":"441","caption":"L\u2019once en \u00e9quilibre suite \u00e0 la publication du rapport de la Fed"},{"@type":"BreadcrumbList","@id":"https:\/\/www.gold.fr\/news\/2014\/06\/18\/marches-prudents-dans-un-contexte-tendu\/#breadcrumb","itemListElement":[{"@type":"ListItem","position":1,"name":"Accueil","item":"https:\/\/www.gold.fr\/"},{"@type":"ListItem","position":2,"name":"Actualit\u00e9s","item":"https:\/\/www.gold.fr\/news\/"},{"@type":"ListItem","position":3,"name":"March\u00e9s prudents dans un contexte tendu"}]},{"@type":"WebSite","@id":"https:\/\/www.gold.fr\/news\/#website","url":"https:\/\/www.gold.fr\/news\/","name":"Gold.fr","description":"Actualit\u00e9s de l&#039;Or et des m\u00e9taux pr\u00e9cieux","potentialAction":[{"@type":"SearchAction","target":{"@type":"EntryPoint","urlTemplate":"https:\/\/www.gold.fr\/news\/?s={search_term_string}"},"query-input":{"@type":"PropertyValueSpecification","valueRequired":true,"valueName":"search_term_string"}}],"inLanguage":"fr-FR"},{"@type":"Person","@id":"https:\/\/www.gold.fr\/news\/#\/schema\/person\/070491b4b4fb7671bf59b3be20302ce9","name":"Comptoir National de l'Or","image":{"@type":"ImageObject","inLanguage":"fr-FR","@id":"https:\/\/secure.gravatar.com\/avatar\/0a2867fd5abe37bed95d5a65e9d58f01756e11efc68af9888dfc50cfa7f65948?s=96&d=mm&r=gb490554db0a38188709de567aa58480d","url":"https:\/\/secure.gravatar.com\/avatar\/0a2867fd5abe37bed95d5a65e9d58f01756e11efc68af9888dfc50cfa7f65948?s=96&d=mm&r=g","contentUrl":"https:\/\/secure.gravatar.com\/avatar\/0a2867fd5abe37bed95d5a65e9d58f01756e11efc68af9888dfc50cfa7f65948?s=96&d=mm&r=g","caption":"Comptoir National de l'Or"},"description":"Notre r\u00e9daction est constitu\u00e9e de membres experts dans les m\u00e9tiers de l'\u00e9conomie et la gestion, des Responsables d'agence Comptoir National de l'Or, des analystes financiers qui publient r\u00e9guli\u00e8rement des \u00e9tudes sur les politiques des banques centrales, le cours de l'or, prix de l'or, cours de l'argent, prix de l'argent, cours du platine, cours du palladium,... la situation en zone euro et l'impact de la strat\u00e9gie mon\u00e9taire de la FED. Notre \u00e9quipe scrute \u00e9galement une information plus g\u00e9n\u00e9raliste \u00e0 la recherche d'actualit\u00e9 \"p\u00e9pite\" \u00e0 vous partager. Depuis 5 ans, nous avons publi\u00e9 un peu plus de 4000 articles qui s'adressent \u00e0 un public large et vari\u00e9 ayant pour objectif de satisfaire votre curiosit\u00e9 et de partager avec vous une certaine fascination pour le m\u00e9tal jaune, le rachat d'or, et pour ceux qui veulent investir dans l'or, vendre leur or tout simplement en savoir plus... Pour tous vos achat or et argent, n'h\u00e9sitez pas \u00e0 prendre rendez-vous dans l'un de nos nombreux comptoirs.","sameAs":["https:\/\/www.gold.fr"]}]}},"authors":[{"term_id":2565,"user_id":18,"is_guest":0,"slug":"julie","display_name":"Comptoir National de l'Or","avatar_url":"https:\/\/secure.gravatar.com\/avatar\/713f289e398d35ead876c4a4cc08607f0d6d266058cfc25683fffb6092d0e572?s=96&d=mm&r=g","0":null,"1":"","2":"","3":"","4":"","5":"","6":"","7":"","8":""}],"_links":{"self":[{"href":"https:\/\/www.gold.fr\/news\/wp-json\/wp\/v2\/posts\/14917","targetHints":{"allow":["GET"]}}],"collection":[{"href":"https:\/\/www.gold.fr\/news\/wp-json\/wp\/v2\/posts"}],"about":[{"href":"https:\/\/www.gold.fr\/news\/wp-json\/wp\/v2\/types\/post"}],"author":[{"embeddable":true,"href":"https:\/\/www.gold.fr\/news\/wp-json\/wp\/v2\/users\/18"}],"replies":[{"embeddable":true,"href":"https:\/\/www.gold.fr\/news\/wp-json\/wp\/v2\/comments?post=14917"}],"version-history":[{"count":0,"href":"https:\/\/www.gold.fr\/news\/wp-json\/wp\/v2\/posts\/14917\/revisions"}],"wp:featuredmedia":[{"embeddable":true,"href":"https:\/\/www.gold.fr\/news\/wp-json\/wp\/v2\/media\/11394"}],"wp:attachment":[{"href":"https:\/\/www.gold.fr\/news\/wp-json\/wp\/v2\/media?parent=14917"}],"wp:term":[{"taxonomy":"category","embeddable":true,"href":"https:\/\/www.gold.fr\/news\/wp-json\/wp\/v2\/categories?post=14917"},{"taxonomy":"post_tag","embeddable":true,"href":"https:\/\/www.gold.fr\/news\/wp-json\/wp\/v2\/tags?post=14917"},{"taxonomy":"author","embeddable":true,"href":"https:\/\/www.gold.fr\/news\/wp-json\/wp\/v2\/ppma_author?post=14917"}],"curies":[{"name":"wp","href":"https:\/\/api.w.org\/{rel}","templated":true}]}}