{"id":14907,"date":"2014-06-16T17:00:51","date_gmt":"2014-06-16T15:00:51","guid":{"rendered":"https:\/\/www.gold.fr\/news\/?p=14907"},"modified":"2018-06-22T12:24:58","modified_gmt":"2018-06-22T10:24:58","slug":"marche-de-lor-plus-dacheteurs-que-de-vendeurs-en-depit-de-la-crise","status":"publish","type":"post","link":"https:\/\/www.gold.fr\/news\/2014\/06\/16\/marche-de-lor-plus-dacheteurs-que-de-vendeurs-en-depit-de-la-crise\/","title":{"rendered":"March\u00e9 de l\u2019or : Plus d\u2019acheteurs que de vendeurs, en d\u00e9pit de la crise"},"content":{"rendered":"<p><span style=\"font-size: small;\"><img loading=\"lazy\" decoding=\"async\" class=\"alignleft size-thumbnail wp-image-8585\" title=\"March\u00e9 de l\u2019or : Plus d\u2019acheteurs que de vendeurs, en d\u00e9pit de la crise\" src=\"https:\/\/www.gold.fr\/news\/wp-content\/uploads\/2012\/07\/or-monde-150x150.jpg\" alt=\"\" width=\"150\" height=\"150\" \/>L&rsquo;indice des investisseurs en <a class=\"esk-seo-plu-link\" href=\"https:\/\/www.gold.fr\/news\/tags\/or\">m\u00e9tal jaune<\/a> de <strong>BullionVault<\/strong> le confirme officiellement ; la confiance des particuliers est encore accord\u00e9e \u00e0 la valeur de la relique barbare, faisant peser la balance du march\u00e9 du c\u00f4t\u00e9 des achats, au d\u00e9triment des ventes.<\/span> <span style=\"font-size: small;\"> Rappelons d&rsquo;ailleurs que cet indice \u00ab<em> mesure l&rsquo;\u00e9quilibre entre les acheteurs et les vendeurs (du march\u00e9 aurif\u00e8re), donnant \u00ab une indication sur le comportement actuel des particuliers plut\u00f4t que leurs intentions <\/em>\u00bb. Au total, l&rsquo;indice \u00e9tudie le \u2018comportement aurif\u00e8re&rsquo; de plus de \u00ab <em>52 000 utilisateurs, avec des avoirs en <a class=\"esk-seo-plu-link\" href=\"https:\/\/www.gold.fr\/news\/tags\/or\">or<\/a> de <strong>1,4 milliards de <a class=\"esk-seo-plu-link\" href=\"https:\/\/www.gold.fr\/news\/tags\/investissement\">dollars<\/a> US<\/strong>, soit <strong>976 millions d&rsquo;<a class=\"esk-seo-plu-link\" href=\"https:\/\/www.gold.fr\/news\/tags\/investissement\">euros<\/a><\/strong>, et des avoirs en argent de<strong> 278 millions de <a class=\"esk-seo-plu-link\" href=\"https:\/\/www.gold.fr\/news\/tags\/investissement\">dollars<\/a> US<\/strong><\/em> \u00bb.<\/span> <span style=\"font-size: small;\"> Rappelons \u00e9galement que les clients de cette plateforme qui repr\u00e9sente le plus grand march\u00e9 en ligne pour l&rsquo;achat, la conservation et la vente d&rsquo;<a class=\"esk-seo-plu-link\" href=\"https:\/\/www.gold.fr\/news\/tags\/or\">or<\/a> physique allou\u00e9 \u00ab <em>d\u00e9tiennent entre eux plus d&rsquo;<a class=\"esk-seo-plu-link\" href=\"https:\/\/www.gold.fr\/news\/tags\/or\">or<\/a> que la plupart des banques centrales du monde<\/em> \u00bb.<\/span> <span style=\"font-size: small;\"> Depuis le d\u00e9but de l&rsquo;ann\u00e9e <strong>2014<\/strong>, la plateforme a donc vu affluer deux acheteurs d&rsquo;<a class=\"esk-seo-plu-link\" href=\"https:\/\/www.gold.fr\/news\/tags\/or\">or<\/a> pour tout vendeur net. L&rsquo;\u00e9tude annexe de l&rsquo;indice r\u00e9v\u00e8le par ailleurs que, \u00ab <em>en accumulant les avoirs d&rsquo;<a class=\"esk-seo-plu-link\" href=\"https:\/\/www.gold.fr\/news\/tags\/or\">or<\/a> des clients, la somme totale a \u00e0 peine chang\u00e9, perdant<strong> 25kg<\/strong>, pour une quantit\u00e9 totale de <strong>32,7 tonnes d&rsquo;<a class=\"esk-seo-plu-link\" href=\"https:\/\/www.gold.fr\/news\/tags\/or\">or<\/a><\/strong><\/em> \u00bb.<\/span> <span style=\"font-size: small;\"> La <a class=\"esk-seo-plu-link\" href=\"https:\/\/www.gold.fr\/news\/tags\/investissement\">tendance<\/a> est donc \u00e0 l&rsquo;achat \u2013et donc \u00e0 la confiance-, en d\u00e9pit d&rsquo;une crise g\u00e9n\u00e9rale persistante et d&rsquo;une ann\u00e9e <strong>2013<\/strong> en dents de scie. L&rsquo;<a class=\"esk-seo-plu-link\" href=\"https:\/\/www.gold.fr\/news\/tags\/or\">or<\/a> brille toujours dans les yeux de ses fervents admirateurs.<\/span><\/p>\n<!-- AddThis Advanced Settings generic via filter on the_content --><!-- AddThis Share Buttons generic via filter on the_content -->","protected":false},"excerpt":{"rendered":"<p>L&rsquo;indice des investisseurs en m\u00e9tal jaune de BullionVault le confirme officiellement ; la confiance des particuliers est encore accord\u00e9e \u00e0 la valeur de la relique barbare, faisant peser la balance du march\u00e9 du c\u00f4t\u00e9 des achats, [&hellip;]<\/p>\n","protected":false},"author":18,"featured_media":8585,"comment_status":"open","ping_status":"open","sticky":false,"template":"","format":"standard","meta":{"_mbp_gutenberg_autopost":false,"_pgmb_is_evergreen":false,"_pgmb_ap_template_id":0,"footnotes":""},"categories":[6],"tags":[231,923,105,464],"ppma_author":[2565],"class_list":["post-14907","post","type-post","status-publish","format-standard","has-post-thumbnail","hentry","category-articles-de-presse","tag-achat-or","tag-crise","tag-marche","tag-vente-or"],"yoast_head":"<!-- This site is optimized with the Yoast SEO plugin v27.5 - https:\/\/yoast.com\/product\/yoast-seo-wordpress\/ -->\n<title>March\u00e9 de l\u2019or : Plus d\u2019acheteurs que de vendeurs, en d\u00e9pit de la crise - Gold.fr<\/title>\n<meta name=\"robots\" content=\"index, follow, max-snippet:-1, max-image-preview:large, max-video-preview:-1\" \/>\n<link rel=\"canonical\" href=\"https:\/\/www.gold.fr\/news\/2014\/06\/16\/marche-de-lor-plus-dacheteurs-que-de-vendeurs-en-depit-de-la-crise\/\" \/>\n<meta property=\"og:locale\" content=\"fr_FR\" \/>\n<meta property=\"og:type\" content=\"article\" \/>\n<meta property=\"og:title\" content=\"March\u00e9 de l\u2019or : Plus d\u2019acheteurs que de vendeurs, en d\u00e9pit de la crise - Gold.fr\" \/>\n<meta property=\"og:description\" content=\"L&rsquo;indice des investisseurs en m\u00e9tal jaune de BullionVault le confirme officiellement ; la confiance des particuliers est encore accord\u00e9e \u00e0 la valeur de la relique barbare, faisant peser la balance du march\u00e9 du c\u00f4t\u00e9 des achats, [&hellip;]\" \/>\n<meta property=\"og:url\" content=\"https:\/\/www.gold.fr\/news\/2014\/06\/16\/marche-de-lor-plus-dacheteurs-que-de-vendeurs-en-depit-de-la-crise\/\" \/>\n<meta property=\"og:site_name\" content=\"Gold.fr\" \/>\n<meta property=\"article:publisher\" content=\"https:\/\/www.facebook.com\/Goldfr\/\" \/>\n<meta property=\"article:published_time\" content=\"2014-06-16T15:00:51+00:00\" \/>\n<meta property=\"article:modified_time\" content=\"2018-06-22T10:24:58+00:00\" \/>\n<meta property=\"og:image\" content=\"https:\/\/www.gold.fr\/news\/wp-content\/uploads\/2012\/07\/or-monde-e1478814840845.jpg\" \/>\n\t<meta property=\"og:image:width\" content=\"300\" \/>\n\t<meta property=\"og:image:height\" content=\"203\" \/>\n\t<meta property=\"og:image:type\" content=\"image\/jpeg\" \/>\n<meta name=\"author\" content=\"Comptoir National de l&#039;Or\" \/>\n<meta name=\"twitter:card\" content=\"summary_large_image\" \/>\n<meta name=\"twitter:label1\" content=\"\u00c9crit par\" \/>\n\t<meta name=\"twitter:data1\" content=\"Comptoir National de l&#039;Or\" \/>\n\t<meta name=\"twitter:label2\" content=\"Dur\u00e9e de lecture estim\u00e9e\" \/>\n\t<meta name=\"twitter:data2\" content=\"1 minute\" \/>\n<script type=\"application\/ld+json\" class=\"yoast-schema-graph\">{\"@context\":\"https:\\\/\\\/schema.org\",\"@graph\":[{\"@type\":\"Article\",\"@id\":\"https:\\\/\\\/www.gold.fr\\\/news\\\/2014\\\/06\\\/16\\\/marche-de-lor-plus-dacheteurs-que-de-vendeurs-en-depit-de-la-crise\\\/#article\",\"isPartOf\":{\"@id\":\"https:\\\/\\\/www.gold.fr\\\/news\\\/2014\\\/06\\\/16\\\/marche-de-lor-plus-dacheteurs-que-de-vendeurs-en-depit-de-la-crise\\\/\"},\"author\":{\"name\":\"Comptoir National de l'Or\",\"@id\":\"https:\\\/\\\/www.gold.fr\\\/news\\\/#\\\/schema\\\/person\\\/070491b4b4fb7671bf59b3be20302ce9\"},\"headline\":\"March\u00e9 de l\u2019or : Plus d\u2019acheteurs que de vendeurs, en d\u00e9pit de la crise\",\"datePublished\":\"2014-06-16T15:00:51+00:00\",\"dateModified\":\"2018-06-22T10:24:58+00:00\",\"mainEntityOfPage\":{\"@id\":\"https:\\\/\\\/www.gold.fr\\\/news\\\/2014\\\/06\\\/16\\\/marche-de-lor-plus-dacheteurs-que-de-vendeurs-en-depit-de-la-crise\\\/\"},\"wordCount\":271,\"commentCount\":2,\"image\":{\"@id\":\"https:\\\/\\\/www.gold.fr\\\/news\\\/2014\\\/06\\\/16\\\/marche-de-lor-plus-dacheteurs-que-de-vendeurs-en-depit-de-la-crise\\\/#primaryimage\"},\"thumbnailUrl\":\"https:\\\/\\\/www.gold.fr\\\/news\\\/wp-content\\\/uploads\\\/2012\\\/07\\\/or-monde-e1478814840845.jpg\",\"keywords\":[\"Achat or\",\"crise\",\"march\u00e9\",\"Vente or\"],\"articleSection\":[\"Articles de presse\"],\"inLanguage\":\"fr-FR\"},{\"@type\":\"WebPage\",\"@id\":\"https:\\\/\\\/www.gold.fr\\\/news\\\/2014\\\/06\\\/16\\\/marche-de-lor-plus-dacheteurs-que-de-vendeurs-en-depit-de-la-crise\\\/\",\"url\":\"https:\\\/\\\/www.gold.fr\\\/news\\\/2014\\\/06\\\/16\\\/marche-de-lor-plus-dacheteurs-que-de-vendeurs-en-depit-de-la-crise\\\/\",\"name\":\"March\u00e9 de l\u2019or : Plus d\u2019acheteurs que de vendeurs, en d\u00e9pit de la crise - Gold.fr\",\"isPartOf\":{\"@id\":\"https:\\\/\\\/www.gold.fr\\\/news\\\/#website\"},\"primaryImageOfPage\":{\"@id\":\"https:\\\/\\\/www.gold.fr\\\/news\\\/2014\\\/06\\\/16\\\/marche-de-lor-plus-dacheteurs-que-de-vendeurs-en-depit-de-la-crise\\\/#primaryimage\"},\"image\":{\"@id\":\"https:\\\/\\\/www.gold.fr\\\/news\\\/2014\\\/06\\\/16\\\/marche-de-lor-plus-dacheteurs-que-de-vendeurs-en-depit-de-la-crise\\\/#primaryimage\"},\"thumbnailUrl\":\"https:\\\/\\\/www.gold.fr\\\/news\\\/wp-content\\\/uploads\\\/2012\\\/07\\\/or-monde-e1478814840845.jpg\",\"datePublished\":\"2014-06-16T15:00:51+00:00\",\"dateModified\":\"2018-06-22T10:24:58+00:00\",\"author\":{\"@id\":\"https:\\\/\\\/www.gold.fr\\\/news\\\/#\\\/schema\\\/person\\\/070491b4b4fb7671bf59b3be20302ce9\"},\"breadcrumb\":{\"@id\":\"https:\\\/\\\/www.gold.fr\\\/news\\\/2014\\\/06\\\/16\\\/marche-de-lor-plus-dacheteurs-que-de-vendeurs-en-depit-de-la-crise\\\/#breadcrumb\"},\"inLanguage\":\"fr-FR\",\"potentialAction\":[{\"@type\":\"ReadAction\",\"target\":[\"https:\\\/\\\/www.gold.fr\\\/news\\\/2014\\\/06\\\/16\\\/marche-de-lor-plus-dacheteurs-que-de-vendeurs-en-depit-de-la-crise\\\/\"]}]},{\"@type\":\"ImageObject\",\"inLanguage\":\"fr-FR\",\"@id\":\"https:\\\/\\\/www.gold.fr\\\/news\\\/2014\\\/06\\\/16\\\/marche-de-lor-plus-dacheteurs-que-de-vendeurs-en-depit-de-la-crise\\\/#primaryimage\",\"url\":\"https:\\\/\\\/www.gold.fr\\\/news\\\/wp-content\\\/uploads\\\/2012\\\/07\\\/or-monde-e1478814840845.jpg\",\"contentUrl\":\"https:\\\/\\\/www.gold.fr\\\/news\\\/wp-content\\\/uploads\\\/2012\\\/07\\\/or-monde-e1478814840845.jpg\",\"width\":300,\"height\":203,\"caption\":\"F\u00e9ri\u00e9s des deux c\u00f4t\u00e9s de l\u2019Atlantique\"},{\"@type\":\"BreadcrumbList\",\"@id\":\"https:\\\/\\\/www.gold.fr\\\/news\\\/2014\\\/06\\\/16\\\/marche-de-lor-plus-dacheteurs-que-de-vendeurs-en-depit-de-la-crise\\\/#breadcrumb\",\"itemListElement\":[{\"@type\":\"ListItem\",\"position\":1,\"name\":\"Accueil\",\"item\":\"https:\\\/\\\/www.gold.fr\\\/\"},{\"@type\":\"ListItem\",\"position\":2,\"name\":\"Actualit\u00e9s\",\"item\":\"https:\\\/\\\/www.gold.fr\\\/news\\\/\"},{\"@type\":\"ListItem\",\"position\":3,\"name\":\"March\u00e9 de l\u2019or : Plus d\u2019acheteurs que de vendeurs, en d\u00e9pit de la crise\"}]},{\"@type\":\"WebSite\",\"@id\":\"https:\\\/\\\/www.gold.fr\\\/news\\\/#website\",\"url\":\"https:\\\/\\\/www.gold.fr\\\/news\\\/\",\"name\":\"Gold.fr\",\"description\":\"Actualit\u00e9s de l&#039;Or et des m\u00e9taux pr\u00e9cieux\",\"potentialAction\":[{\"@type\":\"SearchAction\",\"target\":{\"@type\":\"EntryPoint\",\"urlTemplate\":\"https:\\\/\\\/www.gold.fr\\\/news\\\/?s={search_term_string}\"},\"query-input\":{\"@type\":\"PropertyValueSpecification\",\"valueRequired\":true,\"valueName\":\"search_term_string\"}}],\"inLanguage\":\"fr-FR\"},{\"@type\":\"Person\",\"@id\":\"https:\\\/\\\/www.gold.fr\\\/news\\\/#\\\/schema\\\/person\\\/070491b4b4fb7671bf59b3be20302ce9\",\"name\":\"Comptoir National de l'Or\",\"image\":{\"@type\":\"ImageObject\",\"inLanguage\":\"fr-FR\",\"@id\":\"https:\\\/\\\/secure.gravatar.com\\\/avatar\\\/0a2867fd5abe37bed95d5a65e9d58f01756e11efc68af9888dfc50cfa7f65948?s=96&d=mm&r=gb490554db0a38188709de567aa58480d\",\"url\":\"https:\\\/\\\/secure.gravatar.com\\\/avatar\\\/0a2867fd5abe37bed95d5a65e9d58f01756e11efc68af9888dfc50cfa7f65948?s=96&d=mm&r=g\",\"contentUrl\":\"https:\\\/\\\/secure.gravatar.com\\\/avatar\\\/0a2867fd5abe37bed95d5a65e9d58f01756e11efc68af9888dfc50cfa7f65948?s=96&d=mm&r=g\",\"caption\":\"Comptoir National de l'Or\"},\"description\":\"Notre r\u00e9daction est constitu\u00e9e de membres experts dans les m\u00e9tiers de l'\u00e9conomie et la gestion, des Responsables d'agence Comptoir National de l'Or, des analystes financiers qui publient r\u00e9guli\u00e8rement des \u00e9tudes sur les politiques des banques centrales, le cours de l'or, prix de l'or, cours de l'argent, prix de l'argent, cours du platine, cours du palladium,... la situation en zone euro et l'impact de la strat\u00e9gie mon\u00e9taire de la FED. Notre \u00e9quipe scrute \u00e9galement une information plus g\u00e9n\u00e9raliste \u00e0 la recherche d'actualit\u00e9 \\\"p\u00e9pite\\\" \u00e0 vous partager. Depuis 5 ans, nous avons publi\u00e9 un peu plus de 4000 articles qui s'adressent \u00e0 un public large et vari\u00e9 ayant pour objectif de satisfaire votre curiosit\u00e9 et de partager avec vous une certaine fascination pour le m\u00e9tal jaune, le rachat d'or, et pour ceux qui veulent investir dans l'or, vendre leur or tout simplement en savoir plus... Pour tous vos achat or et argent, n'h\u00e9sitez pas \u00e0 prendre rendez-vous dans l'un de nos nombreux comptoirs.\",\"sameAs\":[\"https:\\\/\\\/www.gold.fr\"]}]}<\/script>\n<!-- \/ Yoast SEO plugin. -->","yoast_head_json":{"title":"March\u00e9 de l\u2019or : Plus d\u2019acheteurs que de vendeurs, en d\u00e9pit de la crise - Gold.fr","robots":{"index":"index","follow":"follow","max-snippet":"max-snippet:-1","max-image-preview":"max-image-preview:large","max-video-preview":"max-video-preview:-1"},"canonical":"https:\/\/www.gold.fr\/news\/2014\/06\/16\/marche-de-lor-plus-dacheteurs-que-de-vendeurs-en-depit-de-la-crise\/","og_locale":"fr_FR","og_type":"article","og_title":"March\u00e9 de l\u2019or : Plus d\u2019acheteurs que de vendeurs, en d\u00e9pit de la crise - Gold.fr","og_description":"L&rsquo;indice des investisseurs en m\u00e9tal jaune de BullionVault le confirme officiellement ; la confiance des particuliers est encore accord\u00e9e \u00e0 la valeur de la relique barbare, faisant peser la balance du march\u00e9 du c\u00f4t\u00e9 des achats, [&hellip;]","og_url":"https:\/\/www.gold.fr\/news\/2014\/06\/16\/marche-de-lor-plus-dacheteurs-que-de-vendeurs-en-depit-de-la-crise\/","og_site_name":"Gold.fr","article_publisher":"https:\/\/www.facebook.com\/Goldfr\/","article_published_time":"2014-06-16T15:00:51+00:00","article_modified_time":"2018-06-22T10:24:58+00:00","og_image":[{"width":300,"height":203,"url":"https:\/\/www.gold.fr\/news\/wp-content\/uploads\/2012\/07\/or-monde-e1478814840845.jpg","type":"image\/jpeg"}],"author":"Comptoir National de l'Or","twitter_card":"summary_large_image","twitter_misc":{"\u00c9crit par":"Comptoir National de l'Or","Dur\u00e9e de lecture estim\u00e9e":"1 minute"},"schema":{"@context":"https:\/\/schema.org","@graph":[{"@type":"Article","@id":"https:\/\/www.gold.fr\/news\/2014\/06\/16\/marche-de-lor-plus-dacheteurs-que-de-vendeurs-en-depit-de-la-crise\/#article","isPartOf":{"@id":"https:\/\/www.gold.fr\/news\/2014\/06\/16\/marche-de-lor-plus-dacheteurs-que-de-vendeurs-en-depit-de-la-crise\/"},"author":{"name":"Comptoir National de l'Or","@id":"https:\/\/www.gold.fr\/news\/#\/schema\/person\/070491b4b4fb7671bf59b3be20302ce9"},"headline":"March\u00e9 de l\u2019or : Plus d\u2019acheteurs que de vendeurs, en d\u00e9pit de la crise","datePublished":"2014-06-16T15:00:51+00:00","dateModified":"2018-06-22T10:24:58+00:00","mainEntityOfPage":{"@id":"https:\/\/www.gold.fr\/news\/2014\/06\/16\/marche-de-lor-plus-dacheteurs-que-de-vendeurs-en-depit-de-la-crise\/"},"wordCount":271,"commentCount":2,"image":{"@id":"https:\/\/www.gold.fr\/news\/2014\/06\/16\/marche-de-lor-plus-dacheteurs-que-de-vendeurs-en-depit-de-la-crise\/#primaryimage"},"thumbnailUrl":"https:\/\/www.gold.fr\/news\/wp-content\/uploads\/2012\/07\/or-monde-e1478814840845.jpg","keywords":["Achat or","crise","march\u00e9","Vente or"],"articleSection":["Articles de presse"],"inLanguage":"fr-FR"},{"@type":"WebPage","@id":"https:\/\/www.gold.fr\/news\/2014\/06\/16\/marche-de-lor-plus-dacheteurs-que-de-vendeurs-en-depit-de-la-crise\/","url":"https:\/\/www.gold.fr\/news\/2014\/06\/16\/marche-de-lor-plus-dacheteurs-que-de-vendeurs-en-depit-de-la-crise\/","name":"March\u00e9 de l\u2019or : Plus d\u2019acheteurs que de vendeurs, en d\u00e9pit de la crise - Gold.fr","isPartOf":{"@id":"https:\/\/www.gold.fr\/news\/#website"},"primaryImageOfPage":{"@id":"https:\/\/www.gold.fr\/news\/2014\/06\/16\/marche-de-lor-plus-dacheteurs-que-de-vendeurs-en-depit-de-la-crise\/#primaryimage"},"image":{"@id":"https:\/\/www.gold.fr\/news\/2014\/06\/16\/marche-de-lor-plus-dacheteurs-que-de-vendeurs-en-depit-de-la-crise\/#primaryimage"},"thumbnailUrl":"https:\/\/www.gold.fr\/news\/wp-content\/uploads\/2012\/07\/or-monde-e1478814840845.jpg","datePublished":"2014-06-16T15:00:51+00:00","dateModified":"2018-06-22T10:24:58+00:00","author":{"@id":"https:\/\/www.gold.fr\/news\/#\/schema\/person\/070491b4b4fb7671bf59b3be20302ce9"},"breadcrumb":{"@id":"https:\/\/www.gold.fr\/news\/2014\/06\/16\/marche-de-lor-plus-dacheteurs-que-de-vendeurs-en-depit-de-la-crise\/#breadcrumb"},"inLanguage":"fr-FR","potentialAction":[{"@type":"ReadAction","target":["https:\/\/www.gold.fr\/news\/2014\/06\/16\/marche-de-lor-plus-dacheteurs-que-de-vendeurs-en-depit-de-la-crise\/"]}]},{"@type":"ImageObject","inLanguage":"fr-FR","@id":"https:\/\/www.gold.fr\/news\/2014\/06\/16\/marche-de-lor-plus-dacheteurs-que-de-vendeurs-en-depit-de-la-crise\/#primaryimage","url":"https:\/\/www.gold.fr\/news\/wp-content\/uploads\/2012\/07\/or-monde-e1478814840845.jpg","contentUrl":"https:\/\/www.gold.fr\/news\/wp-content\/uploads\/2012\/07\/or-monde-e1478814840845.jpg","width":300,"height":203,"caption":"F\u00e9ri\u00e9s des deux c\u00f4t\u00e9s de l\u2019Atlantique"},{"@type":"BreadcrumbList","@id":"https:\/\/www.gold.fr\/news\/2014\/06\/16\/marche-de-lor-plus-dacheteurs-que-de-vendeurs-en-depit-de-la-crise\/#breadcrumb","itemListElement":[{"@type":"ListItem","position":1,"name":"Accueil","item":"https:\/\/www.gold.fr\/"},{"@type":"ListItem","position":2,"name":"Actualit\u00e9s","item":"https:\/\/www.gold.fr\/news\/"},{"@type":"ListItem","position":3,"name":"March\u00e9 de l\u2019or : Plus d\u2019acheteurs que de vendeurs, en d\u00e9pit de la crise"}]},{"@type":"WebSite","@id":"https:\/\/www.gold.fr\/news\/#website","url":"https:\/\/www.gold.fr\/news\/","name":"Gold.fr","description":"Actualit\u00e9s de l&#039;Or et des m\u00e9taux pr\u00e9cieux","potentialAction":[{"@type":"SearchAction","target":{"@type":"EntryPoint","urlTemplate":"https:\/\/www.gold.fr\/news\/?s={search_term_string}"},"query-input":{"@type":"PropertyValueSpecification","valueRequired":true,"valueName":"search_term_string"}}],"inLanguage":"fr-FR"},{"@type":"Person","@id":"https:\/\/www.gold.fr\/news\/#\/schema\/person\/070491b4b4fb7671bf59b3be20302ce9","name":"Comptoir National de l'Or","image":{"@type":"ImageObject","inLanguage":"fr-FR","@id":"https:\/\/secure.gravatar.com\/avatar\/0a2867fd5abe37bed95d5a65e9d58f01756e11efc68af9888dfc50cfa7f65948?s=96&d=mm&r=gb490554db0a38188709de567aa58480d","url":"https:\/\/secure.gravatar.com\/avatar\/0a2867fd5abe37bed95d5a65e9d58f01756e11efc68af9888dfc50cfa7f65948?s=96&d=mm&r=g","contentUrl":"https:\/\/secure.gravatar.com\/avatar\/0a2867fd5abe37bed95d5a65e9d58f01756e11efc68af9888dfc50cfa7f65948?s=96&d=mm&r=g","caption":"Comptoir National de l'Or"},"description":"Notre r\u00e9daction est constitu\u00e9e de membres experts dans les m\u00e9tiers de l'\u00e9conomie et la gestion, des Responsables d'agence Comptoir National de l'Or, des analystes financiers qui publient r\u00e9guli\u00e8rement des \u00e9tudes sur les politiques des banques centrales, le cours de l'or, prix de l'or, cours de l'argent, prix de l'argent, cours du platine, cours du palladium,... la situation en zone euro et l'impact de la strat\u00e9gie mon\u00e9taire de la FED. Notre \u00e9quipe scrute \u00e9galement une information plus g\u00e9n\u00e9raliste \u00e0 la recherche d'actualit\u00e9 \"p\u00e9pite\" \u00e0 vous partager. Depuis 5 ans, nous avons publi\u00e9 un peu plus de 4000 articles qui s'adressent \u00e0 un public large et vari\u00e9 ayant pour objectif de satisfaire votre curiosit\u00e9 et de partager avec vous une certaine fascination pour le m\u00e9tal jaune, le rachat d'or, et pour ceux qui veulent investir dans l'or, vendre leur or tout simplement en savoir plus... Pour tous vos achat or et argent, n'h\u00e9sitez pas \u00e0 prendre rendez-vous dans l'un de nos nombreux comptoirs.","sameAs":["https:\/\/www.gold.fr"]}]}},"authors":[{"term_id":2565,"user_id":18,"is_guest":0,"slug":"julie","display_name":"Comptoir National de l'Or","avatar_url":"https:\/\/secure.gravatar.com\/avatar\/713f289e398d35ead876c4a4cc08607f0d6d266058cfc25683fffb6092d0e572?s=96&d=mm&r=g","0":null,"1":"","2":"","3":"","4":"","5":"","6":"","7":"","8":""}],"_links":{"self":[{"href":"https:\/\/www.gold.fr\/news\/wp-json\/wp\/v2\/posts\/14907","targetHints":{"allow":["GET"]}}],"collection":[{"href":"https:\/\/www.gold.fr\/news\/wp-json\/wp\/v2\/posts"}],"about":[{"href":"https:\/\/www.gold.fr\/news\/wp-json\/wp\/v2\/types\/post"}],"author":[{"embeddable":true,"href":"https:\/\/www.gold.fr\/news\/wp-json\/wp\/v2\/users\/18"}],"replies":[{"embeddable":true,"href":"https:\/\/www.gold.fr\/news\/wp-json\/wp\/v2\/comments?post=14907"}],"version-history":[{"count":0,"href":"https:\/\/www.gold.fr\/news\/wp-json\/wp\/v2\/posts\/14907\/revisions"}],"wp:featuredmedia":[{"embeddable":true,"href":"https:\/\/www.gold.fr\/news\/wp-json\/wp\/v2\/media\/8585"}],"wp:attachment":[{"href":"https:\/\/www.gold.fr\/news\/wp-json\/wp\/v2\/media?parent=14907"}],"wp:term":[{"taxonomy":"category","embeddable":true,"href":"https:\/\/www.gold.fr\/news\/wp-json\/wp\/v2\/categories?post=14907"},{"taxonomy":"post_tag","embeddable":true,"href":"https:\/\/www.gold.fr\/news\/wp-json\/wp\/v2\/tags?post=14907"},{"taxonomy":"author","embeddable":true,"href":"https:\/\/www.gold.fr\/news\/wp-json\/wp\/v2\/ppma_author?post=14907"}],"curies":[{"name":"wp","href":"https:\/\/api.w.org\/{rel}","templated":true}]}}