{"id":14889,"date":"2014-06-13T09:00:47","date_gmt":"2014-06-13T07:00:47","guid":{"rendered":"https:\/\/www.gold.fr\/news\/?p=14889"},"modified":"2017-11-02T11:39:27","modified_gmt":"2017-11-02T10:39:27","slug":"euro-et-dollar-boostes-sur-fond-de-marches-mefiants","status":"publish","type":"post","link":"https:\/\/www.gold.fr\/news\/2014\/06\/13\/euro-et-dollar-boostes-sur-fond-de-marches-mefiants\/","title":{"rendered":"Euro et dollar boost\u00e9s, sur fond de march\u00e9s m\u00e9fiants"},"content":{"rendered":"<p><img loading=\"lazy\" decoding=\"async\" class=\"alignleft size-thumbnail wp-image-10135\" title=\"Euro et dollar boost\u00e9s, sur fond de march\u00e9s m\u00e9fiants\" src=\"https:\/\/www.gold.fr\/news\/wp-content\/uploads\/2010\/03\/dollar-150x150.jpg\" alt=\"\" width=\"150\" height=\"150\" \/><span style=\"font-size: small;\">Les deux devises profitent encore largement d\u2019une conjoncture \u00e9conomique des plus favorables. Monnaie unique et billet vert continuent \u00e0 rebondir sur le large tremplin des d\u00e9cisions annonc\u00e9es par <strong>Mario Draghi<\/strong>, pr\u00e9sident de la banque centrale europ\u00e9enne, jeudi dernier, suivies, d\u00e8s le lendemain, par une batterie de r\u00e9sultats \u00e9conomiques am\u00e9ricains au sommet de leur forme.<\/span>    <span style=\"font-size: small;\"> La solidit\u00e9 de ce tremplin est d\u2019ailleurs telle que m\u00eame les derni\u00e8res nouvelles \u2013peu encourageantes- en provenance de la zone euro, ne r\u00e9ussissent pas \u00e0 ralentir la course de la devise unique. Les experts de <strong>Saxo Banque<\/strong> rappellent en effet que \u00ab\u00a0<em>suite aux \u00e9l\u00e9ments conjoncturels intervenus depuis le d\u00e9but de l&rsquo;ann\u00e9e, la Banque mondiale a d\u00fb revoir \u00e0 la baisse ses pr\u00e9visions de croissance, en passant de<strong> 3,2%<\/strong> en janvier, \u00e0 <strong>2,8%<\/strong><\/em>\u00a0\u00bb. Toutefois, la Banque Mondiale explique simplement cette r\u00e9vision \u00e0 la baisse de ses sp\u00e9culations par la situation dans les pays \u00e9mergents et non par celle des \u00e9conomies industrialis\u00e9es. En d\u00e9pit de cette r\u00e9action rassurante, \u00ab\u00a0<em>cette nouvelle information n&rsquo;a pas \u00e9t\u00e9 bien accueille par les investisseurs, qui ont pr\u00e9f\u00e9r\u00e9 r\u00e9duire leur app\u00e9tit pour le risque<\/em>\u00a0\u00bb. De quoi probablement booster la performance du march\u00e9 aurif\u00e8re, dans les jours \u00e0 venir.<\/span>    <span style=\"font-size: small;\"> C\u00f4t\u00e9 am\u00e9ricain,<strong> Aurel BGC<\/strong> soulignent que \u00ab\u00a0<em>les donn\u00e9es disponibles sur la consommation des m\u00e9nages sont tr\u00e8s positives et militent pour de solides ventes sur le mois de mai<\/em>\u00a0\u00bb. Il faudra \u00e9galement attendre de voir l\u2019impact de l\u2019annonce des r\u00e9sultats relatifs aux stocks des entreprises aux <strong>Etats-Unis<\/strong> pour <strong>avril<\/strong>.<\/span><\/p>\n<!-- AddThis Advanced Settings generic via filter on the_content --><!-- AddThis Share Buttons generic via filter on the_content -->","protected":false},"excerpt":{"rendered":"<p>Les deux devises profitent encore largement d\u2019une conjoncture \u00e9conomique des plus favorables. Monnaie unique et billet vert continuent \u00e0 rebondir sur le large tremplin des d\u00e9cisions annonc\u00e9es par Mario Draghi, pr\u00e9sident de la banque centrale europ\u00e9enne, [&hellip;]<\/p>\n","protected":false},"author":18,"featured_media":10135,"comment_status":"open","ping_status":"open","sticky":false,"template":"","format":"standard","meta":{"_mbp_gutenberg_autopost":false,"_pgmb_is_evergreen":false,"_pgmb_ap_template_id":0,"footnotes":""},"categories":[6],"tags":[102,1000,103,242,95],"ppma_author":[2565],"class_list":["post-14889","post","type-post","status-publish","format-standard","has-post-thumbnail","hentry","category-articles-de-presse","tag-dollar","tag-economie","tag-euro","tag-europe","tag-marche-de-lor"],"yoast_head":"<!-- This site is optimized with the Yoast SEO plugin v26.9 - https:\/\/yoast.com\/product\/yoast-seo-wordpress\/ -->\n<title>Euro et dollar boost\u00e9s, sur fond de march\u00e9s m\u00e9fiants - Gold.fr<\/title>\n<meta name=\"robots\" content=\"index, follow, max-snippet:-1, max-image-preview:large, max-video-preview:-1\" \/>\n<link rel=\"canonical\" href=\"https:\/\/www.gold.fr\/news\/2014\/06\/13\/euro-et-dollar-boostes-sur-fond-de-marches-mefiants\/\" \/>\n<meta property=\"og:locale\" content=\"fr_FR\" \/>\n<meta property=\"og:type\" content=\"article\" \/>\n<meta property=\"og:title\" content=\"Euro et dollar boost\u00e9s, sur fond de march\u00e9s m\u00e9fiants - Gold.fr\" \/>\n<meta property=\"og:description\" content=\"Les deux devises profitent encore largement d\u2019une conjoncture \u00e9conomique des plus favorables. Monnaie unique et billet vert continuent \u00e0 rebondir sur le large tremplin des d\u00e9cisions annonc\u00e9es par Mario Draghi, pr\u00e9sident de la banque centrale europ\u00e9enne, [&hellip;]\" \/>\n<meta property=\"og:url\" content=\"https:\/\/www.gold.fr\/news\/2014\/06\/13\/euro-et-dollar-boostes-sur-fond-de-marches-mefiants\/\" \/>\n<meta property=\"og:site_name\" content=\"Gold.fr\" \/>\n<meta property=\"article:publisher\" content=\"https:\/\/www.facebook.com\/Goldfr\/\" \/>\n<meta property=\"article:published_time\" content=\"2014-06-13T07:00:47+00:00\" \/>\n<meta property=\"article:modified_time\" content=\"2017-11-02T10:39:27+00:00\" \/>\n<meta property=\"og:image\" content=\"https:\/\/www.gold.fr\/news\/wp-content\/uploads\/2010\/03\/dollar.jpg\" \/>\n\t<meta property=\"og:image:width\" content=\"600\" \/>\n\t<meta property=\"og:image:height\" content=\"450\" \/>\n\t<meta property=\"og:image:type\" content=\"image\/jpeg\" \/>\n<meta name=\"author\" content=\"Comptoir National de l&#039;Or\" \/>\n<meta name=\"twitter:card\" content=\"summary_large_image\" \/>\n<meta name=\"twitter:label1\" content=\"\u00c9crit par\" \/>\n\t<meta name=\"twitter:data1\" content=\"Comptoir National de l&#039;Or\" \/>\n\t<meta name=\"twitter:label2\" content=\"Dur\u00e9e de lecture estim\u00e9e\" \/>\n\t<meta name=\"twitter:data2\" content=\"1 minute\" \/>\n<script type=\"application\/ld+json\" class=\"yoast-schema-graph\">{\"@context\":\"https:\/\/schema.org\",\"@graph\":[{\"@type\":\"Article\",\"@id\":\"https:\/\/www.gold.fr\/news\/2014\/06\/13\/euro-et-dollar-boostes-sur-fond-de-marches-mefiants\/#article\",\"isPartOf\":{\"@id\":\"https:\/\/www.gold.fr\/news\/2014\/06\/13\/euro-et-dollar-boostes-sur-fond-de-marches-mefiants\/\"},\"author\":{\"name\":\"Comptoir National de l'Or\",\"@id\":\"https:\/\/www.gold.fr\/news\/#\/schema\/person\/760ee7cec237915eebf2be78df0404c4\"},\"headline\":\"Euro et dollar boost\u00e9s, sur fond de march\u00e9s m\u00e9fiants\",\"datePublished\":\"2014-06-13T07:00:47+00:00\",\"dateModified\":\"2017-11-02T10:39:27+00:00\",\"mainEntityOfPage\":{\"@id\":\"https:\/\/www.gold.fr\/news\/2014\/06\/13\/euro-et-dollar-boostes-sur-fond-de-marches-mefiants\/\"},\"wordCount\":282,\"commentCount\":0,\"image\":{\"@id\":\"https:\/\/www.gold.fr\/news\/2014\/06\/13\/euro-et-dollar-boostes-sur-fond-de-marches-mefiants\/#primaryimage\"},\"thumbnailUrl\":\"https:\/\/www.gold.fr\/news\/wp-content\/uploads\/2010\/03\/dollar.jpg\",\"keywords\":[\"dollar\",\"\u00e9conomie\",\"euro\",\"europe\",\"march\u00e9 de l'or\"],\"articleSection\":[\"Articles de presse\"],\"inLanguage\":\"fr-FR\"},{\"@type\":\"WebPage\",\"@id\":\"https:\/\/www.gold.fr\/news\/2014\/06\/13\/euro-et-dollar-boostes-sur-fond-de-marches-mefiants\/\",\"url\":\"https:\/\/www.gold.fr\/news\/2014\/06\/13\/euro-et-dollar-boostes-sur-fond-de-marches-mefiants\/\",\"name\":\"Euro et dollar boost\u00e9s, sur fond de march\u00e9s m\u00e9fiants - Gold.fr\",\"isPartOf\":{\"@id\":\"https:\/\/www.gold.fr\/news\/#website\"},\"primaryImageOfPage\":{\"@id\":\"https:\/\/www.gold.fr\/news\/2014\/06\/13\/euro-et-dollar-boostes-sur-fond-de-marches-mefiants\/#primaryimage\"},\"image\":{\"@id\":\"https:\/\/www.gold.fr\/news\/2014\/06\/13\/euro-et-dollar-boostes-sur-fond-de-marches-mefiants\/#primaryimage\"},\"thumbnailUrl\":\"https:\/\/www.gold.fr\/news\/wp-content\/uploads\/2010\/03\/dollar.jpg\",\"datePublished\":\"2014-06-13T07:00:47+00:00\",\"dateModified\":\"2017-11-02T10:39:27+00:00\",\"author\":{\"@id\":\"https:\/\/www.gold.fr\/news\/#\/schema\/person\/760ee7cec237915eebf2be78df0404c4\"},\"breadcrumb\":{\"@id\":\"https:\/\/www.gold.fr\/news\/2014\/06\/13\/euro-et-dollar-boostes-sur-fond-de-marches-mefiants\/#breadcrumb\"},\"inLanguage\":\"fr-FR\",\"potentialAction\":[{\"@type\":\"ReadAction\",\"target\":[\"https:\/\/www.gold.fr\/news\/2014\/06\/13\/euro-et-dollar-boostes-sur-fond-de-marches-mefiants\/\"]}]},{\"@type\":\"ImageObject\",\"inLanguage\":\"fr-FR\",\"@id\":\"https:\/\/www.gold.fr\/news\/2014\/06\/13\/euro-et-dollar-boostes-sur-fond-de-marches-mefiants\/#primaryimage\",\"url\":\"https:\/\/www.gold.fr\/news\/wp-content\/uploads\/2010\/03\/dollar.jpg\",\"contentUrl\":\"https:\/\/www.gold.fr\/news\/wp-content\/uploads\/2010\/03\/dollar.jpg\",\"width\":\"600\",\"height\":\"450\",\"caption\":\"Un d\u00e9but de semaine tr\u00e8s calme\"},{\"@type\":\"BreadcrumbList\",\"@id\":\"https:\/\/www.gold.fr\/news\/2014\/06\/13\/euro-et-dollar-boostes-sur-fond-de-marches-mefiants\/#breadcrumb\",\"itemListElement\":[{\"@type\":\"ListItem\",\"position\":1,\"name\":\"Accueil\",\"item\":\"https:\/\/www.gold.fr\/\"},{\"@type\":\"ListItem\",\"position\":2,\"name\":\"Actualit\u00e9s\",\"item\":\"https:\/\/www.gold.fr\/news\/\"},{\"@type\":\"ListItem\",\"position\":3,\"name\":\"Euro et dollar boost\u00e9s, sur fond de march\u00e9s m\u00e9fiants\"}]},{\"@type\":\"WebSite\",\"@id\":\"https:\/\/www.gold.fr\/news\/#website\",\"url\":\"https:\/\/www.gold.fr\/news\/\",\"name\":\"Gold.fr\",\"description\":\"Actualit\u00e9s de l&#039;Or et des m\u00e9taux pr\u00e9cieux\",\"potentialAction\":[{\"@type\":\"SearchAction\",\"target\":{\"@type\":\"EntryPoint\",\"urlTemplate\":\"https:\/\/www.gold.fr\/news\/?s={search_term_string}\"},\"query-input\":{\"@type\":\"PropertyValueSpecification\",\"valueRequired\":true,\"valueName\":\"search_term_string\"}}],\"inLanguage\":\"fr-FR\"},{\"@type\":\"Person\",\"@id\":\"https:\/\/www.gold.fr\/news\/#\/schema\/person\/760ee7cec237915eebf2be78df0404c4\",\"name\":\"Comptoir National de l'Or\",\"image\":{\"@type\":\"ImageObject\",\"inLanguage\":\"fr-FR\",\"@id\":\"https:\/\/www.gold.fr\/news\/#\/schema\/person\/image\/c36675942654553a86039d2dfa93c740\",\"url\":\"https:\/\/secure.gravatar.com\/avatar\/713f289e398d35ead876c4a4cc08607f0d6d266058cfc25683fffb6092d0e572?s=96&d=mm&r=g\",\"contentUrl\":\"https:\/\/secure.gravatar.com\/avatar\/713f289e398d35ead876c4a4cc08607f0d6d266058cfc25683fffb6092d0e572?s=96&d=mm&r=g\",\"caption\":\"Comptoir National de l'Or\"},\"description\":\"Notre r\u00e9daction est constitu\u00e9e de membres experts dans les m\u00e9tiers de l'\u00e9conomie et la gestion, des Responsables d'agence Comptoir National de l'Or, des analystes financiers qui publient r\u00e9guli\u00e8rement des \u00e9tudes sur les politiques des banques centrales, le cours de l'or, prix de l'or, cours de l'argent, prix de l'argent, cours du platine, cours du palladium,... la situation en zone euro et l'impact de la strat\u00e9gie mon\u00e9taire de la FED. Notre \u00e9quipe scrute \u00e9galement une information plus g\u00e9n\u00e9raliste \u00e0 la recherche d'actualit\u00e9 \\\"p\u00e9pite\\\" \u00e0 vous partager. Depuis 5 ans, nous avons publi\u00e9 un peu plus de 4000 articles qui s'adressent \u00e0 un public large et vari\u00e9 ayant pour objectif de satisfaire votre curiosit\u00e9 et de partager avec vous une certaine fascination pour le m\u00e9tal jaune, le rachat d'or, et pour ceux qui veulent investir dans l'or, vendre leur or tout simplement en savoir plus... Pour tous vos achat or et argent, n'h\u00e9sitez pas \u00e0 prendre rendez-vous dans l'un de nos nombreux comptoirs.\",\"sameAs\":[\"https:\/\/www.gold.fr\"]}]}<\/script>\n<!-- \/ Yoast SEO plugin. -->","yoast_head_json":{"title":"Euro et dollar boost\u00e9s, sur fond de march\u00e9s m\u00e9fiants - Gold.fr","robots":{"index":"index","follow":"follow","max-snippet":"max-snippet:-1","max-image-preview":"max-image-preview:large","max-video-preview":"max-video-preview:-1"},"canonical":"https:\/\/www.gold.fr\/news\/2014\/06\/13\/euro-et-dollar-boostes-sur-fond-de-marches-mefiants\/","og_locale":"fr_FR","og_type":"article","og_title":"Euro et dollar boost\u00e9s, sur fond de march\u00e9s m\u00e9fiants - Gold.fr","og_description":"Les deux devises profitent encore largement d\u2019une conjoncture \u00e9conomique des plus favorables. Monnaie unique et billet vert continuent \u00e0 rebondir sur le large tremplin des d\u00e9cisions annonc\u00e9es par Mario Draghi, pr\u00e9sident de la banque centrale europ\u00e9enne, [&hellip;]","og_url":"https:\/\/www.gold.fr\/news\/2014\/06\/13\/euro-et-dollar-boostes-sur-fond-de-marches-mefiants\/","og_site_name":"Gold.fr","article_publisher":"https:\/\/www.facebook.com\/Goldfr\/","article_published_time":"2014-06-13T07:00:47+00:00","article_modified_time":"2017-11-02T10:39:27+00:00","og_image":[{"width":600,"height":450,"url":"https:\/\/www.gold.fr\/news\/wp-content\/uploads\/2010\/03\/dollar.jpg","type":"image\/jpeg"}],"author":"Comptoir National de l'Or","twitter_card":"summary_large_image","twitter_misc":{"\u00c9crit par":"Comptoir National de l'Or","Dur\u00e9e de lecture estim\u00e9e":"1 minute"},"schema":{"@context":"https:\/\/schema.org","@graph":[{"@type":"Article","@id":"https:\/\/www.gold.fr\/news\/2014\/06\/13\/euro-et-dollar-boostes-sur-fond-de-marches-mefiants\/#article","isPartOf":{"@id":"https:\/\/www.gold.fr\/news\/2014\/06\/13\/euro-et-dollar-boostes-sur-fond-de-marches-mefiants\/"},"author":{"name":"Comptoir National de l'Or","@id":"https:\/\/www.gold.fr\/news\/#\/schema\/person\/760ee7cec237915eebf2be78df0404c4"},"headline":"Euro et dollar boost\u00e9s, sur fond de march\u00e9s m\u00e9fiants","datePublished":"2014-06-13T07:00:47+00:00","dateModified":"2017-11-02T10:39:27+00:00","mainEntityOfPage":{"@id":"https:\/\/www.gold.fr\/news\/2014\/06\/13\/euro-et-dollar-boostes-sur-fond-de-marches-mefiants\/"},"wordCount":282,"commentCount":0,"image":{"@id":"https:\/\/www.gold.fr\/news\/2014\/06\/13\/euro-et-dollar-boostes-sur-fond-de-marches-mefiants\/#primaryimage"},"thumbnailUrl":"https:\/\/www.gold.fr\/news\/wp-content\/uploads\/2010\/03\/dollar.jpg","keywords":["dollar","\u00e9conomie","euro","europe","march\u00e9 de l'or"],"articleSection":["Articles de presse"],"inLanguage":"fr-FR"},{"@type":"WebPage","@id":"https:\/\/www.gold.fr\/news\/2014\/06\/13\/euro-et-dollar-boostes-sur-fond-de-marches-mefiants\/","url":"https:\/\/www.gold.fr\/news\/2014\/06\/13\/euro-et-dollar-boostes-sur-fond-de-marches-mefiants\/","name":"Euro et dollar boost\u00e9s, sur fond de march\u00e9s m\u00e9fiants - Gold.fr","isPartOf":{"@id":"https:\/\/www.gold.fr\/news\/#website"},"primaryImageOfPage":{"@id":"https:\/\/www.gold.fr\/news\/2014\/06\/13\/euro-et-dollar-boostes-sur-fond-de-marches-mefiants\/#primaryimage"},"image":{"@id":"https:\/\/www.gold.fr\/news\/2014\/06\/13\/euro-et-dollar-boostes-sur-fond-de-marches-mefiants\/#primaryimage"},"thumbnailUrl":"https:\/\/www.gold.fr\/news\/wp-content\/uploads\/2010\/03\/dollar.jpg","datePublished":"2014-06-13T07:00:47+00:00","dateModified":"2017-11-02T10:39:27+00:00","author":{"@id":"https:\/\/www.gold.fr\/news\/#\/schema\/person\/760ee7cec237915eebf2be78df0404c4"},"breadcrumb":{"@id":"https:\/\/www.gold.fr\/news\/2014\/06\/13\/euro-et-dollar-boostes-sur-fond-de-marches-mefiants\/#breadcrumb"},"inLanguage":"fr-FR","potentialAction":[{"@type":"ReadAction","target":["https:\/\/www.gold.fr\/news\/2014\/06\/13\/euro-et-dollar-boostes-sur-fond-de-marches-mefiants\/"]}]},{"@type":"ImageObject","inLanguage":"fr-FR","@id":"https:\/\/www.gold.fr\/news\/2014\/06\/13\/euro-et-dollar-boostes-sur-fond-de-marches-mefiants\/#primaryimage","url":"https:\/\/www.gold.fr\/news\/wp-content\/uploads\/2010\/03\/dollar.jpg","contentUrl":"https:\/\/www.gold.fr\/news\/wp-content\/uploads\/2010\/03\/dollar.jpg","width":"600","height":"450","caption":"Un d\u00e9but de semaine tr\u00e8s calme"},{"@type":"BreadcrumbList","@id":"https:\/\/www.gold.fr\/news\/2014\/06\/13\/euro-et-dollar-boostes-sur-fond-de-marches-mefiants\/#breadcrumb","itemListElement":[{"@type":"ListItem","position":1,"name":"Accueil","item":"https:\/\/www.gold.fr\/"},{"@type":"ListItem","position":2,"name":"Actualit\u00e9s","item":"https:\/\/www.gold.fr\/news\/"},{"@type":"ListItem","position":3,"name":"Euro et dollar boost\u00e9s, sur fond de march\u00e9s m\u00e9fiants"}]},{"@type":"WebSite","@id":"https:\/\/www.gold.fr\/news\/#website","url":"https:\/\/www.gold.fr\/news\/","name":"Gold.fr","description":"Actualit\u00e9s de l&#039;Or et des m\u00e9taux pr\u00e9cieux","potentialAction":[{"@type":"SearchAction","target":{"@type":"EntryPoint","urlTemplate":"https:\/\/www.gold.fr\/news\/?s={search_term_string}"},"query-input":{"@type":"PropertyValueSpecification","valueRequired":true,"valueName":"search_term_string"}}],"inLanguage":"fr-FR"},{"@type":"Person","@id":"https:\/\/www.gold.fr\/news\/#\/schema\/person\/760ee7cec237915eebf2be78df0404c4","name":"Comptoir National de l'Or","image":{"@type":"ImageObject","inLanguage":"fr-FR","@id":"https:\/\/www.gold.fr\/news\/#\/schema\/person\/image\/c36675942654553a86039d2dfa93c740","url":"https:\/\/secure.gravatar.com\/avatar\/713f289e398d35ead876c4a4cc08607f0d6d266058cfc25683fffb6092d0e572?s=96&d=mm&r=g","contentUrl":"https:\/\/secure.gravatar.com\/avatar\/713f289e398d35ead876c4a4cc08607f0d6d266058cfc25683fffb6092d0e572?s=96&d=mm&r=g","caption":"Comptoir National de l'Or"},"description":"Notre r\u00e9daction est constitu\u00e9e de membres experts dans les m\u00e9tiers de l'\u00e9conomie et la gestion, des Responsables d'agence Comptoir National de l'Or, des analystes financiers qui publient r\u00e9guli\u00e8rement des \u00e9tudes sur les politiques des banques centrales, le cours de l'or, prix de l'or, cours de l'argent, prix de l'argent, cours du platine, cours du palladium,... la situation en zone euro et l'impact de la strat\u00e9gie mon\u00e9taire de la FED. Notre \u00e9quipe scrute \u00e9galement une information plus g\u00e9n\u00e9raliste \u00e0 la recherche d'actualit\u00e9 \"p\u00e9pite\" \u00e0 vous partager. Depuis 5 ans, nous avons publi\u00e9 un peu plus de 4000 articles qui s'adressent \u00e0 un public large et vari\u00e9 ayant pour objectif de satisfaire votre curiosit\u00e9 et de partager avec vous une certaine fascination pour le m\u00e9tal jaune, le rachat d'or, et pour ceux qui veulent investir dans l'or, vendre leur or tout simplement en savoir plus... Pour tous vos achat or et argent, n'h\u00e9sitez pas \u00e0 prendre rendez-vous dans l'un de nos nombreux comptoirs.","sameAs":["https:\/\/www.gold.fr"]}]}},"authors":[{"term_id":2565,"user_id":18,"is_guest":0,"slug":"julie","display_name":"Comptoir National de l'Or","avatar_url":"https:\/\/secure.gravatar.com\/avatar\/713f289e398d35ead876c4a4cc08607f0d6d266058cfc25683fffb6092d0e572?s=96&d=mm&r=g","0":null,"1":"","2":"","3":"","4":"","5":"","6":"","7":"","8":""}],"_links":{"self":[{"href":"https:\/\/www.gold.fr\/news\/wp-json\/wp\/v2\/posts\/14889","targetHints":{"allow":["GET"]}}],"collection":[{"href":"https:\/\/www.gold.fr\/news\/wp-json\/wp\/v2\/posts"}],"about":[{"href":"https:\/\/www.gold.fr\/news\/wp-json\/wp\/v2\/types\/post"}],"author":[{"embeddable":true,"href":"https:\/\/www.gold.fr\/news\/wp-json\/wp\/v2\/users\/18"}],"replies":[{"embeddable":true,"href":"https:\/\/www.gold.fr\/news\/wp-json\/wp\/v2\/comments?post=14889"}],"version-history":[{"count":0,"href":"https:\/\/www.gold.fr\/news\/wp-json\/wp\/v2\/posts\/14889\/revisions"}],"wp:featuredmedia":[{"embeddable":true,"href":"https:\/\/www.gold.fr\/news\/wp-json\/wp\/v2\/media\/10135"}],"wp:attachment":[{"href":"https:\/\/www.gold.fr\/news\/wp-json\/wp\/v2\/media?parent=14889"}],"wp:term":[{"taxonomy":"category","embeddable":true,"href":"https:\/\/www.gold.fr\/news\/wp-json\/wp\/v2\/categories?post=14889"},{"taxonomy":"post_tag","embeddable":true,"href":"https:\/\/www.gold.fr\/news\/wp-json\/wp\/v2\/tags?post=14889"},{"taxonomy":"author","embeddable":true,"href":"https:\/\/www.gold.fr\/news\/wp-json\/wp\/v2\/ppma_author?post=14889"}],"curies":[{"name":"wp","href":"https:\/\/api.w.org\/{rel}","templated":true}]}}