{"id":14878,"date":"2014-06-11T17:00:54","date_gmt":"2014-06-11T15:00:54","guid":{"rendered":"https:\/\/www.gold.fr\/news\/?p=14878"},"modified":"2017-11-02T11:31:44","modified_gmt":"2017-11-02T10:31:44","slug":"evolution-de-lor-le-debut-de-la-hausse","status":"publish","type":"post","link":"https:\/\/www.gold.fr\/news\/2014\/06\/11\/evolution-de-lor-le-debut-de-la-hausse\/","title":{"rendered":"Evolution de l\u2019or : Le d\u00e9but de la hausse ?"},"content":{"rendered":"<p><img loading=\"lazy\" decoding=\"async\" class=\"alignleft size-thumbnail wp-image-2965\" title=\"Evolution de l\u2019or : Le d\u00e9but de la hausse ?\" src=\"https:\/\/www.gold.fr\/news\/wp-content\/uploads\/2011\/10\/78327213-150x150.jpg\" alt=\"\" width=\"150\" height=\"150\" \/><span style=\"font-size: small;\">En tout cas, le bilan de cette semaine boursi\u00e8re devrait s&rsquo;inscrire dans le vert, pour le march\u00e9 aurif\u00e8re. Et si le <a href='https:\/\/www.gold.fr\/news\/tags\/or' class='esk-seo-plu-link'>m\u00e9tal jaune<\/a> maintient la tendance haussi\u00e8re \u2013lente mais sure- du moment, il est m\u00eame possible de voir son cours fr\u00f4ler le palier des <strong>1300 dollars<\/strong> <a title=\"Prix de l'Once d'or\" href=\"https:\/\/www.gold.fr\/once-en\/\" target=\"_blank\">l\u2019once<\/a>, d&rsquo;ici la fin de la semaine prochaine. Une finalit\u00e9 \u00e0 court terme qui demeure li\u00e9e \u00e0 bien trop de facteurs dont, essentiellement, le maintien de la stabilit\u00e9 du paysage \u00e9conomique mondial dans sa globalit\u00e9.<\/span>    <span style=\"font-size: small;\"> <a title=\"L\u2019or de retour vers la hausse\" href=\"https:\/\/www.gold.fr\/news\/2014\/06\/11\/lor-de-retour-vers-la-hausse-2\/14875\/\" target=\"_blank\">Naviguant actuellement au-dessus des <strong>1 260 dollars<\/strong> l\u2019once<\/a>, le <a href='https:\/\/www.gold.fr\/news\/tags\/or' class='esk-seo-plu-link'>m\u00e9tal jaune<\/a> quitte ainsi la charni\u00e8re correctionnelle qui avait plomb\u00e9 l&rsquo;ensemble du march\u00e9, durant plus de trois semaines, et s&rsquo;\u00e9loigne \u00e9galement, dans la foul\u00e9e, d&rsquo;un niveau (celui de moins de <strong>1 250 dollars<\/strong>) qui repr\u00e9sentait sa pire performance des 4 derniers mois. Rappelons \u00e9galement qu&rsquo;un rapport officiel confirmait r\u00e9cemment que la relique barbare avait marqu\u00e9 une baisse mensuelle globale de<strong> 3,3%<\/strong>, durant le mois de <strong>mai 2014<\/strong>.<\/span>    <span style=\"font-size: small;\"> Par ailleurs, bon nombre d&rsquo;experts estiment que les prix exceptionnellement accessibles du march\u00e9 aurif\u00e8re, en ce moment, pourraient bien \u00ab <em>stimuler l&rsquo;achat d&rsquo;<a href='https:\/\/www.gold.fr\/news\/tags\/or' class='esk-seo-plu-link'>or<\/a> physique sur les march\u00e9s \u00e9mergents, notamment en <strong>Chine<\/strong>, le plus gros consommateur mondial<\/em> \u00bb.<\/span>    <span style=\"font-size: small;\"> La grande question tourne toutefois actuellement autour de la stabilit\u00e9 de cette tendance haussi\u00e8re du march\u00e9 de l&rsquo;<a href='https:\/\/www.gold.fr\/news\/tags\/or' class='esk-seo-plu-link'>or<\/a>. Le spectre des facteurs de baisse, \u00e0 court terme, continue en effet de planer au-dessus du cours, dont, notamment, la chute \u00e9ventuelle de l&rsquo;euro et la tendance g\u00e9n\u00e9rale des prochaines publications macro-\u00e9conomiques am\u00e9ricaines.<\/span><\/p>\n<!-- AddThis Advanced Settings generic via filter on the_content --><!-- AddThis Share Buttons generic via filter on the_content -->","protected":false},"excerpt":{"rendered":"<p>En tout cas, le bilan de cette semaine boursi\u00e8re devrait s&rsquo;inscrire dans le vert, pour le march\u00e9 aurif\u00e8re. Et si le m\u00e9tal jaune maintient la tendance haussi\u00e8re \u2013lente mais sure- du moment, il est m\u00eame possible [&hellip;]<\/p>\n","protected":false},"author":18,"featured_media":2965,"comment_status":"open","ping_status":"open","sticky":false,"template":"","format":"standard","meta":{"_mbp_gutenberg_autopost":false,"_pgmb_is_evergreen":false,"_pgmb_ap_template_id":0,"footnotes":""},"categories":[6],"tags":[1167,1045,932,900,962],"ppma_author":[2565],"class_list":["post-14878","post","type-post","status-publish","format-standard","has-post-thumbnail","hentry","category-articles-de-presse","tag-evolution-or","tag-hausse-or","tag-metal-jaune","tag-once-or","tag-prix-or"],"yoast_head":"<!-- This site is optimized with the Yoast SEO plugin v26.9 - https:\/\/yoast.com\/product\/yoast-seo-wordpress\/ -->\n<title>Evolution de l\u2019or : Le d\u00e9but de la hausse ? - Gold.fr<\/title>\n<meta name=\"robots\" content=\"index, follow, max-snippet:-1, max-image-preview:large, max-video-preview:-1\" \/>\n<link rel=\"canonical\" href=\"https:\/\/www.gold.fr\/news\/2014\/06\/11\/evolution-de-lor-le-debut-de-la-hausse\/\" \/>\n<meta property=\"og:locale\" content=\"fr_FR\" \/>\n<meta property=\"og:type\" content=\"article\" \/>\n<meta property=\"og:title\" content=\"Evolution de l\u2019or : Le d\u00e9but de la hausse ? - Gold.fr\" \/>\n<meta property=\"og:description\" content=\"En tout cas, le bilan de cette semaine boursi\u00e8re devrait s&rsquo;inscrire dans le vert, pour le march\u00e9 aurif\u00e8re. Et si le m\u00e9tal jaune maintient la tendance haussi\u00e8re \u2013lente mais sure- du moment, il est m\u00eame possible [&hellip;]\" \/>\n<meta property=\"og:url\" content=\"https:\/\/www.gold.fr\/news\/2014\/06\/11\/evolution-de-lor-le-debut-de-la-hausse\/\" \/>\n<meta property=\"og:site_name\" content=\"Gold.fr\" \/>\n<meta property=\"article:publisher\" content=\"https:\/\/www.facebook.com\/Goldfr\/\" \/>\n<meta property=\"article:published_time\" content=\"2014-06-11T15:00:54+00:00\" \/>\n<meta property=\"article:modified_time\" content=\"2017-11-02T10:31:44+00:00\" \/>\n<meta property=\"og:image\" content=\"https:\/\/www.gold.fr\/news\/wp-content\/uploads\/2011\/10\/78327213.jpg\" \/>\n\t<meta property=\"og:image:width\" content=\"600\" \/>\n\t<meta property=\"og:image:height\" content=\"429\" \/>\n\t<meta property=\"og:image:type\" content=\"image\/jpeg\" \/>\n<meta name=\"author\" content=\"Comptoir National de l&#039;Or\" \/>\n<meta name=\"twitter:card\" content=\"summary_large_image\" \/>\n<meta name=\"twitter:label1\" content=\"\u00c9crit par\" \/>\n\t<meta name=\"twitter:data1\" content=\"Comptoir National de l&#039;Or\" \/>\n\t<meta name=\"twitter:label2\" content=\"Dur\u00e9e de lecture estim\u00e9e\" \/>\n\t<meta name=\"twitter:data2\" content=\"1 minute\" \/>\n<script type=\"application\/ld+json\" class=\"yoast-schema-graph\">{\"@context\":\"https:\/\/schema.org\",\"@graph\":[{\"@type\":\"Article\",\"@id\":\"https:\/\/www.gold.fr\/news\/2014\/06\/11\/evolution-de-lor-le-debut-de-la-hausse\/#article\",\"isPartOf\":{\"@id\":\"https:\/\/www.gold.fr\/news\/2014\/06\/11\/evolution-de-lor-le-debut-de-la-hausse\/\"},\"author\":{\"name\":\"Comptoir National de l'Or\",\"@id\":\"https:\/\/www.gold.fr\/news\/#\/schema\/person\/760ee7cec237915eebf2be78df0404c4\"},\"headline\":\"Evolution de l\u2019or : Le d\u00e9but de la hausse ?\",\"datePublished\":\"2014-06-11T15:00:54+00:00\",\"dateModified\":\"2017-11-02T10:31:44+00:00\",\"mainEntityOfPage\":{\"@id\":\"https:\/\/www.gold.fr\/news\/2014\/06\/11\/evolution-de-lor-le-debut-de-la-hausse\/\"},\"wordCount\":274,\"commentCount\":1,\"image\":{\"@id\":\"https:\/\/www.gold.fr\/news\/2014\/06\/11\/evolution-de-lor-le-debut-de-la-hausse\/#primaryimage\"},\"thumbnailUrl\":\"https:\/\/www.gold.fr\/news\/wp-content\/uploads\/2011\/10\/78327213.jpg\",\"keywords\":[\"evolution or\",\"hausse or\",\"M\u00e9tal jaune\",\"Once or\",\"prix or\"],\"articleSection\":[\"Articles de presse\"],\"inLanguage\":\"fr-FR\"},{\"@type\":\"WebPage\",\"@id\":\"https:\/\/www.gold.fr\/news\/2014\/06\/11\/evolution-de-lor-le-debut-de-la-hausse\/\",\"url\":\"https:\/\/www.gold.fr\/news\/2014\/06\/11\/evolution-de-lor-le-debut-de-la-hausse\/\",\"name\":\"Evolution de l\u2019or : Le d\u00e9but de la hausse ? - Gold.fr\",\"isPartOf\":{\"@id\":\"https:\/\/www.gold.fr\/news\/#website\"},\"primaryImageOfPage\":{\"@id\":\"https:\/\/www.gold.fr\/news\/2014\/06\/11\/evolution-de-lor-le-debut-de-la-hausse\/#primaryimage\"},\"image\":{\"@id\":\"https:\/\/www.gold.fr\/news\/2014\/06\/11\/evolution-de-lor-le-debut-de-la-hausse\/#primaryimage\"},\"thumbnailUrl\":\"https:\/\/www.gold.fr\/news\/wp-content\/uploads\/2011\/10\/78327213.jpg\",\"datePublished\":\"2014-06-11T15:00:54+00:00\",\"dateModified\":\"2017-11-02T10:31:44+00:00\",\"author\":{\"@id\":\"https:\/\/www.gold.fr\/news\/#\/schema\/person\/760ee7cec237915eebf2be78df0404c4\"},\"breadcrumb\":{\"@id\":\"https:\/\/www.gold.fr\/news\/2014\/06\/11\/evolution-de-lor-le-debut-de-la-hausse\/#breadcrumb\"},\"inLanguage\":\"fr-FR\",\"potentialAction\":[{\"@type\":\"ReadAction\",\"target\":[\"https:\/\/www.gold.fr\/news\/2014\/06\/11\/evolution-de-lor-le-debut-de-la-hausse\/\"]}]},{\"@type\":\"ImageObject\",\"inLanguage\":\"fr-FR\",\"@id\":\"https:\/\/www.gold.fr\/news\/2014\/06\/11\/evolution-de-lor-le-debut-de-la-hausse\/#primaryimage\",\"url\":\"https:\/\/www.gold.fr\/news\/wp-content\/uploads\/2011\/10\/78327213.jpg\",\"contentUrl\":\"https:\/\/www.gold.fr\/news\/wp-content\/uploads\/2011\/10\/78327213.jpg\",\"width\":\"600\",\"height\":\"429\",\"caption\":\"Un calendrier hebdomadaire tr\u00e8s charg\u00e9\"},{\"@type\":\"BreadcrumbList\",\"@id\":\"https:\/\/www.gold.fr\/news\/2014\/06\/11\/evolution-de-lor-le-debut-de-la-hausse\/#breadcrumb\",\"itemListElement\":[{\"@type\":\"ListItem\",\"position\":1,\"name\":\"Accueil\",\"item\":\"https:\/\/www.gold.fr\/\"},{\"@type\":\"ListItem\",\"position\":2,\"name\":\"Actualit\u00e9s\",\"item\":\"https:\/\/www.gold.fr\/news\/\"},{\"@type\":\"ListItem\",\"position\":3,\"name\":\"Evolution de l\u2019or : Le d\u00e9but de la hausse ?\"}]},{\"@type\":\"WebSite\",\"@id\":\"https:\/\/www.gold.fr\/news\/#website\",\"url\":\"https:\/\/www.gold.fr\/news\/\",\"name\":\"Gold.fr\",\"description\":\"Actualit\u00e9s de l&#039;Or et des m\u00e9taux pr\u00e9cieux\",\"potentialAction\":[{\"@type\":\"SearchAction\",\"target\":{\"@type\":\"EntryPoint\",\"urlTemplate\":\"https:\/\/www.gold.fr\/news\/?s={search_term_string}\"},\"query-input\":{\"@type\":\"PropertyValueSpecification\",\"valueRequired\":true,\"valueName\":\"search_term_string\"}}],\"inLanguage\":\"fr-FR\"},{\"@type\":\"Person\",\"@id\":\"https:\/\/www.gold.fr\/news\/#\/schema\/person\/760ee7cec237915eebf2be78df0404c4\",\"name\":\"Comptoir National de l'Or\",\"image\":{\"@type\":\"ImageObject\",\"inLanguage\":\"fr-FR\",\"@id\":\"https:\/\/www.gold.fr\/news\/#\/schema\/person\/image\/c36675942654553a86039d2dfa93c740\",\"url\":\"https:\/\/secure.gravatar.com\/avatar\/713f289e398d35ead876c4a4cc08607f0d6d266058cfc25683fffb6092d0e572?s=96&d=mm&r=g\",\"contentUrl\":\"https:\/\/secure.gravatar.com\/avatar\/713f289e398d35ead876c4a4cc08607f0d6d266058cfc25683fffb6092d0e572?s=96&d=mm&r=g\",\"caption\":\"Comptoir National de l'Or\"},\"description\":\"Notre r\u00e9daction est constitu\u00e9e de membres experts dans les m\u00e9tiers de l'\u00e9conomie et la gestion, des Responsables d'agence Comptoir National de l'Or, des analystes financiers qui publient r\u00e9guli\u00e8rement des \u00e9tudes sur les politiques des banques centrales, le cours de l'or, prix de l'or, cours de l'argent, prix de l'argent, cours du platine, cours du palladium,... la situation en zone euro et l'impact de la strat\u00e9gie mon\u00e9taire de la FED. Notre \u00e9quipe scrute \u00e9galement une information plus g\u00e9n\u00e9raliste \u00e0 la recherche d'actualit\u00e9 \\\"p\u00e9pite\\\" \u00e0 vous partager. Depuis 5 ans, nous avons publi\u00e9 un peu plus de 4000 articles qui s'adressent \u00e0 un public large et vari\u00e9 ayant pour objectif de satisfaire votre curiosit\u00e9 et de partager avec vous une certaine fascination pour le m\u00e9tal jaune, le rachat d'or, et pour ceux qui veulent investir dans l'or, vendre leur or tout simplement en savoir plus... Pour tous vos achat or et argent, n'h\u00e9sitez pas \u00e0 prendre rendez-vous dans l'un de nos nombreux comptoirs.\",\"sameAs\":[\"https:\/\/www.gold.fr\"]}]}<\/script>\n<!-- \/ Yoast SEO plugin. -->","yoast_head_json":{"title":"Evolution de l\u2019or : Le d\u00e9but de la hausse ? - Gold.fr","robots":{"index":"index","follow":"follow","max-snippet":"max-snippet:-1","max-image-preview":"max-image-preview:large","max-video-preview":"max-video-preview:-1"},"canonical":"https:\/\/www.gold.fr\/news\/2014\/06\/11\/evolution-de-lor-le-debut-de-la-hausse\/","og_locale":"fr_FR","og_type":"article","og_title":"Evolution de l\u2019or : Le d\u00e9but de la hausse ? - Gold.fr","og_description":"En tout cas, le bilan de cette semaine boursi\u00e8re devrait s&rsquo;inscrire dans le vert, pour le march\u00e9 aurif\u00e8re. Et si le m\u00e9tal jaune maintient la tendance haussi\u00e8re \u2013lente mais sure- du moment, il est m\u00eame possible [&hellip;]","og_url":"https:\/\/www.gold.fr\/news\/2014\/06\/11\/evolution-de-lor-le-debut-de-la-hausse\/","og_site_name":"Gold.fr","article_publisher":"https:\/\/www.facebook.com\/Goldfr\/","article_published_time":"2014-06-11T15:00:54+00:00","article_modified_time":"2017-11-02T10:31:44+00:00","og_image":[{"width":600,"height":429,"url":"https:\/\/www.gold.fr\/news\/wp-content\/uploads\/2011\/10\/78327213.jpg","type":"image\/jpeg"}],"author":"Comptoir National de l'Or","twitter_card":"summary_large_image","twitter_misc":{"\u00c9crit par":"Comptoir National de l'Or","Dur\u00e9e de lecture estim\u00e9e":"1 minute"},"schema":{"@context":"https:\/\/schema.org","@graph":[{"@type":"Article","@id":"https:\/\/www.gold.fr\/news\/2014\/06\/11\/evolution-de-lor-le-debut-de-la-hausse\/#article","isPartOf":{"@id":"https:\/\/www.gold.fr\/news\/2014\/06\/11\/evolution-de-lor-le-debut-de-la-hausse\/"},"author":{"name":"Comptoir National de l'Or","@id":"https:\/\/www.gold.fr\/news\/#\/schema\/person\/760ee7cec237915eebf2be78df0404c4"},"headline":"Evolution de l\u2019or : Le d\u00e9but de la hausse ?","datePublished":"2014-06-11T15:00:54+00:00","dateModified":"2017-11-02T10:31:44+00:00","mainEntityOfPage":{"@id":"https:\/\/www.gold.fr\/news\/2014\/06\/11\/evolution-de-lor-le-debut-de-la-hausse\/"},"wordCount":274,"commentCount":1,"image":{"@id":"https:\/\/www.gold.fr\/news\/2014\/06\/11\/evolution-de-lor-le-debut-de-la-hausse\/#primaryimage"},"thumbnailUrl":"https:\/\/www.gold.fr\/news\/wp-content\/uploads\/2011\/10\/78327213.jpg","keywords":["evolution or","hausse or","M\u00e9tal jaune","Once or","prix or"],"articleSection":["Articles de presse"],"inLanguage":"fr-FR"},{"@type":"WebPage","@id":"https:\/\/www.gold.fr\/news\/2014\/06\/11\/evolution-de-lor-le-debut-de-la-hausse\/","url":"https:\/\/www.gold.fr\/news\/2014\/06\/11\/evolution-de-lor-le-debut-de-la-hausse\/","name":"Evolution de l\u2019or : Le d\u00e9but de la hausse ? - Gold.fr","isPartOf":{"@id":"https:\/\/www.gold.fr\/news\/#website"},"primaryImageOfPage":{"@id":"https:\/\/www.gold.fr\/news\/2014\/06\/11\/evolution-de-lor-le-debut-de-la-hausse\/#primaryimage"},"image":{"@id":"https:\/\/www.gold.fr\/news\/2014\/06\/11\/evolution-de-lor-le-debut-de-la-hausse\/#primaryimage"},"thumbnailUrl":"https:\/\/www.gold.fr\/news\/wp-content\/uploads\/2011\/10\/78327213.jpg","datePublished":"2014-06-11T15:00:54+00:00","dateModified":"2017-11-02T10:31:44+00:00","author":{"@id":"https:\/\/www.gold.fr\/news\/#\/schema\/person\/760ee7cec237915eebf2be78df0404c4"},"breadcrumb":{"@id":"https:\/\/www.gold.fr\/news\/2014\/06\/11\/evolution-de-lor-le-debut-de-la-hausse\/#breadcrumb"},"inLanguage":"fr-FR","potentialAction":[{"@type":"ReadAction","target":["https:\/\/www.gold.fr\/news\/2014\/06\/11\/evolution-de-lor-le-debut-de-la-hausse\/"]}]},{"@type":"ImageObject","inLanguage":"fr-FR","@id":"https:\/\/www.gold.fr\/news\/2014\/06\/11\/evolution-de-lor-le-debut-de-la-hausse\/#primaryimage","url":"https:\/\/www.gold.fr\/news\/wp-content\/uploads\/2011\/10\/78327213.jpg","contentUrl":"https:\/\/www.gold.fr\/news\/wp-content\/uploads\/2011\/10\/78327213.jpg","width":"600","height":"429","caption":"Un calendrier hebdomadaire tr\u00e8s charg\u00e9"},{"@type":"BreadcrumbList","@id":"https:\/\/www.gold.fr\/news\/2014\/06\/11\/evolution-de-lor-le-debut-de-la-hausse\/#breadcrumb","itemListElement":[{"@type":"ListItem","position":1,"name":"Accueil","item":"https:\/\/www.gold.fr\/"},{"@type":"ListItem","position":2,"name":"Actualit\u00e9s","item":"https:\/\/www.gold.fr\/news\/"},{"@type":"ListItem","position":3,"name":"Evolution de l\u2019or : Le d\u00e9but de la hausse ?"}]},{"@type":"WebSite","@id":"https:\/\/www.gold.fr\/news\/#website","url":"https:\/\/www.gold.fr\/news\/","name":"Gold.fr","description":"Actualit\u00e9s de l&#039;Or et des m\u00e9taux pr\u00e9cieux","potentialAction":[{"@type":"SearchAction","target":{"@type":"EntryPoint","urlTemplate":"https:\/\/www.gold.fr\/news\/?s={search_term_string}"},"query-input":{"@type":"PropertyValueSpecification","valueRequired":true,"valueName":"search_term_string"}}],"inLanguage":"fr-FR"},{"@type":"Person","@id":"https:\/\/www.gold.fr\/news\/#\/schema\/person\/760ee7cec237915eebf2be78df0404c4","name":"Comptoir National de l'Or","image":{"@type":"ImageObject","inLanguage":"fr-FR","@id":"https:\/\/www.gold.fr\/news\/#\/schema\/person\/image\/c36675942654553a86039d2dfa93c740","url":"https:\/\/secure.gravatar.com\/avatar\/713f289e398d35ead876c4a4cc08607f0d6d266058cfc25683fffb6092d0e572?s=96&d=mm&r=g","contentUrl":"https:\/\/secure.gravatar.com\/avatar\/713f289e398d35ead876c4a4cc08607f0d6d266058cfc25683fffb6092d0e572?s=96&d=mm&r=g","caption":"Comptoir National de l'Or"},"description":"Notre r\u00e9daction est constitu\u00e9e de membres experts dans les m\u00e9tiers de l'\u00e9conomie et la gestion, des Responsables d'agence Comptoir National de l'Or, des analystes financiers qui publient r\u00e9guli\u00e8rement des \u00e9tudes sur les politiques des banques centrales, le cours de l'or, prix de l'or, cours de l'argent, prix de l'argent, cours du platine, cours du palladium,... la situation en zone euro et l'impact de la strat\u00e9gie mon\u00e9taire de la FED. Notre \u00e9quipe scrute \u00e9galement une information plus g\u00e9n\u00e9raliste \u00e0 la recherche d'actualit\u00e9 \"p\u00e9pite\" \u00e0 vous partager. Depuis 5 ans, nous avons publi\u00e9 un peu plus de 4000 articles qui s'adressent \u00e0 un public large et vari\u00e9 ayant pour objectif de satisfaire votre curiosit\u00e9 et de partager avec vous une certaine fascination pour le m\u00e9tal jaune, le rachat d'or, et pour ceux qui veulent investir dans l'or, vendre leur or tout simplement en savoir plus... Pour tous vos achat or et argent, n'h\u00e9sitez pas \u00e0 prendre rendez-vous dans l'un de nos nombreux comptoirs.","sameAs":["https:\/\/www.gold.fr"]}]}},"authors":[{"term_id":2565,"user_id":18,"is_guest":0,"slug":"julie","display_name":"Comptoir National de l'Or","avatar_url":"https:\/\/secure.gravatar.com\/avatar\/713f289e398d35ead876c4a4cc08607f0d6d266058cfc25683fffb6092d0e572?s=96&d=mm&r=g","0":null,"1":"","2":"","3":"","4":"","5":"","6":"","7":"","8":""}],"_links":{"self":[{"href":"https:\/\/www.gold.fr\/news\/wp-json\/wp\/v2\/posts\/14878","targetHints":{"allow":["GET"]}}],"collection":[{"href":"https:\/\/www.gold.fr\/news\/wp-json\/wp\/v2\/posts"}],"about":[{"href":"https:\/\/www.gold.fr\/news\/wp-json\/wp\/v2\/types\/post"}],"author":[{"embeddable":true,"href":"https:\/\/www.gold.fr\/news\/wp-json\/wp\/v2\/users\/18"}],"replies":[{"embeddable":true,"href":"https:\/\/www.gold.fr\/news\/wp-json\/wp\/v2\/comments?post=14878"}],"version-history":[{"count":0,"href":"https:\/\/www.gold.fr\/news\/wp-json\/wp\/v2\/posts\/14878\/revisions"}],"wp:featuredmedia":[{"embeddable":true,"href":"https:\/\/www.gold.fr\/news\/wp-json\/wp\/v2\/media\/2965"}],"wp:attachment":[{"href":"https:\/\/www.gold.fr\/news\/wp-json\/wp\/v2\/media?parent=14878"}],"wp:term":[{"taxonomy":"category","embeddable":true,"href":"https:\/\/www.gold.fr\/news\/wp-json\/wp\/v2\/categories?post=14878"},{"taxonomy":"post_tag","embeddable":true,"href":"https:\/\/www.gold.fr\/news\/wp-json\/wp\/v2\/tags?post=14878"},{"taxonomy":"author","embeddable":true,"href":"https:\/\/www.gold.fr\/news\/wp-json\/wp\/v2\/ppma_author?post=14878"}],"curies":[{"name":"wp","href":"https:\/\/api.w.org\/{rel}","templated":true}]}}