{"id":14868,"date":"2014-06-10T17:00:54","date_gmt":"2014-06-10T15:00:54","guid":{"rendered":"https:\/\/www.gold.fr\/news\/?p=14868"},"modified":"2017-11-02T11:39:29","modified_gmt":"2017-11-02T10:39:29","slug":"des-marches-calmes-et-peu-dindicateurs-en-vue","status":"publish","type":"post","link":"https:\/\/www.gold.fr\/news\/2014\/06\/10\/des-marches-calmes-et-peu-dindicateurs-en-vue\/","title":{"rendered":"Des march\u00e9s calmes et peu d\u2019indicateurs en vue"},"content":{"rendered":"<p><span style=\"font-size: small;\"><img loading=\"lazy\" decoding=\"async\" class=\"alignleft size-thumbnail wp-image-7719\" title=\"Des march\u00e9s calmes et peu d\u2019indicateurs en vue\" src=\"https:\/\/www.gold.fr\/news\/wp-content\/uploads\/2012\/05\/Achat-Or-150x150.jpg\" alt=\"\" width=\"150\" height=\"150\" \/>C\u2019est dans un calme presqu\u2019absolu que les march\u00e9s ont d\u00e9but\u00e9 cette nouvelle semaine boursi\u00e8re. Apr\u00e8s les montagnes russes de la semaine derni\u00e8re (<strong>BCE<\/strong>, <strong>FED<\/strong>, <strong>Asie<\/strong>\u2026), l\u2019heure est manifestement \u00e0 un apaisement g\u00e9n\u00e9ralis\u00e9 qui appelle au bilan, m\u00eame si la tendance globale demeure ind\u00e9niablement la hausse.<\/span>    <span style=\"font-size: small;\">Les march\u00e9s continuent en effet \u00e0 surfer sur la vague euphorique soulev\u00e9e par les nouvelles annonc\u00e9es jeudi et vendredi derniers (nouvelles mesures accommodantes de la banque centrale europ\u00e9enne et rapport tr\u00e8s positif de l\u2019emploi am\u00e9ricain), m\u00eame si c\u2019est une vague qui perd actuellement en vitesse et en hauteur.<\/span>    <span style=\"font-size: small;\">Pour <strong>Chris Beauchamp<\/strong>, analyste march\u00e9s chez <strong>IG<\/strong>, tout d\u00e9pendra de l\u2019impact des prochains indicateurs attendus, d\u2019ici la fin de la semaine. Il souligne que \u00ab\u00a0<em>bien que le tableau de la semaine derni\u00e8re soit de nature \u00e0 soutenir les march\u00e9s, les jours qui viennent ne seront pas aussi encourageants : seules les ventes de d\u00e9tail aux Etats-Unis et au Japon en deuxi\u00e8me partie de semaine offrent des espoirs de catalyseurs positifs\u00a0<\/em>\u00bb.<\/span>    <span style=\"font-size: small;\">Pour l\u2019heure, il ne faudra pas trop s\u2019attendre \u00e0 une activit\u00e9 mouvement\u00e9e sur les march\u00e9s, dans la mesure o\u00f9 les indicateurs \u00e9conomiques eux-m\u00eames se font assez rares.<\/span>    <span style=\"font-size: small;\">Les seuls rapports attendus, d\u2019ici jeudi, sont ceux relatifs \u00e0 la production industrielle (en <strong>France<\/strong> et au <strong>Royaume Uni<\/strong>, ainsi que dans l\u2019ensemble du <strong>bloc euro<\/strong>), et aux prix \u00e0 l&rsquo;importation et \u00e0 la production US.<\/span>    <span style=\"font-size: small;\">De son c\u00f4t\u00e9, <strong>Wall Street<\/strong> maintient un rythme de croisi\u00e8re, avec \u00ab<em>\u00a0des indices am\u00e9ricains poursuivant un cycle haussier qui s&rsquo;\u00e9tend d\u00e9sormais sur 15 s\u00e9ances<\/em>\u00a0\u00bb.<\/span>    &nbsp;<\/p>\n<!-- AddThis Advanced Settings generic via filter on the_content --><!-- AddThis Share Buttons generic via filter on the_content -->","protected":false},"excerpt":{"rendered":"<p>C\u2019est dans un calme presqu\u2019absolu que les march\u00e9s ont d\u00e9but\u00e9 cette nouvelle semaine boursi\u00e8re. Apr\u00e8s les montagnes russes de la semaine derni\u00e8re (BCE, FED, Asie\u2026), l\u2019heure est manifestement \u00e0 un apaisement g\u00e9n\u00e9ralis\u00e9 qui appelle au bilan, [&hellip;]<\/p>\n","protected":false},"author":18,"featured_media":7719,"comment_status":"open","ping_status":"open","sticky":false,"template":"","format":"standard","meta":{"_mbp_gutenberg_autopost":false,"_pgmb_is_evergreen":false,"_pgmb_ap_template_id":0,"footnotes":""},"categories":[6],"tags":[143,1393,1000,1105,144,1649,534],"ppma_author":[2565],"class_list":["post-14868","post","type-post","status-publish","format-standard","has-post-thumbnail","hentry","category-articles-de-presse","tag-bce","tag-bloc-euro","tag-economie","tag-emploi-us","tag-fed","tag-marches","tag-wall-street"],"yoast_head":"<!-- This site is optimized with the Yoast SEO plugin v27.5 - https:\/\/yoast.com\/product\/yoast-seo-wordpress\/ -->\n<title>Des march\u00e9s calmes et peu d\u2019indicateurs en vue - Gold.fr<\/title>\n<meta name=\"robots\" content=\"index, follow, max-snippet:-1, max-image-preview:large, max-video-preview:-1\" \/>\n<link rel=\"canonical\" href=\"https:\/\/www.gold.fr\/news\/2014\/06\/10\/des-marches-calmes-et-peu-dindicateurs-en-vue\/\" \/>\n<meta property=\"og:locale\" content=\"fr_FR\" \/>\n<meta property=\"og:type\" content=\"article\" \/>\n<meta property=\"og:title\" content=\"Des march\u00e9s calmes et peu d\u2019indicateurs en vue - Gold.fr\" \/>\n<meta property=\"og:description\" content=\"C\u2019est dans un calme presqu\u2019absolu que les march\u00e9s ont d\u00e9but\u00e9 cette nouvelle semaine boursi\u00e8re. Apr\u00e8s les montagnes russes de la semaine derni\u00e8re (BCE, FED, Asie\u2026), l\u2019heure est manifestement \u00e0 un apaisement g\u00e9n\u00e9ralis\u00e9 qui appelle au bilan, [&hellip;]\" \/>\n<meta property=\"og:url\" content=\"https:\/\/www.gold.fr\/news\/2014\/06\/10\/des-marches-calmes-et-peu-dindicateurs-en-vue\/\" \/>\n<meta property=\"og:site_name\" content=\"Gold.fr\" \/>\n<meta property=\"article:publisher\" content=\"https:\/\/www.facebook.com\/Goldfr\/\" \/>\n<meta property=\"article:published_time\" content=\"2014-06-10T15:00:54+00:00\" \/>\n<meta property=\"article:modified_time\" content=\"2017-11-02T10:39:29+00:00\" \/>\n<meta property=\"og:image\" content=\"https:\/\/www.gold.fr\/news\/wp-content\/uploads\/2012\/05\/Achat-Or.jpg\" \/>\n\t<meta property=\"og:image:width\" content=\"600\" \/>\n\t<meta property=\"og:image:height\" content=\"400\" \/>\n\t<meta property=\"og:image:type\" content=\"image\/jpeg\" \/>\n<meta name=\"author\" content=\"Comptoir National de l&#039;Or\" \/>\n<meta name=\"twitter:card\" content=\"summary_large_image\" \/>\n<meta name=\"twitter:label1\" content=\"\u00c9crit par\" \/>\n\t<meta name=\"twitter:data1\" content=\"Comptoir National de l&#039;Or\" \/>\n\t<meta name=\"twitter:label2\" content=\"Dur\u00e9e de lecture estim\u00e9e\" \/>\n\t<meta name=\"twitter:data2\" content=\"1 minute\" \/>\n<script type=\"application\/ld+json\" class=\"yoast-schema-graph\">{\"@context\":\"https:\\\/\\\/schema.org\",\"@graph\":[{\"@type\":\"Article\",\"@id\":\"https:\\\/\\\/www.gold.fr\\\/news\\\/2014\\\/06\\\/10\\\/des-marches-calmes-et-peu-dindicateurs-en-vue\\\/#article\",\"isPartOf\":{\"@id\":\"https:\\\/\\\/www.gold.fr\\\/news\\\/2014\\\/06\\\/10\\\/des-marches-calmes-et-peu-dindicateurs-en-vue\\\/\"},\"author\":{\"name\":\"Comptoir National de l'Or\",\"@id\":\"https:\\\/\\\/www.gold.fr\\\/news\\\/#\\\/schema\\\/person\\\/070491b4b4fb7671bf59b3be20302ce9\"},\"headline\":\"Des march\u00e9s calmes et peu d\u2019indicateurs en vue\",\"datePublished\":\"2014-06-10T15:00:54+00:00\",\"dateModified\":\"2017-11-02T10:39:29+00:00\",\"mainEntityOfPage\":{\"@id\":\"https:\\\/\\\/www.gold.fr\\\/news\\\/2014\\\/06\\\/10\\\/des-marches-calmes-et-peu-dindicateurs-en-vue\\\/\"},\"wordCount\":295,\"commentCount\":0,\"image\":{\"@id\":\"https:\\\/\\\/www.gold.fr\\\/news\\\/2014\\\/06\\\/10\\\/des-marches-calmes-et-peu-dindicateurs-en-vue\\\/#primaryimage\"},\"thumbnailUrl\":\"https:\\\/\\\/www.gold.fr\\\/news\\\/wp-content\\\/uploads\\\/2012\\\/05\\\/Achat-Or.jpg\",\"keywords\":[\"bce\",\"bloc euro\",\"\u00e9conomie\",\"emploi US\",\"fed\",\"march\u00e9s\",\"wall street\"],\"articleSection\":[\"Articles de presse\"],\"inLanguage\":\"fr-FR\"},{\"@type\":\"WebPage\",\"@id\":\"https:\\\/\\\/www.gold.fr\\\/news\\\/2014\\\/06\\\/10\\\/des-marches-calmes-et-peu-dindicateurs-en-vue\\\/\",\"url\":\"https:\\\/\\\/www.gold.fr\\\/news\\\/2014\\\/06\\\/10\\\/des-marches-calmes-et-peu-dindicateurs-en-vue\\\/\",\"name\":\"Des march\u00e9s calmes et peu d\u2019indicateurs en vue - Gold.fr\",\"isPartOf\":{\"@id\":\"https:\\\/\\\/www.gold.fr\\\/news\\\/#website\"},\"primaryImageOfPage\":{\"@id\":\"https:\\\/\\\/www.gold.fr\\\/news\\\/2014\\\/06\\\/10\\\/des-marches-calmes-et-peu-dindicateurs-en-vue\\\/#primaryimage\"},\"image\":{\"@id\":\"https:\\\/\\\/www.gold.fr\\\/news\\\/2014\\\/06\\\/10\\\/des-marches-calmes-et-peu-dindicateurs-en-vue\\\/#primaryimage\"},\"thumbnailUrl\":\"https:\\\/\\\/www.gold.fr\\\/news\\\/wp-content\\\/uploads\\\/2012\\\/05\\\/Achat-Or.jpg\",\"datePublished\":\"2014-06-10T15:00:54+00:00\",\"dateModified\":\"2017-11-02T10:39:29+00:00\",\"author\":{\"@id\":\"https:\\\/\\\/www.gold.fr\\\/news\\\/#\\\/schema\\\/person\\\/070491b4b4fb7671bf59b3be20302ce9\"},\"breadcrumb\":{\"@id\":\"https:\\\/\\\/www.gold.fr\\\/news\\\/2014\\\/06\\\/10\\\/des-marches-calmes-et-peu-dindicateurs-en-vue\\\/#breadcrumb\"},\"inLanguage\":\"fr-FR\",\"potentialAction\":[{\"@type\":\"ReadAction\",\"target\":[\"https:\\\/\\\/www.gold.fr\\\/news\\\/2014\\\/06\\\/10\\\/des-marches-calmes-et-peu-dindicateurs-en-vue\\\/\"]}]},{\"@type\":\"ImageObject\",\"inLanguage\":\"fr-FR\",\"@id\":\"https:\\\/\\\/www.gold.fr\\\/news\\\/2014\\\/06\\\/10\\\/des-marches-calmes-et-peu-dindicateurs-en-vue\\\/#primaryimage\",\"url\":\"https:\\\/\\\/www.gold.fr\\\/news\\\/wp-content\\\/uploads\\\/2012\\\/05\\\/Achat-Or.jpg\",\"contentUrl\":\"https:\\\/\\\/www.gold.fr\\\/news\\\/wp-content\\\/uploads\\\/2012\\\/05\\\/Achat-Or.jpg\",\"width\":\"600\",\"height\":\"400\",\"caption\":\"Baisse conjoncturelle de l'once\"},{\"@type\":\"BreadcrumbList\",\"@id\":\"https:\\\/\\\/www.gold.fr\\\/news\\\/2014\\\/06\\\/10\\\/des-marches-calmes-et-peu-dindicateurs-en-vue\\\/#breadcrumb\",\"itemListElement\":[{\"@type\":\"ListItem\",\"position\":1,\"name\":\"Accueil\",\"item\":\"https:\\\/\\\/www.gold.fr\\\/\"},{\"@type\":\"ListItem\",\"position\":2,\"name\":\"Actualit\u00e9s\",\"item\":\"https:\\\/\\\/www.gold.fr\\\/news\\\/\"},{\"@type\":\"ListItem\",\"position\":3,\"name\":\"Des march\u00e9s calmes et peu d\u2019indicateurs en vue\"}]},{\"@type\":\"WebSite\",\"@id\":\"https:\\\/\\\/www.gold.fr\\\/news\\\/#website\",\"url\":\"https:\\\/\\\/www.gold.fr\\\/news\\\/\",\"name\":\"Gold.fr\",\"description\":\"Actualit\u00e9s de l&#039;Or et des m\u00e9taux pr\u00e9cieux\",\"potentialAction\":[{\"@type\":\"SearchAction\",\"target\":{\"@type\":\"EntryPoint\",\"urlTemplate\":\"https:\\\/\\\/www.gold.fr\\\/news\\\/?s={search_term_string}\"},\"query-input\":{\"@type\":\"PropertyValueSpecification\",\"valueRequired\":true,\"valueName\":\"search_term_string\"}}],\"inLanguage\":\"fr-FR\"},{\"@type\":\"Person\",\"@id\":\"https:\\\/\\\/www.gold.fr\\\/news\\\/#\\\/schema\\\/person\\\/070491b4b4fb7671bf59b3be20302ce9\",\"name\":\"Comptoir National de l'Or\",\"image\":{\"@type\":\"ImageObject\",\"inLanguage\":\"fr-FR\",\"@id\":\"https:\\\/\\\/secure.gravatar.com\\\/avatar\\\/0a2867fd5abe37bed95d5a65e9d58f01756e11efc68af9888dfc50cfa7f65948?s=96&d=mm&r=gb490554db0a38188709de567aa58480d\",\"url\":\"https:\\\/\\\/secure.gravatar.com\\\/avatar\\\/0a2867fd5abe37bed95d5a65e9d58f01756e11efc68af9888dfc50cfa7f65948?s=96&d=mm&r=g\",\"contentUrl\":\"https:\\\/\\\/secure.gravatar.com\\\/avatar\\\/0a2867fd5abe37bed95d5a65e9d58f01756e11efc68af9888dfc50cfa7f65948?s=96&d=mm&r=g\",\"caption\":\"Comptoir National de l'Or\"},\"description\":\"Notre r\u00e9daction est constitu\u00e9e de membres experts dans les m\u00e9tiers de l'\u00e9conomie et la gestion, des Responsables d'agence Comptoir National de l'Or, des analystes financiers qui publient r\u00e9guli\u00e8rement des \u00e9tudes sur les politiques des banques centrales, le cours de l'or, prix de l'or, cours de l'argent, prix de l'argent, cours du platine, cours du palladium,... la situation en zone euro et l'impact de la strat\u00e9gie mon\u00e9taire de la FED. Notre \u00e9quipe scrute \u00e9galement une information plus g\u00e9n\u00e9raliste \u00e0 la recherche d'actualit\u00e9 \\\"p\u00e9pite\\\" \u00e0 vous partager. Depuis 5 ans, nous avons publi\u00e9 un peu plus de 4000 articles qui s'adressent \u00e0 un public large et vari\u00e9 ayant pour objectif de satisfaire votre curiosit\u00e9 et de partager avec vous une certaine fascination pour le m\u00e9tal jaune, le rachat d'or, et pour ceux qui veulent investir dans l'or, vendre leur or tout simplement en savoir plus... Pour tous vos achat or et argent, n'h\u00e9sitez pas \u00e0 prendre rendez-vous dans l'un de nos nombreux comptoirs.\",\"sameAs\":[\"https:\\\/\\\/www.gold.fr\"]}]}<\/script>\n<!-- \/ Yoast SEO plugin. -->","yoast_head_json":{"title":"Des march\u00e9s calmes et peu d\u2019indicateurs en vue - Gold.fr","robots":{"index":"index","follow":"follow","max-snippet":"max-snippet:-1","max-image-preview":"max-image-preview:large","max-video-preview":"max-video-preview:-1"},"canonical":"https:\/\/www.gold.fr\/news\/2014\/06\/10\/des-marches-calmes-et-peu-dindicateurs-en-vue\/","og_locale":"fr_FR","og_type":"article","og_title":"Des march\u00e9s calmes et peu d\u2019indicateurs en vue - Gold.fr","og_description":"C\u2019est dans un calme presqu\u2019absolu que les march\u00e9s ont d\u00e9but\u00e9 cette nouvelle semaine boursi\u00e8re. Apr\u00e8s les montagnes russes de la semaine derni\u00e8re (BCE, FED, Asie\u2026), l\u2019heure est manifestement \u00e0 un apaisement g\u00e9n\u00e9ralis\u00e9 qui appelle au bilan, [&hellip;]","og_url":"https:\/\/www.gold.fr\/news\/2014\/06\/10\/des-marches-calmes-et-peu-dindicateurs-en-vue\/","og_site_name":"Gold.fr","article_publisher":"https:\/\/www.facebook.com\/Goldfr\/","article_published_time":"2014-06-10T15:00:54+00:00","article_modified_time":"2017-11-02T10:39:29+00:00","og_image":[{"width":600,"height":400,"url":"https:\/\/www.gold.fr\/news\/wp-content\/uploads\/2012\/05\/Achat-Or.jpg","type":"image\/jpeg"}],"author":"Comptoir National de l'Or","twitter_card":"summary_large_image","twitter_misc":{"\u00c9crit par":"Comptoir National de l'Or","Dur\u00e9e de lecture estim\u00e9e":"1 minute"},"schema":{"@context":"https:\/\/schema.org","@graph":[{"@type":"Article","@id":"https:\/\/www.gold.fr\/news\/2014\/06\/10\/des-marches-calmes-et-peu-dindicateurs-en-vue\/#article","isPartOf":{"@id":"https:\/\/www.gold.fr\/news\/2014\/06\/10\/des-marches-calmes-et-peu-dindicateurs-en-vue\/"},"author":{"name":"Comptoir National de l'Or","@id":"https:\/\/www.gold.fr\/news\/#\/schema\/person\/070491b4b4fb7671bf59b3be20302ce9"},"headline":"Des march\u00e9s calmes et peu d\u2019indicateurs en vue","datePublished":"2014-06-10T15:00:54+00:00","dateModified":"2017-11-02T10:39:29+00:00","mainEntityOfPage":{"@id":"https:\/\/www.gold.fr\/news\/2014\/06\/10\/des-marches-calmes-et-peu-dindicateurs-en-vue\/"},"wordCount":295,"commentCount":0,"image":{"@id":"https:\/\/www.gold.fr\/news\/2014\/06\/10\/des-marches-calmes-et-peu-dindicateurs-en-vue\/#primaryimage"},"thumbnailUrl":"https:\/\/www.gold.fr\/news\/wp-content\/uploads\/2012\/05\/Achat-Or.jpg","keywords":["bce","bloc euro","\u00e9conomie","emploi US","fed","march\u00e9s","wall street"],"articleSection":["Articles de presse"],"inLanguage":"fr-FR"},{"@type":"WebPage","@id":"https:\/\/www.gold.fr\/news\/2014\/06\/10\/des-marches-calmes-et-peu-dindicateurs-en-vue\/","url":"https:\/\/www.gold.fr\/news\/2014\/06\/10\/des-marches-calmes-et-peu-dindicateurs-en-vue\/","name":"Des march\u00e9s calmes et peu d\u2019indicateurs en vue - Gold.fr","isPartOf":{"@id":"https:\/\/www.gold.fr\/news\/#website"},"primaryImageOfPage":{"@id":"https:\/\/www.gold.fr\/news\/2014\/06\/10\/des-marches-calmes-et-peu-dindicateurs-en-vue\/#primaryimage"},"image":{"@id":"https:\/\/www.gold.fr\/news\/2014\/06\/10\/des-marches-calmes-et-peu-dindicateurs-en-vue\/#primaryimage"},"thumbnailUrl":"https:\/\/www.gold.fr\/news\/wp-content\/uploads\/2012\/05\/Achat-Or.jpg","datePublished":"2014-06-10T15:00:54+00:00","dateModified":"2017-11-02T10:39:29+00:00","author":{"@id":"https:\/\/www.gold.fr\/news\/#\/schema\/person\/070491b4b4fb7671bf59b3be20302ce9"},"breadcrumb":{"@id":"https:\/\/www.gold.fr\/news\/2014\/06\/10\/des-marches-calmes-et-peu-dindicateurs-en-vue\/#breadcrumb"},"inLanguage":"fr-FR","potentialAction":[{"@type":"ReadAction","target":["https:\/\/www.gold.fr\/news\/2014\/06\/10\/des-marches-calmes-et-peu-dindicateurs-en-vue\/"]}]},{"@type":"ImageObject","inLanguage":"fr-FR","@id":"https:\/\/www.gold.fr\/news\/2014\/06\/10\/des-marches-calmes-et-peu-dindicateurs-en-vue\/#primaryimage","url":"https:\/\/www.gold.fr\/news\/wp-content\/uploads\/2012\/05\/Achat-Or.jpg","contentUrl":"https:\/\/www.gold.fr\/news\/wp-content\/uploads\/2012\/05\/Achat-Or.jpg","width":"600","height":"400","caption":"Baisse conjoncturelle de l'once"},{"@type":"BreadcrumbList","@id":"https:\/\/www.gold.fr\/news\/2014\/06\/10\/des-marches-calmes-et-peu-dindicateurs-en-vue\/#breadcrumb","itemListElement":[{"@type":"ListItem","position":1,"name":"Accueil","item":"https:\/\/www.gold.fr\/"},{"@type":"ListItem","position":2,"name":"Actualit\u00e9s","item":"https:\/\/www.gold.fr\/news\/"},{"@type":"ListItem","position":3,"name":"Des march\u00e9s calmes et peu d\u2019indicateurs en vue"}]},{"@type":"WebSite","@id":"https:\/\/www.gold.fr\/news\/#website","url":"https:\/\/www.gold.fr\/news\/","name":"Gold.fr","description":"Actualit\u00e9s de l&#039;Or et des m\u00e9taux pr\u00e9cieux","potentialAction":[{"@type":"SearchAction","target":{"@type":"EntryPoint","urlTemplate":"https:\/\/www.gold.fr\/news\/?s={search_term_string}"},"query-input":{"@type":"PropertyValueSpecification","valueRequired":true,"valueName":"search_term_string"}}],"inLanguage":"fr-FR"},{"@type":"Person","@id":"https:\/\/www.gold.fr\/news\/#\/schema\/person\/070491b4b4fb7671bf59b3be20302ce9","name":"Comptoir National de l'Or","image":{"@type":"ImageObject","inLanguage":"fr-FR","@id":"https:\/\/secure.gravatar.com\/avatar\/0a2867fd5abe37bed95d5a65e9d58f01756e11efc68af9888dfc50cfa7f65948?s=96&d=mm&r=gb490554db0a38188709de567aa58480d","url":"https:\/\/secure.gravatar.com\/avatar\/0a2867fd5abe37bed95d5a65e9d58f01756e11efc68af9888dfc50cfa7f65948?s=96&d=mm&r=g","contentUrl":"https:\/\/secure.gravatar.com\/avatar\/0a2867fd5abe37bed95d5a65e9d58f01756e11efc68af9888dfc50cfa7f65948?s=96&d=mm&r=g","caption":"Comptoir National de l'Or"},"description":"Notre r\u00e9daction est constitu\u00e9e de membres experts dans les m\u00e9tiers de l'\u00e9conomie et la gestion, des Responsables d'agence Comptoir National de l'Or, des analystes financiers qui publient r\u00e9guli\u00e8rement des \u00e9tudes sur les politiques des banques centrales, le cours de l'or, prix de l'or, cours de l'argent, prix de l'argent, cours du platine, cours du palladium,... la situation en zone euro et l'impact de la strat\u00e9gie mon\u00e9taire de la FED. Notre \u00e9quipe scrute \u00e9galement une information plus g\u00e9n\u00e9raliste \u00e0 la recherche d'actualit\u00e9 \"p\u00e9pite\" \u00e0 vous partager. Depuis 5 ans, nous avons publi\u00e9 un peu plus de 4000 articles qui s'adressent \u00e0 un public large et vari\u00e9 ayant pour objectif de satisfaire votre curiosit\u00e9 et de partager avec vous une certaine fascination pour le m\u00e9tal jaune, le rachat d'or, et pour ceux qui veulent investir dans l'or, vendre leur or tout simplement en savoir plus... Pour tous vos achat or et argent, n'h\u00e9sitez pas \u00e0 prendre rendez-vous dans l'un de nos nombreux comptoirs.","sameAs":["https:\/\/www.gold.fr"]}]}},"authors":[{"term_id":2565,"user_id":18,"is_guest":0,"slug":"julie","display_name":"Comptoir National de l'Or","avatar_url":"https:\/\/secure.gravatar.com\/avatar\/713f289e398d35ead876c4a4cc08607f0d6d266058cfc25683fffb6092d0e572?s=96&d=mm&r=g","0":null,"1":"","2":"","3":"","4":"","5":"","6":"","7":"","8":""}],"_links":{"self":[{"href":"https:\/\/www.gold.fr\/news\/wp-json\/wp\/v2\/posts\/14868","targetHints":{"allow":["GET"]}}],"collection":[{"href":"https:\/\/www.gold.fr\/news\/wp-json\/wp\/v2\/posts"}],"about":[{"href":"https:\/\/www.gold.fr\/news\/wp-json\/wp\/v2\/types\/post"}],"author":[{"embeddable":true,"href":"https:\/\/www.gold.fr\/news\/wp-json\/wp\/v2\/users\/18"}],"replies":[{"embeddable":true,"href":"https:\/\/www.gold.fr\/news\/wp-json\/wp\/v2\/comments?post=14868"}],"version-history":[{"count":0,"href":"https:\/\/www.gold.fr\/news\/wp-json\/wp\/v2\/posts\/14868\/revisions"}],"wp:featuredmedia":[{"embeddable":true,"href":"https:\/\/www.gold.fr\/news\/wp-json\/wp\/v2\/media\/7719"}],"wp:attachment":[{"href":"https:\/\/www.gold.fr\/news\/wp-json\/wp\/v2\/media?parent=14868"}],"wp:term":[{"taxonomy":"category","embeddable":true,"href":"https:\/\/www.gold.fr\/news\/wp-json\/wp\/v2\/categories?post=14868"},{"taxonomy":"post_tag","embeddable":true,"href":"https:\/\/www.gold.fr\/news\/wp-json\/wp\/v2\/tags?post=14868"},{"taxonomy":"author","embeddable":true,"href":"https:\/\/www.gold.fr\/news\/wp-json\/wp\/v2\/ppma_author?post=14868"}],"curies":[{"name":"wp","href":"https:\/\/api.w.org\/{rel}","templated":true}]}}