{"id":14862,"date":"2014-06-09T17:00:16","date_gmt":"2014-06-09T15:00:16","guid":{"rendered":"https:\/\/www.gold.fr\/news\/?p=14862"},"modified":"2021-09-23T09:43:03","modified_gmt":"2021-09-23T07:43:03","slug":"les-decisions-de-la-bce-au-soutien-de-lor","status":"publish","type":"post","link":"https:\/\/www.gold.fr\/news\/2014\/06\/09\/les-decisions-de-la-bce-au-soutien-de-lor\/","title":{"rendered":"Les d\u00e9cisions de la BCE au soutien de l\u2019or"},"content":{"rendered":"<p><img loading=\"lazy\" decoding=\"async\" class=\"alignleft size-thumbnail wp-image-5011\" title=\"Les d\u00e9cisions de la BCE au soutien de l\u2019or\" src=\"https:\/\/www.gold.fr\/news\/wp-content\/uploads\/2012\/01\/Europe-150x150.jpg\" alt=\"\" width=\"150\" height=\"150\" \/><span style=\"font-size: small;\">Et il ne s&rsquo;agit pas que de la r\u00e9cente annonce relative \u00e0 l&rsquo;assouplissement de la politique mon\u00e9taire de l&rsquo;institution. La banque centrale europ\u00e9enne semble s&rsquo;\u00eatre fix\u00e9e pour but, durant ce deuxi\u00e8me semestre <strong>2014<\/strong>, de soutenir le march\u00e9 aurif\u00e8re, par tous les moyens mis \u00e0 sa disposition.<\/span> <span style=\"font-size: small;\"> Rappelez-vous ; il y a quelques semaines, la <strong>BCE<\/strong> annon\u00e7ait \u00ab<em> la prolongation d&rsquo;un accord quinquennal sur la limitation des <a title=\"Vente d'Or\" href=\"https:\/\/www.gold.fr\/vente-or\/\" target=\"_blank\" rel=\"noopener\">ventes d&rsquo;or<\/a> <\/em>\u00bb, impliquant l&rsquo;engagement de pas moins de 21 signataires ; la Banque centrale europ\u00e9enne, les banques centrales des 18 \u00e9tats du bloc euro, la <strong>BNS<\/strong> (banque nationale suisse), ainsi que la <strong>Riksbank<\/strong> (banque centrale su\u00e9doise). Le communiqu\u00e9 de la <strong>BCE<\/strong> stipulait d&rsquo;ailleurs que les pays signataires n&rsquo;avaient, pour le moment aucun \u00ab<em> projet de vente de montants significatifs d&rsquo;<a class=\"esk-seo-plu-link\" href=\"https:\/\/www.gold.fr\/news\/tags\/or\">or<\/a> <\/em>\u00bb, indiquant donc, au pire un statut quo, et au mieux, une tendance acheteuse. La reconduction de l&rsquo;accord entrera en vigueur le <strong>27 septembre 2014<\/strong>, pour une nouvelle dur\u00e9e de<strong> 5 ans<\/strong>.<\/span> <span style=\"font-size: small;\"> A peine un mois plus tard, <strong>Mario Draghi<\/strong> et son conseil des gouverneurs reviennent \u00e0 la charge, avec cette fois-ci, une autre annonce concernant la baisse \u00ab <em>de dix points de base son taux d&rsquo;int\u00e9r\u00eat des op\u00e9rations principales de refinancement, \u00e0 <strong>0,15%<\/strong>, de m\u00eame que sa facilit\u00e9 de d\u00e9p\u00f4t, \u00e0 <strong>-0,10%<\/strong><\/em> \u00bb, doubl\u00e9e d&rsquo;une r\u00e9duction de \u00ab<em> la facilit\u00e9 de pr\u00eat marginal de<strong> 35 points<\/strong> de base \u00e0 <strong>0,40% <\/strong><\/em>\u00bb. Un autre coup de pouce (celui-l\u00e0, indirect) au march\u00e9 aurif\u00e8re qui entrera en vigueur le <strong>11 juin 2014<\/strong>.<\/span><\/p>\n<!-- AddThis Advanced Settings generic via filter on the_content --><!-- AddThis Share Buttons generic via filter on the_content -->","protected":false},"excerpt":{"rendered":"<p>Et il ne s&rsquo;agit pas que de la r\u00e9cente annonce relative \u00e0 l&rsquo;assouplissement de la politique mon\u00e9taire de l&rsquo;institution. La banque centrale europ\u00e9enne semble s&rsquo;\u00eatre fix\u00e9e pour but, durant ce deuxi\u00e8me semestre 2014, de soutenir le [&hellip;]<\/p>\n","protected":false},"author":18,"featured_media":5011,"comment_status":"closed","ping_status":"closed","sticky":false,"template":"","format":"standard","meta":{"_mbp_gutenberg_autopost":false,"_pgmb_is_evergreen":false,"_pgmb_ap_template_id":0,"footnotes":""},"categories":[6],"tags":[1358,242,1035,464],"ppma_author":[2565],"class_list":["post-14862","post","type-post","status-publish","format-standard","has-post-thumbnail","hentry","category-articles-de-presse","tag-decision-bce","tag-europe","tag-politique-monetaire","tag-vente-or"],"yoast_head":"<!-- This site is optimized with the Yoast SEO plugin v26.9 - https:\/\/yoast.com\/product\/yoast-seo-wordpress\/ -->\n<title>Les d\u00e9cisions de la BCE au soutien de l\u2019or, limitation des ventes d&#039;or<\/title>\n<meta name=\"description\" content=\"Les d\u00e9cisions de la BCE au soutien de l\u2019or, assouplissement de la politique mon\u00e9taire de l&#039;institution, limitation des ventes d&#039;or\" \/>\n<meta name=\"robots\" content=\"index, follow, max-snippet:-1, max-image-preview:large, max-video-preview:-1\" \/>\n<link rel=\"canonical\" href=\"https:\/\/www.gold.fr\/news\/2014\/06\/09\/les-decisions-de-la-bce-au-soutien-de-lor\/\" \/>\n<meta property=\"og:locale\" content=\"fr_FR\" \/>\n<meta property=\"og:type\" content=\"article\" \/>\n<meta property=\"og:title\" content=\"Les d\u00e9cisions de la BCE au soutien de l\u2019or, limitation des ventes d&#039;or\" \/>\n<meta property=\"og:description\" content=\"Les d\u00e9cisions de la BCE au soutien de l\u2019or, assouplissement de la politique mon\u00e9taire de l&#039;institution, limitation des ventes d&#039;or\" \/>\n<meta property=\"og:url\" content=\"https:\/\/www.gold.fr\/news\/2014\/06\/09\/les-decisions-de-la-bce-au-soutien-de-lor\/\" \/>\n<meta property=\"og:site_name\" content=\"Gold.fr\" \/>\n<meta property=\"article:publisher\" content=\"https:\/\/www.facebook.com\/Goldfr\/\" \/>\n<meta property=\"article:published_time\" content=\"2014-06-09T15:00:16+00:00\" \/>\n<meta property=\"article:modified_time\" content=\"2021-09-23T07:43:03+00:00\" \/>\n<meta property=\"og:image\" content=\"https:\/\/www.gold.fr\/news\/wp-content\/uploads\/2012\/01\/Europe.jpg\" \/>\n\t<meta property=\"og:image:width\" content=\"600\" \/>\n\t<meta property=\"og:image:height\" content=\"417\" \/>\n\t<meta property=\"og:image:type\" content=\"image\/jpeg\" \/>\n<meta name=\"author\" content=\"Comptoir National de l&#039;Or\" \/>\n<meta name=\"twitter:card\" content=\"summary_large_image\" \/>\n<meta name=\"twitter:label1\" content=\"\u00c9crit par\" \/>\n\t<meta name=\"twitter:data1\" content=\"Comptoir National de l&#039;Or\" \/>\n\t<meta name=\"twitter:label2\" content=\"Dur\u00e9e de lecture estim\u00e9e\" \/>\n\t<meta name=\"twitter:data2\" content=\"1 minute\" \/>\n<script type=\"application\/ld+json\" class=\"yoast-schema-graph\">{\"@context\":\"https:\/\/schema.org\",\"@graph\":[{\"@type\":\"Article\",\"@id\":\"https:\/\/www.gold.fr\/news\/2014\/06\/09\/les-decisions-de-la-bce-au-soutien-de-lor\/#article\",\"isPartOf\":{\"@id\":\"https:\/\/www.gold.fr\/news\/2014\/06\/09\/les-decisions-de-la-bce-au-soutien-de-lor\/\"},\"author\":{\"name\":\"Comptoir National de l'Or\",\"@id\":\"https:\/\/www.gold.fr\/news\/#\/schema\/person\/760ee7cec237915eebf2be78df0404c4\"},\"headline\":\"Les d\u00e9cisions de la BCE au soutien de l\u2019or\",\"datePublished\":\"2014-06-09T15:00:16+00:00\",\"dateModified\":\"2021-09-23T07:43:03+00:00\",\"mainEntityOfPage\":{\"@id\":\"https:\/\/www.gold.fr\/news\/2014\/06\/09\/les-decisions-de-la-bce-au-soutien-de-lor\/\"},\"wordCount\":264,\"image\":{\"@id\":\"https:\/\/www.gold.fr\/news\/2014\/06\/09\/les-decisions-de-la-bce-au-soutien-de-lor\/#primaryimage\"},\"thumbnailUrl\":\"https:\/\/www.gold.fr\/news\/wp-content\/uploads\/2012\/01\/Europe.jpg\",\"keywords\":[\"d\u00e9cision BCE\",\"europe\",\"politique mon\u00e9taire\",\"Vente or\"],\"articleSection\":[\"Articles de presse\"],\"inLanguage\":\"fr-FR\"},{\"@type\":\"WebPage\",\"@id\":\"https:\/\/www.gold.fr\/news\/2014\/06\/09\/les-decisions-de-la-bce-au-soutien-de-lor\/\",\"url\":\"https:\/\/www.gold.fr\/news\/2014\/06\/09\/les-decisions-de-la-bce-au-soutien-de-lor\/\",\"name\":\"Les d\u00e9cisions de la BCE au soutien de l\u2019or, limitation des ventes d'or\",\"isPartOf\":{\"@id\":\"https:\/\/www.gold.fr\/news\/#website\"},\"primaryImageOfPage\":{\"@id\":\"https:\/\/www.gold.fr\/news\/2014\/06\/09\/les-decisions-de-la-bce-au-soutien-de-lor\/#primaryimage\"},\"image\":{\"@id\":\"https:\/\/www.gold.fr\/news\/2014\/06\/09\/les-decisions-de-la-bce-au-soutien-de-lor\/#primaryimage\"},\"thumbnailUrl\":\"https:\/\/www.gold.fr\/news\/wp-content\/uploads\/2012\/01\/Europe.jpg\",\"datePublished\":\"2014-06-09T15:00:16+00:00\",\"dateModified\":\"2021-09-23T07:43:03+00:00\",\"author\":{\"@id\":\"https:\/\/www.gold.fr\/news\/#\/schema\/person\/760ee7cec237915eebf2be78df0404c4\"},\"description\":\"Les d\u00e9cisions de la BCE au soutien de l\u2019or, assouplissement de la politique mon\u00e9taire de l'institution, limitation des ventes d'or\",\"breadcrumb\":{\"@id\":\"https:\/\/www.gold.fr\/news\/2014\/06\/09\/les-decisions-de-la-bce-au-soutien-de-lor\/#breadcrumb\"},\"inLanguage\":\"fr-FR\",\"potentialAction\":[{\"@type\":\"ReadAction\",\"target\":[\"https:\/\/www.gold.fr\/news\/2014\/06\/09\/les-decisions-de-la-bce-au-soutien-de-lor\/\"]}]},{\"@type\":\"ImageObject\",\"inLanguage\":\"fr-FR\",\"@id\":\"https:\/\/www.gold.fr\/news\/2014\/06\/09\/les-decisions-de-la-bce-au-soutien-de-lor\/#primaryimage\",\"url\":\"https:\/\/www.gold.fr\/news\/wp-content\/uploads\/2012\/01\/Europe.jpg\",\"contentUrl\":\"https:\/\/www.gold.fr\/news\/wp-content\/uploads\/2012\/01\/Europe.jpg\",\"width\":\"600\",\"height\":\"417\"},{\"@type\":\"BreadcrumbList\",\"@id\":\"https:\/\/www.gold.fr\/news\/2014\/06\/09\/les-decisions-de-la-bce-au-soutien-de-lor\/#breadcrumb\",\"itemListElement\":[{\"@type\":\"ListItem\",\"position\":1,\"name\":\"Accueil\",\"item\":\"https:\/\/www.gold.fr\/\"},{\"@type\":\"ListItem\",\"position\":2,\"name\":\"Actualit\u00e9s\",\"item\":\"https:\/\/www.gold.fr\/news\/\"},{\"@type\":\"ListItem\",\"position\":3,\"name\":\"Les d\u00e9cisions de la BCE au soutien de l\u2019or\"}]},{\"@type\":\"WebSite\",\"@id\":\"https:\/\/www.gold.fr\/news\/#website\",\"url\":\"https:\/\/www.gold.fr\/news\/\",\"name\":\"Gold.fr\",\"description\":\"Actualit\u00e9s de l&#039;Or et des m\u00e9taux pr\u00e9cieux\",\"potentialAction\":[{\"@type\":\"SearchAction\",\"target\":{\"@type\":\"EntryPoint\",\"urlTemplate\":\"https:\/\/www.gold.fr\/news\/?s={search_term_string}\"},\"query-input\":{\"@type\":\"PropertyValueSpecification\",\"valueRequired\":true,\"valueName\":\"search_term_string\"}}],\"inLanguage\":\"fr-FR\"},{\"@type\":\"Person\",\"@id\":\"https:\/\/www.gold.fr\/news\/#\/schema\/person\/760ee7cec237915eebf2be78df0404c4\",\"name\":\"Comptoir National de l'Or\",\"image\":{\"@type\":\"ImageObject\",\"inLanguage\":\"fr-FR\",\"@id\":\"https:\/\/www.gold.fr\/news\/#\/schema\/person\/image\/c36675942654553a86039d2dfa93c740\",\"url\":\"https:\/\/secure.gravatar.com\/avatar\/713f289e398d35ead876c4a4cc08607f0d6d266058cfc25683fffb6092d0e572?s=96&d=mm&r=g\",\"contentUrl\":\"https:\/\/secure.gravatar.com\/avatar\/713f289e398d35ead876c4a4cc08607f0d6d266058cfc25683fffb6092d0e572?s=96&d=mm&r=g\",\"caption\":\"Comptoir National de l'Or\"},\"description\":\"Notre r\u00e9daction est constitu\u00e9e de membres experts dans les m\u00e9tiers de l'\u00e9conomie et la gestion, des Responsables d'agence Comptoir National de l'Or, des analystes financiers qui publient r\u00e9guli\u00e8rement des \u00e9tudes sur les politiques des banques centrales, le cours de l'or, prix de l'or, cours de l'argent, prix de l'argent, cours du platine, cours du palladium,... la situation en zone euro et l'impact de la strat\u00e9gie mon\u00e9taire de la FED. Notre \u00e9quipe scrute \u00e9galement une information plus g\u00e9n\u00e9raliste \u00e0 la recherche d'actualit\u00e9 \\\"p\u00e9pite\\\" \u00e0 vous partager. Depuis 5 ans, nous avons publi\u00e9 un peu plus de 4000 articles qui s'adressent \u00e0 un public large et vari\u00e9 ayant pour objectif de satisfaire votre curiosit\u00e9 et de partager avec vous une certaine fascination pour le m\u00e9tal jaune, le rachat d'or, et pour ceux qui veulent investir dans l'or, vendre leur or tout simplement en savoir plus... Pour tous vos achat or et argent, n'h\u00e9sitez pas \u00e0 prendre rendez-vous dans l'un de nos nombreux comptoirs.\",\"sameAs\":[\"https:\/\/www.gold.fr\"]}]}<\/script>\n<!-- \/ Yoast SEO plugin. -->","yoast_head_json":{"title":"Les d\u00e9cisions de la BCE au soutien de l\u2019or, limitation des ventes d'or","description":"Les d\u00e9cisions de la BCE au soutien de l\u2019or, assouplissement de la politique mon\u00e9taire de l'institution, limitation des ventes d'or","robots":{"index":"index","follow":"follow","max-snippet":"max-snippet:-1","max-image-preview":"max-image-preview:large","max-video-preview":"max-video-preview:-1"},"canonical":"https:\/\/www.gold.fr\/news\/2014\/06\/09\/les-decisions-de-la-bce-au-soutien-de-lor\/","og_locale":"fr_FR","og_type":"article","og_title":"Les d\u00e9cisions de la BCE au soutien de l\u2019or, limitation des ventes d'or","og_description":"Les d\u00e9cisions de la BCE au soutien de l\u2019or, assouplissement de la politique mon\u00e9taire de l'institution, limitation des ventes d'or","og_url":"https:\/\/www.gold.fr\/news\/2014\/06\/09\/les-decisions-de-la-bce-au-soutien-de-lor\/","og_site_name":"Gold.fr","article_publisher":"https:\/\/www.facebook.com\/Goldfr\/","article_published_time":"2014-06-09T15:00:16+00:00","article_modified_time":"2021-09-23T07:43:03+00:00","og_image":[{"width":600,"height":417,"url":"https:\/\/www.gold.fr\/news\/wp-content\/uploads\/2012\/01\/Europe.jpg","type":"image\/jpeg"}],"author":"Comptoir National de l'Or","twitter_card":"summary_large_image","twitter_misc":{"\u00c9crit par":"Comptoir National de l'Or","Dur\u00e9e de lecture estim\u00e9e":"1 minute"},"schema":{"@context":"https:\/\/schema.org","@graph":[{"@type":"Article","@id":"https:\/\/www.gold.fr\/news\/2014\/06\/09\/les-decisions-de-la-bce-au-soutien-de-lor\/#article","isPartOf":{"@id":"https:\/\/www.gold.fr\/news\/2014\/06\/09\/les-decisions-de-la-bce-au-soutien-de-lor\/"},"author":{"name":"Comptoir National de l'Or","@id":"https:\/\/www.gold.fr\/news\/#\/schema\/person\/760ee7cec237915eebf2be78df0404c4"},"headline":"Les d\u00e9cisions de la BCE au soutien de l\u2019or","datePublished":"2014-06-09T15:00:16+00:00","dateModified":"2021-09-23T07:43:03+00:00","mainEntityOfPage":{"@id":"https:\/\/www.gold.fr\/news\/2014\/06\/09\/les-decisions-de-la-bce-au-soutien-de-lor\/"},"wordCount":264,"image":{"@id":"https:\/\/www.gold.fr\/news\/2014\/06\/09\/les-decisions-de-la-bce-au-soutien-de-lor\/#primaryimage"},"thumbnailUrl":"https:\/\/www.gold.fr\/news\/wp-content\/uploads\/2012\/01\/Europe.jpg","keywords":["d\u00e9cision BCE","europe","politique mon\u00e9taire","Vente or"],"articleSection":["Articles de presse"],"inLanguage":"fr-FR"},{"@type":"WebPage","@id":"https:\/\/www.gold.fr\/news\/2014\/06\/09\/les-decisions-de-la-bce-au-soutien-de-lor\/","url":"https:\/\/www.gold.fr\/news\/2014\/06\/09\/les-decisions-de-la-bce-au-soutien-de-lor\/","name":"Les d\u00e9cisions de la BCE au soutien de l\u2019or, limitation des ventes d'or","isPartOf":{"@id":"https:\/\/www.gold.fr\/news\/#website"},"primaryImageOfPage":{"@id":"https:\/\/www.gold.fr\/news\/2014\/06\/09\/les-decisions-de-la-bce-au-soutien-de-lor\/#primaryimage"},"image":{"@id":"https:\/\/www.gold.fr\/news\/2014\/06\/09\/les-decisions-de-la-bce-au-soutien-de-lor\/#primaryimage"},"thumbnailUrl":"https:\/\/www.gold.fr\/news\/wp-content\/uploads\/2012\/01\/Europe.jpg","datePublished":"2014-06-09T15:00:16+00:00","dateModified":"2021-09-23T07:43:03+00:00","author":{"@id":"https:\/\/www.gold.fr\/news\/#\/schema\/person\/760ee7cec237915eebf2be78df0404c4"},"description":"Les d\u00e9cisions de la BCE au soutien de l\u2019or, assouplissement de la politique mon\u00e9taire de l'institution, limitation des ventes d'or","breadcrumb":{"@id":"https:\/\/www.gold.fr\/news\/2014\/06\/09\/les-decisions-de-la-bce-au-soutien-de-lor\/#breadcrumb"},"inLanguage":"fr-FR","potentialAction":[{"@type":"ReadAction","target":["https:\/\/www.gold.fr\/news\/2014\/06\/09\/les-decisions-de-la-bce-au-soutien-de-lor\/"]}]},{"@type":"ImageObject","inLanguage":"fr-FR","@id":"https:\/\/www.gold.fr\/news\/2014\/06\/09\/les-decisions-de-la-bce-au-soutien-de-lor\/#primaryimage","url":"https:\/\/www.gold.fr\/news\/wp-content\/uploads\/2012\/01\/Europe.jpg","contentUrl":"https:\/\/www.gold.fr\/news\/wp-content\/uploads\/2012\/01\/Europe.jpg","width":"600","height":"417"},{"@type":"BreadcrumbList","@id":"https:\/\/www.gold.fr\/news\/2014\/06\/09\/les-decisions-de-la-bce-au-soutien-de-lor\/#breadcrumb","itemListElement":[{"@type":"ListItem","position":1,"name":"Accueil","item":"https:\/\/www.gold.fr\/"},{"@type":"ListItem","position":2,"name":"Actualit\u00e9s","item":"https:\/\/www.gold.fr\/news\/"},{"@type":"ListItem","position":3,"name":"Les d\u00e9cisions de la BCE au soutien de l\u2019or"}]},{"@type":"WebSite","@id":"https:\/\/www.gold.fr\/news\/#website","url":"https:\/\/www.gold.fr\/news\/","name":"Gold.fr","description":"Actualit\u00e9s de l&#039;Or et des m\u00e9taux pr\u00e9cieux","potentialAction":[{"@type":"SearchAction","target":{"@type":"EntryPoint","urlTemplate":"https:\/\/www.gold.fr\/news\/?s={search_term_string}"},"query-input":{"@type":"PropertyValueSpecification","valueRequired":true,"valueName":"search_term_string"}}],"inLanguage":"fr-FR"},{"@type":"Person","@id":"https:\/\/www.gold.fr\/news\/#\/schema\/person\/760ee7cec237915eebf2be78df0404c4","name":"Comptoir National de l'Or","image":{"@type":"ImageObject","inLanguage":"fr-FR","@id":"https:\/\/www.gold.fr\/news\/#\/schema\/person\/image\/c36675942654553a86039d2dfa93c740","url":"https:\/\/secure.gravatar.com\/avatar\/713f289e398d35ead876c4a4cc08607f0d6d266058cfc25683fffb6092d0e572?s=96&d=mm&r=g","contentUrl":"https:\/\/secure.gravatar.com\/avatar\/713f289e398d35ead876c4a4cc08607f0d6d266058cfc25683fffb6092d0e572?s=96&d=mm&r=g","caption":"Comptoir National de l'Or"},"description":"Notre r\u00e9daction est constitu\u00e9e de membres experts dans les m\u00e9tiers de l'\u00e9conomie et la gestion, des Responsables d'agence Comptoir National de l'Or, des analystes financiers qui publient r\u00e9guli\u00e8rement des \u00e9tudes sur les politiques des banques centrales, le cours de l'or, prix de l'or, cours de l'argent, prix de l'argent, cours du platine, cours du palladium,... la situation en zone euro et l'impact de la strat\u00e9gie mon\u00e9taire de la FED. Notre \u00e9quipe scrute \u00e9galement une information plus g\u00e9n\u00e9raliste \u00e0 la recherche d'actualit\u00e9 \"p\u00e9pite\" \u00e0 vous partager. Depuis 5 ans, nous avons publi\u00e9 un peu plus de 4000 articles qui s'adressent \u00e0 un public large et vari\u00e9 ayant pour objectif de satisfaire votre curiosit\u00e9 et de partager avec vous une certaine fascination pour le m\u00e9tal jaune, le rachat d'or, et pour ceux qui veulent investir dans l'or, vendre leur or tout simplement en savoir plus... Pour tous vos achat or et argent, n'h\u00e9sitez pas \u00e0 prendre rendez-vous dans l'un de nos nombreux comptoirs.","sameAs":["https:\/\/www.gold.fr"]}]}},"authors":[{"term_id":2565,"user_id":18,"is_guest":0,"slug":"julie","display_name":"Comptoir National de l'Or","avatar_url":"https:\/\/secure.gravatar.com\/avatar\/713f289e398d35ead876c4a4cc08607f0d6d266058cfc25683fffb6092d0e572?s=96&d=mm&r=g","0":null,"1":"","2":"","3":"","4":"","5":"","6":"","7":"","8":""}],"_links":{"self":[{"href":"https:\/\/www.gold.fr\/news\/wp-json\/wp\/v2\/posts\/14862","targetHints":{"allow":["GET"]}}],"collection":[{"href":"https:\/\/www.gold.fr\/news\/wp-json\/wp\/v2\/posts"}],"about":[{"href":"https:\/\/www.gold.fr\/news\/wp-json\/wp\/v2\/types\/post"}],"author":[{"embeddable":true,"href":"https:\/\/www.gold.fr\/news\/wp-json\/wp\/v2\/users\/18"}],"replies":[{"embeddable":true,"href":"https:\/\/www.gold.fr\/news\/wp-json\/wp\/v2\/comments?post=14862"}],"version-history":[{"count":0,"href":"https:\/\/www.gold.fr\/news\/wp-json\/wp\/v2\/posts\/14862\/revisions"}],"wp:featuredmedia":[{"embeddable":true,"href":"https:\/\/www.gold.fr\/news\/wp-json\/wp\/v2\/media\/5011"}],"wp:attachment":[{"href":"https:\/\/www.gold.fr\/news\/wp-json\/wp\/v2\/media?parent=14862"}],"wp:term":[{"taxonomy":"category","embeddable":true,"href":"https:\/\/www.gold.fr\/news\/wp-json\/wp\/v2\/categories?post=14862"},{"taxonomy":"post_tag","embeddable":true,"href":"https:\/\/www.gold.fr\/news\/wp-json\/wp\/v2\/tags?post=14862"},{"taxonomy":"author","embeddable":true,"href":"https:\/\/www.gold.fr\/news\/wp-json\/wp\/v2\/ppma_author?post=14862"}],"curies":[{"name":"wp","href":"https:\/\/api.w.org\/{rel}","templated":true}]}}