{"id":14847,"date":"2014-06-06T17:00:29","date_gmt":"2014-06-06T15:00:29","guid":{"rendered":"https:\/\/www.gold.fr\/news\/?p=14847"},"modified":"2017-11-02T11:31:45","modified_gmt":"2017-11-02T10:31:45","slug":"les-marches-secouent-leuphorie-de-la-bce","status":"publish","type":"post","link":"https:\/\/www.gold.fr\/news\/2014\/06\/06\/les-marches-secouent-leuphorie-de-la-bce\/","title":{"rendered":"Les march\u00e9s secouent l\u2019euphorie de la BCE"},"content":{"rendered":"<p><img loading=\"lazy\" decoding=\"async\" class=\"alignleft size-thumbnail wp-image-7530\" title=\"Les march\u00e9s secouent l\u2019euphorie de la BCE\" src=\"https:\/\/www.gold.fr\/news\/wp-content\/uploads\/2012\/05\/cours-de-l-or1-150x150.jpg\" alt=\"\" width=\"150\" height=\"150\" \/><span style=\"font-size: small;\">La vague de joie qui a envahi les march\u00e9s, <a title=\"Les march\u00e9s euro f\u00eatent la d\u00e9cision BCE\" href=\"https:\/\/www.gold.fr\/news\/2014\/06\/05\/les-marches-euro-fetent-la-decision-bce\/14841\/\" target=\"_blank\">jeudi apr\u00e8s-midi<\/a>, \u00e0 l\u2019annonce des nouvelles mesures accommodantes de la banque centrale europ\u00e9enne, semble \u00eatre d\u00e9j\u00e0 retomb\u00e9e, c\u00e9dant la place \u00e0 une activit\u00e9 normale et stabilis\u00e9e.<\/span>    <span style=\"font-size: small;\"> Ce sont en tout cas des \u00ab <em>gains timides<\/em> \u00bb qu\u2019enregistre aujourd\u2019hui le <strong>CAC40<\/strong> parisien, en d\u00e9pit des sommets marqu\u00e9s jeudi. Pour les experts de <strong>Barclays Bourse<\/strong>, la vague haussi\u00e8re qui a suivi la conf\u00e9rence de presse de <strong>Mario Draghi<\/strong> \u00ab <em>a permis au <strong>CAC40<\/strong> de casser ses deux r\u00e9sistances \u00e0 court terme, et de prendre comme nouvelle r\u00e9f\u00e9rence \u00e0 la hausse le niveau des 4600 points<\/em> \u00bb, m\u00eame si bon nombre d\u2019analystes en ont justement profit\u00e9 pour r\u00e9viser leurs pr\u00e9visions \u00e0 la baisse. C\u2019est notamment le cas des sp\u00e9cialistes de <strong>Natixis<\/strong> qui prend en consid\u00e9ration les conclusions de la plus r\u00e9cente enqu\u00eate du cabinet <strong>ADP<\/strong> qui a r\u00e9v\u00e9l\u00e9 <strong>179.000<\/strong> emplois cr\u00e9\u00e9s dans le secteur priv\u00e9. Pour les experts, \u00ab<em> ces chiffres demeurent conformes \u00e0 des cr\u00e9ations d&#8217;emploi plut\u00f4t solides, mais avec des signaux mitig\u00e9s de la part d&rsquo;autres indicateurs du march\u00e9 du travail (\u2026)<\/em> \u00bb.<\/span>    <span style=\"font-size: small;\"> C\u00f4t\u00e9 am\u00e9ricain, c\u2019est surtout le rapport relatif \u00e0 l\u2019\u00e9volution de <strong>l\u2019emploi US<\/strong> qui \u00e9clipse l\u2019euphorie dilu\u00e9e par la <strong>BCE<\/strong>. Et c\u2019est un rapport qui r\u00e9v\u00e8le un \u00e9quilibre quasi parfait, puisque \u00ab <em>l&rsquo;\u00e9conomie am\u00e9ricaine a cr\u00e9\u00e9 autant d&#8217;emplois que pr\u00e9vu au mois d&rsquo;avril, et le taux de ch\u00f4mage est rest\u00e9 stable<\/em> \u00bb, avec notamment <strong>217.000<\/strong> emplois non agricoles cr\u00e9\u00e9s au mois de mai, d\u2019apr\u00e8s les chiffres fournis par le D\u00e9partement du Travail, conform\u00e9ment aux pr\u00e9visions des experts qui en escomptaient un peu moins de <strong>220.000<\/strong>.<\/span><\/p>\n<!-- AddThis Advanced Settings generic via filter on the_content --><!-- AddThis Share Buttons generic via filter on the_content -->","protected":false},"excerpt":{"rendered":"<p>La vague de joie qui a envahi les march\u00e9s, jeudi apr\u00e8s-midi, \u00e0 l\u2019annonce des nouvelles mesures accommodantes de la banque centrale europ\u00e9enne, semble \u00eatre d\u00e9j\u00e0 retomb\u00e9e, c\u00e9dant la place \u00e0 une activit\u00e9 normale et stabilis\u00e9e. Ce [&hellip;]<\/p>\n","protected":false},"author":18,"featured_media":7530,"comment_status":"open","ping_status":"open","sticky":false,"template":"","format":"standard","meta":{"_mbp_gutenberg_autopost":false,"_pgmb_is_evergreen":false,"_pgmb_ap_template_id":0,"footnotes":""},"categories":[6],"tags":[143,1000,1105,1649],"ppma_author":[2565],"class_list":["post-14847","post","type-post","status-publish","format-standard","has-post-thumbnail","hentry","category-articles-de-presse","tag-bce","tag-economie","tag-emploi-us","tag-marches"],"yoast_head":"<!-- This site is optimized with the Yoast SEO plugin v27.5 - https:\/\/yoast.com\/product\/yoast-seo-wordpress\/ -->\n<title>Les march\u00e9s secouent l\u2019euphorie de la BCE - Gold.fr<\/title>\n<meta name=\"robots\" content=\"index, follow, max-snippet:-1, max-image-preview:large, max-video-preview:-1\" \/>\n<link rel=\"canonical\" href=\"https:\/\/www.gold.fr\/news\/2014\/06\/06\/les-marches-secouent-leuphorie-de-la-bce\/\" \/>\n<meta property=\"og:locale\" content=\"fr_FR\" \/>\n<meta property=\"og:type\" content=\"article\" \/>\n<meta property=\"og:title\" content=\"Les march\u00e9s secouent l\u2019euphorie de la BCE - Gold.fr\" \/>\n<meta property=\"og:description\" content=\"La vague de joie qui a envahi les march\u00e9s, jeudi apr\u00e8s-midi, \u00e0 l\u2019annonce des nouvelles mesures accommodantes de la banque centrale europ\u00e9enne, semble \u00eatre d\u00e9j\u00e0 retomb\u00e9e, c\u00e9dant la place \u00e0 une activit\u00e9 normale et stabilis\u00e9e. Ce [&hellip;]\" \/>\n<meta property=\"og:url\" content=\"https:\/\/www.gold.fr\/news\/2014\/06\/06\/les-marches-secouent-leuphorie-de-la-bce\/\" \/>\n<meta property=\"og:site_name\" content=\"Gold.fr\" \/>\n<meta property=\"article:publisher\" content=\"https:\/\/www.facebook.com\/Goldfr\/\" \/>\n<meta property=\"article:published_time\" content=\"2014-06-06T15:00:29+00:00\" \/>\n<meta property=\"article:modified_time\" content=\"2017-11-02T10:31:45+00:00\" \/>\n<meta property=\"og:image\" content=\"https:\/\/www.gold.fr\/news\/wp-content\/uploads\/2012\/05\/cours-de-l-or1.jpg\" \/>\n\t<meta property=\"og:image:width\" content=\"602\" \/>\n\t<meta property=\"og:image:height\" content=\"399\" \/>\n\t<meta property=\"og:image:type\" content=\"image\/jpeg\" \/>\n<meta name=\"author\" content=\"Comptoir National de l&#039;Or\" \/>\n<meta name=\"twitter:card\" content=\"summary_large_image\" \/>\n<meta name=\"twitter:label1\" content=\"\u00c9crit par\" \/>\n\t<meta name=\"twitter:data1\" content=\"Comptoir National de l&#039;Or\" \/>\n\t<meta name=\"twitter:label2\" content=\"Dur\u00e9e de lecture estim\u00e9e\" \/>\n\t<meta name=\"twitter:data2\" content=\"1 minute\" \/>\n<script type=\"application\/ld+json\" class=\"yoast-schema-graph\">{\"@context\":\"https:\\\/\\\/schema.org\",\"@graph\":[{\"@type\":\"Article\",\"@id\":\"https:\\\/\\\/www.gold.fr\\\/news\\\/2014\\\/06\\\/06\\\/les-marches-secouent-leuphorie-de-la-bce\\\/#article\",\"isPartOf\":{\"@id\":\"https:\\\/\\\/www.gold.fr\\\/news\\\/2014\\\/06\\\/06\\\/les-marches-secouent-leuphorie-de-la-bce\\\/\"},\"author\":{\"name\":\"Comptoir National de l'Or\",\"@id\":\"https:\\\/\\\/www.gold.fr\\\/news\\\/#\\\/schema\\\/person\\\/070491b4b4fb7671bf59b3be20302ce9\"},\"headline\":\"Les march\u00e9s secouent l\u2019euphorie de la BCE\",\"datePublished\":\"2014-06-06T15:00:29+00:00\",\"dateModified\":\"2017-11-02T10:31:45+00:00\",\"mainEntityOfPage\":{\"@id\":\"https:\\\/\\\/www.gold.fr\\\/news\\\/2014\\\/06\\\/06\\\/les-marches-secouent-leuphorie-de-la-bce\\\/\"},\"wordCount\":310,\"commentCount\":0,\"image\":{\"@id\":\"https:\\\/\\\/www.gold.fr\\\/news\\\/2014\\\/06\\\/06\\\/les-marches-secouent-leuphorie-de-la-bce\\\/#primaryimage\"},\"thumbnailUrl\":\"https:\\\/\\\/www.gold.fr\\\/news\\\/wp-content\\\/uploads\\\/2012\\\/05\\\/cours-de-l-or1.jpg\",\"keywords\":[\"bce\",\"\u00e9conomie\",\"emploi US\",\"march\u00e9s\"],\"articleSection\":[\"Articles de presse\"],\"inLanguage\":\"fr-FR\"},{\"@type\":\"WebPage\",\"@id\":\"https:\\\/\\\/www.gold.fr\\\/news\\\/2014\\\/06\\\/06\\\/les-marches-secouent-leuphorie-de-la-bce\\\/\",\"url\":\"https:\\\/\\\/www.gold.fr\\\/news\\\/2014\\\/06\\\/06\\\/les-marches-secouent-leuphorie-de-la-bce\\\/\",\"name\":\"Les march\u00e9s secouent l\u2019euphorie de la BCE - Gold.fr\",\"isPartOf\":{\"@id\":\"https:\\\/\\\/www.gold.fr\\\/news\\\/#website\"},\"primaryImageOfPage\":{\"@id\":\"https:\\\/\\\/www.gold.fr\\\/news\\\/2014\\\/06\\\/06\\\/les-marches-secouent-leuphorie-de-la-bce\\\/#primaryimage\"},\"image\":{\"@id\":\"https:\\\/\\\/www.gold.fr\\\/news\\\/2014\\\/06\\\/06\\\/les-marches-secouent-leuphorie-de-la-bce\\\/#primaryimage\"},\"thumbnailUrl\":\"https:\\\/\\\/www.gold.fr\\\/news\\\/wp-content\\\/uploads\\\/2012\\\/05\\\/cours-de-l-or1.jpg\",\"datePublished\":\"2014-06-06T15:00:29+00:00\",\"dateModified\":\"2017-11-02T10:31:45+00:00\",\"author\":{\"@id\":\"https:\\\/\\\/www.gold.fr\\\/news\\\/#\\\/schema\\\/person\\\/070491b4b4fb7671bf59b3be20302ce9\"},\"breadcrumb\":{\"@id\":\"https:\\\/\\\/www.gold.fr\\\/news\\\/2014\\\/06\\\/06\\\/les-marches-secouent-leuphorie-de-la-bce\\\/#breadcrumb\"},\"inLanguage\":\"fr-FR\",\"potentialAction\":[{\"@type\":\"ReadAction\",\"target\":[\"https:\\\/\\\/www.gold.fr\\\/news\\\/2014\\\/06\\\/06\\\/les-marches-secouent-leuphorie-de-la-bce\\\/\"]}]},{\"@type\":\"ImageObject\",\"inLanguage\":\"fr-FR\",\"@id\":\"https:\\\/\\\/www.gold.fr\\\/news\\\/2014\\\/06\\\/06\\\/les-marches-secouent-leuphorie-de-la-bce\\\/#primaryimage\",\"url\":\"https:\\\/\\\/www.gold.fr\\\/news\\\/wp-content\\\/uploads\\\/2012\\\/05\\\/cours-de-l-or1.jpg\",\"contentUrl\":\"https:\\\/\\\/www.gold.fr\\\/news\\\/wp-content\\\/uploads\\\/2012\\\/05\\\/cours-de-l-or1.jpg\",\"width\":\"602\",\"height\":\"399\",\"caption\":\"Cours de l\u2019once : entre r\u00e9alisations et pr\u00e9visions\"},{\"@type\":\"BreadcrumbList\",\"@id\":\"https:\\\/\\\/www.gold.fr\\\/news\\\/2014\\\/06\\\/06\\\/les-marches-secouent-leuphorie-de-la-bce\\\/#breadcrumb\",\"itemListElement\":[{\"@type\":\"ListItem\",\"position\":1,\"name\":\"Accueil\",\"item\":\"https:\\\/\\\/www.gold.fr\\\/\"},{\"@type\":\"ListItem\",\"position\":2,\"name\":\"Actualit\u00e9s\",\"item\":\"https:\\\/\\\/www.gold.fr\\\/news\\\/\"},{\"@type\":\"ListItem\",\"position\":3,\"name\":\"Les march\u00e9s secouent l\u2019euphorie de la BCE\"}]},{\"@type\":\"WebSite\",\"@id\":\"https:\\\/\\\/www.gold.fr\\\/news\\\/#website\",\"url\":\"https:\\\/\\\/www.gold.fr\\\/news\\\/\",\"name\":\"Gold.fr\",\"description\":\"Actualit\u00e9s de l&#039;Or et des m\u00e9taux pr\u00e9cieux\",\"potentialAction\":[{\"@type\":\"SearchAction\",\"target\":{\"@type\":\"EntryPoint\",\"urlTemplate\":\"https:\\\/\\\/www.gold.fr\\\/news\\\/?s={search_term_string}\"},\"query-input\":{\"@type\":\"PropertyValueSpecification\",\"valueRequired\":true,\"valueName\":\"search_term_string\"}}],\"inLanguage\":\"fr-FR\"},{\"@type\":\"Person\",\"@id\":\"https:\\\/\\\/www.gold.fr\\\/news\\\/#\\\/schema\\\/person\\\/070491b4b4fb7671bf59b3be20302ce9\",\"name\":\"Comptoir National de l'Or\",\"image\":{\"@type\":\"ImageObject\",\"inLanguage\":\"fr-FR\",\"@id\":\"https:\\\/\\\/secure.gravatar.com\\\/avatar\\\/0a2867fd5abe37bed95d5a65e9d58f01756e11efc68af9888dfc50cfa7f65948?s=96&d=mm&r=gb490554db0a38188709de567aa58480d\",\"url\":\"https:\\\/\\\/secure.gravatar.com\\\/avatar\\\/0a2867fd5abe37bed95d5a65e9d58f01756e11efc68af9888dfc50cfa7f65948?s=96&d=mm&r=g\",\"contentUrl\":\"https:\\\/\\\/secure.gravatar.com\\\/avatar\\\/0a2867fd5abe37bed95d5a65e9d58f01756e11efc68af9888dfc50cfa7f65948?s=96&d=mm&r=g\",\"caption\":\"Comptoir National de l'Or\"},\"description\":\"Notre r\u00e9daction est constitu\u00e9e de membres experts dans les m\u00e9tiers de l'\u00e9conomie et la gestion, des Responsables d'agence Comptoir National de l'Or, des analystes financiers qui publient r\u00e9guli\u00e8rement des \u00e9tudes sur les politiques des banques centrales, le cours de l'or, prix de l'or, cours de l'argent, prix de l'argent, cours du platine, cours du palladium,... la situation en zone euro et l'impact de la strat\u00e9gie mon\u00e9taire de la FED. Notre \u00e9quipe scrute \u00e9galement une information plus g\u00e9n\u00e9raliste \u00e0 la recherche d'actualit\u00e9 \\\"p\u00e9pite\\\" \u00e0 vous partager. Depuis 5 ans, nous avons publi\u00e9 un peu plus de 4000 articles qui s'adressent \u00e0 un public large et vari\u00e9 ayant pour objectif de satisfaire votre curiosit\u00e9 et de partager avec vous une certaine fascination pour le m\u00e9tal jaune, le rachat d'or, et pour ceux qui veulent investir dans l'or, vendre leur or tout simplement en savoir plus... Pour tous vos achat or et argent, n'h\u00e9sitez pas \u00e0 prendre rendez-vous dans l'un de nos nombreux comptoirs.\",\"sameAs\":[\"https:\\\/\\\/www.gold.fr\"]}]}<\/script>\n<!-- \/ Yoast SEO plugin. -->","yoast_head_json":{"title":"Les march\u00e9s secouent l\u2019euphorie de la BCE - Gold.fr","robots":{"index":"index","follow":"follow","max-snippet":"max-snippet:-1","max-image-preview":"max-image-preview:large","max-video-preview":"max-video-preview:-1"},"canonical":"https:\/\/www.gold.fr\/news\/2014\/06\/06\/les-marches-secouent-leuphorie-de-la-bce\/","og_locale":"fr_FR","og_type":"article","og_title":"Les march\u00e9s secouent l\u2019euphorie de la BCE - Gold.fr","og_description":"La vague de joie qui a envahi les march\u00e9s, jeudi apr\u00e8s-midi, \u00e0 l\u2019annonce des nouvelles mesures accommodantes de la banque centrale europ\u00e9enne, semble \u00eatre d\u00e9j\u00e0 retomb\u00e9e, c\u00e9dant la place \u00e0 une activit\u00e9 normale et stabilis\u00e9e. Ce [&hellip;]","og_url":"https:\/\/www.gold.fr\/news\/2014\/06\/06\/les-marches-secouent-leuphorie-de-la-bce\/","og_site_name":"Gold.fr","article_publisher":"https:\/\/www.facebook.com\/Goldfr\/","article_published_time":"2014-06-06T15:00:29+00:00","article_modified_time":"2017-11-02T10:31:45+00:00","og_image":[{"width":602,"height":399,"url":"https:\/\/www.gold.fr\/news\/wp-content\/uploads\/2012\/05\/cours-de-l-or1.jpg","type":"image\/jpeg"}],"author":"Comptoir National de l'Or","twitter_card":"summary_large_image","twitter_misc":{"\u00c9crit par":"Comptoir National de l'Or","Dur\u00e9e de lecture estim\u00e9e":"1 minute"},"schema":{"@context":"https:\/\/schema.org","@graph":[{"@type":"Article","@id":"https:\/\/www.gold.fr\/news\/2014\/06\/06\/les-marches-secouent-leuphorie-de-la-bce\/#article","isPartOf":{"@id":"https:\/\/www.gold.fr\/news\/2014\/06\/06\/les-marches-secouent-leuphorie-de-la-bce\/"},"author":{"name":"Comptoir National de l'Or","@id":"https:\/\/www.gold.fr\/news\/#\/schema\/person\/070491b4b4fb7671bf59b3be20302ce9"},"headline":"Les march\u00e9s secouent l\u2019euphorie de la BCE","datePublished":"2014-06-06T15:00:29+00:00","dateModified":"2017-11-02T10:31:45+00:00","mainEntityOfPage":{"@id":"https:\/\/www.gold.fr\/news\/2014\/06\/06\/les-marches-secouent-leuphorie-de-la-bce\/"},"wordCount":310,"commentCount":0,"image":{"@id":"https:\/\/www.gold.fr\/news\/2014\/06\/06\/les-marches-secouent-leuphorie-de-la-bce\/#primaryimage"},"thumbnailUrl":"https:\/\/www.gold.fr\/news\/wp-content\/uploads\/2012\/05\/cours-de-l-or1.jpg","keywords":["bce","\u00e9conomie","emploi US","march\u00e9s"],"articleSection":["Articles de presse"],"inLanguage":"fr-FR"},{"@type":"WebPage","@id":"https:\/\/www.gold.fr\/news\/2014\/06\/06\/les-marches-secouent-leuphorie-de-la-bce\/","url":"https:\/\/www.gold.fr\/news\/2014\/06\/06\/les-marches-secouent-leuphorie-de-la-bce\/","name":"Les march\u00e9s secouent l\u2019euphorie de la BCE - Gold.fr","isPartOf":{"@id":"https:\/\/www.gold.fr\/news\/#website"},"primaryImageOfPage":{"@id":"https:\/\/www.gold.fr\/news\/2014\/06\/06\/les-marches-secouent-leuphorie-de-la-bce\/#primaryimage"},"image":{"@id":"https:\/\/www.gold.fr\/news\/2014\/06\/06\/les-marches-secouent-leuphorie-de-la-bce\/#primaryimage"},"thumbnailUrl":"https:\/\/www.gold.fr\/news\/wp-content\/uploads\/2012\/05\/cours-de-l-or1.jpg","datePublished":"2014-06-06T15:00:29+00:00","dateModified":"2017-11-02T10:31:45+00:00","author":{"@id":"https:\/\/www.gold.fr\/news\/#\/schema\/person\/070491b4b4fb7671bf59b3be20302ce9"},"breadcrumb":{"@id":"https:\/\/www.gold.fr\/news\/2014\/06\/06\/les-marches-secouent-leuphorie-de-la-bce\/#breadcrumb"},"inLanguage":"fr-FR","potentialAction":[{"@type":"ReadAction","target":["https:\/\/www.gold.fr\/news\/2014\/06\/06\/les-marches-secouent-leuphorie-de-la-bce\/"]}]},{"@type":"ImageObject","inLanguage":"fr-FR","@id":"https:\/\/www.gold.fr\/news\/2014\/06\/06\/les-marches-secouent-leuphorie-de-la-bce\/#primaryimage","url":"https:\/\/www.gold.fr\/news\/wp-content\/uploads\/2012\/05\/cours-de-l-or1.jpg","contentUrl":"https:\/\/www.gold.fr\/news\/wp-content\/uploads\/2012\/05\/cours-de-l-or1.jpg","width":"602","height":"399","caption":"Cours de l\u2019once : entre r\u00e9alisations et pr\u00e9visions"},{"@type":"BreadcrumbList","@id":"https:\/\/www.gold.fr\/news\/2014\/06\/06\/les-marches-secouent-leuphorie-de-la-bce\/#breadcrumb","itemListElement":[{"@type":"ListItem","position":1,"name":"Accueil","item":"https:\/\/www.gold.fr\/"},{"@type":"ListItem","position":2,"name":"Actualit\u00e9s","item":"https:\/\/www.gold.fr\/news\/"},{"@type":"ListItem","position":3,"name":"Les march\u00e9s secouent l\u2019euphorie de la BCE"}]},{"@type":"WebSite","@id":"https:\/\/www.gold.fr\/news\/#website","url":"https:\/\/www.gold.fr\/news\/","name":"Gold.fr","description":"Actualit\u00e9s de l&#039;Or et des m\u00e9taux pr\u00e9cieux","potentialAction":[{"@type":"SearchAction","target":{"@type":"EntryPoint","urlTemplate":"https:\/\/www.gold.fr\/news\/?s={search_term_string}"},"query-input":{"@type":"PropertyValueSpecification","valueRequired":true,"valueName":"search_term_string"}}],"inLanguage":"fr-FR"},{"@type":"Person","@id":"https:\/\/www.gold.fr\/news\/#\/schema\/person\/070491b4b4fb7671bf59b3be20302ce9","name":"Comptoir National de l'Or","image":{"@type":"ImageObject","inLanguage":"fr-FR","@id":"https:\/\/secure.gravatar.com\/avatar\/0a2867fd5abe37bed95d5a65e9d58f01756e11efc68af9888dfc50cfa7f65948?s=96&d=mm&r=gb490554db0a38188709de567aa58480d","url":"https:\/\/secure.gravatar.com\/avatar\/0a2867fd5abe37bed95d5a65e9d58f01756e11efc68af9888dfc50cfa7f65948?s=96&d=mm&r=g","contentUrl":"https:\/\/secure.gravatar.com\/avatar\/0a2867fd5abe37bed95d5a65e9d58f01756e11efc68af9888dfc50cfa7f65948?s=96&d=mm&r=g","caption":"Comptoir National de l'Or"},"description":"Notre r\u00e9daction est constitu\u00e9e de membres experts dans les m\u00e9tiers de l'\u00e9conomie et la gestion, des Responsables d'agence Comptoir National de l'Or, des analystes financiers qui publient r\u00e9guli\u00e8rement des \u00e9tudes sur les politiques des banques centrales, le cours de l'or, prix de l'or, cours de l'argent, prix de l'argent, cours du platine, cours du palladium,... la situation en zone euro et l'impact de la strat\u00e9gie mon\u00e9taire de la FED. Notre \u00e9quipe scrute \u00e9galement une information plus g\u00e9n\u00e9raliste \u00e0 la recherche d'actualit\u00e9 \"p\u00e9pite\" \u00e0 vous partager. Depuis 5 ans, nous avons publi\u00e9 un peu plus de 4000 articles qui s'adressent \u00e0 un public large et vari\u00e9 ayant pour objectif de satisfaire votre curiosit\u00e9 et de partager avec vous une certaine fascination pour le m\u00e9tal jaune, le rachat d'or, et pour ceux qui veulent investir dans l'or, vendre leur or tout simplement en savoir plus... Pour tous vos achat or et argent, n'h\u00e9sitez pas \u00e0 prendre rendez-vous dans l'un de nos nombreux comptoirs.","sameAs":["https:\/\/www.gold.fr"]}]}},"authors":[{"term_id":2565,"user_id":18,"is_guest":0,"slug":"julie","display_name":"Comptoir National de l'Or","avatar_url":"https:\/\/secure.gravatar.com\/avatar\/713f289e398d35ead876c4a4cc08607f0d6d266058cfc25683fffb6092d0e572?s=96&d=mm&r=g","0":null,"1":"","2":"","3":"","4":"","5":"","6":"","7":"","8":""}],"_links":{"self":[{"href":"https:\/\/www.gold.fr\/news\/wp-json\/wp\/v2\/posts\/14847","targetHints":{"allow":["GET"]}}],"collection":[{"href":"https:\/\/www.gold.fr\/news\/wp-json\/wp\/v2\/posts"}],"about":[{"href":"https:\/\/www.gold.fr\/news\/wp-json\/wp\/v2\/types\/post"}],"author":[{"embeddable":true,"href":"https:\/\/www.gold.fr\/news\/wp-json\/wp\/v2\/users\/18"}],"replies":[{"embeddable":true,"href":"https:\/\/www.gold.fr\/news\/wp-json\/wp\/v2\/comments?post=14847"}],"version-history":[{"count":0,"href":"https:\/\/www.gold.fr\/news\/wp-json\/wp\/v2\/posts\/14847\/revisions"}],"wp:featuredmedia":[{"embeddable":true,"href":"https:\/\/www.gold.fr\/news\/wp-json\/wp\/v2\/media\/7530"}],"wp:attachment":[{"href":"https:\/\/www.gold.fr\/news\/wp-json\/wp\/v2\/media?parent=14847"}],"wp:term":[{"taxonomy":"category","embeddable":true,"href":"https:\/\/www.gold.fr\/news\/wp-json\/wp\/v2\/categories?post=14847"},{"taxonomy":"post_tag","embeddable":true,"href":"https:\/\/www.gold.fr\/news\/wp-json\/wp\/v2\/tags?post=14847"},{"taxonomy":"author","embeddable":true,"href":"https:\/\/www.gold.fr\/news\/wp-json\/wp\/v2\/ppma_author?post=14847"}],"curies":[{"name":"wp","href":"https:\/\/api.w.org\/{rel}","templated":true}]}}