{"id":14841,"date":"2014-06-05T17:00:44","date_gmt":"2014-06-05T15:00:44","guid":{"rendered":"https:\/\/www.gold.fr\/news\/?p=14841"},"modified":"2017-11-02T11:31:46","modified_gmt":"2017-11-02T10:31:46","slug":"les-marches-euro-fetent-la-decision-bce","status":"publish","type":"post","link":"https:\/\/www.gold.fr\/news\/2014\/06\/05\/les-marches-euro-fetent-la-decision-bce\/","title":{"rendered":"Les march\u00e9s euro f\u00eatent la d\u00e9cision BCE"},"content":{"rendered":"<p><img loading=\"lazy\" decoding=\"async\" class=\"alignleft size-thumbnail wp-image-3762\" title=\"Les march\u00e9s euro f\u00eatent la d\u00e9cision BCE\" src=\"https:\/\/www.gold.fr\/news\/wp-content\/uploads\/2011\/11\/BC9966-002-150x150.jpg\" alt=\"\" width=\"150\" height=\"150\" \/><span style=\"font-size: small;\">La banque centrale europ\u00e9enne n\u2019aura pas d\u00e9\u00e7u l\u2019anticipation tr\u00e9pidante qui vibrait autour d\u2019elle depuis deux semaines. <strong>Mario Draghi<\/strong>, pr\u00e9sident de l\u2019institution, vient d\u2019annoncer que son conseil des gouverneurs a d\u00e9cid\u00e9 d\u2019abaisser \u00ab <em>de dix points de base son taux d&rsquo;int\u00e9r\u00eat des op\u00e9rations principales de refinancement, \u00e0 0,15%, de m\u00eame que sa facilit\u00e9 de d\u00e9p\u00f4t, \u00e0 -0,10%<\/em> \u00bb, r\u00e9duisant \u00e9galement \u00ab <em>la facilit\u00e9 de pr\u00eat marginal de 35 points de base \u00e0 0,40%<\/em> \u00bb. L\u2019application de ces d\u00e9cisions entrera en vigueur d\u00e8s le <strong>11 juin 2014<\/strong>.<\/span>    <span style=\"font-size: small;\"> En attendant, les march\u00e9s europ\u00e9ens poussent un \u00e9norme soupir de soulagement et f\u00eatent dignement ces nouvelles mesures d\u2019assouplissement mon\u00e9taire qui devraient booster, sous peu, la monnaie unique ainsi que l\u2019ensemble des march\u00e9s \u00e9conomiques de la zone.<\/span>    <span style=\"font-size: small;\"> Poussant la limite de l\u2019optimisme, un analyste de chez <strong>Barclays Bourse<\/strong> a m\u00eame soulign\u00e9 qu\u2019il \u00e9tait \u00ab <em>probable qu&rsquo;au-del\u00e0 des annonces d\u00e9j\u00e0 int\u00e9gr\u00e9es par les investisseurs, le message d\u00e9livr\u00e9 par <strong>Mario Draghi<\/strong> valide le sentiment que la <strong>BCE<\/strong> sera pr\u00eate \u00e0 aller plus loin si les conditions \u00e9conomiques se d\u00e9gradent<\/em> \u00bb.<\/span>    <span style=\"font-size: small;\"> Rappelons \u00e9galement que, de son c\u00f4t\u00e9, la Banque d&rsquo;Angleterre (<strong>BoE<\/strong>) a simultan\u00e9ment annonc\u00e9 qu\u2019elle maintiendrait ses propres mesures accommodantes inchang\u00e9es, \u00e0 savoir son programme de rachats d&rsquo;actifs \u00e0 <strong>375 milliards de livres<\/strong>, ainsi que son taux de r\u00e9f\u00e9rence \u00e0 <strong>0,50%<\/strong>.<\/span>    <span style=\"font-size: small;\"> A moindre \u00e9chelle, le calendrier \u00e9conomique international du jour inclut \u00e9galement les ventes de d\u00e9tail (pour le mois d\u2019avril) du bloc, et les inscriptions hebdomadaires aux allocations ch\u00f4mage US.<\/span><\/p>\n<!-- AddThis Advanced Settings generic via filter on the_content --><!-- AddThis Share Buttons generic via filter on the_content -->","protected":false},"excerpt":{"rendered":"<p>La banque centrale europ\u00e9enne n\u2019aura pas d\u00e9\u00e7u l\u2019anticipation tr\u00e9pidante qui vibrait autour d\u2019elle depuis deux semaines. Mario Draghi, pr\u00e9sident de l\u2019institution, vient d\u2019annoncer que son conseil des gouverneurs a d\u00e9cid\u00e9 d\u2019abaisser \u00ab de dix points de [&hellip;]<\/p>\n","protected":false},"author":18,"featured_media":3762,"comment_status":"open","ping_status":"open","sticky":false,"template":"","format":"standard","meta":{"_mbp_gutenberg_autopost":false,"_pgmb_is_evergreen":false,"_pgmb_ap_template_id":0,"footnotes":""},"categories":[6],"tags":[143,1000,103,242,1649],"ppma_author":[2565],"class_list":["post-14841","post","type-post","status-publish","format-standard","has-post-thumbnail","hentry","category-articles-de-presse","tag-bce","tag-economie","tag-euro","tag-europe","tag-marches"],"yoast_head":"<!-- This site is optimized with the Yoast SEO plugin v26.9 - https:\/\/yoast.com\/product\/yoast-seo-wordpress\/ -->\n<title>Les march\u00e9s euro f\u00eatent la d\u00e9cision BCE - Gold.fr<\/title>\n<meta name=\"robots\" content=\"index, follow, max-snippet:-1, max-image-preview:large, max-video-preview:-1\" \/>\n<link rel=\"canonical\" href=\"https:\/\/www.gold.fr\/news\/2014\/06\/05\/les-marches-euro-fetent-la-decision-bce\/\" \/>\n<meta property=\"og:locale\" content=\"fr_FR\" \/>\n<meta property=\"og:type\" content=\"article\" \/>\n<meta property=\"og:title\" content=\"Les march\u00e9s euro f\u00eatent la d\u00e9cision BCE - Gold.fr\" \/>\n<meta property=\"og:description\" content=\"La banque centrale europ\u00e9enne n\u2019aura pas d\u00e9\u00e7u l\u2019anticipation tr\u00e9pidante qui vibrait autour d\u2019elle depuis deux semaines. Mario Draghi, pr\u00e9sident de l\u2019institution, vient d\u2019annoncer que son conseil des gouverneurs a d\u00e9cid\u00e9 d\u2019abaisser \u00ab de dix points de [&hellip;]\" \/>\n<meta property=\"og:url\" content=\"https:\/\/www.gold.fr\/news\/2014\/06\/05\/les-marches-euro-fetent-la-decision-bce\/\" \/>\n<meta property=\"og:site_name\" content=\"Gold.fr\" \/>\n<meta property=\"article:publisher\" content=\"https:\/\/www.facebook.com\/Goldfr\/\" \/>\n<meta property=\"article:published_time\" content=\"2014-06-05T15:00:44+00:00\" \/>\n<meta property=\"article:modified_time\" content=\"2017-11-02T10:31:46+00:00\" \/>\n<meta property=\"og:image\" content=\"https:\/\/www.gold.fr\/news\/wp-content\/uploads\/2011\/11\/BC9966-002.jpg\" \/>\n\t<meta property=\"og:image:width\" content=\"600\" \/>\n\t<meta property=\"og:image:height\" content=\"371\" \/>\n\t<meta property=\"og:image:type\" content=\"image\/jpeg\" \/>\n<meta name=\"author\" content=\"Comptoir National de l&#039;Or\" \/>\n<meta name=\"twitter:card\" content=\"summary_large_image\" \/>\n<meta name=\"twitter:label1\" content=\"\u00c9crit par\" \/>\n\t<meta name=\"twitter:data1\" content=\"Comptoir National de l&#039;Or\" \/>\n\t<meta name=\"twitter:label2\" content=\"Dur\u00e9e de lecture estim\u00e9e\" \/>\n\t<meta name=\"twitter:data2\" content=\"1 minute\" \/>\n<script type=\"application\/ld+json\" class=\"yoast-schema-graph\">{\"@context\":\"https:\/\/schema.org\",\"@graph\":[{\"@type\":\"Article\",\"@id\":\"https:\/\/www.gold.fr\/news\/2014\/06\/05\/les-marches-euro-fetent-la-decision-bce\/#article\",\"isPartOf\":{\"@id\":\"https:\/\/www.gold.fr\/news\/2014\/06\/05\/les-marches-euro-fetent-la-decision-bce\/\"},\"author\":{\"name\":\"Comptoir National de l'Or\",\"@id\":\"https:\/\/www.gold.fr\/news\/#\/schema\/person\/760ee7cec237915eebf2be78df0404c4\"},\"headline\":\"Les march\u00e9s euro f\u00eatent la d\u00e9cision BCE\",\"datePublished\":\"2014-06-05T15:00:44+00:00\",\"dateModified\":\"2017-11-02T10:31:46+00:00\",\"mainEntityOfPage\":{\"@id\":\"https:\/\/www.gold.fr\/news\/2014\/06\/05\/les-marches-euro-fetent-la-decision-bce\/\"},\"wordCount\":282,\"commentCount\":0,\"image\":{\"@id\":\"https:\/\/www.gold.fr\/news\/2014\/06\/05\/les-marches-euro-fetent-la-decision-bce\/#primaryimage\"},\"thumbnailUrl\":\"https:\/\/www.gold.fr\/news\/wp-content\/uploads\/2011\/11\/BC9966-002.jpg\",\"keywords\":[\"bce\",\"\u00e9conomie\",\"euro\",\"europe\",\"march\u00e9s\"],\"articleSection\":[\"Articles de presse\"],\"inLanguage\":\"fr-FR\"},{\"@type\":\"WebPage\",\"@id\":\"https:\/\/www.gold.fr\/news\/2014\/06\/05\/les-marches-euro-fetent-la-decision-bce\/\",\"url\":\"https:\/\/www.gold.fr\/news\/2014\/06\/05\/les-marches-euro-fetent-la-decision-bce\/\",\"name\":\"Les march\u00e9s euro f\u00eatent la d\u00e9cision BCE - Gold.fr\",\"isPartOf\":{\"@id\":\"https:\/\/www.gold.fr\/news\/#website\"},\"primaryImageOfPage\":{\"@id\":\"https:\/\/www.gold.fr\/news\/2014\/06\/05\/les-marches-euro-fetent-la-decision-bce\/#primaryimage\"},\"image\":{\"@id\":\"https:\/\/www.gold.fr\/news\/2014\/06\/05\/les-marches-euro-fetent-la-decision-bce\/#primaryimage\"},\"thumbnailUrl\":\"https:\/\/www.gold.fr\/news\/wp-content\/uploads\/2011\/11\/BC9966-002.jpg\",\"datePublished\":\"2014-06-05T15:00:44+00:00\",\"dateModified\":\"2017-11-02T10:31:46+00:00\",\"author\":{\"@id\":\"https:\/\/www.gold.fr\/news\/#\/schema\/person\/760ee7cec237915eebf2be78df0404c4\"},\"breadcrumb\":{\"@id\":\"https:\/\/www.gold.fr\/news\/2014\/06\/05\/les-marches-euro-fetent-la-decision-bce\/#breadcrumb\"},\"inLanguage\":\"fr-FR\",\"potentialAction\":[{\"@type\":\"ReadAction\",\"target\":[\"https:\/\/www.gold.fr\/news\/2014\/06\/05\/les-marches-euro-fetent-la-decision-bce\/\"]}]},{\"@type\":\"ImageObject\",\"inLanguage\":\"fr-FR\",\"@id\":\"https:\/\/www.gold.fr\/news\/2014\/06\/05\/les-marches-euro-fetent-la-decision-bce\/#primaryimage\",\"url\":\"https:\/\/www.gold.fr\/news\/wp-content\/uploads\/2011\/11\/BC9966-002.jpg\",\"contentUrl\":\"https:\/\/www.gold.fr\/news\/wp-content\/uploads\/2011\/11\/BC9966-002.jpg\",\"width\":\"600\",\"height\":\"371\",\"caption\":\"March\u00e9s : Nervosit\u00e9, en attendant Draghi\"},{\"@type\":\"BreadcrumbList\",\"@id\":\"https:\/\/www.gold.fr\/news\/2014\/06\/05\/les-marches-euro-fetent-la-decision-bce\/#breadcrumb\",\"itemListElement\":[{\"@type\":\"ListItem\",\"position\":1,\"name\":\"Accueil\",\"item\":\"https:\/\/www.gold.fr\/\"},{\"@type\":\"ListItem\",\"position\":2,\"name\":\"Actualit\u00e9s\",\"item\":\"https:\/\/www.gold.fr\/news\/\"},{\"@type\":\"ListItem\",\"position\":3,\"name\":\"Les march\u00e9s euro f\u00eatent la d\u00e9cision BCE\"}]},{\"@type\":\"WebSite\",\"@id\":\"https:\/\/www.gold.fr\/news\/#website\",\"url\":\"https:\/\/www.gold.fr\/news\/\",\"name\":\"Gold.fr\",\"description\":\"Actualit\u00e9s de l&#039;Or et des m\u00e9taux pr\u00e9cieux\",\"potentialAction\":[{\"@type\":\"SearchAction\",\"target\":{\"@type\":\"EntryPoint\",\"urlTemplate\":\"https:\/\/www.gold.fr\/news\/?s={search_term_string}\"},\"query-input\":{\"@type\":\"PropertyValueSpecification\",\"valueRequired\":true,\"valueName\":\"search_term_string\"}}],\"inLanguage\":\"fr-FR\"},{\"@type\":\"Person\",\"@id\":\"https:\/\/www.gold.fr\/news\/#\/schema\/person\/760ee7cec237915eebf2be78df0404c4\",\"name\":\"Comptoir National de l'Or\",\"image\":{\"@type\":\"ImageObject\",\"inLanguage\":\"fr-FR\",\"@id\":\"https:\/\/www.gold.fr\/news\/#\/schema\/person\/image\/c36675942654553a86039d2dfa93c740\",\"url\":\"https:\/\/secure.gravatar.com\/avatar\/713f289e398d35ead876c4a4cc08607f0d6d266058cfc25683fffb6092d0e572?s=96&d=mm&r=g\",\"contentUrl\":\"https:\/\/secure.gravatar.com\/avatar\/713f289e398d35ead876c4a4cc08607f0d6d266058cfc25683fffb6092d0e572?s=96&d=mm&r=g\",\"caption\":\"Comptoir National de l'Or\"},\"description\":\"Notre r\u00e9daction est constitu\u00e9e de membres experts dans les m\u00e9tiers de l'\u00e9conomie et la gestion, des Responsables d'agence Comptoir National de l'Or, des analystes financiers qui publient r\u00e9guli\u00e8rement des \u00e9tudes sur les politiques des banques centrales, le cours de l'or, prix de l'or, cours de l'argent, prix de l'argent, cours du platine, cours du palladium,... la situation en zone euro et l'impact de la strat\u00e9gie mon\u00e9taire de la FED. Notre \u00e9quipe scrute \u00e9galement une information plus g\u00e9n\u00e9raliste \u00e0 la recherche d'actualit\u00e9 \\\"p\u00e9pite\\\" \u00e0 vous partager. Depuis 5 ans, nous avons publi\u00e9 un peu plus de 4000 articles qui s'adressent \u00e0 un public large et vari\u00e9 ayant pour objectif de satisfaire votre curiosit\u00e9 et de partager avec vous une certaine fascination pour le m\u00e9tal jaune, le rachat d'or, et pour ceux qui veulent investir dans l'or, vendre leur or tout simplement en savoir plus... Pour tous vos achat or et argent, n'h\u00e9sitez pas \u00e0 prendre rendez-vous dans l'un de nos nombreux comptoirs.\",\"sameAs\":[\"https:\/\/www.gold.fr\"]}]}<\/script>\n<!-- \/ Yoast SEO plugin. -->","yoast_head_json":{"title":"Les march\u00e9s euro f\u00eatent la d\u00e9cision BCE - Gold.fr","robots":{"index":"index","follow":"follow","max-snippet":"max-snippet:-1","max-image-preview":"max-image-preview:large","max-video-preview":"max-video-preview:-1"},"canonical":"https:\/\/www.gold.fr\/news\/2014\/06\/05\/les-marches-euro-fetent-la-decision-bce\/","og_locale":"fr_FR","og_type":"article","og_title":"Les march\u00e9s euro f\u00eatent la d\u00e9cision BCE - Gold.fr","og_description":"La banque centrale europ\u00e9enne n\u2019aura pas d\u00e9\u00e7u l\u2019anticipation tr\u00e9pidante qui vibrait autour d\u2019elle depuis deux semaines. Mario Draghi, pr\u00e9sident de l\u2019institution, vient d\u2019annoncer que son conseil des gouverneurs a d\u00e9cid\u00e9 d\u2019abaisser \u00ab de dix points de [&hellip;]","og_url":"https:\/\/www.gold.fr\/news\/2014\/06\/05\/les-marches-euro-fetent-la-decision-bce\/","og_site_name":"Gold.fr","article_publisher":"https:\/\/www.facebook.com\/Goldfr\/","article_published_time":"2014-06-05T15:00:44+00:00","article_modified_time":"2017-11-02T10:31:46+00:00","og_image":[{"width":600,"height":371,"url":"https:\/\/www.gold.fr\/news\/wp-content\/uploads\/2011\/11\/BC9966-002.jpg","type":"image\/jpeg"}],"author":"Comptoir National de l'Or","twitter_card":"summary_large_image","twitter_misc":{"\u00c9crit par":"Comptoir National de l'Or","Dur\u00e9e de lecture estim\u00e9e":"1 minute"},"schema":{"@context":"https:\/\/schema.org","@graph":[{"@type":"Article","@id":"https:\/\/www.gold.fr\/news\/2014\/06\/05\/les-marches-euro-fetent-la-decision-bce\/#article","isPartOf":{"@id":"https:\/\/www.gold.fr\/news\/2014\/06\/05\/les-marches-euro-fetent-la-decision-bce\/"},"author":{"name":"Comptoir National de l'Or","@id":"https:\/\/www.gold.fr\/news\/#\/schema\/person\/760ee7cec237915eebf2be78df0404c4"},"headline":"Les march\u00e9s euro f\u00eatent la d\u00e9cision BCE","datePublished":"2014-06-05T15:00:44+00:00","dateModified":"2017-11-02T10:31:46+00:00","mainEntityOfPage":{"@id":"https:\/\/www.gold.fr\/news\/2014\/06\/05\/les-marches-euro-fetent-la-decision-bce\/"},"wordCount":282,"commentCount":0,"image":{"@id":"https:\/\/www.gold.fr\/news\/2014\/06\/05\/les-marches-euro-fetent-la-decision-bce\/#primaryimage"},"thumbnailUrl":"https:\/\/www.gold.fr\/news\/wp-content\/uploads\/2011\/11\/BC9966-002.jpg","keywords":["bce","\u00e9conomie","euro","europe","march\u00e9s"],"articleSection":["Articles de presse"],"inLanguage":"fr-FR"},{"@type":"WebPage","@id":"https:\/\/www.gold.fr\/news\/2014\/06\/05\/les-marches-euro-fetent-la-decision-bce\/","url":"https:\/\/www.gold.fr\/news\/2014\/06\/05\/les-marches-euro-fetent-la-decision-bce\/","name":"Les march\u00e9s euro f\u00eatent la d\u00e9cision BCE - Gold.fr","isPartOf":{"@id":"https:\/\/www.gold.fr\/news\/#website"},"primaryImageOfPage":{"@id":"https:\/\/www.gold.fr\/news\/2014\/06\/05\/les-marches-euro-fetent-la-decision-bce\/#primaryimage"},"image":{"@id":"https:\/\/www.gold.fr\/news\/2014\/06\/05\/les-marches-euro-fetent-la-decision-bce\/#primaryimage"},"thumbnailUrl":"https:\/\/www.gold.fr\/news\/wp-content\/uploads\/2011\/11\/BC9966-002.jpg","datePublished":"2014-06-05T15:00:44+00:00","dateModified":"2017-11-02T10:31:46+00:00","author":{"@id":"https:\/\/www.gold.fr\/news\/#\/schema\/person\/760ee7cec237915eebf2be78df0404c4"},"breadcrumb":{"@id":"https:\/\/www.gold.fr\/news\/2014\/06\/05\/les-marches-euro-fetent-la-decision-bce\/#breadcrumb"},"inLanguage":"fr-FR","potentialAction":[{"@type":"ReadAction","target":["https:\/\/www.gold.fr\/news\/2014\/06\/05\/les-marches-euro-fetent-la-decision-bce\/"]}]},{"@type":"ImageObject","inLanguage":"fr-FR","@id":"https:\/\/www.gold.fr\/news\/2014\/06\/05\/les-marches-euro-fetent-la-decision-bce\/#primaryimage","url":"https:\/\/www.gold.fr\/news\/wp-content\/uploads\/2011\/11\/BC9966-002.jpg","contentUrl":"https:\/\/www.gold.fr\/news\/wp-content\/uploads\/2011\/11\/BC9966-002.jpg","width":"600","height":"371","caption":"March\u00e9s : Nervosit\u00e9, en attendant Draghi"},{"@type":"BreadcrumbList","@id":"https:\/\/www.gold.fr\/news\/2014\/06\/05\/les-marches-euro-fetent-la-decision-bce\/#breadcrumb","itemListElement":[{"@type":"ListItem","position":1,"name":"Accueil","item":"https:\/\/www.gold.fr\/"},{"@type":"ListItem","position":2,"name":"Actualit\u00e9s","item":"https:\/\/www.gold.fr\/news\/"},{"@type":"ListItem","position":3,"name":"Les march\u00e9s euro f\u00eatent la d\u00e9cision BCE"}]},{"@type":"WebSite","@id":"https:\/\/www.gold.fr\/news\/#website","url":"https:\/\/www.gold.fr\/news\/","name":"Gold.fr","description":"Actualit\u00e9s de l&#039;Or et des m\u00e9taux pr\u00e9cieux","potentialAction":[{"@type":"SearchAction","target":{"@type":"EntryPoint","urlTemplate":"https:\/\/www.gold.fr\/news\/?s={search_term_string}"},"query-input":{"@type":"PropertyValueSpecification","valueRequired":true,"valueName":"search_term_string"}}],"inLanguage":"fr-FR"},{"@type":"Person","@id":"https:\/\/www.gold.fr\/news\/#\/schema\/person\/760ee7cec237915eebf2be78df0404c4","name":"Comptoir National de l'Or","image":{"@type":"ImageObject","inLanguage":"fr-FR","@id":"https:\/\/www.gold.fr\/news\/#\/schema\/person\/image\/c36675942654553a86039d2dfa93c740","url":"https:\/\/secure.gravatar.com\/avatar\/713f289e398d35ead876c4a4cc08607f0d6d266058cfc25683fffb6092d0e572?s=96&d=mm&r=g","contentUrl":"https:\/\/secure.gravatar.com\/avatar\/713f289e398d35ead876c4a4cc08607f0d6d266058cfc25683fffb6092d0e572?s=96&d=mm&r=g","caption":"Comptoir National de l'Or"},"description":"Notre r\u00e9daction est constitu\u00e9e de membres experts dans les m\u00e9tiers de l'\u00e9conomie et la gestion, des Responsables d'agence Comptoir National de l'Or, des analystes financiers qui publient r\u00e9guli\u00e8rement des \u00e9tudes sur les politiques des banques centrales, le cours de l'or, prix de l'or, cours de l'argent, prix de l'argent, cours du platine, cours du palladium,... la situation en zone euro et l'impact de la strat\u00e9gie mon\u00e9taire de la FED. Notre \u00e9quipe scrute \u00e9galement une information plus g\u00e9n\u00e9raliste \u00e0 la recherche d'actualit\u00e9 \"p\u00e9pite\" \u00e0 vous partager. Depuis 5 ans, nous avons publi\u00e9 un peu plus de 4000 articles qui s'adressent \u00e0 un public large et vari\u00e9 ayant pour objectif de satisfaire votre curiosit\u00e9 et de partager avec vous une certaine fascination pour le m\u00e9tal jaune, le rachat d'or, et pour ceux qui veulent investir dans l'or, vendre leur or tout simplement en savoir plus... Pour tous vos achat or et argent, n'h\u00e9sitez pas \u00e0 prendre rendez-vous dans l'un de nos nombreux comptoirs.","sameAs":["https:\/\/www.gold.fr"]}]}},"authors":[{"term_id":2565,"user_id":18,"is_guest":0,"slug":"julie","display_name":"Comptoir National de l'Or","avatar_url":"https:\/\/secure.gravatar.com\/avatar\/713f289e398d35ead876c4a4cc08607f0d6d266058cfc25683fffb6092d0e572?s=96&d=mm&r=g","0":null,"1":"","2":"","3":"","4":"","5":"","6":"","7":"","8":""}],"_links":{"self":[{"href":"https:\/\/www.gold.fr\/news\/wp-json\/wp\/v2\/posts\/14841","targetHints":{"allow":["GET"]}}],"collection":[{"href":"https:\/\/www.gold.fr\/news\/wp-json\/wp\/v2\/posts"}],"about":[{"href":"https:\/\/www.gold.fr\/news\/wp-json\/wp\/v2\/types\/post"}],"author":[{"embeddable":true,"href":"https:\/\/www.gold.fr\/news\/wp-json\/wp\/v2\/users\/18"}],"replies":[{"embeddable":true,"href":"https:\/\/www.gold.fr\/news\/wp-json\/wp\/v2\/comments?post=14841"}],"version-history":[{"count":0,"href":"https:\/\/www.gold.fr\/news\/wp-json\/wp\/v2\/posts\/14841\/revisions"}],"wp:featuredmedia":[{"embeddable":true,"href":"https:\/\/www.gold.fr\/news\/wp-json\/wp\/v2\/media\/3762"}],"wp:attachment":[{"href":"https:\/\/www.gold.fr\/news\/wp-json\/wp\/v2\/media?parent=14841"}],"wp:term":[{"taxonomy":"category","embeddable":true,"href":"https:\/\/www.gold.fr\/news\/wp-json\/wp\/v2\/categories?post=14841"},{"taxonomy":"post_tag","embeddable":true,"href":"https:\/\/www.gold.fr\/news\/wp-json\/wp\/v2\/tags?post=14841"},{"taxonomy":"author","embeddable":true,"href":"https:\/\/www.gold.fr\/news\/wp-json\/wp\/v2\/ppma_author?post=14841"}],"curies":[{"name":"wp","href":"https:\/\/api.w.org\/{rel}","templated":true}]}}