{"id":14826,"date":"2014-06-05T14:39:29","date_gmt":"2014-06-05T12:39:29","guid":{"rendered":"https:\/\/www.gold.fr\/news\/?p=14826"},"modified":"2021-01-13T16:20:03","modified_gmt":"2021-01-13T15:20:03","slug":"un-sacre-velo-tout-terrain","status":"publish","type":"post","link":"https:\/\/www.gold.fr\/news\/2014\/06\/05\/un-sacre-velo-tout-terrain\/","title":{"rendered":"Un sacr\u00e9 V\u00e9lo tout terrain \u2026 !"},"content":{"rendered":"<p><a href=\"https:\/\/www.gold.fr\/news\/wp-content\/uploads\/2014\/06\/Photo182.jpg\"><img loading=\"lazy\" decoding=\"async\" class=\"alignleft size-thumbnail wp-image-14836\" src=\"https:\/\/www.gold.fr\/news\/wp-content\/uploads\/2014\/06\/Photo182-150x125.jpg\" alt=\"\" width=\"150\" height=\"125\" srcset=\"https:\/\/www.gold.fr\/news\/wp-content\/uploads\/2014\/06\/Photo182-150x125.jpg 150w, https:\/\/www.gold.fr\/news\/wp-content\/uploads\/2014\/06\/Photo182-1x1.jpg 1w\" sizes=\"auto, (max-width: 150px) 100vw, 150px\" \/><\/a>R\u00e9put\u00e9e pour transformer les objets les plus simples et les plus classiques en \u0153uvres d&rsquo;arts, la soci\u00e9t\u00e9 am\u00e9ricaine \u00ab\u00a0The House of Solid Gold\u00a0\u00bb du fondateur Hugh Power teste son pouvoir sur un nouveau terrain\u00a0! C&rsquo;est avec l&rsquo;\u00e9troite collaboration du c\u00e9l\u00e9brissime athl\u00e8te mais \u00e9galement auteur de l&rsquo;\u00ab\u00a0Iditabike\u00a0\u00bb, course longue distance en Alaska, que le plus incroyable des v\u00e9los tout terrain a vu le jour. Incroyablement brillant, ce v\u00e9lo surnomm\u00e9 \u00ab\u00a0The Berverly Hills Edition\u00a0\u00bb est enti\u00e8rement recouvert d&rsquo;<a class=\"esk-seo-plu-link\" href=\"https:\/\/www.gold.fr\/news\/tags\/or\">or<\/a> 24 carats. Sa fabrication a demand\u00e9 750 heures de travail \u00e0 la main avec l&rsquo;utilisation de techniques modernes pour manier l&rsquo;<a class=\"esk-seo-plu-link\" href=\"https:\/\/www.gold.fr\/news\/tags\/or\">or<\/a>. Il est pr\u00e9vu que ce chef d&rsquo;\u0153uvre ne soit disponible qu&rsquo;en quantit\u00e9 limit\u00e9e \u00e0 13 exemplaires\u00a0! Chaque v\u00e9lo sera personnalis\u00e9 \u00a0et devra r\u00e9pondre aux moindres exigences du futur propri\u00e9taire. Il est incrust\u00e9 de 600 diamants noirs de 6 carats ainsi que de 500 diamants bleus de 4,5 carats. La selle est de plus, personnalis\u00e9e et en alligator de couleur chocolat, absolument splendide\u00a0! La gourde n&rsquo;a pas \u00e9t\u00e9 oubli\u00e9e non plus puisqu&rsquo;elle est aussi en plaqu\u00e9 <a href=\"https:\/\/www.gold.fr\/cours-or-prix-de-l-or\/\">or<\/a>\u2026Pour finir, le v\u00e9lo est grav\u00e9 au laser avec la signature de l&rsquo;artiste, la date et le num\u00e9ro, le tout accompagn\u00e9 d&rsquo;un certificat d&rsquo;authenticit\u00e9. Ce joyau exceptionnel est disponible partout dans le monde et pourra \u00eatre livr\u00e9 gr\u00e2ce \u00e0 un service de livraison ultra luxueux fourni par l&rsquo;artiste. En r\u00e9alit\u00e9, 90% du prix d&rsquo;achat sera revers\u00e9 \u00e0 une organisation du nom de \u00ab\u00a0The Way to Happiness\u00a0\u00bb qui \u0153uvre pour le principe du \u00ab\u00a0Mieux vivre\u00a0\u00bb. Il reste \u00e0 savoir si cet argument suppl\u00e9mentaire sera assez suffisant pour encourager les \u00e2mes g\u00e9n\u00e9reuses \u00e0 mettre la main \u00e0 la poche\u2026\u00a0!<\/p>\n<p style=\"text-align: right;\" align=\"right\"><span style=\"text-align: justify;\">(Source : sheikhdacize.com)<\/span><\/p>\n<!-- AddThis Advanced Settings generic via filter on the_content --><!-- AddThis Share Buttons generic via filter on the_content -->","protected":false},"excerpt":{"rendered":"<p>R\u00e9put\u00e9e pour transformer les objets les plus simples et les plus classiques en \u0153uvres d&rsquo;arts, la soci\u00e9t\u00e9 am\u00e9ricaine \u00ab\u00a0The House of Solid Gold\u00a0\u00bb du fondateur Hugh Power teste son pouvoir sur un nouveau terrain\u00a0! C&rsquo;est avec [&hellip;]<\/p>\n","protected":false},"author":18,"featured_media":14828,"comment_status":"closed","ping_status":"closed","sticky":false,"template":"","format":"standard","meta":{"_mbp_gutenberg_autopost":false,"_pgmb_is_evergreen":false,"_pgmb_ap_template_id":0,"footnotes":""},"categories":[6],"tags":[76],"ppma_author":[2565],"class_list":["post-14826","post","type-post","status-publish","format-standard","has-post-thumbnail","hentry","category-articles-de-presse","tag-or"],"yoast_head":"<!-- This site is optimized with the Yoast SEO plugin v26.9 - https:\/\/yoast.com\/product\/yoast-seo-wordpress\/ -->\n<title>Un sacr\u00e9 V\u00e9lo tout terrain \u2026 ! - Gold.fr<\/title>\n<meta name=\"description\" content=\"Un sacr\u00e9 V\u00e9lo tout terrain \u2026 ! Plus d&#039;informations sur \u00ab The Berverly Hills Edition \u00bb et l&#039;actualit\u00e9 de l&#039;or sur Gold.fr, le site d&#039;experts du Comptoir National de l&#039;Or.\" \/>\n<meta name=\"robots\" content=\"index, follow, max-snippet:-1, max-image-preview:large, max-video-preview:-1\" \/>\n<link rel=\"canonical\" href=\"https:\/\/www.gold.fr\/news\/2014\/06\/05\/un-sacre-velo-tout-terrain\/\" \/>\n<meta property=\"og:locale\" content=\"fr_FR\" \/>\n<meta property=\"og:type\" content=\"article\" \/>\n<meta property=\"og:title\" content=\"Un sacr\u00e9 V\u00e9lo tout terrain \u2026 ! - Gold.fr\" \/>\n<meta property=\"og:description\" content=\"Un sacr\u00e9 V\u00e9lo tout terrain \u2026 ! Plus d&#039;informations sur \u00ab The Berverly Hills Edition \u00bb et l&#039;actualit\u00e9 de l&#039;or sur Gold.fr, le site d&#039;experts du Comptoir National de l&#039;Or.\" \/>\n<meta property=\"og:url\" content=\"https:\/\/www.gold.fr\/news\/2014\/06\/05\/un-sacre-velo-tout-terrain\/\" \/>\n<meta property=\"og:site_name\" content=\"Gold.fr\" \/>\n<meta property=\"article:publisher\" content=\"https:\/\/www.facebook.com\/Goldfr\/\" \/>\n<meta property=\"article:published_time\" content=\"2014-06-05T12:39:29+00:00\" \/>\n<meta property=\"article:modified_time\" content=\"2021-01-13T15:20:03+00:00\" \/>\n<meta property=\"og:image\" content=\"https:\/\/www.gold.fr\/news\/wp-content\/uploads\/2014\/06\/Photo18.jpg\" \/>\n\t<meta property=\"og:image:width\" content=\"640\" \/>\n\t<meta property=\"og:image:height\" content=\"367\" \/>\n\t<meta property=\"og:image:type\" content=\"image\/jpeg\" \/>\n<meta name=\"author\" content=\"Comptoir National de l&#039;Or\" \/>\n<meta name=\"twitter:card\" content=\"summary_large_image\" \/>\n<meta name=\"twitter:label1\" content=\"\u00c9crit par\" \/>\n\t<meta name=\"twitter:data1\" content=\"Comptoir National de l&#039;Or\" \/>\n\t<meta name=\"twitter:label2\" content=\"Dur\u00e9e de lecture estim\u00e9e\" \/>\n\t<meta name=\"twitter:data2\" content=\"1 minute\" \/>\n<script type=\"application\/ld+json\" class=\"yoast-schema-graph\">{\"@context\":\"https:\/\/schema.org\",\"@graph\":[{\"@type\":\"Article\",\"@id\":\"https:\/\/www.gold.fr\/news\/2014\/06\/05\/un-sacre-velo-tout-terrain\/#article\",\"isPartOf\":{\"@id\":\"https:\/\/www.gold.fr\/news\/2014\/06\/05\/un-sacre-velo-tout-terrain\/\"},\"author\":{\"name\":\"Comptoir National de l'Or\",\"@id\":\"https:\/\/www.gold.fr\/news\/#\/schema\/person\/760ee7cec237915eebf2be78df0404c4\"},\"headline\":\"Un sacr\u00e9 V\u00e9lo tout terrain \u2026 !\",\"datePublished\":\"2014-06-05T12:39:29+00:00\",\"dateModified\":\"2021-01-13T15:20:03+00:00\",\"mainEntityOfPage\":{\"@id\":\"https:\/\/www.gold.fr\/news\/2014\/06\/05\/un-sacre-velo-tout-terrain\/\"},\"wordCount\":304,\"image\":{\"@id\":\"https:\/\/www.gold.fr\/news\/2014\/06\/05\/un-sacre-velo-tout-terrain\/#primaryimage\"},\"thumbnailUrl\":\"https:\/\/www.gold.fr\/news\/wp-content\/uploads\/2014\/06\/Photo18.jpg\",\"keywords\":[\"Or\"],\"articleSection\":[\"Articles de presse\"],\"inLanguage\":\"fr-FR\"},{\"@type\":\"WebPage\",\"@id\":\"https:\/\/www.gold.fr\/news\/2014\/06\/05\/un-sacre-velo-tout-terrain\/\",\"url\":\"https:\/\/www.gold.fr\/news\/2014\/06\/05\/un-sacre-velo-tout-terrain\/\",\"name\":\"Un sacr\u00e9 V\u00e9lo tout terrain \u2026 ! - Gold.fr\",\"isPartOf\":{\"@id\":\"https:\/\/www.gold.fr\/news\/#website\"},\"primaryImageOfPage\":{\"@id\":\"https:\/\/www.gold.fr\/news\/2014\/06\/05\/un-sacre-velo-tout-terrain\/#primaryimage\"},\"image\":{\"@id\":\"https:\/\/www.gold.fr\/news\/2014\/06\/05\/un-sacre-velo-tout-terrain\/#primaryimage\"},\"thumbnailUrl\":\"https:\/\/www.gold.fr\/news\/wp-content\/uploads\/2014\/06\/Photo18.jpg\",\"datePublished\":\"2014-06-05T12:39:29+00:00\",\"dateModified\":\"2021-01-13T15:20:03+00:00\",\"author\":{\"@id\":\"https:\/\/www.gold.fr\/news\/#\/schema\/person\/760ee7cec237915eebf2be78df0404c4\"},\"description\":\"Un sacr\u00e9 V\u00e9lo tout terrain \u2026 ! Plus d'informations sur \u00ab The Berverly Hills Edition \u00bb et l'actualit\u00e9 de l'or sur Gold.fr, le site d'experts du Comptoir National de l'Or.\",\"breadcrumb\":{\"@id\":\"https:\/\/www.gold.fr\/news\/2014\/06\/05\/un-sacre-velo-tout-terrain\/#breadcrumb\"},\"inLanguage\":\"fr-FR\",\"potentialAction\":[{\"@type\":\"ReadAction\",\"target\":[\"https:\/\/www.gold.fr\/news\/2014\/06\/05\/un-sacre-velo-tout-terrain\/\"]}]},{\"@type\":\"ImageObject\",\"inLanguage\":\"fr-FR\",\"@id\":\"https:\/\/www.gold.fr\/news\/2014\/06\/05\/un-sacre-velo-tout-terrain\/#primaryimage\",\"url\":\"https:\/\/www.gold.fr\/news\/wp-content\/uploads\/2014\/06\/Photo18.jpg\",\"contentUrl\":\"https:\/\/www.gold.fr\/news\/wp-content\/uploads\/2014\/06\/Photo18.jpg\",\"width\":\"640\",\"height\":\"367\",\"caption\":\"V\u00e9lo en or\"},{\"@type\":\"BreadcrumbList\",\"@id\":\"https:\/\/www.gold.fr\/news\/2014\/06\/05\/un-sacre-velo-tout-terrain\/#breadcrumb\",\"itemListElement\":[{\"@type\":\"ListItem\",\"position\":1,\"name\":\"Accueil\",\"item\":\"https:\/\/www.gold.fr\/\"},{\"@type\":\"ListItem\",\"position\":2,\"name\":\"Actualit\u00e9s\",\"item\":\"https:\/\/www.gold.fr\/news\/\"},{\"@type\":\"ListItem\",\"position\":3,\"name\":\"Un sacr\u00e9 V\u00e9lo tout terrain \u2026 !\"}]},{\"@type\":\"WebSite\",\"@id\":\"https:\/\/www.gold.fr\/news\/#website\",\"url\":\"https:\/\/www.gold.fr\/news\/\",\"name\":\"Gold.fr\",\"description\":\"Actualit\u00e9s de l&#039;Or et des m\u00e9taux pr\u00e9cieux\",\"potentialAction\":[{\"@type\":\"SearchAction\",\"target\":{\"@type\":\"EntryPoint\",\"urlTemplate\":\"https:\/\/www.gold.fr\/news\/?s={search_term_string}\"},\"query-input\":{\"@type\":\"PropertyValueSpecification\",\"valueRequired\":true,\"valueName\":\"search_term_string\"}}],\"inLanguage\":\"fr-FR\"},{\"@type\":\"Person\",\"@id\":\"https:\/\/www.gold.fr\/news\/#\/schema\/person\/760ee7cec237915eebf2be78df0404c4\",\"name\":\"Comptoir National de l'Or\",\"image\":{\"@type\":\"ImageObject\",\"inLanguage\":\"fr-FR\",\"@id\":\"https:\/\/www.gold.fr\/news\/#\/schema\/person\/image\/c36675942654553a86039d2dfa93c740\",\"url\":\"https:\/\/secure.gravatar.com\/avatar\/713f289e398d35ead876c4a4cc08607f0d6d266058cfc25683fffb6092d0e572?s=96&d=mm&r=g\",\"contentUrl\":\"https:\/\/secure.gravatar.com\/avatar\/713f289e398d35ead876c4a4cc08607f0d6d266058cfc25683fffb6092d0e572?s=96&d=mm&r=g\",\"caption\":\"Comptoir National de l'Or\"},\"description\":\"Notre r\u00e9daction est constitu\u00e9e de membres experts dans les m\u00e9tiers de l'\u00e9conomie et la gestion, des Responsables d'agence Comptoir National de l'Or, des analystes financiers qui publient r\u00e9guli\u00e8rement des \u00e9tudes sur les politiques des banques centrales, le cours de l'or, prix de l'or, cours de l'argent, prix de l'argent, cours du platine, cours du palladium,... la situation en zone euro et l'impact de la strat\u00e9gie mon\u00e9taire de la FED. Notre \u00e9quipe scrute \u00e9galement une information plus g\u00e9n\u00e9raliste \u00e0 la recherche d'actualit\u00e9 \\\"p\u00e9pite\\\" \u00e0 vous partager. Depuis 5 ans, nous avons publi\u00e9 un peu plus de 4000 articles qui s'adressent \u00e0 un public large et vari\u00e9 ayant pour objectif de satisfaire votre curiosit\u00e9 et de partager avec vous une certaine fascination pour le m\u00e9tal jaune, le rachat d'or, et pour ceux qui veulent investir dans l'or, vendre leur or tout simplement en savoir plus... Pour tous vos achat or et argent, n'h\u00e9sitez pas \u00e0 prendre rendez-vous dans l'un de nos nombreux comptoirs.\",\"sameAs\":[\"https:\/\/www.gold.fr\"]}]}<\/script>\n<!-- \/ Yoast SEO plugin. -->","yoast_head_json":{"title":"Un sacr\u00e9 V\u00e9lo tout terrain \u2026 ! - Gold.fr","description":"Un sacr\u00e9 V\u00e9lo tout terrain \u2026 ! Plus d'informations sur \u00ab The Berverly Hills Edition \u00bb et l'actualit\u00e9 de l'or sur Gold.fr, le site d'experts du Comptoir National de l'Or.","robots":{"index":"index","follow":"follow","max-snippet":"max-snippet:-1","max-image-preview":"max-image-preview:large","max-video-preview":"max-video-preview:-1"},"canonical":"https:\/\/www.gold.fr\/news\/2014\/06\/05\/un-sacre-velo-tout-terrain\/","og_locale":"fr_FR","og_type":"article","og_title":"Un sacr\u00e9 V\u00e9lo tout terrain \u2026 ! - Gold.fr","og_description":"Un sacr\u00e9 V\u00e9lo tout terrain \u2026 ! Plus d'informations sur \u00ab The Berverly Hills Edition \u00bb et l'actualit\u00e9 de l'or sur Gold.fr, le site d'experts du Comptoir National de l'Or.","og_url":"https:\/\/www.gold.fr\/news\/2014\/06\/05\/un-sacre-velo-tout-terrain\/","og_site_name":"Gold.fr","article_publisher":"https:\/\/www.facebook.com\/Goldfr\/","article_published_time":"2014-06-05T12:39:29+00:00","article_modified_time":"2021-01-13T15:20:03+00:00","og_image":[{"width":640,"height":367,"url":"https:\/\/www.gold.fr\/news\/wp-content\/uploads\/2014\/06\/Photo18.jpg","type":"image\/jpeg"}],"author":"Comptoir National de l'Or","twitter_card":"summary_large_image","twitter_misc":{"\u00c9crit par":"Comptoir National de l'Or","Dur\u00e9e de lecture estim\u00e9e":"1 minute"},"schema":{"@context":"https:\/\/schema.org","@graph":[{"@type":"Article","@id":"https:\/\/www.gold.fr\/news\/2014\/06\/05\/un-sacre-velo-tout-terrain\/#article","isPartOf":{"@id":"https:\/\/www.gold.fr\/news\/2014\/06\/05\/un-sacre-velo-tout-terrain\/"},"author":{"name":"Comptoir National de l'Or","@id":"https:\/\/www.gold.fr\/news\/#\/schema\/person\/760ee7cec237915eebf2be78df0404c4"},"headline":"Un sacr\u00e9 V\u00e9lo tout terrain \u2026 !","datePublished":"2014-06-05T12:39:29+00:00","dateModified":"2021-01-13T15:20:03+00:00","mainEntityOfPage":{"@id":"https:\/\/www.gold.fr\/news\/2014\/06\/05\/un-sacre-velo-tout-terrain\/"},"wordCount":304,"image":{"@id":"https:\/\/www.gold.fr\/news\/2014\/06\/05\/un-sacre-velo-tout-terrain\/#primaryimage"},"thumbnailUrl":"https:\/\/www.gold.fr\/news\/wp-content\/uploads\/2014\/06\/Photo18.jpg","keywords":["Or"],"articleSection":["Articles de presse"],"inLanguage":"fr-FR"},{"@type":"WebPage","@id":"https:\/\/www.gold.fr\/news\/2014\/06\/05\/un-sacre-velo-tout-terrain\/","url":"https:\/\/www.gold.fr\/news\/2014\/06\/05\/un-sacre-velo-tout-terrain\/","name":"Un sacr\u00e9 V\u00e9lo tout terrain \u2026 ! - Gold.fr","isPartOf":{"@id":"https:\/\/www.gold.fr\/news\/#website"},"primaryImageOfPage":{"@id":"https:\/\/www.gold.fr\/news\/2014\/06\/05\/un-sacre-velo-tout-terrain\/#primaryimage"},"image":{"@id":"https:\/\/www.gold.fr\/news\/2014\/06\/05\/un-sacre-velo-tout-terrain\/#primaryimage"},"thumbnailUrl":"https:\/\/www.gold.fr\/news\/wp-content\/uploads\/2014\/06\/Photo18.jpg","datePublished":"2014-06-05T12:39:29+00:00","dateModified":"2021-01-13T15:20:03+00:00","author":{"@id":"https:\/\/www.gold.fr\/news\/#\/schema\/person\/760ee7cec237915eebf2be78df0404c4"},"description":"Un sacr\u00e9 V\u00e9lo tout terrain \u2026 ! Plus d'informations sur \u00ab The Berverly Hills Edition \u00bb et l'actualit\u00e9 de l'or sur Gold.fr, le site d'experts du Comptoir National de l'Or.","breadcrumb":{"@id":"https:\/\/www.gold.fr\/news\/2014\/06\/05\/un-sacre-velo-tout-terrain\/#breadcrumb"},"inLanguage":"fr-FR","potentialAction":[{"@type":"ReadAction","target":["https:\/\/www.gold.fr\/news\/2014\/06\/05\/un-sacre-velo-tout-terrain\/"]}]},{"@type":"ImageObject","inLanguage":"fr-FR","@id":"https:\/\/www.gold.fr\/news\/2014\/06\/05\/un-sacre-velo-tout-terrain\/#primaryimage","url":"https:\/\/www.gold.fr\/news\/wp-content\/uploads\/2014\/06\/Photo18.jpg","contentUrl":"https:\/\/www.gold.fr\/news\/wp-content\/uploads\/2014\/06\/Photo18.jpg","width":"640","height":"367","caption":"V\u00e9lo en or"},{"@type":"BreadcrumbList","@id":"https:\/\/www.gold.fr\/news\/2014\/06\/05\/un-sacre-velo-tout-terrain\/#breadcrumb","itemListElement":[{"@type":"ListItem","position":1,"name":"Accueil","item":"https:\/\/www.gold.fr\/"},{"@type":"ListItem","position":2,"name":"Actualit\u00e9s","item":"https:\/\/www.gold.fr\/news\/"},{"@type":"ListItem","position":3,"name":"Un sacr\u00e9 V\u00e9lo tout terrain \u2026 !"}]},{"@type":"WebSite","@id":"https:\/\/www.gold.fr\/news\/#website","url":"https:\/\/www.gold.fr\/news\/","name":"Gold.fr","description":"Actualit\u00e9s de l&#039;Or et des m\u00e9taux pr\u00e9cieux","potentialAction":[{"@type":"SearchAction","target":{"@type":"EntryPoint","urlTemplate":"https:\/\/www.gold.fr\/news\/?s={search_term_string}"},"query-input":{"@type":"PropertyValueSpecification","valueRequired":true,"valueName":"search_term_string"}}],"inLanguage":"fr-FR"},{"@type":"Person","@id":"https:\/\/www.gold.fr\/news\/#\/schema\/person\/760ee7cec237915eebf2be78df0404c4","name":"Comptoir National de l'Or","image":{"@type":"ImageObject","inLanguage":"fr-FR","@id":"https:\/\/www.gold.fr\/news\/#\/schema\/person\/image\/c36675942654553a86039d2dfa93c740","url":"https:\/\/secure.gravatar.com\/avatar\/713f289e398d35ead876c4a4cc08607f0d6d266058cfc25683fffb6092d0e572?s=96&d=mm&r=g","contentUrl":"https:\/\/secure.gravatar.com\/avatar\/713f289e398d35ead876c4a4cc08607f0d6d266058cfc25683fffb6092d0e572?s=96&d=mm&r=g","caption":"Comptoir National de l'Or"},"description":"Notre r\u00e9daction est constitu\u00e9e de membres experts dans les m\u00e9tiers de l'\u00e9conomie et la gestion, des Responsables d'agence Comptoir National de l'Or, des analystes financiers qui publient r\u00e9guli\u00e8rement des \u00e9tudes sur les politiques des banques centrales, le cours de l'or, prix de l'or, cours de l'argent, prix de l'argent, cours du platine, cours du palladium,... la situation en zone euro et l'impact de la strat\u00e9gie mon\u00e9taire de la FED. Notre \u00e9quipe scrute \u00e9galement une information plus g\u00e9n\u00e9raliste \u00e0 la recherche d'actualit\u00e9 \"p\u00e9pite\" \u00e0 vous partager. Depuis 5 ans, nous avons publi\u00e9 un peu plus de 4000 articles qui s'adressent \u00e0 un public large et vari\u00e9 ayant pour objectif de satisfaire votre curiosit\u00e9 et de partager avec vous une certaine fascination pour le m\u00e9tal jaune, le rachat d'or, et pour ceux qui veulent investir dans l'or, vendre leur or tout simplement en savoir plus... Pour tous vos achat or et argent, n'h\u00e9sitez pas \u00e0 prendre rendez-vous dans l'un de nos nombreux comptoirs.","sameAs":["https:\/\/www.gold.fr"]}]}},"authors":[{"term_id":2565,"user_id":18,"is_guest":0,"slug":"julie","display_name":"Comptoir National de l'Or","avatar_url":"https:\/\/secure.gravatar.com\/avatar\/713f289e398d35ead876c4a4cc08607f0d6d266058cfc25683fffb6092d0e572?s=96&d=mm&r=g","0":null,"1":"","2":"","3":"","4":"","5":"","6":"","7":"","8":""}],"_links":{"self":[{"href":"https:\/\/www.gold.fr\/news\/wp-json\/wp\/v2\/posts\/14826","targetHints":{"allow":["GET"]}}],"collection":[{"href":"https:\/\/www.gold.fr\/news\/wp-json\/wp\/v2\/posts"}],"about":[{"href":"https:\/\/www.gold.fr\/news\/wp-json\/wp\/v2\/types\/post"}],"author":[{"embeddable":true,"href":"https:\/\/www.gold.fr\/news\/wp-json\/wp\/v2\/users\/18"}],"replies":[{"embeddable":true,"href":"https:\/\/www.gold.fr\/news\/wp-json\/wp\/v2\/comments?post=14826"}],"version-history":[{"count":0,"href":"https:\/\/www.gold.fr\/news\/wp-json\/wp\/v2\/posts\/14826\/revisions"}],"wp:featuredmedia":[{"embeddable":true,"href":"https:\/\/www.gold.fr\/news\/wp-json\/wp\/v2\/media\/14828"}],"wp:attachment":[{"href":"https:\/\/www.gold.fr\/news\/wp-json\/wp\/v2\/media?parent=14826"}],"wp:term":[{"taxonomy":"category","embeddable":true,"href":"https:\/\/www.gold.fr\/news\/wp-json\/wp\/v2\/categories?post=14826"},{"taxonomy":"post_tag","embeddable":true,"href":"https:\/\/www.gold.fr\/news\/wp-json\/wp\/v2\/tags?post=14826"},{"taxonomy":"author","embeddable":true,"href":"https:\/\/www.gold.fr\/news\/wp-json\/wp\/v2\/ppma_author?post=14826"}],"curies":[{"name":"wp","href":"https:\/\/api.w.org\/{rel}","templated":true}]}}