{"id":14809,"date":"2014-06-04T09:00:57","date_gmt":"2014-06-04T07:00:57","guid":{"rendered":"https:\/\/www.gold.fr\/news\/?p=14809"},"modified":"2017-11-02T11:31:46","modified_gmt":"2017-11-02T10:31:46","slug":"la-bce-peut-elle-changer-la-donne","status":"publish","type":"post","link":"https:\/\/www.gold.fr\/news\/2014\/06\/04\/la-bce-peut-elle-changer-la-donne\/","title":{"rendered":"La BCE peut-elle changer la donne ?"},"content":{"rendered":"<p><img loading=\"lazy\" decoding=\"async\" class=\"alignleft size-thumbnail wp-image-7530\" title=\"La BCE peut-elle changer la donne ?\" src=\"https:\/\/www.gold.fr\/news\/wp-content\/uploads\/2012\/05\/cours-de-l-or1-150x150.jpg\" alt=\"\" width=\"150\" height=\"150\" \/><span style=\"font-size: small;\">Avec les r\u00e9centes \u00e9volutions (parfois euphoriques et globalement instables) des march\u00e9s \u00e9conomiques mondiaux, les \u00e9v\u00e9nements jug\u00e9s \u2018<em>majeurs<\/em>\u2019, pr\u00e9vus dans le calendrier \u00e9conomique am\u00e9ricain et\/ou europ\u00e9en attirent actuellement une attention particuli\u00e8rement intense, dans l\u2019espoir d\u2019y d\u00e9celer une indication suffisamment solide pour changer les perspectives (jusque l\u00e0 lin\u00e9aires) de la plan\u00e8te \u00e9conomique.<\/span>    <span style=\"font-size: small;\"> C\u2019est dans ce cadre que s\u2019inscrit la prochaine annonce de la banque centrale europ\u00e9enne, pr\u00e9vue pour jeudi 5 juin, qui fera suite \u00e0 la traditionnelle r\u00e9union mensuelle du conseil des gouverneurs de l\u2019institution.<\/span>    <span style=\"font-size: small;\"> Les experts du groupe <strong>IG<\/strong> estiment d\u2019ailleurs, \u00e0 ce propos, que \u00ab<em> les investisseurs vont continuer \u00e0 se concentrer sur l&rsquo;inflation apr\u00e8s le chiffre allemand et les propos du membre de la <strong>BCE Ewald Nowotny<\/strong>, sugg\u00e9rant qu&rsquo;une inflation plus \u00e9lev\u00e9e est n\u00e9cessaire pour pr\u00e9venir une d\u00e9flation \u00e0 la japonaise<\/em> \u00bb. Faut-il donc plut\u00f4t guetter l\u2019\u00e9volution asiatique ? Pas vraiment. Le point de mire demeure la zone euro et sa premi\u00e8re institution financi\u00e8re, fait que confirment les analystes de <strong>Natixis<\/strong> qui soulignent que \u00ab <em>l\u2019inflation mod\u00e9r\u00e9e est clairement positive pour la demande int\u00e9rieure, mais elle va sans aucun doute renforcer les craintes de d\u00e9flation dans la zone euro, mettant donc de plus en plus la pression sur les \u00e9paules de la <strong>BCE<\/strong><\/em> \u00bb.<\/span>    <span style=\"font-size: small;\"> Dans tous les cas, les op\u00e9rateurs sont majoritairement confiants \u00e0 ce sujet, tablant, dans l\u2019ensemble, sur des perspectives positives selon lesquelles la <strong>BCE<\/strong> prendrait \u00ab <em>le relai des injections mon\u00e9taires avant cet automne<\/em> \u00bb.<\/span><\/p>\n<!-- AddThis Advanced Settings generic via filter on the_content --><!-- AddThis Share Buttons generic via filter on the_content -->","protected":false},"excerpt":{"rendered":"<p>Avec les r\u00e9centes \u00e9volutions (parfois euphoriques et globalement instables) des march\u00e9s \u00e9conomiques mondiaux, les \u00e9v\u00e9nements jug\u00e9s \u2018majeurs\u2019, pr\u00e9vus dans le calendrier \u00e9conomique am\u00e9ricain et\/ou europ\u00e9en attirent actuellement une attention particuli\u00e8rement intense, dans l\u2019espoir d\u2019y d\u00e9celer une [&hellip;]<\/p>\n","protected":false},"author":18,"featured_media":7530,"comment_status":"open","ping_status":"open","sticky":false,"template":"","format":"standard","meta":{"_mbp_gutenberg_autopost":false,"_pgmb_is_evergreen":false,"_pgmb_ap_template_id":0,"footnotes":""},"categories":[6],"tags":[143,1000,242,116],"ppma_author":[2565],"class_list":["post-14809","post","type-post","status-publish","format-standard","has-post-thumbnail","hentry","category-articles-de-presse","tag-bce","tag-economie","tag-europe","tag-inflation"],"yoast_head":"<!-- This site is optimized with the Yoast SEO plugin v27.5 - https:\/\/yoast.com\/product\/yoast-seo-wordpress\/ -->\n<title>La BCE peut-elle changer la donne ? - Gold.fr<\/title>\n<meta name=\"robots\" content=\"index, follow, max-snippet:-1, max-image-preview:large, max-video-preview:-1\" \/>\n<link rel=\"canonical\" href=\"https:\/\/www.gold.fr\/news\/2014\/06\/04\/la-bce-peut-elle-changer-la-donne\/\" \/>\n<meta property=\"og:locale\" content=\"fr_FR\" \/>\n<meta property=\"og:type\" content=\"article\" \/>\n<meta property=\"og:title\" content=\"La BCE peut-elle changer la donne ? - Gold.fr\" \/>\n<meta property=\"og:description\" content=\"Avec les r\u00e9centes \u00e9volutions (parfois euphoriques et globalement instables) des march\u00e9s \u00e9conomiques mondiaux, les \u00e9v\u00e9nements jug\u00e9s \u2018majeurs\u2019, pr\u00e9vus dans le calendrier \u00e9conomique am\u00e9ricain et\/ou europ\u00e9en attirent actuellement une attention particuli\u00e8rement intense, dans l\u2019espoir d\u2019y d\u00e9celer une [&hellip;]\" \/>\n<meta property=\"og:url\" content=\"https:\/\/www.gold.fr\/news\/2014\/06\/04\/la-bce-peut-elle-changer-la-donne\/\" \/>\n<meta property=\"og:site_name\" content=\"Gold.fr\" \/>\n<meta property=\"article:publisher\" content=\"https:\/\/www.facebook.com\/Goldfr\/\" \/>\n<meta property=\"article:published_time\" content=\"2014-06-04T07:00:57+00:00\" \/>\n<meta property=\"article:modified_time\" content=\"2017-11-02T10:31:46+00:00\" \/>\n<meta property=\"og:image\" content=\"https:\/\/www.gold.fr\/news\/wp-content\/uploads\/2012\/05\/cours-de-l-or1.jpg\" \/>\n\t<meta property=\"og:image:width\" content=\"602\" \/>\n\t<meta property=\"og:image:height\" content=\"399\" \/>\n\t<meta property=\"og:image:type\" content=\"image\/jpeg\" \/>\n<meta name=\"author\" content=\"Comptoir National de l&#039;Or\" \/>\n<meta name=\"twitter:card\" content=\"summary_large_image\" \/>\n<meta name=\"twitter:label1\" content=\"\u00c9crit par\" \/>\n\t<meta name=\"twitter:data1\" content=\"Comptoir National de l&#039;Or\" \/>\n\t<meta name=\"twitter:label2\" content=\"Dur\u00e9e de lecture estim\u00e9e\" \/>\n\t<meta name=\"twitter:data2\" content=\"1 minute\" \/>\n<script type=\"application\/ld+json\" class=\"yoast-schema-graph\">{\"@context\":\"https:\\\/\\\/schema.org\",\"@graph\":[{\"@type\":\"Article\",\"@id\":\"https:\\\/\\\/www.gold.fr\\\/news\\\/2014\\\/06\\\/04\\\/la-bce-peut-elle-changer-la-donne\\\/#article\",\"isPartOf\":{\"@id\":\"https:\\\/\\\/www.gold.fr\\\/news\\\/2014\\\/06\\\/04\\\/la-bce-peut-elle-changer-la-donne\\\/\"},\"author\":{\"name\":\"Comptoir National de l'Or\",\"@id\":\"https:\\\/\\\/www.gold.fr\\\/news\\\/#\\\/schema\\\/person\\\/070491b4b4fb7671bf59b3be20302ce9\"},\"headline\":\"La BCE peut-elle changer la donne ?\",\"datePublished\":\"2014-06-04T07:00:57+00:00\",\"dateModified\":\"2017-11-02T10:31:46+00:00\",\"mainEntityOfPage\":{\"@id\":\"https:\\\/\\\/www.gold.fr\\\/news\\\/2014\\\/06\\\/04\\\/la-bce-peut-elle-changer-la-donne\\\/\"},\"wordCount\":273,\"commentCount\":0,\"image\":{\"@id\":\"https:\\\/\\\/www.gold.fr\\\/news\\\/2014\\\/06\\\/04\\\/la-bce-peut-elle-changer-la-donne\\\/#primaryimage\"},\"thumbnailUrl\":\"https:\\\/\\\/www.gold.fr\\\/news\\\/wp-content\\\/uploads\\\/2012\\\/05\\\/cours-de-l-or1.jpg\",\"keywords\":[\"bce\",\"\u00e9conomie\",\"europe\",\"inflation\"],\"articleSection\":[\"Articles de presse\"],\"inLanguage\":\"fr-FR\"},{\"@type\":\"WebPage\",\"@id\":\"https:\\\/\\\/www.gold.fr\\\/news\\\/2014\\\/06\\\/04\\\/la-bce-peut-elle-changer-la-donne\\\/\",\"url\":\"https:\\\/\\\/www.gold.fr\\\/news\\\/2014\\\/06\\\/04\\\/la-bce-peut-elle-changer-la-donne\\\/\",\"name\":\"La BCE peut-elle changer la donne ? - Gold.fr\",\"isPartOf\":{\"@id\":\"https:\\\/\\\/www.gold.fr\\\/news\\\/#website\"},\"primaryImageOfPage\":{\"@id\":\"https:\\\/\\\/www.gold.fr\\\/news\\\/2014\\\/06\\\/04\\\/la-bce-peut-elle-changer-la-donne\\\/#primaryimage\"},\"image\":{\"@id\":\"https:\\\/\\\/www.gold.fr\\\/news\\\/2014\\\/06\\\/04\\\/la-bce-peut-elle-changer-la-donne\\\/#primaryimage\"},\"thumbnailUrl\":\"https:\\\/\\\/www.gold.fr\\\/news\\\/wp-content\\\/uploads\\\/2012\\\/05\\\/cours-de-l-or1.jpg\",\"datePublished\":\"2014-06-04T07:00:57+00:00\",\"dateModified\":\"2017-11-02T10:31:46+00:00\",\"author\":{\"@id\":\"https:\\\/\\\/www.gold.fr\\\/news\\\/#\\\/schema\\\/person\\\/070491b4b4fb7671bf59b3be20302ce9\"},\"breadcrumb\":{\"@id\":\"https:\\\/\\\/www.gold.fr\\\/news\\\/2014\\\/06\\\/04\\\/la-bce-peut-elle-changer-la-donne\\\/#breadcrumb\"},\"inLanguage\":\"fr-FR\",\"potentialAction\":[{\"@type\":\"ReadAction\",\"target\":[\"https:\\\/\\\/www.gold.fr\\\/news\\\/2014\\\/06\\\/04\\\/la-bce-peut-elle-changer-la-donne\\\/\"]}]},{\"@type\":\"ImageObject\",\"inLanguage\":\"fr-FR\",\"@id\":\"https:\\\/\\\/www.gold.fr\\\/news\\\/2014\\\/06\\\/04\\\/la-bce-peut-elle-changer-la-donne\\\/#primaryimage\",\"url\":\"https:\\\/\\\/www.gold.fr\\\/news\\\/wp-content\\\/uploads\\\/2012\\\/05\\\/cours-de-l-or1.jpg\",\"contentUrl\":\"https:\\\/\\\/www.gold.fr\\\/news\\\/wp-content\\\/uploads\\\/2012\\\/05\\\/cours-de-l-or1.jpg\",\"width\":\"602\",\"height\":\"399\",\"caption\":\"Cours de l\u2019once : entre r\u00e9alisations et pr\u00e9visions\"},{\"@type\":\"BreadcrumbList\",\"@id\":\"https:\\\/\\\/www.gold.fr\\\/news\\\/2014\\\/06\\\/04\\\/la-bce-peut-elle-changer-la-donne\\\/#breadcrumb\",\"itemListElement\":[{\"@type\":\"ListItem\",\"position\":1,\"name\":\"Accueil\",\"item\":\"https:\\\/\\\/www.gold.fr\\\/\"},{\"@type\":\"ListItem\",\"position\":2,\"name\":\"Actualit\u00e9s\",\"item\":\"https:\\\/\\\/www.gold.fr\\\/news\\\/\"},{\"@type\":\"ListItem\",\"position\":3,\"name\":\"La BCE peut-elle changer la donne ?\"}]},{\"@type\":\"WebSite\",\"@id\":\"https:\\\/\\\/www.gold.fr\\\/news\\\/#website\",\"url\":\"https:\\\/\\\/www.gold.fr\\\/news\\\/\",\"name\":\"Gold.fr\",\"description\":\"Actualit\u00e9s de l&#039;Or et des m\u00e9taux pr\u00e9cieux\",\"potentialAction\":[{\"@type\":\"SearchAction\",\"target\":{\"@type\":\"EntryPoint\",\"urlTemplate\":\"https:\\\/\\\/www.gold.fr\\\/news\\\/?s={search_term_string}\"},\"query-input\":{\"@type\":\"PropertyValueSpecification\",\"valueRequired\":true,\"valueName\":\"search_term_string\"}}],\"inLanguage\":\"fr-FR\"},{\"@type\":\"Person\",\"@id\":\"https:\\\/\\\/www.gold.fr\\\/news\\\/#\\\/schema\\\/person\\\/070491b4b4fb7671bf59b3be20302ce9\",\"name\":\"Comptoir National de l'Or\",\"image\":{\"@type\":\"ImageObject\",\"inLanguage\":\"fr-FR\",\"@id\":\"https:\\\/\\\/secure.gravatar.com\\\/avatar\\\/0a2867fd5abe37bed95d5a65e9d58f01756e11efc68af9888dfc50cfa7f65948?s=96&d=mm&r=gb490554db0a38188709de567aa58480d\",\"url\":\"https:\\\/\\\/secure.gravatar.com\\\/avatar\\\/0a2867fd5abe37bed95d5a65e9d58f01756e11efc68af9888dfc50cfa7f65948?s=96&d=mm&r=g\",\"contentUrl\":\"https:\\\/\\\/secure.gravatar.com\\\/avatar\\\/0a2867fd5abe37bed95d5a65e9d58f01756e11efc68af9888dfc50cfa7f65948?s=96&d=mm&r=g\",\"caption\":\"Comptoir National de l'Or\"},\"description\":\"Notre r\u00e9daction est constitu\u00e9e de membres experts dans les m\u00e9tiers de l'\u00e9conomie et la gestion, des Responsables d'agence Comptoir National de l'Or, des analystes financiers qui publient r\u00e9guli\u00e8rement des \u00e9tudes sur les politiques des banques centrales, le cours de l'or, prix de l'or, cours de l'argent, prix de l'argent, cours du platine, cours du palladium,... la situation en zone euro et l'impact de la strat\u00e9gie mon\u00e9taire de la FED. Notre \u00e9quipe scrute \u00e9galement une information plus g\u00e9n\u00e9raliste \u00e0 la recherche d'actualit\u00e9 \\\"p\u00e9pite\\\" \u00e0 vous partager. Depuis 5 ans, nous avons publi\u00e9 un peu plus de 4000 articles qui s'adressent \u00e0 un public large et vari\u00e9 ayant pour objectif de satisfaire votre curiosit\u00e9 et de partager avec vous une certaine fascination pour le m\u00e9tal jaune, le rachat d'or, et pour ceux qui veulent investir dans l'or, vendre leur or tout simplement en savoir plus... Pour tous vos achat or et argent, n'h\u00e9sitez pas \u00e0 prendre rendez-vous dans l'un de nos nombreux comptoirs.\",\"sameAs\":[\"https:\\\/\\\/www.gold.fr\"]}]}<\/script>\n<!-- \/ Yoast SEO plugin. -->","yoast_head_json":{"title":"La BCE peut-elle changer la donne ? - Gold.fr","robots":{"index":"index","follow":"follow","max-snippet":"max-snippet:-1","max-image-preview":"max-image-preview:large","max-video-preview":"max-video-preview:-1"},"canonical":"https:\/\/www.gold.fr\/news\/2014\/06\/04\/la-bce-peut-elle-changer-la-donne\/","og_locale":"fr_FR","og_type":"article","og_title":"La BCE peut-elle changer la donne ? - Gold.fr","og_description":"Avec les r\u00e9centes \u00e9volutions (parfois euphoriques et globalement instables) des march\u00e9s \u00e9conomiques mondiaux, les \u00e9v\u00e9nements jug\u00e9s \u2018majeurs\u2019, pr\u00e9vus dans le calendrier \u00e9conomique am\u00e9ricain et\/ou europ\u00e9en attirent actuellement une attention particuli\u00e8rement intense, dans l\u2019espoir d\u2019y d\u00e9celer une [&hellip;]","og_url":"https:\/\/www.gold.fr\/news\/2014\/06\/04\/la-bce-peut-elle-changer-la-donne\/","og_site_name":"Gold.fr","article_publisher":"https:\/\/www.facebook.com\/Goldfr\/","article_published_time":"2014-06-04T07:00:57+00:00","article_modified_time":"2017-11-02T10:31:46+00:00","og_image":[{"width":602,"height":399,"url":"https:\/\/www.gold.fr\/news\/wp-content\/uploads\/2012\/05\/cours-de-l-or1.jpg","type":"image\/jpeg"}],"author":"Comptoir National de l'Or","twitter_card":"summary_large_image","twitter_misc":{"\u00c9crit par":"Comptoir National de l'Or","Dur\u00e9e de lecture estim\u00e9e":"1 minute"},"schema":{"@context":"https:\/\/schema.org","@graph":[{"@type":"Article","@id":"https:\/\/www.gold.fr\/news\/2014\/06\/04\/la-bce-peut-elle-changer-la-donne\/#article","isPartOf":{"@id":"https:\/\/www.gold.fr\/news\/2014\/06\/04\/la-bce-peut-elle-changer-la-donne\/"},"author":{"name":"Comptoir National de l'Or","@id":"https:\/\/www.gold.fr\/news\/#\/schema\/person\/070491b4b4fb7671bf59b3be20302ce9"},"headline":"La BCE peut-elle changer la donne ?","datePublished":"2014-06-04T07:00:57+00:00","dateModified":"2017-11-02T10:31:46+00:00","mainEntityOfPage":{"@id":"https:\/\/www.gold.fr\/news\/2014\/06\/04\/la-bce-peut-elle-changer-la-donne\/"},"wordCount":273,"commentCount":0,"image":{"@id":"https:\/\/www.gold.fr\/news\/2014\/06\/04\/la-bce-peut-elle-changer-la-donne\/#primaryimage"},"thumbnailUrl":"https:\/\/www.gold.fr\/news\/wp-content\/uploads\/2012\/05\/cours-de-l-or1.jpg","keywords":["bce","\u00e9conomie","europe","inflation"],"articleSection":["Articles de presse"],"inLanguage":"fr-FR"},{"@type":"WebPage","@id":"https:\/\/www.gold.fr\/news\/2014\/06\/04\/la-bce-peut-elle-changer-la-donne\/","url":"https:\/\/www.gold.fr\/news\/2014\/06\/04\/la-bce-peut-elle-changer-la-donne\/","name":"La BCE peut-elle changer la donne ? - Gold.fr","isPartOf":{"@id":"https:\/\/www.gold.fr\/news\/#website"},"primaryImageOfPage":{"@id":"https:\/\/www.gold.fr\/news\/2014\/06\/04\/la-bce-peut-elle-changer-la-donne\/#primaryimage"},"image":{"@id":"https:\/\/www.gold.fr\/news\/2014\/06\/04\/la-bce-peut-elle-changer-la-donne\/#primaryimage"},"thumbnailUrl":"https:\/\/www.gold.fr\/news\/wp-content\/uploads\/2012\/05\/cours-de-l-or1.jpg","datePublished":"2014-06-04T07:00:57+00:00","dateModified":"2017-11-02T10:31:46+00:00","author":{"@id":"https:\/\/www.gold.fr\/news\/#\/schema\/person\/070491b4b4fb7671bf59b3be20302ce9"},"breadcrumb":{"@id":"https:\/\/www.gold.fr\/news\/2014\/06\/04\/la-bce-peut-elle-changer-la-donne\/#breadcrumb"},"inLanguage":"fr-FR","potentialAction":[{"@type":"ReadAction","target":["https:\/\/www.gold.fr\/news\/2014\/06\/04\/la-bce-peut-elle-changer-la-donne\/"]}]},{"@type":"ImageObject","inLanguage":"fr-FR","@id":"https:\/\/www.gold.fr\/news\/2014\/06\/04\/la-bce-peut-elle-changer-la-donne\/#primaryimage","url":"https:\/\/www.gold.fr\/news\/wp-content\/uploads\/2012\/05\/cours-de-l-or1.jpg","contentUrl":"https:\/\/www.gold.fr\/news\/wp-content\/uploads\/2012\/05\/cours-de-l-or1.jpg","width":"602","height":"399","caption":"Cours de l\u2019once : entre r\u00e9alisations et pr\u00e9visions"},{"@type":"BreadcrumbList","@id":"https:\/\/www.gold.fr\/news\/2014\/06\/04\/la-bce-peut-elle-changer-la-donne\/#breadcrumb","itemListElement":[{"@type":"ListItem","position":1,"name":"Accueil","item":"https:\/\/www.gold.fr\/"},{"@type":"ListItem","position":2,"name":"Actualit\u00e9s","item":"https:\/\/www.gold.fr\/news\/"},{"@type":"ListItem","position":3,"name":"La BCE peut-elle changer la donne ?"}]},{"@type":"WebSite","@id":"https:\/\/www.gold.fr\/news\/#website","url":"https:\/\/www.gold.fr\/news\/","name":"Gold.fr","description":"Actualit\u00e9s de l&#039;Or et des m\u00e9taux pr\u00e9cieux","potentialAction":[{"@type":"SearchAction","target":{"@type":"EntryPoint","urlTemplate":"https:\/\/www.gold.fr\/news\/?s={search_term_string}"},"query-input":{"@type":"PropertyValueSpecification","valueRequired":true,"valueName":"search_term_string"}}],"inLanguage":"fr-FR"},{"@type":"Person","@id":"https:\/\/www.gold.fr\/news\/#\/schema\/person\/070491b4b4fb7671bf59b3be20302ce9","name":"Comptoir National de l'Or","image":{"@type":"ImageObject","inLanguage":"fr-FR","@id":"https:\/\/secure.gravatar.com\/avatar\/0a2867fd5abe37bed95d5a65e9d58f01756e11efc68af9888dfc50cfa7f65948?s=96&d=mm&r=gb490554db0a38188709de567aa58480d","url":"https:\/\/secure.gravatar.com\/avatar\/0a2867fd5abe37bed95d5a65e9d58f01756e11efc68af9888dfc50cfa7f65948?s=96&d=mm&r=g","contentUrl":"https:\/\/secure.gravatar.com\/avatar\/0a2867fd5abe37bed95d5a65e9d58f01756e11efc68af9888dfc50cfa7f65948?s=96&d=mm&r=g","caption":"Comptoir National de l'Or"},"description":"Notre r\u00e9daction est constitu\u00e9e de membres experts dans les m\u00e9tiers de l'\u00e9conomie et la gestion, des Responsables d'agence Comptoir National de l'Or, des analystes financiers qui publient r\u00e9guli\u00e8rement des \u00e9tudes sur les politiques des banques centrales, le cours de l'or, prix de l'or, cours de l'argent, prix de l'argent, cours du platine, cours du palladium,... la situation en zone euro et l'impact de la strat\u00e9gie mon\u00e9taire de la FED. Notre \u00e9quipe scrute \u00e9galement une information plus g\u00e9n\u00e9raliste \u00e0 la recherche d'actualit\u00e9 \"p\u00e9pite\" \u00e0 vous partager. Depuis 5 ans, nous avons publi\u00e9 un peu plus de 4000 articles qui s'adressent \u00e0 un public large et vari\u00e9 ayant pour objectif de satisfaire votre curiosit\u00e9 et de partager avec vous une certaine fascination pour le m\u00e9tal jaune, le rachat d'or, et pour ceux qui veulent investir dans l'or, vendre leur or tout simplement en savoir plus... Pour tous vos achat or et argent, n'h\u00e9sitez pas \u00e0 prendre rendez-vous dans l'un de nos nombreux comptoirs.","sameAs":["https:\/\/www.gold.fr"]}]}},"authors":[{"term_id":2565,"user_id":18,"is_guest":0,"slug":"julie","display_name":"Comptoir National de l'Or","avatar_url":"https:\/\/secure.gravatar.com\/avatar\/713f289e398d35ead876c4a4cc08607f0d6d266058cfc25683fffb6092d0e572?s=96&d=mm&r=g","0":null,"1":"","2":"","3":"","4":"","5":"","6":"","7":"","8":""}],"_links":{"self":[{"href":"https:\/\/www.gold.fr\/news\/wp-json\/wp\/v2\/posts\/14809","targetHints":{"allow":["GET"]}}],"collection":[{"href":"https:\/\/www.gold.fr\/news\/wp-json\/wp\/v2\/posts"}],"about":[{"href":"https:\/\/www.gold.fr\/news\/wp-json\/wp\/v2\/types\/post"}],"author":[{"embeddable":true,"href":"https:\/\/www.gold.fr\/news\/wp-json\/wp\/v2\/users\/18"}],"replies":[{"embeddable":true,"href":"https:\/\/www.gold.fr\/news\/wp-json\/wp\/v2\/comments?post=14809"}],"version-history":[{"count":0,"href":"https:\/\/www.gold.fr\/news\/wp-json\/wp\/v2\/posts\/14809\/revisions"}],"wp:featuredmedia":[{"embeddable":true,"href":"https:\/\/www.gold.fr\/news\/wp-json\/wp\/v2\/media\/7530"}],"wp:attachment":[{"href":"https:\/\/www.gold.fr\/news\/wp-json\/wp\/v2\/media?parent=14809"}],"wp:term":[{"taxonomy":"category","embeddable":true,"href":"https:\/\/www.gold.fr\/news\/wp-json\/wp\/v2\/categories?post=14809"},{"taxonomy":"post_tag","embeddable":true,"href":"https:\/\/www.gold.fr\/news\/wp-json\/wp\/v2\/tags?post=14809"},{"taxonomy":"author","embeddable":true,"href":"https:\/\/www.gold.fr\/news\/wp-json\/wp\/v2\/ppma_author?post=14809"}],"curies":[{"name":"wp","href":"https:\/\/api.w.org\/{rel}","templated":true}]}}